{"id":79633,"date":"2024-11-22T18:00:48","date_gmt":"2024-11-22T17:00:48","guid":{"rendered":"https:\/\/mont-roig.cat\/actualitat\/noticies\/el-servei-provincial-de-costes-recepciona-avui-les-obres-del-passeig-de-les-cales-de-miami-platja\/"},"modified":"2024-11-22T18:09:17","modified_gmt":"2024-11-22T17:09:17","slug":"el-servicio-provincial-de-costas-recepciona-hoy-las-obras-del-paseo-de-las-calas-de-miami-platja","status":"publish","type":"post","link":"https:\/\/mont-roig.cat\/es\/actualitat\/noticies\/el-servicio-provincial-de-costas-recepciona-hoy-las-obras-del-paseo-de-las-calas-de-miami-platja\/","title":{"rendered":"El Servicio Provincial de Costas recepciona hoy las obras del Paseo de las Calas de Miami Platja"},"content":{"rendered":"<div id=\"attachment_79628\" style=\"width: 313px\" class=\"wp-caption alignright\"><a href=\"https:\/\/mont-roig.cat\/wp-content\/uploads\/Cales-miami.jpeg\" target=\"_blank\" rel=\"noopener\"><img loading=\"lazy\" decoding=\"async\" aria-describedby=\"caption-attachment-79628\" class=\"wp-image-79628\" src=\"https:\/\/mont-roig.cat\/wp-content\/uploads\/Cales-miami-500x375.jpeg\" alt=\"\" width=\"303\" height=\"227\" srcset=\"https:\/\/mont-roig.cat\/wp-content\/uploads\/Cales-miami-500x375.jpeg 500w, https:\/\/mont-roig.cat\/wp-content\/uploads\/Cales-miami-1024x768.jpeg 1024w, https:\/\/mont-roig.cat\/wp-content\/uploads\/Cales-miami-768x576.jpeg 768w, https:\/\/mont-roig.cat\/wp-content\/uploads\/Cales-miami-1536x1152.jpeg 1536w, https:\/\/mont-roig.cat\/wp-content\/uploads\/Cales-miami-463x348.jpeg 463w, https:\/\/mont-roig.cat\/wp-content\/uploads\/Cales-miami.jpeg 1600w\" sizes=\"auto, (max-width: 303px) 100vw, 303px\" \/><\/a><p id=\"caption-attachment-79628\" class=\"wp-caption-text\">Vista del nuevo Paseo de les Calas de Miami Platja, esta ma\u00f1ana.<\/p><\/div>\n<ul>\n<li><strong>El Ayuntamiento celebra la finalizaci\u00f3n de los trabajos y la apertura definitiva del nuevo espacio, pero se compromete a exigir la mejora de algunos aspectos pendientes.<\/strong><\/li>\n<\/ul>\n<p>Despu\u00e9s de unas semanas de retrasos causados por los da\u00f1os del \u00faltimo temporal, el Ministerio para la Transici\u00f3n Ecol\u00f3gica, a trav\u00e9s del Servicio Provincial de Costas, ha recepcionado este viernes 22 de noviembre las obras del Paseo de las Calas. Este proyecto, largamente reivindicado, que comenz\u00f3 a construirse en septiembre de 2023, marca un antes y un despu\u00e9s para Miami Platja, aunque a\u00fan quedan aspectos por ajustar para completar su plena funcionalidad. Por este motivo, el Ayuntamiento de Mont-roig del Camp ha realizado un seguimiento detallado y ha presentado a Costas una lista con los puntos a mejorar, exigiendo su arreglo para que el paseo alcance los m\u00e1ximos est\u00e1ndares de calidad y confort para vecinos y visitantes. A pesar de ello, el consistorio de Mont-roig celebra la finalizaci\u00f3n de los trabajos y el hecho de que las problem\u00e1ticas derivadas de la obra ya hayan quedado resueltas.<\/p>\n<p><strong>Un espacio para conectar con el mar<\/strong><\/p>\n<p>El nuevo Paseo de las Calas, que abarca m\u00e1s de 3.100 metros de costa, se extiende desde la Cala dels \u00c0ngels hasta la Cala dels Penyals y ofrece un espacio \u00fanico para pasear, practicar deporte o disfrutar del paisaje natural. Las obras han transformado este entorno en un paseo para peatones, permitiendo solo el acceso a los veh\u00edculos de residentes, servicios municipales y emergencias, en l\u00ednea con criterios de sostenibilidad y respeto por el medio ambiente.<\/p>\n<p>El proyecto tambi\u00e9n incluye miradores, zonas de recreo, nuevo mobiliario urbano con p\u00e9rgolas, gradas, fuentes, bancos y espacios para aparcar bicicletas, que refuerzan la identidad del paseo.<\/p>\n<p>Este espacio quiere convertirse en un punto de encuentro para los residentes y un polo de atracci\u00f3n tur\u00edstica, poniendo en valor las calas y el entorno natural \u00fanico de Miami Platja.<\/p>\n<p><strong>Una reivindicaci\u00f3n hist\u00f3rica hecha realidad<\/strong><\/p>\n<p>El Paseo de las Calas es el resultado de una reivindicaci\u00f3n hist\u00f3rica de m\u00e1s de 20 a\u00f1os. Ya en 2010, el estudio Capella Garc\u00eda Arquitectura dise\u00f1\u00f3 el proyecto original, que ahora ha servido de base para esta transformaci\u00f3n. Con una inversi\u00f3n de m\u00e1s de 10 millones de euros, la remodelaci\u00f3n supone un paso adelante para equiparar esta zona con otros municipios del litoral y proteger su valor paisaj\u00edstico.<\/p>\n<p>A pesar de los meses de retraso en la apertura, el Ayuntamiento destaca el impacto positivo de este proyecto y invita a la ciudadan\u00eda a disfrutar de este espacio renovado, que ya forma parte del patrimonio del municipio.<\/p>\n","protected":false},"excerpt":{"rendered":"<p>El Ayuntamiento celebra la finalizaci\u00f3n de los trabajos y la apertura definitiva del nuevo espacio, pero se compromete a exigir la mejora de algunos aspectos pendientes. Despu\u00e9s de unas semanas de retrasos causados por los da\u00f1os del \u00faltimo temporal, el Ministerio para la Transici\u00f3n Ecol\u00f3gica, a trav\u00e9s del Servicio Provincial de Costas, ha recepcionado este [&hellip;]<\/p>\n","protected":false},"author":13,"featured_media":79629,"comment_status":"closed","ping_status":"closed","sticky":false,"template":"","format":"standard","meta":{"inline_featured_image":false,"_monsterinsights_skip_tracking":false,"_monsterinsights_sitenote_active":false,"_monsterinsights_sitenote_note":"","_monsterinsights_sitenote_category":0,"footnotes":""},"categories":[156,98,236,235],"tags":[],"class_list":["post-79633","post","type-post","status-publish","format-standard","has-post-thumbnail","hentry","category-alcalde-es","category-ayuntamiento","category-obras","category-obras-paseo-calas"],"yoast_head":"<!-- This site is optimized with the Yoast SEO plugin v27.4 - https:\/\/yoast.com\/product\/yoast-seo-wordpress\/ -->\n<title>El Servicio Provincial de Costas recepciona hoy las obras del Paseo de las Calas de Miami Platja - Ajuntament de Mont-roig del Camp<\/title>\n<meta name=\"robots\" content=\"index, follow, max-snippet:-1, max-image-preview:large, max-video-preview:-1\" \/>\n<link rel=\"canonical\" href=\"https:\/\/mont-roig.cat\/es\/actualitat\/noticies\/el-servicio-provincial-de-costas-recepciona-hoy-las-obras-del-paseo-de-las-calas-de-miami-platja\/\" \/>\n<meta property=\"og:locale\" content=\"es_ES\" \/>\n<meta property=\"og:type\" content=\"article\" \/>\n<meta property=\"og:title\" content=\"El Servicio Provincial de Costas recepciona hoy las obras del Paseo de las Calas de Miami Platja - Ajuntament de Mont-roig del Camp\" \/>\n<meta property=\"og:description\" content=\"El Ayuntamiento celebra la finalizaci\u00f3n de los trabajos y la apertura definitiva del nuevo espacio, pero se compromete a exigir la mejora de algunos aspectos pendientes. Despu\u00e9s de unas semanas de retrasos causados por los da\u00f1os del \u00faltimo temporal, el Ministerio para la Transici\u00f3n Ecol\u00f3gica, a trav\u00e9s del Servicio Provincial de Costas, ha recepcionado este [&hellip;]\" \/>\n<meta property=\"og:url\" content=\"https:\/\/mont-roig.cat\/es\/actualitat\/noticies\/el-servicio-provincial-de-costas-recepciona-hoy-las-obras-del-paseo-de-las-calas-de-miami-platja\/\" \/>\n<meta property=\"og:site_name\" content=\"Ajuntament de Mont-roig del Camp\" \/>\n<meta property=\"article:published_time\" content=\"2024-11-22T17:00:48+00:00\" \/>\n<meta property=\"article:modified_time\" content=\"2024-11-22T17:09:17+00:00\" \/>\n<meta property=\"og:image\" content=\"https:\/\/mont-roig.cat\/wp-content\/uploads\/Cales-miami.jpeg\" \/>\n\t<meta property=\"og:image:width\" content=\"1600\" \/>\n\t<meta property=\"og:image:height\" content=\"1200\" \/>\n\t<meta property=\"og:image:type\" content=\"image\/jpeg\" \/>\n<meta name=\"author\" content=\"comunicacio\" \/>\n<meta name=\"twitter:card\" content=\"summary_large_image\" \/>\n<meta name=\"twitter:label1\" content=\"Escrito por\" \/>\n\t<meta name=\"twitter:data1\" content=\"comunicacio\" \/>\n\t<meta name=\"twitter:label2\" content=\"Tiempo de lectura\" \/>\n\t<meta name=\"twitter:data2\" content=\"3 minutos\" \/>\n<script type=\"application\/ld+json\" class=\"yoast-schema-graph\">{\"@context\":\"https:\\\/\\\/schema.org\",\"@graph\":[{\"@type\":\"Article\",\"@id\":\"https:\\\/\\\/mont-roig.cat\\\/es\\\/actualitat\\\/noticies\\\/el-servicio-provincial-de-costas-recepciona-hoy-las-obras-del-paseo-de-las-calas-de-miami-platja\\\/#article\",\"isPartOf\":{\"@id\":\"https:\\\/\\\/mont-roig.cat\\\/es\\\/actualitat\\\/noticies\\\/el-servicio-provincial-de-costas-recepciona-hoy-las-obras-del-paseo-de-las-calas-de-miami-platja\\\/\"},\"author\":{\"name\":\"comunicacio\",\"@id\":\"https:\\\/\\\/mont-roig.cat\\\/es\\\/#\\\/schema\\\/person\\\/1f73e7b5e6f9dd122e8a6f14f310ac5e\"},\"headline\":\"El Servicio Provincial de Costas recepciona hoy las obras del Paseo de las Calas de Miami Platja\",\"datePublished\":\"2024-11-22T17:00:48+00:00\",\"dateModified\":\"2024-11-22T17:09:17+00:00\",\"mainEntityOfPage\":{\"@id\":\"https:\\\/\\\/mont-roig.cat\\\/es\\\/actualitat\\\/noticies\\\/el-servicio-provincial-de-costas-recepciona-hoy-las-obras-del-paseo-de-las-calas-de-miami-platja\\\/\"},\"wordCount\":487,\"image\":{\"@id\":\"https:\\\/\\\/mont-roig.cat\\\/es\\\/actualitat\\\/noticies\\\/el-servicio-provincial-de-costas-recepciona-hoy-las-obras-del-paseo-de-las-calas-de-miami-platja\\\/#primaryimage\"},\"thumbnailUrl\":\"https:\\\/\\\/mont-roig.cat\\\/wp-content\\\/uploads\\\/Cales-miami.jpeg\",\"articleSection\":[\"Alcalde\",\"Ayuntamiento\",\"Obras\",\"Obras Paseo Calas\"],\"inLanguage\":\"es\"},{\"@type\":\"WebPage\",\"@id\":\"https:\\\/\\\/mont-roig.cat\\\/es\\\/actualitat\\\/noticies\\\/el-servicio-provincial-de-costas-recepciona-hoy-las-obras-del-paseo-de-las-calas-de-miami-platja\\\/\",\"url\":\"https:\\\/\\\/mont-roig.cat\\\/es\\\/actualitat\\\/noticies\\\/el-servicio-provincial-de-costas-recepciona-hoy-las-obras-del-paseo-de-las-calas-de-miami-platja\\\/\",\"name\":\"El Servicio Provincial de Costas recepciona hoy las obras del Paseo de las Calas de Miami Platja - Ajuntament de Mont-roig del Camp\",\"isPartOf\":{\"@id\":\"https:\\\/\\\/mont-roig.cat\\\/es\\\/#website\"},\"primaryImageOfPage\":{\"@id\":\"https:\\\/\\\/mont-roig.cat\\\/es\\\/actualitat\\\/noticies\\\/el-servicio-provincial-de-costas-recepciona-hoy-las-obras-del-paseo-de-las-calas-de-miami-platja\\\/#primaryimage\"},\"image\":{\"@id\":\"https:\\\/\\\/mont-roig.cat\\\/es\\\/actualitat\\\/noticies\\\/el-servicio-provincial-de-costas-recepciona-hoy-las-obras-del-paseo-de-las-calas-de-miami-platja\\\/#primaryimage\"},\"thumbnailUrl\":\"https:\\\/\\\/mont-roig.cat\\\/wp-content\\\/uploads\\\/Cales-miami.jpeg\",\"datePublished\":\"2024-11-22T17:00:48+00:00\",\"dateModified\":\"2024-11-22T17:09:17+00:00\",\"author\":{\"@id\":\"https:\\\/\\\/mont-roig.cat\\\/es\\\/#\\\/schema\\\/person\\\/1f73e7b5e6f9dd122e8a6f14f310ac5e\"},\"breadcrumb\":{\"@id\":\"https:\\\/\\\/mont-roig.cat\\\/es\\\/actualitat\\\/noticies\\\/el-servicio-provincial-de-costas-recepciona-hoy-las-obras-del-paseo-de-las-calas-de-miami-platja\\\/#breadcrumb\"},\"inLanguage\":\"es\",\"potentialAction\":[{\"@type\":\"ReadAction\",\"target\":[\"https:\\\/\\\/mont-roig.cat\\\/es\\\/actualitat\\\/noticies\\\/el-servicio-provincial-de-costas-recepciona-hoy-las-obras-del-paseo-de-las-calas-de-miami-platja\\\/\"]}]},{\"@type\":\"ImageObject\",\"inLanguage\":\"es\",\"@id\":\"https:\\\/\\\/mont-roig.cat\\\/es\\\/actualitat\\\/noticies\\\/el-servicio-provincial-de-costas-recepciona-hoy-las-obras-del-paseo-de-las-calas-de-miami-platja\\\/#primaryimage\",\"url\":\"https:\\\/\\\/mont-roig.cat\\\/wp-content\\\/uploads\\\/Cales-miami.jpeg\",\"contentUrl\":\"https:\\\/\\\/mont-roig.cat\\\/wp-content\\\/uploads\\\/Cales-miami.jpeg\",\"width\":1600,\"height\":1200},{\"@type\":\"BreadcrumbList\",\"@id\":\"https:\\\/\\\/mont-roig.cat\\\/es\\\/actualitat\\\/noticies\\\/el-servicio-provincial-de-costas-recepciona-hoy-las-obras-del-paseo-de-las-calas-de-miami-platja\\\/#breadcrumb\",\"itemListElement\":[{\"@type\":\"ListItem\",\"position\":1,\"name\":\"Inici\",\"item\":\"https:\\\/\\\/mont-roig.cat\\\/es\\\/pagina-de-inicio\\\/\"},{\"@type\":\"ListItem\",\"position\":2,\"name\":\"El Servicio Provincial de Costas recepciona hoy las obras del Paseo de las Calas de Miami Platja\"}]},{\"@type\":\"WebSite\",\"@id\":\"https:\\\/\\\/mont-roig.cat\\\/es\\\/#website\",\"url\":\"https:\\\/\\\/mont-roig.cat\\\/es\\\/\",\"name\":\"Ajuntament de Mont-roig del Camp\",\"description\":\"Tota la informaci\u00f3 sobre la instituci\u00f3, els seus \u00f2rgans de govern, actualitat, serveis i molt m\u00e9s.\",\"potentialAction\":[{\"@type\":\"SearchAction\",\"target\":{\"@type\":\"EntryPoint\",\"urlTemplate\":\"https:\\\/\\\/mont-roig.cat\\\/es\\\/?s={search_term_string}\"},\"query-input\":{\"@type\":\"PropertyValueSpecification\",\"valueRequired\":true,\"valueName\":\"search_term_string\"}}],\"inLanguage\":\"es\"},{\"@type\":\"Person\",\"@id\":\"https:\\\/\\\/mont-roig.cat\\\/es\\\/#\\\/schema\\\/person\\\/1f73e7b5e6f9dd122e8a6f14f310ac5e\",\"name\":\"comunicacio\",\"image\":{\"@type\":\"ImageObject\",\"inLanguage\":\"es\",\"@id\":\"https:\\\/\\\/secure.gravatar.com\\\/avatar\\\/98944333e7a877670a64f8d10f0cb680ab2c9ebc4efc43945ef004b52b5ad28c?s=96&d=mm&r=g\",\"url\":\"https:\\\/\\\/secure.gravatar.com\\\/avatar\\\/98944333e7a877670a64f8d10f0cb680ab2c9ebc4efc43945ef004b52b5ad28c?s=96&d=mm&r=g\",\"contentUrl\":\"https:\\\/\\\/secure.gravatar.com\\\/avatar\\\/98944333e7a877670a64f8d10f0cb680ab2c9ebc4efc43945ef004b52b5ad28c?s=96&d=mm&r=g\",\"caption\":\"comunicacio\"},\"url\":\"https:\\\/\\\/mont-roig.cat\\\/es\\\/actualitat\\\/noticies\\\/author\\\/comunicacio\\\/\"}]}<\/script>\n<!-- \/ Yoast SEO plugin. -->","yoast_head_json":{"title":"El Servicio Provincial de Costas recepciona hoy las obras del Paseo de las Calas de Miami Platja - Ajuntament de Mont-roig del Camp","robots":{"index":"index","follow":"follow","max-snippet":"max-snippet:-1","max-image-preview":"max-image-preview:large","max-video-preview":"max-video-preview:-1"},"canonical":"https:\/\/mont-roig.cat\/es\/actualitat\/noticies\/el-servicio-provincial-de-costas-recepciona-hoy-las-obras-del-paseo-de-las-calas-de-miami-platja\/","og_locale":"es_ES","og_type":"article","og_title":"El Servicio Provincial de Costas recepciona hoy las obras del Paseo de las Calas de Miami Platja - Ajuntament de Mont-roig del Camp","og_description":"El Ayuntamiento celebra la finalizaci\u00f3n de los trabajos y la apertura definitiva del nuevo espacio, pero se compromete a exigir la mejora de algunos aspectos pendientes. Despu\u00e9s de unas semanas de retrasos causados por los da\u00f1os del \u00faltimo temporal, el Ministerio para la Transici\u00f3n Ecol\u00f3gica, a trav\u00e9s del Servicio Provincial de Costas, ha recepcionado este [&hellip;]","og_url":"https:\/\/mont-roig.cat\/es\/actualitat\/noticies\/el-servicio-provincial-de-costas-recepciona-hoy-las-obras-del-paseo-de-las-calas-de-miami-platja\/","og_site_name":"Ajuntament de Mont-roig del Camp","article_published_time":"2024-11-22T17:00:48+00:00","article_modified_time":"2024-11-22T17:09:17+00:00","og_image":[{"width":1600,"height":1200,"url":"https:\/\/mont-roig.cat\/wp-content\/uploads\/Cales-miami.jpeg","type":"image\/jpeg"}],"author":"comunicacio","twitter_card":"summary_large_image","twitter_misc":{"Escrito por":"comunicacio","Tiempo de lectura":"3 minutos"},"schema":{"@context":"https:\/\/schema.org","@graph":[{"@type":"Article","@id":"https:\/\/mont-roig.cat\/es\/actualitat\/noticies\/el-servicio-provincial-de-costas-recepciona-hoy-las-obras-del-paseo-de-las-calas-de-miami-platja\/#article","isPartOf":{"@id":"https:\/\/mont-roig.cat\/es\/actualitat\/noticies\/el-servicio-provincial-de-costas-recepciona-hoy-las-obras-del-paseo-de-las-calas-de-miami-platja\/"},"author":{"name":"comunicacio","@id":"https:\/\/mont-roig.cat\/es\/#\/schema\/person\/1f73e7b5e6f9dd122e8a6f14f310ac5e"},"headline":"El Servicio Provincial de Costas recepciona hoy las obras del Paseo de las Calas de Miami Platja","datePublished":"2024-11-22T17:00:48+00:00","dateModified":"2024-11-22T17:09:17+00:00","mainEntityOfPage":{"@id":"https:\/\/mont-roig.cat\/es\/actualitat\/noticies\/el-servicio-provincial-de-costas-recepciona-hoy-las-obras-del-paseo-de-las-calas-de-miami-platja\/"},"wordCount":487,"image":{"@id":"https:\/\/mont-roig.cat\/es\/actualitat\/noticies\/el-servicio-provincial-de-costas-recepciona-hoy-las-obras-del-paseo-de-las-calas-de-miami-platja\/#primaryimage"},"thumbnailUrl":"https:\/\/mont-roig.cat\/wp-content\/uploads\/Cales-miami.jpeg","articleSection":["Alcalde","Ayuntamiento","Obras","Obras Paseo Calas"],"inLanguage":"es"},{"@type":"WebPage","@id":"https:\/\/mont-roig.cat\/es\/actualitat\/noticies\/el-servicio-provincial-de-costas-recepciona-hoy-las-obras-del-paseo-de-las-calas-de-miami-platja\/","url":"https:\/\/mont-roig.cat\/es\/actualitat\/noticies\/el-servicio-provincial-de-costas-recepciona-hoy-las-obras-del-paseo-de-las-calas-de-miami-platja\/","name":"El Servicio Provincial de Costas recepciona hoy las obras del Paseo de las Calas de Miami Platja - Ajuntament de Mont-roig del Camp","isPartOf":{"@id":"https:\/\/mont-roig.cat\/es\/#website"},"primaryImageOfPage":{"@id":"https:\/\/mont-roig.cat\/es\/actualitat\/noticies\/el-servicio-provincial-de-costas-recepciona-hoy-las-obras-del-paseo-de-las-calas-de-miami-platja\/#primaryimage"},"image":{"@id":"https:\/\/mont-roig.cat\/es\/actualitat\/noticies\/el-servicio-provincial-de-costas-recepciona-hoy-las-obras-del-paseo-de-las-calas-de-miami-platja\/#primaryimage"},"thumbnailUrl":"https:\/\/mont-roig.cat\/wp-content\/uploads\/Cales-miami.jpeg","datePublished":"2024-11-22T17:00:48+00:00","dateModified":"2024-11-22T17:09:17+00:00","author":{"@id":"https:\/\/mont-roig.cat\/es\/#\/schema\/person\/1f73e7b5e6f9dd122e8a6f14f310ac5e"},"breadcrumb":{"@id":"https:\/\/mont-roig.cat\/es\/actualitat\/noticies\/el-servicio-provincial-de-costas-recepciona-hoy-las-obras-del-paseo-de-las-calas-de-miami-platja\/#breadcrumb"},"inLanguage":"es","potentialAction":[{"@type":"ReadAction","target":["https:\/\/mont-roig.cat\/es\/actualitat\/noticies\/el-servicio-provincial-de-costas-recepciona-hoy-las-obras-del-paseo-de-las-calas-de-miami-platja\/"]}]},{"@type":"ImageObject","inLanguage":"es","@id":"https:\/\/mont-roig.cat\/es\/actualitat\/noticies\/el-servicio-provincial-de-costas-recepciona-hoy-las-obras-del-paseo-de-las-calas-de-miami-platja\/#primaryimage","url":"https:\/\/mont-roig.cat\/wp-content\/uploads\/Cales-miami.jpeg","contentUrl":"https:\/\/mont-roig.cat\/wp-content\/uploads\/Cales-miami.jpeg","width":1600,"height":1200},{"@type":"BreadcrumbList","@id":"https:\/\/mont-roig.cat\/es\/actualitat\/noticies\/el-servicio-provincial-de-costas-recepciona-hoy-las-obras-del-paseo-de-las-calas-de-miami-platja\/#breadcrumb","itemListElement":[{"@type":"ListItem","position":1,"name":"Inici","item":"https:\/\/mont-roig.cat\/es\/pagina-de-inicio\/"},{"@type":"ListItem","position":2,"name":"El Servicio Provincial de Costas recepciona hoy las obras del Paseo de las Calas de Miami Platja"}]},{"@type":"WebSite","@id":"https:\/\/mont-roig.cat\/es\/#website","url":"https:\/\/mont-roig.cat\/es\/","name":"Ajuntament de Mont-roig del Camp","description":"Tota la informaci\u00f3 sobre la instituci\u00f3, els seus \u00f2rgans de govern, actualitat, serveis i molt m\u00e9s.","potentialAction":[{"@type":"SearchAction","target":{"@type":"EntryPoint","urlTemplate":"https:\/\/mont-roig.cat\/es\/?s={search_term_string}"},"query-input":{"@type":"PropertyValueSpecification","valueRequired":true,"valueName":"search_term_string"}}],"inLanguage":"es"},{"@type":"Person","@id":"https:\/\/mont-roig.cat\/es\/#\/schema\/person\/1f73e7b5e6f9dd122e8a6f14f310ac5e","name":"comunicacio","image":{"@type":"ImageObject","inLanguage":"es","@id":"https:\/\/secure.gravatar.com\/avatar\/98944333e7a877670a64f8d10f0cb680ab2c9ebc4efc43945ef004b52b5ad28c?s=96&d=mm&r=g","url":"https:\/\/secure.gravatar.com\/avatar\/98944333e7a877670a64f8d10f0cb680ab2c9ebc4efc43945ef004b52b5ad28c?s=96&d=mm&r=g","contentUrl":"https:\/\/secure.gravatar.com\/avatar\/98944333e7a877670a64f8d10f0cb680ab2c9ebc4efc43945ef004b52b5ad28c?s=96&d=mm&r=g","caption":"comunicacio"},"url":"https:\/\/mont-roig.cat\/es\/actualitat\/noticies\/author\/comunicacio\/"}]}},"_links":{"self":[{"href":"https:\/\/mont-roig.cat\/es\/wp-json\/wp\/v2\/posts\/79633","targetHints":{"allow":["GET"]}}],"collection":[{"href":"https:\/\/mont-roig.cat\/es\/wp-json\/wp\/v2\/posts"}],"about":[{"href":"https:\/\/mont-roig.cat\/es\/wp-json\/wp\/v2\/types\/post"}],"author":[{"embeddable":true,"href":"https:\/\/mont-roig.cat\/es\/wp-json\/wp\/v2\/users\/13"}],"replies":[{"embeddable":true,"href":"https:\/\/mont-roig.cat\/es\/wp-json\/wp\/v2\/comments?post=79633"}],"version-history":[{"count":2,"href":"https:\/\/mont-roig.cat\/es\/wp-json\/wp\/v2\/posts\/79633\/revisions"}],"predecessor-version":[{"id":79635,"href":"https:\/\/mont-roig.cat\/es\/wp-json\/wp\/v2\/posts\/79633\/revisions\/79635"}],"wp:featuredmedia":[{"embeddable":true,"href":"https:\/\/mont-roig.cat\/es\/wp-json\/wp\/v2\/media\/79629"}],"wp:attachment":[{"href":"https:\/\/mont-roig.cat\/es\/wp-json\/wp\/v2\/media?parent=79633"}],"wp:term":[{"taxonomy":"category","embeddable":true,"href":"https:\/\/mont-roig.cat\/es\/wp-json\/wp\/v2\/categories?post=79633"},{"taxonomy":"post_tag","embeddable":true,"href":"https:\/\/mont-roig.cat\/es\/wp-json\/wp\/v2\/tags?post=79633"}],"curies":[{"name":"wp","href":"https:\/\/api.w.org\/{rel}","templated":true}]}}