{"id":79732,"date":"2024-11-28T15:04:56","date_gmt":"2024-11-28T14:04:56","guid":{"rendered":"https:\/\/mont-roig.cat\/?p=79732"},"modified":"2024-11-29T13:57:24","modified_gmt":"2024-11-29T12:57:24","slug":"la-sala-de-espera-de-pediatria-del-cap-de-miami-platja-estrena-nueva-imagen","status":"publish","type":"post","link":"https:\/\/mont-roig.cat\/es\/actualitat\/noticies\/la-sala-de-espera-de-pediatria-del-cap-de-miami-platja-estrena-nueva-imagen\/","title":{"rendered":"La sala de espera de pediatr\u00eda del CAP de Miami Platja estrena nueva imagen"},"content":{"rendered":"<ul>\n<li>\n<div id=\"attachment_79717\" style=\"width: 311px\" class=\"wp-caption alignright\"><a href=\"https:\/\/mont-roig.cat\/wp-content\/uploads\/alumnat-Escola-Joan-Miro-amb-els-vinils-del-CAP-de-Miami-Platja--scaled.jpg\"><img loading=\"lazy\" decoding=\"async\" aria-describedby=\"caption-attachment-79717\" class=\"wp-image-79717\" src=\"https:\/\/mont-roig.cat\/wp-content\/uploads\/alumnat-Escola-Joan-Miro-amb-els-vinils-del-CAP-de-Miami-Platja--500x372.jpg\" alt=\"\" width=\"301\" height=\"224\" srcset=\"https:\/\/mont-roig.cat\/wp-content\/uploads\/alumnat-Escola-Joan-Miro-amb-els-vinils-del-CAP-de-Miami-Platja--500x372.jpg 500w, https:\/\/mont-roig.cat\/wp-content\/uploads\/alumnat-Escola-Joan-Miro-amb-els-vinils-del-CAP-de-Miami-Platja--1024x763.jpg 1024w, https:\/\/mont-roig.cat\/wp-content\/uploads\/alumnat-Escola-Joan-Miro-amb-els-vinils-del-CAP-de-Miami-Platja--768x572.jpg 768w, https:\/\/mont-roig.cat\/wp-content\/uploads\/alumnat-Escola-Joan-Miro-amb-els-vinils-del-CAP-de-Miami-Platja--1536x1144.jpg 1536w, https:\/\/mont-roig.cat\/wp-content\/uploads\/alumnat-Escola-Joan-Miro-amb-els-vinils-del-CAP-de-Miami-Platja--scaled.jpg 2048w\" sizes=\"auto, (max-width: 301px) 100vw, 301px\" \/><\/a><p id=\"caption-attachment-79717\" class=\"wp-caption-text\">El alumnado y professorado de la escuela Joan Mir\u00f3, miembros del Ayuntamiento y del CAP de Miami Platja en la renovada sala de espera de pediatr\u00eda<\/p><\/div>\n<p><strong>El resultado es fruto de un proceso participativo que ha llevado a cabo el alumnado de 3\u00ba de la escuela Joan Mir\u00f3 con la colaboraci\u00f3n del Ayuntamiento de Mont-roig del Camp<\/strong><\/li>\n<\/ul>\n<p>\u201cCambiar una sala de espera gris y triste, de un lugar que a veces da un poco de miedo, por un espacio divertido y lleno de colores\u201d. Con este objetivo el alumnado de 3r A y B de la escuela Joan Mir\u00f3 ha llevado a cabo un proceso participativo, en los \u00faltimos meses, que ha culminado con un cambio de imagen del \u00e1rea de pediatr\u00eda del Centro de Atenci\u00f3n Primaria de Miami Playa.<\/p>\n<p>Para poder llevar a cabo este proyecto los ni\u00f1os y ni\u00f1as pidieron el apoyo del Ayuntamiento de Mont-roig del Camp y del CAP, que han colaborado estrechamente con el centro educativo para poder hacer realidad su idea.<\/p>\n<p>Este jueves, el alcalde Fran Morancho y la concejala de Educaci\u00f3n y Salud P\u00fablica Elvira Montagut, junto con el equipo directivo del \u00c1rea B\u00e1sica de Salud del municipio, Roser Pedret y Teresa Besora, as\u00ed como miembros del equipo de gobierno, han recibido a los sesenta ni\u00f1os y ni\u00f1as y el profesorado de la escuela Joan Mir\u00f3 para ver in situ el resultado de todo el trabajo realizado. Tambi\u00e9n les ha acompa\u00f1ado la directora de la escuela Eva Tarrag\u00f3.<\/p>\n<p>Los ni\u00f1os han explicado c\u00f3mo fueron proponiendo varias opciones para mejorar la sala de espera (poner una televisi\u00f3n, una mesa para pintar, una caja con juguetes&#8230;) hasta llegar a la idea de decorar el espacio con vinilos. A partir de aqu\u00ed pensaron varios elementos que quer\u00edan que aparecieran, como el Estany Gelat, la Playa Cristall o la pirata Lluna Roja.<\/p>\n<p>El resultado final es un mural educativo y concienciador, sobre el mar y las especies que habitan en \u00e9l. Tambi\u00e9n de nuestro entorno m\u00e1s cercano. Por eso, en los vinilos que decoran las paredes y los ventanales se pueden observar tambi\u00e9n variedad de especies marinas como el cangrejo ermita\u00f1o, la medusa, el pescado luna, atunes, el calamar o el fartet (especie aut\u00f3ctona), adem\u00e1s de la posidonia, poniendo en valor su importancia por oxigenar el mar y caracter\u00edstica de nuestras costas. Tambi\u00e9n aparecen otras especies destacables de nuestra fauna como el mart\u00edn pescador, las garzas o el sendero grueso y de la flora como los carrizales, los juncos o la salicornia.<\/p>\n<p>Las tres partes han destacado que la sala de espera se ha convertido en un sitio mucho m\u00e1s agradable y han agradecido el buen entendimiento y la colaboraci\u00f3n para poder sacar adelante las buenas ideas de los ni\u00f1os.<\/p>\n\n\t\t<style type=\"text\/css\">\n\t\t\t#gallery-1 {\n\t\t\t\tmargin: auto;\n\t\t\t}\n\t\t\t#gallery-1 .gallery-item {\n\t\t\t\tfloat: left;\n\t\t\t\tmargin-top: 10px;\n\t\t\t\ttext-align: center;\n\t\t\t\twidth: 25%;\n\t\t\t}\n\t\t\t#gallery-1 img {\n\t\t\t\tborder: 2px solid #cfcfcf;\n\t\t\t}\n\t\t\t#gallery-1 .gallery-caption {\n\t\t\t\tmargin-left: 0;\n\t\t\t}\n\t\t\t\/* see gallery_shortcode() in wp-includes\/media.php *\/\n\t\t<\/style>\n\t\t<div id='gallery-1' class='gallery galleryid-79732 gallery-columns-4 gallery-size-thumbnail'><dl class='gallery-item'>\n\t\t\t<dt class='gallery-icon landscape'>\n\t\t\t\t<a href='https:\/\/mont-roig.cat\/es\/actualitat\/noticies\/la-sala-de-espera-de-pediatria-del-cap-de-miami-platja-estrena-nueva-imagen\/nova-imatge-sala-despera-area-de-pediatria_1-2\/'><img loading=\"lazy\" decoding=\"async\" width=\"50\" height=\"50\" src=\"https:\/\/mont-roig.cat\/wp-content\/uploads\/Nova-imatge-sala-despera-area-de-Pediatria_1-50x50.jpg\" class=\"attachment-thumbnail size-thumbnail\" alt=\"\" srcset=\"https:\/\/mont-roig.cat\/wp-content\/uploads\/Nova-imatge-sala-despera-area-de-Pediatria_1-50x50.jpg 50w, https:\/\/mont-roig.cat\/wp-content\/uploads\/Nova-imatge-sala-despera-area-de-Pediatria_1-560x560.jpg 560w, https:\/\/mont-roig.cat\/wp-content\/uploads\/Nova-imatge-sala-despera-area-de-Pediatria_1-367x367.jpg 367w, https:\/\/mont-roig.cat\/wp-content\/uploads\/Nova-imatge-sala-despera-area-de-Pediatria_1-450x450.jpg 450w, https:\/\/mont-roig.cat\/wp-content\/uploads\/Nova-imatge-sala-despera-area-de-Pediatria_1-85x85.jpg 85w, https:\/\/mont-roig.cat\/wp-content\/uploads\/Nova-imatge-sala-despera-area-de-Pediatria_1-45x45.jpg 45w\" sizes=\"auto, (max-width: 50px) 100vw, 50px\" \/><\/a>\n\t\t\t<\/dt><\/dl><dl class='gallery-item'>\n\t\t\t<dt class='gallery-icon landscape'>\n\t\t\t\t<a href='https:\/\/mont-roig.cat\/es\/actualitat\/noticies\/la-sala-de-espera-de-pediatria-del-cap-de-miami-platja-estrena-nueva-imagen\/nova-imatge-sala-despera-area-de-pediatria_1-2-2\/'><img loading=\"lazy\" decoding=\"async\" width=\"50\" height=\"50\" src=\"https:\/\/mont-roig.cat\/wp-content\/uploads\/Nova-imatge-sala-despera-area-de-Pediatria_1-2-50x50.jpg\" class=\"attachment-thumbnail size-thumbnail\" alt=\"\" srcset=\"https:\/\/mont-roig.cat\/wp-content\/uploads\/Nova-imatge-sala-despera-area-de-Pediatria_1-2-50x50.jpg 50w, https:\/\/mont-roig.cat\/wp-content\/uploads\/Nova-imatge-sala-despera-area-de-Pediatria_1-2-560x560.jpg 560w, https:\/\/mont-roig.cat\/wp-content\/uploads\/Nova-imatge-sala-despera-area-de-Pediatria_1-2-367x367.jpg 367w, https:\/\/mont-roig.cat\/wp-content\/uploads\/Nova-imatge-sala-despera-area-de-Pediatria_1-2-450x450.jpg 450w, https:\/\/mont-roig.cat\/wp-content\/uploads\/Nova-imatge-sala-despera-area-de-Pediatria_1-2-85x85.jpg 85w, https:\/\/mont-roig.cat\/wp-content\/uploads\/Nova-imatge-sala-despera-area-de-Pediatria_1-2-45x45.jpg 45w\" sizes=\"auto, (max-width: 50px) 100vw, 50px\" \/><\/a>\n\t\t\t<\/dt><\/dl><dl class='gallery-item'>\n\t\t\t<dt class='gallery-icon landscape'>\n\t\t\t\t<a href='https:\/\/mont-roig.cat\/es\/actualitat\/noticies\/la-sala-de-espera-de-pediatria-del-cap-de-miami-platja-estrena-nueva-imagen\/nova-imatge-sala-despera-area-de-pediatria_3-2\/'><img loading=\"lazy\" decoding=\"async\" width=\"50\" height=\"50\" src=\"https:\/\/mont-roig.cat\/wp-content\/uploads\/Nova-imatge-sala-despera-area-de-Pediatria_3-50x50.jpg\" class=\"attachment-thumbnail size-thumbnail\" alt=\"\" srcset=\"https:\/\/mont-roig.cat\/wp-content\/uploads\/Nova-imatge-sala-despera-area-de-Pediatria_3-50x50.jpg 50w, https:\/\/mont-roig.cat\/wp-content\/uploads\/Nova-imatge-sala-despera-area-de-Pediatria_3-560x560.jpg 560w, https:\/\/mont-roig.cat\/wp-content\/uploads\/Nova-imatge-sala-despera-area-de-Pediatria_3-367x367.jpg 367w, https:\/\/mont-roig.cat\/wp-content\/uploads\/Nova-imatge-sala-despera-area-de-Pediatria_3-450x450.jpg 450w, https:\/\/mont-roig.cat\/wp-content\/uploads\/Nova-imatge-sala-despera-area-de-Pediatria_3-85x85.jpg 85w, https:\/\/mont-roig.cat\/wp-content\/uploads\/Nova-imatge-sala-despera-area-de-Pediatria_3-45x45.jpg 45w\" sizes=\"auto, (max-width: 50px) 100vw, 50px\" \/><\/a>\n\t\t\t<\/dt><\/dl><dl class='gallery-item'>\n\t\t\t<dt class='gallery-icon landscape'>\n\t\t\t\t<a href='https:\/\/mont-roig.cat\/es\/actualitat\/noticies\/la-sala-de-espera-de-pediatria-del-cap-de-miami-platja-estrena-nueva-imagen\/nova-imatge-sala-despera-area-de-pediatria_4-2\/'><img loading=\"lazy\" decoding=\"async\" width=\"50\" height=\"50\" src=\"https:\/\/mont-roig.cat\/wp-content\/uploads\/Nova-imatge-sala-despera-area-de-Pediatria_4-50x50.jpg\" class=\"attachment-thumbnail size-thumbnail\" alt=\"\" srcset=\"https:\/\/mont-roig.cat\/wp-content\/uploads\/Nova-imatge-sala-despera-area-de-Pediatria_4-50x50.jpg 50w, https:\/\/mont-roig.cat\/wp-content\/uploads\/Nova-imatge-sala-despera-area-de-Pediatria_4-560x560.jpg 560w, https:\/\/mont-roig.cat\/wp-content\/uploads\/Nova-imatge-sala-despera-area-de-Pediatria_4-367x367.jpg 367w, https:\/\/mont-roig.cat\/wp-content\/uploads\/Nova-imatge-sala-despera-area-de-Pediatria_4-450x450.jpg 450w, https:\/\/mont-roig.cat\/wp-content\/uploads\/Nova-imatge-sala-despera-area-de-Pediatria_4-85x85.jpg 85w, https:\/\/mont-roig.cat\/wp-content\/uploads\/Nova-imatge-sala-despera-area-de-Pediatria_4-45x45.jpg 45w\" sizes=\"auto, (max-width: 50px) 100vw, 50px\" \/><\/a>\n\t\t\t<\/dt><\/dl><br style=\"clear: both\" \/>\n\t\t<\/div>\n\n","protected":false},"excerpt":{"rendered":"<p>El resultado es fruto de un proceso participativo que ha llevado a cabo el alumnado de 3\u00ba de la escuela Joan Mir\u00f3 con la colaboraci\u00f3n del Ayuntamiento de Mont-roig del Camp \u201cCambiar una sala de espera gris y triste, de un lugar que a veces da un poco de miedo, por un espacio divertido y [&hellip;]<\/p>\n","protected":false},"author":13,"featured_media":79718,"comment_status":"closed","ping_status":"closed","sticky":false,"template":"","format":"standard","meta":{"inline_featured_image":false,"_monsterinsights_skip_tracking":false,"_monsterinsights_sitenote_active":false,"_monsterinsights_sitenote_note":"","_monsterinsights_sitenote_category":0,"footnotes":""},"categories":[98,103,112],"tags":[],"class_list":["post-79732","post","type-post","status-publish","format-standard","has-post-thumbnail","hentry","category-ayuntamiento","category-educacion","category-sanidad-y-salud-publica"],"yoast_head":"<!-- This site is optimized with the Yoast SEO plugin v27.4 - https:\/\/yoast.com\/product\/yoast-seo-wordpress\/ -->\n<title>La sala de espera de pediatr\u00eda del CAP de Miami Platja estrena nueva imagen - Ajuntament de Mont-roig del Camp<\/title>\n<meta name=\"robots\" content=\"index, follow, max-snippet:-1, max-image-preview:large, max-video-preview:-1\" \/>\n<link rel=\"canonical\" href=\"https:\/\/mont-roig.cat\/es\/actualitat\/noticies\/la-sala-de-espera-de-pediatria-del-cap-de-miami-platja-estrena-nueva-imagen\/\" \/>\n<meta property=\"og:locale\" content=\"es_ES\" \/>\n<meta property=\"og:type\" content=\"article\" \/>\n<meta property=\"og:title\" content=\"La sala de espera de pediatr\u00eda del CAP de Miami Platja estrena nueva imagen - Ajuntament de Mont-roig del Camp\" \/>\n<meta property=\"og:description\" content=\"El resultado es fruto de un proceso participativo que ha llevado a cabo el alumnado de 3\u00ba de la escuela Joan Mir\u00f3 con la colaboraci\u00f3n del Ayuntamiento de Mont-roig del Camp \u201cCambiar una sala de espera gris y triste, de un lugar que a veces da un poco de miedo, por un espacio divertido y [&hellip;]\" \/>\n<meta property=\"og:url\" content=\"https:\/\/mont-roig.cat\/es\/actualitat\/noticies\/la-sala-de-espera-de-pediatria-del-cap-de-miami-platja-estrena-nueva-imagen\/\" \/>\n<meta property=\"og:site_name\" content=\"Ajuntament de Mont-roig del Camp\" \/>\n<meta property=\"article:published_time\" content=\"2024-11-28T14:04:56+00:00\" \/>\n<meta property=\"article:modified_time\" content=\"2024-11-29T12:57:24+00:00\" \/>\n<meta property=\"og:image\" content=\"https:\/\/mont-roig.cat\/wp-content\/uploads\/alumnat-Escola-Joan-Miro-amb-els-vinils-del-CAP-de-Miami-Platja--scaled.jpg\" \/>\n\t<meta property=\"og:image:width\" content=\"2048\" \/>\n\t<meta property=\"og:image:height\" content=\"1526\" \/>\n\t<meta property=\"og:image:type\" content=\"image\/jpeg\" \/>\n<meta name=\"author\" content=\"comunicacio\" \/>\n<meta name=\"twitter:card\" content=\"summary_large_image\" \/>\n<meta name=\"twitter:label1\" content=\"Escrito por\" \/>\n\t<meta name=\"twitter:data1\" content=\"comunicacio\" \/>\n\t<meta name=\"twitter:label2\" content=\"Tiempo de lectura\" \/>\n\t<meta name=\"twitter:data2\" content=\"3 minutos\" \/>\n<script type=\"application\/ld+json\" class=\"yoast-schema-graph\">{\"@context\":\"https:\\\/\\\/schema.org\",\"@graph\":[{\"@type\":\"Article\",\"@id\":\"https:\\\/\\\/mont-roig.cat\\\/es\\\/actualitat\\\/noticies\\\/la-sala-de-espera-de-pediatria-del-cap-de-miami-platja-estrena-nueva-imagen\\\/#article\",\"isPartOf\":{\"@id\":\"https:\\\/\\\/mont-roig.cat\\\/es\\\/actualitat\\\/noticies\\\/la-sala-de-espera-de-pediatria-del-cap-de-miami-platja-estrena-nueva-imagen\\\/\"},\"author\":{\"name\":\"comunicacio\",\"@id\":\"https:\\\/\\\/mont-roig.cat\\\/es\\\/#\\\/schema\\\/person\\\/1f73e7b5e6f9dd122e8a6f14f310ac5e\"},\"headline\":\"La sala de espera de pediatr\u00eda del CAP de Miami Platja estrena nueva imagen\",\"datePublished\":\"2024-11-28T14:04:56+00:00\",\"dateModified\":\"2024-11-29T12:57:24+00:00\",\"mainEntityOfPage\":{\"@id\":\"https:\\\/\\\/mont-roig.cat\\\/es\\\/actualitat\\\/noticies\\\/la-sala-de-espera-de-pediatria-del-cap-de-miami-platja-estrena-nueva-imagen\\\/\"},\"wordCount\":506,\"image\":{\"@id\":\"https:\\\/\\\/mont-roig.cat\\\/es\\\/actualitat\\\/noticies\\\/la-sala-de-espera-de-pediatria-del-cap-de-miami-platja-estrena-nueva-imagen\\\/#primaryimage\"},\"thumbnailUrl\":\"https:\\\/\\\/mont-roig.cat\\\/wp-content\\\/uploads\\\/alumnat-Escola-Joan-Miro-amb-els-vinils-del-CAP-de-Miami-Platja--scaled.jpg\",\"articleSection\":[\"Ayuntamiento\",\"Educaci\u00f3n\",\"Sanidad y Salud p\u00fablica\"],\"inLanguage\":\"es\"},{\"@type\":\"WebPage\",\"@id\":\"https:\\\/\\\/mont-roig.cat\\\/es\\\/actualitat\\\/noticies\\\/la-sala-de-espera-de-pediatria-del-cap-de-miami-platja-estrena-nueva-imagen\\\/\",\"url\":\"https:\\\/\\\/mont-roig.cat\\\/es\\\/actualitat\\\/noticies\\\/la-sala-de-espera-de-pediatria-del-cap-de-miami-platja-estrena-nueva-imagen\\\/\",\"name\":\"La sala de espera de pediatr\u00eda del CAP de Miami Platja estrena nueva imagen - Ajuntament de Mont-roig del Camp\",\"isPartOf\":{\"@id\":\"https:\\\/\\\/mont-roig.cat\\\/es\\\/#website\"},\"primaryImageOfPage\":{\"@id\":\"https:\\\/\\\/mont-roig.cat\\\/es\\\/actualitat\\\/noticies\\\/la-sala-de-espera-de-pediatria-del-cap-de-miami-platja-estrena-nueva-imagen\\\/#primaryimage\"},\"image\":{\"@id\":\"https:\\\/\\\/mont-roig.cat\\\/es\\\/actualitat\\\/noticies\\\/la-sala-de-espera-de-pediatria-del-cap-de-miami-platja-estrena-nueva-imagen\\\/#primaryimage\"},\"thumbnailUrl\":\"https:\\\/\\\/mont-roig.cat\\\/wp-content\\\/uploads\\\/alumnat-Escola-Joan-Miro-amb-els-vinils-del-CAP-de-Miami-Platja--scaled.jpg\",\"datePublished\":\"2024-11-28T14:04:56+00:00\",\"dateModified\":\"2024-11-29T12:57:24+00:00\",\"author\":{\"@id\":\"https:\\\/\\\/mont-roig.cat\\\/es\\\/#\\\/schema\\\/person\\\/1f73e7b5e6f9dd122e8a6f14f310ac5e\"},\"breadcrumb\":{\"@id\":\"https:\\\/\\\/mont-roig.cat\\\/es\\\/actualitat\\\/noticies\\\/la-sala-de-espera-de-pediatria-del-cap-de-miami-platja-estrena-nueva-imagen\\\/#breadcrumb\"},\"inLanguage\":\"es\",\"potentialAction\":[{\"@type\":\"ReadAction\",\"target\":[\"https:\\\/\\\/mont-roig.cat\\\/es\\\/actualitat\\\/noticies\\\/la-sala-de-espera-de-pediatria-del-cap-de-miami-platja-estrena-nueva-imagen\\\/\"]}]},{\"@type\":\"ImageObject\",\"inLanguage\":\"es\",\"@id\":\"https:\\\/\\\/mont-roig.cat\\\/es\\\/actualitat\\\/noticies\\\/la-sala-de-espera-de-pediatria-del-cap-de-miami-platja-estrena-nueva-imagen\\\/#primaryimage\",\"url\":\"https:\\\/\\\/mont-roig.cat\\\/wp-content\\\/uploads\\\/alumnat-Escola-Joan-Miro-amb-els-vinils-del-CAP-de-Miami-Platja--scaled.jpg\",\"contentUrl\":\"https:\\\/\\\/mont-roig.cat\\\/wp-content\\\/uploads\\\/alumnat-Escola-Joan-Miro-amb-els-vinils-del-CAP-de-Miami-Platja--scaled.jpg\",\"width\":2048,\"height\":1526},{\"@type\":\"BreadcrumbList\",\"@id\":\"https:\\\/\\\/mont-roig.cat\\\/es\\\/actualitat\\\/noticies\\\/la-sala-de-espera-de-pediatria-del-cap-de-miami-platja-estrena-nueva-imagen\\\/#breadcrumb\",\"itemListElement\":[{\"@type\":\"ListItem\",\"position\":1,\"name\":\"Inici\",\"item\":\"https:\\\/\\\/mont-roig.cat\\\/es\\\/pagina-de-inicio\\\/\"},{\"@type\":\"ListItem\",\"position\":2,\"name\":\"La sala de espera de pediatr\u00eda del CAP de Miami Platja estrena nueva imagen\"}]},{\"@type\":\"WebSite\",\"@id\":\"https:\\\/\\\/mont-roig.cat\\\/es\\\/#website\",\"url\":\"https:\\\/\\\/mont-roig.cat\\\/es\\\/\",\"name\":\"Ajuntament de Mont-roig del Camp\",\"description\":\"Tota la informaci\u00f3 sobre la instituci\u00f3, els seus \u00f2rgans de govern, actualitat, serveis i molt m\u00e9s.\",\"potentialAction\":[{\"@type\":\"SearchAction\",\"target\":{\"@type\":\"EntryPoint\",\"urlTemplate\":\"https:\\\/\\\/mont-roig.cat\\\/es\\\/?s={search_term_string}\"},\"query-input\":{\"@type\":\"PropertyValueSpecification\",\"valueRequired\":true,\"valueName\":\"search_term_string\"}}],\"inLanguage\":\"es\"},{\"@type\":\"Person\",\"@id\":\"https:\\\/\\\/mont-roig.cat\\\/es\\\/#\\\/schema\\\/person\\\/1f73e7b5e6f9dd122e8a6f14f310ac5e\",\"name\":\"comunicacio\",\"image\":{\"@type\":\"ImageObject\",\"inLanguage\":\"es\",\"@id\":\"https:\\\/\\\/secure.gravatar.com\\\/avatar\\\/98944333e7a877670a64f8d10f0cb680ab2c9ebc4efc43945ef004b52b5ad28c?s=96&d=mm&r=g\",\"url\":\"https:\\\/\\\/secure.gravatar.com\\\/avatar\\\/98944333e7a877670a64f8d10f0cb680ab2c9ebc4efc43945ef004b52b5ad28c?s=96&d=mm&r=g\",\"contentUrl\":\"https:\\\/\\\/secure.gravatar.com\\\/avatar\\\/98944333e7a877670a64f8d10f0cb680ab2c9ebc4efc43945ef004b52b5ad28c?s=96&d=mm&r=g\",\"caption\":\"comunicacio\"},\"url\":\"https:\\\/\\\/mont-roig.cat\\\/es\\\/actualitat\\\/noticies\\\/author\\\/comunicacio\\\/\"}]}<\/script>\n<!-- \/ Yoast SEO plugin. -->","yoast_head_json":{"title":"La sala de espera de pediatr\u00eda del CAP de Miami Platja estrena nueva imagen - Ajuntament de Mont-roig del Camp","robots":{"index":"index","follow":"follow","max-snippet":"max-snippet:-1","max-image-preview":"max-image-preview:large","max-video-preview":"max-video-preview:-1"},"canonical":"https:\/\/mont-roig.cat\/es\/actualitat\/noticies\/la-sala-de-espera-de-pediatria-del-cap-de-miami-platja-estrena-nueva-imagen\/","og_locale":"es_ES","og_type":"article","og_title":"La sala de espera de pediatr\u00eda del CAP de Miami Platja estrena nueva imagen - Ajuntament de Mont-roig del Camp","og_description":"El resultado es fruto de un proceso participativo que ha llevado a cabo el alumnado de 3\u00ba de la escuela Joan Mir\u00f3 con la colaboraci\u00f3n del Ayuntamiento de Mont-roig del Camp \u201cCambiar una sala de espera gris y triste, de un lugar que a veces da un poco de miedo, por un espacio divertido y [&hellip;]","og_url":"https:\/\/mont-roig.cat\/es\/actualitat\/noticies\/la-sala-de-espera-de-pediatria-del-cap-de-miami-platja-estrena-nueva-imagen\/","og_site_name":"Ajuntament de Mont-roig del Camp","article_published_time":"2024-11-28T14:04:56+00:00","article_modified_time":"2024-11-29T12:57:24+00:00","og_image":[{"width":2048,"height":1526,"url":"https:\/\/mont-roig.cat\/wp-content\/uploads\/alumnat-Escola-Joan-Miro-amb-els-vinils-del-CAP-de-Miami-Platja--scaled.jpg","type":"image\/jpeg"}],"author":"comunicacio","twitter_card":"summary_large_image","twitter_misc":{"Escrito por":"comunicacio","Tiempo de lectura":"3 minutos"},"schema":{"@context":"https:\/\/schema.org","@graph":[{"@type":"Article","@id":"https:\/\/mont-roig.cat\/es\/actualitat\/noticies\/la-sala-de-espera-de-pediatria-del-cap-de-miami-platja-estrena-nueva-imagen\/#article","isPartOf":{"@id":"https:\/\/mont-roig.cat\/es\/actualitat\/noticies\/la-sala-de-espera-de-pediatria-del-cap-de-miami-platja-estrena-nueva-imagen\/"},"author":{"name":"comunicacio","@id":"https:\/\/mont-roig.cat\/es\/#\/schema\/person\/1f73e7b5e6f9dd122e8a6f14f310ac5e"},"headline":"La sala de espera de pediatr\u00eda del CAP de Miami Platja estrena nueva imagen","datePublished":"2024-11-28T14:04:56+00:00","dateModified":"2024-11-29T12:57:24+00:00","mainEntityOfPage":{"@id":"https:\/\/mont-roig.cat\/es\/actualitat\/noticies\/la-sala-de-espera-de-pediatria-del-cap-de-miami-platja-estrena-nueva-imagen\/"},"wordCount":506,"image":{"@id":"https:\/\/mont-roig.cat\/es\/actualitat\/noticies\/la-sala-de-espera-de-pediatria-del-cap-de-miami-platja-estrena-nueva-imagen\/#primaryimage"},"thumbnailUrl":"https:\/\/mont-roig.cat\/wp-content\/uploads\/alumnat-Escola-Joan-Miro-amb-els-vinils-del-CAP-de-Miami-Platja--scaled.jpg","articleSection":["Ayuntamiento","Educaci\u00f3n","Sanidad y Salud p\u00fablica"],"inLanguage":"es"},{"@type":"WebPage","@id":"https:\/\/mont-roig.cat\/es\/actualitat\/noticies\/la-sala-de-espera-de-pediatria-del-cap-de-miami-platja-estrena-nueva-imagen\/","url":"https:\/\/mont-roig.cat\/es\/actualitat\/noticies\/la-sala-de-espera-de-pediatria-del-cap-de-miami-platja-estrena-nueva-imagen\/","name":"La sala de espera de pediatr\u00eda del CAP de Miami Platja estrena nueva imagen - Ajuntament de Mont-roig del Camp","isPartOf":{"@id":"https:\/\/mont-roig.cat\/es\/#website"},"primaryImageOfPage":{"@id":"https:\/\/mont-roig.cat\/es\/actualitat\/noticies\/la-sala-de-espera-de-pediatria-del-cap-de-miami-platja-estrena-nueva-imagen\/#primaryimage"},"image":{"@id":"https:\/\/mont-roig.cat\/es\/actualitat\/noticies\/la-sala-de-espera-de-pediatria-del-cap-de-miami-platja-estrena-nueva-imagen\/#primaryimage"},"thumbnailUrl":"https:\/\/mont-roig.cat\/wp-content\/uploads\/alumnat-Escola-Joan-Miro-amb-els-vinils-del-CAP-de-Miami-Platja--scaled.jpg","datePublished":"2024-11-28T14:04:56+00:00","dateModified":"2024-11-29T12:57:24+00:00","author":{"@id":"https:\/\/mont-roig.cat\/es\/#\/schema\/person\/1f73e7b5e6f9dd122e8a6f14f310ac5e"},"breadcrumb":{"@id":"https:\/\/mont-roig.cat\/es\/actualitat\/noticies\/la-sala-de-espera-de-pediatria-del-cap-de-miami-platja-estrena-nueva-imagen\/#breadcrumb"},"inLanguage":"es","potentialAction":[{"@type":"ReadAction","target":["https:\/\/mont-roig.cat\/es\/actualitat\/noticies\/la-sala-de-espera-de-pediatria-del-cap-de-miami-platja-estrena-nueva-imagen\/"]}]},{"@type":"ImageObject","inLanguage":"es","@id":"https:\/\/mont-roig.cat\/es\/actualitat\/noticies\/la-sala-de-espera-de-pediatria-del-cap-de-miami-platja-estrena-nueva-imagen\/#primaryimage","url":"https:\/\/mont-roig.cat\/wp-content\/uploads\/alumnat-Escola-Joan-Miro-amb-els-vinils-del-CAP-de-Miami-Platja--scaled.jpg","contentUrl":"https:\/\/mont-roig.cat\/wp-content\/uploads\/alumnat-Escola-Joan-Miro-amb-els-vinils-del-CAP-de-Miami-Platja--scaled.jpg","width":2048,"height":1526},{"@type":"BreadcrumbList","@id":"https:\/\/mont-roig.cat\/es\/actualitat\/noticies\/la-sala-de-espera-de-pediatria-del-cap-de-miami-platja-estrena-nueva-imagen\/#breadcrumb","itemListElement":[{"@type":"ListItem","position":1,"name":"Inici","item":"https:\/\/mont-roig.cat\/es\/pagina-de-inicio\/"},{"@type":"ListItem","position":2,"name":"La sala de espera de pediatr\u00eda del CAP de Miami Platja estrena nueva imagen"}]},{"@type":"WebSite","@id":"https:\/\/mont-roig.cat\/es\/#website","url":"https:\/\/mont-roig.cat\/es\/","name":"Ajuntament de Mont-roig del Camp","description":"Tota la informaci\u00f3 sobre la instituci\u00f3, els seus \u00f2rgans de govern, actualitat, serveis i molt m\u00e9s.","potentialAction":[{"@type":"SearchAction","target":{"@type":"EntryPoint","urlTemplate":"https:\/\/mont-roig.cat\/es\/?s={search_term_string}"},"query-input":{"@type":"PropertyValueSpecification","valueRequired":true,"valueName":"search_term_string"}}],"inLanguage":"es"},{"@type":"Person","@id":"https:\/\/mont-roig.cat\/es\/#\/schema\/person\/1f73e7b5e6f9dd122e8a6f14f310ac5e","name":"comunicacio","image":{"@type":"ImageObject","inLanguage":"es","@id":"https:\/\/secure.gravatar.com\/avatar\/98944333e7a877670a64f8d10f0cb680ab2c9ebc4efc43945ef004b52b5ad28c?s=96&d=mm&r=g","url":"https:\/\/secure.gravatar.com\/avatar\/98944333e7a877670a64f8d10f0cb680ab2c9ebc4efc43945ef004b52b5ad28c?s=96&d=mm&r=g","contentUrl":"https:\/\/secure.gravatar.com\/avatar\/98944333e7a877670a64f8d10f0cb680ab2c9ebc4efc43945ef004b52b5ad28c?s=96&d=mm&r=g","caption":"comunicacio"},"url":"https:\/\/mont-roig.cat\/es\/actualitat\/noticies\/author\/comunicacio\/"}]}},"_links":{"self":[{"href":"https:\/\/mont-roig.cat\/es\/wp-json\/wp\/v2\/posts\/79732","targetHints":{"allow":["GET"]}}],"collection":[{"href":"https:\/\/mont-roig.cat\/es\/wp-json\/wp\/v2\/posts"}],"about":[{"href":"https:\/\/mont-roig.cat\/es\/wp-json\/wp\/v2\/types\/post"}],"author":[{"embeddable":true,"href":"https:\/\/mont-roig.cat\/es\/wp-json\/wp\/v2\/users\/13"}],"replies":[{"embeddable":true,"href":"https:\/\/mont-roig.cat\/es\/wp-json\/wp\/v2\/comments?post=79732"}],"version-history":[{"count":2,"href":"https:\/\/mont-roig.cat\/es\/wp-json\/wp\/v2\/posts\/79732\/revisions"}],"predecessor-version":[{"id":79801,"href":"https:\/\/mont-roig.cat\/es\/wp-json\/wp\/v2\/posts\/79732\/revisions\/79801"}],"wp:featuredmedia":[{"embeddable":true,"href":"https:\/\/mont-roig.cat\/es\/wp-json\/wp\/v2\/media\/79718"}],"wp:attachment":[{"href":"https:\/\/mont-roig.cat\/es\/wp-json\/wp\/v2\/media?parent=79732"}],"wp:term":[{"taxonomy":"category","embeddable":true,"href":"https:\/\/mont-roig.cat\/es\/wp-json\/wp\/v2\/categories?post=79732"},{"taxonomy":"post_tag","embeddable":true,"href":"https:\/\/mont-roig.cat\/es\/wp-json\/wp\/v2\/tags?post=79732"}],"curies":[{"name":"wp","href":"https:\/\/api.w.org\/{rel}","templated":true}]}}