{"id":79973,"date":"2024-12-13T11:11:04","date_gmt":"2024-12-13T10:11:04","guid":{"rendered":"https:\/\/mont-roig.cat\/actualitat\/noticies\/lajuntament-de-mont-roig-del-camp-vol-impulsar-la-geotermia-per-fomentar-la-sostenibilitat-energetica\/"},"modified":"2024-12-13T11:14:33","modified_gmt":"2024-12-13T10:14:33","slug":"el-ayuntamiento-de-mont-roig-del-camp-quiere-impulsar-la-geotermia-para-fomentar-la-sostenibilidad-energetica","status":"publish","type":"post","link":"https:\/\/mont-roig.cat\/es\/actualitat\/noticies\/el-ayuntamiento-de-mont-roig-del-camp-quiere-impulsar-la-geotermia-para-fomentar-la-sostenibilidad-energetica\/","title":{"rendered":"El Ayuntamiento de Mont-roig del Camp quiere impulsar la geotermia para fomentar la sostenibilidad energ\u00e9tica"},"content":{"rendered":"<div class=\"flex max-w-full flex-col flex-grow\">\n<div class=\"min-h-8 text-message flex w-full flex-col items-end gap-2 whitespace-normal break-words text-start [.text-message+&amp;]:mt-5\" dir=\"auto\" data-message-author-role=\"assistant\" data-message-id=\"b482bcc9-c159-4713-9103-e14a3fe33af0\" data-message-model-slug=\"gpt-4o\">\n<div class=\"flex w-full flex-col gap-1 empty:hidden first:pt-[3px]\">\n<div class=\"markdown prose w-full break-words dark:prose-invert light\">\n<ul>\n<li>\n<div id=\"attachment_79970\" style=\"width: 267px\" class=\"wp-caption alignright\"><a href=\"https:\/\/mont-roig.cat\/wp-content\/uploads\/Geotermia.jpeg\" target=\"_blank\" rel=\"noopener\"><img loading=\"lazy\" decoding=\"async\" aria-describedby=\"caption-attachment-79970\" class=\"wp-image-79970\" src=\"https:\/\/mont-roig.cat\/wp-content\/uploads\/Geotermia-375x500.jpeg\" alt=\"\" width=\"257\" height=\"343\" srcset=\"https:\/\/mont-roig.cat\/wp-content\/uploads\/Geotermia-375x500.jpeg 375w, https:\/\/mont-roig.cat\/wp-content\/uploads\/Geotermia-768x1024.jpeg 768w, https:\/\/mont-roig.cat\/wp-content\/uploads\/Geotermia-1152x1536.jpeg 1152w, https:\/\/mont-roig.cat\/wp-content\/uploads\/Geotermia.jpeg 1536w\" sizes=\"auto, (max-width: 257px) 100vw, 257px\" \/><\/a><p id=\"caption-attachment-79970\" class=\"wp-caption-text\">Perforaci\u00f3 que se est\u00e0 efectuando en Miami Platja.<\/p><\/div>\n<p><strong>Se est\u00e1 realizando un estudio para determinar si este sistema podr\u00eda implementarse en los edificios municipales<\/strong><\/li>\n<li><strong>La geotermia es una energ\u00eda renovable que aprovecha el calor acumulado en el subsuelo para climatizar edificios y generar agua caliente<\/strong><\/li>\n<\/ul>\n<p>El Ayuntamiento de Mont-roig del Camp da un paso adelante en su apuesta por la sostenibilidad energ\u00e9tica, con la posible implementaci\u00f3n de la geotermia como herramienta clave para mejorar la eficiencia de los edificios municipales.<\/p>\n<p>Por este motivo, estos d\u00edas se est\u00e1 llevando a cabo una perforaci\u00f3n en el parterre situado entre la calle M\u00e1laga y la calle Segovia, en Miami Platja, junto al Centro Polivalente. Esta perforaci\u00f3n, que alcanza los 110 metros de profundidad, permitir\u00e1 instalar un intercambiador geot\u00e9rmico y realizar pruebas para analizar las propiedades del subsuelo. Estos datos ser\u00e1n esenciales para dise\u00f1ar una red de climatizaci\u00f3n eficiente que combine la geotermia con la energ\u00eda solar fotovoltaica.<\/p>\n<p>Si el resultado es el esperado, se pretende utilizar esta energ\u00eda para abastecer el Centro Polivalente y las oficinas municipales de Miami Platja, con el objetivo de convertirlos en espacios m\u00e1s sostenibles y con un menor coste econ\u00f3mico para el Ayuntamiento, as\u00ed como m\u00e1s respetuosos con el medio ambiente.<\/p>\n<p><strong>Apoyo institucional<\/strong><br \/>\nEl proyecto se lleva a cabo con la ayuda de los Fondos de Transici\u00f3n Nuclear y la colaboraci\u00f3n de instituciones como el Institut Cartogr\u00e0fic i Geol\u00f2gic de Catalunya (ICGC), el Departamento de Empresa y Trabajo de la Generalitat y la ingenier\u00eda Suno, especializada en soluciones energ\u00e9ticas. La instalaci\u00f3n de un armario el\u00e9ctrico de medici\u00f3n permitir\u00e1 seguir recopilando datos a largo plazo y asegurar el \u00e9xito del proyecto.<\/p>\n<p><strong>\u00bfQu\u00e9 es la geotermia?<\/strong><br \/>\nLa geotermia es una energ\u00eda renovable que aprovecha el calor acumulado en el subsuelo para climatizar edificios y generar agua caliente. Esta tecnolog\u00eda es muy eficiente, ya que utiliza recursos naturales que se renuevan de manera constante y genera menos emisiones de CO\u2082 respecto a otras fuentes de energ\u00eda.<\/p>\n<p>Gracias a esta iniciativa, se busca reducir la huella ecol\u00f3gica, ahorrar costes energ\u00e9ticos y contribuir activamente en la lucha contra el cambio clim\u00e1tico.<\/p>\n<\/div>\n<\/div>\n<\/div>\n<\/div>\n<div class=\"mb-2 flex gap-3 empty:hidden -ml-2\">\n<div class=\"items-center justify-start rounded-xl p-1 flex\">\n<div class=\"flex items-center\"><\/div>\n<\/div>\n<\/div>\n<p>&nbsp;<\/p>\n","protected":false},"excerpt":{"rendered":"<p>Se est\u00e1 realizando un estudio para determinar si este sistema podr\u00eda implementarse en los edificios municipales La geotermia es una energ\u00eda renovable que aprovecha el calor acumulado en el subsuelo para climatizar edificios y generar agua caliente El Ayuntamiento de Mont-roig del Camp da un paso adelante en su apuesta por la sostenibilidad energ\u00e9tica, con [&hellip;]<\/p>\n","protected":false},"author":13,"featured_media":79970,"comment_status":"closed","ping_status":"closed","sticky":false,"template":"","format":"standard","meta":{"inline_featured_image":false,"_monsterinsights_skip_tracking":false,"_monsterinsights_sitenote_active":false,"_monsterinsights_sitenote_note":"","_monsterinsights_sitenote_category":0,"footnotes":""},"categories":[98,195],"tags":[],"class_list":["post-79973","post","type-post","status-publish","format-standard","has-post-thumbnail","hentry","category-ayuntamiento","category-transicio-energetica-i-ecologica-2-es"],"yoast_head":"<!-- This site is optimized with the Yoast SEO plugin v27.4 - https:\/\/yoast.com\/product\/yoast-seo-wordpress\/ -->\n<title>El Ayuntamiento de Mont-roig del Camp quiere impulsar la geotermia para fomentar la sostenibilidad energ\u00e9tica - Ajuntament de Mont-roig del Camp<\/title>\n<meta name=\"robots\" content=\"index, follow, max-snippet:-1, max-image-preview:large, max-video-preview:-1\" \/>\n<link rel=\"canonical\" href=\"https:\/\/mont-roig.cat\/es\/actualitat\/noticies\/el-ayuntamiento-de-mont-roig-del-camp-quiere-impulsar-la-geotermia-para-fomentar-la-sostenibilidad-energetica\/\" \/>\n<meta property=\"og:locale\" content=\"es_ES\" \/>\n<meta property=\"og:type\" content=\"article\" \/>\n<meta property=\"og:title\" content=\"El Ayuntamiento de Mont-roig del Camp quiere impulsar la geotermia para fomentar la sostenibilidad energ\u00e9tica - Ajuntament de Mont-roig del Camp\" \/>\n<meta property=\"og:description\" content=\"Se est\u00e1 realizando un estudio para determinar si este sistema podr\u00eda implementarse en los edificios municipales La geotermia es una energ\u00eda renovable que aprovecha el calor acumulado en el subsuelo para climatizar edificios y generar agua caliente El Ayuntamiento de Mont-roig del Camp da un paso adelante en su apuesta por la sostenibilidad energ\u00e9tica, con [&hellip;]\" \/>\n<meta property=\"og:url\" content=\"https:\/\/mont-roig.cat\/es\/actualitat\/noticies\/el-ayuntamiento-de-mont-roig-del-camp-quiere-impulsar-la-geotermia-para-fomentar-la-sostenibilidad-energetica\/\" \/>\n<meta property=\"og:site_name\" content=\"Ajuntament de Mont-roig del Camp\" \/>\n<meta property=\"article:published_time\" content=\"2024-12-13T10:11:04+00:00\" \/>\n<meta property=\"article:modified_time\" content=\"2024-12-13T10:14:33+00:00\" \/>\n<meta property=\"og:image\" content=\"https:\/\/mont-roig.cat\/wp-content\/uploads\/Geotermia.jpeg\" \/>\n\t<meta property=\"og:image:width\" content=\"1536\" \/>\n\t<meta property=\"og:image:height\" content=\"2048\" \/>\n\t<meta property=\"og:image:type\" content=\"image\/jpeg\" \/>\n<meta name=\"author\" content=\"comunicacio\" \/>\n<meta name=\"twitter:card\" content=\"summary_large_image\" \/>\n<meta name=\"twitter:label1\" content=\"Escrito por\" \/>\n\t<meta name=\"twitter:data1\" content=\"comunicacio\" \/>\n\t<meta name=\"twitter:label2\" content=\"Tiempo de lectura\" \/>\n\t<meta name=\"twitter:data2\" content=\"3 minutos\" \/>\n<script type=\"application\/ld+json\" class=\"yoast-schema-graph\">{\"@context\":\"https:\\\/\\\/schema.org\",\"@graph\":[{\"@type\":\"Article\",\"@id\":\"https:\\\/\\\/mont-roig.cat\\\/es\\\/actualitat\\\/noticies\\\/el-ayuntamiento-de-mont-roig-del-camp-quiere-impulsar-la-geotermia-para-fomentar-la-sostenibilidad-energetica\\\/#article\",\"isPartOf\":{\"@id\":\"https:\\\/\\\/mont-roig.cat\\\/es\\\/actualitat\\\/noticies\\\/el-ayuntamiento-de-mont-roig-del-camp-quiere-impulsar-la-geotermia-para-fomentar-la-sostenibilidad-energetica\\\/\"},\"author\":{\"name\":\"comunicacio\",\"@id\":\"https:\\\/\\\/mont-roig.cat\\\/es\\\/#\\\/schema\\\/person\\\/1f73e7b5e6f9dd122e8a6f14f310ac5e\"},\"headline\":\"El Ayuntamiento de Mont-roig del Camp quiere impulsar la geotermia para fomentar la sostenibilidad energ\u00e9tica\",\"datePublished\":\"2024-12-13T10:11:04+00:00\",\"dateModified\":\"2024-12-13T10:14:33+00:00\",\"mainEntityOfPage\":{\"@id\":\"https:\\\/\\\/mont-roig.cat\\\/es\\\/actualitat\\\/noticies\\\/el-ayuntamiento-de-mont-roig-del-camp-quiere-impulsar-la-geotermia-para-fomentar-la-sostenibilidad-energetica\\\/\"},\"wordCount\":403,\"image\":{\"@id\":\"https:\\\/\\\/mont-roig.cat\\\/es\\\/actualitat\\\/noticies\\\/el-ayuntamiento-de-mont-roig-del-camp-quiere-impulsar-la-geotermia-para-fomentar-la-sostenibilidad-energetica\\\/#primaryimage\"},\"thumbnailUrl\":\"https:\\\/\\\/mont-roig.cat\\\/wp-content\\\/uploads\\\/Geotermia.jpeg\",\"articleSection\":[\"Ayuntamiento\",\"Transici\u00f3 Energ\u00e8tica i Ecol\u00f2gica\"],\"inLanguage\":\"es\"},{\"@type\":\"WebPage\",\"@id\":\"https:\\\/\\\/mont-roig.cat\\\/es\\\/actualitat\\\/noticies\\\/el-ayuntamiento-de-mont-roig-del-camp-quiere-impulsar-la-geotermia-para-fomentar-la-sostenibilidad-energetica\\\/\",\"url\":\"https:\\\/\\\/mont-roig.cat\\\/es\\\/actualitat\\\/noticies\\\/el-ayuntamiento-de-mont-roig-del-camp-quiere-impulsar-la-geotermia-para-fomentar-la-sostenibilidad-energetica\\\/\",\"name\":\"El Ayuntamiento de Mont-roig del Camp quiere impulsar la geotermia para fomentar la sostenibilidad energ\u00e9tica - Ajuntament de Mont-roig del Camp\",\"isPartOf\":{\"@id\":\"https:\\\/\\\/mont-roig.cat\\\/es\\\/#website\"},\"primaryImageOfPage\":{\"@id\":\"https:\\\/\\\/mont-roig.cat\\\/es\\\/actualitat\\\/noticies\\\/el-ayuntamiento-de-mont-roig-del-camp-quiere-impulsar-la-geotermia-para-fomentar-la-sostenibilidad-energetica\\\/#primaryimage\"},\"image\":{\"@id\":\"https:\\\/\\\/mont-roig.cat\\\/es\\\/actualitat\\\/noticies\\\/el-ayuntamiento-de-mont-roig-del-camp-quiere-impulsar-la-geotermia-para-fomentar-la-sostenibilidad-energetica\\\/#primaryimage\"},\"thumbnailUrl\":\"https:\\\/\\\/mont-roig.cat\\\/wp-content\\\/uploads\\\/Geotermia.jpeg\",\"datePublished\":\"2024-12-13T10:11:04+00:00\",\"dateModified\":\"2024-12-13T10:14:33+00:00\",\"author\":{\"@id\":\"https:\\\/\\\/mont-roig.cat\\\/es\\\/#\\\/schema\\\/person\\\/1f73e7b5e6f9dd122e8a6f14f310ac5e\"},\"breadcrumb\":{\"@id\":\"https:\\\/\\\/mont-roig.cat\\\/es\\\/actualitat\\\/noticies\\\/el-ayuntamiento-de-mont-roig-del-camp-quiere-impulsar-la-geotermia-para-fomentar-la-sostenibilidad-energetica\\\/#breadcrumb\"},\"inLanguage\":\"es\",\"potentialAction\":[{\"@type\":\"ReadAction\",\"target\":[\"https:\\\/\\\/mont-roig.cat\\\/es\\\/actualitat\\\/noticies\\\/el-ayuntamiento-de-mont-roig-del-camp-quiere-impulsar-la-geotermia-para-fomentar-la-sostenibilidad-energetica\\\/\"]}]},{\"@type\":\"ImageObject\",\"inLanguage\":\"es\",\"@id\":\"https:\\\/\\\/mont-roig.cat\\\/es\\\/actualitat\\\/noticies\\\/el-ayuntamiento-de-mont-roig-del-camp-quiere-impulsar-la-geotermia-para-fomentar-la-sostenibilidad-energetica\\\/#primaryimage\",\"url\":\"https:\\\/\\\/mont-roig.cat\\\/wp-content\\\/uploads\\\/Geotermia.jpeg\",\"contentUrl\":\"https:\\\/\\\/mont-roig.cat\\\/wp-content\\\/uploads\\\/Geotermia.jpeg\",\"width\":1536,\"height\":2048},{\"@type\":\"BreadcrumbList\",\"@id\":\"https:\\\/\\\/mont-roig.cat\\\/es\\\/actualitat\\\/noticies\\\/el-ayuntamiento-de-mont-roig-del-camp-quiere-impulsar-la-geotermia-para-fomentar-la-sostenibilidad-energetica\\\/#breadcrumb\",\"itemListElement\":[{\"@type\":\"ListItem\",\"position\":1,\"name\":\"Inici\",\"item\":\"https:\\\/\\\/mont-roig.cat\\\/es\\\/pagina-de-inicio\\\/\"},{\"@type\":\"ListItem\",\"position\":2,\"name\":\"El Ayuntamiento de Mont-roig del Camp quiere impulsar la geotermia para fomentar la sostenibilidad energ\u00e9tica\"}]},{\"@type\":\"WebSite\",\"@id\":\"https:\\\/\\\/mont-roig.cat\\\/es\\\/#website\",\"url\":\"https:\\\/\\\/mont-roig.cat\\\/es\\\/\",\"name\":\"Ajuntament de Mont-roig del Camp\",\"description\":\"Tota la informaci\u00f3 sobre la instituci\u00f3, els seus \u00f2rgans de govern, actualitat, serveis i molt m\u00e9s.\",\"potentialAction\":[{\"@type\":\"SearchAction\",\"target\":{\"@type\":\"EntryPoint\",\"urlTemplate\":\"https:\\\/\\\/mont-roig.cat\\\/es\\\/?s={search_term_string}\"},\"query-input\":{\"@type\":\"PropertyValueSpecification\",\"valueRequired\":true,\"valueName\":\"search_term_string\"}}],\"inLanguage\":\"es\"},{\"@type\":\"Person\",\"@id\":\"https:\\\/\\\/mont-roig.cat\\\/es\\\/#\\\/schema\\\/person\\\/1f73e7b5e6f9dd122e8a6f14f310ac5e\",\"name\":\"comunicacio\",\"image\":{\"@type\":\"ImageObject\",\"inLanguage\":\"es\",\"@id\":\"https:\\\/\\\/secure.gravatar.com\\\/avatar\\\/98944333e7a877670a64f8d10f0cb680ab2c9ebc4efc43945ef004b52b5ad28c?s=96&d=mm&r=g\",\"url\":\"https:\\\/\\\/secure.gravatar.com\\\/avatar\\\/98944333e7a877670a64f8d10f0cb680ab2c9ebc4efc43945ef004b52b5ad28c?s=96&d=mm&r=g\",\"contentUrl\":\"https:\\\/\\\/secure.gravatar.com\\\/avatar\\\/98944333e7a877670a64f8d10f0cb680ab2c9ebc4efc43945ef004b52b5ad28c?s=96&d=mm&r=g\",\"caption\":\"comunicacio\"},\"url\":\"https:\\\/\\\/mont-roig.cat\\\/es\\\/actualitat\\\/noticies\\\/author\\\/comunicacio\\\/\"}]}<\/script>\n<!-- \/ Yoast SEO plugin. -->","yoast_head_json":{"title":"El Ayuntamiento de Mont-roig del Camp quiere impulsar la geotermia para fomentar la sostenibilidad energ\u00e9tica - Ajuntament de Mont-roig del Camp","robots":{"index":"index","follow":"follow","max-snippet":"max-snippet:-1","max-image-preview":"max-image-preview:large","max-video-preview":"max-video-preview:-1"},"canonical":"https:\/\/mont-roig.cat\/es\/actualitat\/noticies\/el-ayuntamiento-de-mont-roig-del-camp-quiere-impulsar-la-geotermia-para-fomentar-la-sostenibilidad-energetica\/","og_locale":"es_ES","og_type":"article","og_title":"El Ayuntamiento de Mont-roig del Camp quiere impulsar la geotermia para fomentar la sostenibilidad energ\u00e9tica - Ajuntament de Mont-roig del Camp","og_description":"Se est\u00e1 realizando un estudio para determinar si este sistema podr\u00eda implementarse en los edificios municipales La geotermia es una energ\u00eda renovable que aprovecha el calor acumulado en el subsuelo para climatizar edificios y generar agua caliente El Ayuntamiento de Mont-roig del Camp da un paso adelante en su apuesta por la sostenibilidad energ\u00e9tica, con [&hellip;]","og_url":"https:\/\/mont-roig.cat\/es\/actualitat\/noticies\/el-ayuntamiento-de-mont-roig-del-camp-quiere-impulsar-la-geotermia-para-fomentar-la-sostenibilidad-energetica\/","og_site_name":"Ajuntament de Mont-roig del Camp","article_published_time":"2024-12-13T10:11:04+00:00","article_modified_time":"2024-12-13T10:14:33+00:00","og_image":[{"width":1536,"height":2048,"url":"https:\/\/mont-roig.cat\/wp-content\/uploads\/Geotermia.jpeg","type":"image\/jpeg"}],"author":"comunicacio","twitter_card":"summary_large_image","twitter_misc":{"Escrito por":"comunicacio","Tiempo de lectura":"3 minutos"},"schema":{"@context":"https:\/\/schema.org","@graph":[{"@type":"Article","@id":"https:\/\/mont-roig.cat\/es\/actualitat\/noticies\/el-ayuntamiento-de-mont-roig-del-camp-quiere-impulsar-la-geotermia-para-fomentar-la-sostenibilidad-energetica\/#article","isPartOf":{"@id":"https:\/\/mont-roig.cat\/es\/actualitat\/noticies\/el-ayuntamiento-de-mont-roig-del-camp-quiere-impulsar-la-geotermia-para-fomentar-la-sostenibilidad-energetica\/"},"author":{"name":"comunicacio","@id":"https:\/\/mont-roig.cat\/es\/#\/schema\/person\/1f73e7b5e6f9dd122e8a6f14f310ac5e"},"headline":"El Ayuntamiento de Mont-roig del Camp quiere impulsar la geotermia para fomentar la sostenibilidad energ\u00e9tica","datePublished":"2024-12-13T10:11:04+00:00","dateModified":"2024-12-13T10:14:33+00:00","mainEntityOfPage":{"@id":"https:\/\/mont-roig.cat\/es\/actualitat\/noticies\/el-ayuntamiento-de-mont-roig-del-camp-quiere-impulsar-la-geotermia-para-fomentar-la-sostenibilidad-energetica\/"},"wordCount":403,"image":{"@id":"https:\/\/mont-roig.cat\/es\/actualitat\/noticies\/el-ayuntamiento-de-mont-roig-del-camp-quiere-impulsar-la-geotermia-para-fomentar-la-sostenibilidad-energetica\/#primaryimage"},"thumbnailUrl":"https:\/\/mont-roig.cat\/wp-content\/uploads\/Geotermia.jpeg","articleSection":["Ayuntamiento","Transici\u00f3 Energ\u00e8tica i Ecol\u00f2gica"],"inLanguage":"es"},{"@type":"WebPage","@id":"https:\/\/mont-roig.cat\/es\/actualitat\/noticies\/el-ayuntamiento-de-mont-roig-del-camp-quiere-impulsar-la-geotermia-para-fomentar-la-sostenibilidad-energetica\/","url":"https:\/\/mont-roig.cat\/es\/actualitat\/noticies\/el-ayuntamiento-de-mont-roig-del-camp-quiere-impulsar-la-geotermia-para-fomentar-la-sostenibilidad-energetica\/","name":"El Ayuntamiento de Mont-roig del Camp quiere impulsar la geotermia para fomentar la sostenibilidad energ\u00e9tica - Ajuntament de Mont-roig del Camp","isPartOf":{"@id":"https:\/\/mont-roig.cat\/es\/#website"},"primaryImageOfPage":{"@id":"https:\/\/mont-roig.cat\/es\/actualitat\/noticies\/el-ayuntamiento-de-mont-roig-del-camp-quiere-impulsar-la-geotermia-para-fomentar-la-sostenibilidad-energetica\/#primaryimage"},"image":{"@id":"https:\/\/mont-roig.cat\/es\/actualitat\/noticies\/el-ayuntamiento-de-mont-roig-del-camp-quiere-impulsar-la-geotermia-para-fomentar-la-sostenibilidad-energetica\/#primaryimage"},"thumbnailUrl":"https:\/\/mont-roig.cat\/wp-content\/uploads\/Geotermia.jpeg","datePublished":"2024-12-13T10:11:04+00:00","dateModified":"2024-12-13T10:14:33+00:00","author":{"@id":"https:\/\/mont-roig.cat\/es\/#\/schema\/person\/1f73e7b5e6f9dd122e8a6f14f310ac5e"},"breadcrumb":{"@id":"https:\/\/mont-roig.cat\/es\/actualitat\/noticies\/el-ayuntamiento-de-mont-roig-del-camp-quiere-impulsar-la-geotermia-para-fomentar-la-sostenibilidad-energetica\/#breadcrumb"},"inLanguage":"es","potentialAction":[{"@type":"ReadAction","target":["https:\/\/mont-roig.cat\/es\/actualitat\/noticies\/el-ayuntamiento-de-mont-roig-del-camp-quiere-impulsar-la-geotermia-para-fomentar-la-sostenibilidad-energetica\/"]}]},{"@type":"ImageObject","inLanguage":"es","@id":"https:\/\/mont-roig.cat\/es\/actualitat\/noticies\/el-ayuntamiento-de-mont-roig-del-camp-quiere-impulsar-la-geotermia-para-fomentar-la-sostenibilidad-energetica\/#primaryimage","url":"https:\/\/mont-roig.cat\/wp-content\/uploads\/Geotermia.jpeg","contentUrl":"https:\/\/mont-roig.cat\/wp-content\/uploads\/Geotermia.jpeg","width":1536,"height":2048},{"@type":"BreadcrumbList","@id":"https:\/\/mont-roig.cat\/es\/actualitat\/noticies\/el-ayuntamiento-de-mont-roig-del-camp-quiere-impulsar-la-geotermia-para-fomentar-la-sostenibilidad-energetica\/#breadcrumb","itemListElement":[{"@type":"ListItem","position":1,"name":"Inici","item":"https:\/\/mont-roig.cat\/es\/pagina-de-inicio\/"},{"@type":"ListItem","position":2,"name":"El Ayuntamiento de Mont-roig del Camp quiere impulsar la geotermia para fomentar la sostenibilidad energ\u00e9tica"}]},{"@type":"WebSite","@id":"https:\/\/mont-roig.cat\/es\/#website","url":"https:\/\/mont-roig.cat\/es\/","name":"Ajuntament de Mont-roig del Camp","description":"Tota la informaci\u00f3 sobre la instituci\u00f3, els seus \u00f2rgans de govern, actualitat, serveis i molt m\u00e9s.","potentialAction":[{"@type":"SearchAction","target":{"@type":"EntryPoint","urlTemplate":"https:\/\/mont-roig.cat\/es\/?s={search_term_string}"},"query-input":{"@type":"PropertyValueSpecification","valueRequired":true,"valueName":"search_term_string"}}],"inLanguage":"es"},{"@type":"Person","@id":"https:\/\/mont-roig.cat\/es\/#\/schema\/person\/1f73e7b5e6f9dd122e8a6f14f310ac5e","name":"comunicacio","image":{"@type":"ImageObject","inLanguage":"es","@id":"https:\/\/secure.gravatar.com\/avatar\/98944333e7a877670a64f8d10f0cb680ab2c9ebc4efc43945ef004b52b5ad28c?s=96&d=mm&r=g","url":"https:\/\/secure.gravatar.com\/avatar\/98944333e7a877670a64f8d10f0cb680ab2c9ebc4efc43945ef004b52b5ad28c?s=96&d=mm&r=g","contentUrl":"https:\/\/secure.gravatar.com\/avatar\/98944333e7a877670a64f8d10f0cb680ab2c9ebc4efc43945ef004b52b5ad28c?s=96&d=mm&r=g","caption":"comunicacio"},"url":"https:\/\/mont-roig.cat\/es\/actualitat\/noticies\/author\/comunicacio\/"}]}},"_links":{"self":[{"href":"https:\/\/mont-roig.cat\/es\/wp-json\/wp\/v2\/posts\/79973","targetHints":{"allow":["GET"]}}],"collection":[{"href":"https:\/\/mont-roig.cat\/es\/wp-json\/wp\/v2\/posts"}],"about":[{"href":"https:\/\/mont-roig.cat\/es\/wp-json\/wp\/v2\/types\/post"}],"author":[{"embeddable":true,"href":"https:\/\/mont-roig.cat\/es\/wp-json\/wp\/v2\/users\/13"}],"replies":[{"embeddable":true,"href":"https:\/\/mont-roig.cat\/es\/wp-json\/wp\/v2\/comments?post=79973"}],"version-history":[{"count":2,"href":"https:\/\/mont-roig.cat\/es\/wp-json\/wp\/v2\/posts\/79973\/revisions"}],"predecessor-version":[{"id":79975,"href":"https:\/\/mont-roig.cat\/es\/wp-json\/wp\/v2\/posts\/79973\/revisions\/79975"}],"wp:featuredmedia":[{"embeddable":true,"href":"https:\/\/mont-roig.cat\/es\/wp-json\/wp\/v2\/media\/79970"}],"wp:attachment":[{"href":"https:\/\/mont-roig.cat\/es\/wp-json\/wp\/v2\/media?parent=79973"}],"wp:term":[{"taxonomy":"category","embeddable":true,"href":"https:\/\/mont-roig.cat\/es\/wp-json\/wp\/v2\/categories?post=79973"},{"taxonomy":"post_tag","embeddable":true,"href":"https:\/\/mont-roig.cat\/es\/wp-json\/wp\/v2\/tags?post=79973"}],"curies":[{"name":"wp","href":"https:\/\/api.w.org\/{rel}","templated":true}]}}