{"id":80024,"date":"2024-12-18T14:51:25","date_gmt":"2024-12-18T13:51:25","guid":{"rendered":"https:\/\/mont-roig.cat\/?p=80024"},"modified":"2024-12-18T14:53:45","modified_gmt":"2024-12-18T13:53:45","slug":"el-ayuntamiento-de-mont-roig-del-camp-se-reune-con-vecinos-de-miami-platja-para-analizar-las-obras-del-passeig-de-les-cales","status":"publish","type":"post","link":"https:\/\/mont-roig.cat\/es\/actualitat\/noticies\/el-ayuntamiento-de-mont-roig-del-camp-se-reune-con-vecinos-de-miami-platja-para-analizar-las-obras-del-passeig-de-les-cales\/","title":{"rendered":"El Ayuntamiento de Mont-roig del Camp se re\u00fane con vecinos de Miami Platja para analizar las obras del Passeig de les Cales"},"content":{"rendered":"<div id=\"attachment_80021\" style=\"width: 313px\" class=\"wp-caption alignright\"><a href=\"https:\/\/mont-roig.cat\/wp-content\/uploads\/Reunio-Miami-Platja-veins.jpg\" target=\"_blank\" rel=\"noopener\"><img loading=\"lazy\" decoding=\"async\" aria-describedby=\"caption-attachment-80021\" class=\"wp-image-80021\" src=\"https:\/\/mont-roig.cat\/wp-content\/uploads\/Reunio-Miami-Platja-veins-500x375.jpg\" alt=\"\" width=\"303\" height=\"227\" srcset=\"https:\/\/mont-roig.cat\/wp-content\/uploads\/Reunio-Miami-Platja-veins-500x375.jpg 500w, https:\/\/mont-roig.cat\/wp-content\/uploads\/Reunio-Miami-Platja-veins-1024x768.jpg 1024w, https:\/\/mont-roig.cat\/wp-content\/uploads\/Reunio-Miami-Platja-veins-768x576.jpg 768w, https:\/\/mont-roig.cat\/wp-content\/uploads\/Reunio-Miami-Platja-veins-1536x1152.jpg 1536w, https:\/\/mont-roig.cat\/wp-content\/uploads\/Reunio-Miami-Platja-veins-463x348.jpg 463w, https:\/\/mont-roig.cat\/wp-content\/uploads\/Reunio-Miami-Platja-veins.jpg 1600w\" sizes=\"auto, (max-width: 303px) 100vw, 303px\" \/><\/a><p id=\"caption-attachment-80021\" class=\"wp-caption-text\">Imagen de la reuni\u00f3n celebrada en las oficinas municipales de Miami Platja.<\/p><\/div>\n<div class=\"flex max-w-full flex-col flex-grow\">\n<div class=\"min-h-8 text-message flex w-full flex-col items-end gap-2 whitespace-normal break-words text-start [.text-message+&amp;]:mt-5\" dir=\"auto\" data-message-author-role=\"assistant\" data-message-id=\"8f4b70a8-4354-40ee-8621-6defa1d0a333\" data-message-model-slug=\"gpt-4o\">\n<div class=\"flex w-full flex-col gap-1 empty:hidden first:pt-[3px]\">\n<div class=\"markdown prose w-full break-words dark:prose-invert light\">\n<ul>\n<li><strong>El consistorio considera que las explicaciones ofrecidas al vecindario han permitido aclarar diversas cuestiones y preocupaciones.<\/strong><\/li>\n<\/ul>\n<p>El pasado jueves se celebr\u00f3 una reuni\u00f3n entre l\u2019Ajuntament de Mont-roig del Camp, representado por el concejal de Obras Miguel del Viso, t\u00e9cnicos de la empresa municipal Nostraigua, representantes del Servicio Provincial de Costas del Ministerio para la Transici\u00f3n Ecol\u00f3gica, y representantes del vecindario y de diversas comunidades de vecinos de Miami Platja en las oficinas municipales de Miami Platja. Este encuentro, convocado a instancia del vecindario, sirvi\u00f3 para aclarar diversas cuestiones relacionadas con las obras del recientemente recepcionado Passeig de les Cales. En particular, se trataron temas t\u00e9cnicos que preocupan a los vecinos, como el sistema de pluviales y el drenaje de las aguas hacia la arena de las playas. Los asistentes pudieron expresar sus dudas e inquietudes directamente a los t\u00e9cnicos responsables y a los representantes de Costas y Nostraigua, en una reuni\u00f3n que ha sido valorada muy positivamente por el Ayuntamiento.<\/p>\n<p><strong>Finalizaci\u00f3n de las obras del Passeig de les Cales<\/strong><br \/>\nTras unas semanas de retrasos ocasionados por los desperfectos del \u00faltimo temporal, el Servicio Provincial de Costas recepcion\u00f3 formalmente las obras del Passeig de les Cales a finales del mes pasado. Estas obras, iniciadas en septiembre de 2023, constituyen un proyecto largamente reivindicado por el municipio, que representa un punto de inflexi\u00f3n para Miami Platja y supone una mejora significativa tanto para los vecinos como para los visitantes.<\/p>\n<p>Sin embargo, quedaban pendientes algunos ajustes para garantizar la plena funcionalidad del paseo. Por este motivo, el Ayuntamiento ha realizado un seguimiento detallado de los trabajos y present\u00f3 al Servicio Provincial de Costas un listado de puntos a mejorar, exigiendo su resoluci\u00f3n para alcanzar los m\u00e1ximos est\u00e1ndares de calidad y confort. De hecho, el jefe de la obra confirm\u00f3 durante la reuni\u00f3n que es necesario dar tiempo al sistema de pluviales para observar c\u00f3mo funciona durante las lluvias, y a\u00f1adi\u00f3 que, en caso de ser necesario, se adaptar\u00e1 a las necesidades que se detecten.<\/p>\n<\/div>\n<\/div>\n<\/div>\n<\/div>\n<div class=\"mb-2 flex gap-3 empty:hidden -ml-2\">\n<div class=\"items-center justify-start rounded-xl p-1 flex\">\n<div class=\"flex items-center\">\n<p>&nbsp;<\/p>\n<div class=\"flex\"><\/div>\n<div class=\"flex items-center pb-0\"><span class=\"overflow-hidden text-clip whitespace-nowrap text-sm\">4o<\/span><\/div>\n<\/div>\n<\/div>\n<\/div>\n","protected":false},"excerpt":{"rendered":"<p>El consistorio considera que las explicaciones ofrecidas al vecindario han permitido aclarar diversas cuestiones y preocupaciones. El pasado jueves se celebr\u00f3 una reuni\u00f3n entre l\u2019Ajuntament de Mont-roig del Camp, representado por el concejal de Obras Miguel del Viso, t\u00e9cnicos de la empresa municipal Nostraigua, representantes del Servicio Provincial de Costas del Ministerio para la Transici\u00f3n [&hellip;]<\/p>\n","protected":false},"author":13,"featured_media":80022,"comment_status":"closed","ping_status":"closed","sticky":false,"template":"","format":"standard","meta":{"inline_featured_image":false,"_monsterinsights_skip_tracking":false,"_monsterinsights_sitenote_active":false,"_monsterinsights_sitenote_note":"","_monsterinsights_sitenote_category":0,"footnotes":""},"categories":[98,116],"tags":[],"class_list":["post-80024","post","type-post","status-publish","format-standard","has-post-thumbnail","hentry","category-ayuntamiento","category-urbanismo-y-obras"],"yoast_head":"<!-- This site is optimized with the Yoast SEO plugin v27.4 - https:\/\/yoast.com\/product\/yoast-seo-wordpress\/ -->\n<title>El Ayuntamiento de Mont-roig del Camp se re\u00fane con vecinos de Miami Platja para analizar las obras del Passeig de les Cales - Ajuntament de Mont-roig del Camp<\/title>\n<meta name=\"robots\" content=\"index, follow, max-snippet:-1, max-image-preview:large, max-video-preview:-1\" \/>\n<link rel=\"canonical\" href=\"https:\/\/mont-roig.cat\/es\/actualitat\/noticies\/el-ayuntamiento-de-mont-roig-del-camp-se-reune-con-vecinos-de-miami-platja-para-analizar-las-obras-del-passeig-de-les-cales\/\" \/>\n<meta property=\"og:locale\" content=\"es_ES\" \/>\n<meta property=\"og:type\" content=\"article\" \/>\n<meta property=\"og:title\" content=\"El Ayuntamiento de Mont-roig del Camp se re\u00fane con vecinos de Miami Platja para analizar las obras del Passeig de les Cales - Ajuntament de Mont-roig del Camp\" \/>\n<meta property=\"og:description\" content=\"El consistorio considera que las explicaciones ofrecidas al vecindario han permitido aclarar diversas cuestiones y preocupaciones. El pasado jueves se celebr\u00f3 una reuni\u00f3n entre l\u2019Ajuntament de Mont-roig del Camp, representado por el concejal de Obras Miguel del Viso, t\u00e9cnicos de la empresa municipal Nostraigua, representantes del Servicio Provincial de Costas del Ministerio para la Transici\u00f3n [&hellip;]\" \/>\n<meta property=\"og:url\" content=\"https:\/\/mont-roig.cat\/es\/actualitat\/noticies\/el-ayuntamiento-de-mont-roig-del-camp-se-reune-con-vecinos-de-miami-platja-para-analizar-las-obras-del-passeig-de-les-cales\/\" \/>\n<meta property=\"og:site_name\" content=\"Ajuntament de Mont-roig del Camp\" \/>\n<meta property=\"article:published_time\" content=\"2024-12-18T13:51:25+00:00\" \/>\n<meta property=\"article:modified_time\" content=\"2024-12-18T13:53:45+00:00\" \/>\n<meta property=\"og:image\" content=\"https:\/\/mont-roig.cat\/wp-content\/uploads\/Reunio-Miami-Platja-veins.jpg\" \/>\n\t<meta property=\"og:image:width\" content=\"1600\" \/>\n\t<meta property=\"og:image:height\" content=\"1200\" \/>\n\t<meta property=\"og:image:type\" content=\"image\/jpeg\" \/>\n<meta name=\"author\" content=\"comunicacio\" \/>\n<meta name=\"twitter:card\" content=\"summary_large_image\" \/>\n<meta name=\"twitter:label1\" content=\"Escrito por\" \/>\n\t<meta name=\"twitter:data1\" content=\"comunicacio\" \/>\n\t<meta name=\"twitter:label2\" content=\"Tiempo de lectura\" \/>\n\t<meta name=\"twitter:data2\" content=\"3 minutos\" \/>\n<script type=\"application\/ld+json\" class=\"yoast-schema-graph\">{\"@context\":\"https:\\\/\\\/schema.org\",\"@graph\":[{\"@type\":\"Article\",\"@id\":\"https:\\\/\\\/mont-roig.cat\\\/es\\\/actualitat\\\/noticies\\\/el-ayuntamiento-de-mont-roig-del-camp-se-reune-con-vecinos-de-miami-platja-para-analizar-las-obras-del-passeig-de-les-cales\\\/#article\",\"isPartOf\":{\"@id\":\"https:\\\/\\\/mont-roig.cat\\\/es\\\/actualitat\\\/noticies\\\/el-ayuntamiento-de-mont-roig-del-camp-se-reune-con-vecinos-de-miami-platja-para-analizar-las-obras-del-passeig-de-les-cales\\\/\"},\"author\":{\"name\":\"comunicacio\",\"@id\":\"https:\\\/\\\/mont-roig.cat\\\/es\\\/#\\\/schema\\\/person\\\/1f73e7b5e6f9dd122e8a6f14f310ac5e\"},\"headline\":\"El Ayuntamiento de Mont-roig del Camp se re\u00fane con vecinos de Miami Platja para analizar las obras del Passeig de les Cales\",\"datePublished\":\"2024-12-18T13:51:25+00:00\",\"dateModified\":\"2024-12-18T13:53:45+00:00\",\"mainEntityOfPage\":{\"@id\":\"https:\\\/\\\/mont-roig.cat\\\/es\\\/actualitat\\\/noticies\\\/el-ayuntamiento-de-mont-roig-del-camp-se-reune-con-vecinos-de-miami-platja-para-analizar-las-obras-del-passeig-de-les-cales\\\/\"},\"wordCount\":391,\"image\":{\"@id\":\"https:\\\/\\\/mont-roig.cat\\\/es\\\/actualitat\\\/noticies\\\/el-ayuntamiento-de-mont-roig-del-camp-se-reune-con-vecinos-de-miami-platja-para-analizar-las-obras-del-passeig-de-les-cales\\\/#primaryimage\"},\"thumbnailUrl\":\"https:\\\/\\\/mont-roig.cat\\\/wp-content\\\/uploads\\\/Reunio-Miami-Platja-veins.jpg\",\"articleSection\":[\"Ayuntamiento\",\"Urbanismo y obras\"],\"inLanguage\":\"es\"},{\"@type\":\"WebPage\",\"@id\":\"https:\\\/\\\/mont-roig.cat\\\/es\\\/actualitat\\\/noticies\\\/el-ayuntamiento-de-mont-roig-del-camp-se-reune-con-vecinos-de-miami-platja-para-analizar-las-obras-del-passeig-de-les-cales\\\/\",\"url\":\"https:\\\/\\\/mont-roig.cat\\\/es\\\/actualitat\\\/noticies\\\/el-ayuntamiento-de-mont-roig-del-camp-se-reune-con-vecinos-de-miami-platja-para-analizar-las-obras-del-passeig-de-les-cales\\\/\",\"name\":\"El Ayuntamiento de Mont-roig del Camp se re\u00fane con vecinos de Miami Platja para analizar las obras del Passeig de les Cales - Ajuntament de Mont-roig del Camp\",\"isPartOf\":{\"@id\":\"https:\\\/\\\/mont-roig.cat\\\/es\\\/#website\"},\"primaryImageOfPage\":{\"@id\":\"https:\\\/\\\/mont-roig.cat\\\/es\\\/actualitat\\\/noticies\\\/el-ayuntamiento-de-mont-roig-del-camp-se-reune-con-vecinos-de-miami-platja-para-analizar-las-obras-del-passeig-de-les-cales\\\/#primaryimage\"},\"image\":{\"@id\":\"https:\\\/\\\/mont-roig.cat\\\/es\\\/actualitat\\\/noticies\\\/el-ayuntamiento-de-mont-roig-del-camp-se-reune-con-vecinos-de-miami-platja-para-analizar-las-obras-del-passeig-de-les-cales\\\/#primaryimage\"},\"thumbnailUrl\":\"https:\\\/\\\/mont-roig.cat\\\/wp-content\\\/uploads\\\/Reunio-Miami-Platja-veins.jpg\",\"datePublished\":\"2024-12-18T13:51:25+00:00\",\"dateModified\":\"2024-12-18T13:53:45+00:00\",\"author\":{\"@id\":\"https:\\\/\\\/mont-roig.cat\\\/es\\\/#\\\/schema\\\/person\\\/1f73e7b5e6f9dd122e8a6f14f310ac5e\"},\"breadcrumb\":{\"@id\":\"https:\\\/\\\/mont-roig.cat\\\/es\\\/actualitat\\\/noticies\\\/el-ayuntamiento-de-mont-roig-del-camp-se-reune-con-vecinos-de-miami-platja-para-analizar-las-obras-del-passeig-de-les-cales\\\/#breadcrumb\"},\"inLanguage\":\"es\",\"potentialAction\":[{\"@type\":\"ReadAction\",\"target\":[\"https:\\\/\\\/mont-roig.cat\\\/es\\\/actualitat\\\/noticies\\\/el-ayuntamiento-de-mont-roig-del-camp-se-reune-con-vecinos-de-miami-platja-para-analizar-las-obras-del-passeig-de-les-cales\\\/\"]}]},{\"@type\":\"ImageObject\",\"inLanguage\":\"es\",\"@id\":\"https:\\\/\\\/mont-roig.cat\\\/es\\\/actualitat\\\/noticies\\\/el-ayuntamiento-de-mont-roig-del-camp-se-reune-con-vecinos-de-miami-platja-para-analizar-las-obras-del-passeig-de-les-cales\\\/#primaryimage\",\"url\":\"https:\\\/\\\/mont-roig.cat\\\/wp-content\\\/uploads\\\/Reunio-Miami-Platja-veins.jpg\",\"contentUrl\":\"https:\\\/\\\/mont-roig.cat\\\/wp-content\\\/uploads\\\/Reunio-Miami-Platja-veins.jpg\",\"width\":1600,\"height\":1200},{\"@type\":\"BreadcrumbList\",\"@id\":\"https:\\\/\\\/mont-roig.cat\\\/es\\\/actualitat\\\/noticies\\\/el-ayuntamiento-de-mont-roig-del-camp-se-reune-con-vecinos-de-miami-platja-para-analizar-las-obras-del-passeig-de-les-cales\\\/#breadcrumb\",\"itemListElement\":[{\"@type\":\"ListItem\",\"position\":1,\"name\":\"Inici\",\"item\":\"https:\\\/\\\/mont-roig.cat\\\/es\\\/pagina-de-inicio\\\/\"},{\"@type\":\"ListItem\",\"position\":2,\"name\":\"El Ayuntamiento de Mont-roig del Camp se re\u00fane con vecinos de Miami Platja para analizar las obras del Passeig de les Cales\"}]},{\"@type\":\"WebSite\",\"@id\":\"https:\\\/\\\/mont-roig.cat\\\/es\\\/#website\",\"url\":\"https:\\\/\\\/mont-roig.cat\\\/es\\\/\",\"name\":\"Ajuntament de Mont-roig del Camp\",\"description\":\"Tota la informaci\u00f3 sobre la instituci\u00f3, els seus \u00f2rgans de govern, actualitat, serveis i molt m\u00e9s.\",\"potentialAction\":[{\"@type\":\"SearchAction\",\"target\":{\"@type\":\"EntryPoint\",\"urlTemplate\":\"https:\\\/\\\/mont-roig.cat\\\/es\\\/?s={search_term_string}\"},\"query-input\":{\"@type\":\"PropertyValueSpecification\",\"valueRequired\":true,\"valueName\":\"search_term_string\"}}],\"inLanguage\":\"es\"},{\"@type\":\"Person\",\"@id\":\"https:\\\/\\\/mont-roig.cat\\\/es\\\/#\\\/schema\\\/person\\\/1f73e7b5e6f9dd122e8a6f14f310ac5e\",\"name\":\"comunicacio\",\"image\":{\"@type\":\"ImageObject\",\"inLanguage\":\"es\",\"@id\":\"https:\\\/\\\/secure.gravatar.com\\\/avatar\\\/98944333e7a877670a64f8d10f0cb680ab2c9ebc4efc43945ef004b52b5ad28c?s=96&d=mm&r=g\",\"url\":\"https:\\\/\\\/secure.gravatar.com\\\/avatar\\\/98944333e7a877670a64f8d10f0cb680ab2c9ebc4efc43945ef004b52b5ad28c?s=96&d=mm&r=g\",\"contentUrl\":\"https:\\\/\\\/secure.gravatar.com\\\/avatar\\\/98944333e7a877670a64f8d10f0cb680ab2c9ebc4efc43945ef004b52b5ad28c?s=96&d=mm&r=g\",\"caption\":\"comunicacio\"},\"url\":\"https:\\\/\\\/mont-roig.cat\\\/es\\\/actualitat\\\/noticies\\\/author\\\/comunicacio\\\/\"}]}<\/script>\n<!-- \/ Yoast SEO plugin. -->","yoast_head_json":{"title":"El Ayuntamiento de Mont-roig del Camp se re\u00fane con vecinos de Miami Platja para analizar las obras del Passeig de les Cales - Ajuntament de Mont-roig del Camp","robots":{"index":"index","follow":"follow","max-snippet":"max-snippet:-1","max-image-preview":"max-image-preview:large","max-video-preview":"max-video-preview:-1"},"canonical":"https:\/\/mont-roig.cat\/es\/actualitat\/noticies\/el-ayuntamiento-de-mont-roig-del-camp-se-reune-con-vecinos-de-miami-platja-para-analizar-las-obras-del-passeig-de-les-cales\/","og_locale":"es_ES","og_type":"article","og_title":"El Ayuntamiento de Mont-roig del Camp se re\u00fane con vecinos de Miami Platja para analizar las obras del Passeig de les Cales - Ajuntament de Mont-roig del Camp","og_description":"El consistorio considera que las explicaciones ofrecidas al vecindario han permitido aclarar diversas cuestiones y preocupaciones. El pasado jueves se celebr\u00f3 una reuni\u00f3n entre l\u2019Ajuntament de Mont-roig del Camp, representado por el concejal de Obras Miguel del Viso, t\u00e9cnicos de la empresa municipal Nostraigua, representantes del Servicio Provincial de Costas del Ministerio para la Transici\u00f3n [&hellip;]","og_url":"https:\/\/mont-roig.cat\/es\/actualitat\/noticies\/el-ayuntamiento-de-mont-roig-del-camp-se-reune-con-vecinos-de-miami-platja-para-analizar-las-obras-del-passeig-de-les-cales\/","og_site_name":"Ajuntament de Mont-roig del Camp","article_published_time":"2024-12-18T13:51:25+00:00","article_modified_time":"2024-12-18T13:53:45+00:00","og_image":[{"width":1600,"height":1200,"url":"https:\/\/mont-roig.cat\/wp-content\/uploads\/Reunio-Miami-Platja-veins.jpg","type":"image\/jpeg"}],"author":"comunicacio","twitter_card":"summary_large_image","twitter_misc":{"Escrito por":"comunicacio","Tiempo de lectura":"3 minutos"},"schema":{"@context":"https:\/\/schema.org","@graph":[{"@type":"Article","@id":"https:\/\/mont-roig.cat\/es\/actualitat\/noticies\/el-ayuntamiento-de-mont-roig-del-camp-se-reune-con-vecinos-de-miami-platja-para-analizar-las-obras-del-passeig-de-les-cales\/#article","isPartOf":{"@id":"https:\/\/mont-roig.cat\/es\/actualitat\/noticies\/el-ayuntamiento-de-mont-roig-del-camp-se-reune-con-vecinos-de-miami-platja-para-analizar-las-obras-del-passeig-de-les-cales\/"},"author":{"name":"comunicacio","@id":"https:\/\/mont-roig.cat\/es\/#\/schema\/person\/1f73e7b5e6f9dd122e8a6f14f310ac5e"},"headline":"El Ayuntamiento de Mont-roig del Camp se re\u00fane con vecinos de Miami Platja para analizar las obras del Passeig de les Cales","datePublished":"2024-12-18T13:51:25+00:00","dateModified":"2024-12-18T13:53:45+00:00","mainEntityOfPage":{"@id":"https:\/\/mont-roig.cat\/es\/actualitat\/noticies\/el-ayuntamiento-de-mont-roig-del-camp-se-reune-con-vecinos-de-miami-platja-para-analizar-las-obras-del-passeig-de-les-cales\/"},"wordCount":391,"image":{"@id":"https:\/\/mont-roig.cat\/es\/actualitat\/noticies\/el-ayuntamiento-de-mont-roig-del-camp-se-reune-con-vecinos-de-miami-platja-para-analizar-las-obras-del-passeig-de-les-cales\/#primaryimage"},"thumbnailUrl":"https:\/\/mont-roig.cat\/wp-content\/uploads\/Reunio-Miami-Platja-veins.jpg","articleSection":["Ayuntamiento","Urbanismo y obras"],"inLanguage":"es"},{"@type":"WebPage","@id":"https:\/\/mont-roig.cat\/es\/actualitat\/noticies\/el-ayuntamiento-de-mont-roig-del-camp-se-reune-con-vecinos-de-miami-platja-para-analizar-las-obras-del-passeig-de-les-cales\/","url":"https:\/\/mont-roig.cat\/es\/actualitat\/noticies\/el-ayuntamiento-de-mont-roig-del-camp-se-reune-con-vecinos-de-miami-platja-para-analizar-las-obras-del-passeig-de-les-cales\/","name":"El Ayuntamiento de Mont-roig del Camp se re\u00fane con vecinos de Miami Platja para analizar las obras del Passeig de les Cales - Ajuntament de Mont-roig del Camp","isPartOf":{"@id":"https:\/\/mont-roig.cat\/es\/#website"},"primaryImageOfPage":{"@id":"https:\/\/mont-roig.cat\/es\/actualitat\/noticies\/el-ayuntamiento-de-mont-roig-del-camp-se-reune-con-vecinos-de-miami-platja-para-analizar-las-obras-del-passeig-de-les-cales\/#primaryimage"},"image":{"@id":"https:\/\/mont-roig.cat\/es\/actualitat\/noticies\/el-ayuntamiento-de-mont-roig-del-camp-se-reune-con-vecinos-de-miami-platja-para-analizar-las-obras-del-passeig-de-les-cales\/#primaryimage"},"thumbnailUrl":"https:\/\/mont-roig.cat\/wp-content\/uploads\/Reunio-Miami-Platja-veins.jpg","datePublished":"2024-12-18T13:51:25+00:00","dateModified":"2024-12-18T13:53:45+00:00","author":{"@id":"https:\/\/mont-roig.cat\/es\/#\/schema\/person\/1f73e7b5e6f9dd122e8a6f14f310ac5e"},"breadcrumb":{"@id":"https:\/\/mont-roig.cat\/es\/actualitat\/noticies\/el-ayuntamiento-de-mont-roig-del-camp-se-reune-con-vecinos-de-miami-platja-para-analizar-las-obras-del-passeig-de-les-cales\/#breadcrumb"},"inLanguage":"es","potentialAction":[{"@type":"ReadAction","target":["https:\/\/mont-roig.cat\/es\/actualitat\/noticies\/el-ayuntamiento-de-mont-roig-del-camp-se-reune-con-vecinos-de-miami-platja-para-analizar-las-obras-del-passeig-de-les-cales\/"]}]},{"@type":"ImageObject","inLanguage":"es","@id":"https:\/\/mont-roig.cat\/es\/actualitat\/noticies\/el-ayuntamiento-de-mont-roig-del-camp-se-reune-con-vecinos-de-miami-platja-para-analizar-las-obras-del-passeig-de-les-cales\/#primaryimage","url":"https:\/\/mont-roig.cat\/wp-content\/uploads\/Reunio-Miami-Platja-veins.jpg","contentUrl":"https:\/\/mont-roig.cat\/wp-content\/uploads\/Reunio-Miami-Platja-veins.jpg","width":1600,"height":1200},{"@type":"BreadcrumbList","@id":"https:\/\/mont-roig.cat\/es\/actualitat\/noticies\/el-ayuntamiento-de-mont-roig-del-camp-se-reune-con-vecinos-de-miami-platja-para-analizar-las-obras-del-passeig-de-les-cales\/#breadcrumb","itemListElement":[{"@type":"ListItem","position":1,"name":"Inici","item":"https:\/\/mont-roig.cat\/es\/pagina-de-inicio\/"},{"@type":"ListItem","position":2,"name":"El Ayuntamiento de Mont-roig del Camp se re\u00fane con vecinos de Miami Platja para analizar las obras del Passeig de les Cales"}]},{"@type":"WebSite","@id":"https:\/\/mont-roig.cat\/es\/#website","url":"https:\/\/mont-roig.cat\/es\/","name":"Ajuntament de Mont-roig del Camp","description":"Tota la informaci\u00f3 sobre la instituci\u00f3, els seus \u00f2rgans de govern, actualitat, serveis i molt m\u00e9s.","potentialAction":[{"@type":"SearchAction","target":{"@type":"EntryPoint","urlTemplate":"https:\/\/mont-roig.cat\/es\/?s={search_term_string}"},"query-input":{"@type":"PropertyValueSpecification","valueRequired":true,"valueName":"search_term_string"}}],"inLanguage":"es"},{"@type":"Person","@id":"https:\/\/mont-roig.cat\/es\/#\/schema\/person\/1f73e7b5e6f9dd122e8a6f14f310ac5e","name":"comunicacio","image":{"@type":"ImageObject","inLanguage":"es","@id":"https:\/\/secure.gravatar.com\/avatar\/98944333e7a877670a64f8d10f0cb680ab2c9ebc4efc43945ef004b52b5ad28c?s=96&d=mm&r=g","url":"https:\/\/secure.gravatar.com\/avatar\/98944333e7a877670a64f8d10f0cb680ab2c9ebc4efc43945ef004b52b5ad28c?s=96&d=mm&r=g","contentUrl":"https:\/\/secure.gravatar.com\/avatar\/98944333e7a877670a64f8d10f0cb680ab2c9ebc4efc43945ef004b52b5ad28c?s=96&d=mm&r=g","caption":"comunicacio"},"url":"https:\/\/mont-roig.cat\/es\/actualitat\/noticies\/author\/comunicacio\/"}]}},"_links":{"self":[{"href":"https:\/\/mont-roig.cat\/es\/wp-json\/wp\/v2\/posts\/80024","targetHints":{"allow":["GET"]}}],"collection":[{"href":"https:\/\/mont-roig.cat\/es\/wp-json\/wp\/v2\/posts"}],"about":[{"href":"https:\/\/mont-roig.cat\/es\/wp-json\/wp\/v2\/types\/post"}],"author":[{"embeddable":true,"href":"https:\/\/mont-roig.cat\/es\/wp-json\/wp\/v2\/users\/13"}],"replies":[{"embeddable":true,"href":"https:\/\/mont-roig.cat\/es\/wp-json\/wp\/v2\/comments?post=80024"}],"version-history":[{"count":2,"href":"https:\/\/mont-roig.cat\/es\/wp-json\/wp\/v2\/posts\/80024\/revisions"}],"predecessor-version":[{"id":80026,"href":"https:\/\/mont-roig.cat\/es\/wp-json\/wp\/v2\/posts\/80024\/revisions\/80026"}],"wp:featuredmedia":[{"embeddable":true,"href":"https:\/\/mont-roig.cat\/es\/wp-json\/wp\/v2\/media\/80022"}],"wp:attachment":[{"href":"https:\/\/mont-roig.cat\/es\/wp-json\/wp\/v2\/media?parent=80024"}],"wp:term":[{"taxonomy":"category","embeddable":true,"href":"https:\/\/mont-roig.cat\/es\/wp-json\/wp\/v2\/categories?post=80024"},{"taxonomy":"post_tag","embeddable":true,"href":"https:\/\/mont-roig.cat\/es\/wp-json\/wp\/v2\/tags?post=80024"}],"curies":[{"name":"wp","href":"https:\/\/api.w.org\/{rel}","templated":true}]}}