{"id":80047,"date":"2024-12-20T18:22:41","date_gmt":"2024-12-20T17:22:41","guid":{"rendered":"https:\/\/mont-roig.cat\/actualitat\/noticies\/el-ple-de-lajuntament-de-mont-roig-del-camp-aprova-un-pressupost-de-3207-milions-deuros-per-al-2025\/"},"modified":"2024-12-20T18:49:28","modified_gmt":"2024-12-20T17:49:28","slug":"el-pleno-del-ayuntamiento-de-mont-roig-del-camp-aprueba-un-presupuesto-de-3207-millones-de-euros-para-2025","status":"publish","type":"post","link":"https:\/\/mont-roig.cat\/es\/actualitat\/noticies\/el-pleno-del-ayuntamiento-de-mont-roig-del-camp-aprueba-un-presupuesto-de-3207-millones-de-euros-para-2025\/","title":{"rendered":"El Pleno del Ayuntamiento de Mont-roig del Camp aprueba un presupuesto de 32,07 millones de euros para 2025"},"content":{"rendered":"<div id=\"attachment_80043\" style=\"width: 310px\" class=\"wp-caption alignright\"><a href=\"https:\/\/mont-roig.cat\/wp-content\/uploads\/Ple-extraordinari-desembre.jpg\" target=\"_blank\" rel=\"noopener\"><img loading=\"lazy\" decoding=\"async\" aria-describedby=\"caption-attachment-80043\" class=\"wp-image-80043\" src=\"https:\/\/mont-roig.cat\/wp-content\/uploads\/Ple-extraordinari-desembre-500x375.jpg\" alt=\"\" width=\"300\" height=\"225\" srcset=\"https:\/\/mont-roig.cat\/wp-content\/uploads\/Ple-extraordinari-desembre-500x375.jpg 500w, https:\/\/mont-roig.cat\/wp-content\/uploads\/Ple-extraordinari-desembre-1024x768.jpg 1024w, https:\/\/mont-roig.cat\/wp-content\/uploads\/Ple-extraordinari-desembre-768x576.jpg 768w, https:\/\/mont-roig.cat\/wp-content\/uploads\/Ple-extraordinari-desembre-1536x1152.jpg 1536w, https:\/\/mont-roig.cat\/wp-content\/uploads\/Ple-extraordinari-desembre-463x348.jpg 463w, https:\/\/mont-roig.cat\/wp-content\/uploads\/Ple-extraordinari-desembre.jpg 1600w\" sizes=\"auto, (max-width: 300px) 100vw, 300px\" \/><\/a><p id=\"caption-attachment-80043\" class=\"wp-caption-text\">Votaci\u00f3n de los Presupuestos de Mont-roig 2025.<\/p><\/div>\n<div class=\"flex max-w-full flex-col flex-grow\">\n<div class=\"min-h-8 text-message flex w-full flex-col items-end gap-2 whitespace-normal break-words text-start [.text-message+&amp;]:mt-5\" dir=\"auto\" data-message-author-role=\"assistant\" data-message-id=\"edc15e32-b88c-44bd-b044-7050301b5de6\" data-message-model-slug=\"gpt-4o\">\n<div class=\"flex w-full flex-col gap-1 empty:hidden first:pt-[3px]\">\n<div class=\"markdown prose w-full break-words dark:prose-invert light\">\n<ul>\n<li><strong>La aprobaci\u00f3n se ha hecho en un contexto de previsi\u00f3n de estabilidad financiera, con una disminuci\u00f3n de las inversiones debido a que muchos de los proyectos importantes ya est\u00e1n iniciados y un aumento en el cap\u00edtulo de personal.<\/strong><\/li>\n<\/ul>\n<p>El Pleno del Ayuntamiento ha aprobado este viernes 20 de diciembre el Presupuesto Municipal para el a\u00f1o 2025, que asciende a 32,07 millones de euros, un 2,74% inferior al del ejercicio 2024. Su aprobaci\u00f3n se ha realizado en un contexto de previsi\u00f3n de estabilidad econ\u00f3mica, con una reducci\u00f3n de las inversiones y un incremento en la partida de personal para poder seguir ofreciendo los servicios p\u00fablicos necesarios y adaptarse a la previsi\u00f3n de crecimiento del municipio. El proyecto de presupuestos ha contado con el voto favorable del equipo de gobierno (PSC-IMM), la abstenci\u00f3n de Vox y el voto negativo del grupo municipal de ERC. Los concejales y concejalas del grupo municipal de Junts no han asistido al pleno.<\/p>\n<p>El concejal de Hacienda, Jordi Alemany, ha subrayado que \u201cse trata de un presupuesto responsable que prioriza las necesidades de las personas, preparando el municipio para su crecimiento futuro\u201d. Este presupuesto tambi\u00e9n mantiene el principio de equilibrio presupuestario, con un ratio de endeudamiento del 53,61%, muy por debajo del m\u00e1ximo legal. Tambi\u00e9n el alcalde Fran Morancho ha declarado que \u201cson presupuestos que tienen mejoras importantes en limpieza viaria, que dan continuidad y certifican esta apuesta por dotar al Ayuntamiento de unos recursos humanos que respondan a las necesidades de la ciudadan\u00eda\u201d. Asimismo, ha a\u00f1adido que estos presupuestos no incluyen una inversi\u00f3n importante, ya que los proyectos se est\u00e1n llevando a cabo y ya est\u00e1n consignados.<\/p>\n<p>El grupo municipal de ERC ha argumentado su voto negativo afirmando que en esta ocasi\u00f3n no se sienten c\u00f3modos y han manifestado dudas sobre su eficacia. Tambi\u00e9n han se\u00f1alado la falta de aspectos como inversiones en vivienda y la puesta en marcha de unos nuevos presupuestos participativos. Adem\u00e1s, han cuestionado la inversi\u00f3n en la urbanizaci\u00f3n Sant Miquel debido a las contribuciones especiales que deber\u00e1 afrontar el vecindario.<\/p>\n<p><strong>Principales caracter\u00edsticas del presupuesto 2025<\/strong><\/p>\n<p>Entre los principales factores que marcan el presupuesto de este a\u00f1o destaca la consolidaci\u00f3n de la plantilla municipal, con un incremento del gasto en personal del 11,71% para responder a las necesidades crecientes del municipio. Esta partida tambi\u00e9n incluye la aplicaci\u00f3n de la legislaci\u00f3n de estabilizaci\u00f3n laboral y la creaci\u00f3n de nuevas plazas, lo que permitir\u00e1 mejorar los servicios que se prestan a la ciudadan\u00eda.<\/p>\n<p>En contrapartida, las inversiones reales se reducen un 18,26%, principalmente porque muchos proyectos ya se planificaron o dotaron econ\u00f3micamente en ejercicios anteriores (Ecoespai, el proyecto del Teatre Auditori, el pabell\u00f3n de la Roca, la remodelaci\u00f3n de la calle Agust\u00ed Sard\u00e0 o el espacio l\u00fadico y deportivo de Mont-roig). No obstante, se prev\u00e9 iniciar nuevas actuaciones en funci\u00f3n de los ingresos que puedan obtenerse.<\/p>\n<p>Inversiones destacadas para 2025<\/p>\n<p>Las inversiones para 2025 incluyen proyectos como:<\/p>\n<ul>\n<li>El inicio de la tercera fase de la Avenida Barcelona, que abarcar\u00eda el tramo desde la Plaza Tarragona hasta Maria Cristina, seg\u00fan los ingresos que puedan obtenerse este a\u00f1o.<\/li>\n<li>La reurbanizaci\u00f3n de Sant Miquel, con un cofinanciamiento del 50% a trav\u00e9s de contribuciones especiales.<\/li>\n<li>El plan de mejora del asfaltado y aceras en los n\u00facleos urbanos y urbanizaciones, con una aportaci\u00f3n adicional de 771.000 \u20ac mediante el PUOSC.<\/li>\n<li>Nuevas dotaciones para salud p\u00fablica, incluyendo el cumplimiento de normativas en bienestar animal.<\/li>\n<li>La mejora en infraestructuras de movilidad sostenible, con actuaciones de pacificaci\u00f3n del tr\u00e1fico y ampliaci\u00f3n de la red ciclista.<\/li>\n<\/ul>\n<p><strong>Incremento en servicios y actividades<\/strong><\/p>\n<p>El presupuesto tambi\u00e9n refleja un aumento significativo en actividades culturales, de Juventud, Gente Mayor y Fiestas, con 180.000 euros adicionales respecto al a\u00f1o anterior. Adem\u00e1s, se crea una nueva partida de 40.000 euros destinada a Igualdad y Feminismos, que hasta ahora compart\u00eda recursos con Cultura, para desarrollar una programaci\u00f3n espec\u00edfica en esta \u00e1rea.<\/p>\n<p>En cuanto al servicio de limpieza viaria, que se internaliz\u00f3 a trav\u00e9s de Nostreserveis en 2024, en 2025 se consolida con un aumento presupuestario del 30% hasta alcanzar los 1,6 millones de euros. Esta inversi\u00f3n permitir\u00e1 mejorar la calidad del servicio y responder a las necesidades del municipio.<\/p>\n<p><strong>Empresas municipales<\/strong><\/p>\n<p>Las empresas municipales tambi\u00e9n tienen un papel destacado en este presupuesto. Nostraigua destina 3 millones de euros a inversiones en infraestructuras de la red de agua, mientras que Nostreserveis sigue creciendo en la gesti\u00f3n de servicios, como la limpieza viaria. Tambi\u00e9n cabe destacar el aumento de usuarios en Deportes y las aulas de m\u00fasica, gracias a la buena gesti\u00f3n y las pol\u00edticas de promoci\u00f3n, que han generado nuevos ingresos en esta empresa municipal.<\/p>\n<p><a href=\"https:\/\/mont-roig.cat\/wp-content\/uploads\/MM_pressupostos2025_ok1.pdf\" target=\"_blank\" rel=\"noopener\">Resumen Presupuestos Ayuntamiento Mont-roig del Camp 2025<\/a><\/p>\n<p>Finalmente, el pleno tambi\u00e9n ha aprobado la Plantilla de personal para 2025, por unanimidad, as\u00ed como una actualizaci\u00f3n de la ordenanza de la tarifa del agua y alcantarillado, ante la necesidad de invertir en la mejora de la red del municipio y preservar este bien natural de primera necesidad.<\/p>\n<p>La sesi\u00f3n plenaria se puede seguir \u00edntegramente en el siguiente enlace: <a href=\"https:\/\/youtube.com\/live\/f0c9RUnEpfg\" target=\"_new\" rel=\"noopener\">https:\/\/youtube.com\/live\/f0c9RUnEpfg<\/a><\/p>\n<\/div>\n<\/div>\n<\/div>\n<\/div>\n<div class=\"mb-2 flex gap-3 empty:hidden -ml-2\">\n<div class=\"items-center justify-start rounded-xl p-1 flex\">\n<div class=\"flex items-center\"><\/div>\n<\/div>\n<\/div>\n<p>&nbsp;<\/p>\n","protected":false},"excerpt":{"rendered":"<p>La aprobaci\u00f3n se ha hecho en un contexto de previsi\u00f3n de estabilidad financiera, con una disminuci\u00f3n de las inversiones debido a que muchos de los proyectos importantes ya est\u00e1n iniciados y un aumento en el cap\u00edtulo de personal. El Pleno del Ayuntamiento ha aprobado este viernes 20 de diciembre el Presupuesto Municipal para el a\u00f1o [&hellip;]<\/p>\n","protected":false},"author":13,"featured_media":80044,"comment_status":"closed","ping_status":"closed","sticky":false,"template":"","format":"standard","meta":{"inline_featured_image":false,"_monsterinsights_skip_tracking":false,"_monsterinsights_sitenote_active":false,"_monsterinsights_sitenote_note":"","_monsterinsights_sitenote_category":0,"footnotes":""},"categories":[156,98],"tags":[],"class_list":["post-80047","post","type-post","status-publish","format-standard","has-post-thumbnail","hentry","category-alcalde-es","category-ayuntamiento"],"yoast_head":"<!-- This site is optimized with the Yoast SEO plugin v27.4 - https:\/\/yoast.com\/product\/yoast-seo-wordpress\/ -->\n<title>El Pleno del Ayuntamiento de Mont-roig del Camp aprueba un presupuesto de 32,07 millones de euros para 2025 - Ajuntament de Mont-roig del Camp<\/title>\n<meta name=\"robots\" content=\"index, follow, max-snippet:-1, max-image-preview:large, max-video-preview:-1\" \/>\n<link rel=\"canonical\" href=\"https:\/\/mont-roig.cat\/es\/actualitat\/noticies\/el-pleno-del-ayuntamiento-de-mont-roig-del-camp-aprueba-un-presupuesto-de-3207-millones-de-euros-para-2025\/\" \/>\n<meta property=\"og:locale\" content=\"es_ES\" \/>\n<meta property=\"og:type\" content=\"article\" \/>\n<meta property=\"og:title\" content=\"El Pleno del Ayuntamiento de Mont-roig del Camp aprueba un presupuesto de 32,07 millones de euros para 2025 - Ajuntament de Mont-roig del Camp\" \/>\n<meta property=\"og:description\" content=\"La aprobaci\u00f3n se ha hecho en un contexto de previsi\u00f3n de estabilidad financiera, con una disminuci\u00f3n de las inversiones debido a que muchos de los proyectos importantes ya est\u00e1n iniciados y un aumento en el cap\u00edtulo de personal. El Pleno del Ayuntamiento ha aprobado este viernes 20 de diciembre el Presupuesto Municipal para el a\u00f1o [&hellip;]\" \/>\n<meta property=\"og:url\" content=\"https:\/\/mont-roig.cat\/es\/actualitat\/noticies\/el-pleno-del-ayuntamiento-de-mont-roig-del-camp-aprueba-un-presupuesto-de-3207-millones-de-euros-para-2025\/\" \/>\n<meta property=\"og:site_name\" content=\"Ajuntament de Mont-roig del Camp\" \/>\n<meta property=\"article:published_time\" content=\"2024-12-20T17:22:41+00:00\" \/>\n<meta property=\"article:modified_time\" content=\"2024-12-20T17:49:28+00:00\" \/>\n<meta property=\"og:image\" content=\"https:\/\/mont-roig.cat\/wp-content\/uploads\/Ple-extraordinari-desembre.jpg\" \/>\n\t<meta property=\"og:image:width\" content=\"1600\" \/>\n\t<meta property=\"og:image:height\" content=\"1200\" \/>\n\t<meta property=\"og:image:type\" content=\"image\/jpeg\" \/>\n<meta name=\"author\" content=\"comunicacio\" \/>\n<meta name=\"twitter:card\" content=\"summary_large_image\" \/>\n<meta name=\"twitter:label1\" content=\"Escrito por\" \/>\n\t<meta name=\"twitter:data1\" content=\"comunicacio\" \/>\n\t<meta name=\"twitter:label2\" content=\"Tiempo de lectura\" \/>\n\t<meta name=\"twitter:data2\" content=\"5 minutos\" \/>\n<script type=\"application\/ld+json\" class=\"yoast-schema-graph\">{\"@context\":\"https:\\\/\\\/schema.org\",\"@graph\":[{\"@type\":\"Article\",\"@id\":\"https:\\\/\\\/mont-roig.cat\\\/es\\\/actualitat\\\/noticies\\\/el-pleno-del-ayuntamiento-de-mont-roig-del-camp-aprueba-un-presupuesto-de-3207-millones-de-euros-para-2025\\\/#article\",\"isPartOf\":{\"@id\":\"https:\\\/\\\/mont-roig.cat\\\/es\\\/actualitat\\\/noticies\\\/el-pleno-del-ayuntamiento-de-mont-roig-del-camp-aprueba-un-presupuesto-de-3207-millones-de-euros-para-2025\\\/\"},\"author\":{\"name\":\"comunicacio\",\"@id\":\"https:\\\/\\\/mont-roig.cat\\\/es\\\/#\\\/schema\\\/person\\\/1f73e7b5e6f9dd122e8a6f14f310ac5e\"},\"headline\":\"El Pleno del Ayuntamiento de Mont-roig del Camp aprueba un presupuesto de 32,07 millones de euros para 2025\",\"datePublished\":\"2024-12-20T17:22:41+00:00\",\"dateModified\":\"2024-12-20T17:49:28+00:00\",\"mainEntityOfPage\":{\"@id\":\"https:\\\/\\\/mont-roig.cat\\\/es\\\/actualitat\\\/noticies\\\/el-pleno-del-ayuntamiento-de-mont-roig-del-camp-aprueba-un-presupuesto-de-3207-millones-de-euros-para-2025\\\/\"},\"wordCount\":916,\"image\":{\"@id\":\"https:\\\/\\\/mont-roig.cat\\\/es\\\/actualitat\\\/noticies\\\/el-pleno-del-ayuntamiento-de-mont-roig-del-camp-aprueba-un-presupuesto-de-3207-millones-de-euros-para-2025\\\/#primaryimage\"},\"thumbnailUrl\":\"https:\\\/\\\/mont-roig.cat\\\/wp-content\\\/uploads\\\/Ple-extraordinari-desembre.jpg\",\"articleSection\":[\"Alcalde\",\"Ayuntamiento\"],\"inLanguage\":\"es\"},{\"@type\":\"WebPage\",\"@id\":\"https:\\\/\\\/mont-roig.cat\\\/es\\\/actualitat\\\/noticies\\\/el-pleno-del-ayuntamiento-de-mont-roig-del-camp-aprueba-un-presupuesto-de-3207-millones-de-euros-para-2025\\\/\",\"url\":\"https:\\\/\\\/mont-roig.cat\\\/es\\\/actualitat\\\/noticies\\\/el-pleno-del-ayuntamiento-de-mont-roig-del-camp-aprueba-un-presupuesto-de-3207-millones-de-euros-para-2025\\\/\",\"name\":\"El Pleno del Ayuntamiento de Mont-roig del Camp aprueba un presupuesto de 32,07 millones de euros para 2025 - Ajuntament de Mont-roig del Camp\",\"isPartOf\":{\"@id\":\"https:\\\/\\\/mont-roig.cat\\\/es\\\/#website\"},\"primaryImageOfPage\":{\"@id\":\"https:\\\/\\\/mont-roig.cat\\\/es\\\/actualitat\\\/noticies\\\/el-pleno-del-ayuntamiento-de-mont-roig-del-camp-aprueba-un-presupuesto-de-3207-millones-de-euros-para-2025\\\/#primaryimage\"},\"image\":{\"@id\":\"https:\\\/\\\/mont-roig.cat\\\/es\\\/actualitat\\\/noticies\\\/el-pleno-del-ayuntamiento-de-mont-roig-del-camp-aprueba-un-presupuesto-de-3207-millones-de-euros-para-2025\\\/#primaryimage\"},\"thumbnailUrl\":\"https:\\\/\\\/mont-roig.cat\\\/wp-content\\\/uploads\\\/Ple-extraordinari-desembre.jpg\",\"datePublished\":\"2024-12-20T17:22:41+00:00\",\"dateModified\":\"2024-12-20T17:49:28+00:00\",\"author\":{\"@id\":\"https:\\\/\\\/mont-roig.cat\\\/es\\\/#\\\/schema\\\/person\\\/1f73e7b5e6f9dd122e8a6f14f310ac5e\"},\"breadcrumb\":{\"@id\":\"https:\\\/\\\/mont-roig.cat\\\/es\\\/actualitat\\\/noticies\\\/el-pleno-del-ayuntamiento-de-mont-roig-del-camp-aprueba-un-presupuesto-de-3207-millones-de-euros-para-2025\\\/#breadcrumb\"},\"inLanguage\":\"es\",\"potentialAction\":[{\"@type\":\"ReadAction\",\"target\":[\"https:\\\/\\\/mont-roig.cat\\\/es\\\/actualitat\\\/noticies\\\/el-pleno-del-ayuntamiento-de-mont-roig-del-camp-aprueba-un-presupuesto-de-3207-millones-de-euros-para-2025\\\/\"]}]},{\"@type\":\"ImageObject\",\"inLanguage\":\"es\",\"@id\":\"https:\\\/\\\/mont-roig.cat\\\/es\\\/actualitat\\\/noticies\\\/el-pleno-del-ayuntamiento-de-mont-roig-del-camp-aprueba-un-presupuesto-de-3207-millones-de-euros-para-2025\\\/#primaryimage\",\"url\":\"https:\\\/\\\/mont-roig.cat\\\/wp-content\\\/uploads\\\/Ple-extraordinari-desembre.jpg\",\"contentUrl\":\"https:\\\/\\\/mont-roig.cat\\\/wp-content\\\/uploads\\\/Ple-extraordinari-desembre.jpg\",\"width\":1600,\"height\":1200},{\"@type\":\"BreadcrumbList\",\"@id\":\"https:\\\/\\\/mont-roig.cat\\\/es\\\/actualitat\\\/noticies\\\/el-pleno-del-ayuntamiento-de-mont-roig-del-camp-aprueba-un-presupuesto-de-3207-millones-de-euros-para-2025\\\/#breadcrumb\",\"itemListElement\":[{\"@type\":\"ListItem\",\"position\":1,\"name\":\"Inici\",\"item\":\"https:\\\/\\\/mont-roig.cat\\\/es\\\/pagina-de-inicio\\\/\"},{\"@type\":\"ListItem\",\"position\":2,\"name\":\"El Pleno del Ayuntamiento de Mont-roig del Camp aprueba un presupuesto de 32,07 millones de euros para 2025\"}]},{\"@type\":\"WebSite\",\"@id\":\"https:\\\/\\\/mont-roig.cat\\\/es\\\/#website\",\"url\":\"https:\\\/\\\/mont-roig.cat\\\/es\\\/\",\"name\":\"Ajuntament de Mont-roig del Camp\",\"description\":\"Tota la informaci\u00f3 sobre la instituci\u00f3, els seus \u00f2rgans de govern, actualitat, serveis i molt m\u00e9s.\",\"potentialAction\":[{\"@type\":\"SearchAction\",\"target\":{\"@type\":\"EntryPoint\",\"urlTemplate\":\"https:\\\/\\\/mont-roig.cat\\\/es\\\/?s={search_term_string}\"},\"query-input\":{\"@type\":\"PropertyValueSpecification\",\"valueRequired\":true,\"valueName\":\"search_term_string\"}}],\"inLanguage\":\"es\"},{\"@type\":\"Person\",\"@id\":\"https:\\\/\\\/mont-roig.cat\\\/es\\\/#\\\/schema\\\/person\\\/1f73e7b5e6f9dd122e8a6f14f310ac5e\",\"name\":\"comunicacio\",\"image\":{\"@type\":\"ImageObject\",\"inLanguage\":\"es\",\"@id\":\"https:\\\/\\\/secure.gravatar.com\\\/avatar\\\/98944333e7a877670a64f8d10f0cb680ab2c9ebc4efc43945ef004b52b5ad28c?s=96&d=mm&r=g\",\"url\":\"https:\\\/\\\/secure.gravatar.com\\\/avatar\\\/98944333e7a877670a64f8d10f0cb680ab2c9ebc4efc43945ef004b52b5ad28c?s=96&d=mm&r=g\",\"contentUrl\":\"https:\\\/\\\/secure.gravatar.com\\\/avatar\\\/98944333e7a877670a64f8d10f0cb680ab2c9ebc4efc43945ef004b52b5ad28c?s=96&d=mm&r=g\",\"caption\":\"comunicacio\"},\"url\":\"https:\\\/\\\/mont-roig.cat\\\/es\\\/actualitat\\\/noticies\\\/author\\\/comunicacio\\\/\"}]}<\/script>\n<!-- \/ Yoast SEO plugin. -->","yoast_head_json":{"title":"El Pleno del Ayuntamiento de Mont-roig del Camp aprueba un presupuesto de 32,07 millones de euros para 2025 - Ajuntament de Mont-roig del Camp","robots":{"index":"index","follow":"follow","max-snippet":"max-snippet:-1","max-image-preview":"max-image-preview:large","max-video-preview":"max-video-preview:-1"},"canonical":"https:\/\/mont-roig.cat\/es\/actualitat\/noticies\/el-pleno-del-ayuntamiento-de-mont-roig-del-camp-aprueba-un-presupuesto-de-3207-millones-de-euros-para-2025\/","og_locale":"es_ES","og_type":"article","og_title":"El Pleno del Ayuntamiento de Mont-roig del Camp aprueba un presupuesto de 32,07 millones de euros para 2025 - Ajuntament de Mont-roig del Camp","og_description":"La aprobaci\u00f3n se ha hecho en un contexto de previsi\u00f3n de estabilidad financiera, con una disminuci\u00f3n de las inversiones debido a que muchos de los proyectos importantes ya est\u00e1n iniciados y un aumento en el cap\u00edtulo de personal. El Pleno del Ayuntamiento ha aprobado este viernes 20 de diciembre el Presupuesto Municipal para el a\u00f1o [&hellip;]","og_url":"https:\/\/mont-roig.cat\/es\/actualitat\/noticies\/el-pleno-del-ayuntamiento-de-mont-roig-del-camp-aprueba-un-presupuesto-de-3207-millones-de-euros-para-2025\/","og_site_name":"Ajuntament de Mont-roig del Camp","article_published_time":"2024-12-20T17:22:41+00:00","article_modified_time":"2024-12-20T17:49:28+00:00","og_image":[{"width":1600,"height":1200,"url":"https:\/\/mont-roig.cat\/wp-content\/uploads\/Ple-extraordinari-desembre.jpg","type":"image\/jpeg"}],"author":"comunicacio","twitter_card":"summary_large_image","twitter_misc":{"Escrito por":"comunicacio","Tiempo de lectura":"5 minutos"},"schema":{"@context":"https:\/\/schema.org","@graph":[{"@type":"Article","@id":"https:\/\/mont-roig.cat\/es\/actualitat\/noticies\/el-pleno-del-ayuntamiento-de-mont-roig-del-camp-aprueba-un-presupuesto-de-3207-millones-de-euros-para-2025\/#article","isPartOf":{"@id":"https:\/\/mont-roig.cat\/es\/actualitat\/noticies\/el-pleno-del-ayuntamiento-de-mont-roig-del-camp-aprueba-un-presupuesto-de-3207-millones-de-euros-para-2025\/"},"author":{"name":"comunicacio","@id":"https:\/\/mont-roig.cat\/es\/#\/schema\/person\/1f73e7b5e6f9dd122e8a6f14f310ac5e"},"headline":"El Pleno del Ayuntamiento de Mont-roig del Camp aprueba un presupuesto de 32,07 millones de euros para 2025","datePublished":"2024-12-20T17:22:41+00:00","dateModified":"2024-12-20T17:49:28+00:00","mainEntityOfPage":{"@id":"https:\/\/mont-roig.cat\/es\/actualitat\/noticies\/el-pleno-del-ayuntamiento-de-mont-roig-del-camp-aprueba-un-presupuesto-de-3207-millones-de-euros-para-2025\/"},"wordCount":916,"image":{"@id":"https:\/\/mont-roig.cat\/es\/actualitat\/noticies\/el-pleno-del-ayuntamiento-de-mont-roig-del-camp-aprueba-un-presupuesto-de-3207-millones-de-euros-para-2025\/#primaryimage"},"thumbnailUrl":"https:\/\/mont-roig.cat\/wp-content\/uploads\/Ple-extraordinari-desembre.jpg","articleSection":["Alcalde","Ayuntamiento"],"inLanguage":"es"},{"@type":"WebPage","@id":"https:\/\/mont-roig.cat\/es\/actualitat\/noticies\/el-pleno-del-ayuntamiento-de-mont-roig-del-camp-aprueba-un-presupuesto-de-3207-millones-de-euros-para-2025\/","url":"https:\/\/mont-roig.cat\/es\/actualitat\/noticies\/el-pleno-del-ayuntamiento-de-mont-roig-del-camp-aprueba-un-presupuesto-de-3207-millones-de-euros-para-2025\/","name":"El Pleno del Ayuntamiento de Mont-roig del Camp aprueba un presupuesto de 32,07 millones de euros para 2025 - Ajuntament de Mont-roig del Camp","isPartOf":{"@id":"https:\/\/mont-roig.cat\/es\/#website"},"primaryImageOfPage":{"@id":"https:\/\/mont-roig.cat\/es\/actualitat\/noticies\/el-pleno-del-ayuntamiento-de-mont-roig-del-camp-aprueba-un-presupuesto-de-3207-millones-de-euros-para-2025\/#primaryimage"},"image":{"@id":"https:\/\/mont-roig.cat\/es\/actualitat\/noticies\/el-pleno-del-ayuntamiento-de-mont-roig-del-camp-aprueba-un-presupuesto-de-3207-millones-de-euros-para-2025\/#primaryimage"},"thumbnailUrl":"https:\/\/mont-roig.cat\/wp-content\/uploads\/Ple-extraordinari-desembre.jpg","datePublished":"2024-12-20T17:22:41+00:00","dateModified":"2024-12-20T17:49:28+00:00","author":{"@id":"https:\/\/mont-roig.cat\/es\/#\/schema\/person\/1f73e7b5e6f9dd122e8a6f14f310ac5e"},"breadcrumb":{"@id":"https:\/\/mont-roig.cat\/es\/actualitat\/noticies\/el-pleno-del-ayuntamiento-de-mont-roig-del-camp-aprueba-un-presupuesto-de-3207-millones-de-euros-para-2025\/#breadcrumb"},"inLanguage":"es","potentialAction":[{"@type":"ReadAction","target":["https:\/\/mont-roig.cat\/es\/actualitat\/noticies\/el-pleno-del-ayuntamiento-de-mont-roig-del-camp-aprueba-un-presupuesto-de-3207-millones-de-euros-para-2025\/"]}]},{"@type":"ImageObject","inLanguage":"es","@id":"https:\/\/mont-roig.cat\/es\/actualitat\/noticies\/el-pleno-del-ayuntamiento-de-mont-roig-del-camp-aprueba-un-presupuesto-de-3207-millones-de-euros-para-2025\/#primaryimage","url":"https:\/\/mont-roig.cat\/wp-content\/uploads\/Ple-extraordinari-desembre.jpg","contentUrl":"https:\/\/mont-roig.cat\/wp-content\/uploads\/Ple-extraordinari-desembre.jpg","width":1600,"height":1200},{"@type":"BreadcrumbList","@id":"https:\/\/mont-roig.cat\/es\/actualitat\/noticies\/el-pleno-del-ayuntamiento-de-mont-roig-del-camp-aprueba-un-presupuesto-de-3207-millones-de-euros-para-2025\/#breadcrumb","itemListElement":[{"@type":"ListItem","position":1,"name":"Inici","item":"https:\/\/mont-roig.cat\/es\/pagina-de-inicio\/"},{"@type":"ListItem","position":2,"name":"El Pleno del Ayuntamiento de Mont-roig del Camp aprueba un presupuesto de 32,07 millones de euros para 2025"}]},{"@type":"WebSite","@id":"https:\/\/mont-roig.cat\/es\/#website","url":"https:\/\/mont-roig.cat\/es\/","name":"Ajuntament de Mont-roig del Camp","description":"Tota la informaci\u00f3 sobre la instituci\u00f3, els seus \u00f2rgans de govern, actualitat, serveis i molt m\u00e9s.","potentialAction":[{"@type":"SearchAction","target":{"@type":"EntryPoint","urlTemplate":"https:\/\/mont-roig.cat\/es\/?s={search_term_string}"},"query-input":{"@type":"PropertyValueSpecification","valueRequired":true,"valueName":"search_term_string"}}],"inLanguage":"es"},{"@type":"Person","@id":"https:\/\/mont-roig.cat\/es\/#\/schema\/person\/1f73e7b5e6f9dd122e8a6f14f310ac5e","name":"comunicacio","image":{"@type":"ImageObject","inLanguage":"es","@id":"https:\/\/secure.gravatar.com\/avatar\/98944333e7a877670a64f8d10f0cb680ab2c9ebc4efc43945ef004b52b5ad28c?s=96&d=mm&r=g","url":"https:\/\/secure.gravatar.com\/avatar\/98944333e7a877670a64f8d10f0cb680ab2c9ebc4efc43945ef004b52b5ad28c?s=96&d=mm&r=g","contentUrl":"https:\/\/secure.gravatar.com\/avatar\/98944333e7a877670a64f8d10f0cb680ab2c9ebc4efc43945ef004b52b5ad28c?s=96&d=mm&r=g","caption":"comunicacio"},"url":"https:\/\/mont-roig.cat\/es\/actualitat\/noticies\/author\/comunicacio\/"}]}},"_links":{"self":[{"href":"https:\/\/mont-roig.cat\/es\/wp-json\/wp\/v2\/posts\/80047","targetHints":{"allow":["GET"]}}],"collection":[{"href":"https:\/\/mont-roig.cat\/es\/wp-json\/wp\/v2\/posts"}],"about":[{"href":"https:\/\/mont-roig.cat\/es\/wp-json\/wp\/v2\/types\/post"}],"author":[{"embeddable":true,"href":"https:\/\/mont-roig.cat\/es\/wp-json\/wp\/v2\/users\/13"}],"replies":[{"embeddable":true,"href":"https:\/\/mont-roig.cat\/es\/wp-json\/wp\/v2\/comments?post=80047"}],"version-history":[{"count":2,"href":"https:\/\/mont-roig.cat\/es\/wp-json\/wp\/v2\/posts\/80047\/revisions"}],"predecessor-version":[{"id":80049,"href":"https:\/\/mont-roig.cat\/es\/wp-json\/wp\/v2\/posts\/80047\/revisions\/80049"}],"wp:featuredmedia":[{"embeddable":true,"href":"https:\/\/mont-roig.cat\/es\/wp-json\/wp\/v2\/media\/80044"}],"wp:attachment":[{"href":"https:\/\/mont-roig.cat\/es\/wp-json\/wp\/v2\/media?parent=80047"}],"wp:term":[{"taxonomy":"category","embeddable":true,"href":"https:\/\/mont-roig.cat\/es\/wp-json\/wp\/v2\/categories?post=80047"},{"taxonomy":"post_tag","embeddable":true,"href":"https:\/\/mont-roig.cat\/es\/wp-json\/wp\/v2\/tags?post=80047"}],"curies":[{"name":"wp","href":"https:\/\/api.w.org\/{rel}","templated":true}]}}