{"id":80284,"date":"2025-01-13T12:59:44","date_gmt":"2025-01-13T11:59:44","guid":{"rendered":"https:\/\/mont-roig.cat\/actualitat\/noticies\/lliurament-dels-premis-literaris-vila-de-mont-roig-2024-i-presentacio-del-llibre-dins-del-cor\/"},"modified":"2025-01-13T13:23:55","modified_gmt":"2025-01-13T12:23:55","slug":"entrega-de-los-premios-literarios-vila-de-mont-roig-2024-y-presentacion-del-libro-dins-del-cor","status":"publish","type":"post","link":"https:\/\/mont-roig.cat\/es\/actualitat\/noticies\/entrega-de-los-premios-literarios-vila-de-mont-roig-2024-y-presentacion-del-libro-dins-del-cor\/","title":{"rendered":"Entrega de los Premios Literarios Vila de Mont-roig 2024 y presentaci\u00f3n del libro &#8216;Dins del cor&#8217;"},"content":{"rendered":"<p><strong><strong><a href=\"https:\/\/mont-roig.cat\/wp-content\/uploads\/PRemis-Literaris-3.jpg\" target=\"_blank\" rel=\"noopener\"><img loading=\"lazy\" decoding=\"async\" class=\"alignright wp-image-80279\" src=\"https:\/\/mont-roig.cat\/wp-content\/uploads\/PRemis-Literaris-3-500x333.jpg\" alt=\"\" width=\"300\" height=\"200\" srcset=\"https:\/\/mont-roig.cat\/wp-content\/uploads\/PRemis-Literaris-3-500x333.jpg 500w, https:\/\/mont-roig.cat\/wp-content\/uploads\/PRemis-Literaris-3-1024x683.jpg 1024w, https:\/\/mont-roig.cat\/wp-content\/uploads\/PRemis-Literaris-3-768x512.jpg 768w, https:\/\/mont-roig.cat\/wp-content\/uploads\/PRemis-Literaris-3-1536x1024.jpg 1536w, https:\/\/mont-roig.cat\/wp-content\/uploads\/PRemis-Literaris-3.jpg 2048w\" sizes=\"auto, (max-width: 300px) 100vw, 300px\" \/><\/a><\/strong><\/strong><\/p>\n<ul>\n<li data-sourcepos=\"7:1-7:134\"><strong>El acto se celebr\u00f3 en el Centre Cultural Esgl\u00e9sia Vella y cont\u00f3 con la actuaci\u00f3n musical del d\u00fao Elisabeth Borne &amp; Toni Hern\u00e1ndez.<\/strong><\/li>\n<\/ul>\n<p data-sourcepos=\"9:1-9:499\">Esta tarde de s\u00e1bado, el Centre Cultural Esgl\u00e9sia Vella fue el escenario de la entrega de los Premios Literarios Vila de Mont-roig 2024, que este a\u00f1o celebran su 43\u00aa edici\u00f3n, y de la presentaci\u00f3n del libro<em> Dins del cor,<\/em> que recoge las obras ganadoras de la edici\u00f3n anterior. La velada literaria, presidida por la concejala de Cultura y Fiestas, Marimar Urisel Roca, cont\u00f3 con la actuaci\u00f3n musical de Toni Hern\u00e1ndez y la cantante Elisabeth Borne, que ofrecieron diversas piezas a lo largo del acto.<\/p>\n<p data-sourcepos=\"11:1-11:25\"><strong>Premiados de este a\u00f1o<\/strong><\/p>\n<p data-sourcepos=\"13:1-20:348\">En esta edici\u00f3n, el Premi de Recerca Vila de Mont-roig ha sido para Ariadna Saladi\u00e9 Gordillo, por el trabajo <em>L&#8217;aprenentatge de les matem\u00e0tiques,<\/em> que explora las estrategias para mejorar este \u00e1mbito educativo. El Premi de Poesia Miquel Ferr\u00e9 ha distinguido a Oriol Sol\u00e0 Prat por <em>La vida, un joc d&#8217;atzar<\/em>, mientras que el acc\u00e9sit ha sido para Carles Jard\u00ed Pinyol, por <em>Mont-roig<\/em>.<\/p>\n<p data-sourcepos=\"13:1-20:348\">En cuanto al Premi de Poesia Local, que se otorga exclusivamente a residentes del municipio, ha quedado desierto, pero se ha concedido un acc\u00e9sit a Maria Jos\u00e9 Varo G\u00f3mez por <em>Roca i F\u00e9<\/em>. El Premi de Prosa Magdalena Guerrero ha sido para Teresa Duch, con la obra <em>El bosc era el seu<\/em>, y un acc\u00e9sit ha reconocido &#8220;Confia&#8221;, de Altair Garc\u00eda Alonso. En la categor\u00eda de Microrrelats, el primer premio ha sido para Oriol Sol\u00e0 con <em>El mar, malgrat tot<\/em>, mientras que Joan Ruscadella Mass\u00f3 ha recibido un acc\u00e9sit por<em> Garantia de tornada.<\/em> En las categor\u00edas juveniles, el premio para 1\u00ba y 2\u00ba de ESO ha sido para Ona Fortuny Farr\u00e9, con <em>L&#8217;\u00faltima nit<\/em>, y para 3\u00ba y 4\u00ba de ESO, para Elena Nicolaeva Dimitrova, con <em>Mirall Trencat<\/em>. El Premi de microrelats de 1\u00ba y 2\u00ba de Bachillerato ha sido para J\u00falia Borr\u00e0s Tom\u00e0s, con <em>Records en silenci,<\/em> y un acc\u00e9sit ha reconocido a Llu\u00eds Font Escoda por <em>El de sempre<\/em>. En narrativa infantil, el premio de 5\u00ba y 6\u00ba de primaria ha sido para Paula Roca Pinyol, con <em>Els somnis poden fer realitat<\/em>, mientras que en narrativa juvenil, Laia Ferr\u00e9 Nogu\u00e9s ha sido premiada por &#8220;<em>P\u00e8sols<\/em>&#8220;, y Fiona Anguera Vil\u00e0, por <em>El cel \u00e9s rosa.<\/em> En poes\u00eda infantil, el premio de 5\u00ba y 6\u00ba de primaria ha sido para Georgina Ferr\u00e9 Nogu\u00e9s, con &#8220;<em>Detalls<\/em>&#8220;. Los jurados han decidido dejar desiertas algunas categor\u00edas pero han otorgado diversos acc\u00e9sits para reconocer la calidad de los trabajos. El jurado de los diferentes premios ha estado formado por las siguientes personas: Joaquima Nolla y Elisabet Pallej\u00e0; Josep Maria Fortuny y Meritxell Blay; Marta Aragon\u00e8s y Ana Segura; Agn\u00e8s Toda Bonet y Montse Dolcet Nogu\u00e9s y por Montse Salsench y Rosa Escoda. Todas ellas recibieron tambi\u00e9n el reconocimiento del Ayuntamiento por su colaboraci\u00f3n.<\/p>\n<p data-sourcepos=\"22:1-22:41\"><strong>Presentaci\u00f3n del libro &#8216;Dins del cor&#8217;<\/strong><\/p>\n<p data-sourcepos=\"24:1-26:39\">Durante el acto, tambi\u00e9n se present\u00f3 el libro <em>Dins del cor<\/em>, que recoge las obras ganadoras de los Premios Literarios 2023. Editado por Onada Edicions, el volumen destaca por su t\u00edtulo inspirado en el poemario de Laia Ferr\u00e9 Nogu\u00e9s, ganadora del a\u00f1o pasado, y por la portada, que muestra el b\u00fanker de la playa de la Pixerota, un emblema hist\u00f3rico del municipio. El libro contiene las siguientes obras:<\/p>\n<ul>\n<li><em>Matrioska<\/em> \u2013 de Beatriu Herrera C\u00f3rdoba (Premi de Prosa Magdalena Guerrero)<\/li>\n<li><em>Actes de f\u00e9<\/em> \u2013 d\u2019Oriol Sol\u00e0 i Prat (Primer premi de microrelats La Masia)<\/li>\n<li><em>Llibre alliberat<\/em> \u2013 d\u2019Adriana Bernal G\u00e1mez (Primer premi de Microrelats)<\/li>\n<li><em>Llums que sabem que s\u2019apaguen<\/em> \u2013 d\u2019Oriol Sol\u00e0 i Prat (Premi Poesia Miquel Ferr\u00e9)<\/li>\n<li><em>Al Voltant de l\u2019orgue d\u2019Anton Casas. Apunts per a la hist\u00f2ria de la m\u00fasica i de la pedagogia a Mont-roig del Camp (1652-1866)<\/em> \u2013 de Joan Maria Mart\u00ed Mendoza (premi de recerca Vila de Mont-roig)<\/li>\n<li><em>Monotina<\/em> \u2013 d\u2019Ariadna Saladie Gordillo (premi de Narrativa Breu per a Joves de Batxillerat o Cicle Formatiu)<\/li>\n<li><em>Torments d\u2019una \u00e0nima adolescent<\/em> \u2013 d\u2019Ariadna Saladie Gordillo (Premi poesia per a joves de batxillerat o cicle formatiu)<\/li>\n<li><em>La Trobada dels Cors <\/em>\u2013 de Hajar Riffi Barkouz (Premi de Microrelats per a joves de 3r i 4r d\u2019ESO<\/li>\n<li><em>L\u2019estiu fant\u00e0stic<\/em> \u2013 d\u2019A\u00efna Anguera Vivanco (premi de narrativa per a joves de 1r i 2n d\u2019ESO<\/li>\n<li><em>A mitges<\/em> \u2013 d\u2019Emma Hern\u00e1ndez Insausti (Premi de Microprelats per ajoves de 1r i 2n d\u2019ESO<\/li>\n<li><em>Sequera<\/em> \u2013 d\u2019Ona Fortuny Ferr\u00e9 (Premi de Narrativa Breu per infants de 5\u00e8 i 6\u00e8 de primaria)<\/li>\n<li><em>Dins del cor<\/em> \u2013 de Laia Ferr\u00e9 Nogu\u00e9s (Premi de Poesia per a Infants de 5\u00e8 i 6\u00e8 de prim\u00e0ria)<\/li>\n<li><em>L\u2019amic<\/em> \u2013 de Georgina Ferr\u00e9 Nogu\u00e9s (premi de narrativa breu per a Infants de 3r i 4t de prim\u00e0ria)<\/li>\n<li><em>\u00danica<\/em> \u2013 de Georgina Ferr\u00e9 Nogu\u00e9s (Premi de poesia per a infants de 3r i 4t de prim\u00e0ria)<\/li>\n<\/ul>\n<p><a href=\"https:\/\/www.flickr.com\/photos\/ajmont-roig\/albums\/72177720323161769\" target=\"_blank\" rel=\"noopener\">En este enlace<\/a> se puede descargar la galer\u00eda completa con las fotograf\u00edas de la ceremonia de entrega de los Premios Literarios.<\/p>\n<p>&nbsp;<\/p>\n","protected":false},"excerpt":{"rendered":"<p>El acto se celebr\u00f3 en el Centre Cultural Esgl\u00e9sia Vella y cont\u00f3 con la actuaci\u00f3n musical del d\u00fao Elisabeth Borne &amp; Toni Hern\u00e1ndez. Esta tarde de s\u00e1bado, el Centre Cultural Esgl\u00e9sia Vella fue el escenario de la entrega de los Premios Literarios Vila de Mont-roig 2024, que este a\u00f1o celebran su 43\u00aa edici\u00f3n, y de [&hellip;]<\/p>\n","protected":false},"author":13,"featured_media":80280,"comment_status":"closed","ping_status":"closed","sticky":false,"template":"","format":"standard","meta":{"inline_featured_image":false,"_monsterinsights_skip_tracking":false,"_monsterinsights_sitenote_active":false,"_monsterinsights_sitenote_note":"","_monsterinsights_sitenote_category":0,"footnotes":""},"categories":[98,101],"tags":[],"class_list":["post-80284","post","type-post","status-publish","format-standard","has-post-thumbnail","hentry","category-ayuntamiento","category-cultura-es"],"yoast_head":"<!-- This site is optimized with the Yoast SEO plugin v27.4 - https:\/\/yoast.com\/product\/yoast-seo-wordpress\/ -->\n<title>Entrega de los Premios Literarios Vila de Mont-roig 2024 y presentaci\u00f3n del libro &#039;Dins del cor&#039; - Ajuntament de Mont-roig del Camp<\/title>\n<meta name=\"robots\" content=\"index, follow, max-snippet:-1, max-image-preview:large, max-video-preview:-1\" \/>\n<link rel=\"canonical\" href=\"https:\/\/mont-roig.cat\/es\/actualitat\/noticies\/entrega-de-los-premios-literarios-vila-de-mont-roig-2024-y-presentacion-del-libro-dins-del-cor\/\" \/>\n<meta property=\"og:locale\" content=\"es_ES\" \/>\n<meta property=\"og:type\" content=\"article\" \/>\n<meta property=\"og:title\" content=\"Entrega de los Premios Literarios Vila de Mont-roig 2024 y presentaci\u00f3n del libro &#039;Dins del cor&#039; - Ajuntament de Mont-roig del Camp\" \/>\n<meta property=\"og:description\" content=\"El acto se celebr\u00f3 en el Centre Cultural Esgl\u00e9sia Vella y cont\u00f3 con la actuaci\u00f3n musical del d\u00fao Elisabeth Borne &amp; Toni Hern\u00e1ndez. Esta tarde de s\u00e1bado, el Centre Cultural Esgl\u00e9sia Vella fue el escenario de la entrega de los Premios Literarios Vila de Mont-roig 2024, que este a\u00f1o celebran su 43\u00aa edici\u00f3n, y de [&hellip;]\" \/>\n<meta property=\"og:url\" content=\"https:\/\/mont-roig.cat\/es\/actualitat\/noticies\/entrega-de-los-premios-literarios-vila-de-mont-roig-2024-y-presentacion-del-libro-dins-del-cor\/\" \/>\n<meta property=\"og:site_name\" content=\"Ajuntament de Mont-roig del Camp\" \/>\n<meta property=\"article:published_time\" content=\"2025-01-13T11:59:44+00:00\" \/>\n<meta property=\"article:modified_time\" content=\"2025-01-13T12:23:55+00:00\" \/>\n<meta property=\"og:image\" content=\"https:\/\/mont-roig.cat\/wp-content\/uploads\/PRemis-Literaris-3.jpg\" \/>\n\t<meta property=\"og:image:width\" content=\"2048\" \/>\n\t<meta property=\"og:image:height\" content=\"1365\" \/>\n\t<meta property=\"og:image:type\" content=\"image\/jpeg\" \/>\n<meta name=\"author\" content=\"comunicacio\" \/>\n<meta name=\"twitter:card\" content=\"summary_large_image\" \/>\n<meta name=\"twitter:label1\" content=\"Escrito por\" \/>\n\t<meta name=\"twitter:data1\" content=\"comunicacio\" \/>\n\t<meta name=\"twitter:label2\" content=\"Tiempo de lectura\" \/>\n\t<meta name=\"twitter:data2\" content=\"5 minutos\" \/>\n<script type=\"application\/ld+json\" class=\"yoast-schema-graph\">{\"@context\":\"https:\\\/\\\/schema.org\",\"@graph\":[{\"@type\":\"Article\",\"@id\":\"https:\\\/\\\/mont-roig.cat\\\/es\\\/actualitat\\\/noticies\\\/entrega-de-los-premios-literarios-vila-de-mont-roig-2024-y-presentacion-del-libro-dins-del-cor\\\/#article\",\"isPartOf\":{\"@id\":\"https:\\\/\\\/mont-roig.cat\\\/es\\\/actualitat\\\/noticies\\\/entrega-de-los-premios-literarios-vila-de-mont-roig-2024-y-presentacion-del-libro-dins-del-cor\\\/\"},\"author\":{\"name\":\"comunicacio\",\"@id\":\"https:\\\/\\\/mont-roig.cat\\\/es\\\/#\\\/schema\\\/person\\\/1f73e7b5e6f9dd122e8a6f14f310ac5e\"},\"headline\":\"Entrega de los Premios Literarios Vila de Mont-roig 2024 y presentaci\u00f3n del libro &#8216;Dins del cor&#8217;\",\"datePublished\":\"2025-01-13T11:59:44+00:00\",\"dateModified\":\"2025-01-13T12:23:55+00:00\",\"mainEntityOfPage\":{\"@id\":\"https:\\\/\\\/mont-roig.cat\\\/es\\\/actualitat\\\/noticies\\\/entrega-de-los-premios-literarios-vila-de-mont-roig-2024-y-presentacion-del-libro-dins-del-cor\\\/\"},\"wordCount\":878,\"image\":{\"@id\":\"https:\\\/\\\/mont-roig.cat\\\/es\\\/actualitat\\\/noticies\\\/entrega-de-los-premios-literarios-vila-de-mont-roig-2024-y-presentacion-del-libro-dins-del-cor\\\/#primaryimage\"},\"thumbnailUrl\":\"https:\\\/\\\/mont-roig.cat\\\/wp-content\\\/uploads\\\/PRemis-Literaris-3.jpg\",\"articleSection\":[\"Ayuntamiento\",\"Cultura\"],\"inLanguage\":\"es\"},{\"@type\":\"WebPage\",\"@id\":\"https:\\\/\\\/mont-roig.cat\\\/es\\\/actualitat\\\/noticies\\\/entrega-de-los-premios-literarios-vila-de-mont-roig-2024-y-presentacion-del-libro-dins-del-cor\\\/\",\"url\":\"https:\\\/\\\/mont-roig.cat\\\/es\\\/actualitat\\\/noticies\\\/entrega-de-los-premios-literarios-vila-de-mont-roig-2024-y-presentacion-del-libro-dins-del-cor\\\/\",\"name\":\"Entrega de los Premios Literarios Vila de Mont-roig 2024 y presentaci\u00f3n del libro 'Dins del cor' - Ajuntament de Mont-roig del Camp\",\"isPartOf\":{\"@id\":\"https:\\\/\\\/mont-roig.cat\\\/es\\\/#website\"},\"primaryImageOfPage\":{\"@id\":\"https:\\\/\\\/mont-roig.cat\\\/es\\\/actualitat\\\/noticies\\\/entrega-de-los-premios-literarios-vila-de-mont-roig-2024-y-presentacion-del-libro-dins-del-cor\\\/#primaryimage\"},\"image\":{\"@id\":\"https:\\\/\\\/mont-roig.cat\\\/es\\\/actualitat\\\/noticies\\\/entrega-de-los-premios-literarios-vila-de-mont-roig-2024-y-presentacion-del-libro-dins-del-cor\\\/#primaryimage\"},\"thumbnailUrl\":\"https:\\\/\\\/mont-roig.cat\\\/wp-content\\\/uploads\\\/PRemis-Literaris-3.jpg\",\"datePublished\":\"2025-01-13T11:59:44+00:00\",\"dateModified\":\"2025-01-13T12:23:55+00:00\",\"author\":{\"@id\":\"https:\\\/\\\/mont-roig.cat\\\/es\\\/#\\\/schema\\\/person\\\/1f73e7b5e6f9dd122e8a6f14f310ac5e\"},\"breadcrumb\":{\"@id\":\"https:\\\/\\\/mont-roig.cat\\\/es\\\/actualitat\\\/noticies\\\/entrega-de-los-premios-literarios-vila-de-mont-roig-2024-y-presentacion-del-libro-dins-del-cor\\\/#breadcrumb\"},\"inLanguage\":\"es\",\"potentialAction\":[{\"@type\":\"ReadAction\",\"target\":[\"https:\\\/\\\/mont-roig.cat\\\/es\\\/actualitat\\\/noticies\\\/entrega-de-los-premios-literarios-vila-de-mont-roig-2024-y-presentacion-del-libro-dins-del-cor\\\/\"]}]},{\"@type\":\"ImageObject\",\"inLanguage\":\"es\",\"@id\":\"https:\\\/\\\/mont-roig.cat\\\/es\\\/actualitat\\\/noticies\\\/entrega-de-los-premios-literarios-vila-de-mont-roig-2024-y-presentacion-del-libro-dins-del-cor\\\/#primaryimage\",\"url\":\"https:\\\/\\\/mont-roig.cat\\\/wp-content\\\/uploads\\\/PRemis-Literaris-3.jpg\",\"contentUrl\":\"https:\\\/\\\/mont-roig.cat\\\/wp-content\\\/uploads\\\/PRemis-Literaris-3.jpg\",\"width\":2048,\"height\":1365},{\"@type\":\"BreadcrumbList\",\"@id\":\"https:\\\/\\\/mont-roig.cat\\\/es\\\/actualitat\\\/noticies\\\/entrega-de-los-premios-literarios-vila-de-mont-roig-2024-y-presentacion-del-libro-dins-del-cor\\\/#breadcrumb\",\"itemListElement\":[{\"@type\":\"ListItem\",\"position\":1,\"name\":\"Inici\",\"item\":\"https:\\\/\\\/mont-roig.cat\\\/es\\\/pagina-de-inicio\\\/\"},{\"@type\":\"ListItem\",\"position\":2,\"name\":\"Entrega de los Premios Literarios Vila de Mont-roig 2024 y presentaci\u00f3n del libro &#8216;Dins del cor&#8217;\"}]},{\"@type\":\"WebSite\",\"@id\":\"https:\\\/\\\/mont-roig.cat\\\/es\\\/#website\",\"url\":\"https:\\\/\\\/mont-roig.cat\\\/es\\\/\",\"name\":\"Ajuntament de Mont-roig del Camp\",\"description\":\"Tota la informaci\u00f3 sobre la instituci\u00f3, els seus \u00f2rgans de govern, actualitat, serveis i molt m\u00e9s.\",\"potentialAction\":[{\"@type\":\"SearchAction\",\"target\":{\"@type\":\"EntryPoint\",\"urlTemplate\":\"https:\\\/\\\/mont-roig.cat\\\/es\\\/?s={search_term_string}\"},\"query-input\":{\"@type\":\"PropertyValueSpecification\",\"valueRequired\":true,\"valueName\":\"search_term_string\"}}],\"inLanguage\":\"es\"},{\"@type\":\"Person\",\"@id\":\"https:\\\/\\\/mont-roig.cat\\\/es\\\/#\\\/schema\\\/person\\\/1f73e7b5e6f9dd122e8a6f14f310ac5e\",\"name\":\"comunicacio\",\"image\":{\"@type\":\"ImageObject\",\"inLanguage\":\"es\",\"@id\":\"https:\\\/\\\/secure.gravatar.com\\\/avatar\\\/98944333e7a877670a64f8d10f0cb680ab2c9ebc4efc43945ef004b52b5ad28c?s=96&d=mm&r=g\",\"url\":\"https:\\\/\\\/secure.gravatar.com\\\/avatar\\\/98944333e7a877670a64f8d10f0cb680ab2c9ebc4efc43945ef004b52b5ad28c?s=96&d=mm&r=g\",\"contentUrl\":\"https:\\\/\\\/secure.gravatar.com\\\/avatar\\\/98944333e7a877670a64f8d10f0cb680ab2c9ebc4efc43945ef004b52b5ad28c?s=96&d=mm&r=g\",\"caption\":\"comunicacio\"},\"url\":\"https:\\\/\\\/mont-roig.cat\\\/es\\\/actualitat\\\/noticies\\\/author\\\/comunicacio\\\/\"}]}<\/script>\n<!-- \/ Yoast SEO plugin. -->","yoast_head_json":{"title":"Entrega de los Premios Literarios Vila de Mont-roig 2024 y presentaci\u00f3n del libro 'Dins del cor' - Ajuntament de Mont-roig del Camp","robots":{"index":"index","follow":"follow","max-snippet":"max-snippet:-1","max-image-preview":"max-image-preview:large","max-video-preview":"max-video-preview:-1"},"canonical":"https:\/\/mont-roig.cat\/es\/actualitat\/noticies\/entrega-de-los-premios-literarios-vila-de-mont-roig-2024-y-presentacion-del-libro-dins-del-cor\/","og_locale":"es_ES","og_type":"article","og_title":"Entrega de los Premios Literarios Vila de Mont-roig 2024 y presentaci\u00f3n del libro 'Dins del cor' - Ajuntament de Mont-roig del Camp","og_description":"El acto se celebr\u00f3 en el Centre Cultural Esgl\u00e9sia Vella y cont\u00f3 con la actuaci\u00f3n musical del d\u00fao Elisabeth Borne &amp; Toni Hern\u00e1ndez. Esta tarde de s\u00e1bado, el Centre Cultural Esgl\u00e9sia Vella fue el escenario de la entrega de los Premios Literarios Vila de Mont-roig 2024, que este a\u00f1o celebran su 43\u00aa edici\u00f3n, y de [&hellip;]","og_url":"https:\/\/mont-roig.cat\/es\/actualitat\/noticies\/entrega-de-los-premios-literarios-vila-de-mont-roig-2024-y-presentacion-del-libro-dins-del-cor\/","og_site_name":"Ajuntament de Mont-roig del Camp","article_published_time":"2025-01-13T11:59:44+00:00","article_modified_time":"2025-01-13T12:23:55+00:00","og_image":[{"width":2048,"height":1365,"url":"https:\/\/mont-roig.cat\/wp-content\/uploads\/PRemis-Literaris-3.jpg","type":"image\/jpeg"}],"author":"comunicacio","twitter_card":"summary_large_image","twitter_misc":{"Escrito por":"comunicacio","Tiempo de lectura":"5 minutos"},"schema":{"@context":"https:\/\/schema.org","@graph":[{"@type":"Article","@id":"https:\/\/mont-roig.cat\/es\/actualitat\/noticies\/entrega-de-los-premios-literarios-vila-de-mont-roig-2024-y-presentacion-del-libro-dins-del-cor\/#article","isPartOf":{"@id":"https:\/\/mont-roig.cat\/es\/actualitat\/noticies\/entrega-de-los-premios-literarios-vila-de-mont-roig-2024-y-presentacion-del-libro-dins-del-cor\/"},"author":{"name":"comunicacio","@id":"https:\/\/mont-roig.cat\/es\/#\/schema\/person\/1f73e7b5e6f9dd122e8a6f14f310ac5e"},"headline":"Entrega de los Premios Literarios Vila de Mont-roig 2024 y presentaci\u00f3n del libro &#8216;Dins del cor&#8217;","datePublished":"2025-01-13T11:59:44+00:00","dateModified":"2025-01-13T12:23:55+00:00","mainEntityOfPage":{"@id":"https:\/\/mont-roig.cat\/es\/actualitat\/noticies\/entrega-de-los-premios-literarios-vila-de-mont-roig-2024-y-presentacion-del-libro-dins-del-cor\/"},"wordCount":878,"image":{"@id":"https:\/\/mont-roig.cat\/es\/actualitat\/noticies\/entrega-de-los-premios-literarios-vila-de-mont-roig-2024-y-presentacion-del-libro-dins-del-cor\/#primaryimage"},"thumbnailUrl":"https:\/\/mont-roig.cat\/wp-content\/uploads\/PRemis-Literaris-3.jpg","articleSection":["Ayuntamiento","Cultura"],"inLanguage":"es"},{"@type":"WebPage","@id":"https:\/\/mont-roig.cat\/es\/actualitat\/noticies\/entrega-de-los-premios-literarios-vila-de-mont-roig-2024-y-presentacion-del-libro-dins-del-cor\/","url":"https:\/\/mont-roig.cat\/es\/actualitat\/noticies\/entrega-de-los-premios-literarios-vila-de-mont-roig-2024-y-presentacion-del-libro-dins-del-cor\/","name":"Entrega de los Premios Literarios Vila de Mont-roig 2024 y presentaci\u00f3n del libro 'Dins del cor' - Ajuntament de Mont-roig del Camp","isPartOf":{"@id":"https:\/\/mont-roig.cat\/es\/#website"},"primaryImageOfPage":{"@id":"https:\/\/mont-roig.cat\/es\/actualitat\/noticies\/entrega-de-los-premios-literarios-vila-de-mont-roig-2024-y-presentacion-del-libro-dins-del-cor\/#primaryimage"},"image":{"@id":"https:\/\/mont-roig.cat\/es\/actualitat\/noticies\/entrega-de-los-premios-literarios-vila-de-mont-roig-2024-y-presentacion-del-libro-dins-del-cor\/#primaryimage"},"thumbnailUrl":"https:\/\/mont-roig.cat\/wp-content\/uploads\/PRemis-Literaris-3.jpg","datePublished":"2025-01-13T11:59:44+00:00","dateModified":"2025-01-13T12:23:55+00:00","author":{"@id":"https:\/\/mont-roig.cat\/es\/#\/schema\/person\/1f73e7b5e6f9dd122e8a6f14f310ac5e"},"breadcrumb":{"@id":"https:\/\/mont-roig.cat\/es\/actualitat\/noticies\/entrega-de-los-premios-literarios-vila-de-mont-roig-2024-y-presentacion-del-libro-dins-del-cor\/#breadcrumb"},"inLanguage":"es","potentialAction":[{"@type":"ReadAction","target":["https:\/\/mont-roig.cat\/es\/actualitat\/noticies\/entrega-de-los-premios-literarios-vila-de-mont-roig-2024-y-presentacion-del-libro-dins-del-cor\/"]}]},{"@type":"ImageObject","inLanguage":"es","@id":"https:\/\/mont-roig.cat\/es\/actualitat\/noticies\/entrega-de-los-premios-literarios-vila-de-mont-roig-2024-y-presentacion-del-libro-dins-del-cor\/#primaryimage","url":"https:\/\/mont-roig.cat\/wp-content\/uploads\/PRemis-Literaris-3.jpg","contentUrl":"https:\/\/mont-roig.cat\/wp-content\/uploads\/PRemis-Literaris-3.jpg","width":2048,"height":1365},{"@type":"BreadcrumbList","@id":"https:\/\/mont-roig.cat\/es\/actualitat\/noticies\/entrega-de-los-premios-literarios-vila-de-mont-roig-2024-y-presentacion-del-libro-dins-del-cor\/#breadcrumb","itemListElement":[{"@type":"ListItem","position":1,"name":"Inici","item":"https:\/\/mont-roig.cat\/es\/pagina-de-inicio\/"},{"@type":"ListItem","position":2,"name":"Entrega de los Premios Literarios Vila de Mont-roig 2024 y presentaci\u00f3n del libro &#8216;Dins del cor&#8217;"}]},{"@type":"WebSite","@id":"https:\/\/mont-roig.cat\/es\/#website","url":"https:\/\/mont-roig.cat\/es\/","name":"Ajuntament de Mont-roig del Camp","description":"Tota la informaci\u00f3 sobre la instituci\u00f3, els seus \u00f2rgans de govern, actualitat, serveis i molt m\u00e9s.","potentialAction":[{"@type":"SearchAction","target":{"@type":"EntryPoint","urlTemplate":"https:\/\/mont-roig.cat\/es\/?s={search_term_string}"},"query-input":{"@type":"PropertyValueSpecification","valueRequired":true,"valueName":"search_term_string"}}],"inLanguage":"es"},{"@type":"Person","@id":"https:\/\/mont-roig.cat\/es\/#\/schema\/person\/1f73e7b5e6f9dd122e8a6f14f310ac5e","name":"comunicacio","image":{"@type":"ImageObject","inLanguage":"es","@id":"https:\/\/secure.gravatar.com\/avatar\/98944333e7a877670a64f8d10f0cb680ab2c9ebc4efc43945ef004b52b5ad28c?s=96&d=mm&r=g","url":"https:\/\/secure.gravatar.com\/avatar\/98944333e7a877670a64f8d10f0cb680ab2c9ebc4efc43945ef004b52b5ad28c?s=96&d=mm&r=g","contentUrl":"https:\/\/secure.gravatar.com\/avatar\/98944333e7a877670a64f8d10f0cb680ab2c9ebc4efc43945ef004b52b5ad28c?s=96&d=mm&r=g","caption":"comunicacio"},"url":"https:\/\/mont-roig.cat\/es\/actualitat\/noticies\/author\/comunicacio\/"}]}},"_links":{"self":[{"href":"https:\/\/mont-roig.cat\/es\/wp-json\/wp\/v2\/posts\/80284","targetHints":{"allow":["GET"]}}],"collection":[{"href":"https:\/\/mont-roig.cat\/es\/wp-json\/wp\/v2\/posts"}],"about":[{"href":"https:\/\/mont-roig.cat\/es\/wp-json\/wp\/v2\/types\/post"}],"author":[{"embeddable":true,"href":"https:\/\/mont-roig.cat\/es\/wp-json\/wp\/v2\/users\/13"}],"replies":[{"embeddable":true,"href":"https:\/\/mont-roig.cat\/es\/wp-json\/wp\/v2\/comments?post=80284"}],"version-history":[{"count":2,"href":"https:\/\/mont-roig.cat\/es\/wp-json\/wp\/v2\/posts\/80284\/revisions"}],"predecessor-version":[{"id":80286,"href":"https:\/\/mont-roig.cat\/es\/wp-json\/wp\/v2\/posts\/80284\/revisions\/80286"}],"wp:featuredmedia":[{"embeddable":true,"href":"https:\/\/mont-roig.cat\/es\/wp-json\/wp\/v2\/media\/80280"}],"wp:attachment":[{"href":"https:\/\/mont-roig.cat\/es\/wp-json\/wp\/v2\/media?parent=80284"}],"wp:term":[{"taxonomy":"category","embeddable":true,"href":"https:\/\/mont-roig.cat\/es\/wp-json\/wp\/v2\/categories?post=80284"},{"taxonomy":"post_tag","embeddable":true,"href":"https:\/\/mont-roig.cat\/es\/wp-json\/wp\/v2\/tags?post=80284"}],"curies":[{"name":"wp","href":"https:\/\/api.w.org\/{rel}","templated":true}]}}