{"id":80299,"date":"2025-01-13T16:37:13","date_gmt":"2025-01-13T15:37:13","guid":{"rendered":"https:\/\/mont-roig.cat\/actualitat\/noticies\/el-ple-de-lajuntament-de-mont-roig-del-camp-atorga-per-unanimitat-el-guardo-dhonor-del-municipi-a-lassociacio-de-veins-muntanya-roja\/"},"modified":"2025-01-13T16:50:51","modified_gmt":"2025-01-13T15:50:51","slug":"veins-muntanya-roja","status":"publish","type":"post","link":"https:\/\/mont-roig.cat\/es\/actualitat\/noticies\/veins-muntanya-roja\/","title":{"rendered":"El Ayuntamiento de Mont-roig del Camp otorga el Guard\u00f3n de Honor a la Associaci\u00f3 de Ve\u00efns Muntanya Roja"},"content":{"rendered":"<div id=\"attachment_80293\" style=\"width: 318px\" class=\"wp-caption alignright\"><a href=\"https:\/\/mont-roig.cat\/wp-content\/uploads\/Sin-titulo-3.jpg\" target=\"_blank\" rel=\"noopener\"><img loading=\"lazy\" decoding=\"async\" aria-describedby=\"caption-attachment-80293\" class=\"wp-image-80293\" src=\"https:\/\/mont-roig.cat\/wp-content\/uploads\/Sin-titulo-3-500x375.jpg\" alt=\"\" width=\"308\" height=\"231\" srcset=\"https:\/\/mont-roig.cat\/wp-content\/uploads\/Sin-titulo-3-500x375.jpg 500w, https:\/\/mont-roig.cat\/wp-content\/uploads\/Sin-titulo-3-1024x768.jpg 1024w, https:\/\/mont-roig.cat\/wp-content\/uploads\/Sin-titulo-3-768x576.jpg 768w, https:\/\/mont-roig.cat\/wp-content\/uploads\/Sin-titulo-3-1536x1152.jpg 1536w, https:\/\/mont-roig.cat\/wp-content\/uploads\/Sin-titulo-3-463x348.jpg 463w, https:\/\/mont-roig.cat\/wp-content\/uploads\/Sin-titulo-3.jpg 1600w\" sizes=\"auto, (max-width: 308px) 100vw, 308px\" \/><\/a><p id=\"caption-attachment-80293\" class=\"wp-caption-text\">Miembros de la Associaci\u00f3 de Ve\u00efns Muntanya Roja con el gobierno municipal en el transcurso del Pleno ordinario donde le han otorgado la distinci\u00f3n.<\/p><\/div>\n<ul>\n<li><strong>La entidad es reconocida por su labor en la preservaci\u00f3n y difusi\u00f3n de la cultura, historia y tradiciones locales durante m\u00e1s de cincuenta a\u00f1os<\/strong><\/li>\n<\/ul>\n<p>El Pleno del Ayuntamiento de Mont-roig del Camp, celebrado este lunes 13 de enero de 2025, ha aprobado por unanimidad conceder el Galard\u00f3n de Honor Municipal a la Associaci\u00f3 de Ve\u00efns Muntanya Roja, reconociendo su trayectoria ejemplar en la promoci\u00f3n y preservaci\u00f3n de la cultura, historia y tradiciones locales durante m\u00e1s de cincuenta a\u00f1os.<\/p>\n<p>Este pasado 2024, la Associaci\u00f3 de Ve\u00efns Muntanya Rojaha celebrado el quincuag\u00e9simo aniversario desde su creaci\u00f3n. Una de las entidades con una trayectoria m\u00e1s larga en el tejido asociativo local. Su primera actividad cultural se remonta al 23 de junio de 1974, durante la verbena de Sant Joan, cuando la entidad fue a buscar la Flama del Canig\u00f3 a Reus para repartirla entre los vecinos de Mont-roig que quer\u00edan encender las sus hogueras. Pese a que el acta fundacional data del 15 de noviembre de 1978 y el registro oficial en el Gobierno Civil de Tarragona es de 1979, la entidad ya hab\u00eda comenzado su labor a\u00f1os antes.<\/p>\n<p>La Associaci\u00f3 de Ve\u00efns Muntanya Roja ha jugado un papel fundamental en la recuperaci\u00f3n y la difusi\u00f3n de la historia local mont-rojiza. Desde su fundaci\u00f3n, ha impulsado la edici\u00f3n de diecisiete libros y ha promovido un amplio abanico de actividades culturales, como los encuentros de sardanas, la recuperaci\u00f3n del Ball de Coques y la celebraci\u00f3n del Cap de Semana Diat\u00f2nic. Adem\u00e1s, ha sido una entidad clave en la difusi\u00f3n del patrimonio de piedra seca y en la organizaci\u00f3n de eventos como las fiestas de la Mare de D\u00e9u de la Roca, incluyendo las proyecciones de im\u00e1genes hist\u00f3ricas.<\/p>\n<p>La revista <em>Ress\u00f2 mont-rogenc<\/em>, impulsada por la asociaci\u00f3n, se ha convertido en una fuente imprescindible de informaci\u00f3n y cr\u00f3nica local, todav\u00eda hoy en d\u00eda. Con este medio, la entidad ha contribuido a la difusi\u00f3n de la historia local y ha homenajeado a figuras destacadas como Joan Mir\u00f3, Baptista Nogu\u00e9s y Grifoll, y Jacint Salvad\u00f3 entre otros.<\/p>\n<p>En la actualidad, la Associaci\u00f3 de Ve\u00efns Muntanya Roja sigue siendo una de las principales entidades culturales del municipio, con un compromiso firme con la preservaci\u00f3n de la cultura popular, la promoci\u00f3n de la historia local y el fomento del sentimiento de comunidad. Esta trayectoria \u00fanica y su profundo impacto en la vida cultural y social de Mont-roig han sido determinantes para el reconocimiento otorgado por el consistorio.<\/p>\n<p><strong>Entrega del Galard\u00f3n de Honor y palabras de agradecimiento<\/strong><\/p>\n<p>Representantes de la Associaci\u00f3 de Ve\u00efns Muntanya Roja han asistido al plenario, donde se ha realizado tambi\u00e9n el acto oficial de entrega del Galard\u00f3n de Honor. El alcalde Fran Morancho ha entregado al presidente de la entidad, Miquel Anguera, una litograf\u00eda del artista local Llu\u00eds Fongrau y el pin de oro de la corporaci\u00f3n.<\/p>\n<p>En el turno de intervenciones, Irene Aragon\u00e8s del grupo municipal de ERC, que se ha emocionado en el transcurso de su discurso, ha remarcado que es un acto de justicia la entrega, hoy, de ese reconocimiento a un grupo que lleva a\u00f1os trabajando por la defensa de la cultura y las tradiciones. Ha agradecido tambi\u00e9n la labor de todas las personas que han pasado por la junta de la entidad y les ha felicitado por su constancia. Cabe recordar, que la propuesta de otorgar este galard\u00f3n a la Associaci\u00f3 de Ve\u00efns Muntanya Roja, fue hecha por el grupo municipal de ERC.<\/p>\n<p>Por parte del grupo municipal de Junts, Sim\u00f3 Gras ha destacado que &#8220;no fuimos el Mont-roig que somos, sin la Associaci\u00f3 de Ve\u00efns Muntanya Roja&#8221;. Y ha a\u00f1adido que conceder la distinci\u00f3n no s\u00f3lo honra a la entidad, sino tambi\u00e9n al municipio que ha disfrutado de la acci\u00f3n de la asociaci\u00f3n durante estos 50 a\u00f1os, haciendo inciso tambi\u00e9n con la importancia de la revista <em>Ress\u00f2 mont-rogenc<\/em> como cr\u00f3nica del municipio y pidiendo que vuelva en versi\u00f3n papel.<\/p>\n<p>Tambi\u00e9n la concejal de Cultura del Ayuntamiento, Marimar Urisel, ha dedicado unas palabras de agradecimiento a la entidad, destacando que ha sido un s\u00edmbolo en la defensa de la cultura catalana, las tradiciones y la defensa del patrimonio hist\u00f3rico. &#8220;Los inicios con la Flama del Canig\u00f3 de 1974, son una prueba de su esp\u00edritu pionero&#8221; y ha puesto en valor que a lo largo de estos 50 a\u00f1os hayan llevado a cabo multitud de actividades, incluyendo la recuperaci\u00f3n de tradiciones montrrojas o la cr\u00f3nica viva que supone el Eco mont-rojizo. Ha terminado diciendo que &#8220;el galard\u00f3n de honor es un s\u00edmbolo de lo que ha hecho pero tambi\u00e9n una invitaci\u00f3n a continuar esta tarea tan necesaria que ha llevado a cabo&#8221;.<\/p>\n<p>Por \u00faltimo, el presidente de la entidad Miquel Anguera, ha dicho en primicia que, en relaci\u00f3n al <em>Ress\u00f2 Mont-rogenc<\/em>, ya han encontrado una soluci\u00f3n para digitalizar las ediciones anteriores, lo que permitir\u00e1 hacer accesible todos estos a\u00f1os de cr\u00f3nicas. En cuanto a las acciones que han llevado a cabo estos a\u00f1os, ha mencionado el gran homenaje que se hizo al artista Joan Mir\u00f3 y la labor que llevaron a cabo para conseguir firmas para cambiar el nombre de la plaza del Generalissimo en plaza Joan Mir\u00f3. Por \u00faltimo, en nombre de la entidad ha agradecido el reconocimiento<\/p>\n\n\t\t<!-- MasterSlider -->\n\t\t<div id=\"P_MS69f583873b192\" class=\"master-slider-parent master-slider-gallery   ms-parent-id-0\"  >\n\n\t\t\t\n\t\t\t<!-- MasterSlider Main -->\n\t\t\t<div id=\"MS69f583873b192\" class=\"master-slider ms-skin-default\" >\n\t\t\t\t \t\t\t\t \n\t\t\t<div  class=\"ms-slide\" data-delay=\"3\"    >\n\t\t\t\t\t<img decoding=\"async\" src=\"https:\/\/mont-roig.cat\/wp-content\/plugins\/masterslider\/public\/assets\/css\/blank.gif\" alt=\"muntanya roja2\" title=\"muntanya roja2\" data-src=\"https:\/\/mont-roig.cat\/wp-content\/uploadsArray\" \/>\n\t<a href=\"http:\/\/Array\" target=\"_self\"    >muntanya roja2<\/a>\n\n\t\t\t\t\t<div class=\"ms-info\">muntanya roja2<\/div>\n\n\n\t<img decoding=\"async\" class=\"ms-thumb\" src=\"https:\/\/mont-roig.cat\/wp-content\/uploadsArray\" alt=\"muntanya roja2\" \/>\n\t\t\t\t<\/div>\n\t\t\t<div  class=\"ms-slide\" data-delay=\"3\"    >\n\t\t\t\t\t<img decoding=\"async\" src=\"https:\/\/mont-roig.cat\/wp-content\/plugins\/masterslider\/public\/assets\/css\/blank.gif\" alt=\"muntanya roja3\" title=\"muntanya roja3\" data-src=\"https:\/\/mont-roig.cat\/wp-content\/uploadsArray\" \/>\n\t<a href=\"http:\/\/Array\" target=\"_self\"    >muntanya roja3<\/a>\n\n\t\t\t\t\t<div class=\"ms-info\">muntanya roja3<\/div>\n\n\n\t<img decoding=\"async\" class=\"ms-thumb\" src=\"https:\/\/mont-roig.cat\/wp-content\/uploadsArray\" alt=\"muntanya roja3\" \/>\n\t\t\t\t<\/div>\n\t\t\t<div  class=\"ms-slide\" data-delay=\"3\"    >\n\t\t\t\t\t<img decoding=\"async\" src=\"https:\/\/mont-roig.cat\/wp-content\/plugins\/masterslider\/public\/assets\/css\/blank.gif\" alt=\"votacio\" title=\"votacio\" data-src=\"https:\/\/mont-roig.cat\/wp-content\/uploadsArray\" \/>\n\t<a href=\"http:\/\/Array\" target=\"_self\"    >votacio<\/a>\n\n\t\t\t\t\t<div class=\"ms-info\">votacio<\/div>\n\n\n\t<img decoding=\"async\" class=\"ms-thumb\" src=\"https:\/\/mont-roig.cat\/wp-content\/uploadsArray\" alt=\"votacio\" \/>\n\t\t\t\t<\/div>\n\n\t\t\t<\/div>\n\t\t\t<!-- END MasterSlider Main -->\n\n\t\t\t \n\t\t<\/div>\n\t\t<!-- END MasterSlider -->\n\n\t\t<script>\n\t\t( window.MSReady = window.MSReady || [] ).push( function( $ ) {\n\n\t\t\t\"use strict\";\n\t\t\tvar masterslider_b192 = new MasterSlider();\n\n\t\t\t\/\/ slider controls\n\t\t\tmasterslider_b192.control('arrows'     ,{ autohide:true, overVideo:true  });\n\t\t\tmasterslider_b192.control('thumblist'  ,{ autohide:false, overVideo:true, dir:'h', speed:17, inset:false, arrows:false, hover:false, customClass:'', align:'bottom',type:'thumbs', margin:2, width:140, height:80, space:2, fillMode:'fill'  });\n\t\t\tmasterslider_b192.control('slideinfo'  ,{ autohide:true, overVideo:true, dir:'h', align:'bottom',inset:true , margin:80  , size:30 });\n\t\t\t\/\/ slider setup\n\t\t\tmasterslider_b192.setup(\"MS69f583873b192\", {\n\t\t\t\twidth           : 960,\n\t\t\t\theight          : 540,\n\t\t\t\tminHeight       : 0,\n\t\t\t\tspace           : 0,\n\t\t\t\tstart           : 1,\n\t\t\t\tgrabCursor      : true,\n\t\t\t\tswipe           : true,\n\t\t\t\tmouse           : true,\n\t\t\t\tkeyboard        : false,\n\t\t\t\tlayout          : \"fillwidth\",\n\t\t\t\twheel           : false,\n\t\t\t\tautoplay        : false,\n                instantStartLayers:false,\n\t\t\t\tmobileBGVideo:false,\n\t\t\t\tloop            : false,\n\t\t\t\tshuffle         : false,\n\t\t\t\tpreload         : 3,\n\t\t\t\theightLimit     : false,\n\t\t\t\tautoHeight      : false,\n\t\t\t\tsmoothHeight    : true,\n\t\t\t\tendPause        : false,\n\t\t\t\toverPause       : false,\n\t\t\t\tfillMode        : \"fill\",\n\t\t\t\tcenterControls  : true,\n\t\t\t\tstartOnAppear   : false,\n\t\t\t\tlayersMode      : \"center\",\n\t\t\t\tautofillTarget  : \"\",\n\t\t\t\thideLayers      : false,\n\t\t\t\tfullscreenMargin: 0,\n\t\t\t\tspeed           : 17,\n\t\t\t\tdir             : \"h\",\n\t\t\t\tparallaxMode    : 'swipe',\n\t\t\t\tview            : \"basic\"\n\t\t\t});\n\n\t\t\t\n\t\t\twindow.masterslider_instances = window.masterslider_instances || [];\n\t\t\twindow.masterslider_instances.push( masterslider_b192 );\n\t\t});\n\t\t<\/script>\n\n\n","protected":false},"excerpt":{"rendered":"<p>La entidad es reconocida por su labor en la preservaci\u00f3n y difusi\u00f3n de la cultura, historia y tradiciones locales durante m\u00e1s de cincuenta a\u00f1os El Pleno del Ayuntamiento de Mont-roig del Camp, celebrado este lunes 13 de enero de 2025, ha aprobado por unanimidad conceder el Galard\u00f3n de Honor Municipal a la Associaci\u00f3 de Ve\u00efns [&hellip;]<\/p>\n","protected":false},"author":13,"featured_media":80294,"comment_status":"closed","ping_status":"closed","sticky":false,"template":"","format":"standard","meta":{"inline_featured_image":false,"_monsterinsights_skip_tracking":false,"_monsterinsights_sitenote_active":false,"_monsterinsights_sitenote_note":"","_monsterinsights_sitenote_category":0,"footnotes":""},"categories":[98],"tags":[],"class_list":["post-80299","post","type-post","status-publish","format-standard","has-post-thumbnail","hentry","category-ayuntamiento"],"yoast_head":"<!-- This site is optimized with the Yoast SEO plugin v27.4 - https:\/\/yoast.com\/product\/yoast-seo-wordpress\/ -->\n<title>El Ayuntamiento de Mont-roig del Camp otorga el Guard\u00f3n de Honor a la Associaci\u00f3 de Ve\u00efns Muntanya Roja - Ajuntament de Mont-roig del Camp<\/title>\n<meta name=\"robots\" content=\"index, follow, max-snippet:-1, max-image-preview:large, max-video-preview:-1\" \/>\n<link rel=\"canonical\" href=\"https:\/\/mont-roig.cat\/es\/actualitat\/noticies\/veins-muntanya-roja\/\" \/>\n<meta property=\"og:locale\" content=\"es_ES\" \/>\n<meta property=\"og:type\" content=\"article\" \/>\n<meta property=\"og:title\" content=\"El Ayuntamiento de Mont-roig del Camp otorga el Guard\u00f3n de Honor a la Associaci\u00f3 de Ve\u00efns Muntanya Roja - Ajuntament de Mont-roig del Camp\" \/>\n<meta property=\"og:description\" content=\"La entidad es reconocida por su labor en la preservaci\u00f3n y difusi\u00f3n de la cultura, historia y tradiciones locales durante m\u00e1s de cincuenta a\u00f1os El Pleno del Ayuntamiento de Mont-roig del Camp, celebrado este lunes 13 de enero de 2025, ha aprobado por unanimidad conceder el Galard\u00f3n de Honor Municipal a la Associaci\u00f3 de Ve\u00efns [&hellip;]\" \/>\n<meta property=\"og:url\" content=\"https:\/\/mont-roig.cat\/es\/actualitat\/noticies\/veins-muntanya-roja\/\" \/>\n<meta property=\"og:site_name\" content=\"Ajuntament de Mont-roig del Camp\" \/>\n<meta property=\"article:published_time\" content=\"2025-01-13T15:37:13+00:00\" \/>\n<meta property=\"article:modified_time\" content=\"2025-01-13T15:50:51+00:00\" \/>\n<meta property=\"og:image\" content=\"https:\/\/mont-roig.cat\/wp-content\/uploads\/Sin-titulo-3.jpg\" \/>\n\t<meta property=\"og:image:width\" content=\"1600\" \/>\n\t<meta property=\"og:image:height\" content=\"1200\" \/>\n\t<meta property=\"og:image:type\" content=\"image\/jpeg\" \/>\n<meta name=\"author\" content=\"comunicacio\" \/>\n<meta name=\"twitter:card\" content=\"summary_large_image\" \/>\n<meta name=\"twitter:label1\" content=\"Escrito por\" \/>\n\t<meta name=\"twitter:data1\" content=\"comunicacio\" \/>\n\t<meta name=\"twitter:label2\" content=\"Tiempo de lectura\" \/>\n\t<meta name=\"twitter:data2\" content=\"6 minutos\" \/>\n<script type=\"application\/ld+json\" class=\"yoast-schema-graph\">{\"@context\":\"https:\\\/\\\/schema.org\",\"@graph\":[{\"@type\":\"Article\",\"@id\":\"https:\\\/\\\/mont-roig.cat\\\/es\\\/actualitat\\\/noticies\\\/veins-muntanya-roja\\\/#article\",\"isPartOf\":{\"@id\":\"https:\\\/\\\/mont-roig.cat\\\/es\\\/actualitat\\\/noticies\\\/veins-muntanya-roja\\\/\"},\"author\":{\"name\":\"comunicacio\",\"@id\":\"https:\\\/\\\/mont-roig.cat\\\/es\\\/#\\\/schema\\\/person\\\/1f73e7b5e6f9dd122e8a6f14f310ac5e\"},\"headline\":\"El Ayuntamiento de Mont-roig del Camp otorga el Guard\u00f3n de Honor a la Associaci\u00f3 de Ve\u00efns Muntanya Roja\",\"datePublished\":\"2025-01-13T15:37:13+00:00\",\"dateModified\":\"2025-01-13T15:50:51+00:00\",\"mainEntityOfPage\":{\"@id\":\"https:\\\/\\\/mont-roig.cat\\\/es\\\/actualitat\\\/noticies\\\/veins-muntanya-roja\\\/\"},\"wordCount\":998,\"image\":{\"@id\":\"https:\\\/\\\/mont-roig.cat\\\/es\\\/actualitat\\\/noticies\\\/veins-muntanya-roja\\\/#primaryimage\"},\"thumbnailUrl\":\"https:\\\/\\\/mont-roig.cat\\\/wp-content\\\/uploads\\\/Sin-titulo-3.jpg\",\"articleSection\":[\"Ayuntamiento\"],\"inLanguage\":\"es\"},{\"@type\":\"WebPage\",\"@id\":\"https:\\\/\\\/mont-roig.cat\\\/es\\\/actualitat\\\/noticies\\\/veins-muntanya-roja\\\/\",\"url\":\"https:\\\/\\\/mont-roig.cat\\\/es\\\/actualitat\\\/noticies\\\/veins-muntanya-roja\\\/\",\"name\":\"El Ayuntamiento de Mont-roig del Camp otorga el Guard\u00f3n de Honor a la Associaci\u00f3 de Ve\u00efns Muntanya Roja - Ajuntament de Mont-roig del Camp\",\"isPartOf\":{\"@id\":\"https:\\\/\\\/mont-roig.cat\\\/es\\\/#website\"},\"primaryImageOfPage\":{\"@id\":\"https:\\\/\\\/mont-roig.cat\\\/es\\\/actualitat\\\/noticies\\\/veins-muntanya-roja\\\/#primaryimage\"},\"image\":{\"@id\":\"https:\\\/\\\/mont-roig.cat\\\/es\\\/actualitat\\\/noticies\\\/veins-muntanya-roja\\\/#primaryimage\"},\"thumbnailUrl\":\"https:\\\/\\\/mont-roig.cat\\\/wp-content\\\/uploads\\\/Sin-titulo-3.jpg\",\"datePublished\":\"2025-01-13T15:37:13+00:00\",\"dateModified\":\"2025-01-13T15:50:51+00:00\",\"author\":{\"@id\":\"https:\\\/\\\/mont-roig.cat\\\/es\\\/#\\\/schema\\\/person\\\/1f73e7b5e6f9dd122e8a6f14f310ac5e\"},\"breadcrumb\":{\"@id\":\"https:\\\/\\\/mont-roig.cat\\\/es\\\/actualitat\\\/noticies\\\/veins-muntanya-roja\\\/#breadcrumb\"},\"inLanguage\":\"es\",\"potentialAction\":[{\"@type\":\"ReadAction\",\"target\":[\"https:\\\/\\\/mont-roig.cat\\\/es\\\/actualitat\\\/noticies\\\/veins-muntanya-roja\\\/\"]}]},{\"@type\":\"ImageObject\",\"inLanguage\":\"es\",\"@id\":\"https:\\\/\\\/mont-roig.cat\\\/es\\\/actualitat\\\/noticies\\\/veins-muntanya-roja\\\/#primaryimage\",\"url\":\"https:\\\/\\\/mont-roig.cat\\\/wp-content\\\/uploads\\\/Sin-titulo-3.jpg\",\"contentUrl\":\"https:\\\/\\\/mont-roig.cat\\\/wp-content\\\/uploads\\\/Sin-titulo-3.jpg\",\"width\":1600,\"height\":1200},{\"@type\":\"BreadcrumbList\",\"@id\":\"https:\\\/\\\/mont-roig.cat\\\/es\\\/actualitat\\\/noticies\\\/veins-muntanya-roja\\\/#breadcrumb\",\"itemListElement\":[{\"@type\":\"ListItem\",\"position\":1,\"name\":\"Inici\",\"item\":\"https:\\\/\\\/mont-roig.cat\\\/es\\\/pagina-de-inicio\\\/\"},{\"@type\":\"ListItem\",\"position\":2,\"name\":\"El Ayuntamiento de Mont-roig del Camp otorga el Guard\u00f3n de Honor a la Associaci\u00f3 de Ve\u00efns Muntanya Roja\"}]},{\"@type\":\"WebSite\",\"@id\":\"https:\\\/\\\/mont-roig.cat\\\/es\\\/#website\",\"url\":\"https:\\\/\\\/mont-roig.cat\\\/es\\\/\",\"name\":\"Ajuntament de Mont-roig del Camp\",\"description\":\"Tota la informaci\u00f3 sobre la instituci\u00f3, els seus \u00f2rgans de govern, actualitat, serveis i molt m\u00e9s.\",\"potentialAction\":[{\"@type\":\"SearchAction\",\"target\":{\"@type\":\"EntryPoint\",\"urlTemplate\":\"https:\\\/\\\/mont-roig.cat\\\/es\\\/?s={search_term_string}\"},\"query-input\":{\"@type\":\"PropertyValueSpecification\",\"valueRequired\":true,\"valueName\":\"search_term_string\"}}],\"inLanguage\":\"es\"},{\"@type\":\"Person\",\"@id\":\"https:\\\/\\\/mont-roig.cat\\\/es\\\/#\\\/schema\\\/person\\\/1f73e7b5e6f9dd122e8a6f14f310ac5e\",\"name\":\"comunicacio\",\"image\":{\"@type\":\"ImageObject\",\"inLanguage\":\"es\",\"@id\":\"https:\\\/\\\/secure.gravatar.com\\\/avatar\\\/98944333e7a877670a64f8d10f0cb680ab2c9ebc4efc43945ef004b52b5ad28c?s=96&d=mm&r=g\",\"url\":\"https:\\\/\\\/secure.gravatar.com\\\/avatar\\\/98944333e7a877670a64f8d10f0cb680ab2c9ebc4efc43945ef004b52b5ad28c?s=96&d=mm&r=g\",\"contentUrl\":\"https:\\\/\\\/secure.gravatar.com\\\/avatar\\\/98944333e7a877670a64f8d10f0cb680ab2c9ebc4efc43945ef004b52b5ad28c?s=96&d=mm&r=g\",\"caption\":\"comunicacio\"},\"url\":\"https:\\\/\\\/mont-roig.cat\\\/es\\\/actualitat\\\/noticies\\\/author\\\/comunicacio\\\/\"}]}<\/script>\n<!-- \/ Yoast SEO plugin. -->","yoast_head_json":{"title":"El Ayuntamiento de Mont-roig del Camp otorga el Guard\u00f3n de Honor a la Associaci\u00f3 de Ve\u00efns Muntanya Roja - Ajuntament de Mont-roig del Camp","robots":{"index":"index","follow":"follow","max-snippet":"max-snippet:-1","max-image-preview":"max-image-preview:large","max-video-preview":"max-video-preview:-1"},"canonical":"https:\/\/mont-roig.cat\/es\/actualitat\/noticies\/veins-muntanya-roja\/","og_locale":"es_ES","og_type":"article","og_title":"El Ayuntamiento de Mont-roig del Camp otorga el Guard\u00f3n de Honor a la Associaci\u00f3 de Ve\u00efns Muntanya Roja - Ajuntament de Mont-roig del Camp","og_description":"La entidad es reconocida por su labor en la preservaci\u00f3n y difusi\u00f3n de la cultura, historia y tradiciones locales durante m\u00e1s de cincuenta a\u00f1os El Pleno del Ayuntamiento de Mont-roig del Camp, celebrado este lunes 13 de enero de 2025, ha aprobado por unanimidad conceder el Galard\u00f3n de Honor Municipal a la Associaci\u00f3 de Ve\u00efns [&hellip;]","og_url":"https:\/\/mont-roig.cat\/es\/actualitat\/noticies\/veins-muntanya-roja\/","og_site_name":"Ajuntament de Mont-roig del Camp","article_published_time":"2025-01-13T15:37:13+00:00","article_modified_time":"2025-01-13T15:50:51+00:00","og_image":[{"width":1600,"height":1200,"url":"https:\/\/mont-roig.cat\/wp-content\/uploads\/Sin-titulo-3.jpg","type":"image\/jpeg"}],"author":"comunicacio","twitter_card":"summary_large_image","twitter_misc":{"Escrito por":"comunicacio","Tiempo de lectura":"6 minutos"},"schema":{"@context":"https:\/\/schema.org","@graph":[{"@type":"Article","@id":"https:\/\/mont-roig.cat\/es\/actualitat\/noticies\/veins-muntanya-roja\/#article","isPartOf":{"@id":"https:\/\/mont-roig.cat\/es\/actualitat\/noticies\/veins-muntanya-roja\/"},"author":{"name":"comunicacio","@id":"https:\/\/mont-roig.cat\/es\/#\/schema\/person\/1f73e7b5e6f9dd122e8a6f14f310ac5e"},"headline":"El Ayuntamiento de Mont-roig del Camp otorga el Guard\u00f3n de Honor a la Associaci\u00f3 de Ve\u00efns Muntanya Roja","datePublished":"2025-01-13T15:37:13+00:00","dateModified":"2025-01-13T15:50:51+00:00","mainEntityOfPage":{"@id":"https:\/\/mont-roig.cat\/es\/actualitat\/noticies\/veins-muntanya-roja\/"},"wordCount":998,"image":{"@id":"https:\/\/mont-roig.cat\/es\/actualitat\/noticies\/veins-muntanya-roja\/#primaryimage"},"thumbnailUrl":"https:\/\/mont-roig.cat\/wp-content\/uploads\/Sin-titulo-3.jpg","articleSection":["Ayuntamiento"],"inLanguage":"es"},{"@type":"WebPage","@id":"https:\/\/mont-roig.cat\/es\/actualitat\/noticies\/veins-muntanya-roja\/","url":"https:\/\/mont-roig.cat\/es\/actualitat\/noticies\/veins-muntanya-roja\/","name":"El Ayuntamiento de Mont-roig del Camp otorga el Guard\u00f3n de Honor a la Associaci\u00f3 de Ve\u00efns Muntanya Roja - Ajuntament de Mont-roig del Camp","isPartOf":{"@id":"https:\/\/mont-roig.cat\/es\/#website"},"primaryImageOfPage":{"@id":"https:\/\/mont-roig.cat\/es\/actualitat\/noticies\/veins-muntanya-roja\/#primaryimage"},"image":{"@id":"https:\/\/mont-roig.cat\/es\/actualitat\/noticies\/veins-muntanya-roja\/#primaryimage"},"thumbnailUrl":"https:\/\/mont-roig.cat\/wp-content\/uploads\/Sin-titulo-3.jpg","datePublished":"2025-01-13T15:37:13+00:00","dateModified":"2025-01-13T15:50:51+00:00","author":{"@id":"https:\/\/mont-roig.cat\/es\/#\/schema\/person\/1f73e7b5e6f9dd122e8a6f14f310ac5e"},"breadcrumb":{"@id":"https:\/\/mont-roig.cat\/es\/actualitat\/noticies\/veins-muntanya-roja\/#breadcrumb"},"inLanguage":"es","potentialAction":[{"@type":"ReadAction","target":["https:\/\/mont-roig.cat\/es\/actualitat\/noticies\/veins-muntanya-roja\/"]}]},{"@type":"ImageObject","inLanguage":"es","@id":"https:\/\/mont-roig.cat\/es\/actualitat\/noticies\/veins-muntanya-roja\/#primaryimage","url":"https:\/\/mont-roig.cat\/wp-content\/uploads\/Sin-titulo-3.jpg","contentUrl":"https:\/\/mont-roig.cat\/wp-content\/uploads\/Sin-titulo-3.jpg","width":1600,"height":1200},{"@type":"BreadcrumbList","@id":"https:\/\/mont-roig.cat\/es\/actualitat\/noticies\/veins-muntanya-roja\/#breadcrumb","itemListElement":[{"@type":"ListItem","position":1,"name":"Inici","item":"https:\/\/mont-roig.cat\/es\/pagina-de-inicio\/"},{"@type":"ListItem","position":2,"name":"El Ayuntamiento de Mont-roig del Camp otorga el Guard\u00f3n de Honor a la Associaci\u00f3 de Ve\u00efns Muntanya Roja"}]},{"@type":"WebSite","@id":"https:\/\/mont-roig.cat\/es\/#website","url":"https:\/\/mont-roig.cat\/es\/","name":"Ajuntament de Mont-roig del Camp","description":"Tota la informaci\u00f3 sobre la instituci\u00f3, els seus \u00f2rgans de govern, actualitat, serveis i molt m\u00e9s.","potentialAction":[{"@type":"SearchAction","target":{"@type":"EntryPoint","urlTemplate":"https:\/\/mont-roig.cat\/es\/?s={search_term_string}"},"query-input":{"@type":"PropertyValueSpecification","valueRequired":true,"valueName":"search_term_string"}}],"inLanguage":"es"},{"@type":"Person","@id":"https:\/\/mont-roig.cat\/es\/#\/schema\/person\/1f73e7b5e6f9dd122e8a6f14f310ac5e","name":"comunicacio","image":{"@type":"ImageObject","inLanguage":"es","@id":"https:\/\/secure.gravatar.com\/avatar\/98944333e7a877670a64f8d10f0cb680ab2c9ebc4efc43945ef004b52b5ad28c?s=96&d=mm&r=g","url":"https:\/\/secure.gravatar.com\/avatar\/98944333e7a877670a64f8d10f0cb680ab2c9ebc4efc43945ef004b52b5ad28c?s=96&d=mm&r=g","contentUrl":"https:\/\/secure.gravatar.com\/avatar\/98944333e7a877670a64f8d10f0cb680ab2c9ebc4efc43945ef004b52b5ad28c?s=96&d=mm&r=g","caption":"comunicacio"},"url":"https:\/\/mont-roig.cat\/es\/actualitat\/noticies\/author\/comunicacio\/"}]}},"_links":{"self":[{"href":"https:\/\/mont-roig.cat\/es\/wp-json\/wp\/v2\/posts\/80299","targetHints":{"allow":["GET"]}}],"collection":[{"href":"https:\/\/mont-roig.cat\/es\/wp-json\/wp\/v2\/posts"}],"about":[{"href":"https:\/\/mont-roig.cat\/es\/wp-json\/wp\/v2\/types\/post"}],"author":[{"embeddable":true,"href":"https:\/\/mont-roig.cat\/es\/wp-json\/wp\/v2\/users\/13"}],"replies":[{"embeddable":true,"href":"https:\/\/mont-roig.cat\/es\/wp-json\/wp\/v2\/comments?post=80299"}],"version-history":[{"count":2,"href":"https:\/\/mont-roig.cat\/es\/wp-json\/wp\/v2\/posts\/80299\/revisions"}],"predecessor-version":[{"id":80301,"href":"https:\/\/mont-roig.cat\/es\/wp-json\/wp\/v2\/posts\/80299\/revisions\/80301"}],"wp:featuredmedia":[{"embeddable":true,"href":"https:\/\/mont-roig.cat\/es\/wp-json\/wp\/v2\/media\/80294"}],"wp:attachment":[{"href":"https:\/\/mont-roig.cat\/es\/wp-json\/wp\/v2\/media?parent=80299"}],"wp:term":[{"taxonomy":"category","embeddable":true,"href":"https:\/\/mont-roig.cat\/es\/wp-json\/wp\/v2\/categories?post=80299"},{"taxonomy":"post_tag","embeddable":true,"href":"https:\/\/mont-roig.cat\/es\/wp-json\/wp\/v2\/tags?post=80299"}],"curies":[{"name":"wp","href":"https:\/\/api.w.org\/{rel}","templated":true}]}}