{"id":80507,"date":"2025-01-24T10:41:20","date_gmt":"2025-01-24T09:41:20","guid":{"rendered":"https:\/\/mont-roig.cat\/actualitat\/noticies\/la-policia-local-de-mont-roig-del-camp-realitza-controls-de-transport-escolar-i-de-viatgers-en-collaboracio-amb-el-servei-catala-de-transit\/"},"modified":"2025-01-24T11:22:20","modified_gmt":"2025-01-24T10:22:20","slug":"la-policia-local-de-mont-roig-del-camp-realiza-controles-de-transporte-escolar-y-de-viajeros-en-colaboracion-con-el-servei-catala-de-transit","status":"publish","type":"post","link":"https:\/\/mont-roig.cat\/es\/actualitat\/noticies\/la-policia-local-de-mont-roig-del-camp-realiza-controles-de-transporte-escolar-y-de-viajeros-en-colaboracion-con-el-servei-catala-de-transit\/","title":{"rendered":"La Polic\u00eda Local de Mont-roig del Camp realiza controles de transporte escolar y de viajeros en colaboraci\u00f3n con el Servei Catal\u00e0 de Tr\u00e0nsit"},"content":{"rendered":"<p><strong><strong><a href=\"https:\/\/mont-roig.cat\/wp-content\/uploads\/inspeccio.jpg\" target=\"_blank\" rel=\"noopener\"><img loading=\"lazy\" decoding=\"async\" class=\"alignright wp-image-80503\" src=\"https:\/\/mont-roig.cat\/wp-content\/uploads\/inspeccio-500x281.jpg\" alt=\"\" width=\"302\" height=\"170\" srcset=\"https:\/\/mont-roig.cat\/wp-content\/uploads\/inspeccio-500x281.jpg 500w, https:\/\/mont-roig.cat\/wp-content\/uploads\/inspeccio-1024x576.jpg 1024w, https:\/\/mont-roig.cat\/wp-content\/uploads\/inspeccio-768x432.jpg 768w, https:\/\/mont-roig.cat\/wp-content\/uploads\/inspeccio.jpg 1440w\" sizes=\"auto, (max-width: 302px) 100vw, 302px\" \/><\/a><\/strong><\/strong><\/p>\n<ul>\n<li><strong>Ayer por la ma\u00f1ana, realizaron inspecciones a cinco autocares que transportan escolares al Institut Antoni Ballester y, posteriormente, a otros centros educativos del municipio, sin detectar ninguna incidencia.<\/strong><\/li>\n<\/ul>\n<p>Durante esta semana, del 20 al 26 de enero, el Servei Catal\u00e0 de Tr\u00e0nsit, conjuntamente con los Mossos d&#8217;Esquadra y las polic\u00edas locales de Catalu\u00f1a, est\u00e1 llevando a cabo una campa\u00f1a coordinada de control y vigilancia del transporte escolar, de menores y de viajeros.<\/p>\n<p>Ayer, la Polic\u00eda Local de Mont-roig del Camp realiz\u00f3 inspecciones a cinco autocares que transportan escolares al Institut Antoni Ballester y, posteriormente, a otros centros educativos del municipio. Los agentes verificaron diversos aspectos clave para garantizar la seguridad de los menores, tales como:<\/p>\n<ul>\n<li>La presencia y buen estado de los cinturones de seguridad.<\/li>\n<li>El correcto funcionamiento de las puertas y ventanas de emergencia.<\/li>\n<li>El estado de los martillos de seguridad, las ruedas y otros elementos esenciales del veh\u00edculo.<\/li>\n<li>La documentaci\u00f3n de los conductores y veh\u00edculos.<\/li>\n<li>La adecuada formaci\u00f3n y preparaci\u00f3n de los acompa\u00f1antes para saber actuar en caso de emergencia.<\/li>\n<\/ul>\n<p>El resultado de las inspecciones ha sido satisfactorio, ya que no se detect\u00f3 ninguna anomal\u00eda ni se formul\u00f3 ninguna denuncia.<\/p>\n<p>Esta acci\u00f3n forma parte de las iniciativas peri\u00f3dicas que tienen como objetivo reforzar la seguridad vial y garantizar que el transporte escolar cumple con todos los requisitos legales y t\u00e9cnicos. Desde la Polic\u00eda Local de Mont-roig del Camp se destaca la importancia de este tipo de controles para continuar trabajando en la protecci\u00f3n de los menores y la seguridad vial en el municipio.<\/p>\n<p>&nbsp;<\/p>\n","protected":false},"excerpt":{"rendered":"<p>Ayer por la ma\u00f1ana, realizaron inspecciones a cinco autocares que transportan escolares al Institut Antoni Ballester y, posteriormente, a otros centros educativos del municipio, sin detectar ninguna incidencia. Durante esta semana, del 20 al 26 de enero, el Servei Catal\u00e0 de Tr\u00e0nsit, conjuntamente con los Mossos d&#8217;Esquadra y las polic\u00edas locales de Catalu\u00f1a, est\u00e1 llevando [&hellip;]<\/p>\n","protected":false},"author":13,"featured_media":80504,"comment_status":"closed","ping_status":"closed","sticky":false,"template":"","format":"standard","meta":{"inline_featured_image":false,"_monsterinsights_skip_tracking":false,"_monsterinsights_sitenote_active":false,"_monsterinsights_sitenote_note":"","_monsterinsights_sitenote_category":0,"footnotes":""},"categories":[98,113],"tags":[],"class_list":["post-80507","post","type-post","status-publish","format-standard","has-post-thumbnail","hentry","category-ayuntamiento","category-seguridad"],"yoast_head":"<!-- This site is optimized with the Yoast SEO plugin v27.4 - https:\/\/yoast.com\/product\/yoast-seo-wordpress\/ -->\n<title>La Polic\u00eda Local de Mont-roig del Camp realiza controles de transporte escolar y de viajeros en colaboraci\u00f3n con el Servei Catal\u00e0 de Tr\u00e0nsit - Ajuntament de Mont-roig del Camp<\/title>\n<meta name=\"robots\" content=\"index, follow, max-snippet:-1, max-image-preview:large, max-video-preview:-1\" \/>\n<link rel=\"canonical\" href=\"https:\/\/mont-roig.cat\/es\/actualitat\/noticies\/la-policia-local-de-mont-roig-del-camp-realiza-controles-de-transporte-escolar-y-de-viajeros-en-colaboracion-con-el-servei-catala-de-transit\/\" \/>\n<meta property=\"og:locale\" content=\"es_ES\" \/>\n<meta property=\"og:type\" content=\"article\" \/>\n<meta property=\"og:title\" content=\"La Polic\u00eda Local de Mont-roig del Camp realiza controles de transporte escolar y de viajeros en colaboraci\u00f3n con el Servei Catal\u00e0 de Tr\u00e0nsit - Ajuntament de Mont-roig del Camp\" \/>\n<meta property=\"og:description\" content=\"Ayer por la ma\u00f1ana, realizaron inspecciones a cinco autocares que transportan escolares al Institut Antoni Ballester y, posteriormente, a otros centros educativos del municipio, sin detectar ninguna incidencia. Durante esta semana, del 20 al 26 de enero, el Servei Catal\u00e0 de Tr\u00e0nsit, conjuntamente con los Mossos d&#8217;Esquadra y las polic\u00edas locales de Catalu\u00f1a, est\u00e1 llevando [&hellip;]\" \/>\n<meta property=\"og:url\" content=\"https:\/\/mont-roig.cat\/es\/actualitat\/noticies\/la-policia-local-de-mont-roig-del-camp-realiza-controles-de-transporte-escolar-y-de-viajeros-en-colaboracion-con-el-servei-catala-de-transit\/\" \/>\n<meta property=\"og:site_name\" content=\"Ajuntament de Mont-roig del Camp\" \/>\n<meta property=\"article:published_time\" content=\"2025-01-24T09:41:20+00:00\" \/>\n<meta property=\"article:modified_time\" content=\"2025-01-24T10:22:20+00:00\" \/>\n<meta property=\"og:image\" content=\"https:\/\/mont-roig.cat\/wp-content\/uploads\/inspeccio.jpg\" \/>\n\t<meta property=\"og:image:width\" content=\"1440\" \/>\n\t<meta property=\"og:image:height\" content=\"810\" \/>\n\t<meta property=\"og:image:type\" content=\"image\/jpeg\" \/>\n<meta name=\"author\" content=\"comunicacio\" \/>\n<meta name=\"twitter:card\" content=\"summary_large_image\" \/>\n<meta name=\"twitter:label1\" content=\"Escrito por\" \/>\n\t<meta name=\"twitter:data1\" content=\"comunicacio\" \/>\n\t<meta name=\"twitter:label2\" content=\"Tiempo de lectura\" \/>\n\t<meta name=\"twitter:data2\" content=\"2 minutos\" \/>\n<script type=\"application\/ld+json\" class=\"yoast-schema-graph\">{\"@context\":\"https:\\\/\\\/schema.org\",\"@graph\":[{\"@type\":\"Article\",\"@id\":\"https:\\\/\\\/mont-roig.cat\\\/es\\\/actualitat\\\/noticies\\\/la-policia-local-de-mont-roig-del-camp-realiza-controles-de-transporte-escolar-y-de-viajeros-en-colaboracion-con-el-servei-catala-de-transit\\\/#article\",\"isPartOf\":{\"@id\":\"https:\\\/\\\/mont-roig.cat\\\/es\\\/actualitat\\\/noticies\\\/la-policia-local-de-mont-roig-del-camp-realiza-controles-de-transporte-escolar-y-de-viajeros-en-colaboracion-con-el-servei-catala-de-transit\\\/\"},\"author\":{\"name\":\"comunicacio\",\"@id\":\"https:\\\/\\\/mont-roig.cat\\\/es\\\/#\\\/schema\\\/person\\\/1f73e7b5e6f9dd122e8a6f14f310ac5e\"},\"headline\":\"La Polic\u00eda Local de Mont-roig del Camp realiza controles de transporte escolar y de viajeros en colaboraci\u00f3n con el Servei Catal\u00e0 de Tr\u00e0nsit\",\"datePublished\":\"2025-01-24T09:41:20+00:00\",\"dateModified\":\"2025-01-24T10:22:20+00:00\",\"mainEntityOfPage\":{\"@id\":\"https:\\\/\\\/mont-roig.cat\\\/es\\\/actualitat\\\/noticies\\\/la-policia-local-de-mont-roig-del-camp-realiza-controles-de-transporte-escolar-y-de-viajeros-en-colaboracion-con-el-servei-catala-de-transit\\\/\"},\"wordCount\":298,\"image\":{\"@id\":\"https:\\\/\\\/mont-roig.cat\\\/es\\\/actualitat\\\/noticies\\\/la-policia-local-de-mont-roig-del-camp-realiza-controles-de-transporte-escolar-y-de-viajeros-en-colaboracion-con-el-servei-catala-de-transit\\\/#primaryimage\"},\"thumbnailUrl\":\"https:\\\/\\\/mont-roig.cat\\\/wp-content\\\/uploads\\\/inspeccio.jpg\",\"articleSection\":[\"Ayuntamiento\",\"Seguridad\"],\"inLanguage\":\"es\"},{\"@type\":\"WebPage\",\"@id\":\"https:\\\/\\\/mont-roig.cat\\\/es\\\/actualitat\\\/noticies\\\/la-policia-local-de-mont-roig-del-camp-realiza-controles-de-transporte-escolar-y-de-viajeros-en-colaboracion-con-el-servei-catala-de-transit\\\/\",\"url\":\"https:\\\/\\\/mont-roig.cat\\\/es\\\/actualitat\\\/noticies\\\/la-policia-local-de-mont-roig-del-camp-realiza-controles-de-transporte-escolar-y-de-viajeros-en-colaboracion-con-el-servei-catala-de-transit\\\/\",\"name\":\"La Polic\u00eda Local de Mont-roig del Camp realiza controles de transporte escolar y de viajeros en colaboraci\u00f3n con el Servei Catal\u00e0 de Tr\u00e0nsit - Ajuntament de Mont-roig del Camp\",\"isPartOf\":{\"@id\":\"https:\\\/\\\/mont-roig.cat\\\/es\\\/#website\"},\"primaryImageOfPage\":{\"@id\":\"https:\\\/\\\/mont-roig.cat\\\/es\\\/actualitat\\\/noticies\\\/la-policia-local-de-mont-roig-del-camp-realiza-controles-de-transporte-escolar-y-de-viajeros-en-colaboracion-con-el-servei-catala-de-transit\\\/#primaryimage\"},\"image\":{\"@id\":\"https:\\\/\\\/mont-roig.cat\\\/es\\\/actualitat\\\/noticies\\\/la-policia-local-de-mont-roig-del-camp-realiza-controles-de-transporte-escolar-y-de-viajeros-en-colaboracion-con-el-servei-catala-de-transit\\\/#primaryimage\"},\"thumbnailUrl\":\"https:\\\/\\\/mont-roig.cat\\\/wp-content\\\/uploads\\\/inspeccio.jpg\",\"datePublished\":\"2025-01-24T09:41:20+00:00\",\"dateModified\":\"2025-01-24T10:22:20+00:00\",\"author\":{\"@id\":\"https:\\\/\\\/mont-roig.cat\\\/es\\\/#\\\/schema\\\/person\\\/1f73e7b5e6f9dd122e8a6f14f310ac5e\"},\"breadcrumb\":{\"@id\":\"https:\\\/\\\/mont-roig.cat\\\/es\\\/actualitat\\\/noticies\\\/la-policia-local-de-mont-roig-del-camp-realiza-controles-de-transporte-escolar-y-de-viajeros-en-colaboracion-con-el-servei-catala-de-transit\\\/#breadcrumb\"},\"inLanguage\":\"es\",\"potentialAction\":[{\"@type\":\"ReadAction\",\"target\":[\"https:\\\/\\\/mont-roig.cat\\\/es\\\/actualitat\\\/noticies\\\/la-policia-local-de-mont-roig-del-camp-realiza-controles-de-transporte-escolar-y-de-viajeros-en-colaboracion-con-el-servei-catala-de-transit\\\/\"]}]},{\"@type\":\"ImageObject\",\"inLanguage\":\"es\",\"@id\":\"https:\\\/\\\/mont-roig.cat\\\/es\\\/actualitat\\\/noticies\\\/la-policia-local-de-mont-roig-del-camp-realiza-controles-de-transporte-escolar-y-de-viajeros-en-colaboracion-con-el-servei-catala-de-transit\\\/#primaryimage\",\"url\":\"https:\\\/\\\/mont-roig.cat\\\/wp-content\\\/uploads\\\/inspeccio.jpg\",\"contentUrl\":\"https:\\\/\\\/mont-roig.cat\\\/wp-content\\\/uploads\\\/inspeccio.jpg\",\"width\":1440,\"height\":810},{\"@type\":\"BreadcrumbList\",\"@id\":\"https:\\\/\\\/mont-roig.cat\\\/es\\\/actualitat\\\/noticies\\\/la-policia-local-de-mont-roig-del-camp-realiza-controles-de-transporte-escolar-y-de-viajeros-en-colaboracion-con-el-servei-catala-de-transit\\\/#breadcrumb\",\"itemListElement\":[{\"@type\":\"ListItem\",\"position\":1,\"name\":\"Inici\",\"item\":\"https:\\\/\\\/mont-roig.cat\\\/es\\\/pagina-de-inicio\\\/\"},{\"@type\":\"ListItem\",\"position\":2,\"name\":\"La Polic\u00eda Local de Mont-roig del Camp realiza controles de transporte escolar y de viajeros en colaboraci\u00f3n con el Servei Catal\u00e0 de Tr\u00e0nsit\"}]},{\"@type\":\"WebSite\",\"@id\":\"https:\\\/\\\/mont-roig.cat\\\/es\\\/#website\",\"url\":\"https:\\\/\\\/mont-roig.cat\\\/es\\\/\",\"name\":\"Ajuntament de Mont-roig del Camp\",\"description\":\"Tota la informaci\u00f3 sobre la instituci\u00f3, els seus \u00f2rgans de govern, actualitat, serveis i molt m\u00e9s.\",\"potentialAction\":[{\"@type\":\"SearchAction\",\"target\":{\"@type\":\"EntryPoint\",\"urlTemplate\":\"https:\\\/\\\/mont-roig.cat\\\/es\\\/?s={search_term_string}\"},\"query-input\":{\"@type\":\"PropertyValueSpecification\",\"valueRequired\":true,\"valueName\":\"search_term_string\"}}],\"inLanguage\":\"es\"},{\"@type\":\"Person\",\"@id\":\"https:\\\/\\\/mont-roig.cat\\\/es\\\/#\\\/schema\\\/person\\\/1f73e7b5e6f9dd122e8a6f14f310ac5e\",\"name\":\"comunicacio\",\"image\":{\"@type\":\"ImageObject\",\"inLanguage\":\"es\",\"@id\":\"https:\\\/\\\/secure.gravatar.com\\\/avatar\\\/98944333e7a877670a64f8d10f0cb680ab2c9ebc4efc43945ef004b52b5ad28c?s=96&d=mm&r=g\",\"url\":\"https:\\\/\\\/secure.gravatar.com\\\/avatar\\\/98944333e7a877670a64f8d10f0cb680ab2c9ebc4efc43945ef004b52b5ad28c?s=96&d=mm&r=g\",\"contentUrl\":\"https:\\\/\\\/secure.gravatar.com\\\/avatar\\\/98944333e7a877670a64f8d10f0cb680ab2c9ebc4efc43945ef004b52b5ad28c?s=96&d=mm&r=g\",\"caption\":\"comunicacio\"},\"url\":\"https:\\\/\\\/mont-roig.cat\\\/es\\\/actualitat\\\/noticies\\\/author\\\/comunicacio\\\/\"}]}<\/script>\n<!-- \/ Yoast SEO plugin. -->","yoast_head_json":{"title":"La Polic\u00eda Local de Mont-roig del Camp realiza controles de transporte escolar y de viajeros en colaboraci\u00f3n con el Servei Catal\u00e0 de Tr\u00e0nsit - Ajuntament de Mont-roig del Camp","robots":{"index":"index","follow":"follow","max-snippet":"max-snippet:-1","max-image-preview":"max-image-preview:large","max-video-preview":"max-video-preview:-1"},"canonical":"https:\/\/mont-roig.cat\/es\/actualitat\/noticies\/la-policia-local-de-mont-roig-del-camp-realiza-controles-de-transporte-escolar-y-de-viajeros-en-colaboracion-con-el-servei-catala-de-transit\/","og_locale":"es_ES","og_type":"article","og_title":"La Polic\u00eda Local de Mont-roig del Camp realiza controles de transporte escolar y de viajeros en colaboraci\u00f3n con el Servei Catal\u00e0 de Tr\u00e0nsit - Ajuntament de Mont-roig del Camp","og_description":"Ayer por la ma\u00f1ana, realizaron inspecciones a cinco autocares que transportan escolares al Institut Antoni Ballester y, posteriormente, a otros centros educativos del municipio, sin detectar ninguna incidencia. Durante esta semana, del 20 al 26 de enero, el Servei Catal\u00e0 de Tr\u00e0nsit, conjuntamente con los Mossos d&#8217;Esquadra y las polic\u00edas locales de Catalu\u00f1a, est\u00e1 llevando [&hellip;]","og_url":"https:\/\/mont-roig.cat\/es\/actualitat\/noticies\/la-policia-local-de-mont-roig-del-camp-realiza-controles-de-transporte-escolar-y-de-viajeros-en-colaboracion-con-el-servei-catala-de-transit\/","og_site_name":"Ajuntament de Mont-roig del Camp","article_published_time":"2025-01-24T09:41:20+00:00","article_modified_time":"2025-01-24T10:22:20+00:00","og_image":[{"width":1440,"height":810,"url":"https:\/\/mont-roig.cat\/wp-content\/uploads\/inspeccio.jpg","type":"image\/jpeg"}],"author":"comunicacio","twitter_card":"summary_large_image","twitter_misc":{"Escrito por":"comunicacio","Tiempo de lectura":"2 minutos"},"schema":{"@context":"https:\/\/schema.org","@graph":[{"@type":"Article","@id":"https:\/\/mont-roig.cat\/es\/actualitat\/noticies\/la-policia-local-de-mont-roig-del-camp-realiza-controles-de-transporte-escolar-y-de-viajeros-en-colaboracion-con-el-servei-catala-de-transit\/#article","isPartOf":{"@id":"https:\/\/mont-roig.cat\/es\/actualitat\/noticies\/la-policia-local-de-mont-roig-del-camp-realiza-controles-de-transporte-escolar-y-de-viajeros-en-colaboracion-con-el-servei-catala-de-transit\/"},"author":{"name":"comunicacio","@id":"https:\/\/mont-roig.cat\/es\/#\/schema\/person\/1f73e7b5e6f9dd122e8a6f14f310ac5e"},"headline":"La Polic\u00eda Local de Mont-roig del Camp realiza controles de transporte escolar y de viajeros en colaboraci\u00f3n con el Servei Catal\u00e0 de Tr\u00e0nsit","datePublished":"2025-01-24T09:41:20+00:00","dateModified":"2025-01-24T10:22:20+00:00","mainEntityOfPage":{"@id":"https:\/\/mont-roig.cat\/es\/actualitat\/noticies\/la-policia-local-de-mont-roig-del-camp-realiza-controles-de-transporte-escolar-y-de-viajeros-en-colaboracion-con-el-servei-catala-de-transit\/"},"wordCount":298,"image":{"@id":"https:\/\/mont-roig.cat\/es\/actualitat\/noticies\/la-policia-local-de-mont-roig-del-camp-realiza-controles-de-transporte-escolar-y-de-viajeros-en-colaboracion-con-el-servei-catala-de-transit\/#primaryimage"},"thumbnailUrl":"https:\/\/mont-roig.cat\/wp-content\/uploads\/inspeccio.jpg","articleSection":["Ayuntamiento","Seguridad"],"inLanguage":"es"},{"@type":"WebPage","@id":"https:\/\/mont-roig.cat\/es\/actualitat\/noticies\/la-policia-local-de-mont-roig-del-camp-realiza-controles-de-transporte-escolar-y-de-viajeros-en-colaboracion-con-el-servei-catala-de-transit\/","url":"https:\/\/mont-roig.cat\/es\/actualitat\/noticies\/la-policia-local-de-mont-roig-del-camp-realiza-controles-de-transporte-escolar-y-de-viajeros-en-colaboracion-con-el-servei-catala-de-transit\/","name":"La Polic\u00eda Local de Mont-roig del Camp realiza controles de transporte escolar y de viajeros en colaboraci\u00f3n con el Servei Catal\u00e0 de Tr\u00e0nsit - Ajuntament de Mont-roig del Camp","isPartOf":{"@id":"https:\/\/mont-roig.cat\/es\/#website"},"primaryImageOfPage":{"@id":"https:\/\/mont-roig.cat\/es\/actualitat\/noticies\/la-policia-local-de-mont-roig-del-camp-realiza-controles-de-transporte-escolar-y-de-viajeros-en-colaboracion-con-el-servei-catala-de-transit\/#primaryimage"},"image":{"@id":"https:\/\/mont-roig.cat\/es\/actualitat\/noticies\/la-policia-local-de-mont-roig-del-camp-realiza-controles-de-transporte-escolar-y-de-viajeros-en-colaboracion-con-el-servei-catala-de-transit\/#primaryimage"},"thumbnailUrl":"https:\/\/mont-roig.cat\/wp-content\/uploads\/inspeccio.jpg","datePublished":"2025-01-24T09:41:20+00:00","dateModified":"2025-01-24T10:22:20+00:00","author":{"@id":"https:\/\/mont-roig.cat\/es\/#\/schema\/person\/1f73e7b5e6f9dd122e8a6f14f310ac5e"},"breadcrumb":{"@id":"https:\/\/mont-roig.cat\/es\/actualitat\/noticies\/la-policia-local-de-mont-roig-del-camp-realiza-controles-de-transporte-escolar-y-de-viajeros-en-colaboracion-con-el-servei-catala-de-transit\/#breadcrumb"},"inLanguage":"es","potentialAction":[{"@type":"ReadAction","target":["https:\/\/mont-roig.cat\/es\/actualitat\/noticies\/la-policia-local-de-mont-roig-del-camp-realiza-controles-de-transporte-escolar-y-de-viajeros-en-colaboracion-con-el-servei-catala-de-transit\/"]}]},{"@type":"ImageObject","inLanguage":"es","@id":"https:\/\/mont-roig.cat\/es\/actualitat\/noticies\/la-policia-local-de-mont-roig-del-camp-realiza-controles-de-transporte-escolar-y-de-viajeros-en-colaboracion-con-el-servei-catala-de-transit\/#primaryimage","url":"https:\/\/mont-roig.cat\/wp-content\/uploads\/inspeccio.jpg","contentUrl":"https:\/\/mont-roig.cat\/wp-content\/uploads\/inspeccio.jpg","width":1440,"height":810},{"@type":"BreadcrumbList","@id":"https:\/\/mont-roig.cat\/es\/actualitat\/noticies\/la-policia-local-de-mont-roig-del-camp-realiza-controles-de-transporte-escolar-y-de-viajeros-en-colaboracion-con-el-servei-catala-de-transit\/#breadcrumb","itemListElement":[{"@type":"ListItem","position":1,"name":"Inici","item":"https:\/\/mont-roig.cat\/es\/pagina-de-inicio\/"},{"@type":"ListItem","position":2,"name":"La Polic\u00eda Local de Mont-roig del Camp realiza controles de transporte escolar y de viajeros en colaboraci\u00f3n con el Servei Catal\u00e0 de Tr\u00e0nsit"}]},{"@type":"WebSite","@id":"https:\/\/mont-roig.cat\/es\/#website","url":"https:\/\/mont-roig.cat\/es\/","name":"Ajuntament de Mont-roig del Camp","description":"Tota la informaci\u00f3 sobre la instituci\u00f3, els seus \u00f2rgans de govern, actualitat, serveis i molt m\u00e9s.","potentialAction":[{"@type":"SearchAction","target":{"@type":"EntryPoint","urlTemplate":"https:\/\/mont-roig.cat\/es\/?s={search_term_string}"},"query-input":{"@type":"PropertyValueSpecification","valueRequired":true,"valueName":"search_term_string"}}],"inLanguage":"es"},{"@type":"Person","@id":"https:\/\/mont-roig.cat\/es\/#\/schema\/person\/1f73e7b5e6f9dd122e8a6f14f310ac5e","name":"comunicacio","image":{"@type":"ImageObject","inLanguage":"es","@id":"https:\/\/secure.gravatar.com\/avatar\/98944333e7a877670a64f8d10f0cb680ab2c9ebc4efc43945ef004b52b5ad28c?s=96&d=mm&r=g","url":"https:\/\/secure.gravatar.com\/avatar\/98944333e7a877670a64f8d10f0cb680ab2c9ebc4efc43945ef004b52b5ad28c?s=96&d=mm&r=g","contentUrl":"https:\/\/secure.gravatar.com\/avatar\/98944333e7a877670a64f8d10f0cb680ab2c9ebc4efc43945ef004b52b5ad28c?s=96&d=mm&r=g","caption":"comunicacio"},"url":"https:\/\/mont-roig.cat\/es\/actualitat\/noticies\/author\/comunicacio\/"}]}},"_links":{"self":[{"href":"https:\/\/mont-roig.cat\/es\/wp-json\/wp\/v2\/posts\/80507","targetHints":{"allow":["GET"]}}],"collection":[{"href":"https:\/\/mont-roig.cat\/es\/wp-json\/wp\/v2\/posts"}],"about":[{"href":"https:\/\/mont-roig.cat\/es\/wp-json\/wp\/v2\/types\/post"}],"author":[{"embeddable":true,"href":"https:\/\/mont-roig.cat\/es\/wp-json\/wp\/v2\/users\/13"}],"replies":[{"embeddable":true,"href":"https:\/\/mont-roig.cat\/es\/wp-json\/wp\/v2\/comments?post=80507"}],"version-history":[{"count":2,"href":"https:\/\/mont-roig.cat\/es\/wp-json\/wp\/v2\/posts\/80507\/revisions"}],"predecessor-version":[{"id":80509,"href":"https:\/\/mont-roig.cat\/es\/wp-json\/wp\/v2\/posts\/80507\/revisions\/80509"}],"wp:featuredmedia":[{"embeddable":true,"href":"https:\/\/mont-roig.cat\/es\/wp-json\/wp\/v2\/media\/80504"}],"wp:attachment":[{"href":"https:\/\/mont-roig.cat\/es\/wp-json\/wp\/v2\/media?parent=80507"}],"wp:term":[{"taxonomy":"category","embeddable":true,"href":"https:\/\/mont-roig.cat\/es\/wp-json\/wp\/v2\/categories?post=80507"},{"taxonomy":"post_tag","embeddable":true,"href":"https:\/\/mont-roig.cat\/es\/wp-json\/wp\/v2\/tags?post=80507"}],"curies":[{"name":"wp","href":"https:\/\/api.w.org\/{rel}","templated":true}]}}