{"id":80577,"date":"2025-01-29T11:29:02","date_gmt":"2025-01-29T10:29:02","guid":{"rendered":"https:\/\/mont-roig.cat\/actualitat\/noticies\/pas-decisiu-per-crear-laplicacio-mobil-de-seguretat-ciutadana-al-camp-de-tarragona\/"},"modified":"2025-01-29T12:15:38","modified_gmt":"2025-01-29T11:15:38","slug":"paso-decisivo-para-crear-la-aplicacion-movil-de-seguridad-ciudadana-en-el-camp-de-tarragona","status":"publish","type":"post","link":"https:\/\/mont-roig.cat\/es\/actualitat\/noticies\/paso-decisivo-para-crear-la-aplicacion-movil-de-seguridad-ciudadana-en-el-camp-de-tarragona\/","title":{"rendered":"Paso decisivo para crear la aplicaci\u00f3n m\u00f3vil de seguridad ciudadana en el Camp de Tarragona"},"content":{"rendered":"<div id=\"attachment_80569\" style=\"width: 310px\" class=\"wp-caption alignright\"><a href=\"https:\/\/mont-roig.cat\/wp-content\/uploads\/Signatura_del_conveni_App_Seguretat_Ciutadana-20250128104249-1-scaled.jpg\" target=\"_blank\" rel=\"noopener\"><img loading=\"lazy\" decoding=\"async\" aria-describedby=\"caption-attachment-80569\" class=\"wp-image-80569\" src=\"https:\/\/mont-roig.cat\/wp-content\/uploads\/Signatura_del_conveni_App_Seguretat_Ciutadana-20250128104249-1-500x333.jpg\" alt=\"\" width=\"300\" height=\"200\" srcset=\"https:\/\/mont-roig.cat\/wp-content\/uploads\/Signatura_del_conveni_App_Seguretat_Ciutadana-20250128104249-1-500x333.jpg 500w, https:\/\/mont-roig.cat\/wp-content\/uploads\/Signatura_del_conveni_App_Seguretat_Ciutadana-20250128104249-1-1024x681.jpg 1024w, https:\/\/mont-roig.cat\/wp-content\/uploads\/Signatura_del_conveni_App_Seguretat_Ciutadana-20250128104249-1-768x511.jpg 768w, https:\/\/mont-roig.cat\/wp-content\/uploads\/Signatura_del_conveni_App_Seguretat_Ciutadana-20250128104249-1-1536x1022.jpg 1536w, https:\/\/mont-roig.cat\/wp-content\/uploads\/Signatura_del_conveni_App_Seguretat_Ciutadana-20250128104249-1-scaled.jpg 2048w\" sizes=\"auto, (max-width: 300px) 100vw, 300px\" \/><\/a><p id=\"caption-attachment-80569\" class=\"wp-caption-text\">Firma del acuerdo en el Ayuntamiento de Reus.<\/p><\/div>\n<ul>\n<li><strong>\u2022 El Ayuntamiento de Mont-roig del Camp se ha sumado al proyecto para impulsar una aplicaci\u00f3n m\u00f3vil que permitir\u00e1 a la ciudadan\u00eda comunicarse de manera f\u00e1cil e inmediata con la polic\u00eda en situaciones de emergencia.<\/strong><\/li>\n<\/ul>\n<p>El Ayuntamiento de Mont-roig del Camp se ha unido al proyecto para la creaci\u00f3n de una aplicaci\u00f3n m\u00f3vil de seguridad ciudadana en la que participan los principales municipios del Camp de Tarragona, permitiendo a la ciudadan\u00eda comunicarse de manera f\u00e1cil e inmediata con la polic\u00eda en situaciones de emergencia. El alcalde de Mont-roig del Camp, Fran Morancho, el concejal de Seguridad, Vicente P\u00e9rez, y el jefe de la Polic\u00eda Local, Antonio Pacheco, estuvieron presentes en el acto de firma del convenio de colaboraci\u00f3n que tuvo lugar ayer en el Ayuntamiento de Reus.<\/p>\n<p>Este convenio supone un paso fundamental para la puesta en marcha de este sistema innovador y refuerza la cooperaci\u00f3n entre los ayuntamientos de Cambrils, El Catllar, La Canonja, Constant\u00ed, Mont-roig del Camp, Tarragona y Reus. El Ayuntamiento de Reus se encargar\u00e1 de la tramitaci\u00f3n del expediente de contrataci\u00f3n para el suministro, integraci\u00f3n, implantaci\u00f3n, soporte y mantenimiento de la aplicaci\u00f3n m\u00f3vil y del sistema de seguridad ciudadana.<\/p>\n<p>La aplicaci\u00f3n ser\u00e1 gratuita y de f\u00e1cil utilizaci\u00f3n, facilitando una comunicaci\u00f3n directa y \u00e1gil con los cuerpos de seguridad y garantizando una respuesta m\u00e1s r\u00e1pida, eficiente y efectiva en situaciones de urgencia. Adem\u00e1s, el sistema establecer\u00e1 un canal de comunicaci\u00f3n \u00e1gil entre los diferentes cuerpos de seguridad, creando una red de cooperaci\u00f3n intermunicipal que mejorar\u00e1 la coordinaci\u00f3n en materia de seguridad.<\/p>\n<div id=\"attachment_80574\" style=\"width: 301px\" class=\"wp-caption alignleft\"><a href=\"https:\/\/mont-roig.cat\/wp-content\/uploads\/signatura2.jpg\" target=\"_blank\" rel=\"noopener\"><img loading=\"lazy\" decoding=\"async\" aria-describedby=\"caption-attachment-80574\" class=\"wp-image-80574\" src=\"https:\/\/mont-roig.cat\/wp-content\/uploads\/signatura2-500x375.jpg\" alt=\"\" width=\"291\" height=\"218\" srcset=\"https:\/\/mont-roig.cat\/wp-content\/uploads\/signatura2-500x375.jpg 500w, https:\/\/mont-roig.cat\/wp-content\/uploads\/signatura2-1024x769.jpg 1024w, https:\/\/mont-roig.cat\/wp-content\/uploads\/signatura2-768x576.jpg 768w, https:\/\/mont-roig.cat\/wp-content\/uploads\/signatura2-1536x1153.jpg 1536w, https:\/\/mont-roig.cat\/wp-content\/uploads\/signatura2-463x348.jpg 463w, https:\/\/mont-roig.cat\/wp-content\/uploads\/signatura2.jpg 2048w\" sizes=\"auto, (max-width: 291px) 100vw, 291px\" \/><\/a><p id=\"caption-attachment-80574\" class=\"wp-caption-text\">El alcalde Fran Morancho, durante su intervenci\u00f3n.<\/p><\/div>\n<p style=\"text-align: left;\">Seg\u00fan destac\u00f3 el alcalde de Mont-roig del Camp, Fran Morancho, este proyecto representa una gran oportunidad para mejorar la seguridad del municipio y reforzar la capacidad de respuesta en situaciones de emergencia, y agradeci\u00f3 especialmente que los ayuntamientos de Reus y Tarragona impulsen este proyecto, ya que para un municipio &#8220;como Mont-roig del Camp ser\u00eda muy dif\u00edcil hacerlo solo&#8221;. El acto de firma del convenio, presidido por la alcaldesa de Reus, Sandra Guaita, cont\u00f3 con la presencia de los alcaldes y representantes pol\u00edticos de los siete municipios participantes, as\u00ed como miembros de los diferentes cuerpos de seguridad implicados en el proyecto.<\/p>\n","protected":false},"excerpt":{"rendered":"<p>\u2022 El Ayuntamiento de Mont-roig del Camp se ha sumado al proyecto para impulsar una aplicaci\u00f3n m\u00f3vil que permitir\u00e1 a la ciudadan\u00eda comunicarse de manera f\u00e1cil e inmediata con la polic\u00eda en situaciones de emergencia. El Ayuntamiento de Mont-roig del Camp se ha unido al proyecto para la creaci\u00f3n de una aplicaci\u00f3n m\u00f3vil de seguridad [&hellip;]<\/p>\n","protected":false},"author":13,"featured_media":80570,"comment_status":"closed","ping_status":"closed","sticky":false,"template":"","format":"standard","meta":{"inline_featured_image":false,"_monsterinsights_skip_tracking":false,"_monsterinsights_sitenote_active":false,"_monsterinsights_sitenote_note":"","_monsterinsights_sitenote_category":0,"footnotes":""},"categories":[98,113],"tags":[],"class_list":["post-80577","post","type-post","status-publish","format-standard","has-post-thumbnail","hentry","category-ayuntamiento","category-seguridad"],"yoast_head":"<!-- This site is optimized with the Yoast SEO plugin v27.4 - https:\/\/yoast.com\/product\/yoast-seo-wordpress\/ -->\n<title>Paso decisivo para crear la aplicaci\u00f3n m\u00f3vil de seguridad ciudadana en el Camp de Tarragona - Ajuntament de Mont-roig del Camp<\/title>\n<meta name=\"robots\" content=\"index, follow, max-snippet:-1, max-image-preview:large, max-video-preview:-1\" \/>\n<link rel=\"canonical\" href=\"https:\/\/mont-roig.cat\/es\/actualitat\/noticies\/paso-decisivo-para-crear-la-aplicacion-movil-de-seguridad-ciudadana-en-el-camp-de-tarragona\/\" \/>\n<meta property=\"og:locale\" content=\"es_ES\" \/>\n<meta property=\"og:type\" content=\"article\" \/>\n<meta property=\"og:title\" content=\"Paso decisivo para crear la aplicaci\u00f3n m\u00f3vil de seguridad ciudadana en el Camp de Tarragona - Ajuntament de Mont-roig del Camp\" \/>\n<meta property=\"og:description\" content=\"\u2022 El Ayuntamiento de Mont-roig del Camp se ha sumado al proyecto para impulsar una aplicaci\u00f3n m\u00f3vil que permitir\u00e1 a la ciudadan\u00eda comunicarse de manera f\u00e1cil e inmediata con la polic\u00eda en situaciones de emergencia. El Ayuntamiento de Mont-roig del Camp se ha unido al proyecto para la creaci\u00f3n de una aplicaci\u00f3n m\u00f3vil de seguridad [&hellip;]\" \/>\n<meta property=\"og:url\" content=\"https:\/\/mont-roig.cat\/es\/actualitat\/noticies\/paso-decisivo-para-crear-la-aplicacion-movil-de-seguridad-ciudadana-en-el-camp-de-tarragona\/\" \/>\n<meta property=\"og:site_name\" content=\"Ajuntament de Mont-roig del Camp\" \/>\n<meta property=\"article:published_time\" content=\"2025-01-29T10:29:02+00:00\" \/>\n<meta property=\"article:modified_time\" content=\"2025-01-29T11:15:38+00:00\" \/>\n<meta property=\"og:image\" content=\"https:\/\/mont-roig.cat\/wp-content\/uploads\/Signatura_del_conveni_App_Seguretat_Ciutadana-20250128104249-1-scaled.jpg\" \/>\n\t<meta property=\"og:image:width\" content=\"2048\" \/>\n\t<meta property=\"og:image:height\" content=\"1363\" \/>\n\t<meta property=\"og:image:type\" content=\"image\/jpeg\" \/>\n<meta name=\"author\" content=\"comunicacio\" \/>\n<meta name=\"twitter:card\" content=\"summary_large_image\" \/>\n<meta name=\"twitter:label1\" content=\"Escrito por\" \/>\n\t<meta name=\"twitter:data1\" content=\"comunicacio\" \/>\n\t<meta name=\"twitter:label2\" content=\"Tiempo de lectura\" \/>\n\t<meta name=\"twitter:data2\" content=\"3 minutos\" \/>\n<script type=\"application\/ld+json\" class=\"yoast-schema-graph\">{\"@context\":\"https:\\\/\\\/schema.org\",\"@graph\":[{\"@type\":\"Article\",\"@id\":\"https:\\\/\\\/mont-roig.cat\\\/es\\\/actualitat\\\/noticies\\\/paso-decisivo-para-crear-la-aplicacion-movil-de-seguridad-ciudadana-en-el-camp-de-tarragona\\\/#article\",\"isPartOf\":{\"@id\":\"https:\\\/\\\/mont-roig.cat\\\/es\\\/actualitat\\\/noticies\\\/paso-decisivo-para-crear-la-aplicacion-movil-de-seguridad-ciudadana-en-el-camp-de-tarragona\\\/\"},\"author\":{\"name\":\"comunicacio\",\"@id\":\"https:\\\/\\\/mont-roig.cat\\\/es\\\/#\\\/schema\\\/person\\\/1f73e7b5e6f9dd122e8a6f14f310ac5e\"},\"headline\":\"Paso decisivo para crear la aplicaci\u00f3n m\u00f3vil de seguridad ciudadana en el Camp de Tarragona\",\"datePublished\":\"2025-01-29T10:29:02+00:00\",\"dateModified\":\"2025-01-29T11:15:38+00:00\",\"mainEntityOfPage\":{\"@id\":\"https:\\\/\\\/mont-roig.cat\\\/es\\\/actualitat\\\/noticies\\\/paso-decisivo-para-crear-la-aplicacion-movil-de-seguridad-ciudadana-en-el-camp-de-tarragona\\\/\"},\"wordCount\":436,\"image\":{\"@id\":\"https:\\\/\\\/mont-roig.cat\\\/es\\\/actualitat\\\/noticies\\\/paso-decisivo-para-crear-la-aplicacion-movil-de-seguridad-ciudadana-en-el-camp-de-tarragona\\\/#primaryimage\"},\"thumbnailUrl\":\"https:\\\/\\\/mont-roig.cat\\\/wp-content\\\/uploads\\\/Signatura_del_conveni_App_Seguretat_Ciutadana-20250128104249-1-scaled.jpg\",\"articleSection\":[\"Ayuntamiento\",\"Seguridad\"],\"inLanguage\":\"es\"},{\"@type\":\"WebPage\",\"@id\":\"https:\\\/\\\/mont-roig.cat\\\/es\\\/actualitat\\\/noticies\\\/paso-decisivo-para-crear-la-aplicacion-movil-de-seguridad-ciudadana-en-el-camp-de-tarragona\\\/\",\"url\":\"https:\\\/\\\/mont-roig.cat\\\/es\\\/actualitat\\\/noticies\\\/paso-decisivo-para-crear-la-aplicacion-movil-de-seguridad-ciudadana-en-el-camp-de-tarragona\\\/\",\"name\":\"Paso decisivo para crear la aplicaci\u00f3n m\u00f3vil de seguridad ciudadana en el Camp de Tarragona - Ajuntament de Mont-roig del Camp\",\"isPartOf\":{\"@id\":\"https:\\\/\\\/mont-roig.cat\\\/es\\\/#website\"},\"primaryImageOfPage\":{\"@id\":\"https:\\\/\\\/mont-roig.cat\\\/es\\\/actualitat\\\/noticies\\\/paso-decisivo-para-crear-la-aplicacion-movil-de-seguridad-ciudadana-en-el-camp-de-tarragona\\\/#primaryimage\"},\"image\":{\"@id\":\"https:\\\/\\\/mont-roig.cat\\\/es\\\/actualitat\\\/noticies\\\/paso-decisivo-para-crear-la-aplicacion-movil-de-seguridad-ciudadana-en-el-camp-de-tarragona\\\/#primaryimage\"},\"thumbnailUrl\":\"https:\\\/\\\/mont-roig.cat\\\/wp-content\\\/uploads\\\/Signatura_del_conveni_App_Seguretat_Ciutadana-20250128104249-1-scaled.jpg\",\"datePublished\":\"2025-01-29T10:29:02+00:00\",\"dateModified\":\"2025-01-29T11:15:38+00:00\",\"author\":{\"@id\":\"https:\\\/\\\/mont-roig.cat\\\/es\\\/#\\\/schema\\\/person\\\/1f73e7b5e6f9dd122e8a6f14f310ac5e\"},\"breadcrumb\":{\"@id\":\"https:\\\/\\\/mont-roig.cat\\\/es\\\/actualitat\\\/noticies\\\/paso-decisivo-para-crear-la-aplicacion-movil-de-seguridad-ciudadana-en-el-camp-de-tarragona\\\/#breadcrumb\"},\"inLanguage\":\"es\",\"potentialAction\":[{\"@type\":\"ReadAction\",\"target\":[\"https:\\\/\\\/mont-roig.cat\\\/es\\\/actualitat\\\/noticies\\\/paso-decisivo-para-crear-la-aplicacion-movil-de-seguridad-ciudadana-en-el-camp-de-tarragona\\\/\"]}]},{\"@type\":\"ImageObject\",\"inLanguage\":\"es\",\"@id\":\"https:\\\/\\\/mont-roig.cat\\\/es\\\/actualitat\\\/noticies\\\/paso-decisivo-para-crear-la-aplicacion-movil-de-seguridad-ciudadana-en-el-camp-de-tarragona\\\/#primaryimage\",\"url\":\"https:\\\/\\\/mont-roig.cat\\\/wp-content\\\/uploads\\\/Signatura_del_conveni_App_Seguretat_Ciutadana-20250128104249-1-scaled.jpg\",\"contentUrl\":\"https:\\\/\\\/mont-roig.cat\\\/wp-content\\\/uploads\\\/Signatura_del_conveni_App_Seguretat_Ciutadana-20250128104249-1-scaled.jpg\",\"width\":2048,\"height\":1363},{\"@type\":\"BreadcrumbList\",\"@id\":\"https:\\\/\\\/mont-roig.cat\\\/es\\\/actualitat\\\/noticies\\\/paso-decisivo-para-crear-la-aplicacion-movil-de-seguridad-ciudadana-en-el-camp-de-tarragona\\\/#breadcrumb\",\"itemListElement\":[{\"@type\":\"ListItem\",\"position\":1,\"name\":\"Inici\",\"item\":\"https:\\\/\\\/mont-roig.cat\\\/es\\\/pagina-de-inicio\\\/\"},{\"@type\":\"ListItem\",\"position\":2,\"name\":\"Paso decisivo para crear la aplicaci\u00f3n m\u00f3vil de seguridad ciudadana en el Camp de Tarragona\"}]},{\"@type\":\"WebSite\",\"@id\":\"https:\\\/\\\/mont-roig.cat\\\/es\\\/#website\",\"url\":\"https:\\\/\\\/mont-roig.cat\\\/es\\\/\",\"name\":\"Ajuntament de Mont-roig del Camp\",\"description\":\"Tota la informaci\u00f3 sobre la instituci\u00f3, els seus \u00f2rgans de govern, actualitat, serveis i molt m\u00e9s.\",\"potentialAction\":[{\"@type\":\"SearchAction\",\"target\":{\"@type\":\"EntryPoint\",\"urlTemplate\":\"https:\\\/\\\/mont-roig.cat\\\/es\\\/?s={search_term_string}\"},\"query-input\":{\"@type\":\"PropertyValueSpecification\",\"valueRequired\":true,\"valueName\":\"search_term_string\"}}],\"inLanguage\":\"es\"},{\"@type\":\"Person\",\"@id\":\"https:\\\/\\\/mont-roig.cat\\\/es\\\/#\\\/schema\\\/person\\\/1f73e7b5e6f9dd122e8a6f14f310ac5e\",\"name\":\"comunicacio\",\"image\":{\"@type\":\"ImageObject\",\"inLanguage\":\"es\",\"@id\":\"https:\\\/\\\/secure.gravatar.com\\\/avatar\\\/98944333e7a877670a64f8d10f0cb680ab2c9ebc4efc43945ef004b52b5ad28c?s=96&d=mm&r=g\",\"url\":\"https:\\\/\\\/secure.gravatar.com\\\/avatar\\\/98944333e7a877670a64f8d10f0cb680ab2c9ebc4efc43945ef004b52b5ad28c?s=96&d=mm&r=g\",\"contentUrl\":\"https:\\\/\\\/secure.gravatar.com\\\/avatar\\\/98944333e7a877670a64f8d10f0cb680ab2c9ebc4efc43945ef004b52b5ad28c?s=96&d=mm&r=g\",\"caption\":\"comunicacio\"},\"url\":\"https:\\\/\\\/mont-roig.cat\\\/es\\\/actualitat\\\/noticies\\\/author\\\/comunicacio\\\/\"}]}<\/script>\n<!-- \/ Yoast SEO plugin. -->","yoast_head_json":{"title":"Paso decisivo para crear la aplicaci\u00f3n m\u00f3vil de seguridad ciudadana en el Camp de Tarragona - Ajuntament de Mont-roig del Camp","robots":{"index":"index","follow":"follow","max-snippet":"max-snippet:-1","max-image-preview":"max-image-preview:large","max-video-preview":"max-video-preview:-1"},"canonical":"https:\/\/mont-roig.cat\/es\/actualitat\/noticies\/paso-decisivo-para-crear-la-aplicacion-movil-de-seguridad-ciudadana-en-el-camp-de-tarragona\/","og_locale":"es_ES","og_type":"article","og_title":"Paso decisivo para crear la aplicaci\u00f3n m\u00f3vil de seguridad ciudadana en el Camp de Tarragona - Ajuntament de Mont-roig del Camp","og_description":"\u2022 El Ayuntamiento de Mont-roig del Camp se ha sumado al proyecto para impulsar una aplicaci\u00f3n m\u00f3vil que permitir\u00e1 a la ciudadan\u00eda comunicarse de manera f\u00e1cil e inmediata con la polic\u00eda en situaciones de emergencia. El Ayuntamiento de Mont-roig del Camp se ha unido al proyecto para la creaci\u00f3n de una aplicaci\u00f3n m\u00f3vil de seguridad [&hellip;]","og_url":"https:\/\/mont-roig.cat\/es\/actualitat\/noticies\/paso-decisivo-para-crear-la-aplicacion-movil-de-seguridad-ciudadana-en-el-camp-de-tarragona\/","og_site_name":"Ajuntament de Mont-roig del Camp","article_published_time":"2025-01-29T10:29:02+00:00","article_modified_time":"2025-01-29T11:15:38+00:00","og_image":[{"width":2048,"height":1363,"url":"https:\/\/mont-roig.cat\/wp-content\/uploads\/Signatura_del_conveni_App_Seguretat_Ciutadana-20250128104249-1-scaled.jpg","type":"image\/jpeg"}],"author":"comunicacio","twitter_card":"summary_large_image","twitter_misc":{"Escrito por":"comunicacio","Tiempo de lectura":"3 minutos"},"schema":{"@context":"https:\/\/schema.org","@graph":[{"@type":"Article","@id":"https:\/\/mont-roig.cat\/es\/actualitat\/noticies\/paso-decisivo-para-crear-la-aplicacion-movil-de-seguridad-ciudadana-en-el-camp-de-tarragona\/#article","isPartOf":{"@id":"https:\/\/mont-roig.cat\/es\/actualitat\/noticies\/paso-decisivo-para-crear-la-aplicacion-movil-de-seguridad-ciudadana-en-el-camp-de-tarragona\/"},"author":{"name":"comunicacio","@id":"https:\/\/mont-roig.cat\/es\/#\/schema\/person\/1f73e7b5e6f9dd122e8a6f14f310ac5e"},"headline":"Paso decisivo para crear la aplicaci\u00f3n m\u00f3vil de seguridad ciudadana en el Camp de Tarragona","datePublished":"2025-01-29T10:29:02+00:00","dateModified":"2025-01-29T11:15:38+00:00","mainEntityOfPage":{"@id":"https:\/\/mont-roig.cat\/es\/actualitat\/noticies\/paso-decisivo-para-crear-la-aplicacion-movil-de-seguridad-ciudadana-en-el-camp-de-tarragona\/"},"wordCount":436,"image":{"@id":"https:\/\/mont-roig.cat\/es\/actualitat\/noticies\/paso-decisivo-para-crear-la-aplicacion-movil-de-seguridad-ciudadana-en-el-camp-de-tarragona\/#primaryimage"},"thumbnailUrl":"https:\/\/mont-roig.cat\/wp-content\/uploads\/Signatura_del_conveni_App_Seguretat_Ciutadana-20250128104249-1-scaled.jpg","articleSection":["Ayuntamiento","Seguridad"],"inLanguage":"es"},{"@type":"WebPage","@id":"https:\/\/mont-roig.cat\/es\/actualitat\/noticies\/paso-decisivo-para-crear-la-aplicacion-movil-de-seguridad-ciudadana-en-el-camp-de-tarragona\/","url":"https:\/\/mont-roig.cat\/es\/actualitat\/noticies\/paso-decisivo-para-crear-la-aplicacion-movil-de-seguridad-ciudadana-en-el-camp-de-tarragona\/","name":"Paso decisivo para crear la aplicaci\u00f3n m\u00f3vil de seguridad ciudadana en el Camp de Tarragona - Ajuntament de Mont-roig del Camp","isPartOf":{"@id":"https:\/\/mont-roig.cat\/es\/#website"},"primaryImageOfPage":{"@id":"https:\/\/mont-roig.cat\/es\/actualitat\/noticies\/paso-decisivo-para-crear-la-aplicacion-movil-de-seguridad-ciudadana-en-el-camp-de-tarragona\/#primaryimage"},"image":{"@id":"https:\/\/mont-roig.cat\/es\/actualitat\/noticies\/paso-decisivo-para-crear-la-aplicacion-movil-de-seguridad-ciudadana-en-el-camp-de-tarragona\/#primaryimage"},"thumbnailUrl":"https:\/\/mont-roig.cat\/wp-content\/uploads\/Signatura_del_conveni_App_Seguretat_Ciutadana-20250128104249-1-scaled.jpg","datePublished":"2025-01-29T10:29:02+00:00","dateModified":"2025-01-29T11:15:38+00:00","author":{"@id":"https:\/\/mont-roig.cat\/es\/#\/schema\/person\/1f73e7b5e6f9dd122e8a6f14f310ac5e"},"breadcrumb":{"@id":"https:\/\/mont-roig.cat\/es\/actualitat\/noticies\/paso-decisivo-para-crear-la-aplicacion-movil-de-seguridad-ciudadana-en-el-camp-de-tarragona\/#breadcrumb"},"inLanguage":"es","potentialAction":[{"@type":"ReadAction","target":["https:\/\/mont-roig.cat\/es\/actualitat\/noticies\/paso-decisivo-para-crear-la-aplicacion-movil-de-seguridad-ciudadana-en-el-camp-de-tarragona\/"]}]},{"@type":"ImageObject","inLanguage":"es","@id":"https:\/\/mont-roig.cat\/es\/actualitat\/noticies\/paso-decisivo-para-crear-la-aplicacion-movil-de-seguridad-ciudadana-en-el-camp-de-tarragona\/#primaryimage","url":"https:\/\/mont-roig.cat\/wp-content\/uploads\/Signatura_del_conveni_App_Seguretat_Ciutadana-20250128104249-1-scaled.jpg","contentUrl":"https:\/\/mont-roig.cat\/wp-content\/uploads\/Signatura_del_conveni_App_Seguretat_Ciutadana-20250128104249-1-scaled.jpg","width":2048,"height":1363},{"@type":"BreadcrumbList","@id":"https:\/\/mont-roig.cat\/es\/actualitat\/noticies\/paso-decisivo-para-crear-la-aplicacion-movil-de-seguridad-ciudadana-en-el-camp-de-tarragona\/#breadcrumb","itemListElement":[{"@type":"ListItem","position":1,"name":"Inici","item":"https:\/\/mont-roig.cat\/es\/pagina-de-inicio\/"},{"@type":"ListItem","position":2,"name":"Paso decisivo para crear la aplicaci\u00f3n m\u00f3vil de seguridad ciudadana en el Camp de Tarragona"}]},{"@type":"WebSite","@id":"https:\/\/mont-roig.cat\/es\/#website","url":"https:\/\/mont-roig.cat\/es\/","name":"Ajuntament de Mont-roig del Camp","description":"Tota la informaci\u00f3 sobre la instituci\u00f3, els seus \u00f2rgans de govern, actualitat, serveis i molt m\u00e9s.","potentialAction":[{"@type":"SearchAction","target":{"@type":"EntryPoint","urlTemplate":"https:\/\/mont-roig.cat\/es\/?s={search_term_string}"},"query-input":{"@type":"PropertyValueSpecification","valueRequired":true,"valueName":"search_term_string"}}],"inLanguage":"es"},{"@type":"Person","@id":"https:\/\/mont-roig.cat\/es\/#\/schema\/person\/1f73e7b5e6f9dd122e8a6f14f310ac5e","name":"comunicacio","image":{"@type":"ImageObject","inLanguage":"es","@id":"https:\/\/secure.gravatar.com\/avatar\/98944333e7a877670a64f8d10f0cb680ab2c9ebc4efc43945ef004b52b5ad28c?s=96&d=mm&r=g","url":"https:\/\/secure.gravatar.com\/avatar\/98944333e7a877670a64f8d10f0cb680ab2c9ebc4efc43945ef004b52b5ad28c?s=96&d=mm&r=g","contentUrl":"https:\/\/secure.gravatar.com\/avatar\/98944333e7a877670a64f8d10f0cb680ab2c9ebc4efc43945ef004b52b5ad28c?s=96&d=mm&r=g","caption":"comunicacio"},"url":"https:\/\/mont-roig.cat\/es\/actualitat\/noticies\/author\/comunicacio\/"}]}},"_links":{"self":[{"href":"https:\/\/mont-roig.cat\/es\/wp-json\/wp\/v2\/posts\/80577","targetHints":{"allow":["GET"]}}],"collection":[{"href":"https:\/\/mont-roig.cat\/es\/wp-json\/wp\/v2\/posts"}],"about":[{"href":"https:\/\/mont-roig.cat\/es\/wp-json\/wp\/v2\/types\/post"}],"author":[{"embeddable":true,"href":"https:\/\/mont-roig.cat\/es\/wp-json\/wp\/v2\/users\/13"}],"replies":[{"embeddable":true,"href":"https:\/\/mont-roig.cat\/es\/wp-json\/wp\/v2\/comments?post=80577"}],"version-history":[{"count":2,"href":"https:\/\/mont-roig.cat\/es\/wp-json\/wp\/v2\/posts\/80577\/revisions"}],"predecessor-version":[{"id":80579,"href":"https:\/\/mont-roig.cat\/es\/wp-json\/wp\/v2\/posts\/80577\/revisions\/80579"}],"wp:featuredmedia":[{"embeddable":true,"href":"https:\/\/mont-roig.cat\/es\/wp-json\/wp\/v2\/media\/80570"}],"wp:attachment":[{"href":"https:\/\/mont-roig.cat\/es\/wp-json\/wp\/v2\/media?parent=80577"}],"wp:term":[{"taxonomy":"category","embeddable":true,"href":"https:\/\/mont-roig.cat\/es\/wp-json\/wp\/v2\/categories?post=80577"},{"taxonomy":"post_tag","embeddable":true,"href":"https:\/\/mont-roig.cat\/es\/wp-json\/wp\/v2\/tags?post=80577"}],"curies":[{"name":"wp","href":"https:\/\/api.w.org\/{rel}","templated":true}]}}