{"id":80623,"date":"2025-01-31T14:29:51","date_gmt":"2025-01-31T13:29:51","guid":{"rendered":"https:\/\/mont-roig.cat\/actualitat\/noticies\/presentacio-del-diagnostic-sobre-la-presencia-digital-del-sector-turistic-de-mont-roig-i-miami-platja\/"},"modified":"2025-10-02T13:45:24","modified_gmt":"2025-10-02T11:45:24","slug":"presentacio-del-diagnostic-sobre-la-presencia-digital-del-sector-turistic-de-mont-roig-i-miami-platja","status":"publish","type":"post","link":"https:\/\/mont-roig.cat\/es\/actualitat\/noticies\/presentacio-del-diagnostic-sobre-la-presencia-digital-del-sector-turistic-de-mont-roig-i-miami-platja\/","title":{"rendered":"Presentaci\u00f3n del diagn\u00f3stico sobre la presencia digital del sector tur\u00edstico de Mont-roig y Miami Platja"},"content":{"rendered":"<div class=\"wpb-content-wrapper\">[vc_row][vc_column][vc_column_text css=&#8221;&#8221;]\n<div id=\"attachment_80611\" style=\"width: 327px\" class=\"wp-caption alignright\"><a href=\"https:\/\/mont-roig.cat\/wp-content\/uploads\/IMG_5153-scaled.jpg\" target=\"_blank\" rel=\"noopener\"><img loading=\"lazy\" decoding=\"async\" aria-describedby=\"caption-attachment-80611\" class=\"wp-image-80611\" src=\"https:\/\/mont-roig.cat\/wp-content\/uploads\/IMG_5153-500x375.jpg\" alt=\"\" width=\"317\" height=\"238\" srcset=\"https:\/\/mont-roig.cat\/wp-content\/uploads\/IMG_5153-500x375.jpg 500w, https:\/\/mont-roig.cat\/wp-content\/uploads\/IMG_5153-1024x768.jpg 1024w, https:\/\/mont-roig.cat\/wp-content\/uploads\/IMG_5153-768x576.jpg 768w, https:\/\/mont-roig.cat\/wp-content\/uploads\/IMG_5153-1536x1152.jpg 1536w, https:\/\/mont-roig.cat\/wp-content\/uploads\/IMG_5153-scaled.jpg 2048w, https:\/\/mont-roig.cat\/wp-content\/uploads\/IMG_5153-463x348.jpg 463w\" sizes=\"auto, (max-width: 317px) 100vw, 317px\" \/><\/a><p id=\"caption-attachment-80611\" class=\"wp-caption-text\">Presentaci\u00f3n del diagn\u00f3stico con la presencia de la concejala Yolanda P\u00e9rez y de un responsable de la empresa que lo ha ejecutado.<\/p><\/div>\n<ul>\n<li><strong>El Centro Polivalente de Miami Platja acogi\u00f3 la presentaci\u00f3n de los resultados del diagn\u00f3stico de presencia digital de los 147 negocios tur\u00edsticos del municipio<\/strong><\/li>\n<\/ul>\n<p data-sourcepos=\"3:1-3:339\">El Centro Polivalente de Miami Platja acogi\u00f3 la presentaci\u00f3n de los resultados del diagn\u00f3stico de presencia digital de los negocios tur\u00edsticos del municipio. El acto cont\u00f3 con la participaci\u00f3n de la concejala de Turismo, Yolanda P\u00e9rez, y de Juan Carlos Navarro, responsable de la empresa Lypsum, encargada de realizar la auditor\u00eda digital.<\/p>\n<p data-sourcepos=\"5:1-5:470\">El estudio ha analizado la presencia digital de 147 negocios tur\u00edsticos del municipio, agrupados en seis categor\u00edas: hoteles y hostales, restaurantes, alojamiento rural, campings, chiringuitos e inmobiliarias. La diagnosis se ha llevado a cabo mediante una combinaci\u00f3n de herramientas y t\u00e9cnicas cuantitativas y cualitativas, permitiendo evaluar aspectos clave como las p\u00e1ginas web, las redes sociales, la presencia en plataformas especializadas y la reputaci\u00f3n digital.<\/p>\n<p data-sourcepos=\"7:1-7:32\"><strong>70% de los negocios, con web<\/strong><\/p>\n<p data-sourcepos=\"9:1-9:273\">M\u00e1s del 70% de los negocios cuentan con una p\u00e1gina web, pero muchas presentan carencias en dise\u00f1o, funcionalidad y adaptabilidad a dispositivos m\u00f3viles. Adem\u00e1s, se detecta una baja optimizaci\u00f3n t\u00e9cnica de SEO. Tambi\u00e9n se destaca la falta de contenido en diferentes idiomas.<\/p>\n<p data-sourcepos=\"11:1-11:135\">Solo el 60% de los negocios mantienen una actividad regular en redes sociales, con predominio de plataformas como Instagram y Facebook.<\/p>\n<p data-sourcepos=\"13:1-13:74\">Ante esta situaci\u00f3n, se han identificado diversas oportunidades de mejora:<\/p>\n<ul data-sourcepos=\"15:1-19:0\">\n<li data-sourcepos=\"15:1-15:65\">Optimizaci\u00f3n de la calidad visual y t\u00e9cnica de las p\u00e1ginas web.<\/li>\n<li data-sourcepos=\"16:1-16:108\">Uso m\u00e1s estrat\u00e9gico de las redes sociales para potenciar la interacci\u00f3n y la fidelizaci\u00f3n de los clientes.<\/li>\n<li data-sourcepos=\"17:1-17:47\">Gesti\u00f3n profesional de la reputaci\u00f3n digital.<\/li>\n<li data-sourcepos=\"18:1-19:0\">Potenciaci\u00f3n del SEO local.<\/li>\n<\/ul>\n<p data-sourcepos=\"20:1-20:21\"><strong>Jornada formativa<\/strong><\/p>\n<p data-sourcepos=\"22:1-22:304\">Con el objetivo de ayudar a los establecimientos tur\u00edsticos a fortalecer su presencia digital, se han programado sesiones formativas que se iniciar\u00e1n el pr\u00f3ximo 10 de febrero y finalizar\u00e1n el 12 de marzo. Las formaciones tendr\u00e1n lugar todos los lunes de 9.30 a 13.30 h y los mi\u00e9rcoles de 15.00 a 19.00 h.<\/p>\n<p data-sourcepos=\"24:1-24:188\">Las empresas interesadas pueden inscribirse en el Plan de Formaci\u00f3n desde ahora mismo mediante el siguiente enlace: <a href=\"https:\/\/www.formacionsturisme.com\/\" target=\"_blank\" rel=\"noopener\">https:\/\/www.formacionsturisme.com\/<\/a><\/p>\n<p data-sourcepos=\"24:1-24:188\"><a href=\"https:\/\/mont-roig.cat\/wp-content\/uploads\/LOGOS-PSTD-ACTUALITZATS-scaled.png\"><img loading=\"lazy\" decoding=\"async\" class=\"wp-image-85908 size-medium alignleft\" src=\"https:\/\/mont-roig.cat\/wp-content\/uploads\/LOGOS-PSTD-ACTUALITZATS-500x67.png\" alt=\"\" width=\"500\" height=\"67\" srcset=\"https:\/\/mont-roig.cat\/wp-content\/uploads\/LOGOS-PSTD-ACTUALITZATS-500x67.png 500w, https:\/\/mont-roig.cat\/wp-content\/uploads\/LOGOS-PSTD-ACTUALITZATS-1024x137.png 1024w, https:\/\/mont-roig.cat\/wp-content\/uploads\/LOGOS-PSTD-ACTUALITZATS-768x103.png 768w, https:\/\/mont-roig.cat\/wp-content\/uploads\/LOGOS-PSTD-ACTUALITZATS-1536x205.png 1536w, https:\/\/mont-roig.cat\/wp-content\/uploads\/LOGOS-PSTD-ACTUALITZATS-scaled.png 2048w\" sizes=\"auto, (max-width: 500px) 100vw, 500px\" \/><\/a><\/p>\n[\/vc_column_text][\/vc_column][\/vc_row]\n<\/div>","protected":false},"excerpt":{"rendered":"<p>[vc_row][vc_column][vc_column_text css=&#8221;&#8221;] El Centro Polivalente de Miami Platja acogi\u00f3 la presentaci\u00f3n de los resultados del diagn\u00f3stico de presencia digital de los 147 negocios tur\u00edsticos del municipio El Centro Polivalente de Miami Platja acogi\u00f3 la presentaci\u00f3n de los resultados del diagn\u00f3stico de presencia digital de los negocios tur\u00edsticos del municipio. El acto cont\u00f3 con la participaci\u00f3n [&hellip;]<\/p>\n","protected":false},"author":13,"featured_media":80612,"comment_status":"closed","ping_status":"closed","sticky":false,"template":"","format":"standard","meta":{"inline_featured_image":false,"_monsterinsights_skip_tracking":false,"_monsterinsights_sitenote_active":false,"_monsterinsights_sitenote_note":"","_monsterinsights_sitenote_category":0,"footnotes":""},"categories":[98,250,115],"tags":[],"class_list":["post-80623","post","type-post","status-publish","format-standard","has-post-thumbnail","hentry","category-ayuntamiento","category-pstd-es","category-turismo"],"yoast_head":"<!-- This site is optimized with the Yoast SEO plugin v27.4 - https:\/\/yoast.com\/product\/yoast-seo-wordpress\/ -->\n<title>Presentaci\u00f3n del diagn\u00f3stico sobre la presencia digital del sector tur\u00edstico de Mont-roig y Miami Platja - Ajuntament de Mont-roig del Camp<\/title>\n<meta name=\"robots\" content=\"index, follow, max-snippet:-1, max-image-preview:large, max-video-preview:-1\" \/>\n<link rel=\"canonical\" href=\"https:\/\/mont-roig.cat\/es\/actualitat\/noticies\/presentacio-del-diagnostic-sobre-la-presencia-digital-del-sector-turistic-de-mont-roig-i-miami-platja\/\" \/>\n<meta property=\"og:locale\" content=\"es_ES\" \/>\n<meta property=\"og:type\" content=\"article\" \/>\n<meta property=\"og:title\" content=\"Presentaci\u00f3n del diagn\u00f3stico sobre la presencia digital del sector tur\u00edstico de Mont-roig y Miami Platja - Ajuntament de Mont-roig del Camp\" \/>\n<meta property=\"og:description\" content=\"[vc_row][vc_column][vc_column_text css=&#8221;&#8221;] El Centro Polivalente de Miami Platja acogi\u00f3 la presentaci\u00f3n de los resultados del diagn\u00f3stico de presencia digital de los 147 negocios tur\u00edsticos del municipio El Centro Polivalente de Miami Platja acogi\u00f3 la presentaci\u00f3n de los resultados del diagn\u00f3stico de presencia digital de los negocios tur\u00edsticos del municipio. El acto cont\u00f3 con la participaci\u00f3n [&hellip;]\" \/>\n<meta property=\"og:url\" content=\"https:\/\/mont-roig.cat\/es\/actualitat\/noticies\/presentacio-del-diagnostic-sobre-la-presencia-digital-del-sector-turistic-de-mont-roig-i-miami-platja\/\" \/>\n<meta property=\"og:site_name\" content=\"Ajuntament de Mont-roig del Camp\" \/>\n<meta property=\"article:published_time\" content=\"2025-01-31T13:29:51+00:00\" \/>\n<meta property=\"article:modified_time\" content=\"2025-10-02T11:45:24+00:00\" \/>\n<meta property=\"og:image\" content=\"https:\/\/mont-roig.cat\/wp-content\/uploads\/IMG_5153-scaled.jpg\" \/>\n\t<meta property=\"og:image:width\" content=\"2048\" \/>\n\t<meta property=\"og:image:height\" content=\"1536\" \/>\n\t<meta property=\"og:image:type\" content=\"image\/jpeg\" \/>\n<meta name=\"author\" content=\"comunicacio\" \/>\n<meta name=\"twitter:card\" content=\"summary_large_image\" \/>\n<meta name=\"twitter:label1\" content=\"Escrito por\" \/>\n\t<meta name=\"twitter:data1\" content=\"comunicacio\" \/>\n\t<meta name=\"twitter:label2\" content=\"Tiempo de lectura\" \/>\n\t<meta name=\"twitter:data2\" content=\"3 minutos\" \/>\n<script type=\"application\/ld+json\" class=\"yoast-schema-graph\">{\"@context\":\"https:\\\/\\\/schema.org\",\"@graph\":[{\"@type\":\"Article\",\"@id\":\"https:\\\/\\\/mont-roig.cat\\\/es\\\/actualitat\\\/noticies\\\/presentacio-del-diagnostic-sobre-la-presencia-digital-del-sector-turistic-de-mont-roig-i-miami-platja\\\/#article\",\"isPartOf\":{\"@id\":\"https:\\\/\\\/mont-roig.cat\\\/es\\\/actualitat\\\/noticies\\\/presentacio-del-diagnostic-sobre-la-presencia-digital-del-sector-turistic-de-mont-roig-i-miami-platja\\\/\"},\"author\":{\"name\":\"comunicacio\",\"@id\":\"https:\\\/\\\/mont-roig.cat\\\/es\\\/#\\\/schema\\\/person\\\/1f73e7b5e6f9dd122e8a6f14f310ac5e\"},\"headline\":\"Presentaci\u00f3n del diagn\u00f3stico sobre la presencia digital del sector tur\u00edstico de Mont-roig y Miami Platja\",\"datePublished\":\"2025-01-31T13:29:51+00:00\",\"dateModified\":\"2025-10-02T11:45:24+00:00\",\"mainEntityOfPage\":{\"@id\":\"https:\\\/\\\/mont-roig.cat\\\/es\\\/actualitat\\\/noticies\\\/presentacio-del-diagnostic-sobre-la-presencia-digital-del-sector-turistic-de-mont-roig-i-miami-platja\\\/\"},\"wordCount\":428,\"image\":{\"@id\":\"https:\\\/\\\/mont-roig.cat\\\/es\\\/actualitat\\\/noticies\\\/presentacio-del-diagnostic-sobre-la-presencia-digital-del-sector-turistic-de-mont-roig-i-miami-platja\\\/#primaryimage\"},\"thumbnailUrl\":\"https:\\\/\\\/mont-roig.cat\\\/wp-content\\\/uploads\\\/IMG_5153-scaled.jpg\",\"articleSection\":[\"Ayuntamiento\",\"PSTD\",\"Turismo\"],\"inLanguage\":\"es\"},{\"@type\":\"WebPage\",\"@id\":\"https:\\\/\\\/mont-roig.cat\\\/es\\\/actualitat\\\/noticies\\\/presentacio-del-diagnostic-sobre-la-presencia-digital-del-sector-turistic-de-mont-roig-i-miami-platja\\\/\",\"url\":\"https:\\\/\\\/mont-roig.cat\\\/es\\\/actualitat\\\/noticies\\\/presentacio-del-diagnostic-sobre-la-presencia-digital-del-sector-turistic-de-mont-roig-i-miami-platja\\\/\",\"name\":\"Presentaci\u00f3n del diagn\u00f3stico sobre la presencia digital del sector tur\u00edstico de Mont-roig y Miami Platja - Ajuntament de Mont-roig del Camp\",\"isPartOf\":{\"@id\":\"https:\\\/\\\/mont-roig.cat\\\/es\\\/#website\"},\"primaryImageOfPage\":{\"@id\":\"https:\\\/\\\/mont-roig.cat\\\/es\\\/actualitat\\\/noticies\\\/presentacio-del-diagnostic-sobre-la-presencia-digital-del-sector-turistic-de-mont-roig-i-miami-platja\\\/#primaryimage\"},\"image\":{\"@id\":\"https:\\\/\\\/mont-roig.cat\\\/es\\\/actualitat\\\/noticies\\\/presentacio-del-diagnostic-sobre-la-presencia-digital-del-sector-turistic-de-mont-roig-i-miami-platja\\\/#primaryimage\"},\"thumbnailUrl\":\"https:\\\/\\\/mont-roig.cat\\\/wp-content\\\/uploads\\\/IMG_5153-scaled.jpg\",\"datePublished\":\"2025-01-31T13:29:51+00:00\",\"dateModified\":\"2025-10-02T11:45:24+00:00\",\"author\":{\"@id\":\"https:\\\/\\\/mont-roig.cat\\\/es\\\/#\\\/schema\\\/person\\\/1f73e7b5e6f9dd122e8a6f14f310ac5e\"},\"breadcrumb\":{\"@id\":\"https:\\\/\\\/mont-roig.cat\\\/es\\\/actualitat\\\/noticies\\\/presentacio-del-diagnostic-sobre-la-presencia-digital-del-sector-turistic-de-mont-roig-i-miami-platja\\\/#breadcrumb\"},\"inLanguage\":\"es\",\"potentialAction\":[{\"@type\":\"ReadAction\",\"target\":[\"https:\\\/\\\/mont-roig.cat\\\/es\\\/actualitat\\\/noticies\\\/presentacio-del-diagnostic-sobre-la-presencia-digital-del-sector-turistic-de-mont-roig-i-miami-platja\\\/\"]}]},{\"@type\":\"ImageObject\",\"inLanguage\":\"es\",\"@id\":\"https:\\\/\\\/mont-roig.cat\\\/es\\\/actualitat\\\/noticies\\\/presentacio-del-diagnostic-sobre-la-presencia-digital-del-sector-turistic-de-mont-roig-i-miami-platja\\\/#primaryimage\",\"url\":\"https:\\\/\\\/mont-roig.cat\\\/wp-content\\\/uploads\\\/IMG_5153-scaled.jpg\",\"contentUrl\":\"https:\\\/\\\/mont-roig.cat\\\/wp-content\\\/uploads\\\/IMG_5153-scaled.jpg\",\"width\":2048,\"height\":1536},{\"@type\":\"BreadcrumbList\",\"@id\":\"https:\\\/\\\/mont-roig.cat\\\/es\\\/actualitat\\\/noticies\\\/presentacio-del-diagnostic-sobre-la-presencia-digital-del-sector-turistic-de-mont-roig-i-miami-platja\\\/#breadcrumb\",\"itemListElement\":[{\"@type\":\"ListItem\",\"position\":1,\"name\":\"Inici\",\"item\":\"https:\\\/\\\/mont-roig.cat\\\/es\\\/pagina-de-inicio\\\/\"},{\"@type\":\"ListItem\",\"position\":2,\"name\":\"Presentaci\u00f3n del diagn\u00f3stico sobre la presencia digital del sector tur\u00edstico de Mont-roig y Miami Platja\"}]},{\"@type\":\"WebSite\",\"@id\":\"https:\\\/\\\/mont-roig.cat\\\/es\\\/#website\",\"url\":\"https:\\\/\\\/mont-roig.cat\\\/es\\\/\",\"name\":\"Ajuntament de Mont-roig del Camp\",\"description\":\"Tota la informaci\u00f3 sobre la instituci\u00f3, els seus \u00f2rgans de govern, actualitat, serveis i molt m\u00e9s.\",\"potentialAction\":[{\"@type\":\"SearchAction\",\"target\":{\"@type\":\"EntryPoint\",\"urlTemplate\":\"https:\\\/\\\/mont-roig.cat\\\/es\\\/?s={search_term_string}\"},\"query-input\":{\"@type\":\"PropertyValueSpecification\",\"valueRequired\":true,\"valueName\":\"search_term_string\"}}],\"inLanguage\":\"es\"},{\"@type\":\"Person\",\"@id\":\"https:\\\/\\\/mont-roig.cat\\\/es\\\/#\\\/schema\\\/person\\\/1f73e7b5e6f9dd122e8a6f14f310ac5e\",\"name\":\"comunicacio\",\"image\":{\"@type\":\"ImageObject\",\"inLanguage\":\"es\",\"@id\":\"https:\\\/\\\/secure.gravatar.com\\\/avatar\\\/98944333e7a877670a64f8d10f0cb680ab2c9ebc4efc43945ef004b52b5ad28c?s=96&d=mm&r=g\",\"url\":\"https:\\\/\\\/secure.gravatar.com\\\/avatar\\\/98944333e7a877670a64f8d10f0cb680ab2c9ebc4efc43945ef004b52b5ad28c?s=96&d=mm&r=g\",\"contentUrl\":\"https:\\\/\\\/secure.gravatar.com\\\/avatar\\\/98944333e7a877670a64f8d10f0cb680ab2c9ebc4efc43945ef004b52b5ad28c?s=96&d=mm&r=g\",\"caption\":\"comunicacio\"},\"url\":\"https:\\\/\\\/mont-roig.cat\\\/es\\\/actualitat\\\/noticies\\\/author\\\/comunicacio\\\/\"}]}<\/script>\n<!-- \/ Yoast SEO plugin. -->","yoast_head_json":{"title":"Presentaci\u00f3n del diagn\u00f3stico sobre la presencia digital del sector tur\u00edstico de Mont-roig y Miami Platja - Ajuntament de Mont-roig del Camp","robots":{"index":"index","follow":"follow","max-snippet":"max-snippet:-1","max-image-preview":"max-image-preview:large","max-video-preview":"max-video-preview:-1"},"canonical":"https:\/\/mont-roig.cat\/es\/actualitat\/noticies\/presentacio-del-diagnostic-sobre-la-presencia-digital-del-sector-turistic-de-mont-roig-i-miami-platja\/","og_locale":"es_ES","og_type":"article","og_title":"Presentaci\u00f3n del diagn\u00f3stico sobre la presencia digital del sector tur\u00edstico de Mont-roig y Miami Platja - Ajuntament de Mont-roig del Camp","og_description":"[vc_row][vc_column][vc_column_text css=&#8221;&#8221;] El Centro Polivalente de Miami Platja acogi\u00f3 la presentaci\u00f3n de los resultados del diagn\u00f3stico de presencia digital de los 147 negocios tur\u00edsticos del municipio El Centro Polivalente de Miami Platja acogi\u00f3 la presentaci\u00f3n de los resultados del diagn\u00f3stico de presencia digital de los negocios tur\u00edsticos del municipio. El acto cont\u00f3 con la participaci\u00f3n [&hellip;]","og_url":"https:\/\/mont-roig.cat\/es\/actualitat\/noticies\/presentacio-del-diagnostic-sobre-la-presencia-digital-del-sector-turistic-de-mont-roig-i-miami-platja\/","og_site_name":"Ajuntament de Mont-roig del Camp","article_published_time":"2025-01-31T13:29:51+00:00","article_modified_time":"2025-10-02T11:45:24+00:00","og_image":[{"width":2048,"height":1536,"url":"https:\/\/mont-roig.cat\/wp-content\/uploads\/IMG_5153-scaled.jpg","type":"image\/jpeg"}],"author":"comunicacio","twitter_card":"summary_large_image","twitter_misc":{"Escrito por":"comunicacio","Tiempo de lectura":"3 minutos"},"schema":{"@context":"https:\/\/schema.org","@graph":[{"@type":"Article","@id":"https:\/\/mont-roig.cat\/es\/actualitat\/noticies\/presentacio-del-diagnostic-sobre-la-presencia-digital-del-sector-turistic-de-mont-roig-i-miami-platja\/#article","isPartOf":{"@id":"https:\/\/mont-roig.cat\/es\/actualitat\/noticies\/presentacio-del-diagnostic-sobre-la-presencia-digital-del-sector-turistic-de-mont-roig-i-miami-platja\/"},"author":{"name":"comunicacio","@id":"https:\/\/mont-roig.cat\/es\/#\/schema\/person\/1f73e7b5e6f9dd122e8a6f14f310ac5e"},"headline":"Presentaci\u00f3n del diagn\u00f3stico sobre la presencia digital del sector tur\u00edstico de Mont-roig y Miami Platja","datePublished":"2025-01-31T13:29:51+00:00","dateModified":"2025-10-02T11:45:24+00:00","mainEntityOfPage":{"@id":"https:\/\/mont-roig.cat\/es\/actualitat\/noticies\/presentacio-del-diagnostic-sobre-la-presencia-digital-del-sector-turistic-de-mont-roig-i-miami-platja\/"},"wordCount":428,"image":{"@id":"https:\/\/mont-roig.cat\/es\/actualitat\/noticies\/presentacio-del-diagnostic-sobre-la-presencia-digital-del-sector-turistic-de-mont-roig-i-miami-platja\/#primaryimage"},"thumbnailUrl":"https:\/\/mont-roig.cat\/wp-content\/uploads\/IMG_5153-scaled.jpg","articleSection":["Ayuntamiento","PSTD","Turismo"],"inLanguage":"es"},{"@type":"WebPage","@id":"https:\/\/mont-roig.cat\/es\/actualitat\/noticies\/presentacio-del-diagnostic-sobre-la-presencia-digital-del-sector-turistic-de-mont-roig-i-miami-platja\/","url":"https:\/\/mont-roig.cat\/es\/actualitat\/noticies\/presentacio-del-diagnostic-sobre-la-presencia-digital-del-sector-turistic-de-mont-roig-i-miami-platja\/","name":"Presentaci\u00f3n del diagn\u00f3stico sobre la presencia digital del sector tur\u00edstico de Mont-roig y Miami Platja - Ajuntament de Mont-roig del Camp","isPartOf":{"@id":"https:\/\/mont-roig.cat\/es\/#website"},"primaryImageOfPage":{"@id":"https:\/\/mont-roig.cat\/es\/actualitat\/noticies\/presentacio-del-diagnostic-sobre-la-presencia-digital-del-sector-turistic-de-mont-roig-i-miami-platja\/#primaryimage"},"image":{"@id":"https:\/\/mont-roig.cat\/es\/actualitat\/noticies\/presentacio-del-diagnostic-sobre-la-presencia-digital-del-sector-turistic-de-mont-roig-i-miami-platja\/#primaryimage"},"thumbnailUrl":"https:\/\/mont-roig.cat\/wp-content\/uploads\/IMG_5153-scaled.jpg","datePublished":"2025-01-31T13:29:51+00:00","dateModified":"2025-10-02T11:45:24+00:00","author":{"@id":"https:\/\/mont-roig.cat\/es\/#\/schema\/person\/1f73e7b5e6f9dd122e8a6f14f310ac5e"},"breadcrumb":{"@id":"https:\/\/mont-roig.cat\/es\/actualitat\/noticies\/presentacio-del-diagnostic-sobre-la-presencia-digital-del-sector-turistic-de-mont-roig-i-miami-platja\/#breadcrumb"},"inLanguage":"es","potentialAction":[{"@type":"ReadAction","target":["https:\/\/mont-roig.cat\/es\/actualitat\/noticies\/presentacio-del-diagnostic-sobre-la-presencia-digital-del-sector-turistic-de-mont-roig-i-miami-platja\/"]}]},{"@type":"ImageObject","inLanguage":"es","@id":"https:\/\/mont-roig.cat\/es\/actualitat\/noticies\/presentacio-del-diagnostic-sobre-la-presencia-digital-del-sector-turistic-de-mont-roig-i-miami-platja\/#primaryimage","url":"https:\/\/mont-roig.cat\/wp-content\/uploads\/IMG_5153-scaled.jpg","contentUrl":"https:\/\/mont-roig.cat\/wp-content\/uploads\/IMG_5153-scaled.jpg","width":2048,"height":1536},{"@type":"BreadcrumbList","@id":"https:\/\/mont-roig.cat\/es\/actualitat\/noticies\/presentacio-del-diagnostic-sobre-la-presencia-digital-del-sector-turistic-de-mont-roig-i-miami-platja\/#breadcrumb","itemListElement":[{"@type":"ListItem","position":1,"name":"Inici","item":"https:\/\/mont-roig.cat\/es\/pagina-de-inicio\/"},{"@type":"ListItem","position":2,"name":"Presentaci\u00f3n del diagn\u00f3stico sobre la presencia digital del sector tur\u00edstico de Mont-roig y Miami Platja"}]},{"@type":"WebSite","@id":"https:\/\/mont-roig.cat\/es\/#website","url":"https:\/\/mont-roig.cat\/es\/","name":"Ajuntament de Mont-roig del Camp","description":"Tota la informaci\u00f3 sobre la instituci\u00f3, els seus \u00f2rgans de govern, actualitat, serveis i molt m\u00e9s.","potentialAction":[{"@type":"SearchAction","target":{"@type":"EntryPoint","urlTemplate":"https:\/\/mont-roig.cat\/es\/?s={search_term_string}"},"query-input":{"@type":"PropertyValueSpecification","valueRequired":true,"valueName":"search_term_string"}}],"inLanguage":"es"},{"@type":"Person","@id":"https:\/\/mont-roig.cat\/es\/#\/schema\/person\/1f73e7b5e6f9dd122e8a6f14f310ac5e","name":"comunicacio","image":{"@type":"ImageObject","inLanguage":"es","@id":"https:\/\/secure.gravatar.com\/avatar\/98944333e7a877670a64f8d10f0cb680ab2c9ebc4efc43945ef004b52b5ad28c?s=96&d=mm&r=g","url":"https:\/\/secure.gravatar.com\/avatar\/98944333e7a877670a64f8d10f0cb680ab2c9ebc4efc43945ef004b52b5ad28c?s=96&d=mm&r=g","contentUrl":"https:\/\/secure.gravatar.com\/avatar\/98944333e7a877670a64f8d10f0cb680ab2c9ebc4efc43945ef004b52b5ad28c?s=96&d=mm&r=g","caption":"comunicacio"},"url":"https:\/\/mont-roig.cat\/es\/actualitat\/noticies\/author\/comunicacio\/"}]}},"_links":{"self":[{"href":"https:\/\/mont-roig.cat\/es\/wp-json\/wp\/v2\/posts\/80623","targetHints":{"allow":["GET"]}}],"collection":[{"href":"https:\/\/mont-roig.cat\/es\/wp-json\/wp\/v2\/posts"}],"about":[{"href":"https:\/\/mont-roig.cat\/es\/wp-json\/wp\/v2\/types\/post"}],"author":[{"embeddable":true,"href":"https:\/\/mont-roig.cat\/es\/wp-json\/wp\/v2\/users\/13"}],"replies":[{"embeddable":true,"href":"https:\/\/mont-roig.cat\/es\/wp-json\/wp\/v2\/comments?post=80623"}],"version-history":[{"count":4,"href":"https:\/\/mont-roig.cat\/es\/wp-json\/wp\/v2\/posts\/80623\/revisions"}],"predecessor-version":[{"id":85993,"href":"https:\/\/mont-roig.cat\/es\/wp-json\/wp\/v2\/posts\/80623\/revisions\/85993"}],"wp:featuredmedia":[{"embeddable":true,"href":"https:\/\/mont-roig.cat\/es\/wp-json\/wp\/v2\/media\/80612"}],"wp:attachment":[{"href":"https:\/\/mont-roig.cat\/es\/wp-json\/wp\/v2\/media?parent=80623"}],"wp:term":[{"taxonomy":"category","embeddable":true,"href":"https:\/\/mont-roig.cat\/es\/wp-json\/wp\/v2\/categories?post=80623"},{"taxonomy":"post_tag","embeddable":true,"href":"https:\/\/mont-roig.cat\/es\/wp-json\/wp\/v2\/tags?post=80623"}],"curies":[{"name":"wp","href":"https:\/\/api.w.org\/{rel}","templated":true}]}}