{"id":80687,"date":"2025-02-05T12:55:13","date_gmt":"2025-02-05T11:55:13","guid":{"rendered":"https:\/\/mont-roig.cat\/actualitat\/noticies\/el-club-de-lectura-en-familia-arriba-a-les-biblioteques-de-mont-roig-i-miami-platja\/"},"modified":"2025-02-05T13:07:08","modified_gmt":"2025-02-05T12:07:08","slug":"el-club-de-lectura-en-familia-llega-a-las-bibliotecas-de-mont-roig-y-miami-platja","status":"publish","type":"post","link":"https:\/\/mont-roig.cat\/es\/actualitat\/noticies\/el-club-de-lectura-en-familia-llega-a-las-bibliotecas-de-mont-roig-y-miami-platja\/","title":{"rendered":"El Club de Lectura en familia llega a las bibliotecas de Mont-roig y Miami Platja"},"content":{"rendered":"<p><strong><strong><em> <a href=\"https:\/\/mont-roig.cat\/wp-content\/uploads\/Club-de-lectura-en-familia-2-MR1.jpg\" target=\"_blank\" rel=\"noopener\"><img loading=\"lazy\" decoding=\"async\" class=\"alignright wp-image-80677\" src=\"https:\/\/mont-roig.cat\/wp-content\/uploads\/Club-de-lectura-en-familia-2-MR1-354x500.jpg\" alt=\"\" width=\"250\" height=\"353\" srcset=\"https:\/\/mont-roig.cat\/wp-content\/uploads\/Club-de-lectura-en-familia-2-MR1-354x500.jpg 354w, https:\/\/mont-roig.cat\/wp-content\/uploads\/Club-de-lectura-en-familia-2-MR1-724x1024.jpg 724w, https:\/\/mont-roig.cat\/wp-content\/uploads\/Club-de-lectura-en-familia-2-MR1-768x1086.jpg 768w, https:\/\/mont-roig.cat\/wp-content\/uploads\/Club-de-lectura-en-familia-2-MR1-1086x1536.jpg 1086w, https:\/\/mont-roig.cat\/wp-content\/uploads\/Club-de-lectura-en-familia-2-MR1.jpg 1414w\" sizes=\"auto, (max-width: 250px) 100vw, 250px\" \/><\/a><a href=\"https:\/\/mont-roig.cat\/wp-content\/uploads\/Copia-de-Club-de-lectura-en-familia-3-MM2.jpg\" target=\"_blank\" rel=\"noopener\"><img loading=\"lazy\" decoding=\"async\" class=\"alignright wp-image-80679\" src=\"https:\/\/mont-roig.cat\/wp-content\/uploads\/Copia-de-Club-de-lectura-en-familia-3-MM2-354x500.jpg\" alt=\"\" width=\"250\" height=\"353\" srcset=\"https:\/\/mont-roig.cat\/wp-content\/uploads\/Copia-de-Club-de-lectura-en-familia-3-MM2-354x500.jpg 354w, https:\/\/mont-roig.cat\/wp-content\/uploads\/Copia-de-Club-de-lectura-en-familia-3-MM2-724x1024.jpg 724w, https:\/\/mont-roig.cat\/wp-content\/uploads\/Copia-de-Club-de-lectura-en-familia-3-MM2-768x1086.jpg 768w, https:\/\/mont-roig.cat\/wp-content\/uploads\/Copia-de-Club-de-lectura-en-familia-3-MM2-1086x1536.jpg 1086w, https:\/\/mont-roig.cat\/wp-content\/uploads\/Copia-de-Club-de-lectura-en-familia-3-MM2.jpg 1414w\" sizes=\"auto, (max-width: 250px) 100vw, 250px\" \/><\/a><\/em><\/strong><\/strong><\/p>\n<ul>\n<li data-sourcepos=\"5:1-5:165\"><strong>La actividad, a cargo de S\u00edlvia Palaz\u00f3n, propone una formaci\u00f3n para entender el libro como v\u00eda de comunicaci\u00f3n entre el ni\u00f1o y el adulto, incluso antes de saber leer<\/strong><\/li>\n<\/ul>\n<p data-sourcepos=\"7:1-7:465\">El Plan Educativo de Entorno del Ayuntamiento de Mont-roig del Camp y las Bibliotecas Municipales Joan Mir\u00f3 y Miramar han organizado un Club de Lectura en Familia para ni\u00f1os de I4, I5 y 1\u00ba de primaria que tendr\u00e1 lugar mensualmente los meses de febrero a mayo. La actividad, que se llevar\u00e1 a cabo en ambas bibliotecas durante los pr\u00f3ximos meses, tiene como objetivo fomentar la lectura en familia y crear un espacio de encuentro y aprendizaje a trav\u00e9s de los libros.<\/p>\n<p data-sourcepos=\"9:1-9:701\">El Club de Lectura en Familia contar\u00e1 con la participaci\u00f3n de la narradora S\u00edlvia Palaz\u00f3n, que propone una formaci\u00f3n para entender el libro como v\u00eda de comunicaci\u00f3n entre el ni\u00f1o y el adulto, incluso antes de saber leer. A partir de una definici\u00f3n de lectura que va m\u00e1s all\u00e1 de descifrar textos escritos y se centra en la imagen, la emoci\u00f3n, el ritmo o la creatividad, se explorar\u00e1n diferentes posibilidades que permiten descubrir un abanico amplio de posibilidades para compartir momentos de lectura desde los primeros a\u00f1os de vida. La finalidad del Club de Lectura en Familia es poner en pr\u00e1ctica una serie de t\u00e9cnicas y estrategias de animaci\u00f3n a la lectura implicando a las familias en el proceso.<\/p>\n<p data-sourcepos=\"11:1-11:191\">Las inscripciones se pueden hacer en la Biblioteca municipal o por tel\u00e9fono al 977 172562 (Biblioteca Miramar) o 977837512 (Biblioteca Joan Mir\u00f3), y el m\u00e1ximo de familias por sesi\u00f3n es de 12.<\/p>\n<p data-sourcepos=\"13:1-13:167\">Las sesiones del Club de Lectura en Familia se har\u00e1n a las 17.30 horas y tendr\u00e1n una duraci\u00f3n de entre una hora y hora y media. El calendario previsto es el siguiente:<\/p>\n<p><strong>Febrer0:<\/strong><\/p>\n<ul>\n<li>Mi\u00e9rcoles 26 em Mont-roig: <em>All\u00e0 on viuen els monstres<\/em> (Maurice Sendak)<\/li>\n<li>Jueves 27 en Miami Platja: <em>La M\u00e0scara<\/em> (Gr\u00e9goire Solotareff)<\/li>\n<\/ul>\n<p><strong>Marzo:<\/strong><\/p>\n<ul>\n<li>Mi\u00e9rcoles 26 en Mont-roig: <em>La M\u00e0scara<\/em> (Gr\u00e9goire Solotareff)<\/li>\n<li>Jueves 27 en Miami Platja: <em>All\u00e0 on viuen els monstres<\/em> (Maurice Sendak)<\/li>\n<\/ul>\n<p><strong>Abril:<\/strong><\/p>\n<ul>\n<li>Mi\u00e9rcoles 30 en Mont-roig: <em>Els tres bandits<\/em> (Tomi Ungerer)<\/li>\n<li>Jueves 10 en Miami Platja: <em>El Gr\u00fafal<\/em> (Julia Donaldson i Axel Scheffler)<\/li>\n<\/ul>\n<p><strong>Mayo:<\/strong><\/p>\n<ul>\n<li>Mi\u00e9rcoles 21 en Mont-roig: <em>El Gr\u00fafal<\/em> (Julia Donaldson i Axel Scheffler)<\/li>\n<li>Jueves 22 en Miami Platja: <em>Els tres bandits<\/em> (Tomi Ungerer)<\/li>\n<\/ul>\n","protected":false},"excerpt":{"rendered":"<p>La actividad, a cargo de S\u00edlvia Palaz\u00f3n, propone una formaci\u00f3n para entender el libro como v\u00eda de comunicaci\u00f3n entre el ni\u00f1o y el adulto, incluso antes de saber leer El Plan Educativo de Entorno del Ayuntamiento de Mont-roig del Camp y las Bibliotecas Municipales Joan Mir\u00f3 y Miramar han organizado un Club de Lectura en [&hellip;]<\/p>\n","protected":false},"author":13,"featured_media":80685,"comment_status":"closed","ping_status":"closed","sticky":false,"template":"","format":"standard","meta":{"inline_featured_image":false,"_monsterinsights_skip_tracking":false,"_monsterinsights_sitenote_active":false,"_monsterinsights_sitenote_note":"","_monsterinsights_sitenote_category":0,"footnotes":""},"categories":[98,224],"tags":[],"class_list":["post-80687","post","type-post","status-publish","format-standard","has-post-thumbnail","hentry","category-ayuntamiento","category-biblioteques-es"],"yoast_head":"<!-- This site is optimized with the Yoast SEO plugin v27.4 - https:\/\/yoast.com\/product\/yoast-seo-wordpress\/ -->\n<title>El Club de Lectura en familia llega a las bibliotecas de Mont-roig y Miami Platja - Ajuntament de Mont-roig del Camp<\/title>\n<meta name=\"robots\" content=\"index, follow, max-snippet:-1, max-image-preview:large, max-video-preview:-1\" \/>\n<link rel=\"canonical\" href=\"https:\/\/mont-roig.cat\/es\/actualitat\/noticies\/el-club-de-lectura-en-familia-llega-a-las-bibliotecas-de-mont-roig-y-miami-platja\/\" \/>\n<meta property=\"og:locale\" content=\"es_ES\" \/>\n<meta property=\"og:type\" content=\"article\" \/>\n<meta property=\"og:title\" content=\"El Club de Lectura en familia llega a las bibliotecas de Mont-roig y Miami Platja - Ajuntament de Mont-roig del Camp\" \/>\n<meta property=\"og:description\" content=\"La actividad, a cargo de S\u00edlvia Palaz\u00f3n, propone una formaci\u00f3n para entender el libro como v\u00eda de comunicaci\u00f3n entre el ni\u00f1o y el adulto, incluso antes de saber leer El Plan Educativo de Entorno del Ayuntamiento de Mont-roig del Camp y las Bibliotecas Municipales Joan Mir\u00f3 y Miramar han organizado un Club de Lectura en [&hellip;]\" \/>\n<meta property=\"og:url\" content=\"https:\/\/mont-roig.cat\/es\/actualitat\/noticies\/el-club-de-lectura-en-familia-llega-a-las-bibliotecas-de-mont-roig-y-miami-platja\/\" \/>\n<meta property=\"og:site_name\" content=\"Ajuntament de Mont-roig del Camp\" \/>\n<meta property=\"article:published_time\" content=\"2025-02-05T11:55:13+00:00\" \/>\n<meta property=\"article:modified_time\" content=\"2025-02-05T12:07:08+00:00\" \/>\n<meta property=\"og:image\" content=\"https:\/\/mont-roig.cat\/wp-content\/uploads\/club-de-lectura.jpg\" \/>\n\t<meta property=\"og:image:width\" content=\"1587\" \/>\n\t<meta property=\"og:image:height\" content=\"1111\" \/>\n\t<meta property=\"og:image:type\" content=\"image\/jpeg\" \/>\n<meta name=\"author\" content=\"comunicacio\" \/>\n<meta name=\"twitter:card\" content=\"summary_large_image\" \/>\n<meta name=\"twitter:label1\" content=\"Escrito por\" \/>\n\t<meta name=\"twitter:data1\" content=\"comunicacio\" \/>\n\t<meta name=\"twitter:label2\" content=\"Tiempo de lectura\" \/>\n\t<meta name=\"twitter:data2\" content=\"3 minutos\" \/>\n<script type=\"application\/ld+json\" class=\"yoast-schema-graph\">{\"@context\":\"https:\\\/\\\/schema.org\",\"@graph\":[{\"@type\":\"Article\",\"@id\":\"https:\\\/\\\/mont-roig.cat\\\/es\\\/actualitat\\\/noticies\\\/el-club-de-lectura-en-familia-llega-a-las-bibliotecas-de-mont-roig-y-miami-platja\\\/#article\",\"isPartOf\":{\"@id\":\"https:\\\/\\\/mont-roig.cat\\\/es\\\/actualitat\\\/noticies\\\/el-club-de-lectura-en-familia-llega-a-las-bibliotecas-de-mont-roig-y-miami-platja\\\/\"},\"author\":{\"name\":\"comunicacio\",\"@id\":\"https:\\\/\\\/mont-roig.cat\\\/es\\\/#\\\/schema\\\/person\\\/1f73e7b5e6f9dd122e8a6f14f310ac5e\"},\"headline\":\"El Club de Lectura en familia llega a las bibliotecas de Mont-roig y Miami Platja\",\"datePublished\":\"2025-02-05T11:55:13+00:00\",\"dateModified\":\"2025-02-05T12:07:08+00:00\",\"mainEntityOfPage\":{\"@id\":\"https:\\\/\\\/mont-roig.cat\\\/es\\\/actualitat\\\/noticies\\\/el-club-de-lectura-en-familia-llega-a-las-bibliotecas-de-mont-roig-y-miami-platja\\\/\"},\"wordCount\":420,\"image\":{\"@id\":\"https:\\\/\\\/mont-roig.cat\\\/es\\\/actualitat\\\/noticies\\\/el-club-de-lectura-en-familia-llega-a-las-bibliotecas-de-mont-roig-y-miami-platja\\\/#primaryimage\"},\"thumbnailUrl\":\"https:\\\/\\\/mont-roig.cat\\\/wp-content\\\/uploads\\\/club-de-lectura.jpg\",\"articleSection\":[\"Ayuntamiento\",\"Biblioteques\"],\"inLanguage\":\"es\"},{\"@type\":\"WebPage\",\"@id\":\"https:\\\/\\\/mont-roig.cat\\\/es\\\/actualitat\\\/noticies\\\/el-club-de-lectura-en-familia-llega-a-las-bibliotecas-de-mont-roig-y-miami-platja\\\/\",\"url\":\"https:\\\/\\\/mont-roig.cat\\\/es\\\/actualitat\\\/noticies\\\/el-club-de-lectura-en-familia-llega-a-las-bibliotecas-de-mont-roig-y-miami-platja\\\/\",\"name\":\"El Club de Lectura en familia llega a las bibliotecas de Mont-roig y Miami Platja - Ajuntament de Mont-roig del Camp\",\"isPartOf\":{\"@id\":\"https:\\\/\\\/mont-roig.cat\\\/es\\\/#website\"},\"primaryImageOfPage\":{\"@id\":\"https:\\\/\\\/mont-roig.cat\\\/es\\\/actualitat\\\/noticies\\\/el-club-de-lectura-en-familia-llega-a-las-bibliotecas-de-mont-roig-y-miami-platja\\\/#primaryimage\"},\"image\":{\"@id\":\"https:\\\/\\\/mont-roig.cat\\\/es\\\/actualitat\\\/noticies\\\/el-club-de-lectura-en-familia-llega-a-las-bibliotecas-de-mont-roig-y-miami-platja\\\/#primaryimage\"},\"thumbnailUrl\":\"https:\\\/\\\/mont-roig.cat\\\/wp-content\\\/uploads\\\/club-de-lectura.jpg\",\"datePublished\":\"2025-02-05T11:55:13+00:00\",\"dateModified\":\"2025-02-05T12:07:08+00:00\",\"author\":{\"@id\":\"https:\\\/\\\/mont-roig.cat\\\/es\\\/#\\\/schema\\\/person\\\/1f73e7b5e6f9dd122e8a6f14f310ac5e\"},\"breadcrumb\":{\"@id\":\"https:\\\/\\\/mont-roig.cat\\\/es\\\/actualitat\\\/noticies\\\/el-club-de-lectura-en-familia-llega-a-las-bibliotecas-de-mont-roig-y-miami-platja\\\/#breadcrumb\"},\"inLanguage\":\"es\",\"potentialAction\":[{\"@type\":\"ReadAction\",\"target\":[\"https:\\\/\\\/mont-roig.cat\\\/es\\\/actualitat\\\/noticies\\\/el-club-de-lectura-en-familia-llega-a-las-bibliotecas-de-mont-roig-y-miami-platja\\\/\"]}]},{\"@type\":\"ImageObject\",\"inLanguage\":\"es\",\"@id\":\"https:\\\/\\\/mont-roig.cat\\\/es\\\/actualitat\\\/noticies\\\/el-club-de-lectura-en-familia-llega-a-las-bibliotecas-de-mont-roig-y-miami-platja\\\/#primaryimage\",\"url\":\"https:\\\/\\\/mont-roig.cat\\\/wp-content\\\/uploads\\\/club-de-lectura.jpg\",\"contentUrl\":\"https:\\\/\\\/mont-roig.cat\\\/wp-content\\\/uploads\\\/club-de-lectura.jpg\",\"width\":1587,\"height\":1111,\"caption\":\"black vintage newspaper birthday party poster - 1\"},{\"@type\":\"BreadcrumbList\",\"@id\":\"https:\\\/\\\/mont-roig.cat\\\/es\\\/actualitat\\\/noticies\\\/el-club-de-lectura-en-familia-llega-a-las-bibliotecas-de-mont-roig-y-miami-platja\\\/#breadcrumb\",\"itemListElement\":[{\"@type\":\"ListItem\",\"position\":1,\"name\":\"Inici\",\"item\":\"https:\\\/\\\/mont-roig.cat\\\/es\\\/pagina-de-inicio\\\/\"},{\"@type\":\"ListItem\",\"position\":2,\"name\":\"El Club de Lectura en familia llega a las bibliotecas de Mont-roig y Miami Platja\"}]},{\"@type\":\"WebSite\",\"@id\":\"https:\\\/\\\/mont-roig.cat\\\/es\\\/#website\",\"url\":\"https:\\\/\\\/mont-roig.cat\\\/es\\\/\",\"name\":\"Ajuntament de Mont-roig del Camp\",\"description\":\"Tota la informaci\u00f3 sobre la instituci\u00f3, els seus \u00f2rgans de govern, actualitat, serveis i molt m\u00e9s.\",\"potentialAction\":[{\"@type\":\"SearchAction\",\"target\":{\"@type\":\"EntryPoint\",\"urlTemplate\":\"https:\\\/\\\/mont-roig.cat\\\/es\\\/?s={search_term_string}\"},\"query-input\":{\"@type\":\"PropertyValueSpecification\",\"valueRequired\":true,\"valueName\":\"search_term_string\"}}],\"inLanguage\":\"es\"},{\"@type\":\"Person\",\"@id\":\"https:\\\/\\\/mont-roig.cat\\\/es\\\/#\\\/schema\\\/person\\\/1f73e7b5e6f9dd122e8a6f14f310ac5e\",\"name\":\"comunicacio\",\"image\":{\"@type\":\"ImageObject\",\"inLanguage\":\"es\",\"@id\":\"https:\\\/\\\/secure.gravatar.com\\\/avatar\\\/98944333e7a877670a64f8d10f0cb680ab2c9ebc4efc43945ef004b52b5ad28c?s=96&d=mm&r=g\",\"url\":\"https:\\\/\\\/secure.gravatar.com\\\/avatar\\\/98944333e7a877670a64f8d10f0cb680ab2c9ebc4efc43945ef004b52b5ad28c?s=96&d=mm&r=g\",\"contentUrl\":\"https:\\\/\\\/secure.gravatar.com\\\/avatar\\\/98944333e7a877670a64f8d10f0cb680ab2c9ebc4efc43945ef004b52b5ad28c?s=96&d=mm&r=g\",\"caption\":\"comunicacio\"},\"url\":\"https:\\\/\\\/mont-roig.cat\\\/es\\\/actualitat\\\/noticies\\\/author\\\/comunicacio\\\/\"}]}<\/script>\n<!-- \/ Yoast SEO plugin. -->","yoast_head_json":{"title":"El Club de Lectura en familia llega a las bibliotecas de Mont-roig y Miami Platja - Ajuntament de Mont-roig del Camp","robots":{"index":"index","follow":"follow","max-snippet":"max-snippet:-1","max-image-preview":"max-image-preview:large","max-video-preview":"max-video-preview:-1"},"canonical":"https:\/\/mont-roig.cat\/es\/actualitat\/noticies\/el-club-de-lectura-en-familia-llega-a-las-bibliotecas-de-mont-roig-y-miami-platja\/","og_locale":"es_ES","og_type":"article","og_title":"El Club de Lectura en familia llega a las bibliotecas de Mont-roig y Miami Platja - Ajuntament de Mont-roig del Camp","og_description":"La actividad, a cargo de S\u00edlvia Palaz\u00f3n, propone una formaci\u00f3n para entender el libro como v\u00eda de comunicaci\u00f3n entre el ni\u00f1o y el adulto, incluso antes de saber leer El Plan Educativo de Entorno del Ayuntamiento de Mont-roig del Camp y las Bibliotecas Municipales Joan Mir\u00f3 y Miramar han organizado un Club de Lectura en [&hellip;]","og_url":"https:\/\/mont-roig.cat\/es\/actualitat\/noticies\/el-club-de-lectura-en-familia-llega-a-las-bibliotecas-de-mont-roig-y-miami-platja\/","og_site_name":"Ajuntament de Mont-roig del Camp","article_published_time":"2025-02-05T11:55:13+00:00","article_modified_time":"2025-02-05T12:07:08+00:00","og_image":[{"width":1587,"height":1111,"url":"https:\/\/mont-roig.cat\/wp-content\/uploads\/club-de-lectura.jpg","type":"image\/jpeg"}],"author":"comunicacio","twitter_card":"summary_large_image","twitter_misc":{"Escrito por":"comunicacio","Tiempo de lectura":"3 minutos"},"schema":{"@context":"https:\/\/schema.org","@graph":[{"@type":"Article","@id":"https:\/\/mont-roig.cat\/es\/actualitat\/noticies\/el-club-de-lectura-en-familia-llega-a-las-bibliotecas-de-mont-roig-y-miami-platja\/#article","isPartOf":{"@id":"https:\/\/mont-roig.cat\/es\/actualitat\/noticies\/el-club-de-lectura-en-familia-llega-a-las-bibliotecas-de-mont-roig-y-miami-platja\/"},"author":{"name":"comunicacio","@id":"https:\/\/mont-roig.cat\/es\/#\/schema\/person\/1f73e7b5e6f9dd122e8a6f14f310ac5e"},"headline":"El Club de Lectura en familia llega a las bibliotecas de Mont-roig y Miami Platja","datePublished":"2025-02-05T11:55:13+00:00","dateModified":"2025-02-05T12:07:08+00:00","mainEntityOfPage":{"@id":"https:\/\/mont-roig.cat\/es\/actualitat\/noticies\/el-club-de-lectura-en-familia-llega-a-las-bibliotecas-de-mont-roig-y-miami-platja\/"},"wordCount":420,"image":{"@id":"https:\/\/mont-roig.cat\/es\/actualitat\/noticies\/el-club-de-lectura-en-familia-llega-a-las-bibliotecas-de-mont-roig-y-miami-platja\/#primaryimage"},"thumbnailUrl":"https:\/\/mont-roig.cat\/wp-content\/uploads\/club-de-lectura.jpg","articleSection":["Ayuntamiento","Biblioteques"],"inLanguage":"es"},{"@type":"WebPage","@id":"https:\/\/mont-roig.cat\/es\/actualitat\/noticies\/el-club-de-lectura-en-familia-llega-a-las-bibliotecas-de-mont-roig-y-miami-platja\/","url":"https:\/\/mont-roig.cat\/es\/actualitat\/noticies\/el-club-de-lectura-en-familia-llega-a-las-bibliotecas-de-mont-roig-y-miami-platja\/","name":"El Club de Lectura en familia llega a las bibliotecas de Mont-roig y Miami Platja - Ajuntament de Mont-roig del Camp","isPartOf":{"@id":"https:\/\/mont-roig.cat\/es\/#website"},"primaryImageOfPage":{"@id":"https:\/\/mont-roig.cat\/es\/actualitat\/noticies\/el-club-de-lectura-en-familia-llega-a-las-bibliotecas-de-mont-roig-y-miami-platja\/#primaryimage"},"image":{"@id":"https:\/\/mont-roig.cat\/es\/actualitat\/noticies\/el-club-de-lectura-en-familia-llega-a-las-bibliotecas-de-mont-roig-y-miami-platja\/#primaryimage"},"thumbnailUrl":"https:\/\/mont-roig.cat\/wp-content\/uploads\/club-de-lectura.jpg","datePublished":"2025-02-05T11:55:13+00:00","dateModified":"2025-02-05T12:07:08+00:00","author":{"@id":"https:\/\/mont-roig.cat\/es\/#\/schema\/person\/1f73e7b5e6f9dd122e8a6f14f310ac5e"},"breadcrumb":{"@id":"https:\/\/mont-roig.cat\/es\/actualitat\/noticies\/el-club-de-lectura-en-familia-llega-a-las-bibliotecas-de-mont-roig-y-miami-platja\/#breadcrumb"},"inLanguage":"es","potentialAction":[{"@type":"ReadAction","target":["https:\/\/mont-roig.cat\/es\/actualitat\/noticies\/el-club-de-lectura-en-familia-llega-a-las-bibliotecas-de-mont-roig-y-miami-platja\/"]}]},{"@type":"ImageObject","inLanguage":"es","@id":"https:\/\/mont-roig.cat\/es\/actualitat\/noticies\/el-club-de-lectura-en-familia-llega-a-las-bibliotecas-de-mont-roig-y-miami-platja\/#primaryimage","url":"https:\/\/mont-roig.cat\/wp-content\/uploads\/club-de-lectura.jpg","contentUrl":"https:\/\/mont-roig.cat\/wp-content\/uploads\/club-de-lectura.jpg","width":1587,"height":1111,"caption":"black vintage newspaper birthday party poster - 1"},{"@type":"BreadcrumbList","@id":"https:\/\/mont-roig.cat\/es\/actualitat\/noticies\/el-club-de-lectura-en-familia-llega-a-las-bibliotecas-de-mont-roig-y-miami-platja\/#breadcrumb","itemListElement":[{"@type":"ListItem","position":1,"name":"Inici","item":"https:\/\/mont-roig.cat\/es\/pagina-de-inicio\/"},{"@type":"ListItem","position":2,"name":"El Club de Lectura en familia llega a las bibliotecas de Mont-roig y Miami Platja"}]},{"@type":"WebSite","@id":"https:\/\/mont-roig.cat\/es\/#website","url":"https:\/\/mont-roig.cat\/es\/","name":"Ajuntament de Mont-roig del Camp","description":"Tota la informaci\u00f3 sobre la instituci\u00f3, els seus \u00f2rgans de govern, actualitat, serveis i molt m\u00e9s.","potentialAction":[{"@type":"SearchAction","target":{"@type":"EntryPoint","urlTemplate":"https:\/\/mont-roig.cat\/es\/?s={search_term_string}"},"query-input":{"@type":"PropertyValueSpecification","valueRequired":true,"valueName":"search_term_string"}}],"inLanguage":"es"},{"@type":"Person","@id":"https:\/\/mont-roig.cat\/es\/#\/schema\/person\/1f73e7b5e6f9dd122e8a6f14f310ac5e","name":"comunicacio","image":{"@type":"ImageObject","inLanguage":"es","@id":"https:\/\/secure.gravatar.com\/avatar\/98944333e7a877670a64f8d10f0cb680ab2c9ebc4efc43945ef004b52b5ad28c?s=96&d=mm&r=g","url":"https:\/\/secure.gravatar.com\/avatar\/98944333e7a877670a64f8d10f0cb680ab2c9ebc4efc43945ef004b52b5ad28c?s=96&d=mm&r=g","contentUrl":"https:\/\/secure.gravatar.com\/avatar\/98944333e7a877670a64f8d10f0cb680ab2c9ebc4efc43945ef004b52b5ad28c?s=96&d=mm&r=g","caption":"comunicacio"},"url":"https:\/\/mont-roig.cat\/es\/actualitat\/noticies\/author\/comunicacio\/"}]}},"_links":{"self":[{"href":"https:\/\/mont-roig.cat\/es\/wp-json\/wp\/v2\/posts\/80687","targetHints":{"allow":["GET"]}}],"collection":[{"href":"https:\/\/mont-roig.cat\/es\/wp-json\/wp\/v2\/posts"}],"about":[{"href":"https:\/\/mont-roig.cat\/es\/wp-json\/wp\/v2\/types\/post"}],"author":[{"embeddable":true,"href":"https:\/\/mont-roig.cat\/es\/wp-json\/wp\/v2\/users\/13"}],"replies":[{"embeddable":true,"href":"https:\/\/mont-roig.cat\/es\/wp-json\/wp\/v2\/comments?post=80687"}],"version-history":[{"count":2,"href":"https:\/\/mont-roig.cat\/es\/wp-json\/wp\/v2\/posts\/80687\/revisions"}],"predecessor-version":[{"id":80689,"href":"https:\/\/mont-roig.cat\/es\/wp-json\/wp\/v2\/posts\/80687\/revisions\/80689"}],"wp:featuredmedia":[{"embeddable":true,"href":"https:\/\/mont-roig.cat\/es\/wp-json\/wp\/v2\/media\/80685"}],"wp:attachment":[{"href":"https:\/\/mont-roig.cat\/es\/wp-json\/wp\/v2\/media?parent=80687"}],"wp:term":[{"taxonomy":"category","embeddable":true,"href":"https:\/\/mont-roig.cat\/es\/wp-json\/wp\/v2\/categories?post=80687"},{"taxonomy":"post_tag","embeddable":true,"href":"https:\/\/mont-roig.cat\/es\/wp-json\/wp\/v2\/tags?post=80687"}],"curies":[{"name":"wp","href":"https:\/\/api.w.org\/{rel}","templated":true}]}}