{"id":80938,"date":"2025-02-20T13:30:53","date_gmt":"2025-02-20T12:30:53","guid":{"rendered":"https:\/\/mont-roig.cat\/actualitat\/noticies\/ametller-origen-presenta-a-la-ciutadania-el-seu-projecte-en-un-acte-al-centre-polivalent-de-miami-platja\/"},"modified":"2025-02-20T14:06:08","modified_gmt":"2025-02-20T13:06:08","slug":"ametller-origen-presenta-a-la-ciutadania-el-seu-projecte-en-un-acte-al-centre-polivalent-de-miami-platja","status":"publish","type":"post","link":"https:\/\/mont-roig.cat\/es\/actualitat\/noticies\/ametller-origen-presenta-a-la-ciutadania-el-seu-projecte-en-un-acte-al-centre-polivalent-de-miami-platja\/","title":{"rendered":"Ametller Origen presenta a la ciudadan\u00eda su proyecto en un acto en el Centre Polivalent de Miami Platja"},"content":{"rendered":"<p><strong><strong><a href=\"https:\/\/mont-roig.cat\/wp-content\/uploads\/ametller.jpeg\" target=\"_blank\" rel=\"noopener\"><img loading=\"lazy\" decoding=\"async\" class=\"alignright wp-image-80933\" src=\"https:\/\/mont-roig.cat\/wp-content\/uploads\/ametller-354x500.jpeg\" alt=\"\" width=\"249\" height=\"352\" srcset=\"https:\/\/mont-roig.cat\/wp-content\/uploads\/ametller-354x500.jpeg 354w, https:\/\/mont-roig.cat\/wp-content\/uploads\/ametller.jpeg 526w\" sizes=\"auto, (max-width: 249px) 100vw, 249px\" \/><\/a><\/strong><\/strong><\/p>\n<ul>\n<li data-pm-slice=\"1 1 []\"><strong>El acto tendr\u00e1 lugar el pr\u00f3ximo mi\u00e9rcoles 26 de febrero a las 19 h y contar\u00e1 con la presencia de los responsables de la empresa y del alcalde de Mont-roig del Camp, Fran Morancho.<\/strong><\/li>\n<\/ul>\n<p>En un ejercicio de transparencia y compromiso con la ciudadan\u00eda, Grup Ametller Origen presentar\u00e1 este mi\u00e9rcoles 26 de febrero a las 19 h su proyecto de innovaci\u00f3n y producci\u00f3n agroalimentaria, que se anunci\u00f3 ayer, en el Centre Polivalent de Miami Platja. El acto contar\u00e1 con la presencia de los responsables del grupo Ametller Origen y del alcalde de Mont-roig del Camp, Fran Morancho.<\/p>\n<p>Grup Ametller Origen, compa\u00f1\u00eda familiar especializada en alimentaci\u00f3n saludable, impulsar\u00e1 este nuevo hub de innovaci\u00f3n y producci\u00f3n agroalimentaria en Mont-roig del Camp, que se convertir\u00e1 en la futura sede del \u00e1rea de R+D+i agr\u00edcola del grupo. Con una inversi\u00f3n prevista de 50 millones de euros, este proyecto representa la mayor inversi\u00f3n en el sector hort\u00edcola catal\u00e1n.<\/p>\n<p>La empresa ya dio a conocer ayer los detalles del proyecto en un acto presidido por el conseller de Empresa i Treball, Miquel S\u00e0mper, y por el alcalde del municipio, Fran Morancho, con la presencia tambi\u00e9n de la secretaria general de Agricultura, Ramaderia, Pesca i Alimentaci\u00f3, Cristina Massot. Ahora, este nuevo encuentro busca ofrecer a la ciudadan\u00eda informaci\u00f3n detallada sobre la iniciativa y resolver cualquier duda al respecto.<\/p>\n","protected":false},"excerpt":{"rendered":"<p>El acto tendr\u00e1 lugar el pr\u00f3ximo mi\u00e9rcoles 26 de febrero a las 19 h y contar\u00e1 con la presencia de los responsables de la empresa y del alcalde de Mont-roig del Camp, Fran Morancho. En un ejercicio de transparencia y compromiso con la ciudadan\u00eda, Grup Ametller Origen presentar\u00e1 este mi\u00e9rcoles 26 de febrero a las [&hellip;]<\/p>\n","protected":false},"author":13,"featured_media":80934,"comment_status":"closed","ping_status":"closed","sticky":false,"template":"","format":"standard","meta":{"inline_featured_image":false,"_monsterinsights_skip_tracking":false,"_monsterinsights_sitenote_active":false,"_monsterinsights_sitenote_note":"","_monsterinsights_sitenote_category":0,"footnotes":""},"categories":[156,98,169],"tags":[],"class_list":["post-80938","post","type-post","status-publish","format-standard","has-post-thumbnail","hentry","category-alcalde-es","category-ayuntamiento","category-impuls-economic-i-ocupacio-es"],"yoast_head":"<!-- This site is optimized with the Yoast SEO plugin v27.4 - https:\/\/yoast.com\/product\/yoast-seo-wordpress\/ -->\n<title>Ametller Origen presenta a la ciudadan\u00eda su proyecto en un acto en el Centre Polivalent de Miami Platja - Ajuntament de Mont-roig del Camp<\/title>\n<meta name=\"robots\" content=\"index, follow, max-snippet:-1, max-image-preview:large, max-video-preview:-1\" \/>\n<link rel=\"canonical\" href=\"https:\/\/mont-roig.cat\/es\/actualitat\/noticies\/ametller-origen-presenta-a-la-ciutadania-el-seu-projecte-en-un-acte-al-centre-polivalent-de-miami-platja\/\" \/>\n<meta property=\"og:locale\" content=\"es_ES\" \/>\n<meta property=\"og:type\" content=\"article\" \/>\n<meta property=\"og:title\" content=\"Ametller Origen presenta a la ciudadan\u00eda su proyecto en un acto en el Centre Polivalent de Miami Platja - Ajuntament de Mont-roig del Camp\" \/>\n<meta property=\"og:description\" content=\"El acto tendr\u00e1 lugar el pr\u00f3ximo mi\u00e9rcoles 26 de febrero a las 19 h y contar\u00e1 con la presencia de los responsables de la empresa y del alcalde de Mont-roig del Camp, Fran Morancho. En un ejercicio de transparencia y compromiso con la ciudadan\u00eda, Grup Ametller Origen presentar\u00e1 este mi\u00e9rcoles 26 de febrero a las [&hellip;]\" \/>\n<meta property=\"og:url\" content=\"https:\/\/mont-roig.cat\/es\/actualitat\/noticies\/ametller-origen-presenta-a-la-ciutadania-el-seu-projecte-en-un-acte-al-centre-polivalent-de-miami-platja\/\" \/>\n<meta property=\"og:site_name\" content=\"Ajuntament de Mont-roig del Camp\" \/>\n<meta property=\"article:published_time\" content=\"2025-02-20T12:30:53+00:00\" \/>\n<meta property=\"article:modified_time\" content=\"2025-02-20T13:06:08+00:00\" \/>\n<meta property=\"og:image\" content=\"https:\/\/mont-roig.cat\/wp-content\/uploads\/ametller.jpeg\" \/>\n\t<meta property=\"og:image:width\" content=\"526\" \/>\n\t<meta property=\"og:image:height\" content=\"742\" \/>\n\t<meta property=\"og:image:type\" content=\"image\/jpeg\" \/>\n<meta name=\"author\" content=\"comunicacio\" \/>\n<meta name=\"twitter:card\" content=\"summary_large_image\" \/>\n<meta name=\"twitter:label1\" content=\"Escrito por\" \/>\n\t<meta name=\"twitter:data1\" content=\"comunicacio\" \/>\n\t<meta name=\"twitter:label2\" content=\"Tiempo de lectura\" \/>\n\t<meta name=\"twitter:data2\" content=\"2 minutos\" \/>\n<script type=\"application\/ld+json\" class=\"yoast-schema-graph\">{\"@context\":\"https:\\\/\\\/schema.org\",\"@graph\":[{\"@type\":\"Article\",\"@id\":\"https:\\\/\\\/mont-roig.cat\\\/es\\\/actualitat\\\/noticies\\\/ametller-origen-presenta-a-la-ciutadania-el-seu-projecte-en-un-acte-al-centre-polivalent-de-miami-platja\\\/#article\",\"isPartOf\":{\"@id\":\"https:\\\/\\\/mont-roig.cat\\\/es\\\/actualitat\\\/noticies\\\/ametller-origen-presenta-a-la-ciutadania-el-seu-projecte-en-un-acte-al-centre-polivalent-de-miami-platja\\\/\"},\"author\":{\"name\":\"comunicacio\",\"@id\":\"https:\\\/\\\/mont-roig.cat\\\/es\\\/#\\\/schema\\\/person\\\/1f73e7b5e6f9dd122e8a6f14f310ac5e\"},\"headline\":\"Ametller Origen presenta a la ciudadan\u00eda su proyecto en un acto en el Centre Polivalent de Miami Platja\",\"datePublished\":\"2025-02-20T12:30:53+00:00\",\"dateModified\":\"2025-02-20T13:06:08+00:00\",\"mainEntityOfPage\":{\"@id\":\"https:\\\/\\\/mont-roig.cat\\\/es\\\/actualitat\\\/noticies\\\/ametller-origen-presenta-a-la-ciutadania-el-seu-projecte-en-un-acte-al-centre-polivalent-de-miami-platja\\\/\"},\"wordCount\":256,\"image\":{\"@id\":\"https:\\\/\\\/mont-roig.cat\\\/es\\\/actualitat\\\/noticies\\\/ametller-origen-presenta-a-la-ciutadania-el-seu-projecte-en-un-acte-al-centre-polivalent-de-miami-platja\\\/#primaryimage\"},\"thumbnailUrl\":\"https:\\\/\\\/mont-roig.cat\\\/wp-content\\\/uploads\\\/ametller.jpeg\",\"articleSection\":[\"Alcalde\",\"Ayuntamiento\",\"Impuls Econ\u00f2mic i Ocupaci\u00f3\"],\"inLanguage\":\"es\"},{\"@type\":\"WebPage\",\"@id\":\"https:\\\/\\\/mont-roig.cat\\\/es\\\/actualitat\\\/noticies\\\/ametller-origen-presenta-a-la-ciutadania-el-seu-projecte-en-un-acte-al-centre-polivalent-de-miami-platja\\\/\",\"url\":\"https:\\\/\\\/mont-roig.cat\\\/es\\\/actualitat\\\/noticies\\\/ametller-origen-presenta-a-la-ciutadania-el-seu-projecte-en-un-acte-al-centre-polivalent-de-miami-platja\\\/\",\"name\":\"Ametller Origen presenta a la ciudadan\u00eda su proyecto en un acto en el Centre Polivalent de Miami Platja - Ajuntament de Mont-roig del Camp\",\"isPartOf\":{\"@id\":\"https:\\\/\\\/mont-roig.cat\\\/es\\\/#website\"},\"primaryImageOfPage\":{\"@id\":\"https:\\\/\\\/mont-roig.cat\\\/es\\\/actualitat\\\/noticies\\\/ametller-origen-presenta-a-la-ciutadania-el-seu-projecte-en-un-acte-al-centre-polivalent-de-miami-platja\\\/#primaryimage\"},\"image\":{\"@id\":\"https:\\\/\\\/mont-roig.cat\\\/es\\\/actualitat\\\/noticies\\\/ametller-origen-presenta-a-la-ciutadania-el-seu-projecte-en-un-acte-al-centre-polivalent-de-miami-platja\\\/#primaryimage\"},\"thumbnailUrl\":\"https:\\\/\\\/mont-roig.cat\\\/wp-content\\\/uploads\\\/ametller.jpeg\",\"datePublished\":\"2025-02-20T12:30:53+00:00\",\"dateModified\":\"2025-02-20T13:06:08+00:00\",\"author\":{\"@id\":\"https:\\\/\\\/mont-roig.cat\\\/es\\\/#\\\/schema\\\/person\\\/1f73e7b5e6f9dd122e8a6f14f310ac5e\"},\"breadcrumb\":{\"@id\":\"https:\\\/\\\/mont-roig.cat\\\/es\\\/actualitat\\\/noticies\\\/ametller-origen-presenta-a-la-ciutadania-el-seu-projecte-en-un-acte-al-centre-polivalent-de-miami-platja\\\/#breadcrumb\"},\"inLanguage\":\"es\",\"potentialAction\":[{\"@type\":\"ReadAction\",\"target\":[\"https:\\\/\\\/mont-roig.cat\\\/es\\\/actualitat\\\/noticies\\\/ametller-origen-presenta-a-la-ciutadania-el-seu-projecte-en-un-acte-al-centre-polivalent-de-miami-platja\\\/\"]}]},{\"@type\":\"ImageObject\",\"inLanguage\":\"es\",\"@id\":\"https:\\\/\\\/mont-roig.cat\\\/es\\\/actualitat\\\/noticies\\\/ametller-origen-presenta-a-la-ciutadania-el-seu-projecte-en-un-acte-al-centre-polivalent-de-miami-platja\\\/#primaryimage\",\"url\":\"https:\\\/\\\/mont-roig.cat\\\/wp-content\\\/uploads\\\/ametller.jpeg\",\"contentUrl\":\"https:\\\/\\\/mont-roig.cat\\\/wp-content\\\/uploads\\\/ametller.jpeg\",\"width\":526,\"height\":742},{\"@type\":\"BreadcrumbList\",\"@id\":\"https:\\\/\\\/mont-roig.cat\\\/es\\\/actualitat\\\/noticies\\\/ametller-origen-presenta-a-la-ciutadania-el-seu-projecte-en-un-acte-al-centre-polivalent-de-miami-platja\\\/#breadcrumb\",\"itemListElement\":[{\"@type\":\"ListItem\",\"position\":1,\"name\":\"Inici\",\"item\":\"https:\\\/\\\/mont-roig.cat\\\/es\\\/pagina-de-inicio\\\/\"},{\"@type\":\"ListItem\",\"position\":2,\"name\":\"Ametller Origen presenta a la ciudadan\u00eda su proyecto en un acto en el Centre Polivalent de Miami Platja\"}]},{\"@type\":\"WebSite\",\"@id\":\"https:\\\/\\\/mont-roig.cat\\\/es\\\/#website\",\"url\":\"https:\\\/\\\/mont-roig.cat\\\/es\\\/\",\"name\":\"Ajuntament de Mont-roig del Camp\",\"description\":\"Tota la informaci\u00f3 sobre la instituci\u00f3, els seus \u00f2rgans de govern, actualitat, serveis i molt m\u00e9s.\",\"potentialAction\":[{\"@type\":\"SearchAction\",\"target\":{\"@type\":\"EntryPoint\",\"urlTemplate\":\"https:\\\/\\\/mont-roig.cat\\\/es\\\/?s={search_term_string}\"},\"query-input\":{\"@type\":\"PropertyValueSpecification\",\"valueRequired\":true,\"valueName\":\"search_term_string\"}}],\"inLanguage\":\"es\"},{\"@type\":\"Person\",\"@id\":\"https:\\\/\\\/mont-roig.cat\\\/es\\\/#\\\/schema\\\/person\\\/1f73e7b5e6f9dd122e8a6f14f310ac5e\",\"name\":\"comunicacio\",\"image\":{\"@type\":\"ImageObject\",\"inLanguage\":\"es\",\"@id\":\"https:\\\/\\\/secure.gravatar.com\\\/avatar\\\/98944333e7a877670a64f8d10f0cb680ab2c9ebc4efc43945ef004b52b5ad28c?s=96&d=mm&r=g\",\"url\":\"https:\\\/\\\/secure.gravatar.com\\\/avatar\\\/98944333e7a877670a64f8d10f0cb680ab2c9ebc4efc43945ef004b52b5ad28c?s=96&d=mm&r=g\",\"contentUrl\":\"https:\\\/\\\/secure.gravatar.com\\\/avatar\\\/98944333e7a877670a64f8d10f0cb680ab2c9ebc4efc43945ef004b52b5ad28c?s=96&d=mm&r=g\",\"caption\":\"comunicacio\"},\"url\":\"https:\\\/\\\/mont-roig.cat\\\/es\\\/actualitat\\\/noticies\\\/author\\\/comunicacio\\\/\"}]}<\/script>\n<!-- \/ Yoast SEO plugin. -->","yoast_head_json":{"title":"Ametller Origen presenta a la ciudadan\u00eda su proyecto en un acto en el Centre Polivalent de Miami Platja - Ajuntament de Mont-roig del Camp","robots":{"index":"index","follow":"follow","max-snippet":"max-snippet:-1","max-image-preview":"max-image-preview:large","max-video-preview":"max-video-preview:-1"},"canonical":"https:\/\/mont-roig.cat\/es\/actualitat\/noticies\/ametller-origen-presenta-a-la-ciutadania-el-seu-projecte-en-un-acte-al-centre-polivalent-de-miami-platja\/","og_locale":"es_ES","og_type":"article","og_title":"Ametller Origen presenta a la ciudadan\u00eda su proyecto en un acto en el Centre Polivalent de Miami Platja - Ajuntament de Mont-roig del Camp","og_description":"El acto tendr\u00e1 lugar el pr\u00f3ximo mi\u00e9rcoles 26 de febrero a las 19 h y contar\u00e1 con la presencia de los responsables de la empresa y del alcalde de Mont-roig del Camp, Fran Morancho. En un ejercicio de transparencia y compromiso con la ciudadan\u00eda, Grup Ametller Origen presentar\u00e1 este mi\u00e9rcoles 26 de febrero a las [&hellip;]","og_url":"https:\/\/mont-roig.cat\/es\/actualitat\/noticies\/ametller-origen-presenta-a-la-ciutadania-el-seu-projecte-en-un-acte-al-centre-polivalent-de-miami-platja\/","og_site_name":"Ajuntament de Mont-roig del Camp","article_published_time":"2025-02-20T12:30:53+00:00","article_modified_time":"2025-02-20T13:06:08+00:00","og_image":[{"width":526,"height":742,"url":"https:\/\/mont-roig.cat\/wp-content\/uploads\/ametller.jpeg","type":"image\/jpeg"}],"author":"comunicacio","twitter_card":"summary_large_image","twitter_misc":{"Escrito por":"comunicacio","Tiempo de lectura":"2 minutos"},"schema":{"@context":"https:\/\/schema.org","@graph":[{"@type":"Article","@id":"https:\/\/mont-roig.cat\/es\/actualitat\/noticies\/ametller-origen-presenta-a-la-ciutadania-el-seu-projecte-en-un-acte-al-centre-polivalent-de-miami-platja\/#article","isPartOf":{"@id":"https:\/\/mont-roig.cat\/es\/actualitat\/noticies\/ametller-origen-presenta-a-la-ciutadania-el-seu-projecte-en-un-acte-al-centre-polivalent-de-miami-platja\/"},"author":{"name":"comunicacio","@id":"https:\/\/mont-roig.cat\/es\/#\/schema\/person\/1f73e7b5e6f9dd122e8a6f14f310ac5e"},"headline":"Ametller Origen presenta a la ciudadan\u00eda su proyecto en un acto en el Centre Polivalent de Miami Platja","datePublished":"2025-02-20T12:30:53+00:00","dateModified":"2025-02-20T13:06:08+00:00","mainEntityOfPage":{"@id":"https:\/\/mont-roig.cat\/es\/actualitat\/noticies\/ametller-origen-presenta-a-la-ciutadania-el-seu-projecte-en-un-acte-al-centre-polivalent-de-miami-platja\/"},"wordCount":256,"image":{"@id":"https:\/\/mont-roig.cat\/es\/actualitat\/noticies\/ametller-origen-presenta-a-la-ciutadania-el-seu-projecte-en-un-acte-al-centre-polivalent-de-miami-platja\/#primaryimage"},"thumbnailUrl":"https:\/\/mont-roig.cat\/wp-content\/uploads\/ametller.jpeg","articleSection":["Alcalde","Ayuntamiento","Impuls Econ\u00f2mic i Ocupaci\u00f3"],"inLanguage":"es"},{"@type":"WebPage","@id":"https:\/\/mont-roig.cat\/es\/actualitat\/noticies\/ametller-origen-presenta-a-la-ciutadania-el-seu-projecte-en-un-acte-al-centre-polivalent-de-miami-platja\/","url":"https:\/\/mont-roig.cat\/es\/actualitat\/noticies\/ametller-origen-presenta-a-la-ciutadania-el-seu-projecte-en-un-acte-al-centre-polivalent-de-miami-platja\/","name":"Ametller Origen presenta a la ciudadan\u00eda su proyecto en un acto en el Centre Polivalent de Miami Platja - Ajuntament de Mont-roig del Camp","isPartOf":{"@id":"https:\/\/mont-roig.cat\/es\/#website"},"primaryImageOfPage":{"@id":"https:\/\/mont-roig.cat\/es\/actualitat\/noticies\/ametller-origen-presenta-a-la-ciutadania-el-seu-projecte-en-un-acte-al-centre-polivalent-de-miami-platja\/#primaryimage"},"image":{"@id":"https:\/\/mont-roig.cat\/es\/actualitat\/noticies\/ametller-origen-presenta-a-la-ciutadania-el-seu-projecte-en-un-acte-al-centre-polivalent-de-miami-platja\/#primaryimage"},"thumbnailUrl":"https:\/\/mont-roig.cat\/wp-content\/uploads\/ametller.jpeg","datePublished":"2025-02-20T12:30:53+00:00","dateModified":"2025-02-20T13:06:08+00:00","author":{"@id":"https:\/\/mont-roig.cat\/es\/#\/schema\/person\/1f73e7b5e6f9dd122e8a6f14f310ac5e"},"breadcrumb":{"@id":"https:\/\/mont-roig.cat\/es\/actualitat\/noticies\/ametller-origen-presenta-a-la-ciutadania-el-seu-projecte-en-un-acte-al-centre-polivalent-de-miami-platja\/#breadcrumb"},"inLanguage":"es","potentialAction":[{"@type":"ReadAction","target":["https:\/\/mont-roig.cat\/es\/actualitat\/noticies\/ametller-origen-presenta-a-la-ciutadania-el-seu-projecte-en-un-acte-al-centre-polivalent-de-miami-platja\/"]}]},{"@type":"ImageObject","inLanguage":"es","@id":"https:\/\/mont-roig.cat\/es\/actualitat\/noticies\/ametller-origen-presenta-a-la-ciutadania-el-seu-projecte-en-un-acte-al-centre-polivalent-de-miami-platja\/#primaryimage","url":"https:\/\/mont-roig.cat\/wp-content\/uploads\/ametller.jpeg","contentUrl":"https:\/\/mont-roig.cat\/wp-content\/uploads\/ametller.jpeg","width":526,"height":742},{"@type":"BreadcrumbList","@id":"https:\/\/mont-roig.cat\/es\/actualitat\/noticies\/ametller-origen-presenta-a-la-ciutadania-el-seu-projecte-en-un-acte-al-centre-polivalent-de-miami-platja\/#breadcrumb","itemListElement":[{"@type":"ListItem","position":1,"name":"Inici","item":"https:\/\/mont-roig.cat\/es\/pagina-de-inicio\/"},{"@type":"ListItem","position":2,"name":"Ametller Origen presenta a la ciudadan\u00eda su proyecto en un acto en el Centre Polivalent de Miami Platja"}]},{"@type":"WebSite","@id":"https:\/\/mont-roig.cat\/es\/#website","url":"https:\/\/mont-roig.cat\/es\/","name":"Ajuntament de Mont-roig del Camp","description":"Tota la informaci\u00f3 sobre la instituci\u00f3, els seus \u00f2rgans de govern, actualitat, serveis i molt m\u00e9s.","potentialAction":[{"@type":"SearchAction","target":{"@type":"EntryPoint","urlTemplate":"https:\/\/mont-roig.cat\/es\/?s={search_term_string}"},"query-input":{"@type":"PropertyValueSpecification","valueRequired":true,"valueName":"search_term_string"}}],"inLanguage":"es"},{"@type":"Person","@id":"https:\/\/mont-roig.cat\/es\/#\/schema\/person\/1f73e7b5e6f9dd122e8a6f14f310ac5e","name":"comunicacio","image":{"@type":"ImageObject","inLanguage":"es","@id":"https:\/\/secure.gravatar.com\/avatar\/98944333e7a877670a64f8d10f0cb680ab2c9ebc4efc43945ef004b52b5ad28c?s=96&d=mm&r=g","url":"https:\/\/secure.gravatar.com\/avatar\/98944333e7a877670a64f8d10f0cb680ab2c9ebc4efc43945ef004b52b5ad28c?s=96&d=mm&r=g","contentUrl":"https:\/\/secure.gravatar.com\/avatar\/98944333e7a877670a64f8d10f0cb680ab2c9ebc4efc43945ef004b52b5ad28c?s=96&d=mm&r=g","caption":"comunicacio"},"url":"https:\/\/mont-roig.cat\/es\/actualitat\/noticies\/author\/comunicacio\/"}]}},"_links":{"self":[{"href":"https:\/\/mont-roig.cat\/es\/wp-json\/wp\/v2\/posts\/80938","targetHints":{"allow":["GET"]}}],"collection":[{"href":"https:\/\/mont-roig.cat\/es\/wp-json\/wp\/v2\/posts"}],"about":[{"href":"https:\/\/mont-roig.cat\/es\/wp-json\/wp\/v2\/types\/post"}],"author":[{"embeddable":true,"href":"https:\/\/mont-roig.cat\/es\/wp-json\/wp\/v2\/users\/13"}],"replies":[{"embeddable":true,"href":"https:\/\/mont-roig.cat\/es\/wp-json\/wp\/v2\/comments?post=80938"}],"version-history":[{"count":2,"href":"https:\/\/mont-roig.cat\/es\/wp-json\/wp\/v2\/posts\/80938\/revisions"}],"predecessor-version":[{"id":80940,"href":"https:\/\/mont-roig.cat\/es\/wp-json\/wp\/v2\/posts\/80938\/revisions\/80940"}],"wp:featuredmedia":[{"embeddable":true,"href":"https:\/\/mont-roig.cat\/es\/wp-json\/wp\/v2\/media\/80934"}],"wp:attachment":[{"href":"https:\/\/mont-roig.cat\/es\/wp-json\/wp\/v2\/media?parent=80938"}],"wp:term":[{"taxonomy":"category","embeddable":true,"href":"https:\/\/mont-roig.cat\/es\/wp-json\/wp\/v2\/categories?post=80938"},{"taxonomy":"post_tag","embeddable":true,"href":"https:\/\/mont-roig.cat\/es\/wp-json\/wp\/v2\/tags?post=80938"}],"curies":[{"name":"wp","href":"https:\/\/api.w.org\/{rel}","templated":true}]}}