{"id":81235,"date":"2025-03-10T14:09:35","date_gmt":"2025-03-10T13:09:35","guid":{"rendered":"https:\/\/mont-roig.cat\/?p=81235"},"modified":"2025-03-21T10:01:28","modified_gmt":"2025-03-21T09:01:28","slug":"miami-platja-se-prepara-para-celebrar-las-fiestas-de-sant-josep-de-2025-con-un-programa-lleno-de-talento-femenino","status":"publish","type":"post","link":"https:\/\/mont-roig.cat\/es\/actualitat\/noticies\/miami-platja-se-prepara-para-celebrar-las-fiestas-de-sant-josep-de-2025-con-un-programa-lleno-de-talento-femenino\/","title":{"rendered":"Miami Platja se prepara para celebrar las Fiestas de Sant Josep de 2025 con un programa lleno de talento femenino"},"content":{"rendered":"<ul>\n<li><strong><a href=\"https:\/\/mont-roig.cat\/wp-content\/uploads\/MMF_SANT_JOSEP_25_CARTELL_web-2.png\"><img loading=\"lazy\" decoding=\"async\" class=\"alignright wp-image-81230\" src=\"https:\/\/mont-roig.cat\/wp-content\/uploads\/MMF_SANT_JOSEP_25_CARTELL_web-2-354x500.png\" alt=\"\" width=\"212\" height=\"300\" srcset=\"https:\/\/mont-roig.cat\/wp-content\/uploads\/MMF_SANT_JOSEP_25_CARTELL_web-2-354x500.png 354w, https:\/\/mont-roig.cat\/wp-content\/uploads\/MMF_SANT_JOSEP_25_CARTELL_web-2-724x1024.png 724w, https:\/\/mont-roig.cat\/wp-content\/uploads\/MMF_SANT_JOSEP_25_CARTELL_web-2-768x1086.png 768w, https:\/\/mont-roig.cat\/wp-content\/uploads\/MMF_SANT_JOSEP_25_CARTELL_web-2-1086x1536.png 1086w, https:\/\/mont-roig.cat\/wp-content\/uploads\/MMF_SANT_JOSEP_25_CARTELL_web-2.png 1403w\" sizes=\"auto, (max-width: 212px) 100vw, 212px\" \/><\/a>Las propuestas encabezadas por mujeres dan forma a la programaci\u00f3n de las Fiestas de Sant Josep de 2025 en Miami Platja, que tendr\u00e1 lugar del 18 al 23 de marzo<\/strong><\/li>\n<li><strong>La celebraci\u00f3n de los 25 a\u00f1os de la m\u00fasica de la cantante Rebeka Brown, las colaboradoras del Late Show de Marc Gir\u00f3 Las Glorias, la actriz Maru Candel y la segunda jornada del arroz de Sant Josep son los actos m\u00e1s destacados<br \/>\n<\/strong><\/li>\n<\/ul>\n<p>El Ayuntamiento de Mont-roig del Camp ha anunciado que ya est\u00e1 todo preparado para la celebraci\u00f3n de la Fiesta Mayor de Sant Josep en Miami Platja, que tendr\u00e1 lugar del martes 18 al domingo 23 de marzo. Este a\u00f1o, el evento promete ser un gran \u00e9xito con una amplia gama de actividades que incluyen espect\u00e1culos musicales, el tradicional mon\u00f3logo, sesiones de DJ&#8217;s, actividades familiares y talleres, todo con la colaboraci\u00f3n de diversas entidades municipales.<\/p>\n<p><strong>Actividades previas a la Fiesta Mayor<\/strong><\/p>\n<p>Antes del inicio oficial de las fiestas, el s\u00e1bado 15 de marzo, los asistentes podr\u00e1n disfrutar de la actuaci\u00f3n con entrada gratuita de La Prenda Roja, un espect\u00e1culo que reivindica el flamenco y forma parte del Festival Les Perles de l&#8217;Accents. Adem\u00e1s, el domingo 16 de marzo, se llevar\u00e1 a cabo la inauguraci\u00f3n oficial del nuevo Paseo de las Calas, situado a la altura de la avenida Maria Cristina, con una fiesta que incluir\u00e1 charanga, vermut, mejillones y la actuaci\u00f3n del grupo Boomerang Cover Band.<\/p>\n<p><strong>Inicio de las Fiestas<\/strong><\/p>\n<p>El pistoletazo de salida de la Fiesta Mayor ser\u00e1 el martes 18 de marzo a las 19 h en el parque de les Oliveres, donde la empresaria local Maria Gl\u00f2ria Escot\u00e9 leer\u00e1 el preg\u00f3n de inicio de las fiestas. A continuaci\u00f3n, los asistentes podr\u00e1n disfrutar de la actuaci\u00f3n del coro rociero Arena del Camino, acompa\u00f1ada de torta y cava.<\/p>\n<p><strong>Espect\u00e1culos destacados<\/strong><\/p>\n<p>Como novedad de este a\u00f1o, se ha decidido destacar la figura de la mujer en el mundo art\u00edstico y el espect\u00e1culo. Todos los cabezas de cartel de estas fiestas de Sant Josep incluir\u00e1n propuestas femeninas destacadas. La actriz y cantante hispalense Maru Candel, que cuenta con m\u00e1s de 200.000 seguidores en las redes sociales, ser\u00e1 la encargada del tradicional mon\u00f3logo de Sant Josep, que tendr\u00e1 lugar la noche del viernes 21 de marzo. Las entradas se pueden adquirir a 10\u20ac en las oficinas de fiestas de 9 a 14h, oa 12\u20ac una hora antes del espect\u00e1culo en el polideportivo municipal.<\/p>\n<p>El s\u00e1bado 22 de marzo, la cantante Rebeka Brown celebrar\u00e1 sus 25 a\u00f1os en la m\u00fasica con su espect\u00e1culo Acoustic Session, donde repasar\u00e1 sus grandes logros. El acceso a esta actuaci\u00f3n es gratuito, pero es necesario realizar reserva de entrada a trav\u00e9s de <a href=\"http:\/\/www.entrapolis.com\" target=\"_blank\" rel=\"noopener\">www.entrapolis.com<\/a>.<\/p>\n<p>La clausura de las fiestas de Sant Josep ir\u00e1 a cargo de las colaboradoras del programa Late Show de Marc Gir\u00f3, Las Glorias, que presentar\u00e1n una obra de teatro para re\u00edr sin cesar. Para asistir, tambi\u00e9n ser\u00e1 necesario reservar entrada a trav\u00e9s de <a href=\"http:\/\/www.entrapolis.com\" target=\"_blank\" rel=\"noopener\">www.entrapolis.com<\/a>.<\/p>\n<p>Uno de los momentos m\u00e1s esperados ser\u00e1 el almuerzo popular con el Arrez de Sant Josep, que se celebrar\u00e1 en la plaza del Cincuentenario. Cada grupo, formado por un m\u00ednimo de 10 personas y un m\u00e1ximo de 20, deber\u00e1 preparar su versi\u00f3n del arroz utilizando como ingredientes b\u00e1sicos cal\u00e7ot y pulpo. Adem\u00e1s, aquellos que quieran participar individualmente sin grupo o grupo peque\u00f1o, podr\u00e1n degustar un plato de arroz realizado por restauradores a precio popular para disfrutar de esta jornada que tambi\u00e9n estar\u00e1 amenizada por el grupo Papa Canalla y con un taller de castillos a cargo de la colla castellera Xiquets de Cambrils. Puedes hacer la inscripci\u00f3n de tu grupo en <a href=\"http:\/\/www.entrapolis.com\" target=\"_blank\" rel=\"noopener\">www.entrapolis.com<\/a><\/p>\n<p>El p\u00fablico m\u00e1s joven y familiar, tambi\u00e9n tendr\u00e1n su espacio, con el Rollin\u2019 Fest, y las asociaciones locales tambi\u00e9n forman una parte importante de este programa de fiestas, con la exhibici\u00f3n de baile de: Amigos del Country, Country &amp; Line Dance Mont-roig Miami y el grupo de sevillanas Nuevos Aires de Miami.<\/p>\n<p>No te pierdas ning\u00fan acto, desc\u00e1rgate el programa entero en este <a href=\"https:\/\/mont-roig.cat\/wp-content\/uploads\/MMF_santjosep25_programa_WEB_ajornat.pdf\" target=\"_blank\" rel=\"noopener\">enlace.<\/a><\/p>\n","protected":false},"excerpt":{"rendered":"<p>Las propuestas encabezadas por mujeres dan forma a la programaci\u00f3n de las Fiestas de Sant Josep de 2025 en Miami Platja, que tendr\u00e1 lugar del 18 al 23 de marzo La celebraci\u00f3n de los 25 a\u00f1os de la m\u00fasica de la cantante Rebeka Brown, las colaboradoras del Late Show de Marc Gir\u00f3 Las Glorias, la [&hellip;]<\/p>\n","protected":false},"author":13,"featured_media":81237,"comment_status":"closed","ping_status":"closed","sticky":false,"template":"","format":"standard","meta":{"inline_featured_image":false,"_monsterinsights_skip_tracking":false,"_monsterinsights_sitenote_active":false,"_monsterinsights_sitenote_note":"","_monsterinsights_sitenote_category":0,"footnotes":""},"categories":[98,105],"tags":[],"class_list":["post-81235","post","type-post","status-publish","format-standard","has-post-thumbnail","hentry","category-ayuntamiento","category-fiestas"],"yoast_head":"<!-- This site is optimized with the Yoast SEO plugin v27.4 - https:\/\/yoast.com\/product\/yoast-seo-wordpress\/ -->\n<title>Miami Platja se prepara para celebrar las Fiestas de Sant Josep de 2025 con un programa lleno de talento femenino - Ajuntament de Mont-roig del Camp<\/title>\n<meta name=\"robots\" content=\"index, follow, max-snippet:-1, max-image-preview:large, max-video-preview:-1\" \/>\n<link rel=\"canonical\" href=\"https:\/\/mont-roig.cat\/es\/actualitat\/noticies\/miami-platja-se-prepara-para-celebrar-las-fiestas-de-sant-josep-de-2025-con-un-programa-lleno-de-talento-femenino\/\" \/>\n<meta property=\"og:locale\" content=\"es_ES\" \/>\n<meta property=\"og:type\" content=\"article\" \/>\n<meta property=\"og:title\" content=\"Miami Platja se prepara para celebrar las Fiestas de Sant Josep de 2025 con un programa lleno de talento femenino - Ajuntament de Mont-roig del Camp\" \/>\n<meta property=\"og:description\" content=\"Las propuestas encabezadas por mujeres dan forma a la programaci\u00f3n de las Fiestas de Sant Josep de 2025 en Miami Platja, que tendr\u00e1 lugar del 18 al 23 de marzo La celebraci\u00f3n de los 25 a\u00f1os de la m\u00fasica de la cantante Rebeka Brown, las colaboradoras del Late Show de Marc Gir\u00f3 Las Glorias, la [&hellip;]\" \/>\n<meta property=\"og:url\" content=\"https:\/\/mont-roig.cat\/es\/actualitat\/noticies\/miami-platja-se-prepara-para-celebrar-las-fiestas-de-sant-josep-de-2025-con-un-programa-lleno-de-talento-femenino\/\" \/>\n<meta property=\"og:site_name\" content=\"Ajuntament de Mont-roig del Camp\" \/>\n<meta property=\"article:published_time\" content=\"2025-03-10T13:09:35+00:00\" \/>\n<meta property=\"article:modified_time\" content=\"2025-03-21T09:01:28+00:00\" \/>\n<meta property=\"og:image\" content=\"https:\/\/mont-roig.cat\/wp-content\/uploads\/MMF_SANT_JOSEP_25_CARTELL_web-3.png\" \/>\n\t<meta property=\"og:image:width\" content=\"1403\" \/>\n\t<meta property=\"og:image:height\" content=\"1984\" \/>\n\t<meta property=\"og:image:type\" content=\"image\/png\" \/>\n<meta name=\"author\" content=\"comunicacio\" \/>\n<meta name=\"twitter:card\" content=\"summary_large_image\" \/>\n<meta name=\"twitter:label1\" content=\"Escrito por\" \/>\n\t<meta name=\"twitter:data1\" content=\"comunicacio\" \/>\n\t<meta name=\"twitter:label2\" content=\"Tiempo de lectura\" \/>\n\t<meta name=\"twitter:data2\" content=\"5 minutos\" \/>\n<script type=\"application\/ld+json\" class=\"yoast-schema-graph\">{\"@context\":\"https:\\\/\\\/schema.org\",\"@graph\":[{\"@type\":\"Article\",\"@id\":\"https:\\\/\\\/mont-roig.cat\\\/es\\\/actualitat\\\/noticies\\\/miami-platja-se-prepara-para-celebrar-las-fiestas-de-sant-josep-de-2025-con-un-programa-lleno-de-talento-femenino\\\/#article\",\"isPartOf\":{\"@id\":\"https:\\\/\\\/mont-roig.cat\\\/es\\\/actualitat\\\/noticies\\\/miami-platja-se-prepara-para-celebrar-las-fiestas-de-sant-josep-de-2025-con-un-programa-lleno-de-talento-femenino\\\/\"},\"author\":{\"name\":\"comunicacio\",\"@id\":\"https:\\\/\\\/mont-roig.cat\\\/es\\\/#\\\/schema\\\/person\\\/1f73e7b5e6f9dd122e8a6f14f310ac5e\"},\"headline\":\"Miami Platja se prepara para celebrar las Fiestas de Sant Josep de 2025 con un programa lleno de talento femenino\",\"datePublished\":\"2025-03-10T13:09:35+00:00\",\"dateModified\":\"2025-03-21T09:01:28+00:00\",\"mainEntityOfPage\":{\"@id\":\"https:\\\/\\\/mont-roig.cat\\\/es\\\/actualitat\\\/noticies\\\/miami-platja-se-prepara-para-celebrar-las-fiestas-de-sant-josep-de-2025-con-un-programa-lleno-de-talento-femenino\\\/\"},\"wordCount\":732,\"image\":{\"@id\":\"https:\\\/\\\/mont-roig.cat\\\/es\\\/actualitat\\\/noticies\\\/miami-platja-se-prepara-para-celebrar-las-fiestas-de-sant-josep-de-2025-con-un-programa-lleno-de-talento-femenino\\\/#primaryimage\"},\"thumbnailUrl\":\"https:\\\/\\\/mont-roig.cat\\\/wp-content\\\/uploads\\\/MMF_SANT_JOSEP_25_CARTELL_web-3.png\",\"articleSection\":[\"Ayuntamiento\",\"Festes\"],\"inLanguage\":\"es\"},{\"@type\":\"WebPage\",\"@id\":\"https:\\\/\\\/mont-roig.cat\\\/es\\\/actualitat\\\/noticies\\\/miami-platja-se-prepara-para-celebrar-las-fiestas-de-sant-josep-de-2025-con-un-programa-lleno-de-talento-femenino\\\/\",\"url\":\"https:\\\/\\\/mont-roig.cat\\\/es\\\/actualitat\\\/noticies\\\/miami-platja-se-prepara-para-celebrar-las-fiestas-de-sant-josep-de-2025-con-un-programa-lleno-de-talento-femenino\\\/\",\"name\":\"Miami Platja se prepara para celebrar las Fiestas de Sant Josep de 2025 con un programa lleno de talento femenino - Ajuntament de Mont-roig del Camp\",\"isPartOf\":{\"@id\":\"https:\\\/\\\/mont-roig.cat\\\/es\\\/#website\"},\"primaryImageOfPage\":{\"@id\":\"https:\\\/\\\/mont-roig.cat\\\/es\\\/actualitat\\\/noticies\\\/miami-platja-se-prepara-para-celebrar-las-fiestas-de-sant-josep-de-2025-con-un-programa-lleno-de-talento-femenino\\\/#primaryimage\"},\"image\":{\"@id\":\"https:\\\/\\\/mont-roig.cat\\\/es\\\/actualitat\\\/noticies\\\/miami-platja-se-prepara-para-celebrar-las-fiestas-de-sant-josep-de-2025-con-un-programa-lleno-de-talento-femenino\\\/#primaryimage\"},\"thumbnailUrl\":\"https:\\\/\\\/mont-roig.cat\\\/wp-content\\\/uploads\\\/MMF_SANT_JOSEP_25_CARTELL_web-3.png\",\"datePublished\":\"2025-03-10T13:09:35+00:00\",\"dateModified\":\"2025-03-21T09:01:28+00:00\",\"author\":{\"@id\":\"https:\\\/\\\/mont-roig.cat\\\/es\\\/#\\\/schema\\\/person\\\/1f73e7b5e6f9dd122e8a6f14f310ac5e\"},\"breadcrumb\":{\"@id\":\"https:\\\/\\\/mont-roig.cat\\\/es\\\/actualitat\\\/noticies\\\/miami-platja-se-prepara-para-celebrar-las-fiestas-de-sant-josep-de-2025-con-un-programa-lleno-de-talento-femenino\\\/#breadcrumb\"},\"inLanguage\":\"es\",\"potentialAction\":[{\"@type\":\"ReadAction\",\"target\":[\"https:\\\/\\\/mont-roig.cat\\\/es\\\/actualitat\\\/noticies\\\/miami-platja-se-prepara-para-celebrar-las-fiestas-de-sant-josep-de-2025-con-un-programa-lleno-de-talento-femenino\\\/\"]}]},{\"@type\":\"ImageObject\",\"inLanguage\":\"es\",\"@id\":\"https:\\\/\\\/mont-roig.cat\\\/es\\\/actualitat\\\/noticies\\\/miami-platja-se-prepara-para-celebrar-las-fiestas-de-sant-josep-de-2025-con-un-programa-lleno-de-talento-femenino\\\/#primaryimage\",\"url\":\"https:\\\/\\\/mont-roig.cat\\\/wp-content\\\/uploads\\\/MMF_SANT_JOSEP_25_CARTELL_web-3.png\",\"contentUrl\":\"https:\\\/\\\/mont-roig.cat\\\/wp-content\\\/uploads\\\/MMF_SANT_JOSEP_25_CARTELL_web-3.png\",\"width\":1403,\"height\":1984},{\"@type\":\"BreadcrumbList\",\"@id\":\"https:\\\/\\\/mont-roig.cat\\\/es\\\/actualitat\\\/noticies\\\/miami-platja-se-prepara-para-celebrar-las-fiestas-de-sant-josep-de-2025-con-un-programa-lleno-de-talento-femenino\\\/#breadcrumb\",\"itemListElement\":[{\"@type\":\"ListItem\",\"position\":1,\"name\":\"Inici\",\"item\":\"https:\\\/\\\/mont-roig.cat\\\/es\\\/pagina-de-inicio\\\/\"},{\"@type\":\"ListItem\",\"position\":2,\"name\":\"Miami Platja se prepara para celebrar las Fiestas de Sant Josep de 2025 con un programa lleno de talento femenino\"}]},{\"@type\":\"WebSite\",\"@id\":\"https:\\\/\\\/mont-roig.cat\\\/es\\\/#website\",\"url\":\"https:\\\/\\\/mont-roig.cat\\\/es\\\/\",\"name\":\"Ajuntament de Mont-roig del Camp\",\"description\":\"Tota la informaci\u00f3 sobre la instituci\u00f3, els seus \u00f2rgans de govern, actualitat, serveis i molt m\u00e9s.\",\"potentialAction\":[{\"@type\":\"SearchAction\",\"target\":{\"@type\":\"EntryPoint\",\"urlTemplate\":\"https:\\\/\\\/mont-roig.cat\\\/es\\\/?s={search_term_string}\"},\"query-input\":{\"@type\":\"PropertyValueSpecification\",\"valueRequired\":true,\"valueName\":\"search_term_string\"}}],\"inLanguage\":\"es\"},{\"@type\":\"Person\",\"@id\":\"https:\\\/\\\/mont-roig.cat\\\/es\\\/#\\\/schema\\\/person\\\/1f73e7b5e6f9dd122e8a6f14f310ac5e\",\"name\":\"comunicacio\",\"image\":{\"@type\":\"ImageObject\",\"inLanguage\":\"es\",\"@id\":\"https:\\\/\\\/secure.gravatar.com\\\/avatar\\\/98944333e7a877670a64f8d10f0cb680ab2c9ebc4efc43945ef004b52b5ad28c?s=96&d=mm&r=g\",\"url\":\"https:\\\/\\\/secure.gravatar.com\\\/avatar\\\/98944333e7a877670a64f8d10f0cb680ab2c9ebc4efc43945ef004b52b5ad28c?s=96&d=mm&r=g\",\"contentUrl\":\"https:\\\/\\\/secure.gravatar.com\\\/avatar\\\/98944333e7a877670a64f8d10f0cb680ab2c9ebc4efc43945ef004b52b5ad28c?s=96&d=mm&r=g\",\"caption\":\"comunicacio\"},\"url\":\"https:\\\/\\\/mont-roig.cat\\\/es\\\/actualitat\\\/noticies\\\/author\\\/comunicacio\\\/\"}]}<\/script>\n<!-- \/ Yoast SEO plugin. -->","yoast_head_json":{"title":"Miami Platja se prepara para celebrar las Fiestas de Sant Josep de 2025 con un programa lleno de talento femenino - Ajuntament de Mont-roig del Camp","robots":{"index":"index","follow":"follow","max-snippet":"max-snippet:-1","max-image-preview":"max-image-preview:large","max-video-preview":"max-video-preview:-1"},"canonical":"https:\/\/mont-roig.cat\/es\/actualitat\/noticies\/miami-platja-se-prepara-para-celebrar-las-fiestas-de-sant-josep-de-2025-con-un-programa-lleno-de-talento-femenino\/","og_locale":"es_ES","og_type":"article","og_title":"Miami Platja se prepara para celebrar las Fiestas de Sant Josep de 2025 con un programa lleno de talento femenino - Ajuntament de Mont-roig del Camp","og_description":"Las propuestas encabezadas por mujeres dan forma a la programaci\u00f3n de las Fiestas de Sant Josep de 2025 en Miami Platja, que tendr\u00e1 lugar del 18 al 23 de marzo La celebraci\u00f3n de los 25 a\u00f1os de la m\u00fasica de la cantante Rebeka Brown, las colaboradoras del Late Show de Marc Gir\u00f3 Las Glorias, la [&hellip;]","og_url":"https:\/\/mont-roig.cat\/es\/actualitat\/noticies\/miami-platja-se-prepara-para-celebrar-las-fiestas-de-sant-josep-de-2025-con-un-programa-lleno-de-talento-femenino\/","og_site_name":"Ajuntament de Mont-roig del Camp","article_published_time":"2025-03-10T13:09:35+00:00","article_modified_time":"2025-03-21T09:01:28+00:00","og_image":[{"width":1403,"height":1984,"url":"https:\/\/mont-roig.cat\/wp-content\/uploads\/MMF_SANT_JOSEP_25_CARTELL_web-3.png","type":"image\/png"}],"author":"comunicacio","twitter_card":"summary_large_image","twitter_misc":{"Escrito por":"comunicacio","Tiempo de lectura":"5 minutos"},"schema":{"@context":"https:\/\/schema.org","@graph":[{"@type":"Article","@id":"https:\/\/mont-roig.cat\/es\/actualitat\/noticies\/miami-platja-se-prepara-para-celebrar-las-fiestas-de-sant-josep-de-2025-con-un-programa-lleno-de-talento-femenino\/#article","isPartOf":{"@id":"https:\/\/mont-roig.cat\/es\/actualitat\/noticies\/miami-platja-se-prepara-para-celebrar-las-fiestas-de-sant-josep-de-2025-con-un-programa-lleno-de-talento-femenino\/"},"author":{"name":"comunicacio","@id":"https:\/\/mont-roig.cat\/es\/#\/schema\/person\/1f73e7b5e6f9dd122e8a6f14f310ac5e"},"headline":"Miami Platja se prepara para celebrar las Fiestas de Sant Josep de 2025 con un programa lleno de talento femenino","datePublished":"2025-03-10T13:09:35+00:00","dateModified":"2025-03-21T09:01:28+00:00","mainEntityOfPage":{"@id":"https:\/\/mont-roig.cat\/es\/actualitat\/noticies\/miami-platja-se-prepara-para-celebrar-las-fiestas-de-sant-josep-de-2025-con-un-programa-lleno-de-talento-femenino\/"},"wordCount":732,"image":{"@id":"https:\/\/mont-roig.cat\/es\/actualitat\/noticies\/miami-platja-se-prepara-para-celebrar-las-fiestas-de-sant-josep-de-2025-con-un-programa-lleno-de-talento-femenino\/#primaryimage"},"thumbnailUrl":"https:\/\/mont-roig.cat\/wp-content\/uploads\/MMF_SANT_JOSEP_25_CARTELL_web-3.png","articleSection":["Ayuntamiento","Festes"],"inLanguage":"es"},{"@type":"WebPage","@id":"https:\/\/mont-roig.cat\/es\/actualitat\/noticies\/miami-platja-se-prepara-para-celebrar-las-fiestas-de-sant-josep-de-2025-con-un-programa-lleno-de-talento-femenino\/","url":"https:\/\/mont-roig.cat\/es\/actualitat\/noticies\/miami-platja-se-prepara-para-celebrar-las-fiestas-de-sant-josep-de-2025-con-un-programa-lleno-de-talento-femenino\/","name":"Miami Platja se prepara para celebrar las Fiestas de Sant Josep de 2025 con un programa lleno de talento femenino - Ajuntament de Mont-roig del Camp","isPartOf":{"@id":"https:\/\/mont-roig.cat\/es\/#website"},"primaryImageOfPage":{"@id":"https:\/\/mont-roig.cat\/es\/actualitat\/noticies\/miami-platja-se-prepara-para-celebrar-las-fiestas-de-sant-josep-de-2025-con-un-programa-lleno-de-talento-femenino\/#primaryimage"},"image":{"@id":"https:\/\/mont-roig.cat\/es\/actualitat\/noticies\/miami-platja-se-prepara-para-celebrar-las-fiestas-de-sant-josep-de-2025-con-un-programa-lleno-de-talento-femenino\/#primaryimage"},"thumbnailUrl":"https:\/\/mont-roig.cat\/wp-content\/uploads\/MMF_SANT_JOSEP_25_CARTELL_web-3.png","datePublished":"2025-03-10T13:09:35+00:00","dateModified":"2025-03-21T09:01:28+00:00","author":{"@id":"https:\/\/mont-roig.cat\/es\/#\/schema\/person\/1f73e7b5e6f9dd122e8a6f14f310ac5e"},"breadcrumb":{"@id":"https:\/\/mont-roig.cat\/es\/actualitat\/noticies\/miami-platja-se-prepara-para-celebrar-las-fiestas-de-sant-josep-de-2025-con-un-programa-lleno-de-talento-femenino\/#breadcrumb"},"inLanguage":"es","potentialAction":[{"@type":"ReadAction","target":["https:\/\/mont-roig.cat\/es\/actualitat\/noticies\/miami-platja-se-prepara-para-celebrar-las-fiestas-de-sant-josep-de-2025-con-un-programa-lleno-de-talento-femenino\/"]}]},{"@type":"ImageObject","inLanguage":"es","@id":"https:\/\/mont-roig.cat\/es\/actualitat\/noticies\/miami-platja-se-prepara-para-celebrar-las-fiestas-de-sant-josep-de-2025-con-un-programa-lleno-de-talento-femenino\/#primaryimage","url":"https:\/\/mont-roig.cat\/wp-content\/uploads\/MMF_SANT_JOSEP_25_CARTELL_web-3.png","contentUrl":"https:\/\/mont-roig.cat\/wp-content\/uploads\/MMF_SANT_JOSEP_25_CARTELL_web-3.png","width":1403,"height":1984},{"@type":"BreadcrumbList","@id":"https:\/\/mont-roig.cat\/es\/actualitat\/noticies\/miami-platja-se-prepara-para-celebrar-las-fiestas-de-sant-josep-de-2025-con-un-programa-lleno-de-talento-femenino\/#breadcrumb","itemListElement":[{"@type":"ListItem","position":1,"name":"Inici","item":"https:\/\/mont-roig.cat\/es\/pagina-de-inicio\/"},{"@type":"ListItem","position":2,"name":"Miami Platja se prepara para celebrar las Fiestas de Sant Josep de 2025 con un programa lleno de talento femenino"}]},{"@type":"WebSite","@id":"https:\/\/mont-roig.cat\/es\/#website","url":"https:\/\/mont-roig.cat\/es\/","name":"Ajuntament de Mont-roig del Camp","description":"Tota la informaci\u00f3 sobre la instituci\u00f3, els seus \u00f2rgans de govern, actualitat, serveis i molt m\u00e9s.","potentialAction":[{"@type":"SearchAction","target":{"@type":"EntryPoint","urlTemplate":"https:\/\/mont-roig.cat\/es\/?s={search_term_string}"},"query-input":{"@type":"PropertyValueSpecification","valueRequired":true,"valueName":"search_term_string"}}],"inLanguage":"es"},{"@type":"Person","@id":"https:\/\/mont-roig.cat\/es\/#\/schema\/person\/1f73e7b5e6f9dd122e8a6f14f310ac5e","name":"comunicacio","image":{"@type":"ImageObject","inLanguage":"es","@id":"https:\/\/secure.gravatar.com\/avatar\/98944333e7a877670a64f8d10f0cb680ab2c9ebc4efc43945ef004b52b5ad28c?s=96&d=mm&r=g","url":"https:\/\/secure.gravatar.com\/avatar\/98944333e7a877670a64f8d10f0cb680ab2c9ebc4efc43945ef004b52b5ad28c?s=96&d=mm&r=g","contentUrl":"https:\/\/secure.gravatar.com\/avatar\/98944333e7a877670a64f8d10f0cb680ab2c9ebc4efc43945ef004b52b5ad28c?s=96&d=mm&r=g","caption":"comunicacio"},"url":"https:\/\/mont-roig.cat\/es\/actualitat\/noticies\/author\/comunicacio\/"}]}},"_links":{"self":[{"href":"https:\/\/mont-roig.cat\/es\/wp-json\/wp\/v2\/posts\/81235","targetHints":{"allow":["GET"]}}],"collection":[{"href":"https:\/\/mont-roig.cat\/es\/wp-json\/wp\/v2\/posts"}],"about":[{"href":"https:\/\/mont-roig.cat\/es\/wp-json\/wp\/v2\/types\/post"}],"author":[{"embeddable":true,"href":"https:\/\/mont-roig.cat\/es\/wp-json\/wp\/v2\/users\/13"}],"replies":[{"embeddable":true,"href":"https:\/\/mont-roig.cat\/es\/wp-json\/wp\/v2\/comments?post=81235"}],"version-history":[{"count":8,"href":"https:\/\/mont-roig.cat\/es\/wp-json\/wp\/v2\/posts\/81235\/revisions"}],"predecessor-version":[{"id":81438,"href":"https:\/\/mont-roig.cat\/es\/wp-json\/wp\/v2\/posts\/81235\/revisions\/81438"}],"wp:featuredmedia":[{"embeddable":true,"href":"https:\/\/mont-roig.cat\/es\/wp-json\/wp\/v2\/media\/81237"}],"wp:attachment":[{"href":"https:\/\/mont-roig.cat\/es\/wp-json\/wp\/v2\/media?parent=81235"}],"wp:term":[{"taxonomy":"category","embeddable":true,"href":"https:\/\/mont-roig.cat\/es\/wp-json\/wp\/v2\/categories?post=81235"},{"taxonomy":"post_tag","embeddable":true,"href":"https:\/\/mont-roig.cat\/es\/wp-json\/wp\/v2\/tags?post=81235"}],"curies":[{"name":"wp","href":"https:\/\/api.w.org\/{rel}","templated":true}]}}