{"id":81296,"date":"2025-03-12T15:57:18","date_gmt":"2025-03-12T14:57:18","guid":{"rendered":"https:\/\/mont-roig.cat\/actualitat\/noticies\/inauguracio-del-passeig-de-les-cales-de-miami-platja-aquest-diumenge\/"},"modified":"2025-03-12T16:06:42","modified_gmt":"2025-03-12T15:06:42","slug":"inauguracio-del-passeig-de-les-cales-de-miami-platja-aquest-diumenge","status":"publish","type":"post","link":"https:\/\/mont-roig.cat\/es\/actualitat\/noticies\/inauguracio-del-passeig-de-les-cales-de-miami-platja-aquest-diumenge\/","title":{"rendered":"Inauguraci\u00f3n del Passeig de les Cales de Miami Platja este domingo"},"content":{"rendered":"<p><strong><strong><a href=\"https:\/\/mont-roig.cat\/wp-content\/uploads\/MM_CALES_NOTI_2.png\" target=\"_blank\" rel=\"noopener\"><img loading=\"lazy\" decoding=\"async\" class=\"alignright wp-image-81286\" src=\"https:\/\/mont-roig.cat\/wp-content\/uploads\/MM_CALES_NOTI_2-500x263.png\" alt=\"\" width=\"259\" height=\"136\" srcset=\"https:\/\/mont-roig.cat\/wp-content\/uploads\/MM_CALES_NOTI_2-500x263.png 500w, https:\/\/mont-roig.cat\/wp-content\/uploads\/MM_CALES_NOTI_2-1024x538.png 1024w, https:\/\/mont-roig.cat\/wp-content\/uploads\/MM_CALES_NOTI_2-768x403.png 768w, https:\/\/mont-roig.cat\/wp-content\/uploads\/MM_CALES_NOTI_2.png 1200w\" sizes=\"auto, (max-width: 259px) 100vw, 259px\" \/><\/a><\/strong><\/strong><\/p>\n<ul>\n<li data-pm-slice=\"1 1 []\"><strong>Este domingo a las 12 h tendr\u00e1 lugar la inauguraci\u00f3n del Passeig de les Cales de Miami Platja, un evento que llega despu\u00e9s de haber sido aplazado hace unos meses. El acto se llevar\u00e1 a cabo en el marco de las actividades previas de la Festa Major de Sant Josep.<\/strong><\/li>\n<\/ul>\n<p>Durante la inauguraci\u00f3n, se contar\u00e1 con parlamentos institucionales y los asistentes podr\u00e1n disfrutar de una degustaci\u00f3n de mejillones con vermut. Adem\u00e1s, el ambiente festivo estar\u00e1 amenizado por una actuaci\u00f3n musical de la Boomerang Cover Band. La jornada empezar\u00e1 con la actuaci\u00f3n de la charanga Tocabemolls a las 11h por el recorrido del nuevo paseo.<\/p>\n<p>El Passeig de les Cales de Miami Platja es una reivindicaci\u00f3n hist\u00f3rica para mejorar esta zona, que no es de competencia municipal, y que durante a\u00f1os ha sufrido un agravio comparativo con otras localidades del litoral. Hace m\u00e1s de veinte a\u00f1os que el Ayuntamiento inici\u00f3 la tramitaci\u00f3n urban\u00edstica para proteger estas calas, y en el a\u00f1o 2010, el estudio Capella Garcia Arquitectura dise\u00f1\u00f3 el proyecto original, que ha servido de base para la propuesta actual.<\/p>\n<p>Inicialmente, la inauguraci\u00f3n estaba prevista para el pasado 2 de noviembre, pero tuvo que aplazarse debido a la previsi\u00f3n de mal tiempo y la necesidad de reparar desperfectos ocasionados por un temporal. Ahora, finalmente, el paseo est\u00e1 listo para abrirse al p\u00fablico y se convertir\u00e1 en un nuevo espacio de disfrute para vecinos y visitantes.<\/p>\n","protected":false},"excerpt":{"rendered":"<p>Este domingo a las 12 h tendr\u00e1 lugar la inauguraci\u00f3n del Passeig de les Cales de Miami Platja, un evento que llega despu\u00e9s de haber sido aplazado hace unos meses. El acto se llevar\u00e1 a cabo en el marco de las actividades previas de la Festa Major de Sant Josep. Durante la inauguraci\u00f3n, se contar\u00e1 [&hellip;]<\/p>\n","protected":false},"author":13,"featured_media":81293,"comment_status":"closed","ping_status":"closed","sticky":false,"template":"","format":"standard","meta":{"inline_featured_image":false,"_monsterinsights_skip_tracking":false,"_monsterinsights_sitenote_active":false,"_monsterinsights_sitenote_note":"","_monsterinsights_sitenote_category":0,"footnotes":""},"categories":[98,236,235],"tags":[],"class_list":["post-81296","post","type-post","status-publish","format-standard","has-post-thumbnail","hentry","category-ayuntamiento","category-obras","category-obras-paseo-calas"],"yoast_head":"<!-- This site is optimized with the Yoast SEO plugin v27.4 - https:\/\/yoast.com\/product\/yoast-seo-wordpress\/ -->\n<title>Inauguraci\u00f3n del Passeig de les Cales de Miami Platja este domingo - Ajuntament de Mont-roig del Camp<\/title>\n<meta name=\"robots\" content=\"index, follow, max-snippet:-1, max-image-preview:large, max-video-preview:-1\" \/>\n<link rel=\"canonical\" href=\"https:\/\/mont-roig.cat\/es\/actualitat\/noticies\/inauguracio-del-passeig-de-les-cales-de-miami-platja-aquest-diumenge\/\" \/>\n<meta property=\"og:locale\" content=\"es_ES\" \/>\n<meta property=\"og:type\" content=\"article\" \/>\n<meta property=\"og:title\" content=\"Inauguraci\u00f3n del Passeig de les Cales de Miami Platja este domingo - Ajuntament de Mont-roig del Camp\" \/>\n<meta property=\"og:description\" content=\"Este domingo a las 12 h tendr\u00e1 lugar la inauguraci\u00f3n del Passeig de les Cales de Miami Platja, un evento que llega despu\u00e9s de haber sido aplazado hace unos meses. El acto se llevar\u00e1 a cabo en el marco de las actividades previas de la Festa Major de Sant Josep. Durante la inauguraci\u00f3n, se contar\u00e1 [&hellip;]\" \/>\n<meta property=\"og:url\" content=\"https:\/\/mont-roig.cat\/es\/actualitat\/noticies\/inauguracio-del-passeig-de-les-cales-de-miami-platja-aquest-diumenge\/\" \/>\n<meta property=\"og:site_name\" content=\"Ajuntament de Mont-roig del Camp\" \/>\n<meta property=\"article:published_time\" content=\"2025-03-12T14:57:18+00:00\" \/>\n<meta property=\"article:modified_time\" content=\"2025-03-12T15:06:42+00:00\" \/>\n<meta property=\"og:image\" content=\"https:\/\/mont-roig.cat\/wp-content\/uploads\/MM_CALES_NOTI_2-1.png\" \/>\n\t<meta property=\"og:image:width\" content=\"1200\" \/>\n\t<meta property=\"og:image:height\" content=\"630\" \/>\n\t<meta property=\"og:image:type\" content=\"image\/png\" \/>\n<meta name=\"author\" content=\"comunicacio\" \/>\n<meta name=\"twitter:card\" content=\"summary_large_image\" \/>\n<meta name=\"twitter:label1\" content=\"Escrito por\" \/>\n\t<meta name=\"twitter:data1\" content=\"comunicacio\" \/>\n\t<meta name=\"twitter:label2\" content=\"Tiempo de lectura\" \/>\n\t<meta name=\"twitter:data2\" content=\"2 minutos\" \/>\n<script type=\"application\/ld+json\" class=\"yoast-schema-graph\">{\"@context\":\"https:\\\/\\\/schema.org\",\"@graph\":[{\"@type\":\"Article\",\"@id\":\"https:\\\/\\\/mont-roig.cat\\\/es\\\/actualitat\\\/noticies\\\/inauguracio-del-passeig-de-les-cales-de-miami-platja-aquest-diumenge\\\/#article\",\"isPartOf\":{\"@id\":\"https:\\\/\\\/mont-roig.cat\\\/es\\\/actualitat\\\/noticies\\\/inauguracio-del-passeig-de-les-cales-de-miami-platja-aquest-diumenge\\\/\"},\"author\":{\"name\":\"comunicacio\",\"@id\":\"https:\\\/\\\/mont-roig.cat\\\/es\\\/#\\\/schema\\\/person\\\/1f73e7b5e6f9dd122e8a6f14f310ac5e\"},\"headline\":\"Inauguraci\u00f3n del Passeig de les Cales de Miami Platja este domingo\",\"datePublished\":\"2025-03-12T14:57:18+00:00\",\"dateModified\":\"2025-03-12T15:06:42+00:00\",\"mainEntityOfPage\":{\"@id\":\"https:\\\/\\\/mont-roig.cat\\\/es\\\/actualitat\\\/noticies\\\/inauguracio-del-passeig-de-les-cales-de-miami-platja-aquest-diumenge\\\/\"},\"wordCount\":262,\"image\":{\"@id\":\"https:\\\/\\\/mont-roig.cat\\\/es\\\/actualitat\\\/noticies\\\/inauguracio-del-passeig-de-les-cales-de-miami-platja-aquest-diumenge\\\/#primaryimage\"},\"thumbnailUrl\":\"https:\\\/\\\/mont-roig.cat\\\/wp-content\\\/uploads\\\/MM_CALES_NOTI_2-1.png\",\"articleSection\":[\"Ayuntamiento\",\"Obras\",\"Obras Paseo Calas\"],\"inLanguage\":\"es\"},{\"@type\":\"WebPage\",\"@id\":\"https:\\\/\\\/mont-roig.cat\\\/es\\\/actualitat\\\/noticies\\\/inauguracio-del-passeig-de-les-cales-de-miami-platja-aquest-diumenge\\\/\",\"url\":\"https:\\\/\\\/mont-roig.cat\\\/es\\\/actualitat\\\/noticies\\\/inauguracio-del-passeig-de-les-cales-de-miami-platja-aquest-diumenge\\\/\",\"name\":\"Inauguraci\u00f3n del Passeig de les Cales de Miami Platja este domingo - Ajuntament de Mont-roig del Camp\",\"isPartOf\":{\"@id\":\"https:\\\/\\\/mont-roig.cat\\\/es\\\/#website\"},\"primaryImageOfPage\":{\"@id\":\"https:\\\/\\\/mont-roig.cat\\\/es\\\/actualitat\\\/noticies\\\/inauguracio-del-passeig-de-les-cales-de-miami-platja-aquest-diumenge\\\/#primaryimage\"},\"image\":{\"@id\":\"https:\\\/\\\/mont-roig.cat\\\/es\\\/actualitat\\\/noticies\\\/inauguracio-del-passeig-de-les-cales-de-miami-platja-aquest-diumenge\\\/#primaryimage\"},\"thumbnailUrl\":\"https:\\\/\\\/mont-roig.cat\\\/wp-content\\\/uploads\\\/MM_CALES_NOTI_2-1.png\",\"datePublished\":\"2025-03-12T14:57:18+00:00\",\"dateModified\":\"2025-03-12T15:06:42+00:00\",\"author\":{\"@id\":\"https:\\\/\\\/mont-roig.cat\\\/es\\\/#\\\/schema\\\/person\\\/1f73e7b5e6f9dd122e8a6f14f310ac5e\"},\"breadcrumb\":{\"@id\":\"https:\\\/\\\/mont-roig.cat\\\/es\\\/actualitat\\\/noticies\\\/inauguracio-del-passeig-de-les-cales-de-miami-platja-aquest-diumenge\\\/#breadcrumb\"},\"inLanguage\":\"es\",\"potentialAction\":[{\"@type\":\"ReadAction\",\"target\":[\"https:\\\/\\\/mont-roig.cat\\\/es\\\/actualitat\\\/noticies\\\/inauguracio-del-passeig-de-les-cales-de-miami-platja-aquest-diumenge\\\/\"]}]},{\"@type\":\"ImageObject\",\"inLanguage\":\"es\",\"@id\":\"https:\\\/\\\/mont-roig.cat\\\/es\\\/actualitat\\\/noticies\\\/inauguracio-del-passeig-de-les-cales-de-miami-platja-aquest-diumenge\\\/#primaryimage\",\"url\":\"https:\\\/\\\/mont-roig.cat\\\/wp-content\\\/uploads\\\/MM_CALES_NOTI_2-1.png\",\"contentUrl\":\"https:\\\/\\\/mont-roig.cat\\\/wp-content\\\/uploads\\\/MM_CALES_NOTI_2-1.png\",\"width\":1200,\"height\":630},{\"@type\":\"BreadcrumbList\",\"@id\":\"https:\\\/\\\/mont-roig.cat\\\/es\\\/actualitat\\\/noticies\\\/inauguracio-del-passeig-de-les-cales-de-miami-platja-aquest-diumenge\\\/#breadcrumb\",\"itemListElement\":[{\"@type\":\"ListItem\",\"position\":1,\"name\":\"Inici\",\"item\":\"https:\\\/\\\/mont-roig.cat\\\/es\\\/pagina-de-inicio\\\/\"},{\"@type\":\"ListItem\",\"position\":2,\"name\":\"Inauguraci\u00f3n del Passeig de les Cales de Miami Platja este domingo\"}]},{\"@type\":\"WebSite\",\"@id\":\"https:\\\/\\\/mont-roig.cat\\\/es\\\/#website\",\"url\":\"https:\\\/\\\/mont-roig.cat\\\/es\\\/\",\"name\":\"Ajuntament de Mont-roig del Camp\",\"description\":\"Tota la informaci\u00f3 sobre la instituci\u00f3, els seus \u00f2rgans de govern, actualitat, serveis i molt m\u00e9s.\",\"potentialAction\":[{\"@type\":\"SearchAction\",\"target\":{\"@type\":\"EntryPoint\",\"urlTemplate\":\"https:\\\/\\\/mont-roig.cat\\\/es\\\/?s={search_term_string}\"},\"query-input\":{\"@type\":\"PropertyValueSpecification\",\"valueRequired\":true,\"valueName\":\"search_term_string\"}}],\"inLanguage\":\"es\"},{\"@type\":\"Person\",\"@id\":\"https:\\\/\\\/mont-roig.cat\\\/es\\\/#\\\/schema\\\/person\\\/1f73e7b5e6f9dd122e8a6f14f310ac5e\",\"name\":\"comunicacio\",\"image\":{\"@type\":\"ImageObject\",\"inLanguage\":\"es\",\"@id\":\"https:\\\/\\\/secure.gravatar.com\\\/avatar\\\/98944333e7a877670a64f8d10f0cb680ab2c9ebc4efc43945ef004b52b5ad28c?s=96&d=mm&r=g\",\"url\":\"https:\\\/\\\/secure.gravatar.com\\\/avatar\\\/98944333e7a877670a64f8d10f0cb680ab2c9ebc4efc43945ef004b52b5ad28c?s=96&d=mm&r=g\",\"contentUrl\":\"https:\\\/\\\/secure.gravatar.com\\\/avatar\\\/98944333e7a877670a64f8d10f0cb680ab2c9ebc4efc43945ef004b52b5ad28c?s=96&d=mm&r=g\",\"caption\":\"comunicacio\"},\"url\":\"https:\\\/\\\/mont-roig.cat\\\/es\\\/actualitat\\\/noticies\\\/author\\\/comunicacio\\\/\"}]}<\/script>\n<!-- \/ Yoast SEO plugin. -->","yoast_head_json":{"title":"Inauguraci\u00f3n del Passeig de les Cales de Miami Platja este domingo - Ajuntament de Mont-roig del Camp","robots":{"index":"index","follow":"follow","max-snippet":"max-snippet:-1","max-image-preview":"max-image-preview:large","max-video-preview":"max-video-preview:-1"},"canonical":"https:\/\/mont-roig.cat\/es\/actualitat\/noticies\/inauguracio-del-passeig-de-les-cales-de-miami-platja-aquest-diumenge\/","og_locale":"es_ES","og_type":"article","og_title":"Inauguraci\u00f3n del Passeig de les Cales de Miami Platja este domingo - Ajuntament de Mont-roig del Camp","og_description":"Este domingo a las 12 h tendr\u00e1 lugar la inauguraci\u00f3n del Passeig de les Cales de Miami Platja, un evento que llega despu\u00e9s de haber sido aplazado hace unos meses. El acto se llevar\u00e1 a cabo en el marco de las actividades previas de la Festa Major de Sant Josep. Durante la inauguraci\u00f3n, se contar\u00e1 [&hellip;]","og_url":"https:\/\/mont-roig.cat\/es\/actualitat\/noticies\/inauguracio-del-passeig-de-les-cales-de-miami-platja-aquest-diumenge\/","og_site_name":"Ajuntament de Mont-roig del Camp","article_published_time":"2025-03-12T14:57:18+00:00","article_modified_time":"2025-03-12T15:06:42+00:00","og_image":[{"width":1200,"height":630,"url":"https:\/\/mont-roig.cat\/wp-content\/uploads\/MM_CALES_NOTI_2-1.png","type":"image\/png"}],"author":"comunicacio","twitter_card":"summary_large_image","twitter_misc":{"Escrito por":"comunicacio","Tiempo de lectura":"2 minutos"},"schema":{"@context":"https:\/\/schema.org","@graph":[{"@type":"Article","@id":"https:\/\/mont-roig.cat\/es\/actualitat\/noticies\/inauguracio-del-passeig-de-les-cales-de-miami-platja-aquest-diumenge\/#article","isPartOf":{"@id":"https:\/\/mont-roig.cat\/es\/actualitat\/noticies\/inauguracio-del-passeig-de-les-cales-de-miami-platja-aquest-diumenge\/"},"author":{"name":"comunicacio","@id":"https:\/\/mont-roig.cat\/es\/#\/schema\/person\/1f73e7b5e6f9dd122e8a6f14f310ac5e"},"headline":"Inauguraci\u00f3n del Passeig de les Cales de Miami Platja este domingo","datePublished":"2025-03-12T14:57:18+00:00","dateModified":"2025-03-12T15:06:42+00:00","mainEntityOfPage":{"@id":"https:\/\/mont-roig.cat\/es\/actualitat\/noticies\/inauguracio-del-passeig-de-les-cales-de-miami-platja-aquest-diumenge\/"},"wordCount":262,"image":{"@id":"https:\/\/mont-roig.cat\/es\/actualitat\/noticies\/inauguracio-del-passeig-de-les-cales-de-miami-platja-aquest-diumenge\/#primaryimage"},"thumbnailUrl":"https:\/\/mont-roig.cat\/wp-content\/uploads\/MM_CALES_NOTI_2-1.png","articleSection":["Ayuntamiento","Obras","Obras Paseo Calas"],"inLanguage":"es"},{"@type":"WebPage","@id":"https:\/\/mont-roig.cat\/es\/actualitat\/noticies\/inauguracio-del-passeig-de-les-cales-de-miami-platja-aquest-diumenge\/","url":"https:\/\/mont-roig.cat\/es\/actualitat\/noticies\/inauguracio-del-passeig-de-les-cales-de-miami-platja-aquest-diumenge\/","name":"Inauguraci\u00f3n del Passeig de les Cales de Miami Platja este domingo - Ajuntament de Mont-roig del Camp","isPartOf":{"@id":"https:\/\/mont-roig.cat\/es\/#website"},"primaryImageOfPage":{"@id":"https:\/\/mont-roig.cat\/es\/actualitat\/noticies\/inauguracio-del-passeig-de-les-cales-de-miami-platja-aquest-diumenge\/#primaryimage"},"image":{"@id":"https:\/\/mont-roig.cat\/es\/actualitat\/noticies\/inauguracio-del-passeig-de-les-cales-de-miami-platja-aquest-diumenge\/#primaryimage"},"thumbnailUrl":"https:\/\/mont-roig.cat\/wp-content\/uploads\/MM_CALES_NOTI_2-1.png","datePublished":"2025-03-12T14:57:18+00:00","dateModified":"2025-03-12T15:06:42+00:00","author":{"@id":"https:\/\/mont-roig.cat\/es\/#\/schema\/person\/1f73e7b5e6f9dd122e8a6f14f310ac5e"},"breadcrumb":{"@id":"https:\/\/mont-roig.cat\/es\/actualitat\/noticies\/inauguracio-del-passeig-de-les-cales-de-miami-platja-aquest-diumenge\/#breadcrumb"},"inLanguage":"es","potentialAction":[{"@type":"ReadAction","target":["https:\/\/mont-roig.cat\/es\/actualitat\/noticies\/inauguracio-del-passeig-de-les-cales-de-miami-platja-aquest-diumenge\/"]}]},{"@type":"ImageObject","inLanguage":"es","@id":"https:\/\/mont-roig.cat\/es\/actualitat\/noticies\/inauguracio-del-passeig-de-les-cales-de-miami-platja-aquest-diumenge\/#primaryimage","url":"https:\/\/mont-roig.cat\/wp-content\/uploads\/MM_CALES_NOTI_2-1.png","contentUrl":"https:\/\/mont-roig.cat\/wp-content\/uploads\/MM_CALES_NOTI_2-1.png","width":1200,"height":630},{"@type":"BreadcrumbList","@id":"https:\/\/mont-roig.cat\/es\/actualitat\/noticies\/inauguracio-del-passeig-de-les-cales-de-miami-platja-aquest-diumenge\/#breadcrumb","itemListElement":[{"@type":"ListItem","position":1,"name":"Inici","item":"https:\/\/mont-roig.cat\/es\/pagina-de-inicio\/"},{"@type":"ListItem","position":2,"name":"Inauguraci\u00f3n del Passeig de les Cales de Miami Platja este domingo"}]},{"@type":"WebSite","@id":"https:\/\/mont-roig.cat\/es\/#website","url":"https:\/\/mont-roig.cat\/es\/","name":"Ajuntament de Mont-roig del Camp","description":"Tota la informaci\u00f3 sobre la instituci\u00f3, els seus \u00f2rgans de govern, actualitat, serveis i molt m\u00e9s.","potentialAction":[{"@type":"SearchAction","target":{"@type":"EntryPoint","urlTemplate":"https:\/\/mont-roig.cat\/es\/?s={search_term_string}"},"query-input":{"@type":"PropertyValueSpecification","valueRequired":true,"valueName":"search_term_string"}}],"inLanguage":"es"},{"@type":"Person","@id":"https:\/\/mont-roig.cat\/es\/#\/schema\/person\/1f73e7b5e6f9dd122e8a6f14f310ac5e","name":"comunicacio","image":{"@type":"ImageObject","inLanguage":"es","@id":"https:\/\/secure.gravatar.com\/avatar\/98944333e7a877670a64f8d10f0cb680ab2c9ebc4efc43945ef004b52b5ad28c?s=96&d=mm&r=g","url":"https:\/\/secure.gravatar.com\/avatar\/98944333e7a877670a64f8d10f0cb680ab2c9ebc4efc43945ef004b52b5ad28c?s=96&d=mm&r=g","contentUrl":"https:\/\/secure.gravatar.com\/avatar\/98944333e7a877670a64f8d10f0cb680ab2c9ebc4efc43945ef004b52b5ad28c?s=96&d=mm&r=g","caption":"comunicacio"},"url":"https:\/\/mont-roig.cat\/es\/actualitat\/noticies\/author\/comunicacio\/"}]}},"_links":{"self":[{"href":"https:\/\/mont-roig.cat\/es\/wp-json\/wp\/v2\/posts\/81296","targetHints":{"allow":["GET"]}}],"collection":[{"href":"https:\/\/mont-roig.cat\/es\/wp-json\/wp\/v2\/posts"}],"about":[{"href":"https:\/\/mont-roig.cat\/es\/wp-json\/wp\/v2\/types\/post"}],"author":[{"embeddable":true,"href":"https:\/\/mont-roig.cat\/es\/wp-json\/wp\/v2\/users\/13"}],"replies":[{"embeddable":true,"href":"https:\/\/mont-roig.cat\/es\/wp-json\/wp\/v2\/comments?post=81296"}],"version-history":[{"count":2,"href":"https:\/\/mont-roig.cat\/es\/wp-json\/wp\/v2\/posts\/81296\/revisions"}],"predecessor-version":[{"id":81297,"href":"https:\/\/mont-roig.cat\/es\/wp-json\/wp\/v2\/posts\/81296\/revisions\/81297"}],"wp:featuredmedia":[{"embeddable":true,"href":"https:\/\/mont-roig.cat\/es\/wp-json\/wp\/v2\/media\/81293"}],"wp:attachment":[{"href":"https:\/\/mont-roig.cat\/es\/wp-json\/wp\/v2\/media?parent=81296"}],"wp:term":[{"taxonomy":"category","embeddable":true,"href":"https:\/\/mont-roig.cat\/es\/wp-json\/wp\/v2\/categories?post=81296"},{"taxonomy":"post_tag","embeddable":true,"href":"https:\/\/mont-roig.cat\/es\/wp-json\/wp\/v2\/tags?post=81296"}],"curies":[{"name":"wp","href":"https:\/\/api.w.org\/{rel}","templated":true}]}}