{"id":81474,"date":"2025-03-26T14:52:25","date_gmt":"2025-03-26T13:52:25","guid":{"rendered":"https:\/\/mont-roig.cat\/actualitat\/noticies\/bona-acollida-de-la-setena-edicio-de-lespai-entrevistes-amb-mes-de-400-entrevistes-realitzades\/"},"modified":"2025-10-02T11:57:57","modified_gmt":"2025-10-02T09:57:57","slug":"buena-acogida-de-la-septima-edicion-del-espai-entrevistes-con-mas-de-400-entrevistas-realizadas","status":"publish","type":"post","link":"https:\/\/mont-roig.cat\/es\/actualitat\/noticies\/buena-acogida-de-la-septima-edicion-del-espai-entrevistes-con-mas-de-400-entrevistas-realizadas\/","title":{"rendered":"Buena acogida de la s\u00e9ptima edici\u00f3n del Espai Entrevistes, con m\u00e1s de 400 entrevistas realizadas"},"content":{"rendered":"<div class=\"wpb-content-wrapper\">[vc_row][vc_column][vc_column_text css=&#8221;&#8221;]<strong><strong><a href=\"https:\/\/mont-roig.cat\/wp-content\/uploads\/Espai-entrevistes.jpg\" target=\"_blank\" rel=\"noopener\"><img loading=\"lazy\" decoding=\"async\" class=\"alignright wp-image-81468\" src=\"https:\/\/mont-roig.cat\/wp-content\/uploads\/Espai-entrevistes-500x376.jpg\" alt=\"\" width=\"302\" height=\"227\" srcset=\"https:\/\/mont-roig.cat\/wp-content\/uploads\/Espai-entrevistes-500x376.jpg 500w, https:\/\/mont-roig.cat\/wp-content\/uploads\/Espai-entrevistes-1024x771.jpg 1024w, https:\/\/mont-roig.cat\/wp-content\/uploads\/Espai-entrevistes-768x578.jpg 768w, https:\/\/mont-roig.cat\/wp-content\/uploads\/Espai-entrevistes-1536x1156.jpg 1536w, https:\/\/mont-roig.cat\/wp-content\/uploads\/Espai-entrevistes-463x348.jpg 463w, https:\/\/mont-roig.cat\/wp-content\/uploads\/Espai-entrevistes.jpg 1600w\" sizes=\"auto, (max-width: 302px) 100vw, 302px\" \/><\/a><\/strong><\/strong><\/p>\n<ul>\n<li data-start=\"100\" data-end=\"271\"><strong>La jornada se ha celebrado en el Ecoespai y han participado 21 empresas del municipio y la zona, que han ofrecido m\u00e1s de 330 puestos de trabajo en diferentes sectores.<\/strong><\/li>\n<\/ul>\n<p class=\"\" data-start=\"273\" data-end=\"644\">El Espai Entrevistes, organizado por el Ayuntamiento de Mont-roig del Camp a trav\u00e9s de la concejal\u00eda de Impulso Econ\u00f3mico y Empleo, ha celebrado hoy su s\u00e9ptima edici\u00f3n con una gran participaci\u00f3n tanto de empresas como de personas candidatas. En total, han participado 21 empresas del municipio y la zona, ofreciendo m\u00e1s de 330 puestos de trabajo en diferentes sectores.<\/p>\n<p class=\"\" data-start=\"646\" data-end=\"1091\">El evento, que se ha llevado a cabo en las nuevas instalaciones del Ecoespai en Miami Platja, ha contado con la presencia de un centenar de personas interesadas en las diversas ofertas de empleo disponibles. A lo largo de la jornada, se han realizado cerca de 400 entrevistas laborales, consolidando as\u00ed el Espai Entrevistes como una herramienta efectiva para fomentar el empleo y poner en contacto a las empresas con potenciales trabajadores.<\/p>\n<p class=\"\" data-start=\"1093\" data-end=\"1424\"><a href=\"https:\/\/mont-roig.cat\/wp-content\/uploads\/Espai-entrevistes2.jpg\" target=\"_blank\" rel=\"noopener\"><img loading=\"lazy\" decoding=\"async\" class=\"alignleft wp-image-81471\" src=\"https:\/\/mont-roig.cat\/wp-content\/uploads\/Espai-entrevistes2-500x376.jpg\" alt=\"\" width=\"249\" height=\"187\" srcset=\"https:\/\/mont-roig.cat\/wp-content\/uploads\/Espai-entrevistes2-500x376.jpg 500w, https:\/\/mont-roig.cat\/wp-content\/uploads\/Espai-entrevistes2-1024x771.jpg 1024w, https:\/\/mont-roig.cat\/wp-content\/uploads\/Espai-entrevistes2-768x578.jpg 768w, https:\/\/mont-roig.cat\/wp-content\/uploads\/Espai-entrevistes2-1536x1156.jpg 1536w, https:\/\/mont-roig.cat\/wp-content\/uploads\/Espai-entrevistes2-463x348.jpg 463w, https:\/\/mont-roig.cat\/wp-content\/uploads\/Espai-entrevistes2.jpg 1600w\" sizes=\"auto, (max-width: 249px) 100vw, 249px\" \/><\/a>Los perfiles m\u00e1s demandados han sido los relacionados con el sector de la restauraci\u00f3n y el alojamiento tur\u00edstico, con vacantes para personal de cocina, sala, limpieza, recepci\u00f3n y animaci\u00f3n. Adem\u00e1s, se han ofrecido puestos de trabajo en tiendas, mantenimiento de edificios tur\u00edsticos, comercial y operarios de distintos \u00e1mbitos.<\/p>\n<p class=\"\" data-start=\"1426\" data-end=\"1773\">Desde la organizaci\u00f3n se ha valorado muy positivamente la edici\u00f3n de este a\u00f1o, destacando la buena acogida de las nuevas instalaciones y la gran respuesta por parte de las empresas y los candidatos. El objetivo del Espai Entrevistes es facilitar la inserci\u00f3n laboral y dinamizar el mercado de trabajo local, y una vez m\u00e1s, se ha logrado con \u00e9xito.<\/p>\n<p data-start=\"1426\" data-end=\"1773\"><a href=\"https:\/\/mont-roig.cat\/wp-content\/uploads\/LOGOS-PSTD-ACTUALITZATS-scaled.png\"><img loading=\"lazy\" decoding=\"async\" class=\"wp-image-85908 size-medium alignleft\" src=\"https:\/\/mont-roig.cat\/wp-content\/uploads\/LOGOS-PSTD-ACTUALITZATS-500x67.png\" alt=\"\" width=\"500\" height=\"67\" srcset=\"https:\/\/mont-roig.cat\/wp-content\/uploads\/LOGOS-PSTD-ACTUALITZATS-500x67.png 500w, https:\/\/mont-roig.cat\/wp-content\/uploads\/LOGOS-PSTD-ACTUALITZATS-1024x137.png 1024w, https:\/\/mont-roig.cat\/wp-content\/uploads\/LOGOS-PSTD-ACTUALITZATS-768x103.png 768w, https:\/\/mont-roig.cat\/wp-content\/uploads\/LOGOS-PSTD-ACTUALITZATS-1536x205.png 1536w, https:\/\/mont-roig.cat\/wp-content\/uploads\/LOGOS-PSTD-ACTUALITZATS-scaled.png 2048w\" sizes=\"auto, (max-width: 500px) 100vw, 500px\" \/><\/a><\/p>\n[\/vc_column_text][\/vc_column][\/vc_row]\n<\/div>","protected":false},"excerpt":{"rendered":"<p>[vc_row][vc_column][vc_column_text css=&#8221;&#8221;] La jornada se ha celebrado en el Ecoespai y han participado 21 empresas del municipio y la zona, que han ofrecido m\u00e1s de 330 puestos de trabajo en diferentes sectores. El Espai Entrevistes, organizado por el Ayuntamiento de Mont-roig del Camp a trav\u00e9s de la concejal\u00eda de Impulso Econ\u00f3mico y Empleo, ha celebrado [&hellip;]<\/p>\n","protected":false},"author":13,"featured_media":81469,"comment_status":"closed","ping_status":"closed","sticky":false,"template":"","format":"standard","meta":{"inline_featured_image":false,"_monsterinsights_skip_tracking":false,"_monsterinsights_sitenote_active":false,"_monsterinsights_sitenote_note":"","_monsterinsights_sitenote_category":0,"footnotes":""},"categories":[98,169,250],"tags":[],"class_list":["post-81474","post","type-post","status-publish","format-standard","has-post-thumbnail","hentry","category-ayuntamiento","category-impuls-economic-i-ocupacio-es","category-pstd-es"],"yoast_head":"<!-- This site is optimized with the Yoast SEO plugin v27.4 - https:\/\/yoast.com\/product\/yoast-seo-wordpress\/ -->\n<title>Buena acogida de la s\u00e9ptima edici\u00f3n del Espai Entrevistes, con m\u00e1s de 400 entrevistas realizadas - Ajuntament de Mont-roig del Camp<\/title>\n<meta name=\"robots\" content=\"index, follow, max-snippet:-1, max-image-preview:large, max-video-preview:-1\" \/>\n<link rel=\"canonical\" href=\"https:\/\/mont-roig.cat\/es\/actualitat\/noticies\/buena-acogida-de-la-septima-edicion-del-espai-entrevistes-con-mas-de-400-entrevistas-realizadas\/\" \/>\n<meta property=\"og:locale\" content=\"es_ES\" \/>\n<meta property=\"og:type\" content=\"article\" \/>\n<meta property=\"og:title\" content=\"Buena acogida de la s\u00e9ptima edici\u00f3n del Espai Entrevistes, con m\u00e1s de 400 entrevistas realizadas - Ajuntament de Mont-roig del Camp\" \/>\n<meta property=\"og:description\" content=\"[vc_row][vc_column][vc_column_text css=&#8221;&#8221;] La jornada se ha celebrado en el Ecoespai y han participado 21 empresas del municipio y la zona, que han ofrecido m\u00e1s de 330 puestos de trabajo en diferentes sectores. El Espai Entrevistes, organizado por el Ayuntamiento de Mont-roig del Camp a trav\u00e9s de la concejal\u00eda de Impulso Econ\u00f3mico y Empleo, ha celebrado [&hellip;]\" \/>\n<meta property=\"og:url\" content=\"https:\/\/mont-roig.cat\/es\/actualitat\/noticies\/buena-acogida-de-la-septima-edicion-del-espai-entrevistes-con-mas-de-400-entrevistas-realizadas\/\" \/>\n<meta property=\"og:site_name\" content=\"Ajuntament de Mont-roig del Camp\" \/>\n<meta property=\"article:published_time\" content=\"2025-03-26T13:52:25+00:00\" \/>\n<meta property=\"article:modified_time\" content=\"2025-10-02T09:57:57+00:00\" \/>\n<meta property=\"og:image\" content=\"https:\/\/mont-roig.cat\/wp-content\/uploads\/Espai-entrevistes.jpg\" \/>\n\t<meta property=\"og:image:width\" content=\"1600\" \/>\n\t<meta property=\"og:image:height\" content=\"1204\" \/>\n\t<meta property=\"og:image:type\" content=\"image\/jpeg\" \/>\n<meta name=\"author\" content=\"comunicacio\" \/>\n<meta name=\"twitter:card\" content=\"summary_large_image\" \/>\n<meta name=\"twitter:label1\" content=\"Escrito por\" \/>\n\t<meta name=\"twitter:data1\" content=\"comunicacio\" \/>\n\t<meta name=\"twitter:label2\" content=\"Tiempo de lectura\" \/>\n\t<meta name=\"twitter:data2\" content=\"3 minutos\" \/>\n<script type=\"application\/ld+json\" class=\"yoast-schema-graph\">{\"@context\":\"https:\\\/\\\/schema.org\",\"@graph\":[{\"@type\":\"Article\",\"@id\":\"https:\\\/\\\/mont-roig.cat\\\/es\\\/actualitat\\\/noticies\\\/buena-acogida-de-la-septima-edicion-del-espai-entrevistes-con-mas-de-400-entrevistas-realizadas\\\/#article\",\"isPartOf\":{\"@id\":\"https:\\\/\\\/mont-roig.cat\\\/es\\\/actualitat\\\/noticies\\\/buena-acogida-de-la-septima-edicion-del-espai-entrevistes-con-mas-de-400-entrevistas-realizadas\\\/\"},\"author\":{\"name\":\"comunicacio\",\"@id\":\"https:\\\/\\\/mont-roig.cat\\\/es\\\/#\\\/schema\\\/person\\\/1f73e7b5e6f9dd122e8a6f14f310ac5e\"},\"headline\":\"Buena acogida de la s\u00e9ptima edici\u00f3n del Espai Entrevistes, con m\u00e1s de 400 entrevistas realizadas\",\"datePublished\":\"2025-03-26T13:52:25+00:00\",\"dateModified\":\"2025-10-02T09:57:57+00:00\",\"mainEntityOfPage\":{\"@id\":\"https:\\\/\\\/mont-roig.cat\\\/es\\\/actualitat\\\/noticies\\\/buena-acogida-de-la-septima-edicion-del-espai-entrevistes-con-mas-de-400-entrevistas-realizadas\\\/\"},\"wordCount\":315,\"image\":{\"@id\":\"https:\\\/\\\/mont-roig.cat\\\/es\\\/actualitat\\\/noticies\\\/buena-acogida-de-la-septima-edicion-del-espai-entrevistes-con-mas-de-400-entrevistas-realizadas\\\/#primaryimage\"},\"thumbnailUrl\":\"https:\\\/\\\/mont-roig.cat\\\/wp-content\\\/uploads\\\/Espai-entrevistes.jpg\",\"articleSection\":[\"Ayuntamiento\",\"Impuls Econ\u00f2mic i Ocupaci\u00f3\",\"PSTD\"],\"inLanguage\":\"es\"},{\"@type\":\"WebPage\",\"@id\":\"https:\\\/\\\/mont-roig.cat\\\/es\\\/actualitat\\\/noticies\\\/buena-acogida-de-la-septima-edicion-del-espai-entrevistes-con-mas-de-400-entrevistas-realizadas\\\/\",\"url\":\"https:\\\/\\\/mont-roig.cat\\\/es\\\/actualitat\\\/noticies\\\/buena-acogida-de-la-septima-edicion-del-espai-entrevistes-con-mas-de-400-entrevistas-realizadas\\\/\",\"name\":\"Buena acogida de la s\u00e9ptima edici\u00f3n del Espai Entrevistes, con m\u00e1s de 400 entrevistas realizadas - Ajuntament de Mont-roig del Camp\",\"isPartOf\":{\"@id\":\"https:\\\/\\\/mont-roig.cat\\\/es\\\/#website\"},\"primaryImageOfPage\":{\"@id\":\"https:\\\/\\\/mont-roig.cat\\\/es\\\/actualitat\\\/noticies\\\/buena-acogida-de-la-septima-edicion-del-espai-entrevistes-con-mas-de-400-entrevistas-realizadas\\\/#primaryimage\"},\"image\":{\"@id\":\"https:\\\/\\\/mont-roig.cat\\\/es\\\/actualitat\\\/noticies\\\/buena-acogida-de-la-septima-edicion-del-espai-entrevistes-con-mas-de-400-entrevistas-realizadas\\\/#primaryimage\"},\"thumbnailUrl\":\"https:\\\/\\\/mont-roig.cat\\\/wp-content\\\/uploads\\\/Espai-entrevistes.jpg\",\"datePublished\":\"2025-03-26T13:52:25+00:00\",\"dateModified\":\"2025-10-02T09:57:57+00:00\",\"author\":{\"@id\":\"https:\\\/\\\/mont-roig.cat\\\/es\\\/#\\\/schema\\\/person\\\/1f73e7b5e6f9dd122e8a6f14f310ac5e\"},\"breadcrumb\":{\"@id\":\"https:\\\/\\\/mont-roig.cat\\\/es\\\/actualitat\\\/noticies\\\/buena-acogida-de-la-septima-edicion-del-espai-entrevistes-con-mas-de-400-entrevistas-realizadas\\\/#breadcrumb\"},\"inLanguage\":\"es\",\"potentialAction\":[{\"@type\":\"ReadAction\",\"target\":[\"https:\\\/\\\/mont-roig.cat\\\/es\\\/actualitat\\\/noticies\\\/buena-acogida-de-la-septima-edicion-del-espai-entrevistes-con-mas-de-400-entrevistas-realizadas\\\/\"]}]},{\"@type\":\"ImageObject\",\"inLanguage\":\"es\",\"@id\":\"https:\\\/\\\/mont-roig.cat\\\/es\\\/actualitat\\\/noticies\\\/buena-acogida-de-la-septima-edicion-del-espai-entrevistes-con-mas-de-400-entrevistas-realizadas\\\/#primaryimage\",\"url\":\"https:\\\/\\\/mont-roig.cat\\\/wp-content\\\/uploads\\\/Espai-entrevistes.jpg\",\"contentUrl\":\"https:\\\/\\\/mont-roig.cat\\\/wp-content\\\/uploads\\\/Espai-entrevistes.jpg\",\"width\":1600,\"height\":1204},{\"@type\":\"BreadcrumbList\",\"@id\":\"https:\\\/\\\/mont-roig.cat\\\/es\\\/actualitat\\\/noticies\\\/buena-acogida-de-la-septima-edicion-del-espai-entrevistes-con-mas-de-400-entrevistas-realizadas\\\/#breadcrumb\",\"itemListElement\":[{\"@type\":\"ListItem\",\"position\":1,\"name\":\"Inici\",\"item\":\"https:\\\/\\\/mont-roig.cat\\\/es\\\/pagina-de-inicio\\\/\"},{\"@type\":\"ListItem\",\"position\":2,\"name\":\"Buena acogida de la s\u00e9ptima edici\u00f3n del Espai Entrevistes, con m\u00e1s de 400 entrevistas realizadas\"}]},{\"@type\":\"WebSite\",\"@id\":\"https:\\\/\\\/mont-roig.cat\\\/es\\\/#website\",\"url\":\"https:\\\/\\\/mont-roig.cat\\\/es\\\/\",\"name\":\"Ajuntament de Mont-roig del Camp\",\"description\":\"Tota la informaci\u00f3 sobre la instituci\u00f3, els seus \u00f2rgans de govern, actualitat, serveis i molt m\u00e9s.\",\"potentialAction\":[{\"@type\":\"SearchAction\",\"target\":{\"@type\":\"EntryPoint\",\"urlTemplate\":\"https:\\\/\\\/mont-roig.cat\\\/es\\\/?s={search_term_string}\"},\"query-input\":{\"@type\":\"PropertyValueSpecification\",\"valueRequired\":true,\"valueName\":\"search_term_string\"}}],\"inLanguage\":\"es\"},{\"@type\":\"Person\",\"@id\":\"https:\\\/\\\/mont-roig.cat\\\/es\\\/#\\\/schema\\\/person\\\/1f73e7b5e6f9dd122e8a6f14f310ac5e\",\"name\":\"comunicacio\",\"image\":{\"@type\":\"ImageObject\",\"inLanguage\":\"es\",\"@id\":\"https:\\\/\\\/secure.gravatar.com\\\/avatar\\\/98944333e7a877670a64f8d10f0cb680ab2c9ebc4efc43945ef004b52b5ad28c?s=96&d=mm&r=g\",\"url\":\"https:\\\/\\\/secure.gravatar.com\\\/avatar\\\/98944333e7a877670a64f8d10f0cb680ab2c9ebc4efc43945ef004b52b5ad28c?s=96&d=mm&r=g\",\"contentUrl\":\"https:\\\/\\\/secure.gravatar.com\\\/avatar\\\/98944333e7a877670a64f8d10f0cb680ab2c9ebc4efc43945ef004b52b5ad28c?s=96&d=mm&r=g\",\"caption\":\"comunicacio\"},\"url\":\"https:\\\/\\\/mont-roig.cat\\\/es\\\/actualitat\\\/noticies\\\/author\\\/comunicacio\\\/\"}]}<\/script>\n<!-- \/ Yoast SEO plugin. -->","yoast_head_json":{"title":"Buena acogida de la s\u00e9ptima edici\u00f3n del Espai Entrevistes, con m\u00e1s de 400 entrevistas realizadas - Ajuntament de Mont-roig del Camp","robots":{"index":"index","follow":"follow","max-snippet":"max-snippet:-1","max-image-preview":"max-image-preview:large","max-video-preview":"max-video-preview:-1"},"canonical":"https:\/\/mont-roig.cat\/es\/actualitat\/noticies\/buena-acogida-de-la-septima-edicion-del-espai-entrevistes-con-mas-de-400-entrevistas-realizadas\/","og_locale":"es_ES","og_type":"article","og_title":"Buena acogida de la s\u00e9ptima edici\u00f3n del Espai Entrevistes, con m\u00e1s de 400 entrevistas realizadas - Ajuntament de Mont-roig del Camp","og_description":"[vc_row][vc_column][vc_column_text css=&#8221;&#8221;] La jornada se ha celebrado en el Ecoespai y han participado 21 empresas del municipio y la zona, que han ofrecido m\u00e1s de 330 puestos de trabajo en diferentes sectores. El Espai Entrevistes, organizado por el Ayuntamiento de Mont-roig del Camp a trav\u00e9s de la concejal\u00eda de Impulso Econ\u00f3mico y Empleo, ha celebrado [&hellip;]","og_url":"https:\/\/mont-roig.cat\/es\/actualitat\/noticies\/buena-acogida-de-la-septima-edicion-del-espai-entrevistes-con-mas-de-400-entrevistas-realizadas\/","og_site_name":"Ajuntament de Mont-roig del Camp","article_published_time":"2025-03-26T13:52:25+00:00","article_modified_time":"2025-10-02T09:57:57+00:00","og_image":[{"width":1600,"height":1204,"url":"https:\/\/mont-roig.cat\/wp-content\/uploads\/Espai-entrevistes.jpg","type":"image\/jpeg"}],"author":"comunicacio","twitter_card":"summary_large_image","twitter_misc":{"Escrito por":"comunicacio","Tiempo de lectura":"3 minutos"},"schema":{"@context":"https:\/\/schema.org","@graph":[{"@type":"Article","@id":"https:\/\/mont-roig.cat\/es\/actualitat\/noticies\/buena-acogida-de-la-septima-edicion-del-espai-entrevistes-con-mas-de-400-entrevistas-realizadas\/#article","isPartOf":{"@id":"https:\/\/mont-roig.cat\/es\/actualitat\/noticies\/buena-acogida-de-la-septima-edicion-del-espai-entrevistes-con-mas-de-400-entrevistas-realizadas\/"},"author":{"name":"comunicacio","@id":"https:\/\/mont-roig.cat\/es\/#\/schema\/person\/1f73e7b5e6f9dd122e8a6f14f310ac5e"},"headline":"Buena acogida de la s\u00e9ptima edici\u00f3n del Espai Entrevistes, con m\u00e1s de 400 entrevistas realizadas","datePublished":"2025-03-26T13:52:25+00:00","dateModified":"2025-10-02T09:57:57+00:00","mainEntityOfPage":{"@id":"https:\/\/mont-roig.cat\/es\/actualitat\/noticies\/buena-acogida-de-la-septima-edicion-del-espai-entrevistes-con-mas-de-400-entrevistas-realizadas\/"},"wordCount":315,"image":{"@id":"https:\/\/mont-roig.cat\/es\/actualitat\/noticies\/buena-acogida-de-la-septima-edicion-del-espai-entrevistes-con-mas-de-400-entrevistas-realizadas\/#primaryimage"},"thumbnailUrl":"https:\/\/mont-roig.cat\/wp-content\/uploads\/Espai-entrevistes.jpg","articleSection":["Ayuntamiento","Impuls Econ\u00f2mic i Ocupaci\u00f3","PSTD"],"inLanguage":"es"},{"@type":"WebPage","@id":"https:\/\/mont-roig.cat\/es\/actualitat\/noticies\/buena-acogida-de-la-septima-edicion-del-espai-entrevistes-con-mas-de-400-entrevistas-realizadas\/","url":"https:\/\/mont-roig.cat\/es\/actualitat\/noticies\/buena-acogida-de-la-septima-edicion-del-espai-entrevistes-con-mas-de-400-entrevistas-realizadas\/","name":"Buena acogida de la s\u00e9ptima edici\u00f3n del Espai Entrevistes, con m\u00e1s de 400 entrevistas realizadas - Ajuntament de Mont-roig del Camp","isPartOf":{"@id":"https:\/\/mont-roig.cat\/es\/#website"},"primaryImageOfPage":{"@id":"https:\/\/mont-roig.cat\/es\/actualitat\/noticies\/buena-acogida-de-la-septima-edicion-del-espai-entrevistes-con-mas-de-400-entrevistas-realizadas\/#primaryimage"},"image":{"@id":"https:\/\/mont-roig.cat\/es\/actualitat\/noticies\/buena-acogida-de-la-septima-edicion-del-espai-entrevistes-con-mas-de-400-entrevistas-realizadas\/#primaryimage"},"thumbnailUrl":"https:\/\/mont-roig.cat\/wp-content\/uploads\/Espai-entrevistes.jpg","datePublished":"2025-03-26T13:52:25+00:00","dateModified":"2025-10-02T09:57:57+00:00","author":{"@id":"https:\/\/mont-roig.cat\/es\/#\/schema\/person\/1f73e7b5e6f9dd122e8a6f14f310ac5e"},"breadcrumb":{"@id":"https:\/\/mont-roig.cat\/es\/actualitat\/noticies\/buena-acogida-de-la-septima-edicion-del-espai-entrevistes-con-mas-de-400-entrevistas-realizadas\/#breadcrumb"},"inLanguage":"es","potentialAction":[{"@type":"ReadAction","target":["https:\/\/mont-roig.cat\/es\/actualitat\/noticies\/buena-acogida-de-la-septima-edicion-del-espai-entrevistes-con-mas-de-400-entrevistas-realizadas\/"]}]},{"@type":"ImageObject","inLanguage":"es","@id":"https:\/\/mont-roig.cat\/es\/actualitat\/noticies\/buena-acogida-de-la-septima-edicion-del-espai-entrevistes-con-mas-de-400-entrevistas-realizadas\/#primaryimage","url":"https:\/\/mont-roig.cat\/wp-content\/uploads\/Espai-entrevistes.jpg","contentUrl":"https:\/\/mont-roig.cat\/wp-content\/uploads\/Espai-entrevistes.jpg","width":1600,"height":1204},{"@type":"BreadcrumbList","@id":"https:\/\/mont-roig.cat\/es\/actualitat\/noticies\/buena-acogida-de-la-septima-edicion-del-espai-entrevistes-con-mas-de-400-entrevistas-realizadas\/#breadcrumb","itemListElement":[{"@type":"ListItem","position":1,"name":"Inici","item":"https:\/\/mont-roig.cat\/es\/pagina-de-inicio\/"},{"@type":"ListItem","position":2,"name":"Buena acogida de la s\u00e9ptima edici\u00f3n del Espai Entrevistes, con m\u00e1s de 400 entrevistas realizadas"}]},{"@type":"WebSite","@id":"https:\/\/mont-roig.cat\/es\/#website","url":"https:\/\/mont-roig.cat\/es\/","name":"Ajuntament de Mont-roig del Camp","description":"Tota la informaci\u00f3 sobre la instituci\u00f3, els seus \u00f2rgans de govern, actualitat, serveis i molt m\u00e9s.","potentialAction":[{"@type":"SearchAction","target":{"@type":"EntryPoint","urlTemplate":"https:\/\/mont-roig.cat\/es\/?s={search_term_string}"},"query-input":{"@type":"PropertyValueSpecification","valueRequired":true,"valueName":"search_term_string"}}],"inLanguage":"es"},{"@type":"Person","@id":"https:\/\/mont-roig.cat\/es\/#\/schema\/person\/1f73e7b5e6f9dd122e8a6f14f310ac5e","name":"comunicacio","image":{"@type":"ImageObject","inLanguage":"es","@id":"https:\/\/secure.gravatar.com\/avatar\/98944333e7a877670a64f8d10f0cb680ab2c9ebc4efc43945ef004b52b5ad28c?s=96&d=mm&r=g","url":"https:\/\/secure.gravatar.com\/avatar\/98944333e7a877670a64f8d10f0cb680ab2c9ebc4efc43945ef004b52b5ad28c?s=96&d=mm&r=g","contentUrl":"https:\/\/secure.gravatar.com\/avatar\/98944333e7a877670a64f8d10f0cb680ab2c9ebc4efc43945ef004b52b5ad28c?s=96&d=mm&r=g","caption":"comunicacio"},"url":"https:\/\/mont-roig.cat\/es\/actualitat\/noticies\/author\/comunicacio\/"}]}},"_links":{"self":[{"href":"https:\/\/mont-roig.cat\/es\/wp-json\/wp\/v2\/posts\/81474","targetHints":{"allow":["GET"]}}],"collection":[{"href":"https:\/\/mont-roig.cat\/es\/wp-json\/wp\/v2\/posts"}],"about":[{"href":"https:\/\/mont-roig.cat\/es\/wp-json\/wp\/v2\/types\/post"}],"author":[{"embeddable":true,"href":"https:\/\/mont-roig.cat\/es\/wp-json\/wp\/v2\/users\/13"}],"replies":[{"embeddable":true,"href":"https:\/\/mont-roig.cat\/es\/wp-json\/wp\/v2\/comments?post=81474"}],"version-history":[{"count":4,"href":"https:\/\/mont-roig.cat\/es\/wp-json\/wp\/v2\/posts\/81474\/revisions"}],"predecessor-version":[{"id":85959,"href":"https:\/\/mont-roig.cat\/es\/wp-json\/wp\/v2\/posts\/81474\/revisions\/85959"}],"wp:featuredmedia":[{"embeddable":true,"href":"https:\/\/mont-roig.cat\/es\/wp-json\/wp\/v2\/media\/81469"}],"wp:attachment":[{"href":"https:\/\/mont-roig.cat\/es\/wp-json\/wp\/v2\/media?parent=81474"}],"wp:term":[{"taxonomy":"category","embeddable":true,"href":"https:\/\/mont-roig.cat\/es\/wp-json\/wp\/v2\/categories?post=81474"},{"taxonomy":"post_tag","embeddable":true,"href":"https:\/\/mont-roig.cat\/es\/wp-json\/wp\/v2\/tags?post=81474"}],"curies":[{"name":"wp","href":"https:\/\/api.w.org\/{rel}","templated":true}]}}