{"id":81502,"date":"2025-03-28T10:53:40","date_gmt":"2025-03-28T09:53:40","guid":{"rendered":"https:\/\/mont-roig.cat\/actualitat\/noticies\/la-festa-de-la-gent-gran-se-celebrara-enguany-el-divendres-9-de-maig-a-miami-platja\/"},"modified":"2025-03-28T11:07:12","modified_gmt":"2025-03-28T10:07:12","slug":"la-fiesta-de-la-gent-gran-se-celebrara-este-ano-el-viernes-9-de-mayo-en-miami-platja","status":"publish","type":"post","link":"https:\/\/mont-roig.cat\/es\/actualitat\/noticies\/la-fiesta-de-la-gent-gran-se-celebrara-este-ano-el-viernes-9-de-mayo-en-miami-platja\/","title":{"rendered":"La Fiesta de la Gent Gran se celebrar\u00e1 este a\u00f1o el viernes 9 de mayo en Miami Platja"},"content":{"rendered":"<ul>\n<li><strong><a href=\"https:\/\/mont-roig.cat\/wp-content\/uploads\/MM_festa_avis25_web.png\" target=\"_blank\" rel=\"noopener\"><img loading=\"lazy\" decoding=\"async\" class=\"alignright wp-image-81495\" src=\"https:\/\/mont-roig.cat\/wp-content\/uploads\/MM_festa_avis25_web-354x500.png\" alt=\"\" width=\"253\" height=\"357\" srcset=\"https:\/\/mont-roig.cat\/wp-content\/uploads\/MM_festa_avis25_web-354x500.png 354w, https:\/\/mont-roig.cat\/wp-content\/uploads\/MM_festa_avis25_web-724x1024.png 724w, https:\/\/mont-roig.cat\/wp-content\/uploads\/MM_festa_avis25_web-768x1086.png 768w, https:\/\/mont-roig.cat\/wp-content\/uploads\/MM_festa_avis25_web-1086x1536.png 1086w, https:\/\/mont-roig.cat\/wp-content\/uploads\/MM_festa_avis25_web.png 1403w\" sizes=\"auto, (max-width: 253px) 100vw, 253px\" \/><\/a><\/strong><strong>Para participar en la fiesta, todas las personas mayores de 70 a\u00f1os empadronadas en el municipio deber\u00e1n inscribirse antes del viernes 25 de abril, de forma presencial en los Casals d\u2019Avis de Mont-roig o de Miami Platja, o llamando al 664 493 254<\/strong><\/li>\n<li>\n<p class=\"\" data-start=\"140\" data-end=\"401\"><strong>Para facilitar los desplazamientos, el Ayuntamiento habilitar\u00e1 tres l\u00edneas de autobuses para trasladar a los asistentes desde todo el municipio hasta la carpa donde se celebrar\u00e1 la fiesta.<\/strong><\/p>\n<\/li>\n<\/ul>\n<p>El Departament de Gent Gran del Ajuntament de Mont-roig del Camp informa que el pr\u00f3ximo viernes 9 de mayo de 2025 tendr\u00e1 lugar la Fiesta de la Gent Gran. Este a\u00f1o, el evento se celebrar\u00e1 en el polideportivo de Miami Platja, en horario de 12:30 h a 18:00 h.<\/p>\n<p>Este acto, organizado anualmente para reconocer y homenajear a nuestra gente mayor, contar\u00e1 con un espect\u00e1culo, comida y m\u00fasica en directo. La fiesta es totalmente gratuita para todos los participantes.<\/p>\n<p><strong>Inscripciones abiertas hasta el 25 de abril<\/strong><br \/>\nLas personas de 70 a\u00f1os o m\u00e1s, empadronadas en el municipio, que quieran asistir a la fiesta deber\u00e1n inscribirse antes del 25 de abril. Las inscripciones pueden realizarse de forma presencial en los Casals d\u2019Avis o llamando al 664 493 254. Aunque el plazo finaliza el 25 de abril, recomendamos hacerlo lo antes posible para facilitar la organizaci\u00f3n. En el momento de la inscripci\u00f3n, ser\u00e1 necesario informar si se padece alguna alergia o intolerancia alimentaria y si se necesita transporte adaptado.<\/p>\n<p><strong>Transporte para los asistentes<\/strong><br \/>\nPara facilitar los desplazamientos, el Ajuntament habilitar\u00e1 varias l\u00edneas de autobuses desde Miami Platja, Mont-roig y diferentes urbanizaciones hasta el polideportivo. Las personas inscritas deber\u00e1n indicar cu\u00e1l es la parada m\u00e1s conveniente en el momento de la inscripci\u00f3n. Para m\u00e1s informaci\u00f3n, pod\u00e9is contactar con el Departament de Gent Gran a trav\u00e9s del tel\u00e9fono 664 493 254.<\/p>\n<h4 class=\"\" data-start=\"2211\" data-end=\"2237\"><strong data-start=\"2216\" data-end=\"2235\">RUTA MONT-ROIG:<\/strong><\/h4>\n<ul>\n<li data-start=\"2240\" data-end=\"2313\">Cam\u00ed de l\u2019Arranclavers (Rna, de l\u2019Era) \u2192 Recogida a las 11:15 h<\/li>\n<li data-start=\"2316\" data-end=\"2373\">Casal d\u2019Avis Mont-roig \u2192 Recogida a las 11:30 h<\/li>\n<li data-start=\"2376\" data-end=\"2461\">Club Mont-roig (parada de autob\u00fas de la carretera) \u2192 Recogida a las 11:45 h<\/li>\n<li data-start=\"2464\" data-end=\"2555\">Mainou (C\/ de l\u2019Areny con C\/A a la vora de la carretera) \u2192 Recogida a las 12:00 h<\/li>\n<\/ul>\n<h4 class=\"\" data-start=\"2557\" data-end=\"2588\"><strong data-start=\"2562\" data-end=\"2586\">RUTA URBANITZACIONS:<\/strong><\/h4>\n<ul>\n<li data-start=\"2591\" data-end=\"2656\">Bonmont (Entrada club de golf) \u2192 Recogida a las 11:30 h<\/li>\n<li data-start=\"2659\" data-end=\"2744\">Costa Z\u00e8fir (Av. Diversitat con Doctor Gil Vernet) \u2192 Recogida a las 11:45 h<\/li>\n<li data-start=\"2747\" data-end=\"2829\">Casalot (rotonda C\/ Casalot con C\/ Deessa Isis) \u2192 Recogida a las 12:00 h<\/li>\n<\/ul>\n<h4 class=\"\" data-start=\"2831\" data-end=\"2870\"><strong data-start=\"2836\" data-end=\"2868\">RUTA URBANITZACIONS \/ MIAMI:<\/strong><\/h4>\n<ul>\n<li data-start=\"2873\" data-end=\"2969\">Masos d\u2019en Blad\u00e9 (Av. de les Falgueres con C\/ de les F\u00facsies) \u2192 Recogida a las 11:45 h<\/li>\n<li data-start=\"2972\" data-end=\"3022\">Pla\u00e7a Tarragona \u2192 Recogida a las 12:00 h<\/li>\n<\/ul>\n","protected":false},"excerpt":{"rendered":"<p>Para participar en la fiesta, todas las personas mayores de 70 a\u00f1os empadronadas en el municipio deber\u00e1n inscribirse antes del viernes 25 de abril, de forma presencial en los Casals d\u2019Avis de Mont-roig o de Miami Platja, o llamando al 664 493 254 Para facilitar los desplazamientos, el Ayuntamiento habilitar\u00e1 tres l\u00edneas de autobuses para [&hellip;]<\/p>\n","protected":false},"author":13,"featured_media":81496,"comment_status":"closed","ping_status":"closed","sticky":false,"template":"","format":"standard","meta":{"inline_featured_image":false,"_monsterinsights_skip_tracking":false,"_monsterinsights_sitenote_active":false,"_monsterinsights_sitenote_note":"","_monsterinsights_sitenote_category":0,"footnotes":""},"categories":[98],"tags":[],"class_list":["post-81502","post","type-post","status-publish","format-standard","has-post-thumbnail","hentry","category-ayuntamiento"],"yoast_head":"<!-- This site is optimized with the Yoast SEO plugin v27.4 - https:\/\/yoast.com\/product\/yoast-seo-wordpress\/ -->\n<title>La Fiesta de la Gent Gran se celebrar\u00e1 este a\u00f1o el viernes 9 de mayo en Miami Platja - Ajuntament de Mont-roig del Camp<\/title>\n<meta name=\"robots\" content=\"index, follow, max-snippet:-1, max-image-preview:large, max-video-preview:-1\" \/>\n<link rel=\"canonical\" href=\"https:\/\/mont-roig.cat\/es\/actualitat\/noticies\/la-fiesta-de-la-gent-gran-se-celebrara-este-ano-el-viernes-9-de-mayo-en-miami-platja\/\" \/>\n<meta property=\"og:locale\" content=\"es_ES\" \/>\n<meta property=\"og:type\" content=\"article\" \/>\n<meta property=\"og:title\" content=\"La Fiesta de la Gent Gran se celebrar\u00e1 este a\u00f1o el viernes 9 de mayo en Miami Platja - Ajuntament de Mont-roig del Camp\" \/>\n<meta property=\"og:description\" content=\"Para participar en la fiesta, todas las personas mayores de 70 a\u00f1os empadronadas en el municipio deber\u00e1n inscribirse antes del viernes 25 de abril, de forma presencial en los Casals d\u2019Avis de Mont-roig o de Miami Platja, o llamando al 664 493 254 Para facilitar los desplazamientos, el Ayuntamiento habilitar\u00e1 tres l\u00edneas de autobuses para [&hellip;]\" \/>\n<meta property=\"og:url\" content=\"https:\/\/mont-roig.cat\/es\/actualitat\/noticies\/la-fiesta-de-la-gent-gran-se-celebrara-este-ano-el-viernes-9-de-mayo-en-miami-platja\/\" \/>\n<meta property=\"og:site_name\" content=\"Ajuntament de Mont-roig del Camp\" \/>\n<meta property=\"article:published_time\" content=\"2025-03-28T09:53:40+00:00\" \/>\n<meta property=\"article:modified_time\" content=\"2025-03-28T10:07:12+00:00\" \/>\n<meta property=\"og:image\" content=\"https:\/\/mont-roig.cat\/wp-content\/uploads\/MM_festa_avis25_web.png\" \/>\n\t<meta property=\"og:image:width\" content=\"1403\" \/>\n\t<meta property=\"og:image:height\" content=\"1984\" \/>\n\t<meta property=\"og:image:type\" content=\"image\/png\" \/>\n<meta name=\"author\" content=\"comunicacio\" \/>\n<meta name=\"twitter:card\" content=\"summary_large_image\" \/>\n<meta name=\"twitter:label1\" content=\"Escrito por\" \/>\n\t<meta name=\"twitter:data1\" content=\"comunicacio\" \/>\n\t<meta name=\"twitter:label2\" content=\"Tiempo de lectura\" \/>\n\t<meta name=\"twitter:data2\" content=\"3 minutos\" \/>\n<script type=\"application\/ld+json\" class=\"yoast-schema-graph\">{\"@context\":\"https:\\\/\\\/schema.org\",\"@graph\":[{\"@type\":\"Article\",\"@id\":\"https:\\\/\\\/mont-roig.cat\\\/es\\\/actualitat\\\/noticies\\\/la-fiesta-de-la-gent-gran-se-celebrara-este-ano-el-viernes-9-de-mayo-en-miami-platja\\\/#article\",\"isPartOf\":{\"@id\":\"https:\\\/\\\/mont-roig.cat\\\/es\\\/actualitat\\\/noticies\\\/la-fiesta-de-la-gent-gran-se-celebrara-este-ano-el-viernes-9-de-mayo-en-miami-platja\\\/\"},\"author\":{\"name\":\"comunicacio\",\"@id\":\"https:\\\/\\\/mont-roig.cat\\\/es\\\/#\\\/schema\\\/person\\\/1f73e7b5e6f9dd122e8a6f14f310ac5e\"},\"headline\":\"La Fiesta de la Gent Gran se celebrar\u00e1 este a\u00f1o el viernes 9 de mayo en Miami Platja\",\"datePublished\":\"2025-03-28T09:53:40+00:00\",\"dateModified\":\"2025-03-28T10:07:12+00:00\",\"mainEntityOfPage\":{\"@id\":\"https:\\\/\\\/mont-roig.cat\\\/es\\\/actualitat\\\/noticies\\\/la-fiesta-de-la-gent-gran-se-celebrara-este-ano-el-viernes-9-de-mayo-en-miami-platja\\\/\"},\"wordCount\":438,\"image\":{\"@id\":\"https:\\\/\\\/mont-roig.cat\\\/es\\\/actualitat\\\/noticies\\\/la-fiesta-de-la-gent-gran-se-celebrara-este-ano-el-viernes-9-de-mayo-en-miami-platja\\\/#primaryimage\"},\"thumbnailUrl\":\"https:\\\/\\\/mont-roig.cat\\\/wp-content\\\/uploads\\\/MM_festa_avis25_web.png\",\"articleSection\":[\"Ayuntamiento\"],\"inLanguage\":\"es\"},{\"@type\":\"WebPage\",\"@id\":\"https:\\\/\\\/mont-roig.cat\\\/es\\\/actualitat\\\/noticies\\\/la-fiesta-de-la-gent-gran-se-celebrara-este-ano-el-viernes-9-de-mayo-en-miami-platja\\\/\",\"url\":\"https:\\\/\\\/mont-roig.cat\\\/es\\\/actualitat\\\/noticies\\\/la-fiesta-de-la-gent-gran-se-celebrara-este-ano-el-viernes-9-de-mayo-en-miami-platja\\\/\",\"name\":\"La Fiesta de la Gent Gran se celebrar\u00e1 este a\u00f1o el viernes 9 de mayo en Miami Platja - Ajuntament de Mont-roig del Camp\",\"isPartOf\":{\"@id\":\"https:\\\/\\\/mont-roig.cat\\\/es\\\/#website\"},\"primaryImageOfPage\":{\"@id\":\"https:\\\/\\\/mont-roig.cat\\\/es\\\/actualitat\\\/noticies\\\/la-fiesta-de-la-gent-gran-se-celebrara-este-ano-el-viernes-9-de-mayo-en-miami-platja\\\/#primaryimage\"},\"image\":{\"@id\":\"https:\\\/\\\/mont-roig.cat\\\/es\\\/actualitat\\\/noticies\\\/la-fiesta-de-la-gent-gran-se-celebrara-este-ano-el-viernes-9-de-mayo-en-miami-platja\\\/#primaryimage\"},\"thumbnailUrl\":\"https:\\\/\\\/mont-roig.cat\\\/wp-content\\\/uploads\\\/MM_festa_avis25_web.png\",\"datePublished\":\"2025-03-28T09:53:40+00:00\",\"dateModified\":\"2025-03-28T10:07:12+00:00\",\"author\":{\"@id\":\"https:\\\/\\\/mont-roig.cat\\\/es\\\/#\\\/schema\\\/person\\\/1f73e7b5e6f9dd122e8a6f14f310ac5e\"},\"breadcrumb\":{\"@id\":\"https:\\\/\\\/mont-roig.cat\\\/es\\\/actualitat\\\/noticies\\\/la-fiesta-de-la-gent-gran-se-celebrara-este-ano-el-viernes-9-de-mayo-en-miami-platja\\\/#breadcrumb\"},\"inLanguage\":\"es\",\"potentialAction\":[{\"@type\":\"ReadAction\",\"target\":[\"https:\\\/\\\/mont-roig.cat\\\/es\\\/actualitat\\\/noticies\\\/la-fiesta-de-la-gent-gran-se-celebrara-este-ano-el-viernes-9-de-mayo-en-miami-platja\\\/\"]}]},{\"@type\":\"ImageObject\",\"inLanguage\":\"es\",\"@id\":\"https:\\\/\\\/mont-roig.cat\\\/es\\\/actualitat\\\/noticies\\\/la-fiesta-de-la-gent-gran-se-celebrara-este-ano-el-viernes-9-de-mayo-en-miami-platja\\\/#primaryimage\",\"url\":\"https:\\\/\\\/mont-roig.cat\\\/wp-content\\\/uploads\\\/MM_festa_avis25_web.png\",\"contentUrl\":\"https:\\\/\\\/mont-roig.cat\\\/wp-content\\\/uploads\\\/MM_festa_avis25_web.png\",\"width\":1403,\"height\":1984},{\"@type\":\"BreadcrumbList\",\"@id\":\"https:\\\/\\\/mont-roig.cat\\\/es\\\/actualitat\\\/noticies\\\/la-fiesta-de-la-gent-gran-se-celebrara-este-ano-el-viernes-9-de-mayo-en-miami-platja\\\/#breadcrumb\",\"itemListElement\":[{\"@type\":\"ListItem\",\"position\":1,\"name\":\"Inici\",\"item\":\"https:\\\/\\\/mont-roig.cat\\\/es\\\/pagina-de-inicio\\\/\"},{\"@type\":\"ListItem\",\"position\":2,\"name\":\"La Fiesta de la Gent Gran se celebrar\u00e1 este a\u00f1o el viernes 9 de mayo en Miami Platja\"}]},{\"@type\":\"WebSite\",\"@id\":\"https:\\\/\\\/mont-roig.cat\\\/es\\\/#website\",\"url\":\"https:\\\/\\\/mont-roig.cat\\\/es\\\/\",\"name\":\"Ajuntament de Mont-roig del Camp\",\"description\":\"Tota la informaci\u00f3 sobre la instituci\u00f3, els seus \u00f2rgans de govern, actualitat, serveis i molt m\u00e9s.\",\"potentialAction\":[{\"@type\":\"SearchAction\",\"target\":{\"@type\":\"EntryPoint\",\"urlTemplate\":\"https:\\\/\\\/mont-roig.cat\\\/es\\\/?s={search_term_string}\"},\"query-input\":{\"@type\":\"PropertyValueSpecification\",\"valueRequired\":true,\"valueName\":\"search_term_string\"}}],\"inLanguage\":\"es\"},{\"@type\":\"Person\",\"@id\":\"https:\\\/\\\/mont-roig.cat\\\/es\\\/#\\\/schema\\\/person\\\/1f73e7b5e6f9dd122e8a6f14f310ac5e\",\"name\":\"comunicacio\",\"image\":{\"@type\":\"ImageObject\",\"inLanguage\":\"es\",\"@id\":\"https:\\\/\\\/secure.gravatar.com\\\/avatar\\\/98944333e7a877670a64f8d10f0cb680ab2c9ebc4efc43945ef004b52b5ad28c?s=96&d=mm&r=g\",\"url\":\"https:\\\/\\\/secure.gravatar.com\\\/avatar\\\/98944333e7a877670a64f8d10f0cb680ab2c9ebc4efc43945ef004b52b5ad28c?s=96&d=mm&r=g\",\"contentUrl\":\"https:\\\/\\\/secure.gravatar.com\\\/avatar\\\/98944333e7a877670a64f8d10f0cb680ab2c9ebc4efc43945ef004b52b5ad28c?s=96&d=mm&r=g\",\"caption\":\"comunicacio\"},\"url\":\"https:\\\/\\\/mont-roig.cat\\\/es\\\/actualitat\\\/noticies\\\/author\\\/comunicacio\\\/\"}]}<\/script>\n<!-- \/ Yoast SEO plugin. -->","yoast_head_json":{"title":"La Fiesta de la Gent Gran se celebrar\u00e1 este a\u00f1o el viernes 9 de mayo en Miami Platja - Ajuntament de Mont-roig del Camp","robots":{"index":"index","follow":"follow","max-snippet":"max-snippet:-1","max-image-preview":"max-image-preview:large","max-video-preview":"max-video-preview:-1"},"canonical":"https:\/\/mont-roig.cat\/es\/actualitat\/noticies\/la-fiesta-de-la-gent-gran-se-celebrara-este-ano-el-viernes-9-de-mayo-en-miami-platja\/","og_locale":"es_ES","og_type":"article","og_title":"La Fiesta de la Gent Gran se celebrar\u00e1 este a\u00f1o el viernes 9 de mayo en Miami Platja - Ajuntament de Mont-roig del Camp","og_description":"Para participar en la fiesta, todas las personas mayores de 70 a\u00f1os empadronadas en el municipio deber\u00e1n inscribirse antes del viernes 25 de abril, de forma presencial en los Casals d\u2019Avis de Mont-roig o de Miami Platja, o llamando al 664 493 254 Para facilitar los desplazamientos, el Ayuntamiento habilitar\u00e1 tres l\u00edneas de autobuses para [&hellip;]","og_url":"https:\/\/mont-roig.cat\/es\/actualitat\/noticies\/la-fiesta-de-la-gent-gran-se-celebrara-este-ano-el-viernes-9-de-mayo-en-miami-platja\/","og_site_name":"Ajuntament de Mont-roig del Camp","article_published_time":"2025-03-28T09:53:40+00:00","article_modified_time":"2025-03-28T10:07:12+00:00","og_image":[{"width":1403,"height":1984,"url":"https:\/\/mont-roig.cat\/wp-content\/uploads\/MM_festa_avis25_web.png","type":"image\/png"}],"author":"comunicacio","twitter_card":"summary_large_image","twitter_misc":{"Escrito por":"comunicacio","Tiempo de lectura":"3 minutos"},"schema":{"@context":"https:\/\/schema.org","@graph":[{"@type":"Article","@id":"https:\/\/mont-roig.cat\/es\/actualitat\/noticies\/la-fiesta-de-la-gent-gran-se-celebrara-este-ano-el-viernes-9-de-mayo-en-miami-platja\/#article","isPartOf":{"@id":"https:\/\/mont-roig.cat\/es\/actualitat\/noticies\/la-fiesta-de-la-gent-gran-se-celebrara-este-ano-el-viernes-9-de-mayo-en-miami-platja\/"},"author":{"name":"comunicacio","@id":"https:\/\/mont-roig.cat\/es\/#\/schema\/person\/1f73e7b5e6f9dd122e8a6f14f310ac5e"},"headline":"La Fiesta de la Gent Gran se celebrar\u00e1 este a\u00f1o el viernes 9 de mayo en Miami Platja","datePublished":"2025-03-28T09:53:40+00:00","dateModified":"2025-03-28T10:07:12+00:00","mainEntityOfPage":{"@id":"https:\/\/mont-roig.cat\/es\/actualitat\/noticies\/la-fiesta-de-la-gent-gran-se-celebrara-este-ano-el-viernes-9-de-mayo-en-miami-platja\/"},"wordCount":438,"image":{"@id":"https:\/\/mont-roig.cat\/es\/actualitat\/noticies\/la-fiesta-de-la-gent-gran-se-celebrara-este-ano-el-viernes-9-de-mayo-en-miami-platja\/#primaryimage"},"thumbnailUrl":"https:\/\/mont-roig.cat\/wp-content\/uploads\/MM_festa_avis25_web.png","articleSection":["Ayuntamiento"],"inLanguage":"es"},{"@type":"WebPage","@id":"https:\/\/mont-roig.cat\/es\/actualitat\/noticies\/la-fiesta-de-la-gent-gran-se-celebrara-este-ano-el-viernes-9-de-mayo-en-miami-platja\/","url":"https:\/\/mont-roig.cat\/es\/actualitat\/noticies\/la-fiesta-de-la-gent-gran-se-celebrara-este-ano-el-viernes-9-de-mayo-en-miami-platja\/","name":"La Fiesta de la Gent Gran se celebrar\u00e1 este a\u00f1o el viernes 9 de mayo en Miami Platja - Ajuntament de Mont-roig del Camp","isPartOf":{"@id":"https:\/\/mont-roig.cat\/es\/#website"},"primaryImageOfPage":{"@id":"https:\/\/mont-roig.cat\/es\/actualitat\/noticies\/la-fiesta-de-la-gent-gran-se-celebrara-este-ano-el-viernes-9-de-mayo-en-miami-platja\/#primaryimage"},"image":{"@id":"https:\/\/mont-roig.cat\/es\/actualitat\/noticies\/la-fiesta-de-la-gent-gran-se-celebrara-este-ano-el-viernes-9-de-mayo-en-miami-platja\/#primaryimage"},"thumbnailUrl":"https:\/\/mont-roig.cat\/wp-content\/uploads\/MM_festa_avis25_web.png","datePublished":"2025-03-28T09:53:40+00:00","dateModified":"2025-03-28T10:07:12+00:00","author":{"@id":"https:\/\/mont-roig.cat\/es\/#\/schema\/person\/1f73e7b5e6f9dd122e8a6f14f310ac5e"},"breadcrumb":{"@id":"https:\/\/mont-roig.cat\/es\/actualitat\/noticies\/la-fiesta-de-la-gent-gran-se-celebrara-este-ano-el-viernes-9-de-mayo-en-miami-platja\/#breadcrumb"},"inLanguage":"es","potentialAction":[{"@type":"ReadAction","target":["https:\/\/mont-roig.cat\/es\/actualitat\/noticies\/la-fiesta-de-la-gent-gran-se-celebrara-este-ano-el-viernes-9-de-mayo-en-miami-platja\/"]}]},{"@type":"ImageObject","inLanguage":"es","@id":"https:\/\/mont-roig.cat\/es\/actualitat\/noticies\/la-fiesta-de-la-gent-gran-se-celebrara-este-ano-el-viernes-9-de-mayo-en-miami-platja\/#primaryimage","url":"https:\/\/mont-roig.cat\/wp-content\/uploads\/MM_festa_avis25_web.png","contentUrl":"https:\/\/mont-roig.cat\/wp-content\/uploads\/MM_festa_avis25_web.png","width":1403,"height":1984},{"@type":"BreadcrumbList","@id":"https:\/\/mont-roig.cat\/es\/actualitat\/noticies\/la-fiesta-de-la-gent-gran-se-celebrara-este-ano-el-viernes-9-de-mayo-en-miami-platja\/#breadcrumb","itemListElement":[{"@type":"ListItem","position":1,"name":"Inici","item":"https:\/\/mont-roig.cat\/es\/pagina-de-inicio\/"},{"@type":"ListItem","position":2,"name":"La Fiesta de la Gent Gran se celebrar\u00e1 este a\u00f1o el viernes 9 de mayo en Miami Platja"}]},{"@type":"WebSite","@id":"https:\/\/mont-roig.cat\/es\/#website","url":"https:\/\/mont-roig.cat\/es\/","name":"Ajuntament de Mont-roig del Camp","description":"Tota la informaci\u00f3 sobre la instituci\u00f3, els seus \u00f2rgans de govern, actualitat, serveis i molt m\u00e9s.","potentialAction":[{"@type":"SearchAction","target":{"@type":"EntryPoint","urlTemplate":"https:\/\/mont-roig.cat\/es\/?s={search_term_string}"},"query-input":{"@type":"PropertyValueSpecification","valueRequired":true,"valueName":"search_term_string"}}],"inLanguage":"es"},{"@type":"Person","@id":"https:\/\/mont-roig.cat\/es\/#\/schema\/person\/1f73e7b5e6f9dd122e8a6f14f310ac5e","name":"comunicacio","image":{"@type":"ImageObject","inLanguage":"es","@id":"https:\/\/secure.gravatar.com\/avatar\/98944333e7a877670a64f8d10f0cb680ab2c9ebc4efc43945ef004b52b5ad28c?s=96&d=mm&r=g","url":"https:\/\/secure.gravatar.com\/avatar\/98944333e7a877670a64f8d10f0cb680ab2c9ebc4efc43945ef004b52b5ad28c?s=96&d=mm&r=g","contentUrl":"https:\/\/secure.gravatar.com\/avatar\/98944333e7a877670a64f8d10f0cb680ab2c9ebc4efc43945ef004b52b5ad28c?s=96&d=mm&r=g","caption":"comunicacio"},"url":"https:\/\/mont-roig.cat\/es\/actualitat\/noticies\/author\/comunicacio\/"}]}},"_links":{"self":[{"href":"https:\/\/mont-roig.cat\/es\/wp-json\/wp\/v2\/posts\/81502","targetHints":{"allow":["GET"]}}],"collection":[{"href":"https:\/\/mont-roig.cat\/es\/wp-json\/wp\/v2\/posts"}],"about":[{"href":"https:\/\/mont-roig.cat\/es\/wp-json\/wp\/v2\/types\/post"}],"author":[{"embeddable":true,"href":"https:\/\/mont-roig.cat\/es\/wp-json\/wp\/v2\/users\/13"}],"replies":[{"embeddable":true,"href":"https:\/\/mont-roig.cat\/es\/wp-json\/wp\/v2\/comments?post=81502"}],"version-history":[{"count":3,"href":"https:\/\/mont-roig.cat\/es\/wp-json\/wp\/v2\/posts\/81502\/revisions"}],"predecessor-version":[{"id":81505,"href":"https:\/\/mont-roig.cat\/es\/wp-json\/wp\/v2\/posts\/81502\/revisions\/81505"}],"wp:featuredmedia":[{"embeddable":true,"href":"https:\/\/mont-roig.cat\/es\/wp-json\/wp\/v2\/media\/81496"}],"wp:attachment":[{"href":"https:\/\/mont-roig.cat\/es\/wp-json\/wp\/v2\/media?parent=81502"}],"wp:term":[{"taxonomy":"category","embeddable":true,"href":"https:\/\/mont-roig.cat\/es\/wp-json\/wp\/v2\/categories?post=81502"},{"taxonomy":"post_tag","embeddable":true,"href":"https:\/\/mont-roig.cat\/es\/wp-json\/wp\/v2\/tags?post=81502"}],"curies":[{"name":"wp","href":"https:\/\/api.w.org\/{rel}","templated":true}]}}