{"id":81557,"date":"2025-04-01T14:02:54","date_gmt":"2025-04-01T12:02:54","guid":{"rendered":"https:\/\/mont-roig.cat\/actualitat\/noticies\/la-delegada-del-govern-a-tarragona-visita-lajuntament-de-mont-roig-del-camp-per-abordar-temes-dinteres-municipal\/"},"modified":"2025-04-01T14:29:23","modified_gmt":"2025-04-01T12:29:23","slug":"la-delegada-del-govern-a-tarragona-visita-lajuntament-de-mont-roig-del-camp-para-abordar-temas-de-interes-municipal","status":"publish","type":"post","link":"https:\/\/mont-roig.cat\/es\/actualitat\/noticies\/la-delegada-del-govern-a-tarragona-visita-lajuntament-de-mont-roig-del-camp-para-abordar-temas-de-interes-municipal\/","title":{"rendered":"La delegada del Govern a Tarragona visita l&#8217;Ajuntament de Mont-roig del Camp para abordar temas de inter\u00e9s municipal"},"content":{"rendered":"<div id=\"attachment_81541\" style=\"width: 364px\" class=\"wp-caption alignright\"><a href=\"https:\/\/mont-roig.cat\/wp-content\/uploads\/visita-subdelegada.jpg\" target=\"_blank\" rel=\"noopener\"><img loading=\"lazy\" decoding=\"async\" aria-describedby=\"caption-attachment-81541\" class=\"wp-image-81541\" src=\"https:\/\/mont-roig.cat\/wp-content\/uploads\/visita-subdelegada-500x281.jpg\" alt=\"\" width=\"354\" height=\"199\" srcset=\"https:\/\/mont-roig.cat\/wp-content\/uploads\/visita-subdelegada-500x281.jpg 500w, https:\/\/mont-roig.cat\/wp-content\/uploads\/visita-subdelegada-1024x576.jpg 1024w, https:\/\/mont-roig.cat\/wp-content\/uploads\/visita-subdelegada-768x432.jpg 768w, https:\/\/mont-roig.cat\/wp-content\/uploads\/visita-subdelegada-1536x864.jpg 1536w, https:\/\/mont-roig.cat\/wp-content\/uploads\/visita-subdelegada.jpg 1600w\" sizes=\"auto, (max-width: 354px) 100vw, 354px\" \/><\/a><p id=\"caption-attachment-81541\" class=\"wp-caption-text\">Luc\u00eda L\u00f3pez ha sido recibida por el alcalde Fran Morancho y concejal de Turismo, Impulso Econ\u00f3mico y Ocupaci\u00f3n Yolanda P\u00e9rez.<\/p><\/div>\n<ul>\n<li data-start=\"132\" data-end=\"359\"><strong>Infraestructuras, educaci\u00f3n, seguridad y desarrollo econ\u00f3mico han sido los temas centrales del encuentro<\/strong><\/li>\n<\/ul>\n<p class=\"\" data-start=\"361\" data-end=\"2821\">La delegada del Govern de la Generalitat a Tarragona, Luc\u00eda L\u00f3pez Cerd\u00e1n, ha visitado esta ma\u00f1ana el Ayuntamiento de Mont-roig del Camp para reunirse con el alcalde Fran Morancho y otros representantes municipales. El encuentro ha servido para poner sobre la mesa diversas cuestiones de inter\u00e9s para el municipio que dependen de la administraci\u00f3n auton\u00f3mica.<\/p>\n<p class=\"\" data-start=\"361\" data-end=\"2821\">Como parte de la visita institucional, la delegada ha firmado el Llibre d&#8217;Honor del municipio, un gesto simb\u00f3lico que refleja la colaboraci\u00f3n y el compromiso entre la Generalitat y el Ayuntamiento.<\/p>\n<p class=\"\" data-start=\"361\" data-end=\"2821\">En el \u00e1mbito educativo, se ha tratado la necesidad de construir un nuevo instituto en Miami Platja y un edificio para la escuela Marcel\u00b7l\u00ed Esquius, dada la creciente demanda educativa. En cuanto a infraestructuras, el Ayuntamiento ha expuesto la importancia de mejorar la red viaria, destacando la necesidad de construir nuevas rotondas en las carreteras T-323 y T-310, as\u00ed como la mejora de esta \u00faltima v\u00eda entre Mont-roig y la urbanizaci\u00f3n Bonmont, para garantizar una movilidad m\u00e1s segura y eficiente.<\/p>\n<p class=\"\" data-start=\"361\" data-end=\"2821\">En materia de seguridad ciudadana, se ha puesto sobre la mesa la necesidad de ampliar la presencia del cuerpo de Mossos d&#8217;Esquadra en el municipio y la posibilidad de implantar una comisar\u00eda mixta en Miami Platja para reforzar la coordinaci\u00f3n entre los Mossos y la Polic\u00eda Local. Tambi\u00e9n se ha debatido la problem\u00e1tica del &#8220;top manta&#8221; y sus afectaciones al comercio local, un tema que preocupa especialmente al consistorio.<\/p>\n<p class=\"\" data-start=\"361\" data-end=\"2821\"><strong>Servicios sociales<\/strong><\/p>\n<p class=\"\" data-start=\"361\" data-end=\"2821\">En cuanto a los servicios sociales, se ha abordado la colaboraci\u00f3n con el Consell Comarcal del Baix Camp y la necesidad de fortalecer la atenci\u00f3n a las familias en situaci\u00f3n de vulnerabilidad. Adem\u00e1s, se ha expuesto la importancia del desdoblamiento del Jutjat de Pau para mejorar el servicio judicial a la ciudadan\u00eda. En el \u00e1mbito econ\u00f3mico e industrial, se ha hablado de la implantaci\u00f3n de nuevas empresas en el municipio, como Lotte y Ametller Origen, y de la ampliaci\u00f3n del \u00e1mbito industrial para favorecer el crecimiento econ\u00f3mico y la creaci\u00f3n de puestos de trabajo.<br data-start=\"2427\" data-end=\"2430\" \/>Tras la reuni\u00f3n, la delegada del Govern ha valorado muy positivamente el encuentro y ha reafirmado el compromiso de la Generalitat por continuar trabajando conjuntamente con el consistorio en la mejora de las condiciones y servicios. Asimismo, ha destacado la importancia de mantener un di\u00e1logo fluido y efectivo entre las instituciones para dar respuesta a las necesidades del territorio.<\/p>\n\n\t\t<!-- MasterSlider -->\n\t\t<div id=\"P_MS69f4eb2c72add\" class=\"master-slider-parent master-slider-gallery   ms-parent-id-0\"  >\n\n\t\t\t\n\t\t\t<!-- MasterSlider Main -->\n\t\t\t<div id=\"MS69f4eb2c72add\" class=\"master-slider ms-skin-default\" >\n\t\t\t\t \t\t\t\t \n\t\t\t<div  class=\"ms-slide\" data-delay=\"3\"    >\n\t\t\t\t\t<img decoding=\"async\" src=\"https:\/\/mont-roig.cat\/wp-content\/plugins\/masterslider\/public\/assets\/css\/blank.gif\" alt=\"visita subdelegada 3\" title=\"visita subdelegada 3\" data-src=\"https:\/\/mont-roig.cat\/wp-content\/uploadsArray\" \/>\n\t<a href=\"http:\/\/Array\" target=\"_self\"    >visita subdelegada 3<\/a>\n\n\t\t\t\t\t<div class=\"ms-info\">visita subdelegada 3<\/div>\n\n\n\t<img decoding=\"async\" class=\"ms-thumb\" src=\"https:\/\/mont-roig.cat\/wp-content\/uploadsArray\" alt=\"visita subdelegada 3\" \/>\n\t\t\t\t<\/div>\n\t\t\t<div  class=\"ms-slide\" data-delay=\"3\"    >\n\t\t\t\t\t<img decoding=\"async\" src=\"https:\/\/mont-roig.cat\/wp-content\/plugins\/masterslider\/public\/assets\/css\/blank.gif\" alt=\"visita subdelegada2\" title=\"visita subdelegada2\" data-src=\"https:\/\/mont-roig.cat\/wp-content\/uploadsArray\" \/>\n\t<a href=\"http:\/\/Array\" target=\"_self\"    >visita subdelegada2<\/a>\n\n\t\t\t\t\t<div class=\"ms-info\">visita subdelegada2<\/div>\n\n\n\t<img decoding=\"async\" class=\"ms-thumb\" src=\"https:\/\/mont-roig.cat\/wp-content\/uploadsArray\" alt=\"visita subdelegada2\" \/>\n\t\t\t\t<\/div>\n\t\t\t<div  class=\"ms-slide\" data-delay=\"3\"    >\n\t\t\t\t\t<img decoding=\"async\" src=\"https:\/\/mont-roig.cat\/wp-content\/plugins\/masterslider\/public\/assets\/css\/blank.gif\" alt=\"visita subdelegada 5\" title=\"visita subdelegada 5\" data-src=\"https:\/\/mont-roig.cat\/wp-content\/uploadsArray\" \/>\n\t<a href=\"http:\/\/Array\" target=\"_self\"    >visita subdelegada 5<\/a>\n\n\t\t\t\t\t<div class=\"ms-info\">visita subdelegada 5<\/div>\n\n\n\t<img decoding=\"async\" class=\"ms-thumb\" src=\"https:\/\/mont-roig.cat\/wp-content\/uploadsArray\" alt=\"visita subdelegada 5\" \/>\n\t\t\t\t<\/div>\n\t\t\t<div  class=\"ms-slide\" data-delay=\"3\"    >\n\t\t\t\t\t<img decoding=\"async\" src=\"https:\/\/mont-roig.cat\/wp-content\/plugins\/masterslider\/public\/assets\/css\/blank.gif\" alt=\"Visita subdelegada 6\" title=\"Visita subdelegada 6\" data-src=\"https:\/\/mont-roig.cat\/wp-content\/uploadsArray\" \/>\n\t<a href=\"http:\/\/Array\" target=\"_self\"    >Visita subdelegada 6<\/a>\n\n\t\t\t\t\t<div class=\"ms-info\">Visita subdelegada 6<\/div>\n\n\n\t<img decoding=\"async\" class=\"ms-thumb\" src=\"https:\/\/mont-roig.cat\/wp-content\/uploadsArray\" alt=\"Visita subdelegada 6\" \/>\n\t\t\t\t<\/div>\n\t\t\t<div  class=\"ms-slide\" data-delay=\"3\"    >\n\t\t\t\t\t<img decoding=\"async\" src=\"https:\/\/mont-roig.cat\/wp-content\/plugins\/masterslider\/public\/assets\/css\/blank.gif\" alt=\"visita subdelegada 4\" title=\"visita subdelegada 4\" data-src=\"https:\/\/mont-roig.cat\/wp-content\/uploadsArray\" \/>\n\t<a href=\"http:\/\/Array\" target=\"_self\"    >visita subdelegada 4<\/a>\n\n\t\t\t\t\t<div class=\"ms-info\">visita subdelegada 4<\/div>\n\n\n\t<img decoding=\"async\" class=\"ms-thumb\" src=\"https:\/\/mont-roig.cat\/wp-content\/uploadsArray\" alt=\"visita subdelegada 4\" \/>\n\t\t\t\t<\/div>\n\n\t\t\t<\/div>\n\t\t\t<!-- END MasterSlider Main -->\n\n\t\t\t \n\t\t<\/div>\n\t\t<!-- END MasterSlider -->\n\n\t\t<script>\n\t\t( window.MSReady = window.MSReady || [] ).push( function( $ ) {\n\n\t\t\t\"use strict\";\n\t\t\tvar masterslider_2add = new MasterSlider();\n\n\t\t\t\/\/ slider controls\n\t\t\tmasterslider_2add.control('arrows'     ,{ autohide:true, overVideo:true  });\n\t\t\tmasterslider_2add.control('thumblist'  ,{ autohide:false, overVideo:true, dir:'h', speed:17, inset:false, arrows:false, hover:false, customClass:'', align:'bottom',type:'thumbs', margin:2, width:140, height:80, space:2, fillMode:'fill'  });\n\t\t\tmasterslider_2add.control('slideinfo'  ,{ autohide:true, overVideo:true, dir:'h', align:'bottom',inset:true , margin:80  , size:30 });\n\t\t\t\/\/ slider setup\n\t\t\tmasterslider_2add.setup(\"MS69f4eb2c72add\", {\n\t\t\t\twidth           : 960,\n\t\t\t\theight          : 540,\n\t\t\t\tminHeight       : 0,\n\t\t\t\tspace           : 0,\n\t\t\t\tstart           : 1,\n\t\t\t\tgrabCursor      : true,\n\t\t\t\tswipe           : true,\n\t\t\t\tmouse           : true,\n\t\t\t\tkeyboard        : false,\n\t\t\t\tlayout          : \"fillwidth\",\n\t\t\t\twheel           : false,\n\t\t\t\tautoplay        : false,\n                instantStartLayers:false,\n\t\t\t\tmobileBGVideo:false,\n\t\t\t\tloop            : false,\n\t\t\t\tshuffle         : false,\n\t\t\t\tpreload         : 3,\n\t\t\t\theightLimit     : false,\n\t\t\t\tautoHeight      : false,\n\t\t\t\tsmoothHeight    : true,\n\t\t\t\tendPause        : false,\n\t\t\t\toverPause       : false,\n\t\t\t\tfillMode        : \"fill\",\n\t\t\t\tcenterControls  : true,\n\t\t\t\tstartOnAppear   : false,\n\t\t\t\tlayersMode      : \"center\",\n\t\t\t\tautofillTarget  : \"\",\n\t\t\t\thideLayers      : false,\n\t\t\t\tfullscreenMargin: 0,\n\t\t\t\tspeed           : 17,\n\t\t\t\tdir             : \"h\",\n\t\t\t\tparallaxMode    : 'swipe',\n\t\t\t\tview            : \"basic\"\n\t\t\t});\n\n\t\t\t\n\t\t\twindow.masterslider_instances = window.masterslider_instances || [];\n\t\t\twindow.masterslider_instances.push( masterslider_2add );\n\t\t});\n\t\t<\/script>\n\n\n","protected":false},"excerpt":{"rendered":"<p>Infraestructuras, educaci\u00f3n, seguridad y desarrollo econ\u00f3mico han sido los temas centrales del encuentro La delegada del Govern de la Generalitat a Tarragona, Luc\u00eda L\u00f3pez Cerd\u00e1n, ha visitado esta ma\u00f1ana el Ayuntamiento de Mont-roig del Camp para reunirse con el alcalde Fran Morancho y otros representantes municipales. El encuentro ha servido para poner sobre la mesa [&hellip;]<\/p>\n","protected":false},"author":13,"featured_media":81542,"comment_status":"closed","ping_status":"closed","sticky":false,"template":"","format":"standard","meta":{"inline_featured_image":false,"_monsterinsights_skip_tracking":false,"_monsterinsights_sitenote_active":false,"_monsterinsights_sitenote_note":"","_monsterinsights_sitenote_category":0,"footnotes":""},"categories":[156,98],"tags":[],"class_list":["post-81557","post","type-post","status-publish","format-standard","has-post-thumbnail","hentry","category-alcalde-es","category-ayuntamiento"],"yoast_head":"<!-- This site is optimized with the Yoast SEO plugin v27.4 - https:\/\/yoast.com\/product\/yoast-seo-wordpress\/ -->\n<title>La delegada del Govern a Tarragona visita l&#039;Ajuntament de Mont-roig del Camp para abordar temas de inter\u00e9s municipal - Ajuntament de Mont-roig del Camp<\/title>\n<meta name=\"robots\" content=\"index, follow, max-snippet:-1, max-image-preview:large, max-video-preview:-1\" \/>\n<link rel=\"canonical\" href=\"https:\/\/mont-roig.cat\/es\/actualitat\/noticies\/la-delegada-del-govern-a-tarragona-visita-lajuntament-de-mont-roig-del-camp-para-abordar-temas-de-interes-municipal\/\" \/>\n<meta property=\"og:locale\" content=\"es_ES\" \/>\n<meta property=\"og:type\" content=\"article\" \/>\n<meta property=\"og:title\" content=\"La delegada del Govern a Tarragona visita l&#039;Ajuntament de Mont-roig del Camp para abordar temas de inter\u00e9s municipal - Ajuntament de Mont-roig del Camp\" \/>\n<meta property=\"og:description\" content=\"Infraestructuras, educaci\u00f3n, seguridad y desarrollo econ\u00f3mico han sido los temas centrales del encuentro La delegada del Govern de la Generalitat a Tarragona, Luc\u00eda L\u00f3pez Cerd\u00e1n, ha visitado esta ma\u00f1ana el Ayuntamiento de Mont-roig del Camp para reunirse con el alcalde Fran Morancho y otros representantes municipales. El encuentro ha servido para poner sobre la mesa [&hellip;]\" \/>\n<meta property=\"og:url\" content=\"https:\/\/mont-roig.cat\/es\/actualitat\/noticies\/la-delegada-del-govern-a-tarragona-visita-lajuntament-de-mont-roig-del-camp-para-abordar-temas-de-interes-municipal\/\" \/>\n<meta property=\"og:site_name\" content=\"Ajuntament de Mont-roig del Camp\" \/>\n<meta property=\"article:published_time\" content=\"2025-04-01T12:02:54+00:00\" \/>\n<meta property=\"article:modified_time\" content=\"2025-04-01T12:29:23+00:00\" \/>\n<meta property=\"og:image\" content=\"https:\/\/mont-roig.cat\/wp-content\/uploads\/visita-subdelegada.jpg\" \/>\n\t<meta property=\"og:image:width\" content=\"1600\" \/>\n\t<meta property=\"og:image:height\" content=\"900\" \/>\n\t<meta property=\"og:image:type\" content=\"image\/jpeg\" \/>\n<meta name=\"author\" content=\"comunicacio\" \/>\n<meta name=\"twitter:card\" content=\"summary_large_image\" \/>\n<meta name=\"twitter:label1\" content=\"Escrito por\" \/>\n\t<meta name=\"twitter:data1\" content=\"comunicacio\" \/>\n\t<meta name=\"twitter:label2\" content=\"Tiempo de lectura\" \/>\n\t<meta name=\"twitter:data2\" content=\"3 minutos\" \/>\n<script type=\"application\/ld+json\" class=\"yoast-schema-graph\">{\"@context\":\"https:\\\/\\\/schema.org\",\"@graph\":[{\"@type\":\"Article\",\"@id\":\"https:\\\/\\\/mont-roig.cat\\\/es\\\/actualitat\\\/noticies\\\/la-delegada-del-govern-a-tarragona-visita-lajuntament-de-mont-roig-del-camp-para-abordar-temas-de-interes-municipal\\\/#article\",\"isPartOf\":{\"@id\":\"https:\\\/\\\/mont-roig.cat\\\/es\\\/actualitat\\\/noticies\\\/la-delegada-del-govern-a-tarragona-visita-lajuntament-de-mont-roig-del-camp-para-abordar-temas-de-interes-municipal\\\/\"},\"author\":{\"name\":\"comunicacio\",\"@id\":\"https:\\\/\\\/mont-roig.cat\\\/es\\\/#\\\/schema\\\/person\\\/1f73e7b5e6f9dd122e8a6f14f310ac5e\"},\"headline\":\"La delegada del Govern a Tarragona visita l&#8217;Ajuntament de Mont-roig del Camp para abordar temas de inter\u00e9s municipal\",\"datePublished\":\"2025-04-01T12:02:54+00:00\",\"dateModified\":\"2025-04-01T12:29:23+00:00\",\"mainEntityOfPage\":{\"@id\":\"https:\\\/\\\/mont-roig.cat\\\/es\\\/actualitat\\\/noticies\\\/la-delegada-del-govern-a-tarragona-visita-lajuntament-de-mont-roig-del-camp-para-abordar-temas-de-interes-municipal\\\/\"},\"wordCount\":497,\"image\":{\"@id\":\"https:\\\/\\\/mont-roig.cat\\\/es\\\/actualitat\\\/noticies\\\/la-delegada-del-govern-a-tarragona-visita-lajuntament-de-mont-roig-del-camp-para-abordar-temas-de-interes-municipal\\\/#primaryimage\"},\"thumbnailUrl\":\"https:\\\/\\\/mont-roig.cat\\\/wp-content\\\/uploads\\\/visita-subdelegada.jpg\",\"articleSection\":[\"Alcalde\",\"Ayuntamiento\"],\"inLanguage\":\"es\"},{\"@type\":\"WebPage\",\"@id\":\"https:\\\/\\\/mont-roig.cat\\\/es\\\/actualitat\\\/noticies\\\/la-delegada-del-govern-a-tarragona-visita-lajuntament-de-mont-roig-del-camp-para-abordar-temas-de-interes-municipal\\\/\",\"url\":\"https:\\\/\\\/mont-roig.cat\\\/es\\\/actualitat\\\/noticies\\\/la-delegada-del-govern-a-tarragona-visita-lajuntament-de-mont-roig-del-camp-para-abordar-temas-de-interes-municipal\\\/\",\"name\":\"La delegada del Govern a Tarragona visita l'Ajuntament de Mont-roig del Camp para abordar temas de inter\u00e9s municipal - Ajuntament de Mont-roig del Camp\",\"isPartOf\":{\"@id\":\"https:\\\/\\\/mont-roig.cat\\\/es\\\/#website\"},\"primaryImageOfPage\":{\"@id\":\"https:\\\/\\\/mont-roig.cat\\\/es\\\/actualitat\\\/noticies\\\/la-delegada-del-govern-a-tarragona-visita-lajuntament-de-mont-roig-del-camp-para-abordar-temas-de-interes-municipal\\\/#primaryimage\"},\"image\":{\"@id\":\"https:\\\/\\\/mont-roig.cat\\\/es\\\/actualitat\\\/noticies\\\/la-delegada-del-govern-a-tarragona-visita-lajuntament-de-mont-roig-del-camp-para-abordar-temas-de-interes-municipal\\\/#primaryimage\"},\"thumbnailUrl\":\"https:\\\/\\\/mont-roig.cat\\\/wp-content\\\/uploads\\\/visita-subdelegada.jpg\",\"datePublished\":\"2025-04-01T12:02:54+00:00\",\"dateModified\":\"2025-04-01T12:29:23+00:00\",\"author\":{\"@id\":\"https:\\\/\\\/mont-roig.cat\\\/es\\\/#\\\/schema\\\/person\\\/1f73e7b5e6f9dd122e8a6f14f310ac5e\"},\"breadcrumb\":{\"@id\":\"https:\\\/\\\/mont-roig.cat\\\/es\\\/actualitat\\\/noticies\\\/la-delegada-del-govern-a-tarragona-visita-lajuntament-de-mont-roig-del-camp-para-abordar-temas-de-interes-municipal\\\/#breadcrumb\"},\"inLanguage\":\"es\",\"potentialAction\":[{\"@type\":\"ReadAction\",\"target\":[\"https:\\\/\\\/mont-roig.cat\\\/es\\\/actualitat\\\/noticies\\\/la-delegada-del-govern-a-tarragona-visita-lajuntament-de-mont-roig-del-camp-para-abordar-temas-de-interes-municipal\\\/\"]}]},{\"@type\":\"ImageObject\",\"inLanguage\":\"es\",\"@id\":\"https:\\\/\\\/mont-roig.cat\\\/es\\\/actualitat\\\/noticies\\\/la-delegada-del-govern-a-tarragona-visita-lajuntament-de-mont-roig-del-camp-para-abordar-temas-de-interes-municipal\\\/#primaryimage\",\"url\":\"https:\\\/\\\/mont-roig.cat\\\/wp-content\\\/uploads\\\/visita-subdelegada.jpg\",\"contentUrl\":\"https:\\\/\\\/mont-roig.cat\\\/wp-content\\\/uploads\\\/visita-subdelegada.jpg\",\"width\":1600,\"height\":900},{\"@type\":\"BreadcrumbList\",\"@id\":\"https:\\\/\\\/mont-roig.cat\\\/es\\\/actualitat\\\/noticies\\\/la-delegada-del-govern-a-tarragona-visita-lajuntament-de-mont-roig-del-camp-para-abordar-temas-de-interes-municipal\\\/#breadcrumb\",\"itemListElement\":[{\"@type\":\"ListItem\",\"position\":1,\"name\":\"Inici\",\"item\":\"https:\\\/\\\/mont-roig.cat\\\/es\\\/pagina-de-inicio\\\/\"},{\"@type\":\"ListItem\",\"position\":2,\"name\":\"La delegada del Govern a Tarragona visita l&#8217;Ajuntament de Mont-roig del Camp para abordar temas de inter\u00e9s municipal\"}]},{\"@type\":\"WebSite\",\"@id\":\"https:\\\/\\\/mont-roig.cat\\\/es\\\/#website\",\"url\":\"https:\\\/\\\/mont-roig.cat\\\/es\\\/\",\"name\":\"Ajuntament de Mont-roig del Camp\",\"description\":\"Tota la informaci\u00f3 sobre la instituci\u00f3, els seus \u00f2rgans de govern, actualitat, serveis i molt m\u00e9s.\",\"potentialAction\":[{\"@type\":\"SearchAction\",\"target\":{\"@type\":\"EntryPoint\",\"urlTemplate\":\"https:\\\/\\\/mont-roig.cat\\\/es\\\/?s={search_term_string}\"},\"query-input\":{\"@type\":\"PropertyValueSpecification\",\"valueRequired\":true,\"valueName\":\"search_term_string\"}}],\"inLanguage\":\"es\"},{\"@type\":\"Person\",\"@id\":\"https:\\\/\\\/mont-roig.cat\\\/es\\\/#\\\/schema\\\/person\\\/1f73e7b5e6f9dd122e8a6f14f310ac5e\",\"name\":\"comunicacio\",\"image\":{\"@type\":\"ImageObject\",\"inLanguage\":\"es\",\"@id\":\"https:\\\/\\\/secure.gravatar.com\\\/avatar\\\/98944333e7a877670a64f8d10f0cb680ab2c9ebc4efc43945ef004b52b5ad28c?s=96&d=mm&r=g\",\"url\":\"https:\\\/\\\/secure.gravatar.com\\\/avatar\\\/98944333e7a877670a64f8d10f0cb680ab2c9ebc4efc43945ef004b52b5ad28c?s=96&d=mm&r=g\",\"contentUrl\":\"https:\\\/\\\/secure.gravatar.com\\\/avatar\\\/98944333e7a877670a64f8d10f0cb680ab2c9ebc4efc43945ef004b52b5ad28c?s=96&d=mm&r=g\",\"caption\":\"comunicacio\"},\"url\":\"https:\\\/\\\/mont-roig.cat\\\/es\\\/actualitat\\\/noticies\\\/author\\\/comunicacio\\\/\"}]}<\/script>\n<!-- \/ Yoast SEO plugin. -->","yoast_head_json":{"title":"La delegada del Govern a Tarragona visita l'Ajuntament de Mont-roig del Camp para abordar temas de inter\u00e9s municipal - Ajuntament de Mont-roig del Camp","robots":{"index":"index","follow":"follow","max-snippet":"max-snippet:-1","max-image-preview":"max-image-preview:large","max-video-preview":"max-video-preview:-1"},"canonical":"https:\/\/mont-roig.cat\/es\/actualitat\/noticies\/la-delegada-del-govern-a-tarragona-visita-lajuntament-de-mont-roig-del-camp-para-abordar-temas-de-interes-municipal\/","og_locale":"es_ES","og_type":"article","og_title":"La delegada del Govern a Tarragona visita l'Ajuntament de Mont-roig del Camp para abordar temas de inter\u00e9s municipal - Ajuntament de Mont-roig del Camp","og_description":"Infraestructuras, educaci\u00f3n, seguridad y desarrollo econ\u00f3mico han sido los temas centrales del encuentro La delegada del Govern de la Generalitat a Tarragona, Luc\u00eda L\u00f3pez Cerd\u00e1n, ha visitado esta ma\u00f1ana el Ayuntamiento de Mont-roig del Camp para reunirse con el alcalde Fran Morancho y otros representantes municipales. El encuentro ha servido para poner sobre la mesa [&hellip;]","og_url":"https:\/\/mont-roig.cat\/es\/actualitat\/noticies\/la-delegada-del-govern-a-tarragona-visita-lajuntament-de-mont-roig-del-camp-para-abordar-temas-de-interes-municipal\/","og_site_name":"Ajuntament de Mont-roig del Camp","article_published_time":"2025-04-01T12:02:54+00:00","article_modified_time":"2025-04-01T12:29:23+00:00","og_image":[{"width":1600,"height":900,"url":"https:\/\/mont-roig.cat\/wp-content\/uploads\/visita-subdelegada.jpg","type":"image\/jpeg"}],"author":"comunicacio","twitter_card":"summary_large_image","twitter_misc":{"Escrito por":"comunicacio","Tiempo de lectura":"3 minutos"},"schema":{"@context":"https:\/\/schema.org","@graph":[{"@type":"Article","@id":"https:\/\/mont-roig.cat\/es\/actualitat\/noticies\/la-delegada-del-govern-a-tarragona-visita-lajuntament-de-mont-roig-del-camp-para-abordar-temas-de-interes-municipal\/#article","isPartOf":{"@id":"https:\/\/mont-roig.cat\/es\/actualitat\/noticies\/la-delegada-del-govern-a-tarragona-visita-lajuntament-de-mont-roig-del-camp-para-abordar-temas-de-interes-municipal\/"},"author":{"name":"comunicacio","@id":"https:\/\/mont-roig.cat\/es\/#\/schema\/person\/1f73e7b5e6f9dd122e8a6f14f310ac5e"},"headline":"La delegada del Govern a Tarragona visita l&#8217;Ajuntament de Mont-roig del Camp para abordar temas de inter\u00e9s municipal","datePublished":"2025-04-01T12:02:54+00:00","dateModified":"2025-04-01T12:29:23+00:00","mainEntityOfPage":{"@id":"https:\/\/mont-roig.cat\/es\/actualitat\/noticies\/la-delegada-del-govern-a-tarragona-visita-lajuntament-de-mont-roig-del-camp-para-abordar-temas-de-interes-municipal\/"},"wordCount":497,"image":{"@id":"https:\/\/mont-roig.cat\/es\/actualitat\/noticies\/la-delegada-del-govern-a-tarragona-visita-lajuntament-de-mont-roig-del-camp-para-abordar-temas-de-interes-municipal\/#primaryimage"},"thumbnailUrl":"https:\/\/mont-roig.cat\/wp-content\/uploads\/visita-subdelegada.jpg","articleSection":["Alcalde","Ayuntamiento"],"inLanguage":"es"},{"@type":"WebPage","@id":"https:\/\/mont-roig.cat\/es\/actualitat\/noticies\/la-delegada-del-govern-a-tarragona-visita-lajuntament-de-mont-roig-del-camp-para-abordar-temas-de-interes-municipal\/","url":"https:\/\/mont-roig.cat\/es\/actualitat\/noticies\/la-delegada-del-govern-a-tarragona-visita-lajuntament-de-mont-roig-del-camp-para-abordar-temas-de-interes-municipal\/","name":"La delegada del Govern a Tarragona visita l'Ajuntament de Mont-roig del Camp para abordar temas de inter\u00e9s municipal - Ajuntament de Mont-roig del Camp","isPartOf":{"@id":"https:\/\/mont-roig.cat\/es\/#website"},"primaryImageOfPage":{"@id":"https:\/\/mont-roig.cat\/es\/actualitat\/noticies\/la-delegada-del-govern-a-tarragona-visita-lajuntament-de-mont-roig-del-camp-para-abordar-temas-de-interes-municipal\/#primaryimage"},"image":{"@id":"https:\/\/mont-roig.cat\/es\/actualitat\/noticies\/la-delegada-del-govern-a-tarragona-visita-lajuntament-de-mont-roig-del-camp-para-abordar-temas-de-interes-municipal\/#primaryimage"},"thumbnailUrl":"https:\/\/mont-roig.cat\/wp-content\/uploads\/visita-subdelegada.jpg","datePublished":"2025-04-01T12:02:54+00:00","dateModified":"2025-04-01T12:29:23+00:00","author":{"@id":"https:\/\/mont-roig.cat\/es\/#\/schema\/person\/1f73e7b5e6f9dd122e8a6f14f310ac5e"},"breadcrumb":{"@id":"https:\/\/mont-roig.cat\/es\/actualitat\/noticies\/la-delegada-del-govern-a-tarragona-visita-lajuntament-de-mont-roig-del-camp-para-abordar-temas-de-interes-municipal\/#breadcrumb"},"inLanguage":"es","potentialAction":[{"@type":"ReadAction","target":["https:\/\/mont-roig.cat\/es\/actualitat\/noticies\/la-delegada-del-govern-a-tarragona-visita-lajuntament-de-mont-roig-del-camp-para-abordar-temas-de-interes-municipal\/"]}]},{"@type":"ImageObject","inLanguage":"es","@id":"https:\/\/mont-roig.cat\/es\/actualitat\/noticies\/la-delegada-del-govern-a-tarragona-visita-lajuntament-de-mont-roig-del-camp-para-abordar-temas-de-interes-municipal\/#primaryimage","url":"https:\/\/mont-roig.cat\/wp-content\/uploads\/visita-subdelegada.jpg","contentUrl":"https:\/\/mont-roig.cat\/wp-content\/uploads\/visita-subdelegada.jpg","width":1600,"height":900},{"@type":"BreadcrumbList","@id":"https:\/\/mont-roig.cat\/es\/actualitat\/noticies\/la-delegada-del-govern-a-tarragona-visita-lajuntament-de-mont-roig-del-camp-para-abordar-temas-de-interes-municipal\/#breadcrumb","itemListElement":[{"@type":"ListItem","position":1,"name":"Inici","item":"https:\/\/mont-roig.cat\/es\/pagina-de-inicio\/"},{"@type":"ListItem","position":2,"name":"La delegada del Govern a Tarragona visita l&#8217;Ajuntament de Mont-roig del Camp para abordar temas de inter\u00e9s municipal"}]},{"@type":"WebSite","@id":"https:\/\/mont-roig.cat\/es\/#website","url":"https:\/\/mont-roig.cat\/es\/","name":"Ajuntament de Mont-roig del Camp","description":"Tota la informaci\u00f3 sobre la instituci\u00f3, els seus \u00f2rgans de govern, actualitat, serveis i molt m\u00e9s.","potentialAction":[{"@type":"SearchAction","target":{"@type":"EntryPoint","urlTemplate":"https:\/\/mont-roig.cat\/es\/?s={search_term_string}"},"query-input":{"@type":"PropertyValueSpecification","valueRequired":true,"valueName":"search_term_string"}}],"inLanguage":"es"},{"@type":"Person","@id":"https:\/\/mont-roig.cat\/es\/#\/schema\/person\/1f73e7b5e6f9dd122e8a6f14f310ac5e","name":"comunicacio","image":{"@type":"ImageObject","inLanguage":"es","@id":"https:\/\/secure.gravatar.com\/avatar\/98944333e7a877670a64f8d10f0cb680ab2c9ebc4efc43945ef004b52b5ad28c?s=96&d=mm&r=g","url":"https:\/\/secure.gravatar.com\/avatar\/98944333e7a877670a64f8d10f0cb680ab2c9ebc4efc43945ef004b52b5ad28c?s=96&d=mm&r=g","contentUrl":"https:\/\/secure.gravatar.com\/avatar\/98944333e7a877670a64f8d10f0cb680ab2c9ebc4efc43945ef004b52b5ad28c?s=96&d=mm&r=g","caption":"comunicacio"},"url":"https:\/\/mont-roig.cat\/es\/actualitat\/noticies\/author\/comunicacio\/"}]}},"_links":{"self":[{"href":"https:\/\/mont-roig.cat\/es\/wp-json\/wp\/v2\/posts\/81557","targetHints":{"allow":["GET"]}}],"collection":[{"href":"https:\/\/mont-roig.cat\/es\/wp-json\/wp\/v2\/posts"}],"about":[{"href":"https:\/\/mont-roig.cat\/es\/wp-json\/wp\/v2\/types\/post"}],"author":[{"embeddable":true,"href":"https:\/\/mont-roig.cat\/es\/wp-json\/wp\/v2\/users\/13"}],"replies":[{"embeddable":true,"href":"https:\/\/mont-roig.cat\/es\/wp-json\/wp\/v2\/comments?post=81557"}],"version-history":[{"count":2,"href":"https:\/\/mont-roig.cat\/es\/wp-json\/wp\/v2\/posts\/81557\/revisions"}],"predecessor-version":[{"id":81561,"href":"https:\/\/mont-roig.cat\/es\/wp-json\/wp\/v2\/posts\/81557\/revisions\/81561"}],"wp:featuredmedia":[{"embeddable":true,"href":"https:\/\/mont-roig.cat\/es\/wp-json\/wp\/v2\/media\/81542"}],"wp:attachment":[{"href":"https:\/\/mont-roig.cat\/es\/wp-json\/wp\/v2\/media?parent=81557"}],"wp:term":[{"taxonomy":"category","embeddable":true,"href":"https:\/\/mont-roig.cat\/es\/wp-json\/wp\/v2\/categories?post=81557"},{"taxonomy":"post_tag","embeddable":true,"href":"https:\/\/mont-roig.cat\/es\/wp-json\/wp\/v2\/tags?post=81557"}],"curies":[{"name":"wp","href":"https:\/\/api.w.org\/{rel}","templated":true}]}}