{"id":81668,"date":"2025-04-04T14:56:27","date_gmt":"2025-04-04T12:56:27","guid":{"rendered":"https:\/\/mont-roig.cat\/actualitat\/noticies\/el-torneig-de-futbol-lsa-cup-2025-es-presenta-amb-una-festa-inaugural-al-parc-lili-alvarez\/"},"modified":"2025-04-04T15:01:58","modified_gmt":"2025-04-04T13:01:58","slug":"el-torneo-de-futbol-lsa-cup-2025-se-presenta-con-una-fiesta-inaugural-en-el-parque-lili-alvarez","status":"publish","type":"post","link":"https:\/\/mont-roig.cat\/es\/actualitat\/noticies\/el-torneo-de-futbol-lsa-cup-2025-se-presenta-con-una-fiesta-inaugural-en-el-parque-lili-alvarez\/","title":{"rendered":"El torneo de f\u00fatbol LSA CUP 2025 se presenta con una fiesta inaugural en el parque Lil\u00ed \u00c1lvarez"},"content":{"rendered":"<p><strong><strong><a href=\"https:\/\/mont-roig.cat\/wp-content\/uploads\/LSA-Cup.jpeg\" target=\"_blank\" rel=\"noopener\"><img loading=\"lazy\" decoding=\"async\" class=\"alignright wp-image-81664\" src=\"https:\/\/mont-roig.cat\/wp-content\/uploads\/LSA-Cup-400x500.jpeg\" alt=\"\" width=\"265\" height=\"331\" srcset=\"https:\/\/mont-roig.cat\/wp-content\/uploads\/LSA-Cup-400x500.jpeg 400w, https:\/\/mont-roig.cat\/wp-content\/uploads\/LSA-Cup-819x1024.jpeg 819w, https:\/\/mont-roig.cat\/wp-content\/uploads\/LSA-Cup-768x960.jpeg 768w, https:\/\/mont-roig.cat\/wp-content\/uploads\/LSA-Cup.jpeg 1080w\" sizes=\"auto, (max-width: 265px) 100vw, 265px\" \/><\/a><\/strong><\/strong><\/p>\n<ul>\n<li data-start=\"232\" data-end=\"503\"><strong>Organizado por Learning Soccer Academy con la colaboraci\u00f3n de los ayuntamientos de Mont-roig del Camp y Vandell\u00f2s i l\u2019Hospitalet de l\u2019Infant, se disputar\u00e1 durante los d\u00edas 18, 19 y 20 de abril, coincidiendo con la Semana Santa, y reunir\u00e1 a cientos de j\u00f3venes futbolistas.<\/strong><\/li>\n<\/ul>\n<p class=\"\" data-start=\"505\" data-end=\"795\">El jueves 17 de abril a las 18:00 h tendr\u00e1 lugar la presentaci\u00f3n oficial del torneo LSA CUP 2025 en el parque Lil\u00ed \u00c1lvarez, en un acto festivo abierto al p\u00fablico que contar\u00e1 con la participaci\u00f3n de los gigantes Pitot y Pitota, as\u00ed como de los Grallers de Mont-roig, que amenizar\u00e1n la tarde.<\/p>\n<p class=\"\" data-start=\"797\" data-end=\"1175\">El torneo, organizado por Learning Soccer Academy (LSA) con la colaboraci\u00f3n de los ayuntamientos de Mont-roig del Camp y Vandell\u00f2s i l\u2019Hospitalet de l\u2019Infant, se disputar\u00e1 durante los d\u00edas 18, 19 y 20 de abril, coincidiendo con la Semana Santa, y reunir\u00e1 a cerca de 450 j\u00f3venes futbolistas de diversas categor\u00edas procedentes de todo el Estado en diferentes sedes del territorio:<\/p>\n<ul>\n<li data-start=\"1179\" data-end=\"1221\">Miami Platja: categor\u00edas sub-10 y sub-11<\/li>\n<li data-start=\"1224\" data-end=\"1263\">Mont-roig: categor\u00edas sub-13 y sub-14<\/li>\n<li data-start=\"1266\" data-end=\"1308\">L\u2019Hospitalet de l\u2019Infant: categor\u00eda sub-12<\/li>\n<\/ul>\n<p class=\"\" data-start=\"1310\" data-end=\"1522\">Los partidos se jugar\u00e1n tanto por la ma\u00f1ana como por la tarde durante el viernes y el s\u00e1bado, mientras que el domingo se disputar\u00e1n exclusivamente en horario matutino, con las finales previstas hasta el mediod\u00eda.<\/p>\n<p class=\"\" data-start=\"1524\" data-end=\"1986\">Con esta nueva edici\u00f3n, la LSA CUP consolida su apuesta por la promoci\u00f3n del deporte base y el impulso del turismo familiar en la Costa Daurada durante el periodo de Semana Santa. El evento se convierte en una oportunidad para que los j\u00f3venes deportistas disfruten del f\u00fatbol en un entorno privilegiado, al mismo tiempo que sus familias pueden descubrir los atractivos naturales y culturales de Mont-roig y Miami Platja y de Vandell\u00f2s i l\u2019Hospitalet de l\u2019Infant.<\/p>\n","protected":false},"excerpt":{"rendered":"<p>Organizado por Learning Soccer Academy con la colaboraci\u00f3n de los ayuntamientos de Mont-roig del Camp y Vandell\u00f2s i l\u2019Hospitalet de l\u2019Infant, se disputar\u00e1 durante los d\u00edas 18, 19 y 20 de abril, coincidiendo con la Semana Santa, y reunir\u00e1 a cientos de j\u00f3venes futbolistas. El jueves 17 de abril a las 18:00 h tendr\u00e1 lugar [&hellip;]<\/p>\n","protected":false},"author":13,"featured_media":81665,"comment_status":"closed","ping_status":"closed","sticky":false,"template":"","format":"standard","meta":{"inline_featured_image":false,"_monsterinsights_skip_tracking":false,"_monsterinsights_sitenote_active":false,"_monsterinsights_sitenote_note":"","_monsterinsights_sitenote_category":0,"footnotes":""},"categories":[98,104],"tags":[],"class_list":["post-81668","post","type-post","status-publish","format-standard","has-post-thumbnail","hentry","category-ayuntamiento","category-deportes"],"yoast_head":"<!-- This site is optimized with the Yoast SEO plugin v27.4 - https:\/\/yoast.com\/product\/yoast-seo-wordpress\/ -->\n<title>El torneo de f\u00fatbol LSA CUP 2025 se presenta con una fiesta inaugural en el parque Lil\u00ed \u00c1lvarez - Ajuntament de Mont-roig del Camp<\/title>\n<meta name=\"robots\" content=\"index, follow, max-snippet:-1, max-image-preview:large, max-video-preview:-1\" \/>\n<link rel=\"canonical\" href=\"https:\/\/mont-roig.cat\/es\/actualitat\/noticies\/el-torneo-de-futbol-lsa-cup-2025-se-presenta-con-una-fiesta-inaugural-en-el-parque-lili-alvarez\/\" \/>\n<meta property=\"og:locale\" content=\"es_ES\" \/>\n<meta property=\"og:type\" content=\"article\" \/>\n<meta property=\"og:title\" content=\"El torneo de f\u00fatbol LSA CUP 2025 se presenta con una fiesta inaugural en el parque Lil\u00ed \u00c1lvarez - Ajuntament de Mont-roig del Camp\" \/>\n<meta property=\"og:description\" content=\"Organizado por Learning Soccer Academy con la colaboraci\u00f3n de los ayuntamientos de Mont-roig del Camp y Vandell\u00f2s i l\u2019Hospitalet de l\u2019Infant, se disputar\u00e1 durante los d\u00edas 18, 19 y 20 de abril, coincidiendo con la Semana Santa, y reunir\u00e1 a cientos de j\u00f3venes futbolistas. El jueves 17 de abril a las 18:00 h tendr\u00e1 lugar [&hellip;]\" \/>\n<meta property=\"og:url\" content=\"https:\/\/mont-roig.cat\/es\/actualitat\/noticies\/el-torneo-de-futbol-lsa-cup-2025-se-presenta-con-una-fiesta-inaugural-en-el-parque-lili-alvarez\/\" \/>\n<meta property=\"og:site_name\" content=\"Ajuntament de Mont-roig del Camp\" \/>\n<meta property=\"article:published_time\" content=\"2025-04-04T12:56:27+00:00\" \/>\n<meta property=\"article:modified_time\" content=\"2025-04-04T13:01:58+00:00\" \/>\n<meta property=\"og:image\" content=\"https:\/\/mont-roig.cat\/wp-content\/uploads\/LSA-Cup.jpeg\" \/>\n\t<meta property=\"og:image:width\" content=\"1080\" \/>\n\t<meta property=\"og:image:height\" content=\"1350\" \/>\n\t<meta property=\"og:image:type\" content=\"image\/jpeg\" \/>\n<meta name=\"author\" content=\"comunicacio\" \/>\n<meta name=\"twitter:card\" content=\"summary_large_image\" \/>\n<meta name=\"twitter:label1\" content=\"Escrito por\" \/>\n\t<meta name=\"twitter:data1\" content=\"comunicacio\" \/>\n\t<meta name=\"twitter:label2\" content=\"Tiempo de lectura\" \/>\n\t<meta name=\"twitter:data2\" content=\"2 minutos\" \/>\n<script type=\"application\/ld+json\" class=\"yoast-schema-graph\">{\"@context\":\"https:\\\/\\\/schema.org\",\"@graph\":[{\"@type\":\"Article\",\"@id\":\"https:\\\/\\\/mont-roig.cat\\\/es\\\/actualitat\\\/noticies\\\/el-torneo-de-futbol-lsa-cup-2025-se-presenta-con-una-fiesta-inaugural-en-el-parque-lili-alvarez\\\/#article\",\"isPartOf\":{\"@id\":\"https:\\\/\\\/mont-roig.cat\\\/es\\\/actualitat\\\/noticies\\\/el-torneo-de-futbol-lsa-cup-2025-se-presenta-con-una-fiesta-inaugural-en-el-parque-lili-alvarez\\\/\"},\"author\":{\"name\":\"comunicacio\",\"@id\":\"https:\\\/\\\/mont-roig.cat\\\/es\\\/#\\\/schema\\\/person\\\/1f73e7b5e6f9dd122e8a6f14f310ac5e\"},\"headline\":\"El torneo de f\u00fatbol LSA CUP 2025 se presenta con una fiesta inaugural en el parque Lil\u00ed \u00c1lvarez\",\"datePublished\":\"2025-04-04T12:56:27+00:00\",\"dateModified\":\"2025-04-04T13:01:58+00:00\",\"mainEntityOfPage\":{\"@id\":\"https:\\\/\\\/mont-roig.cat\\\/es\\\/actualitat\\\/noticies\\\/el-torneo-de-futbol-lsa-cup-2025-se-presenta-con-una-fiesta-inaugural-en-el-parque-lili-alvarez\\\/\"},\"wordCount\":327,\"image\":{\"@id\":\"https:\\\/\\\/mont-roig.cat\\\/es\\\/actualitat\\\/noticies\\\/el-torneo-de-futbol-lsa-cup-2025-se-presenta-con-una-fiesta-inaugural-en-el-parque-lili-alvarez\\\/#primaryimage\"},\"thumbnailUrl\":\"https:\\\/\\\/mont-roig.cat\\\/wp-content\\\/uploads\\\/LSA-Cup.jpeg\",\"articleSection\":[\"Ayuntamiento\",\"Deportes\"],\"inLanguage\":\"es\"},{\"@type\":\"WebPage\",\"@id\":\"https:\\\/\\\/mont-roig.cat\\\/es\\\/actualitat\\\/noticies\\\/el-torneo-de-futbol-lsa-cup-2025-se-presenta-con-una-fiesta-inaugural-en-el-parque-lili-alvarez\\\/\",\"url\":\"https:\\\/\\\/mont-roig.cat\\\/es\\\/actualitat\\\/noticies\\\/el-torneo-de-futbol-lsa-cup-2025-se-presenta-con-una-fiesta-inaugural-en-el-parque-lili-alvarez\\\/\",\"name\":\"El torneo de f\u00fatbol LSA CUP 2025 se presenta con una fiesta inaugural en el parque Lil\u00ed \u00c1lvarez - Ajuntament de Mont-roig del Camp\",\"isPartOf\":{\"@id\":\"https:\\\/\\\/mont-roig.cat\\\/es\\\/#website\"},\"primaryImageOfPage\":{\"@id\":\"https:\\\/\\\/mont-roig.cat\\\/es\\\/actualitat\\\/noticies\\\/el-torneo-de-futbol-lsa-cup-2025-se-presenta-con-una-fiesta-inaugural-en-el-parque-lili-alvarez\\\/#primaryimage\"},\"image\":{\"@id\":\"https:\\\/\\\/mont-roig.cat\\\/es\\\/actualitat\\\/noticies\\\/el-torneo-de-futbol-lsa-cup-2025-se-presenta-con-una-fiesta-inaugural-en-el-parque-lili-alvarez\\\/#primaryimage\"},\"thumbnailUrl\":\"https:\\\/\\\/mont-roig.cat\\\/wp-content\\\/uploads\\\/LSA-Cup.jpeg\",\"datePublished\":\"2025-04-04T12:56:27+00:00\",\"dateModified\":\"2025-04-04T13:01:58+00:00\",\"author\":{\"@id\":\"https:\\\/\\\/mont-roig.cat\\\/es\\\/#\\\/schema\\\/person\\\/1f73e7b5e6f9dd122e8a6f14f310ac5e\"},\"breadcrumb\":{\"@id\":\"https:\\\/\\\/mont-roig.cat\\\/es\\\/actualitat\\\/noticies\\\/el-torneo-de-futbol-lsa-cup-2025-se-presenta-con-una-fiesta-inaugural-en-el-parque-lili-alvarez\\\/#breadcrumb\"},\"inLanguage\":\"es\",\"potentialAction\":[{\"@type\":\"ReadAction\",\"target\":[\"https:\\\/\\\/mont-roig.cat\\\/es\\\/actualitat\\\/noticies\\\/el-torneo-de-futbol-lsa-cup-2025-se-presenta-con-una-fiesta-inaugural-en-el-parque-lili-alvarez\\\/\"]}]},{\"@type\":\"ImageObject\",\"inLanguage\":\"es\",\"@id\":\"https:\\\/\\\/mont-roig.cat\\\/es\\\/actualitat\\\/noticies\\\/el-torneo-de-futbol-lsa-cup-2025-se-presenta-con-una-fiesta-inaugural-en-el-parque-lili-alvarez\\\/#primaryimage\",\"url\":\"https:\\\/\\\/mont-roig.cat\\\/wp-content\\\/uploads\\\/LSA-Cup.jpeg\",\"contentUrl\":\"https:\\\/\\\/mont-roig.cat\\\/wp-content\\\/uploads\\\/LSA-Cup.jpeg\",\"width\":1080,\"height\":1350},{\"@type\":\"BreadcrumbList\",\"@id\":\"https:\\\/\\\/mont-roig.cat\\\/es\\\/actualitat\\\/noticies\\\/el-torneo-de-futbol-lsa-cup-2025-se-presenta-con-una-fiesta-inaugural-en-el-parque-lili-alvarez\\\/#breadcrumb\",\"itemListElement\":[{\"@type\":\"ListItem\",\"position\":1,\"name\":\"Inici\",\"item\":\"https:\\\/\\\/mont-roig.cat\\\/es\\\/pagina-de-inicio\\\/\"},{\"@type\":\"ListItem\",\"position\":2,\"name\":\"El torneo de f\u00fatbol LSA CUP 2025 se presenta con una fiesta inaugural en el parque Lil\u00ed \u00c1lvarez\"}]},{\"@type\":\"WebSite\",\"@id\":\"https:\\\/\\\/mont-roig.cat\\\/es\\\/#website\",\"url\":\"https:\\\/\\\/mont-roig.cat\\\/es\\\/\",\"name\":\"Ajuntament de Mont-roig del Camp\",\"description\":\"Tota la informaci\u00f3 sobre la instituci\u00f3, els seus \u00f2rgans de govern, actualitat, serveis i molt m\u00e9s.\",\"potentialAction\":[{\"@type\":\"SearchAction\",\"target\":{\"@type\":\"EntryPoint\",\"urlTemplate\":\"https:\\\/\\\/mont-roig.cat\\\/es\\\/?s={search_term_string}\"},\"query-input\":{\"@type\":\"PropertyValueSpecification\",\"valueRequired\":true,\"valueName\":\"search_term_string\"}}],\"inLanguage\":\"es\"},{\"@type\":\"Person\",\"@id\":\"https:\\\/\\\/mont-roig.cat\\\/es\\\/#\\\/schema\\\/person\\\/1f73e7b5e6f9dd122e8a6f14f310ac5e\",\"name\":\"comunicacio\",\"image\":{\"@type\":\"ImageObject\",\"inLanguage\":\"es\",\"@id\":\"https:\\\/\\\/secure.gravatar.com\\\/avatar\\\/98944333e7a877670a64f8d10f0cb680ab2c9ebc4efc43945ef004b52b5ad28c?s=96&d=mm&r=g\",\"url\":\"https:\\\/\\\/secure.gravatar.com\\\/avatar\\\/98944333e7a877670a64f8d10f0cb680ab2c9ebc4efc43945ef004b52b5ad28c?s=96&d=mm&r=g\",\"contentUrl\":\"https:\\\/\\\/secure.gravatar.com\\\/avatar\\\/98944333e7a877670a64f8d10f0cb680ab2c9ebc4efc43945ef004b52b5ad28c?s=96&d=mm&r=g\",\"caption\":\"comunicacio\"},\"url\":\"https:\\\/\\\/mont-roig.cat\\\/es\\\/actualitat\\\/noticies\\\/author\\\/comunicacio\\\/\"}]}<\/script>\n<!-- \/ Yoast SEO plugin. -->","yoast_head_json":{"title":"El torneo de f\u00fatbol LSA CUP 2025 se presenta con una fiesta inaugural en el parque Lil\u00ed \u00c1lvarez - Ajuntament de Mont-roig del Camp","robots":{"index":"index","follow":"follow","max-snippet":"max-snippet:-1","max-image-preview":"max-image-preview:large","max-video-preview":"max-video-preview:-1"},"canonical":"https:\/\/mont-roig.cat\/es\/actualitat\/noticies\/el-torneo-de-futbol-lsa-cup-2025-se-presenta-con-una-fiesta-inaugural-en-el-parque-lili-alvarez\/","og_locale":"es_ES","og_type":"article","og_title":"El torneo de f\u00fatbol LSA CUP 2025 se presenta con una fiesta inaugural en el parque Lil\u00ed \u00c1lvarez - Ajuntament de Mont-roig del Camp","og_description":"Organizado por Learning Soccer Academy con la colaboraci\u00f3n de los ayuntamientos de Mont-roig del Camp y Vandell\u00f2s i l\u2019Hospitalet de l\u2019Infant, se disputar\u00e1 durante los d\u00edas 18, 19 y 20 de abril, coincidiendo con la Semana Santa, y reunir\u00e1 a cientos de j\u00f3venes futbolistas. El jueves 17 de abril a las 18:00 h tendr\u00e1 lugar [&hellip;]","og_url":"https:\/\/mont-roig.cat\/es\/actualitat\/noticies\/el-torneo-de-futbol-lsa-cup-2025-se-presenta-con-una-fiesta-inaugural-en-el-parque-lili-alvarez\/","og_site_name":"Ajuntament de Mont-roig del Camp","article_published_time":"2025-04-04T12:56:27+00:00","article_modified_time":"2025-04-04T13:01:58+00:00","og_image":[{"width":1080,"height":1350,"url":"https:\/\/mont-roig.cat\/wp-content\/uploads\/LSA-Cup.jpeg","type":"image\/jpeg"}],"author":"comunicacio","twitter_card":"summary_large_image","twitter_misc":{"Escrito por":"comunicacio","Tiempo de lectura":"2 minutos"},"schema":{"@context":"https:\/\/schema.org","@graph":[{"@type":"Article","@id":"https:\/\/mont-roig.cat\/es\/actualitat\/noticies\/el-torneo-de-futbol-lsa-cup-2025-se-presenta-con-una-fiesta-inaugural-en-el-parque-lili-alvarez\/#article","isPartOf":{"@id":"https:\/\/mont-roig.cat\/es\/actualitat\/noticies\/el-torneo-de-futbol-lsa-cup-2025-se-presenta-con-una-fiesta-inaugural-en-el-parque-lili-alvarez\/"},"author":{"name":"comunicacio","@id":"https:\/\/mont-roig.cat\/es\/#\/schema\/person\/1f73e7b5e6f9dd122e8a6f14f310ac5e"},"headline":"El torneo de f\u00fatbol LSA CUP 2025 se presenta con una fiesta inaugural en el parque Lil\u00ed \u00c1lvarez","datePublished":"2025-04-04T12:56:27+00:00","dateModified":"2025-04-04T13:01:58+00:00","mainEntityOfPage":{"@id":"https:\/\/mont-roig.cat\/es\/actualitat\/noticies\/el-torneo-de-futbol-lsa-cup-2025-se-presenta-con-una-fiesta-inaugural-en-el-parque-lili-alvarez\/"},"wordCount":327,"image":{"@id":"https:\/\/mont-roig.cat\/es\/actualitat\/noticies\/el-torneo-de-futbol-lsa-cup-2025-se-presenta-con-una-fiesta-inaugural-en-el-parque-lili-alvarez\/#primaryimage"},"thumbnailUrl":"https:\/\/mont-roig.cat\/wp-content\/uploads\/LSA-Cup.jpeg","articleSection":["Ayuntamiento","Deportes"],"inLanguage":"es"},{"@type":"WebPage","@id":"https:\/\/mont-roig.cat\/es\/actualitat\/noticies\/el-torneo-de-futbol-lsa-cup-2025-se-presenta-con-una-fiesta-inaugural-en-el-parque-lili-alvarez\/","url":"https:\/\/mont-roig.cat\/es\/actualitat\/noticies\/el-torneo-de-futbol-lsa-cup-2025-se-presenta-con-una-fiesta-inaugural-en-el-parque-lili-alvarez\/","name":"El torneo de f\u00fatbol LSA CUP 2025 se presenta con una fiesta inaugural en el parque Lil\u00ed \u00c1lvarez - Ajuntament de Mont-roig del Camp","isPartOf":{"@id":"https:\/\/mont-roig.cat\/es\/#website"},"primaryImageOfPage":{"@id":"https:\/\/mont-roig.cat\/es\/actualitat\/noticies\/el-torneo-de-futbol-lsa-cup-2025-se-presenta-con-una-fiesta-inaugural-en-el-parque-lili-alvarez\/#primaryimage"},"image":{"@id":"https:\/\/mont-roig.cat\/es\/actualitat\/noticies\/el-torneo-de-futbol-lsa-cup-2025-se-presenta-con-una-fiesta-inaugural-en-el-parque-lili-alvarez\/#primaryimage"},"thumbnailUrl":"https:\/\/mont-roig.cat\/wp-content\/uploads\/LSA-Cup.jpeg","datePublished":"2025-04-04T12:56:27+00:00","dateModified":"2025-04-04T13:01:58+00:00","author":{"@id":"https:\/\/mont-roig.cat\/es\/#\/schema\/person\/1f73e7b5e6f9dd122e8a6f14f310ac5e"},"breadcrumb":{"@id":"https:\/\/mont-roig.cat\/es\/actualitat\/noticies\/el-torneo-de-futbol-lsa-cup-2025-se-presenta-con-una-fiesta-inaugural-en-el-parque-lili-alvarez\/#breadcrumb"},"inLanguage":"es","potentialAction":[{"@type":"ReadAction","target":["https:\/\/mont-roig.cat\/es\/actualitat\/noticies\/el-torneo-de-futbol-lsa-cup-2025-se-presenta-con-una-fiesta-inaugural-en-el-parque-lili-alvarez\/"]}]},{"@type":"ImageObject","inLanguage":"es","@id":"https:\/\/mont-roig.cat\/es\/actualitat\/noticies\/el-torneo-de-futbol-lsa-cup-2025-se-presenta-con-una-fiesta-inaugural-en-el-parque-lili-alvarez\/#primaryimage","url":"https:\/\/mont-roig.cat\/wp-content\/uploads\/LSA-Cup.jpeg","contentUrl":"https:\/\/mont-roig.cat\/wp-content\/uploads\/LSA-Cup.jpeg","width":1080,"height":1350},{"@type":"BreadcrumbList","@id":"https:\/\/mont-roig.cat\/es\/actualitat\/noticies\/el-torneo-de-futbol-lsa-cup-2025-se-presenta-con-una-fiesta-inaugural-en-el-parque-lili-alvarez\/#breadcrumb","itemListElement":[{"@type":"ListItem","position":1,"name":"Inici","item":"https:\/\/mont-roig.cat\/es\/pagina-de-inicio\/"},{"@type":"ListItem","position":2,"name":"El torneo de f\u00fatbol LSA CUP 2025 se presenta con una fiesta inaugural en el parque Lil\u00ed \u00c1lvarez"}]},{"@type":"WebSite","@id":"https:\/\/mont-roig.cat\/es\/#website","url":"https:\/\/mont-roig.cat\/es\/","name":"Ajuntament de Mont-roig del Camp","description":"Tota la informaci\u00f3 sobre la instituci\u00f3, els seus \u00f2rgans de govern, actualitat, serveis i molt m\u00e9s.","potentialAction":[{"@type":"SearchAction","target":{"@type":"EntryPoint","urlTemplate":"https:\/\/mont-roig.cat\/es\/?s={search_term_string}"},"query-input":{"@type":"PropertyValueSpecification","valueRequired":true,"valueName":"search_term_string"}}],"inLanguage":"es"},{"@type":"Person","@id":"https:\/\/mont-roig.cat\/es\/#\/schema\/person\/1f73e7b5e6f9dd122e8a6f14f310ac5e","name":"comunicacio","image":{"@type":"ImageObject","inLanguage":"es","@id":"https:\/\/secure.gravatar.com\/avatar\/98944333e7a877670a64f8d10f0cb680ab2c9ebc4efc43945ef004b52b5ad28c?s=96&d=mm&r=g","url":"https:\/\/secure.gravatar.com\/avatar\/98944333e7a877670a64f8d10f0cb680ab2c9ebc4efc43945ef004b52b5ad28c?s=96&d=mm&r=g","contentUrl":"https:\/\/secure.gravatar.com\/avatar\/98944333e7a877670a64f8d10f0cb680ab2c9ebc4efc43945ef004b52b5ad28c?s=96&d=mm&r=g","caption":"comunicacio"},"url":"https:\/\/mont-roig.cat\/es\/actualitat\/noticies\/author\/comunicacio\/"}]}},"_links":{"self":[{"href":"https:\/\/mont-roig.cat\/es\/wp-json\/wp\/v2\/posts\/81668","targetHints":{"allow":["GET"]}}],"collection":[{"href":"https:\/\/mont-roig.cat\/es\/wp-json\/wp\/v2\/posts"}],"about":[{"href":"https:\/\/mont-roig.cat\/es\/wp-json\/wp\/v2\/types\/post"}],"author":[{"embeddable":true,"href":"https:\/\/mont-roig.cat\/es\/wp-json\/wp\/v2\/users\/13"}],"replies":[{"embeddable":true,"href":"https:\/\/mont-roig.cat\/es\/wp-json\/wp\/v2\/comments?post=81668"}],"version-history":[{"count":2,"href":"https:\/\/mont-roig.cat\/es\/wp-json\/wp\/v2\/posts\/81668\/revisions"}],"predecessor-version":[{"id":81670,"href":"https:\/\/mont-roig.cat\/es\/wp-json\/wp\/v2\/posts\/81668\/revisions\/81670"}],"wp:featuredmedia":[{"embeddable":true,"href":"https:\/\/mont-roig.cat\/es\/wp-json\/wp\/v2\/media\/81665"}],"wp:attachment":[{"href":"https:\/\/mont-roig.cat\/es\/wp-json\/wp\/v2\/media?parent=81668"}],"wp:term":[{"taxonomy":"category","embeddable":true,"href":"https:\/\/mont-roig.cat\/es\/wp-json\/wp\/v2\/categories?post=81668"},{"taxonomy":"post_tag","embeddable":true,"href":"https:\/\/mont-roig.cat\/es\/wp-json\/wp\/v2\/tags?post=81668"}],"curies":[{"name":"wp","href":"https:\/\/api.w.org\/{rel}","templated":true}]}}