{"id":81788,"date":"2025-04-07T11:52:36","date_gmt":"2025-04-07T09:52:36","guid":{"rendered":"https:\/\/mont-roig.cat\/actualitat\/noticies\/630-atletes-participen-en-les-diferents-curses-de-la-mitja-marato-de-miami-platja\/"},"modified":"2025-04-07T13:56:13","modified_gmt":"2025-04-07T11:56:13","slug":"630-atletas-participan-en-las-diferentes-carreras-de-la-mitja-marato-de-miami-platja","status":"publish","type":"post","link":"https:\/\/mont-roig.cat\/es\/actualitat\/noticies\/630-atletas-participan-en-las-diferentes-carreras-de-la-mitja-marato-de-miami-platja\/","title":{"rendered":"630 atletas participan en las diferentes carreras de la Mitja Marat\u00f3 de Miami Platja"},"content":{"rendered":"<ul>\n<li data-start=\"306\" data-end=\"588\"><a href=\"https:\/\/mont-roig.cat\/wp-content\/uploads\/sortida-mitja.jpg\" target=\"_blank\" rel=\"noopener\"><img loading=\"lazy\" decoding=\"async\" class=\"alignright wp-image-81790\" src=\"https:\/\/mont-roig.cat\/wp-content\/uploads\/sortida-mitja-500x423.jpg\" alt=\"\" width=\"292\" height=\"247\" srcset=\"https:\/\/mont-roig.cat\/wp-content\/uploads\/sortida-mitja-500x423.jpg 500w, https:\/\/mont-roig.cat\/wp-content\/uploads\/sortida-mitja-768x650.jpg 768w, https:\/\/mont-roig.cat\/wp-content\/uploads\/sortida-mitja.jpg 899w\" sizes=\"auto, (max-width: 292px) 100vw, 292px\" \/><\/a><strong>Este domingo, Miami Platja ha vivido una jornada deportiva de alta intensidad y ambiente festivo con la celebraci\u00f3n de una nueva edici\u00f3n de la Mitja Marat\u00f3 de Miami Platja, organizada por el \u00c0rea d\u2019Esports de l\u2019Ajuntament de Mont-roig del Camp y la empresa Tretzesports.<\/strong><\/li>\n<\/ul>\n<p class=\"\" data-start=\"590\" data-end=\"988\">Con un total de 630 personas inscritas, la prueba ha alcanzado una cifra r\u00e9cord de participaci\u00f3n que consolida el evento como una cita deportiva de referencia en el municipio y en el territorio. A pesar de la presencia de viento durante la jornada, el clima fue en general favorable, lo que permiti\u00f3 el buen desarrollo de las tres distancias programadas: 5 km, 10 km y Mitja Marat\u00f3 (21 km).<\/p>\n<p class=\"\" data-start=\"990\" data-end=\"1242\">Participantes y p\u00fablico disfrutaron de un ambiente deportivo, saludable y familiar que llen\u00f3 las calles de la localidad de energ\u00eda y buen rollo. La organizaci\u00f3n valora muy positivamente la jornada y ya trabaja con la mirada puesta en futuras ediciones.<\/p>\n<p data-start=\"990\" data-end=\"1242\">Resultados Mitja Marat\u00f3 de Miami Platja <a href=\"https:\/\/sportmaniacs.com\/es\/services\/inscription\/mitja-marat-miami-platja-2025\" target=\"_blank\" rel=\"noopener\">en este enlace.<\/a><\/p>\n<h3 class=\"\" data-start=\"1244\" data-end=\"1276\">\ud83c\udfc6 Clasificaciones generales<\/h3>\n<p class=\"\" data-start=\"1278\" data-end=\"1416\"><strong data-start=\"1278\" data-end=\"1308\">5 km \u2013 Categor\u00eda masculina<\/strong><br data-start=\"1308\" data-end=\"1311\" \/>\ud83e\udd47 Joan Almirall Farre \u2013 00:16:38<br data-start=\"1344\" data-end=\"1347\" \/>\ud83e\udd48 Rub\u00e9n Torres Garc\u00eda \u2013 00:16:41<br data-start=\"1380\" data-end=\"1383\" \/>\ud83e\udd49 Jordi Cano Guzman \u2013 00:17:11<\/p>\n<p class=\"\" data-start=\"1418\" data-end=\"1556\"><strong data-start=\"1418\" data-end=\"1447\">5 km \u2013 Categor\u00eda femenina<\/strong><br data-start=\"1447\" data-end=\"1450\" \/>\ud83e\udd47 Angelina D\u00edaz G\u00f3ngora \u2013 00:26:17<br data-start=\"1485\" data-end=\"1488\" \/>\ud83e\udd48 Laia Verdes P\u00e9rez \u2013 00:31:08<br data-start=\"1519\" data-end=\"1522\" \/>\ud83e\udd49 Anna Boqu\u00e9 Ciurana \u2013 00:31:08<\/p>\n<p class=\"\" data-start=\"1558\" data-end=\"1695\"><strong data-start=\"1558\" data-end=\"1589\">10 km \u2013 Categor\u00eda masculina<\/strong><br data-start=\"1589\" data-end=\"1592\" \/>\ud83e\udd47 Aaron Mar\u00edn \u2013 00:35:57<br data-start=\"1617\" data-end=\"1620\" \/>\ud83e\udd48 Zacarias Narganes Chico \u2013 00:37:17<br data-start=\"1657\" data-end=\"1660\" \/>\ud83e\udd49 Andr\u00e9s Ruiz Asensio \u2013 00:37:52<\/p>\n<p class=\"\" data-start=\"1697\" data-end=\"1840\"><strong data-start=\"1697\" data-end=\"1727\">10 km \u2013 Categor\u00eda femenina<\/strong><br data-start=\"1727\" data-end=\"1730\" \/>\ud83e\udd47 Andrea Qui\u00f1ones Rodr\u00edguez \u2013 00:46:50<br data-start=\"1769\" data-end=\"1772\" \/>\ud83e\udd48 Aida Baena Casimiro \u2013 00:47:58<br data-start=\"1805\" data-end=\"1808\" \/>\ud83e\udd49 Delfina Escudero \u2013 00:49:19<\/p>\n<p class=\"\" data-start=\"1842\" data-end=\"1996\"><strong data-start=\"1842\" data-end=\"1880\">Mitja Marat\u00f3 \u2013 Categor\u00eda masculina<\/strong><br data-start=\"1880\" data-end=\"1883\" \/>\ud83e\udd47 \u00d2scar Montserrat Aguil\u00f3 \u2013 01:13:50<br data-start=\"1920\" data-end=\"1923\" \/>\ud83e\udd48 Edgar Par\u00e9s Pons \u2013 01:17:50<br data-start=\"1953\" data-end=\"1956\" \/>\ud83e\udd49 Carlos Albarrilla Alonso \u2013 01:19:02<\/p>\n<p class=\"\" data-start=\"1998\" data-end=\"2151\"><strong data-start=\"1998\" data-end=\"2035\">Mitja Marat\u00f3 \u2013 Categor\u00eda femenina<\/strong><br data-start=\"2035\" data-end=\"2038\" \/>\ud83e\udd47 Alba Guti\u00e9rrez Mart\u00ednez \u2013 01:32:39<br data-start=\"2075\" data-end=\"2078\" \/>\ud83e\udd48 Alba Taul\u00e9s \u2013 01:34:29<br data-start=\"2103\" data-end=\"2106\" \/>\ud83e\udd49 Estefania Guinovart Rodr\u00edguez \u2013 01:38:16<\/p>\n<h3 class=\"\" data-start=\"2153\" data-end=\"2188\">\ud83c\udfe1 Mejores clasificados locales<\/h3>\n<p class=\"\" data-start=\"2190\" data-end=\"2253\"><strong data-start=\"2190\" data-end=\"2216\">5 km local \u2013 Masculino<\/strong><br data-start=\"2216\" data-end=\"2219\" \/>\ud83e\udd47 Michael Mourtialon \u2013 00:31:50<\/p>\n<p class=\"\" data-start=\"2255\" data-end=\"2328\"><strong data-start=\"2255\" data-end=\"2280\">5 km local \u2013 Femenino<\/strong><br data-start=\"2280\" data-end=\"2283\" \/>\ud83e\udd47 Luz Adriana Montoya Hern\u00e1ndez \u2013 00:31:27<\/p>\n<p class=\"\" data-start=\"2330\" data-end=\"2393\"><strong data-start=\"2330\" data-end=\"2357\">10 km local \u2013 Masculino<\/strong><br data-start=\"2357\" data-end=\"2360\" \/>\ud83e\udd47 Sergi Nadal Casas \u2013 00:40:22<\/p>\n<p class=\"\" data-start=\"2395\" data-end=\"2466\"><strong data-start=\"2395\" data-end=\"2421\">10 km local \u2013 Femenino<\/strong><br data-start=\"2421\" data-end=\"2424\" \/>\ud83e\udd47 M. Cristina Vernet Boquera \u2013 00:54:52<\/p>\n<p class=\"\" data-start=\"2468\" data-end=\"2542\"><strong data-start=\"2468\" data-end=\"2502\">Mitja Marat\u00f3 local \u2013 Masculino<\/strong><br data-start=\"2502\" data-end=\"2505\" \/>\ud83e\udd47 Sergio Ordo\u00f1ez Lozoya \u2013 01:27:18<\/p>\n<p class=\"\" data-start=\"2544\" data-end=\"2617\"><strong data-start=\"2544\" data-end=\"2577\">Mitja Marat\u00f3 local \u2013 Femenino<\/strong><br data-start=\"2577\" data-end=\"2580\" \/>\ud83e\udd47 Ruth Remolar Mart\u00ednez \u2013 01:49:56<\/p>\n","protected":false},"excerpt":{"rendered":"<p>Este domingo, Miami Platja ha vivido una jornada deportiva de alta intensidad y ambiente festivo con la celebraci\u00f3n de una nueva edici\u00f3n de la Mitja Marat\u00f3 de Miami Platja, organizada por el \u00c0rea d\u2019Esports de l\u2019Ajuntament de Mont-roig del Camp y la empresa Tretzesports. Con un total de 630 personas inscritas, la prueba ha alcanzado [&hellip;]<\/p>\n","protected":false},"author":13,"featured_media":81790,"comment_status":"closed","ping_status":"closed","sticky":false,"template":"","format":"standard","meta":{"inline_featured_image":false,"_monsterinsights_skip_tracking":false,"_monsterinsights_sitenote_active":false,"_monsterinsights_sitenote_note":"","_monsterinsights_sitenote_category":0,"footnotes":""},"categories":[98,104],"tags":[],"class_list":["post-81788","post","type-post","status-publish","format-standard","has-post-thumbnail","hentry","category-ayuntamiento","category-deportes"],"yoast_head":"<!-- This site is optimized with the Yoast SEO plugin v27.4 - https:\/\/yoast.com\/product\/yoast-seo-wordpress\/ -->\n<title>630 atletas participan en las diferentes carreras de la Mitja Marat\u00f3 de Miami Platja - Ajuntament de Mont-roig del Camp<\/title>\n<meta name=\"robots\" content=\"index, follow, max-snippet:-1, max-image-preview:large, max-video-preview:-1\" \/>\n<link rel=\"canonical\" href=\"https:\/\/mont-roig.cat\/es\/actualitat\/noticies\/630-atletas-participan-en-las-diferentes-carreras-de-la-mitja-marato-de-miami-platja\/\" \/>\n<meta property=\"og:locale\" content=\"es_ES\" \/>\n<meta property=\"og:type\" content=\"article\" \/>\n<meta property=\"og:title\" content=\"630 atletas participan en las diferentes carreras de la Mitja Marat\u00f3 de Miami Platja - Ajuntament de Mont-roig del Camp\" \/>\n<meta property=\"og:description\" content=\"Este domingo, Miami Platja ha vivido una jornada deportiva de alta intensidad y ambiente festivo con la celebraci\u00f3n de una nueva edici\u00f3n de la Mitja Marat\u00f3 de Miami Platja, organizada por el \u00c0rea d\u2019Esports de l\u2019Ajuntament de Mont-roig del Camp y la empresa Tretzesports. Con un total de 630 personas inscritas, la prueba ha alcanzado [&hellip;]\" \/>\n<meta property=\"og:url\" content=\"https:\/\/mont-roig.cat\/es\/actualitat\/noticies\/630-atletas-participan-en-las-diferentes-carreras-de-la-mitja-marato-de-miami-platja\/\" \/>\n<meta property=\"og:site_name\" content=\"Ajuntament de Mont-roig del Camp\" \/>\n<meta property=\"article:published_time\" content=\"2025-04-07T09:52:36+00:00\" \/>\n<meta property=\"article:modified_time\" content=\"2025-04-07T11:56:13+00:00\" \/>\n<meta property=\"og:image\" content=\"https:\/\/mont-roig.cat\/wp-content\/uploads\/sortida-mitja.jpg\" \/>\n\t<meta property=\"og:image:width\" content=\"899\" \/>\n\t<meta property=\"og:image:height\" content=\"761\" \/>\n\t<meta property=\"og:image:type\" content=\"image\/jpeg\" \/>\n<meta name=\"author\" content=\"comunicacio\" \/>\n<meta name=\"twitter:card\" content=\"summary_large_image\" \/>\n<meta name=\"twitter:label1\" content=\"Escrito por\" \/>\n\t<meta name=\"twitter:data1\" content=\"comunicacio\" \/>\n\t<meta name=\"twitter:label2\" content=\"Tiempo de lectura\" \/>\n\t<meta name=\"twitter:data2\" content=\"3 minutos\" \/>\n<script type=\"application\/ld+json\" class=\"yoast-schema-graph\">{\"@context\":\"https:\\\/\\\/schema.org\",\"@graph\":[{\"@type\":\"Article\",\"@id\":\"https:\\\/\\\/mont-roig.cat\\\/es\\\/actualitat\\\/noticies\\\/630-atletas-participan-en-las-diferentes-carreras-de-la-mitja-marato-de-miami-platja\\\/#article\",\"isPartOf\":{\"@id\":\"https:\\\/\\\/mont-roig.cat\\\/es\\\/actualitat\\\/noticies\\\/630-atletas-participan-en-las-diferentes-carreras-de-la-mitja-marato-de-miami-platja\\\/\"},\"author\":{\"name\":\"comunicacio\",\"@id\":\"https:\\\/\\\/mont-roig.cat\\\/es\\\/#\\\/schema\\\/person\\\/1f73e7b5e6f9dd122e8a6f14f310ac5e\"},\"headline\":\"630 atletas participan en las diferentes carreras de la Mitja Marat\u00f3 de Miami Platja\",\"datePublished\":\"2025-04-07T09:52:36+00:00\",\"dateModified\":\"2025-04-07T11:56:13+00:00\",\"mainEntityOfPage\":{\"@id\":\"https:\\\/\\\/mont-roig.cat\\\/es\\\/actualitat\\\/noticies\\\/630-atletas-participan-en-las-diferentes-carreras-de-la-mitja-marato-de-miami-platja\\\/\"},\"wordCount\":344,\"image\":{\"@id\":\"https:\\\/\\\/mont-roig.cat\\\/es\\\/actualitat\\\/noticies\\\/630-atletas-participan-en-las-diferentes-carreras-de-la-mitja-marato-de-miami-platja\\\/#primaryimage\"},\"thumbnailUrl\":\"https:\\\/\\\/mont-roig.cat\\\/wp-content\\\/uploads\\\/sortida-mitja.jpg\",\"articleSection\":[\"Ayuntamiento\",\"Deportes\"],\"inLanguage\":\"es\"},{\"@type\":\"WebPage\",\"@id\":\"https:\\\/\\\/mont-roig.cat\\\/es\\\/actualitat\\\/noticies\\\/630-atletas-participan-en-las-diferentes-carreras-de-la-mitja-marato-de-miami-platja\\\/\",\"url\":\"https:\\\/\\\/mont-roig.cat\\\/es\\\/actualitat\\\/noticies\\\/630-atletas-participan-en-las-diferentes-carreras-de-la-mitja-marato-de-miami-platja\\\/\",\"name\":\"630 atletas participan en las diferentes carreras de la Mitja Marat\u00f3 de Miami Platja - Ajuntament de Mont-roig del Camp\",\"isPartOf\":{\"@id\":\"https:\\\/\\\/mont-roig.cat\\\/es\\\/#website\"},\"primaryImageOfPage\":{\"@id\":\"https:\\\/\\\/mont-roig.cat\\\/es\\\/actualitat\\\/noticies\\\/630-atletas-participan-en-las-diferentes-carreras-de-la-mitja-marato-de-miami-platja\\\/#primaryimage\"},\"image\":{\"@id\":\"https:\\\/\\\/mont-roig.cat\\\/es\\\/actualitat\\\/noticies\\\/630-atletas-participan-en-las-diferentes-carreras-de-la-mitja-marato-de-miami-platja\\\/#primaryimage\"},\"thumbnailUrl\":\"https:\\\/\\\/mont-roig.cat\\\/wp-content\\\/uploads\\\/sortida-mitja.jpg\",\"datePublished\":\"2025-04-07T09:52:36+00:00\",\"dateModified\":\"2025-04-07T11:56:13+00:00\",\"author\":{\"@id\":\"https:\\\/\\\/mont-roig.cat\\\/es\\\/#\\\/schema\\\/person\\\/1f73e7b5e6f9dd122e8a6f14f310ac5e\"},\"breadcrumb\":{\"@id\":\"https:\\\/\\\/mont-roig.cat\\\/es\\\/actualitat\\\/noticies\\\/630-atletas-participan-en-las-diferentes-carreras-de-la-mitja-marato-de-miami-platja\\\/#breadcrumb\"},\"inLanguage\":\"es\",\"potentialAction\":[{\"@type\":\"ReadAction\",\"target\":[\"https:\\\/\\\/mont-roig.cat\\\/es\\\/actualitat\\\/noticies\\\/630-atletas-participan-en-las-diferentes-carreras-de-la-mitja-marato-de-miami-platja\\\/\"]}]},{\"@type\":\"ImageObject\",\"inLanguage\":\"es\",\"@id\":\"https:\\\/\\\/mont-roig.cat\\\/es\\\/actualitat\\\/noticies\\\/630-atletas-participan-en-las-diferentes-carreras-de-la-mitja-marato-de-miami-platja\\\/#primaryimage\",\"url\":\"https:\\\/\\\/mont-roig.cat\\\/wp-content\\\/uploads\\\/sortida-mitja.jpg\",\"contentUrl\":\"https:\\\/\\\/mont-roig.cat\\\/wp-content\\\/uploads\\\/sortida-mitja.jpg\",\"width\":899,\"height\":761},{\"@type\":\"BreadcrumbList\",\"@id\":\"https:\\\/\\\/mont-roig.cat\\\/es\\\/actualitat\\\/noticies\\\/630-atletas-participan-en-las-diferentes-carreras-de-la-mitja-marato-de-miami-platja\\\/#breadcrumb\",\"itemListElement\":[{\"@type\":\"ListItem\",\"position\":1,\"name\":\"Inici\",\"item\":\"https:\\\/\\\/mont-roig.cat\\\/es\\\/pagina-de-inicio\\\/\"},{\"@type\":\"ListItem\",\"position\":2,\"name\":\"630 atletas participan en las diferentes carreras de la Mitja Marat\u00f3 de Miami Platja\"}]},{\"@type\":\"WebSite\",\"@id\":\"https:\\\/\\\/mont-roig.cat\\\/es\\\/#website\",\"url\":\"https:\\\/\\\/mont-roig.cat\\\/es\\\/\",\"name\":\"Ajuntament de Mont-roig del Camp\",\"description\":\"Tota la informaci\u00f3 sobre la instituci\u00f3, els seus \u00f2rgans de govern, actualitat, serveis i molt m\u00e9s.\",\"potentialAction\":[{\"@type\":\"SearchAction\",\"target\":{\"@type\":\"EntryPoint\",\"urlTemplate\":\"https:\\\/\\\/mont-roig.cat\\\/es\\\/?s={search_term_string}\"},\"query-input\":{\"@type\":\"PropertyValueSpecification\",\"valueRequired\":true,\"valueName\":\"search_term_string\"}}],\"inLanguage\":\"es\"},{\"@type\":\"Person\",\"@id\":\"https:\\\/\\\/mont-roig.cat\\\/es\\\/#\\\/schema\\\/person\\\/1f73e7b5e6f9dd122e8a6f14f310ac5e\",\"name\":\"comunicacio\",\"image\":{\"@type\":\"ImageObject\",\"inLanguage\":\"es\",\"@id\":\"https:\\\/\\\/secure.gravatar.com\\\/avatar\\\/98944333e7a877670a64f8d10f0cb680ab2c9ebc4efc43945ef004b52b5ad28c?s=96&d=mm&r=g\",\"url\":\"https:\\\/\\\/secure.gravatar.com\\\/avatar\\\/98944333e7a877670a64f8d10f0cb680ab2c9ebc4efc43945ef004b52b5ad28c?s=96&d=mm&r=g\",\"contentUrl\":\"https:\\\/\\\/secure.gravatar.com\\\/avatar\\\/98944333e7a877670a64f8d10f0cb680ab2c9ebc4efc43945ef004b52b5ad28c?s=96&d=mm&r=g\",\"caption\":\"comunicacio\"},\"url\":\"https:\\\/\\\/mont-roig.cat\\\/es\\\/actualitat\\\/noticies\\\/author\\\/comunicacio\\\/\"}]}<\/script>\n<!-- \/ Yoast SEO plugin. -->","yoast_head_json":{"title":"630 atletas participan en las diferentes carreras de la Mitja Marat\u00f3 de Miami Platja - Ajuntament de Mont-roig del Camp","robots":{"index":"index","follow":"follow","max-snippet":"max-snippet:-1","max-image-preview":"max-image-preview:large","max-video-preview":"max-video-preview:-1"},"canonical":"https:\/\/mont-roig.cat\/es\/actualitat\/noticies\/630-atletas-participan-en-las-diferentes-carreras-de-la-mitja-marato-de-miami-platja\/","og_locale":"es_ES","og_type":"article","og_title":"630 atletas participan en las diferentes carreras de la Mitja Marat\u00f3 de Miami Platja - Ajuntament de Mont-roig del Camp","og_description":"Este domingo, Miami Platja ha vivido una jornada deportiva de alta intensidad y ambiente festivo con la celebraci\u00f3n de una nueva edici\u00f3n de la Mitja Marat\u00f3 de Miami Platja, organizada por el \u00c0rea d\u2019Esports de l\u2019Ajuntament de Mont-roig del Camp y la empresa Tretzesports. Con un total de 630 personas inscritas, la prueba ha alcanzado [&hellip;]","og_url":"https:\/\/mont-roig.cat\/es\/actualitat\/noticies\/630-atletas-participan-en-las-diferentes-carreras-de-la-mitja-marato-de-miami-platja\/","og_site_name":"Ajuntament de Mont-roig del Camp","article_published_time":"2025-04-07T09:52:36+00:00","article_modified_time":"2025-04-07T11:56:13+00:00","og_image":[{"width":899,"height":761,"url":"https:\/\/mont-roig.cat\/wp-content\/uploads\/sortida-mitja.jpg","type":"image\/jpeg"}],"author":"comunicacio","twitter_card":"summary_large_image","twitter_misc":{"Escrito por":"comunicacio","Tiempo de lectura":"3 minutos"},"schema":{"@context":"https:\/\/schema.org","@graph":[{"@type":"Article","@id":"https:\/\/mont-roig.cat\/es\/actualitat\/noticies\/630-atletas-participan-en-las-diferentes-carreras-de-la-mitja-marato-de-miami-platja\/#article","isPartOf":{"@id":"https:\/\/mont-roig.cat\/es\/actualitat\/noticies\/630-atletas-participan-en-las-diferentes-carreras-de-la-mitja-marato-de-miami-platja\/"},"author":{"name":"comunicacio","@id":"https:\/\/mont-roig.cat\/es\/#\/schema\/person\/1f73e7b5e6f9dd122e8a6f14f310ac5e"},"headline":"630 atletas participan en las diferentes carreras de la Mitja Marat\u00f3 de Miami Platja","datePublished":"2025-04-07T09:52:36+00:00","dateModified":"2025-04-07T11:56:13+00:00","mainEntityOfPage":{"@id":"https:\/\/mont-roig.cat\/es\/actualitat\/noticies\/630-atletas-participan-en-las-diferentes-carreras-de-la-mitja-marato-de-miami-platja\/"},"wordCount":344,"image":{"@id":"https:\/\/mont-roig.cat\/es\/actualitat\/noticies\/630-atletas-participan-en-las-diferentes-carreras-de-la-mitja-marato-de-miami-platja\/#primaryimage"},"thumbnailUrl":"https:\/\/mont-roig.cat\/wp-content\/uploads\/sortida-mitja.jpg","articleSection":["Ayuntamiento","Deportes"],"inLanguage":"es"},{"@type":"WebPage","@id":"https:\/\/mont-roig.cat\/es\/actualitat\/noticies\/630-atletas-participan-en-las-diferentes-carreras-de-la-mitja-marato-de-miami-platja\/","url":"https:\/\/mont-roig.cat\/es\/actualitat\/noticies\/630-atletas-participan-en-las-diferentes-carreras-de-la-mitja-marato-de-miami-platja\/","name":"630 atletas participan en las diferentes carreras de la Mitja Marat\u00f3 de Miami Platja - Ajuntament de Mont-roig del Camp","isPartOf":{"@id":"https:\/\/mont-roig.cat\/es\/#website"},"primaryImageOfPage":{"@id":"https:\/\/mont-roig.cat\/es\/actualitat\/noticies\/630-atletas-participan-en-las-diferentes-carreras-de-la-mitja-marato-de-miami-platja\/#primaryimage"},"image":{"@id":"https:\/\/mont-roig.cat\/es\/actualitat\/noticies\/630-atletas-participan-en-las-diferentes-carreras-de-la-mitja-marato-de-miami-platja\/#primaryimage"},"thumbnailUrl":"https:\/\/mont-roig.cat\/wp-content\/uploads\/sortida-mitja.jpg","datePublished":"2025-04-07T09:52:36+00:00","dateModified":"2025-04-07T11:56:13+00:00","author":{"@id":"https:\/\/mont-roig.cat\/es\/#\/schema\/person\/1f73e7b5e6f9dd122e8a6f14f310ac5e"},"breadcrumb":{"@id":"https:\/\/mont-roig.cat\/es\/actualitat\/noticies\/630-atletas-participan-en-las-diferentes-carreras-de-la-mitja-marato-de-miami-platja\/#breadcrumb"},"inLanguage":"es","potentialAction":[{"@type":"ReadAction","target":["https:\/\/mont-roig.cat\/es\/actualitat\/noticies\/630-atletas-participan-en-las-diferentes-carreras-de-la-mitja-marato-de-miami-platja\/"]}]},{"@type":"ImageObject","inLanguage":"es","@id":"https:\/\/mont-roig.cat\/es\/actualitat\/noticies\/630-atletas-participan-en-las-diferentes-carreras-de-la-mitja-marato-de-miami-platja\/#primaryimage","url":"https:\/\/mont-roig.cat\/wp-content\/uploads\/sortida-mitja.jpg","contentUrl":"https:\/\/mont-roig.cat\/wp-content\/uploads\/sortida-mitja.jpg","width":899,"height":761},{"@type":"BreadcrumbList","@id":"https:\/\/mont-roig.cat\/es\/actualitat\/noticies\/630-atletas-participan-en-las-diferentes-carreras-de-la-mitja-marato-de-miami-platja\/#breadcrumb","itemListElement":[{"@type":"ListItem","position":1,"name":"Inici","item":"https:\/\/mont-roig.cat\/es\/pagina-de-inicio\/"},{"@type":"ListItem","position":2,"name":"630 atletas participan en las diferentes carreras de la Mitja Marat\u00f3 de Miami Platja"}]},{"@type":"WebSite","@id":"https:\/\/mont-roig.cat\/es\/#website","url":"https:\/\/mont-roig.cat\/es\/","name":"Ajuntament de Mont-roig del Camp","description":"Tota la informaci\u00f3 sobre la instituci\u00f3, els seus \u00f2rgans de govern, actualitat, serveis i molt m\u00e9s.","potentialAction":[{"@type":"SearchAction","target":{"@type":"EntryPoint","urlTemplate":"https:\/\/mont-roig.cat\/es\/?s={search_term_string}"},"query-input":{"@type":"PropertyValueSpecification","valueRequired":true,"valueName":"search_term_string"}}],"inLanguage":"es"},{"@type":"Person","@id":"https:\/\/mont-roig.cat\/es\/#\/schema\/person\/1f73e7b5e6f9dd122e8a6f14f310ac5e","name":"comunicacio","image":{"@type":"ImageObject","inLanguage":"es","@id":"https:\/\/secure.gravatar.com\/avatar\/98944333e7a877670a64f8d10f0cb680ab2c9ebc4efc43945ef004b52b5ad28c?s=96&d=mm&r=g","url":"https:\/\/secure.gravatar.com\/avatar\/98944333e7a877670a64f8d10f0cb680ab2c9ebc4efc43945ef004b52b5ad28c?s=96&d=mm&r=g","contentUrl":"https:\/\/secure.gravatar.com\/avatar\/98944333e7a877670a64f8d10f0cb680ab2c9ebc4efc43945ef004b52b5ad28c?s=96&d=mm&r=g","caption":"comunicacio"},"url":"https:\/\/mont-roig.cat\/es\/actualitat\/noticies\/author\/comunicacio\/"}]}},"_links":{"self":[{"href":"https:\/\/mont-roig.cat\/es\/wp-json\/wp\/v2\/posts\/81788","targetHints":{"allow":["GET"]}}],"collection":[{"href":"https:\/\/mont-roig.cat\/es\/wp-json\/wp\/v2\/posts"}],"about":[{"href":"https:\/\/mont-roig.cat\/es\/wp-json\/wp\/v2\/types\/post"}],"author":[{"embeddable":true,"href":"https:\/\/mont-roig.cat\/es\/wp-json\/wp\/v2\/users\/13"}],"replies":[{"embeddable":true,"href":"https:\/\/mont-roig.cat\/es\/wp-json\/wp\/v2\/comments?post=81788"}],"version-history":[{"count":4,"href":"https:\/\/mont-roig.cat\/es\/wp-json\/wp\/v2\/posts\/81788\/revisions"}],"predecessor-version":[{"id":81798,"href":"https:\/\/mont-roig.cat\/es\/wp-json\/wp\/v2\/posts\/81788\/revisions\/81798"}],"wp:featuredmedia":[{"embeddable":true,"href":"https:\/\/mont-roig.cat\/es\/wp-json\/wp\/v2\/media\/81790"}],"wp:attachment":[{"href":"https:\/\/mont-roig.cat\/es\/wp-json\/wp\/v2\/media?parent=81788"}],"wp:term":[{"taxonomy":"category","embeddable":true,"href":"https:\/\/mont-roig.cat\/es\/wp-json\/wp\/v2\/categories?post=81788"},{"taxonomy":"post_tag","embeddable":true,"href":"https:\/\/mont-roig.cat\/es\/wp-json\/wp\/v2\/tags?post=81788"}],"curies":[{"name":"wp","href":"https:\/\/api.w.org\/{rel}","templated":true}]}}