{"id":81810,"date":"2025-04-07T14:39:54","date_gmt":"2025-04-07T12:39:54","guid":{"rendered":"https:\/\/mont-roig.cat\/actualitat\/noticies\/la-fira-del-vi-de-miami-platja-celebra-la-seva-5a-edicio-del-11-al-13-dabril-i-dona-el-tret-de-sortida-a-les-vacances-de-setmana-santa\/"},"modified":"2025-04-07T14:59:19","modified_gmt":"2025-04-07T12:59:19","slug":"la-fira-del-vi-de-miami-platja-celebra-su-5a-edicion-del-11-al-13-de-abril-y-da-el-pistoletazo-de-salida-a-las-vacaciones-de-semana-santa","status":"publish","type":"post","link":"https:\/\/mont-roig.cat\/es\/actualitat\/noticies\/la-fira-del-vi-de-miami-platja-celebra-su-5a-edicion-del-11-al-13-de-abril-y-da-el-pistoletazo-de-salida-a-las-vacaciones-de-semana-santa\/","title":{"rendered":"La Fira del Vi de Miami Platja celebra su 5.\u00aa edici\u00f3n del 11 al 13 de abril y da el pistoletazo de salida a las vacaciones de Semana Santa"},"content":{"rendered":"<ul>\n<li><a href=\"https:\/\/mont-roig.cat\/wp-content\/uploads\/MM_VI25_CARTELL_A3_PRINT1-scaled.jpg\" target=\"_blank\" rel=\"noopener\"><img loading=\"lazy\" decoding=\"async\" class=\"alignright wp-image-81804\" src=\"https:\/\/mont-roig.cat\/wp-content\/uploads\/MM_VI25_CARTELL_A3_PRINT1-354x500.jpg\" alt=\"\" width=\"258\" height=\"364\" srcset=\"https:\/\/mont-roig.cat\/wp-content\/uploads\/MM_VI25_CARTELL_A3_PRINT1-354x500.jpg 354w, https:\/\/mont-roig.cat\/wp-content\/uploads\/MM_VI25_CARTELL_A3_PRINT1-724x1024.jpg 724w, https:\/\/mont-roig.cat\/wp-content\/uploads\/MM_VI25_CARTELL_A3_PRINT1-768x1086.jpg 768w, https:\/\/mont-roig.cat\/wp-content\/uploads\/MM_VI25_CARTELL_A3_PRINT1-1086x1536.jpg 1086w, https:\/\/mont-roig.cat\/wp-content\/uploads\/MM_VI25_CARTELL_A3_PRINT1-scaled.jpg 1448w\" sizes=\"auto, (max-width: 258px) 100vw, 258px\" \/><\/a><strong>La Fira del Vi de Miami Platja llega\u00a0 de nuevo como una propuesta atractiva para los amantes del vino, la gastronom\u00eda y la m\u00fasica<\/strong><\/li>\n<\/ul>\n<p class=\"\" data-start=\"245\" data-end=\"680\">Organizada por Mont-roig Miami Turisme, la feria tendr\u00e1 lugar del viernes 11 al domingo 13 de abril en la Pla\u00e7a del Cinquantenari de Miami Platja, dando inicio a los actos de Semana Santa en el municipio. Este a\u00f1o, la feria da un salto cualitativo con la participaci\u00f3n de 19 bodegas procedentes de 8 Denominaciones de Origen del territorio, una apuesta clara por la diversidad y la calidad de los vinos de proximidad de nuestro pa\u00eds.<\/p>\n<p class=\"\" data-start=\"682\" data-end=\"992\">Adem\u00e1s, el espacio gastron\u00f3mico estar\u00e1 formado por seis establecimientos locales que ofrecer\u00e1n una amplia variedad de platos y tapas para maridar con los vinos: Sol y Mar (establecimiento ganador del campeonato de bravas), Coffee Moments, Mam\u00e1 Ina, Paladar Cuina, Papaya Bar y Plats&amp;Co.<\/p>\n<p class=\"\" data-start=\"994\" data-end=\"1157\">El evento tambi\u00e9n contar\u00e1 con un espacio infantil con actividades durante todo el fin de semana para los m\u00e1s peque\u00f1os, creando as\u00ed un ambiente ideal para familias.<\/p>\n<p class=\"\" data-start=\"1159\" data-end=\"1291\">La m\u00fasica en directo ser\u00e1 otro de los grandes atractivos de la feria, con una programaci\u00f3n pensada para animar a todos los p\u00fablicos:<\/p>\n<ul>\n<li data-start=\"1295\" data-end=\"1368\"><strong data-start=\"1295\" data-end=\"1310\">Lola Van DJ<\/strong> pinchar\u00e1 m\u00fasica ambiental durante todo el fin de semana<\/li>\n<li data-start=\"1371\" data-end=\"1409\"><strong data-start=\"1371\" data-end=\"1382\">Cover H<\/strong>, s\u00e1bado 12 a las 13:00 h<\/li>\n<li data-start=\"1412\" data-end=\"1451\"><strong data-start=\"1412\" data-end=\"1423\">Xibarri<\/strong>, domingo 13 a las 13:00 h<\/li>\n<\/ul>\n<p><strong data-start=\"1453\" data-end=\"1478\">Horarios de la feria:<\/strong><\/p>\n<ul>\n<li data-start=\"1482\" data-end=\"1523\">Viernes 11 de abril: de 18:00 a 23:00 h<\/li>\n<li data-start=\"1526\" data-end=\"1566\">S\u00e1bado 12 de abril: de 11:30 a 23:00 h<\/li>\n<li data-start=\"1569\" data-end=\"1610\">Domingo 13 de abril: de 11:30 a 22:00 h<\/li>\n<\/ul>\n<p class=\"\" data-start=\"1612\" data-end=\"1683\">Programa completo de la <strong data-start=\"1636\" data-end=\"1667\">Fira del Vi de Miami Platja<\/strong> <a href=\"https:\/\/mont-roig.cat\/wp-content\/uploads\/Desplegable_fira_vi_2025_OK_CA_ES.pdf\" target=\"_blank\" rel=\"noopener\">en este enlace.<\/a><\/p>\n<p>&nbsp;<\/p>\n","protected":false},"excerpt":{"rendered":"<p>La Fira del Vi de Miami Platja llega\u00a0 de nuevo como una propuesta atractiva para los amantes del vino, la gastronom\u00eda y la m\u00fasica Organizada por Mont-roig Miami Turisme, la feria tendr\u00e1 lugar del viernes 11 al domingo 13 de abril en la Pla\u00e7a del Cinquantenari de Miami Platja, dando inicio a los actos de [&hellip;]<\/p>\n","protected":false},"author":13,"featured_media":81805,"comment_status":"closed","ping_status":"closed","sticky":false,"template":"","format":"standard","meta":{"inline_featured_image":false,"_monsterinsights_skip_tracking":false,"_monsterinsights_sitenote_active":false,"_monsterinsights_sitenote_note":"","_monsterinsights_sitenote_category":0,"footnotes":""},"categories":[98,115],"tags":[],"class_list":["post-81810","post","type-post","status-publish","format-standard","has-post-thumbnail","hentry","category-ayuntamiento","category-turismo"],"yoast_head":"<!-- This site is optimized with the Yoast SEO plugin v27.4 - https:\/\/yoast.com\/product\/yoast-seo-wordpress\/ -->\n<title>La Fira del Vi de Miami Platja celebra su 5.\u00aa edici\u00f3n del 11 al 13 de abril y da el pistoletazo de salida a las vacaciones de Semana Santa - Ajuntament de Mont-roig del Camp<\/title>\n<meta name=\"robots\" content=\"index, follow, max-snippet:-1, max-image-preview:large, max-video-preview:-1\" \/>\n<link rel=\"canonical\" href=\"https:\/\/mont-roig.cat\/es\/actualitat\/noticies\/la-fira-del-vi-de-miami-platja-celebra-su-5a-edicion-del-11-al-13-de-abril-y-da-el-pistoletazo-de-salida-a-las-vacaciones-de-semana-santa\/\" \/>\n<meta property=\"og:locale\" content=\"es_ES\" \/>\n<meta property=\"og:type\" content=\"article\" \/>\n<meta property=\"og:title\" content=\"La Fira del Vi de Miami Platja celebra su 5.\u00aa edici\u00f3n del 11 al 13 de abril y da el pistoletazo de salida a las vacaciones de Semana Santa - Ajuntament de Mont-roig del Camp\" \/>\n<meta property=\"og:description\" content=\"La Fira del Vi de Miami Platja llega\u00a0 de nuevo como una propuesta atractiva para los amantes del vino, la gastronom\u00eda y la m\u00fasica Organizada por Mont-roig Miami Turisme, la feria tendr\u00e1 lugar del viernes 11 al domingo 13 de abril en la Pla\u00e7a del Cinquantenari de Miami Platja, dando inicio a los actos de [&hellip;]\" \/>\n<meta property=\"og:url\" content=\"https:\/\/mont-roig.cat\/es\/actualitat\/noticies\/la-fira-del-vi-de-miami-platja-celebra-su-5a-edicion-del-11-al-13-de-abril-y-da-el-pistoletazo-de-salida-a-las-vacaciones-de-semana-santa\/\" \/>\n<meta property=\"og:site_name\" content=\"Ajuntament de Mont-roig del Camp\" \/>\n<meta property=\"article:published_time\" content=\"2025-04-07T12:39:54+00:00\" \/>\n<meta property=\"article:modified_time\" content=\"2025-04-07T12:59:19+00:00\" \/>\n<meta property=\"og:image\" content=\"https:\/\/mont-roig.cat\/wp-content\/uploads\/MM_VI25_CARTELL_A3_PRINT1-scaled.jpg\" \/>\n\t<meta property=\"og:image:width\" content=\"1448\" \/>\n\t<meta property=\"og:image:height\" content=\"2048\" \/>\n\t<meta property=\"og:image:type\" content=\"image\/jpeg\" \/>\n<meta name=\"author\" content=\"comunicacio\" \/>\n<meta name=\"twitter:card\" content=\"summary_large_image\" \/>\n<meta name=\"twitter:label1\" content=\"Escrito por\" \/>\n\t<meta name=\"twitter:data1\" content=\"comunicacio\" \/>\n\t<meta name=\"twitter:label2\" content=\"Tiempo de lectura\" \/>\n\t<meta name=\"twitter:data2\" content=\"2 minutos\" \/>\n<script type=\"application\/ld+json\" class=\"yoast-schema-graph\">{\"@context\":\"https:\\\/\\\/schema.org\",\"@graph\":[{\"@type\":\"Article\",\"@id\":\"https:\\\/\\\/mont-roig.cat\\\/es\\\/actualitat\\\/noticies\\\/la-fira-del-vi-de-miami-platja-celebra-su-5a-edicion-del-11-al-13-de-abril-y-da-el-pistoletazo-de-salida-a-las-vacaciones-de-semana-santa\\\/#article\",\"isPartOf\":{\"@id\":\"https:\\\/\\\/mont-roig.cat\\\/es\\\/actualitat\\\/noticies\\\/la-fira-del-vi-de-miami-platja-celebra-su-5a-edicion-del-11-al-13-de-abril-y-da-el-pistoletazo-de-salida-a-las-vacaciones-de-semana-santa\\\/\"},\"author\":{\"name\":\"comunicacio\",\"@id\":\"https:\\\/\\\/mont-roig.cat\\\/es\\\/#\\\/schema\\\/person\\\/1f73e7b5e6f9dd122e8a6f14f310ac5e\"},\"headline\":\"La Fira del Vi de Miami Platja celebra su 5.\u00aa edici\u00f3n del 11 al 13 de abril y da el pistoletazo de salida a las vacaciones de Semana Santa\",\"datePublished\":\"2025-04-07T12:39:54+00:00\",\"dateModified\":\"2025-04-07T12:59:19+00:00\",\"mainEntityOfPage\":{\"@id\":\"https:\\\/\\\/mont-roig.cat\\\/es\\\/actualitat\\\/noticies\\\/la-fira-del-vi-de-miami-platja-celebra-su-5a-edicion-del-11-al-13-de-abril-y-da-el-pistoletazo-de-salida-a-las-vacaciones-de-semana-santa\\\/\"},\"wordCount\":294,\"image\":{\"@id\":\"https:\\\/\\\/mont-roig.cat\\\/es\\\/actualitat\\\/noticies\\\/la-fira-del-vi-de-miami-platja-celebra-su-5a-edicion-del-11-al-13-de-abril-y-da-el-pistoletazo-de-salida-a-las-vacaciones-de-semana-santa\\\/#primaryimage\"},\"thumbnailUrl\":\"https:\\\/\\\/mont-roig.cat\\\/wp-content\\\/uploads\\\/MM_VI25_CARTELL_A3_PRINT1-scaled.jpg\",\"articleSection\":[\"Ayuntamiento\",\"Turismo\"],\"inLanguage\":\"es\"},{\"@type\":\"WebPage\",\"@id\":\"https:\\\/\\\/mont-roig.cat\\\/es\\\/actualitat\\\/noticies\\\/la-fira-del-vi-de-miami-platja-celebra-su-5a-edicion-del-11-al-13-de-abril-y-da-el-pistoletazo-de-salida-a-las-vacaciones-de-semana-santa\\\/\",\"url\":\"https:\\\/\\\/mont-roig.cat\\\/es\\\/actualitat\\\/noticies\\\/la-fira-del-vi-de-miami-platja-celebra-su-5a-edicion-del-11-al-13-de-abril-y-da-el-pistoletazo-de-salida-a-las-vacaciones-de-semana-santa\\\/\",\"name\":\"La Fira del Vi de Miami Platja celebra su 5.\u00aa edici\u00f3n del 11 al 13 de abril y da el pistoletazo de salida a las vacaciones de Semana Santa - Ajuntament de Mont-roig del Camp\",\"isPartOf\":{\"@id\":\"https:\\\/\\\/mont-roig.cat\\\/es\\\/#website\"},\"primaryImageOfPage\":{\"@id\":\"https:\\\/\\\/mont-roig.cat\\\/es\\\/actualitat\\\/noticies\\\/la-fira-del-vi-de-miami-platja-celebra-su-5a-edicion-del-11-al-13-de-abril-y-da-el-pistoletazo-de-salida-a-las-vacaciones-de-semana-santa\\\/#primaryimage\"},\"image\":{\"@id\":\"https:\\\/\\\/mont-roig.cat\\\/es\\\/actualitat\\\/noticies\\\/la-fira-del-vi-de-miami-platja-celebra-su-5a-edicion-del-11-al-13-de-abril-y-da-el-pistoletazo-de-salida-a-las-vacaciones-de-semana-santa\\\/#primaryimage\"},\"thumbnailUrl\":\"https:\\\/\\\/mont-roig.cat\\\/wp-content\\\/uploads\\\/MM_VI25_CARTELL_A3_PRINT1-scaled.jpg\",\"datePublished\":\"2025-04-07T12:39:54+00:00\",\"dateModified\":\"2025-04-07T12:59:19+00:00\",\"author\":{\"@id\":\"https:\\\/\\\/mont-roig.cat\\\/es\\\/#\\\/schema\\\/person\\\/1f73e7b5e6f9dd122e8a6f14f310ac5e\"},\"breadcrumb\":{\"@id\":\"https:\\\/\\\/mont-roig.cat\\\/es\\\/actualitat\\\/noticies\\\/la-fira-del-vi-de-miami-platja-celebra-su-5a-edicion-del-11-al-13-de-abril-y-da-el-pistoletazo-de-salida-a-las-vacaciones-de-semana-santa\\\/#breadcrumb\"},\"inLanguage\":\"es\",\"potentialAction\":[{\"@type\":\"ReadAction\",\"target\":[\"https:\\\/\\\/mont-roig.cat\\\/es\\\/actualitat\\\/noticies\\\/la-fira-del-vi-de-miami-platja-celebra-su-5a-edicion-del-11-al-13-de-abril-y-da-el-pistoletazo-de-salida-a-las-vacaciones-de-semana-santa\\\/\"]}]},{\"@type\":\"ImageObject\",\"inLanguage\":\"es\",\"@id\":\"https:\\\/\\\/mont-roig.cat\\\/es\\\/actualitat\\\/noticies\\\/la-fira-del-vi-de-miami-platja-celebra-su-5a-edicion-del-11-al-13-de-abril-y-da-el-pistoletazo-de-salida-a-las-vacaciones-de-semana-santa\\\/#primaryimage\",\"url\":\"https:\\\/\\\/mont-roig.cat\\\/wp-content\\\/uploads\\\/MM_VI25_CARTELL_A3_PRINT1-scaled.jpg\",\"contentUrl\":\"https:\\\/\\\/mont-roig.cat\\\/wp-content\\\/uploads\\\/MM_VI25_CARTELL_A3_PRINT1-scaled.jpg\",\"width\":1448,\"height\":2048},{\"@type\":\"BreadcrumbList\",\"@id\":\"https:\\\/\\\/mont-roig.cat\\\/es\\\/actualitat\\\/noticies\\\/la-fira-del-vi-de-miami-platja-celebra-su-5a-edicion-del-11-al-13-de-abril-y-da-el-pistoletazo-de-salida-a-las-vacaciones-de-semana-santa\\\/#breadcrumb\",\"itemListElement\":[{\"@type\":\"ListItem\",\"position\":1,\"name\":\"Inici\",\"item\":\"https:\\\/\\\/mont-roig.cat\\\/es\\\/pagina-de-inicio\\\/\"},{\"@type\":\"ListItem\",\"position\":2,\"name\":\"La Fira del Vi de Miami Platja celebra su 5.\u00aa edici\u00f3n del 11 al 13 de abril y da el pistoletazo de salida a las vacaciones de Semana Santa\"}]},{\"@type\":\"WebSite\",\"@id\":\"https:\\\/\\\/mont-roig.cat\\\/es\\\/#website\",\"url\":\"https:\\\/\\\/mont-roig.cat\\\/es\\\/\",\"name\":\"Ajuntament de Mont-roig del Camp\",\"description\":\"Tota la informaci\u00f3 sobre la instituci\u00f3, els seus \u00f2rgans de govern, actualitat, serveis i molt m\u00e9s.\",\"potentialAction\":[{\"@type\":\"SearchAction\",\"target\":{\"@type\":\"EntryPoint\",\"urlTemplate\":\"https:\\\/\\\/mont-roig.cat\\\/es\\\/?s={search_term_string}\"},\"query-input\":{\"@type\":\"PropertyValueSpecification\",\"valueRequired\":true,\"valueName\":\"search_term_string\"}}],\"inLanguage\":\"es\"},{\"@type\":\"Person\",\"@id\":\"https:\\\/\\\/mont-roig.cat\\\/es\\\/#\\\/schema\\\/person\\\/1f73e7b5e6f9dd122e8a6f14f310ac5e\",\"name\":\"comunicacio\",\"image\":{\"@type\":\"ImageObject\",\"inLanguage\":\"es\",\"@id\":\"https:\\\/\\\/secure.gravatar.com\\\/avatar\\\/98944333e7a877670a64f8d10f0cb680ab2c9ebc4efc43945ef004b52b5ad28c?s=96&d=mm&r=g\",\"url\":\"https:\\\/\\\/secure.gravatar.com\\\/avatar\\\/98944333e7a877670a64f8d10f0cb680ab2c9ebc4efc43945ef004b52b5ad28c?s=96&d=mm&r=g\",\"contentUrl\":\"https:\\\/\\\/secure.gravatar.com\\\/avatar\\\/98944333e7a877670a64f8d10f0cb680ab2c9ebc4efc43945ef004b52b5ad28c?s=96&d=mm&r=g\",\"caption\":\"comunicacio\"},\"url\":\"https:\\\/\\\/mont-roig.cat\\\/es\\\/actualitat\\\/noticies\\\/author\\\/comunicacio\\\/\"}]}<\/script>\n<!-- \/ Yoast SEO plugin. -->","yoast_head_json":{"title":"La Fira del Vi de Miami Platja celebra su 5.\u00aa edici\u00f3n del 11 al 13 de abril y da el pistoletazo de salida a las vacaciones de Semana Santa - Ajuntament de Mont-roig del Camp","robots":{"index":"index","follow":"follow","max-snippet":"max-snippet:-1","max-image-preview":"max-image-preview:large","max-video-preview":"max-video-preview:-1"},"canonical":"https:\/\/mont-roig.cat\/es\/actualitat\/noticies\/la-fira-del-vi-de-miami-platja-celebra-su-5a-edicion-del-11-al-13-de-abril-y-da-el-pistoletazo-de-salida-a-las-vacaciones-de-semana-santa\/","og_locale":"es_ES","og_type":"article","og_title":"La Fira del Vi de Miami Platja celebra su 5.\u00aa edici\u00f3n del 11 al 13 de abril y da el pistoletazo de salida a las vacaciones de Semana Santa - Ajuntament de Mont-roig del Camp","og_description":"La Fira del Vi de Miami Platja llega\u00a0 de nuevo como una propuesta atractiva para los amantes del vino, la gastronom\u00eda y la m\u00fasica Organizada por Mont-roig Miami Turisme, la feria tendr\u00e1 lugar del viernes 11 al domingo 13 de abril en la Pla\u00e7a del Cinquantenari de Miami Platja, dando inicio a los actos de [&hellip;]","og_url":"https:\/\/mont-roig.cat\/es\/actualitat\/noticies\/la-fira-del-vi-de-miami-platja-celebra-su-5a-edicion-del-11-al-13-de-abril-y-da-el-pistoletazo-de-salida-a-las-vacaciones-de-semana-santa\/","og_site_name":"Ajuntament de Mont-roig del Camp","article_published_time":"2025-04-07T12:39:54+00:00","article_modified_time":"2025-04-07T12:59:19+00:00","og_image":[{"width":1448,"height":2048,"url":"https:\/\/mont-roig.cat\/wp-content\/uploads\/MM_VI25_CARTELL_A3_PRINT1-scaled.jpg","type":"image\/jpeg"}],"author":"comunicacio","twitter_card":"summary_large_image","twitter_misc":{"Escrito por":"comunicacio","Tiempo de lectura":"2 minutos"},"schema":{"@context":"https:\/\/schema.org","@graph":[{"@type":"Article","@id":"https:\/\/mont-roig.cat\/es\/actualitat\/noticies\/la-fira-del-vi-de-miami-platja-celebra-su-5a-edicion-del-11-al-13-de-abril-y-da-el-pistoletazo-de-salida-a-las-vacaciones-de-semana-santa\/#article","isPartOf":{"@id":"https:\/\/mont-roig.cat\/es\/actualitat\/noticies\/la-fira-del-vi-de-miami-platja-celebra-su-5a-edicion-del-11-al-13-de-abril-y-da-el-pistoletazo-de-salida-a-las-vacaciones-de-semana-santa\/"},"author":{"name":"comunicacio","@id":"https:\/\/mont-roig.cat\/es\/#\/schema\/person\/1f73e7b5e6f9dd122e8a6f14f310ac5e"},"headline":"La Fira del Vi de Miami Platja celebra su 5.\u00aa edici\u00f3n del 11 al 13 de abril y da el pistoletazo de salida a las vacaciones de Semana Santa","datePublished":"2025-04-07T12:39:54+00:00","dateModified":"2025-04-07T12:59:19+00:00","mainEntityOfPage":{"@id":"https:\/\/mont-roig.cat\/es\/actualitat\/noticies\/la-fira-del-vi-de-miami-platja-celebra-su-5a-edicion-del-11-al-13-de-abril-y-da-el-pistoletazo-de-salida-a-las-vacaciones-de-semana-santa\/"},"wordCount":294,"image":{"@id":"https:\/\/mont-roig.cat\/es\/actualitat\/noticies\/la-fira-del-vi-de-miami-platja-celebra-su-5a-edicion-del-11-al-13-de-abril-y-da-el-pistoletazo-de-salida-a-las-vacaciones-de-semana-santa\/#primaryimage"},"thumbnailUrl":"https:\/\/mont-roig.cat\/wp-content\/uploads\/MM_VI25_CARTELL_A3_PRINT1-scaled.jpg","articleSection":["Ayuntamiento","Turismo"],"inLanguage":"es"},{"@type":"WebPage","@id":"https:\/\/mont-roig.cat\/es\/actualitat\/noticies\/la-fira-del-vi-de-miami-platja-celebra-su-5a-edicion-del-11-al-13-de-abril-y-da-el-pistoletazo-de-salida-a-las-vacaciones-de-semana-santa\/","url":"https:\/\/mont-roig.cat\/es\/actualitat\/noticies\/la-fira-del-vi-de-miami-platja-celebra-su-5a-edicion-del-11-al-13-de-abril-y-da-el-pistoletazo-de-salida-a-las-vacaciones-de-semana-santa\/","name":"La Fira del Vi de Miami Platja celebra su 5.\u00aa edici\u00f3n del 11 al 13 de abril y da el pistoletazo de salida a las vacaciones de Semana Santa - Ajuntament de Mont-roig del Camp","isPartOf":{"@id":"https:\/\/mont-roig.cat\/es\/#website"},"primaryImageOfPage":{"@id":"https:\/\/mont-roig.cat\/es\/actualitat\/noticies\/la-fira-del-vi-de-miami-platja-celebra-su-5a-edicion-del-11-al-13-de-abril-y-da-el-pistoletazo-de-salida-a-las-vacaciones-de-semana-santa\/#primaryimage"},"image":{"@id":"https:\/\/mont-roig.cat\/es\/actualitat\/noticies\/la-fira-del-vi-de-miami-platja-celebra-su-5a-edicion-del-11-al-13-de-abril-y-da-el-pistoletazo-de-salida-a-las-vacaciones-de-semana-santa\/#primaryimage"},"thumbnailUrl":"https:\/\/mont-roig.cat\/wp-content\/uploads\/MM_VI25_CARTELL_A3_PRINT1-scaled.jpg","datePublished":"2025-04-07T12:39:54+00:00","dateModified":"2025-04-07T12:59:19+00:00","author":{"@id":"https:\/\/mont-roig.cat\/es\/#\/schema\/person\/1f73e7b5e6f9dd122e8a6f14f310ac5e"},"breadcrumb":{"@id":"https:\/\/mont-roig.cat\/es\/actualitat\/noticies\/la-fira-del-vi-de-miami-platja-celebra-su-5a-edicion-del-11-al-13-de-abril-y-da-el-pistoletazo-de-salida-a-las-vacaciones-de-semana-santa\/#breadcrumb"},"inLanguage":"es","potentialAction":[{"@type":"ReadAction","target":["https:\/\/mont-roig.cat\/es\/actualitat\/noticies\/la-fira-del-vi-de-miami-platja-celebra-su-5a-edicion-del-11-al-13-de-abril-y-da-el-pistoletazo-de-salida-a-las-vacaciones-de-semana-santa\/"]}]},{"@type":"ImageObject","inLanguage":"es","@id":"https:\/\/mont-roig.cat\/es\/actualitat\/noticies\/la-fira-del-vi-de-miami-platja-celebra-su-5a-edicion-del-11-al-13-de-abril-y-da-el-pistoletazo-de-salida-a-las-vacaciones-de-semana-santa\/#primaryimage","url":"https:\/\/mont-roig.cat\/wp-content\/uploads\/MM_VI25_CARTELL_A3_PRINT1-scaled.jpg","contentUrl":"https:\/\/mont-roig.cat\/wp-content\/uploads\/MM_VI25_CARTELL_A3_PRINT1-scaled.jpg","width":1448,"height":2048},{"@type":"BreadcrumbList","@id":"https:\/\/mont-roig.cat\/es\/actualitat\/noticies\/la-fira-del-vi-de-miami-platja-celebra-su-5a-edicion-del-11-al-13-de-abril-y-da-el-pistoletazo-de-salida-a-las-vacaciones-de-semana-santa\/#breadcrumb","itemListElement":[{"@type":"ListItem","position":1,"name":"Inici","item":"https:\/\/mont-roig.cat\/es\/pagina-de-inicio\/"},{"@type":"ListItem","position":2,"name":"La Fira del Vi de Miami Platja celebra su 5.\u00aa edici\u00f3n del 11 al 13 de abril y da el pistoletazo de salida a las vacaciones de Semana Santa"}]},{"@type":"WebSite","@id":"https:\/\/mont-roig.cat\/es\/#website","url":"https:\/\/mont-roig.cat\/es\/","name":"Ajuntament de Mont-roig del Camp","description":"Tota la informaci\u00f3 sobre la instituci\u00f3, els seus \u00f2rgans de govern, actualitat, serveis i molt m\u00e9s.","potentialAction":[{"@type":"SearchAction","target":{"@type":"EntryPoint","urlTemplate":"https:\/\/mont-roig.cat\/es\/?s={search_term_string}"},"query-input":{"@type":"PropertyValueSpecification","valueRequired":true,"valueName":"search_term_string"}}],"inLanguage":"es"},{"@type":"Person","@id":"https:\/\/mont-roig.cat\/es\/#\/schema\/person\/1f73e7b5e6f9dd122e8a6f14f310ac5e","name":"comunicacio","image":{"@type":"ImageObject","inLanguage":"es","@id":"https:\/\/secure.gravatar.com\/avatar\/98944333e7a877670a64f8d10f0cb680ab2c9ebc4efc43945ef004b52b5ad28c?s=96&d=mm&r=g","url":"https:\/\/secure.gravatar.com\/avatar\/98944333e7a877670a64f8d10f0cb680ab2c9ebc4efc43945ef004b52b5ad28c?s=96&d=mm&r=g","contentUrl":"https:\/\/secure.gravatar.com\/avatar\/98944333e7a877670a64f8d10f0cb680ab2c9ebc4efc43945ef004b52b5ad28c?s=96&d=mm&r=g","caption":"comunicacio"},"url":"https:\/\/mont-roig.cat\/es\/actualitat\/noticies\/author\/comunicacio\/"}]}},"_links":{"self":[{"href":"https:\/\/mont-roig.cat\/es\/wp-json\/wp\/v2\/posts\/81810","targetHints":{"allow":["GET"]}}],"collection":[{"href":"https:\/\/mont-roig.cat\/es\/wp-json\/wp\/v2\/posts"}],"about":[{"href":"https:\/\/mont-roig.cat\/es\/wp-json\/wp\/v2\/types\/post"}],"author":[{"embeddable":true,"href":"https:\/\/mont-roig.cat\/es\/wp-json\/wp\/v2\/users\/13"}],"replies":[{"embeddable":true,"href":"https:\/\/mont-roig.cat\/es\/wp-json\/wp\/v2\/comments?post=81810"}],"version-history":[{"count":2,"href":"https:\/\/mont-roig.cat\/es\/wp-json\/wp\/v2\/posts\/81810\/revisions"}],"predecessor-version":[{"id":81811,"href":"https:\/\/mont-roig.cat\/es\/wp-json\/wp\/v2\/posts\/81810\/revisions\/81811"}],"wp:featuredmedia":[{"embeddable":true,"href":"https:\/\/mont-roig.cat\/es\/wp-json\/wp\/v2\/media\/81805"}],"wp:attachment":[{"href":"https:\/\/mont-roig.cat\/es\/wp-json\/wp\/v2\/media?parent=81810"}],"wp:term":[{"taxonomy":"category","embeddable":true,"href":"https:\/\/mont-roig.cat\/es\/wp-json\/wp\/v2\/categories?post=81810"},{"taxonomy":"post_tag","embeddable":true,"href":"https:\/\/mont-roig.cat\/es\/wp-json\/wp\/v2\/tags?post=81810"}],"curies":[{"name":"wp","href":"https:\/\/api.w.org\/{rel}","templated":true}]}}