{"id":81905,"date":"2025-04-09T11:33:47","date_gmt":"2025-04-09T09:33:47","guid":{"rendered":"https:\/\/mont-roig.cat\/?p=81905"},"modified":"2025-04-09T11:33:47","modified_gmt":"2025-04-09T09:33:47","slug":"este-viernes-por-la-tarde-tendra-lugar-el-acto-de-inauguracion-del-nuevo-pabellon-de-la-roca-de-mont-roig","status":"publish","type":"post","link":"https:\/\/mont-roig.cat\/es\/actualitat\/noticies\/este-viernes-por-la-tarde-tendra-lugar-el-acto-de-inauguracion-del-nuevo-pabellon-de-la-roca-de-mont-roig\/","title":{"rendered":"Este viernes por la tarde tendr\u00e1 lugar el acto de inauguraci\u00f3n del nuevo Pabell\u00f3n de la Roca de Mont-roig"},"content":{"rendered":"<ul>\n<li style=\"text-align: justify;\"><strong><a href=\"https:\/\/mont-roig.cat\/wp-content\/uploads\/Pavello-de-la-roca.jpeg\"><img loading=\"lazy\" decoding=\"async\" class=\"alignright wp-image-81902\" src=\"https:\/\/mont-roig.cat\/wp-content\/uploads\/Pavello-de-la-roca-500x375.jpeg\" alt=\"\" width=\"300\" height=\"225\" srcset=\"https:\/\/mont-roig.cat\/wp-content\/uploads\/Pavello-de-la-roca-500x375.jpeg 500w, https:\/\/mont-roig.cat\/wp-content\/uploads\/Pavello-de-la-roca-1024x769.jpeg 1024w, https:\/\/mont-roig.cat\/wp-content\/uploads\/Pavello-de-la-roca-768x576.jpeg 768w, https:\/\/mont-roig.cat\/wp-content\/uploads\/Pavello-de-la-roca-1536x1153.jpeg 1536w, https:\/\/mont-roig.cat\/wp-content\/uploads\/Pavello-de-la-roca-463x348.jpeg 463w, https:\/\/mont-roig.cat\/wp-content\/uploads\/Pavello-de-la-roca.jpeg 1600w\" sizes=\"auto, (max-width: 300px) 100vw, 300px\" \/><\/a>El nuevo equipamiento municipal nace con la voluntad de dar servicio al alumnado de la escuela Mare de D\u00e9u de la Roca, as\u00ed como de apoyar a las entidades deportivas y culturales del municipio<br \/>\n<\/strong><\/li>\n<\/ul>\n<p style=\"text-align: justify;\">El Ayuntamiento de Mont-roig del Camp invita a la ciudadan\u00eda a participar en el acto de inauguraci\u00f3n del nuevo Pabell\u00f3n de la Roca de Mont-roig, que tendr\u00e1 lugar este viernes 11 de abril de 2025, a las 17.00 h. Este nuevo equipamiento municipal nace con la voluntad de dar servicio al alumnado de la escuela Mare de D\u00e9u de la Roca, as\u00ed como de apoyar a las entidades deportivas y culturales del municipio, contribuyendo a descongestionar el polideportivo municipal y ampliar la oferta de espacios para actividades comunitarias.<\/p>\n<p style=\"text-align: justify;\">El acto inaugural contar\u00e1 con los parlamentos de diversas autoridades, entre ellas Elvira Montagud, concejala del Departamento de Educaci\u00f3n; Cristina Alberich, directora de la Escuela Mare de D\u00e9u de la Roca y Fran Morancho, alcalde de Mont-roig del Camp.<\/p>\n<p style=\"text-align: justify;\">Seguidamente, se llevar\u00e1 a cabo el corte simb\u00f3lico de la cinta. A continuaci\u00f3n, se podr\u00e1 visitar el pabell\u00f3n y se ofrecer\u00e1 una merienda para todos los asistentes. El acto contar\u00e1 con la participaci\u00f3n de la Colla Gegantera del Barri dels 6 carrers y los Grallers de Mont-roig.<\/p>\n<p style=\"text-align: justify;\"><strong>Un equipamiento moderno y funcional<\/strong><\/p>\n<p style=\"text-align: justify;\">Las obras del nuevo pabell\u00f3n, iniciadas en febrero de 2024 y ejecutadas por la empresa Construcciones Ferr\u00e9, han tenido un coste total de 757.303 euros (IVA incluido). El proyecto ha sido redactado por el estudio Integral Archiconsulting, que ha dise\u00f1ado un espacio vers\u00e1til y adaptado a las necesidades educativas y deportivas actuales.<\/p>\n<p style=\"text-align: justify;\">El equipamiento cuenta con: 1 pista de minibaloncesto, 2 pistas de b\u00e1dminton, 1 pista de minivoleibol, gradas a dos niveles, vestuarios, almac\u00e9n y servicios complementarios.<\/p>\n<p style=\"text-align: justify;\">Tambi\u00e9n se ha mejorado el acceso desde la carretera de Colldejou y se ha urbanizado el espacio exterior, que mantiene e integra el parque infantil adyacente, generando un entorno abierto, seguro y accesible.<\/p>\n","protected":false},"excerpt":{"rendered":"<p>El nuevo equipamiento municipal nace con la voluntad de dar servicio al alumnado de la escuela Mare de D\u00e9u de la Roca, as\u00ed como de apoyar a las entidades deportivas y culturales del municipio El Ayuntamiento de Mont-roig del Camp invita a la ciudadan\u00eda a participar en el acto de inauguraci\u00f3n del nuevo Pabell\u00f3n de [&hellip;]<\/p>\n","protected":false},"author":13,"featured_media":81901,"comment_status":"closed","ping_status":"closed","sticky":false,"template":"","format":"standard","meta":{"inline_featured_image":false,"_monsterinsights_skip_tracking":false,"_monsterinsights_sitenote_active":false,"_monsterinsights_sitenote_note":"","_monsterinsights_sitenote_category":0,"footnotes":""},"categories":[98,103],"tags":[],"class_list":["post-81905","post","type-post","status-publish","format-standard","has-post-thumbnail","hentry","category-ayuntamiento","category-educacion"],"yoast_head":"<!-- This site is optimized with the Yoast SEO plugin v27.4 - https:\/\/yoast.com\/product\/yoast-seo-wordpress\/ -->\n<title>Este viernes por la tarde tendr\u00e1 lugar el acto de inauguraci\u00f3n del nuevo Pabell\u00f3n de la Roca de Mont-roig - Ajuntament de Mont-roig del Camp<\/title>\n<meta name=\"robots\" content=\"index, follow, max-snippet:-1, max-image-preview:large, max-video-preview:-1\" \/>\n<link rel=\"canonical\" href=\"https:\/\/mont-roig.cat\/es\/actualitat\/noticies\/este-viernes-por-la-tarde-tendra-lugar-el-acto-de-inauguracion-del-nuevo-pabellon-de-la-roca-de-mont-roig\/\" \/>\n<meta property=\"og:locale\" content=\"es_ES\" \/>\n<meta property=\"og:type\" content=\"article\" \/>\n<meta property=\"og:title\" content=\"Este viernes por la tarde tendr\u00e1 lugar el acto de inauguraci\u00f3n del nuevo Pabell\u00f3n de la Roca de Mont-roig - Ajuntament de Mont-roig del Camp\" \/>\n<meta property=\"og:description\" content=\"El nuevo equipamiento municipal nace con la voluntad de dar servicio al alumnado de la escuela Mare de D\u00e9u de la Roca, as\u00ed como de apoyar a las entidades deportivas y culturales del municipio El Ayuntamiento de Mont-roig del Camp invita a la ciudadan\u00eda a participar en el acto de inauguraci\u00f3n del nuevo Pabell\u00f3n de [&hellip;]\" \/>\n<meta property=\"og:url\" content=\"https:\/\/mont-roig.cat\/es\/actualitat\/noticies\/este-viernes-por-la-tarde-tendra-lugar-el-acto-de-inauguracion-del-nuevo-pabellon-de-la-roca-de-mont-roig\/\" \/>\n<meta property=\"og:site_name\" content=\"Ajuntament de Mont-roig del Camp\" \/>\n<meta property=\"article:published_time\" content=\"2025-04-09T09:33:47+00:00\" \/>\n<meta property=\"og:image\" content=\"https:\/\/mont-roig.cat\/wp-content\/uploads\/Pavello-de-la-roca.jpeg\" \/>\n\t<meta property=\"og:image:width\" content=\"1600\" \/>\n\t<meta property=\"og:image:height\" content=\"1201\" \/>\n\t<meta property=\"og:image:type\" content=\"image\/jpeg\" \/>\n<meta name=\"author\" content=\"comunicacio\" \/>\n<meta name=\"twitter:card\" content=\"summary_large_image\" \/>\n<meta name=\"twitter:label1\" content=\"Escrito por\" \/>\n\t<meta name=\"twitter:data1\" content=\"comunicacio\" \/>\n\t<meta name=\"twitter:label2\" content=\"Tiempo de lectura\" \/>\n\t<meta name=\"twitter:data2\" content=\"3 minutos\" \/>\n<script type=\"application\/ld+json\" class=\"yoast-schema-graph\">{\"@context\":\"https:\\\/\\\/schema.org\",\"@graph\":[{\"@type\":\"Article\",\"@id\":\"https:\\\/\\\/mont-roig.cat\\\/es\\\/actualitat\\\/noticies\\\/este-viernes-por-la-tarde-tendra-lugar-el-acto-de-inauguracion-del-nuevo-pabellon-de-la-roca-de-mont-roig\\\/#article\",\"isPartOf\":{\"@id\":\"https:\\\/\\\/mont-roig.cat\\\/es\\\/actualitat\\\/noticies\\\/este-viernes-por-la-tarde-tendra-lugar-el-acto-de-inauguracion-del-nuevo-pabellon-de-la-roca-de-mont-roig\\\/\"},\"author\":{\"name\":\"comunicacio\",\"@id\":\"https:\\\/\\\/mont-roig.cat\\\/es\\\/#\\\/schema\\\/person\\\/1f73e7b5e6f9dd122e8a6f14f310ac5e\"},\"headline\":\"Este viernes por la tarde tendr\u00e1 lugar el acto de inauguraci\u00f3n del nuevo Pabell\u00f3n de la Roca de Mont-roig\",\"datePublished\":\"2025-04-09T09:33:47+00:00\",\"mainEntityOfPage\":{\"@id\":\"https:\\\/\\\/mont-roig.cat\\\/es\\\/actualitat\\\/noticies\\\/este-viernes-por-la-tarde-tendra-lugar-el-acto-de-inauguracion-del-nuevo-pabellon-de-la-roca-de-mont-roig\\\/\"},\"wordCount\":352,\"image\":{\"@id\":\"https:\\\/\\\/mont-roig.cat\\\/es\\\/actualitat\\\/noticies\\\/este-viernes-por-la-tarde-tendra-lugar-el-acto-de-inauguracion-del-nuevo-pabellon-de-la-roca-de-mont-roig\\\/#primaryimage\"},\"thumbnailUrl\":\"https:\\\/\\\/mont-roig.cat\\\/wp-content\\\/uploads\\\/Pavello-de-la-roca.jpeg\",\"articleSection\":[\"Ayuntamiento\",\"Educaci\u00f3n\"],\"inLanguage\":\"es\"},{\"@type\":\"WebPage\",\"@id\":\"https:\\\/\\\/mont-roig.cat\\\/es\\\/actualitat\\\/noticies\\\/este-viernes-por-la-tarde-tendra-lugar-el-acto-de-inauguracion-del-nuevo-pabellon-de-la-roca-de-mont-roig\\\/\",\"url\":\"https:\\\/\\\/mont-roig.cat\\\/es\\\/actualitat\\\/noticies\\\/este-viernes-por-la-tarde-tendra-lugar-el-acto-de-inauguracion-del-nuevo-pabellon-de-la-roca-de-mont-roig\\\/\",\"name\":\"Este viernes por la tarde tendr\u00e1 lugar el acto de inauguraci\u00f3n del nuevo Pabell\u00f3n de la Roca de Mont-roig - Ajuntament de Mont-roig del Camp\",\"isPartOf\":{\"@id\":\"https:\\\/\\\/mont-roig.cat\\\/es\\\/#website\"},\"primaryImageOfPage\":{\"@id\":\"https:\\\/\\\/mont-roig.cat\\\/es\\\/actualitat\\\/noticies\\\/este-viernes-por-la-tarde-tendra-lugar-el-acto-de-inauguracion-del-nuevo-pabellon-de-la-roca-de-mont-roig\\\/#primaryimage\"},\"image\":{\"@id\":\"https:\\\/\\\/mont-roig.cat\\\/es\\\/actualitat\\\/noticies\\\/este-viernes-por-la-tarde-tendra-lugar-el-acto-de-inauguracion-del-nuevo-pabellon-de-la-roca-de-mont-roig\\\/#primaryimage\"},\"thumbnailUrl\":\"https:\\\/\\\/mont-roig.cat\\\/wp-content\\\/uploads\\\/Pavello-de-la-roca.jpeg\",\"datePublished\":\"2025-04-09T09:33:47+00:00\",\"author\":{\"@id\":\"https:\\\/\\\/mont-roig.cat\\\/es\\\/#\\\/schema\\\/person\\\/1f73e7b5e6f9dd122e8a6f14f310ac5e\"},\"breadcrumb\":{\"@id\":\"https:\\\/\\\/mont-roig.cat\\\/es\\\/actualitat\\\/noticies\\\/este-viernes-por-la-tarde-tendra-lugar-el-acto-de-inauguracion-del-nuevo-pabellon-de-la-roca-de-mont-roig\\\/#breadcrumb\"},\"inLanguage\":\"es\",\"potentialAction\":[{\"@type\":\"ReadAction\",\"target\":[\"https:\\\/\\\/mont-roig.cat\\\/es\\\/actualitat\\\/noticies\\\/este-viernes-por-la-tarde-tendra-lugar-el-acto-de-inauguracion-del-nuevo-pabellon-de-la-roca-de-mont-roig\\\/\"]}]},{\"@type\":\"ImageObject\",\"inLanguage\":\"es\",\"@id\":\"https:\\\/\\\/mont-roig.cat\\\/es\\\/actualitat\\\/noticies\\\/este-viernes-por-la-tarde-tendra-lugar-el-acto-de-inauguracion-del-nuevo-pabellon-de-la-roca-de-mont-roig\\\/#primaryimage\",\"url\":\"https:\\\/\\\/mont-roig.cat\\\/wp-content\\\/uploads\\\/Pavello-de-la-roca.jpeg\",\"contentUrl\":\"https:\\\/\\\/mont-roig.cat\\\/wp-content\\\/uploads\\\/Pavello-de-la-roca.jpeg\",\"width\":1600,\"height\":1201},{\"@type\":\"BreadcrumbList\",\"@id\":\"https:\\\/\\\/mont-roig.cat\\\/es\\\/actualitat\\\/noticies\\\/este-viernes-por-la-tarde-tendra-lugar-el-acto-de-inauguracion-del-nuevo-pabellon-de-la-roca-de-mont-roig\\\/#breadcrumb\",\"itemListElement\":[{\"@type\":\"ListItem\",\"position\":1,\"name\":\"Inici\",\"item\":\"https:\\\/\\\/mont-roig.cat\\\/es\\\/pagina-de-inicio\\\/\"},{\"@type\":\"ListItem\",\"position\":2,\"name\":\"Este viernes por la tarde tendr\u00e1 lugar el acto de inauguraci\u00f3n del nuevo Pabell\u00f3n de la Roca de Mont-roig\"}]},{\"@type\":\"WebSite\",\"@id\":\"https:\\\/\\\/mont-roig.cat\\\/es\\\/#website\",\"url\":\"https:\\\/\\\/mont-roig.cat\\\/es\\\/\",\"name\":\"Ajuntament de Mont-roig del Camp\",\"description\":\"Tota la informaci\u00f3 sobre la instituci\u00f3, els seus \u00f2rgans de govern, actualitat, serveis i molt m\u00e9s.\",\"potentialAction\":[{\"@type\":\"SearchAction\",\"target\":{\"@type\":\"EntryPoint\",\"urlTemplate\":\"https:\\\/\\\/mont-roig.cat\\\/es\\\/?s={search_term_string}\"},\"query-input\":{\"@type\":\"PropertyValueSpecification\",\"valueRequired\":true,\"valueName\":\"search_term_string\"}}],\"inLanguage\":\"es\"},{\"@type\":\"Person\",\"@id\":\"https:\\\/\\\/mont-roig.cat\\\/es\\\/#\\\/schema\\\/person\\\/1f73e7b5e6f9dd122e8a6f14f310ac5e\",\"name\":\"comunicacio\",\"image\":{\"@type\":\"ImageObject\",\"inLanguage\":\"es\",\"@id\":\"https:\\\/\\\/secure.gravatar.com\\\/avatar\\\/98944333e7a877670a64f8d10f0cb680ab2c9ebc4efc43945ef004b52b5ad28c?s=96&d=mm&r=g\",\"url\":\"https:\\\/\\\/secure.gravatar.com\\\/avatar\\\/98944333e7a877670a64f8d10f0cb680ab2c9ebc4efc43945ef004b52b5ad28c?s=96&d=mm&r=g\",\"contentUrl\":\"https:\\\/\\\/secure.gravatar.com\\\/avatar\\\/98944333e7a877670a64f8d10f0cb680ab2c9ebc4efc43945ef004b52b5ad28c?s=96&d=mm&r=g\",\"caption\":\"comunicacio\"},\"url\":\"https:\\\/\\\/mont-roig.cat\\\/es\\\/actualitat\\\/noticies\\\/author\\\/comunicacio\\\/\"}]}<\/script>\n<!-- \/ Yoast SEO plugin. -->","yoast_head_json":{"title":"Este viernes por la tarde tendr\u00e1 lugar el acto de inauguraci\u00f3n del nuevo Pabell\u00f3n de la Roca de Mont-roig - Ajuntament de Mont-roig del Camp","robots":{"index":"index","follow":"follow","max-snippet":"max-snippet:-1","max-image-preview":"max-image-preview:large","max-video-preview":"max-video-preview:-1"},"canonical":"https:\/\/mont-roig.cat\/es\/actualitat\/noticies\/este-viernes-por-la-tarde-tendra-lugar-el-acto-de-inauguracion-del-nuevo-pabellon-de-la-roca-de-mont-roig\/","og_locale":"es_ES","og_type":"article","og_title":"Este viernes por la tarde tendr\u00e1 lugar el acto de inauguraci\u00f3n del nuevo Pabell\u00f3n de la Roca de Mont-roig - Ajuntament de Mont-roig del Camp","og_description":"El nuevo equipamiento municipal nace con la voluntad de dar servicio al alumnado de la escuela Mare de D\u00e9u de la Roca, as\u00ed como de apoyar a las entidades deportivas y culturales del municipio El Ayuntamiento de Mont-roig del Camp invita a la ciudadan\u00eda a participar en el acto de inauguraci\u00f3n del nuevo Pabell\u00f3n de [&hellip;]","og_url":"https:\/\/mont-roig.cat\/es\/actualitat\/noticies\/este-viernes-por-la-tarde-tendra-lugar-el-acto-de-inauguracion-del-nuevo-pabellon-de-la-roca-de-mont-roig\/","og_site_name":"Ajuntament de Mont-roig del Camp","article_published_time":"2025-04-09T09:33:47+00:00","og_image":[{"width":1600,"height":1201,"url":"https:\/\/mont-roig.cat\/wp-content\/uploads\/Pavello-de-la-roca.jpeg","type":"image\/jpeg"}],"author":"comunicacio","twitter_card":"summary_large_image","twitter_misc":{"Escrito por":"comunicacio","Tiempo de lectura":"3 minutos"},"schema":{"@context":"https:\/\/schema.org","@graph":[{"@type":"Article","@id":"https:\/\/mont-roig.cat\/es\/actualitat\/noticies\/este-viernes-por-la-tarde-tendra-lugar-el-acto-de-inauguracion-del-nuevo-pabellon-de-la-roca-de-mont-roig\/#article","isPartOf":{"@id":"https:\/\/mont-roig.cat\/es\/actualitat\/noticies\/este-viernes-por-la-tarde-tendra-lugar-el-acto-de-inauguracion-del-nuevo-pabellon-de-la-roca-de-mont-roig\/"},"author":{"name":"comunicacio","@id":"https:\/\/mont-roig.cat\/es\/#\/schema\/person\/1f73e7b5e6f9dd122e8a6f14f310ac5e"},"headline":"Este viernes por la tarde tendr\u00e1 lugar el acto de inauguraci\u00f3n del nuevo Pabell\u00f3n de la Roca de Mont-roig","datePublished":"2025-04-09T09:33:47+00:00","mainEntityOfPage":{"@id":"https:\/\/mont-roig.cat\/es\/actualitat\/noticies\/este-viernes-por-la-tarde-tendra-lugar-el-acto-de-inauguracion-del-nuevo-pabellon-de-la-roca-de-mont-roig\/"},"wordCount":352,"image":{"@id":"https:\/\/mont-roig.cat\/es\/actualitat\/noticies\/este-viernes-por-la-tarde-tendra-lugar-el-acto-de-inauguracion-del-nuevo-pabellon-de-la-roca-de-mont-roig\/#primaryimage"},"thumbnailUrl":"https:\/\/mont-roig.cat\/wp-content\/uploads\/Pavello-de-la-roca.jpeg","articleSection":["Ayuntamiento","Educaci\u00f3n"],"inLanguage":"es"},{"@type":"WebPage","@id":"https:\/\/mont-roig.cat\/es\/actualitat\/noticies\/este-viernes-por-la-tarde-tendra-lugar-el-acto-de-inauguracion-del-nuevo-pabellon-de-la-roca-de-mont-roig\/","url":"https:\/\/mont-roig.cat\/es\/actualitat\/noticies\/este-viernes-por-la-tarde-tendra-lugar-el-acto-de-inauguracion-del-nuevo-pabellon-de-la-roca-de-mont-roig\/","name":"Este viernes por la tarde tendr\u00e1 lugar el acto de inauguraci\u00f3n del nuevo Pabell\u00f3n de la Roca de Mont-roig - Ajuntament de Mont-roig del Camp","isPartOf":{"@id":"https:\/\/mont-roig.cat\/es\/#website"},"primaryImageOfPage":{"@id":"https:\/\/mont-roig.cat\/es\/actualitat\/noticies\/este-viernes-por-la-tarde-tendra-lugar-el-acto-de-inauguracion-del-nuevo-pabellon-de-la-roca-de-mont-roig\/#primaryimage"},"image":{"@id":"https:\/\/mont-roig.cat\/es\/actualitat\/noticies\/este-viernes-por-la-tarde-tendra-lugar-el-acto-de-inauguracion-del-nuevo-pabellon-de-la-roca-de-mont-roig\/#primaryimage"},"thumbnailUrl":"https:\/\/mont-roig.cat\/wp-content\/uploads\/Pavello-de-la-roca.jpeg","datePublished":"2025-04-09T09:33:47+00:00","author":{"@id":"https:\/\/mont-roig.cat\/es\/#\/schema\/person\/1f73e7b5e6f9dd122e8a6f14f310ac5e"},"breadcrumb":{"@id":"https:\/\/mont-roig.cat\/es\/actualitat\/noticies\/este-viernes-por-la-tarde-tendra-lugar-el-acto-de-inauguracion-del-nuevo-pabellon-de-la-roca-de-mont-roig\/#breadcrumb"},"inLanguage":"es","potentialAction":[{"@type":"ReadAction","target":["https:\/\/mont-roig.cat\/es\/actualitat\/noticies\/este-viernes-por-la-tarde-tendra-lugar-el-acto-de-inauguracion-del-nuevo-pabellon-de-la-roca-de-mont-roig\/"]}]},{"@type":"ImageObject","inLanguage":"es","@id":"https:\/\/mont-roig.cat\/es\/actualitat\/noticies\/este-viernes-por-la-tarde-tendra-lugar-el-acto-de-inauguracion-del-nuevo-pabellon-de-la-roca-de-mont-roig\/#primaryimage","url":"https:\/\/mont-roig.cat\/wp-content\/uploads\/Pavello-de-la-roca.jpeg","contentUrl":"https:\/\/mont-roig.cat\/wp-content\/uploads\/Pavello-de-la-roca.jpeg","width":1600,"height":1201},{"@type":"BreadcrumbList","@id":"https:\/\/mont-roig.cat\/es\/actualitat\/noticies\/este-viernes-por-la-tarde-tendra-lugar-el-acto-de-inauguracion-del-nuevo-pabellon-de-la-roca-de-mont-roig\/#breadcrumb","itemListElement":[{"@type":"ListItem","position":1,"name":"Inici","item":"https:\/\/mont-roig.cat\/es\/pagina-de-inicio\/"},{"@type":"ListItem","position":2,"name":"Este viernes por la tarde tendr\u00e1 lugar el acto de inauguraci\u00f3n del nuevo Pabell\u00f3n de la Roca de Mont-roig"}]},{"@type":"WebSite","@id":"https:\/\/mont-roig.cat\/es\/#website","url":"https:\/\/mont-roig.cat\/es\/","name":"Ajuntament de Mont-roig del Camp","description":"Tota la informaci\u00f3 sobre la instituci\u00f3, els seus \u00f2rgans de govern, actualitat, serveis i molt m\u00e9s.","potentialAction":[{"@type":"SearchAction","target":{"@type":"EntryPoint","urlTemplate":"https:\/\/mont-roig.cat\/es\/?s={search_term_string}"},"query-input":{"@type":"PropertyValueSpecification","valueRequired":true,"valueName":"search_term_string"}}],"inLanguage":"es"},{"@type":"Person","@id":"https:\/\/mont-roig.cat\/es\/#\/schema\/person\/1f73e7b5e6f9dd122e8a6f14f310ac5e","name":"comunicacio","image":{"@type":"ImageObject","inLanguage":"es","@id":"https:\/\/secure.gravatar.com\/avatar\/98944333e7a877670a64f8d10f0cb680ab2c9ebc4efc43945ef004b52b5ad28c?s=96&d=mm&r=g","url":"https:\/\/secure.gravatar.com\/avatar\/98944333e7a877670a64f8d10f0cb680ab2c9ebc4efc43945ef004b52b5ad28c?s=96&d=mm&r=g","contentUrl":"https:\/\/secure.gravatar.com\/avatar\/98944333e7a877670a64f8d10f0cb680ab2c9ebc4efc43945ef004b52b5ad28c?s=96&d=mm&r=g","caption":"comunicacio"},"url":"https:\/\/mont-roig.cat\/es\/actualitat\/noticies\/author\/comunicacio\/"}]}},"_links":{"self":[{"href":"https:\/\/mont-roig.cat\/es\/wp-json\/wp\/v2\/posts\/81905","targetHints":{"allow":["GET"]}}],"collection":[{"href":"https:\/\/mont-roig.cat\/es\/wp-json\/wp\/v2\/posts"}],"about":[{"href":"https:\/\/mont-roig.cat\/es\/wp-json\/wp\/v2\/types\/post"}],"author":[{"embeddable":true,"href":"https:\/\/mont-roig.cat\/es\/wp-json\/wp\/v2\/users\/13"}],"replies":[{"embeddable":true,"href":"https:\/\/mont-roig.cat\/es\/wp-json\/wp\/v2\/comments?post=81905"}],"version-history":[{"count":1,"href":"https:\/\/mont-roig.cat\/es\/wp-json\/wp\/v2\/posts\/81905\/revisions"}],"predecessor-version":[{"id":81906,"href":"https:\/\/mont-roig.cat\/es\/wp-json\/wp\/v2\/posts\/81905\/revisions\/81906"}],"wp:featuredmedia":[{"embeddable":true,"href":"https:\/\/mont-roig.cat\/es\/wp-json\/wp\/v2\/media\/81901"}],"wp:attachment":[{"href":"https:\/\/mont-roig.cat\/es\/wp-json\/wp\/v2\/media?parent=81905"}],"wp:term":[{"taxonomy":"category","embeddable":true,"href":"https:\/\/mont-roig.cat\/es\/wp-json\/wp\/v2\/categories?post=81905"},{"taxonomy":"post_tag","embeddable":true,"href":"https:\/\/mont-roig.cat\/es\/wp-json\/wp\/v2\/tags?post=81905"}],"curies":[{"name":"wp","href":"https:\/\/api.w.org\/{rel}","templated":true}]}}