{"id":82104,"date":"2025-04-15T14:38:28","date_gmt":"2025-04-15T12:38:28","guid":{"rendered":"https:\/\/mont-roig.cat\/actualitat\/noticies\/mont-roig-i-miami-platja-celebren-una-diada-de-sant-jordi-plena-dactivitats-culturals-i-festives\/"},"modified":"2025-04-17T12:53:03","modified_gmt":"2025-04-17T10:53:03","slug":"mont-roig-y-miami-platjacelebran-una-diada-de-sant-jordi-llena-de-actividades-culturales-y-festivas","status":"publish","type":"post","link":"https:\/\/mont-roig.cat\/es\/actualitat\/noticies\/mont-roig-y-miami-platjacelebran-una-diada-de-sant-jordi-llena-de-actividades-culturales-y-festivas\/","title":{"rendered":"Mont-roig y Miami Platja celebran una Diada de Sant Jordi llena de actividades culturales y festivas"},"content":{"rendered":"<p><strong><strong><a href=\"https:\/\/mont-roig.cat\/wp-content\/uploads\/MMC_SANT_JORDI_25_NOTI_STORIE1.png\" target=\"_blank\" rel=\"noopener\"><img loading=\"lazy\" decoding=\"async\" class=\"alignright wp-image-82098\" src=\"https:\/\/mont-roig.cat\/wp-content\/uploads\/MMC_SANT_JORDI_25_NOTI_STORIE1-500x334.png\" alt=\"\" width=\"299\" height=\"200\" srcset=\"https:\/\/mont-roig.cat\/wp-content\/uploads\/MMC_SANT_JORDI_25_NOTI_STORIE1-500x334.png 500w, https:\/\/mont-roig.cat\/wp-content\/uploads\/MMC_SANT_JORDI_25_NOTI_STORIE1-1024x685.png 1024w, https:\/\/mont-roig.cat\/wp-content\/uploads\/MMC_SANT_JORDI_25_NOTI_STORIE1-768x513.png 768w, https:\/\/mont-roig.cat\/wp-content\/uploads\/MMC_SANT_JORDI_25_NOTI_STORIE1.png 1080w\" sizes=\"auto, (max-width: 299px) 100vw, 299px\" \/><\/a><\/strong><\/strong><\/p>\n<ul>\n<li data-start=\"209\" data-end=\"361\"><strong>Durante los d\u00edas 22, 23 y 24 de abril, la cultura, la literatura y las tradiciones populares ser\u00e1n las protagonistas de la fiesta m\u00e1s literaria del a\u00f1o.<\/strong><\/li>\n<\/ul>\n<p class=\"\" data-start=\"363\" data-end=\"561\">El Ayuntamiento de Mont-roig del Camp ha preparado una programaci\u00f3n llena de actividades para celebrar la Diada de Sant Jordi, tanto en Mont-roig como en Miami Platja, los d\u00edas 22, 23 y 24 de abril.<\/p>\n<p class=\"\" data-start=\"563\" data-end=\"610\">Desc\u00e1rgate el programa completo <a href=\"https:\/\/mont-roig.cat\/wp-content\/uploads\/MMC_SANT_JORDI_25_OK_WEB-1.pdf\" target=\"_blank\" rel=\"noopener\">en este enlace.<\/a><\/p>\n<p class=\"\" data-start=\"612\" data-end=\"823\">En Mont-roig, las actividades comienzan el martes 22 de abril a las 11 h en la Casa de la Cultura, con la presentaci\u00f3n de la obra colectiva <em data-start=\"752\" data-end=\"775\">Trossets de Mont-roig<\/em>, a cargo del grupo de pintura del Casal d\u2019Avis.<\/p>\n<p class=\"\" data-start=\"825\" data-end=\"1302\">El mi\u00e9rcoles 23 de abril, Diada de Sant Jordi, empezar\u00e1 con la 3.\u00aa Marat\u00f3n de Lectura en la Pla\u00e7a Miramar, con la participaci\u00f3n del alumnado de la escuela Mare de D\u00e9u de la Roca y del Institut Antoni Ballester. Por la tarde, el Parc Maria Martori acoger\u00e1 una gran fiesta con paraditas de libros, flores, artesan\u00eda y talleres. Tambi\u00e9n habr\u00e1 firmas de libros con varios autores y autoras locales, como Mon Garrig\u00f3s, Judit Robert, Cristina Rom, Joan Rom y Beatriz Herrera C\u00f3rdoba.<\/p>\n<p class=\"\" data-start=\"1304\" data-end=\"1739\">La tarde continuar\u00e1 con un cuentacuentos de la leyenda de Sant Jordi, la entrega de premios de lectura y puntos de libro por parte de la Biblioteca Joan Mir\u00f3, un baile de gigantes con la colla gegantera del Barri dels 6 carrers y los grallers de Mont-roig y la colla gegantera del Barri de Dalt Pitot i Pitota, y un concierto de la Coral Sant Miquel. La jornada culminar\u00e1 con una sardana y un recital po\u00e9tico de los Amics de la Poesia.<\/p>\n<p class=\"\" data-start=\"1741\" data-end=\"1839\">El jueves 24 de abril, el Casal d\u2019Avis acoger\u00e1 una merienda de Sant Jordi, con inscripci\u00f3n previa.<\/p>\n<p class=\"\" data-start=\"1841\" data-end=\"2073\">En Miami Platja, las actividades comenzar\u00e1n tambi\u00e9n el martes 22 de abril en el vest\u00edbulo del Polivalent con la presentaci\u00f3n de la exposici\u00f3n <em data-start=\"1983\" data-end=\"2017\">Sant Jordi a trav\u00e9s dels llibres<\/em> y una fiesta organizada por el Casal d\u2019Avis Sant Jaume.<\/p>\n<p class=\"\" data-start=\"2075\" data-end=\"2606\">El mi\u00e9rcoles 23 de abril, la Pla\u00e7a de Tarragona se convertir\u00e1 en el epicentro de la celebraci\u00f3n con paraditas, firmas de libros, intercambio de libros para fomentar la lectura sostenible, sardanas, la actuaci\u00f3n de Misha y su viol\u00edn el\u00e9ctrico, y la presentaci\u00f3n del programa de fiestas de Mont-roig y Miami Platja y de la agenda cultural primavera-verano 2025. La jornada finalizar\u00e1 con la entrega de premios de lectura y puntos de libro por parte de la Biblioteca Miramar y un cuentacuentos infantil sobre la leyenda de Sant Jordi.<\/p>\n","protected":false},"excerpt":{"rendered":"<p>Durante los d\u00edas 22, 23 y 24 de abril, la cultura, la literatura y las tradiciones populares ser\u00e1n las protagonistas de la fiesta m\u00e1s literaria del a\u00f1o. El Ayuntamiento de Mont-roig del Camp ha preparado una programaci\u00f3n llena de actividades para celebrar la Diada de Sant Jordi, tanto en Mont-roig como en Miami Platja, los [&hellip;]<\/p>\n","protected":false},"author":13,"featured_media":82099,"comment_status":"closed","ping_status":"closed","sticky":false,"template":"","format":"standard","meta":{"inline_featured_image":false,"_monsterinsights_skip_tracking":false,"_monsterinsights_sitenote_active":false,"_monsterinsights_sitenote_note":"","_monsterinsights_sitenote_category":0,"footnotes":""},"categories":[98,101],"tags":[],"class_list":["post-82104","post","type-post","status-publish","format-standard","has-post-thumbnail","hentry","category-ayuntamiento","category-cultura-es"],"yoast_head":"<!-- This site is optimized with the Yoast SEO plugin v27.4 - https:\/\/yoast.com\/product\/yoast-seo-wordpress\/ -->\n<title>Mont-roig y Miami Platja celebran una Diada de Sant Jordi llena de actividades culturales y festivas - Ajuntament de Mont-roig del Camp<\/title>\n<meta name=\"robots\" content=\"index, follow, max-snippet:-1, max-image-preview:large, max-video-preview:-1\" \/>\n<link rel=\"canonical\" href=\"https:\/\/mont-roig.cat\/es\/actualitat\/noticies\/mont-roig-y-miami-platjacelebran-una-diada-de-sant-jordi-llena-de-actividades-culturales-y-festivas\/\" \/>\n<meta property=\"og:locale\" content=\"es_ES\" \/>\n<meta property=\"og:type\" content=\"article\" \/>\n<meta property=\"og:title\" content=\"Mont-roig y Miami Platja celebran una Diada de Sant Jordi llena de actividades culturales y festivas - Ajuntament de Mont-roig del Camp\" \/>\n<meta property=\"og:description\" content=\"Durante los d\u00edas 22, 23 y 24 de abril, la cultura, la literatura y las tradiciones populares ser\u00e1n las protagonistas de la fiesta m\u00e1s literaria del a\u00f1o. El Ayuntamiento de Mont-roig del Camp ha preparado una programaci\u00f3n llena de actividades para celebrar la Diada de Sant Jordi, tanto en Mont-roig como en Miami Platja, los [&hellip;]\" \/>\n<meta property=\"og:url\" content=\"https:\/\/mont-roig.cat\/es\/actualitat\/noticies\/mont-roig-y-miami-platjacelebran-una-diada-de-sant-jordi-llena-de-actividades-culturales-y-festivas\/\" \/>\n<meta property=\"og:site_name\" content=\"Ajuntament de Mont-roig del Camp\" \/>\n<meta property=\"article:published_time\" content=\"2025-04-15T12:38:28+00:00\" \/>\n<meta property=\"article:modified_time\" content=\"2025-04-17T10:53:03+00:00\" \/>\n<meta property=\"og:image\" content=\"https:\/\/mont-roig.cat\/wp-content\/uploads\/MMC_SANT_JORDI_25_NOTI_STORIE1.png\" \/>\n\t<meta property=\"og:image:width\" content=\"1080\" \/>\n\t<meta property=\"og:image:height\" content=\"722\" \/>\n\t<meta property=\"og:image:type\" content=\"image\/png\" \/>\n<meta name=\"author\" content=\"comunicacio\" \/>\n<meta name=\"twitter:card\" content=\"summary_large_image\" \/>\n<meta name=\"twitter:label1\" content=\"Escrito por\" \/>\n\t<meta name=\"twitter:data1\" content=\"comunicacio\" \/>\n\t<meta name=\"twitter:label2\" content=\"Tiempo de lectura\" \/>\n\t<meta name=\"twitter:data2\" content=\"3 minutos\" \/>\n<script type=\"application\/ld+json\" class=\"yoast-schema-graph\">{\"@context\":\"https:\\\/\\\/schema.org\",\"@graph\":[{\"@type\":\"Article\",\"@id\":\"https:\\\/\\\/mont-roig.cat\\\/es\\\/actualitat\\\/noticies\\\/mont-roig-y-miami-platjacelebran-una-diada-de-sant-jordi-llena-de-actividades-culturales-y-festivas\\\/#article\",\"isPartOf\":{\"@id\":\"https:\\\/\\\/mont-roig.cat\\\/es\\\/actualitat\\\/noticies\\\/mont-roig-y-miami-platjacelebran-una-diada-de-sant-jordi-llena-de-actividades-culturales-y-festivas\\\/\"},\"author\":{\"name\":\"comunicacio\",\"@id\":\"https:\\\/\\\/mont-roig.cat\\\/es\\\/#\\\/schema\\\/person\\\/1f73e7b5e6f9dd122e8a6f14f310ac5e\"},\"headline\":\"Mont-roig y Miami Platja celebran una Diada de Sant Jordi llena de actividades culturales y festivas\",\"datePublished\":\"2025-04-15T12:38:28+00:00\",\"dateModified\":\"2025-04-17T10:53:03+00:00\",\"mainEntityOfPage\":{\"@id\":\"https:\\\/\\\/mont-roig.cat\\\/es\\\/actualitat\\\/noticies\\\/mont-roig-y-miami-platjacelebran-una-diada-de-sant-jordi-llena-de-actividades-culturales-y-festivas\\\/\"},\"wordCount\":452,\"image\":{\"@id\":\"https:\\\/\\\/mont-roig.cat\\\/es\\\/actualitat\\\/noticies\\\/mont-roig-y-miami-platjacelebran-una-diada-de-sant-jordi-llena-de-actividades-culturales-y-festivas\\\/#primaryimage\"},\"thumbnailUrl\":\"https:\\\/\\\/mont-roig.cat\\\/wp-content\\\/uploads\\\/MMC_SANT_JORDI_25_NOTI_STORIE1.png\",\"articleSection\":[\"Ayuntamiento\",\"Cultura\"],\"inLanguage\":\"es\"},{\"@type\":\"WebPage\",\"@id\":\"https:\\\/\\\/mont-roig.cat\\\/es\\\/actualitat\\\/noticies\\\/mont-roig-y-miami-platjacelebran-una-diada-de-sant-jordi-llena-de-actividades-culturales-y-festivas\\\/\",\"url\":\"https:\\\/\\\/mont-roig.cat\\\/es\\\/actualitat\\\/noticies\\\/mont-roig-y-miami-platjacelebran-una-diada-de-sant-jordi-llena-de-actividades-culturales-y-festivas\\\/\",\"name\":\"Mont-roig y Miami Platja celebran una Diada de Sant Jordi llena de actividades culturales y festivas - Ajuntament de Mont-roig del Camp\",\"isPartOf\":{\"@id\":\"https:\\\/\\\/mont-roig.cat\\\/es\\\/#website\"},\"primaryImageOfPage\":{\"@id\":\"https:\\\/\\\/mont-roig.cat\\\/es\\\/actualitat\\\/noticies\\\/mont-roig-y-miami-platjacelebran-una-diada-de-sant-jordi-llena-de-actividades-culturales-y-festivas\\\/#primaryimage\"},\"image\":{\"@id\":\"https:\\\/\\\/mont-roig.cat\\\/es\\\/actualitat\\\/noticies\\\/mont-roig-y-miami-platjacelebran-una-diada-de-sant-jordi-llena-de-actividades-culturales-y-festivas\\\/#primaryimage\"},\"thumbnailUrl\":\"https:\\\/\\\/mont-roig.cat\\\/wp-content\\\/uploads\\\/MMC_SANT_JORDI_25_NOTI_STORIE1.png\",\"datePublished\":\"2025-04-15T12:38:28+00:00\",\"dateModified\":\"2025-04-17T10:53:03+00:00\",\"author\":{\"@id\":\"https:\\\/\\\/mont-roig.cat\\\/es\\\/#\\\/schema\\\/person\\\/1f73e7b5e6f9dd122e8a6f14f310ac5e\"},\"breadcrumb\":{\"@id\":\"https:\\\/\\\/mont-roig.cat\\\/es\\\/actualitat\\\/noticies\\\/mont-roig-y-miami-platjacelebran-una-diada-de-sant-jordi-llena-de-actividades-culturales-y-festivas\\\/#breadcrumb\"},\"inLanguage\":\"es\",\"potentialAction\":[{\"@type\":\"ReadAction\",\"target\":[\"https:\\\/\\\/mont-roig.cat\\\/es\\\/actualitat\\\/noticies\\\/mont-roig-y-miami-platjacelebran-una-diada-de-sant-jordi-llena-de-actividades-culturales-y-festivas\\\/\"]}]},{\"@type\":\"ImageObject\",\"inLanguage\":\"es\",\"@id\":\"https:\\\/\\\/mont-roig.cat\\\/es\\\/actualitat\\\/noticies\\\/mont-roig-y-miami-platjacelebran-una-diada-de-sant-jordi-llena-de-actividades-culturales-y-festivas\\\/#primaryimage\",\"url\":\"https:\\\/\\\/mont-roig.cat\\\/wp-content\\\/uploads\\\/MMC_SANT_JORDI_25_NOTI_STORIE1.png\",\"contentUrl\":\"https:\\\/\\\/mont-roig.cat\\\/wp-content\\\/uploads\\\/MMC_SANT_JORDI_25_NOTI_STORIE1.png\",\"width\":1080,\"height\":722},{\"@type\":\"BreadcrumbList\",\"@id\":\"https:\\\/\\\/mont-roig.cat\\\/es\\\/actualitat\\\/noticies\\\/mont-roig-y-miami-platjacelebran-una-diada-de-sant-jordi-llena-de-actividades-culturales-y-festivas\\\/#breadcrumb\",\"itemListElement\":[{\"@type\":\"ListItem\",\"position\":1,\"name\":\"Inici\",\"item\":\"https:\\\/\\\/mont-roig.cat\\\/es\\\/pagina-de-inicio\\\/\"},{\"@type\":\"ListItem\",\"position\":2,\"name\":\"Mont-roig y Miami Platja celebran una Diada de Sant Jordi llena de actividades culturales y festivas\"}]},{\"@type\":\"WebSite\",\"@id\":\"https:\\\/\\\/mont-roig.cat\\\/es\\\/#website\",\"url\":\"https:\\\/\\\/mont-roig.cat\\\/es\\\/\",\"name\":\"Ajuntament de Mont-roig del Camp\",\"description\":\"Tota la informaci\u00f3 sobre la instituci\u00f3, els seus \u00f2rgans de govern, actualitat, serveis i molt m\u00e9s.\",\"potentialAction\":[{\"@type\":\"SearchAction\",\"target\":{\"@type\":\"EntryPoint\",\"urlTemplate\":\"https:\\\/\\\/mont-roig.cat\\\/es\\\/?s={search_term_string}\"},\"query-input\":{\"@type\":\"PropertyValueSpecification\",\"valueRequired\":true,\"valueName\":\"search_term_string\"}}],\"inLanguage\":\"es\"},{\"@type\":\"Person\",\"@id\":\"https:\\\/\\\/mont-roig.cat\\\/es\\\/#\\\/schema\\\/person\\\/1f73e7b5e6f9dd122e8a6f14f310ac5e\",\"name\":\"comunicacio\",\"image\":{\"@type\":\"ImageObject\",\"inLanguage\":\"es\",\"@id\":\"https:\\\/\\\/secure.gravatar.com\\\/avatar\\\/98944333e7a877670a64f8d10f0cb680ab2c9ebc4efc43945ef004b52b5ad28c?s=96&d=mm&r=g\",\"url\":\"https:\\\/\\\/secure.gravatar.com\\\/avatar\\\/98944333e7a877670a64f8d10f0cb680ab2c9ebc4efc43945ef004b52b5ad28c?s=96&d=mm&r=g\",\"contentUrl\":\"https:\\\/\\\/secure.gravatar.com\\\/avatar\\\/98944333e7a877670a64f8d10f0cb680ab2c9ebc4efc43945ef004b52b5ad28c?s=96&d=mm&r=g\",\"caption\":\"comunicacio\"},\"url\":\"https:\\\/\\\/mont-roig.cat\\\/es\\\/actualitat\\\/noticies\\\/author\\\/comunicacio\\\/\"}]}<\/script>\n<!-- \/ Yoast SEO plugin. -->","yoast_head_json":{"title":"Mont-roig y Miami Platja celebran una Diada de Sant Jordi llena de actividades culturales y festivas - Ajuntament de Mont-roig del Camp","robots":{"index":"index","follow":"follow","max-snippet":"max-snippet:-1","max-image-preview":"max-image-preview:large","max-video-preview":"max-video-preview:-1"},"canonical":"https:\/\/mont-roig.cat\/es\/actualitat\/noticies\/mont-roig-y-miami-platjacelebran-una-diada-de-sant-jordi-llena-de-actividades-culturales-y-festivas\/","og_locale":"es_ES","og_type":"article","og_title":"Mont-roig y Miami Platja celebran una Diada de Sant Jordi llena de actividades culturales y festivas - Ajuntament de Mont-roig del Camp","og_description":"Durante los d\u00edas 22, 23 y 24 de abril, la cultura, la literatura y las tradiciones populares ser\u00e1n las protagonistas de la fiesta m\u00e1s literaria del a\u00f1o. El Ayuntamiento de Mont-roig del Camp ha preparado una programaci\u00f3n llena de actividades para celebrar la Diada de Sant Jordi, tanto en Mont-roig como en Miami Platja, los [&hellip;]","og_url":"https:\/\/mont-roig.cat\/es\/actualitat\/noticies\/mont-roig-y-miami-platjacelebran-una-diada-de-sant-jordi-llena-de-actividades-culturales-y-festivas\/","og_site_name":"Ajuntament de Mont-roig del Camp","article_published_time":"2025-04-15T12:38:28+00:00","article_modified_time":"2025-04-17T10:53:03+00:00","og_image":[{"width":1080,"height":722,"url":"https:\/\/mont-roig.cat\/wp-content\/uploads\/MMC_SANT_JORDI_25_NOTI_STORIE1.png","type":"image\/png"}],"author":"comunicacio","twitter_card":"summary_large_image","twitter_misc":{"Escrito por":"comunicacio","Tiempo de lectura":"3 minutos"},"schema":{"@context":"https:\/\/schema.org","@graph":[{"@type":"Article","@id":"https:\/\/mont-roig.cat\/es\/actualitat\/noticies\/mont-roig-y-miami-platjacelebran-una-diada-de-sant-jordi-llena-de-actividades-culturales-y-festivas\/#article","isPartOf":{"@id":"https:\/\/mont-roig.cat\/es\/actualitat\/noticies\/mont-roig-y-miami-platjacelebran-una-diada-de-sant-jordi-llena-de-actividades-culturales-y-festivas\/"},"author":{"name":"comunicacio","@id":"https:\/\/mont-roig.cat\/es\/#\/schema\/person\/1f73e7b5e6f9dd122e8a6f14f310ac5e"},"headline":"Mont-roig y Miami Platja celebran una Diada de Sant Jordi llena de actividades culturales y festivas","datePublished":"2025-04-15T12:38:28+00:00","dateModified":"2025-04-17T10:53:03+00:00","mainEntityOfPage":{"@id":"https:\/\/mont-roig.cat\/es\/actualitat\/noticies\/mont-roig-y-miami-platjacelebran-una-diada-de-sant-jordi-llena-de-actividades-culturales-y-festivas\/"},"wordCount":452,"image":{"@id":"https:\/\/mont-roig.cat\/es\/actualitat\/noticies\/mont-roig-y-miami-platjacelebran-una-diada-de-sant-jordi-llena-de-actividades-culturales-y-festivas\/#primaryimage"},"thumbnailUrl":"https:\/\/mont-roig.cat\/wp-content\/uploads\/MMC_SANT_JORDI_25_NOTI_STORIE1.png","articleSection":["Ayuntamiento","Cultura"],"inLanguage":"es"},{"@type":"WebPage","@id":"https:\/\/mont-roig.cat\/es\/actualitat\/noticies\/mont-roig-y-miami-platjacelebran-una-diada-de-sant-jordi-llena-de-actividades-culturales-y-festivas\/","url":"https:\/\/mont-roig.cat\/es\/actualitat\/noticies\/mont-roig-y-miami-platjacelebran-una-diada-de-sant-jordi-llena-de-actividades-culturales-y-festivas\/","name":"Mont-roig y Miami Platja celebran una Diada de Sant Jordi llena de actividades culturales y festivas - Ajuntament de Mont-roig del Camp","isPartOf":{"@id":"https:\/\/mont-roig.cat\/es\/#website"},"primaryImageOfPage":{"@id":"https:\/\/mont-roig.cat\/es\/actualitat\/noticies\/mont-roig-y-miami-platjacelebran-una-diada-de-sant-jordi-llena-de-actividades-culturales-y-festivas\/#primaryimage"},"image":{"@id":"https:\/\/mont-roig.cat\/es\/actualitat\/noticies\/mont-roig-y-miami-platjacelebran-una-diada-de-sant-jordi-llena-de-actividades-culturales-y-festivas\/#primaryimage"},"thumbnailUrl":"https:\/\/mont-roig.cat\/wp-content\/uploads\/MMC_SANT_JORDI_25_NOTI_STORIE1.png","datePublished":"2025-04-15T12:38:28+00:00","dateModified":"2025-04-17T10:53:03+00:00","author":{"@id":"https:\/\/mont-roig.cat\/es\/#\/schema\/person\/1f73e7b5e6f9dd122e8a6f14f310ac5e"},"breadcrumb":{"@id":"https:\/\/mont-roig.cat\/es\/actualitat\/noticies\/mont-roig-y-miami-platjacelebran-una-diada-de-sant-jordi-llena-de-actividades-culturales-y-festivas\/#breadcrumb"},"inLanguage":"es","potentialAction":[{"@type":"ReadAction","target":["https:\/\/mont-roig.cat\/es\/actualitat\/noticies\/mont-roig-y-miami-platjacelebran-una-diada-de-sant-jordi-llena-de-actividades-culturales-y-festivas\/"]}]},{"@type":"ImageObject","inLanguage":"es","@id":"https:\/\/mont-roig.cat\/es\/actualitat\/noticies\/mont-roig-y-miami-platjacelebran-una-diada-de-sant-jordi-llena-de-actividades-culturales-y-festivas\/#primaryimage","url":"https:\/\/mont-roig.cat\/wp-content\/uploads\/MMC_SANT_JORDI_25_NOTI_STORIE1.png","contentUrl":"https:\/\/mont-roig.cat\/wp-content\/uploads\/MMC_SANT_JORDI_25_NOTI_STORIE1.png","width":1080,"height":722},{"@type":"BreadcrumbList","@id":"https:\/\/mont-roig.cat\/es\/actualitat\/noticies\/mont-roig-y-miami-platjacelebran-una-diada-de-sant-jordi-llena-de-actividades-culturales-y-festivas\/#breadcrumb","itemListElement":[{"@type":"ListItem","position":1,"name":"Inici","item":"https:\/\/mont-roig.cat\/es\/pagina-de-inicio\/"},{"@type":"ListItem","position":2,"name":"Mont-roig y Miami Platja celebran una Diada de Sant Jordi llena de actividades culturales y festivas"}]},{"@type":"WebSite","@id":"https:\/\/mont-roig.cat\/es\/#website","url":"https:\/\/mont-roig.cat\/es\/","name":"Ajuntament de Mont-roig del Camp","description":"Tota la informaci\u00f3 sobre la instituci\u00f3, els seus \u00f2rgans de govern, actualitat, serveis i molt m\u00e9s.","potentialAction":[{"@type":"SearchAction","target":{"@type":"EntryPoint","urlTemplate":"https:\/\/mont-roig.cat\/es\/?s={search_term_string}"},"query-input":{"@type":"PropertyValueSpecification","valueRequired":true,"valueName":"search_term_string"}}],"inLanguage":"es"},{"@type":"Person","@id":"https:\/\/mont-roig.cat\/es\/#\/schema\/person\/1f73e7b5e6f9dd122e8a6f14f310ac5e","name":"comunicacio","image":{"@type":"ImageObject","inLanguage":"es","@id":"https:\/\/secure.gravatar.com\/avatar\/98944333e7a877670a64f8d10f0cb680ab2c9ebc4efc43945ef004b52b5ad28c?s=96&d=mm&r=g","url":"https:\/\/secure.gravatar.com\/avatar\/98944333e7a877670a64f8d10f0cb680ab2c9ebc4efc43945ef004b52b5ad28c?s=96&d=mm&r=g","contentUrl":"https:\/\/secure.gravatar.com\/avatar\/98944333e7a877670a64f8d10f0cb680ab2c9ebc4efc43945ef004b52b5ad28c?s=96&d=mm&r=g","caption":"comunicacio"},"url":"https:\/\/mont-roig.cat\/es\/actualitat\/noticies\/author\/comunicacio\/"}]}},"_links":{"self":[{"href":"https:\/\/mont-roig.cat\/es\/wp-json\/wp\/v2\/posts\/82104","targetHints":{"allow":["GET"]}}],"collection":[{"href":"https:\/\/mont-roig.cat\/es\/wp-json\/wp\/v2\/posts"}],"about":[{"href":"https:\/\/mont-roig.cat\/es\/wp-json\/wp\/v2\/types\/post"}],"author":[{"embeddable":true,"href":"https:\/\/mont-roig.cat\/es\/wp-json\/wp\/v2\/users\/13"}],"replies":[{"embeddable":true,"href":"https:\/\/mont-roig.cat\/es\/wp-json\/wp\/v2\/comments?post=82104"}],"version-history":[{"count":3,"href":"https:\/\/mont-roig.cat\/es\/wp-json\/wp\/v2\/posts\/82104\/revisions"}],"predecessor-version":[{"id":82142,"href":"https:\/\/mont-roig.cat\/es\/wp-json\/wp\/v2\/posts\/82104\/revisions\/82142"}],"wp:featuredmedia":[{"embeddable":true,"href":"https:\/\/mont-roig.cat\/es\/wp-json\/wp\/v2\/media\/82099"}],"wp:attachment":[{"href":"https:\/\/mont-roig.cat\/es\/wp-json\/wp\/v2\/media?parent=82104"}],"wp:term":[{"taxonomy":"category","embeddable":true,"href":"https:\/\/mont-roig.cat\/es\/wp-json\/wp\/v2\/categories?post=82104"},{"taxonomy":"post_tag","embeddable":true,"href":"https:\/\/mont-roig.cat\/es\/wp-json\/wp\/v2\/tags?post=82104"}],"curies":[{"name":"wp","href":"https:\/\/api.w.org\/{rel}","templated":true}]}}