{"id":82562,"date":"2025-05-06T17:22:36","date_gmt":"2025-05-06T15:22:36","guid":{"rendered":"https:\/\/mont-roig.cat\/actualitat\/noticies\/lajuntament-de-mont-roig-del-camp-cedeix-dos-solars-a-la-generalitat-per-a-la-construccio-duna-trentena-dhabitatges-de-proteccio-oficial\/"},"modified":"2025-05-06T17:35:36","modified_gmt":"2025-05-06T15:35:36","slug":"el-ayuntamiento-de-mont-roig-del-camp-cede-dos-solares-a-la-generalitat-para-la-construccion-de-una-treintena-de-viviendas-de-proteccion-oficial","status":"publish","type":"post","link":"https:\/\/mont-roig.cat\/es\/actualitat\/noticies\/el-ayuntamiento-de-mont-roig-del-camp-cede-dos-solares-a-la-generalitat-para-la-construccion-de-una-treintena-de-viviendas-de-proteccion-oficial\/","title":{"rendered":"El Ayuntamiento de Mont-roig del Camp cede dos solares a la Generalitat para la construcci\u00f3n de una treintena de viviendas de protecci\u00f3n oficial"},"content":{"rendered":"<div id=\"attachment_82557\" style=\"width: 305px\" class=\"wp-caption alignright\"><a href=\"https:\/\/mont-roig.cat\/wp-content\/uploads\/Solar.jpg\" target=\"_blank\" rel=\"noopener\"><img loading=\"lazy\" decoding=\"async\" aria-describedby=\"caption-attachment-82557\" class=\"wp-image-82557\" src=\"https:\/\/mont-roig.cat\/wp-content\/uploads\/Solar-500x368.jpg\" alt=\"\" width=\"295\" height=\"217\" srcset=\"https:\/\/mont-roig.cat\/wp-content\/uploads\/Solar-500x368.jpg 500w, https:\/\/mont-roig.cat\/wp-content\/uploads\/Solar-768x565.jpg 768w, https:\/\/mont-roig.cat\/wp-content\/uploads\/Solar.jpg 832w\" sizes=\"auto, (max-width: 295px) 100vw, 295px\" \/><\/a><p id=\"caption-attachment-82557\" class=\"wp-caption-text\">Solar del antiguo Casino en la calle Mator del casco antiguo de Mont-roig.<\/p><\/div>\n<ul>\n<li data-start=\"111\" data-end=\"399\"><strong>Los terrenos para impulsar VPO en el municipio est\u00e1n situados en el antiguo solar del Casino de Mont-roig y en la zona de los Arenals<\/strong><\/li>\n<\/ul>\n<p class=\"\" data-start=\"401\" data-end=\"648\">El Ayuntamiento de Mont-roig del Camp ha iniciado los tr\u00e1mites para ceder dos solares de titularidad municipal a la Generalitat de Catalunya para impulsar la construcci\u00f3n de una treintena de viviendas de protecci\u00f3n oficial (VPO) en el municipio.<\/p>\n<p class=\"\" data-start=\"650\" data-end=\"884\">Esta acci\u00f3n se enmarca dentro de la primera convocatoria abierta por la Generalitat dirigida a particulares y ayuntamientos con el objetivo de promover la construcci\u00f3n de viviendas asequibles y ampliar el parque p\u00fablico residencial.<\/p>\n<p>Los dos terrenos cedidos son:<\/p>\n<ul>\n<li><strong>El solar del antiguo Casino de Mont-roig<\/strong>, con una superficie de 467 m\u00b2 y una edificabilidad de 1.400 m\u00b2, ubicado en la calle Major, n\u00famero 16 del n\u00facleo antiguo de Mont-roig.<\/li>\n<li><strong>El solar de los Arenals<\/strong>, con una superficie de 2.680 m\u00b2 y una edificabilidad neta de 1.449,88 m\u00b2, ubicado en la zona de Les Pobles<\/li>\n<\/ul>\n<div id=\"attachment_82556\" style=\"width: 317px\" class=\"wp-caption alignleft\"><a href=\"https:\/\/mont-roig.cat\/wp-content\/uploads\/Sola-miami.jpg\" target=\"_blank\" rel=\"noopener\"><img loading=\"lazy\" decoding=\"async\" aria-describedby=\"caption-attachment-82556\" class=\"wp-image-82556\" src=\"https:\/\/mont-roig.cat\/wp-content\/uploads\/Sola-miami-500x305.jpg\" alt=\"\" width=\"307\" height=\"187\" srcset=\"https:\/\/mont-roig.cat\/wp-content\/uploads\/Sola-miami-500x305.jpg 500w, https:\/\/mont-roig.cat\/wp-content\/uploads\/Sola-miami-1024x625.jpg 1024w, https:\/\/mont-roig.cat\/wp-content\/uploads\/Sola-miami-768x469.jpg 768w, https:\/\/mont-roig.cat\/wp-content\/uploads\/Sola-miami.jpg 1026w\" sizes=\"auto, (max-width: 307px) 100vw, 307px\" \/><\/a><p id=\"caption-attachment-82556\" class=\"wp-caption-text\">Solar en la zona de los Arenals.<\/p><\/div>\n<p>Seg\u00fan la normativa urban\u00edstica actual, con los dos solares que se ceden se podr\u00edan llegar a construir 34 viviendas.<\/p>\n<p class=\"\" data-start=\"1353\" data-end=\"1584\">El Ayuntamiento de Mont-roig del Camp prev\u00e9, en otras convocatorias que abra la Generalitat de Catalunya, ceder otros solares de titularidad municipal con el fin de ampliar el parque de vivienda p\u00fablica protegida en el municipio.<\/p>\n<p>&nbsp;<\/p>\n","protected":false},"excerpt":{"rendered":"<p>Los terrenos para impulsar VPO en el municipio est\u00e1n situados en el antiguo solar del Casino de Mont-roig y en la zona de los Arenals El Ayuntamiento de Mont-roig del Camp ha iniciado los tr\u00e1mites para ceder dos solares de titularidad municipal a la Generalitat de Catalunya para impulsar la construcci\u00f3n de una treintena de [&hellip;]<\/p>\n","protected":false},"author":13,"featured_media":82558,"comment_status":"closed","ping_status":"closed","sticky":false,"template":"","format":"standard","meta":{"inline_featured_image":false,"_monsterinsights_skip_tracking":false,"_monsterinsights_sitenote_active":false,"_monsterinsights_sitenote_note":"","_monsterinsights_sitenote_category":0,"footnotes":""},"categories":[156,98,116],"tags":[],"class_list":["post-82562","post","type-post","status-publish","format-standard","has-post-thumbnail","hentry","category-alcalde-es","category-ayuntamiento","category-urbanismo-y-obras"],"yoast_head":"<!-- This site is optimized with the Yoast SEO plugin v27.4 - https:\/\/yoast.com\/product\/yoast-seo-wordpress\/ -->\n<title>El Ayuntamiento de Mont-roig del Camp cede dos solares a la Generalitat para la construcci\u00f3n de una treintena de viviendas de protecci\u00f3n oficial - Ajuntament de Mont-roig del Camp<\/title>\n<meta name=\"robots\" content=\"index, follow, max-snippet:-1, max-image-preview:large, max-video-preview:-1\" \/>\n<link rel=\"canonical\" href=\"https:\/\/mont-roig.cat\/es\/actualitat\/noticies\/el-ayuntamiento-de-mont-roig-del-camp-cede-dos-solares-a-la-generalitat-para-la-construccion-de-una-treintena-de-viviendas-de-proteccion-oficial\/\" \/>\n<meta property=\"og:locale\" content=\"es_ES\" \/>\n<meta property=\"og:type\" content=\"article\" \/>\n<meta property=\"og:title\" content=\"El Ayuntamiento de Mont-roig del Camp cede dos solares a la Generalitat para la construcci\u00f3n de una treintena de viviendas de protecci\u00f3n oficial - Ajuntament de Mont-roig del Camp\" \/>\n<meta property=\"og:description\" content=\"Los terrenos para impulsar VPO en el municipio est\u00e1n situados en el antiguo solar del Casino de Mont-roig y en la zona de los Arenals El Ayuntamiento de Mont-roig del Camp ha iniciado los tr\u00e1mites para ceder dos solares de titularidad municipal a la Generalitat de Catalunya para impulsar la construcci\u00f3n de una treintena de [&hellip;]\" \/>\n<meta property=\"og:url\" content=\"https:\/\/mont-roig.cat\/es\/actualitat\/noticies\/el-ayuntamiento-de-mont-roig-del-camp-cede-dos-solares-a-la-generalitat-para-la-construccion-de-una-treintena-de-viviendas-de-proteccion-oficial\/\" \/>\n<meta property=\"og:site_name\" content=\"Ajuntament de Mont-roig del Camp\" \/>\n<meta property=\"article:published_time\" content=\"2025-05-06T15:22:36+00:00\" \/>\n<meta property=\"article:modified_time\" content=\"2025-05-06T15:35:36+00:00\" \/>\n<meta property=\"og:image\" content=\"https:\/\/mont-roig.cat\/wp-content\/uploads\/Solar.jpg\" \/>\n\t<meta property=\"og:image:width\" content=\"832\" \/>\n\t<meta property=\"og:image:height\" content=\"612\" \/>\n\t<meta property=\"og:image:type\" content=\"image\/jpeg\" \/>\n<meta name=\"author\" content=\"comunicacio\" \/>\n<meta name=\"twitter:card\" content=\"summary_large_image\" \/>\n<meta name=\"twitter:label1\" content=\"Escrito por\" \/>\n\t<meta name=\"twitter:data1\" content=\"comunicacio\" \/>\n\t<meta name=\"twitter:label2\" content=\"Tiempo de lectura\" \/>\n\t<meta name=\"twitter:data2\" content=\"2 minutos\" \/>\n<script type=\"application\/ld+json\" class=\"yoast-schema-graph\">{\"@context\":\"https:\\\/\\\/schema.org\",\"@graph\":[{\"@type\":\"Article\",\"@id\":\"https:\\\/\\\/mont-roig.cat\\\/es\\\/actualitat\\\/noticies\\\/el-ayuntamiento-de-mont-roig-del-camp-cede-dos-solares-a-la-generalitat-para-la-construccion-de-una-treintena-de-viviendas-de-proteccion-oficial\\\/#article\",\"isPartOf\":{\"@id\":\"https:\\\/\\\/mont-roig.cat\\\/es\\\/actualitat\\\/noticies\\\/el-ayuntamiento-de-mont-roig-del-camp-cede-dos-solares-a-la-generalitat-para-la-construccion-de-una-treintena-de-viviendas-de-proteccion-oficial\\\/\"},\"author\":{\"name\":\"comunicacio\",\"@id\":\"https:\\\/\\\/mont-roig.cat\\\/es\\\/#\\\/schema\\\/person\\\/1f73e7b5e6f9dd122e8a6f14f310ac5e\"},\"headline\":\"El Ayuntamiento de Mont-roig del Camp cede dos solares a la Generalitat para la construcci\u00f3n de una treintena de viviendas de protecci\u00f3n oficial\",\"datePublished\":\"2025-05-06T15:22:36+00:00\",\"dateModified\":\"2025-05-06T15:35:36+00:00\",\"mainEntityOfPage\":{\"@id\":\"https:\\\/\\\/mont-roig.cat\\\/es\\\/actualitat\\\/noticies\\\/el-ayuntamiento-de-mont-roig-del-camp-cede-dos-solares-a-la-generalitat-para-la-construccion-de-una-treintena-de-viviendas-de-proteccion-oficial\\\/\"},\"wordCount\":280,\"image\":{\"@id\":\"https:\\\/\\\/mont-roig.cat\\\/es\\\/actualitat\\\/noticies\\\/el-ayuntamiento-de-mont-roig-del-camp-cede-dos-solares-a-la-generalitat-para-la-construccion-de-una-treintena-de-viviendas-de-proteccion-oficial\\\/#primaryimage\"},\"thumbnailUrl\":\"https:\\\/\\\/mont-roig.cat\\\/wp-content\\\/uploads\\\/Solar.jpg\",\"articleSection\":[\"Alcalde\",\"Ayuntamiento\",\"Urbanismo y obras\"],\"inLanguage\":\"es\"},{\"@type\":\"WebPage\",\"@id\":\"https:\\\/\\\/mont-roig.cat\\\/es\\\/actualitat\\\/noticies\\\/el-ayuntamiento-de-mont-roig-del-camp-cede-dos-solares-a-la-generalitat-para-la-construccion-de-una-treintena-de-viviendas-de-proteccion-oficial\\\/\",\"url\":\"https:\\\/\\\/mont-roig.cat\\\/es\\\/actualitat\\\/noticies\\\/el-ayuntamiento-de-mont-roig-del-camp-cede-dos-solares-a-la-generalitat-para-la-construccion-de-una-treintena-de-viviendas-de-proteccion-oficial\\\/\",\"name\":\"El Ayuntamiento de Mont-roig del Camp cede dos solares a la Generalitat para la construcci\u00f3n de una treintena de viviendas de protecci\u00f3n oficial - Ajuntament de Mont-roig del Camp\",\"isPartOf\":{\"@id\":\"https:\\\/\\\/mont-roig.cat\\\/es\\\/#website\"},\"primaryImageOfPage\":{\"@id\":\"https:\\\/\\\/mont-roig.cat\\\/es\\\/actualitat\\\/noticies\\\/el-ayuntamiento-de-mont-roig-del-camp-cede-dos-solares-a-la-generalitat-para-la-construccion-de-una-treintena-de-viviendas-de-proteccion-oficial\\\/#primaryimage\"},\"image\":{\"@id\":\"https:\\\/\\\/mont-roig.cat\\\/es\\\/actualitat\\\/noticies\\\/el-ayuntamiento-de-mont-roig-del-camp-cede-dos-solares-a-la-generalitat-para-la-construccion-de-una-treintena-de-viviendas-de-proteccion-oficial\\\/#primaryimage\"},\"thumbnailUrl\":\"https:\\\/\\\/mont-roig.cat\\\/wp-content\\\/uploads\\\/Solar.jpg\",\"datePublished\":\"2025-05-06T15:22:36+00:00\",\"dateModified\":\"2025-05-06T15:35:36+00:00\",\"author\":{\"@id\":\"https:\\\/\\\/mont-roig.cat\\\/es\\\/#\\\/schema\\\/person\\\/1f73e7b5e6f9dd122e8a6f14f310ac5e\"},\"breadcrumb\":{\"@id\":\"https:\\\/\\\/mont-roig.cat\\\/es\\\/actualitat\\\/noticies\\\/el-ayuntamiento-de-mont-roig-del-camp-cede-dos-solares-a-la-generalitat-para-la-construccion-de-una-treintena-de-viviendas-de-proteccion-oficial\\\/#breadcrumb\"},\"inLanguage\":\"es\",\"potentialAction\":[{\"@type\":\"ReadAction\",\"target\":[\"https:\\\/\\\/mont-roig.cat\\\/es\\\/actualitat\\\/noticies\\\/el-ayuntamiento-de-mont-roig-del-camp-cede-dos-solares-a-la-generalitat-para-la-construccion-de-una-treintena-de-viviendas-de-proteccion-oficial\\\/\"]}]},{\"@type\":\"ImageObject\",\"inLanguage\":\"es\",\"@id\":\"https:\\\/\\\/mont-roig.cat\\\/es\\\/actualitat\\\/noticies\\\/el-ayuntamiento-de-mont-roig-del-camp-cede-dos-solares-a-la-generalitat-para-la-construccion-de-una-treintena-de-viviendas-de-proteccion-oficial\\\/#primaryimage\",\"url\":\"https:\\\/\\\/mont-roig.cat\\\/wp-content\\\/uploads\\\/Solar.jpg\",\"contentUrl\":\"https:\\\/\\\/mont-roig.cat\\\/wp-content\\\/uploads\\\/Solar.jpg\",\"width\":832,\"height\":612},{\"@type\":\"BreadcrumbList\",\"@id\":\"https:\\\/\\\/mont-roig.cat\\\/es\\\/actualitat\\\/noticies\\\/el-ayuntamiento-de-mont-roig-del-camp-cede-dos-solares-a-la-generalitat-para-la-construccion-de-una-treintena-de-viviendas-de-proteccion-oficial\\\/#breadcrumb\",\"itemListElement\":[{\"@type\":\"ListItem\",\"position\":1,\"name\":\"Inici\",\"item\":\"https:\\\/\\\/mont-roig.cat\\\/es\\\/pagina-de-inicio\\\/\"},{\"@type\":\"ListItem\",\"position\":2,\"name\":\"El Ayuntamiento de Mont-roig del Camp cede dos solares a la Generalitat para la construcci\u00f3n de una treintena de viviendas de protecci\u00f3n oficial\"}]},{\"@type\":\"WebSite\",\"@id\":\"https:\\\/\\\/mont-roig.cat\\\/es\\\/#website\",\"url\":\"https:\\\/\\\/mont-roig.cat\\\/es\\\/\",\"name\":\"Ajuntament de Mont-roig del Camp\",\"description\":\"Tota la informaci\u00f3 sobre la instituci\u00f3, els seus \u00f2rgans de govern, actualitat, serveis i molt m\u00e9s.\",\"potentialAction\":[{\"@type\":\"SearchAction\",\"target\":{\"@type\":\"EntryPoint\",\"urlTemplate\":\"https:\\\/\\\/mont-roig.cat\\\/es\\\/?s={search_term_string}\"},\"query-input\":{\"@type\":\"PropertyValueSpecification\",\"valueRequired\":true,\"valueName\":\"search_term_string\"}}],\"inLanguage\":\"es\"},{\"@type\":\"Person\",\"@id\":\"https:\\\/\\\/mont-roig.cat\\\/es\\\/#\\\/schema\\\/person\\\/1f73e7b5e6f9dd122e8a6f14f310ac5e\",\"name\":\"comunicacio\",\"image\":{\"@type\":\"ImageObject\",\"inLanguage\":\"es\",\"@id\":\"https:\\\/\\\/secure.gravatar.com\\\/avatar\\\/98944333e7a877670a64f8d10f0cb680ab2c9ebc4efc43945ef004b52b5ad28c?s=96&d=mm&r=g\",\"url\":\"https:\\\/\\\/secure.gravatar.com\\\/avatar\\\/98944333e7a877670a64f8d10f0cb680ab2c9ebc4efc43945ef004b52b5ad28c?s=96&d=mm&r=g\",\"contentUrl\":\"https:\\\/\\\/secure.gravatar.com\\\/avatar\\\/98944333e7a877670a64f8d10f0cb680ab2c9ebc4efc43945ef004b52b5ad28c?s=96&d=mm&r=g\",\"caption\":\"comunicacio\"},\"url\":\"https:\\\/\\\/mont-roig.cat\\\/es\\\/actualitat\\\/noticies\\\/author\\\/comunicacio\\\/\"}]}<\/script>\n<!-- \/ Yoast SEO plugin. -->","yoast_head_json":{"title":"El Ayuntamiento de Mont-roig del Camp cede dos solares a la Generalitat para la construcci\u00f3n de una treintena de viviendas de protecci\u00f3n oficial - Ajuntament de Mont-roig del Camp","robots":{"index":"index","follow":"follow","max-snippet":"max-snippet:-1","max-image-preview":"max-image-preview:large","max-video-preview":"max-video-preview:-1"},"canonical":"https:\/\/mont-roig.cat\/es\/actualitat\/noticies\/el-ayuntamiento-de-mont-roig-del-camp-cede-dos-solares-a-la-generalitat-para-la-construccion-de-una-treintena-de-viviendas-de-proteccion-oficial\/","og_locale":"es_ES","og_type":"article","og_title":"El Ayuntamiento de Mont-roig del Camp cede dos solares a la Generalitat para la construcci\u00f3n de una treintena de viviendas de protecci\u00f3n oficial - Ajuntament de Mont-roig del Camp","og_description":"Los terrenos para impulsar VPO en el municipio est\u00e1n situados en el antiguo solar del Casino de Mont-roig y en la zona de los Arenals El Ayuntamiento de Mont-roig del Camp ha iniciado los tr\u00e1mites para ceder dos solares de titularidad municipal a la Generalitat de Catalunya para impulsar la construcci\u00f3n de una treintena de [&hellip;]","og_url":"https:\/\/mont-roig.cat\/es\/actualitat\/noticies\/el-ayuntamiento-de-mont-roig-del-camp-cede-dos-solares-a-la-generalitat-para-la-construccion-de-una-treintena-de-viviendas-de-proteccion-oficial\/","og_site_name":"Ajuntament de Mont-roig del Camp","article_published_time":"2025-05-06T15:22:36+00:00","article_modified_time":"2025-05-06T15:35:36+00:00","og_image":[{"width":832,"height":612,"url":"https:\/\/mont-roig.cat\/wp-content\/uploads\/Solar.jpg","type":"image\/jpeg"}],"author":"comunicacio","twitter_card":"summary_large_image","twitter_misc":{"Escrito por":"comunicacio","Tiempo de lectura":"2 minutos"},"schema":{"@context":"https:\/\/schema.org","@graph":[{"@type":"Article","@id":"https:\/\/mont-roig.cat\/es\/actualitat\/noticies\/el-ayuntamiento-de-mont-roig-del-camp-cede-dos-solares-a-la-generalitat-para-la-construccion-de-una-treintena-de-viviendas-de-proteccion-oficial\/#article","isPartOf":{"@id":"https:\/\/mont-roig.cat\/es\/actualitat\/noticies\/el-ayuntamiento-de-mont-roig-del-camp-cede-dos-solares-a-la-generalitat-para-la-construccion-de-una-treintena-de-viviendas-de-proteccion-oficial\/"},"author":{"name":"comunicacio","@id":"https:\/\/mont-roig.cat\/es\/#\/schema\/person\/1f73e7b5e6f9dd122e8a6f14f310ac5e"},"headline":"El Ayuntamiento de Mont-roig del Camp cede dos solares a la Generalitat para la construcci\u00f3n de una treintena de viviendas de protecci\u00f3n oficial","datePublished":"2025-05-06T15:22:36+00:00","dateModified":"2025-05-06T15:35:36+00:00","mainEntityOfPage":{"@id":"https:\/\/mont-roig.cat\/es\/actualitat\/noticies\/el-ayuntamiento-de-mont-roig-del-camp-cede-dos-solares-a-la-generalitat-para-la-construccion-de-una-treintena-de-viviendas-de-proteccion-oficial\/"},"wordCount":280,"image":{"@id":"https:\/\/mont-roig.cat\/es\/actualitat\/noticies\/el-ayuntamiento-de-mont-roig-del-camp-cede-dos-solares-a-la-generalitat-para-la-construccion-de-una-treintena-de-viviendas-de-proteccion-oficial\/#primaryimage"},"thumbnailUrl":"https:\/\/mont-roig.cat\/wp-content\/uploads\/Solar.jpg","articleSection":["Alcalde","Ayuntamiento","Urbanismo y obras"],"inLanguage":"es"},{"@type":"WebPage","@id":"https:\/\/mont-roig.cat\/es\/actualitat\/noticies\/el-ayuntamiento-de-mont-roig-del-camp-cede-dos-solares-a-la-generalitat-para-la-construccion-de-una-treintena-de-viviendas-de-proteccion-oficial\/","url":"https:\/\/mont-roig.cat\/es\/actualitat\/noticies\/el-ayuntamiento-de-mont-roig-del-camp-cede-dos-solares-a-la-generalitat-para-la-construccion-de-una-treintena-de-viviendas-de-proteccion-oficial\/","name":"El Ayuntamiento de Mont-roig del Camp cede dos solares a la Generalitat para la construcci\u00f3n de una treintena de viviendas de protecci\u00f3n oficial - Ajuntament de Mont-roig del Camp","isPartOf":{"@id":"https:\/\/mont-roig.cat\/es\/#website"},"primaryImageOfPage":{"@id":"https:\/\/mont-roig.cat\/es\/actualitat\/noticies\/el-ayuntamiento-de-mont-roig-del-camp-cede-dos-solares-a-la-generalitat-para-la-construccion-de-una-treintena-de-viviendas-de-proteccion-oficial\/#primaryimage"},"image":{"@id":"https:\/\/mont-roig.cat\/es\/actualitat\/noticies\/el-ayuntamiento-de-mont-roig-del-camp-cede-dos-solares-a-la-generalitat-para-la-construccion-de-una-treintena-de-viviendas-de-proteccion-oficial\/#primaryimage"},"thumbnailUrl":"https:\/\/mont-roig.cat\/wp-content\/uploads\/Solar.jpg","datePublished":"2025-05-06T15:22:36+00:00","dateModified":"2025-05-06T15:35:36+00:00","author":{"@id":"https:\/\/mont-roig.cat\/es\/#\/schema\/person\/1f73e7b5e6f9dd122e8a6f14f310ac5e"},"breadcrumb":{"@id":"https:\/\/mont-roig.cat\/es\/actualitat\/noticies\/el-ayuntamiento-de-mont-roig-del-camp-cede-dos-solares-a-la-generalitat-para-la-construccion-de-una-treintena-de-viviendas-de-proteccion-oficial\/#breadcrumb"},"inLanguage":"es","potentialAction":[{"@type":"ReadAction","target":["https:\/\/mont-roig.cat\/es\/actualitat\/noticies\/el-ayuntamiento-de-mont-roig-del-camp-cede-dos-solares-a-la-generalitat-para-la-construccion-de-una-treintena-de-viviendas-de-proteccion-oficial\/"]}]},{"@type":"ImageObject","inLanguage":"es","@id":"https:\/\/mont-roig.cat\/es\/actualitat\/noticies\/el-ayuntamiento-de-mont-roig-del-camp-cede-dos-solares-a-la-generalitat-para-la-construccion-de-una-treintena-de-viviendas-de-proteccion-oficial\/#primaryimage","url":"https:\/\/mont-roig.cat\/wp-content\/uploads\/Solar.jpg","contentUrl":"https:\/\/mont-roig.cat\/wp-content\/uploads\/Solar.jpg","width":832,"height":612},{"@type":"BreadcrumbList","@id":"https:\/\/mont-roig.cat\/es\/actualitat\/noticies\/el-ayuntamiento-de-mont-roig-del-camp-cede-dos-solares-a-la-generalitat-para-la-construccion-de-una-treintena-de-viviendas-de-proteccion-oficial\/#breadcrumb","itemListElement":[{"@type":"ListItem","position":1,"name":"Inici","item":"https:\/\/mont-roig.cat\/es\/pagina-de-inicio\/"},{"@type":"ListItem","position":2,"name":"El Ayuntamiento de Mont-roig del Camp cede dos solares a la Generalitat para la construcci\u00f3n de una treintena de viviendas de protecci\u00f3n oficial"}]},{"@type":"WebSite","@id":"https:\/\/mont-roig.cat\/es\/#website","url":"https:\/\/mont-roig.cat\/es\/","name":"Ajuntament de Mont-roig del Camp","description":"Tota la informaci\u00f3 sobre la instituci\u00f3, els seus \u00f2rgans de govern, actualitat, serveis i molt m\u00e9s.","potentialAction":[{"@type":"SearchAction","target":{"@type":"EntryPoint","urlTemplate":"https:\/\/mont-roig.cat\/es\/?s={search_term_string}"},"query-input":{"@type":"PropertyValueSpecification","valueRequired":true,"valueName":"search_term_string"}}],"inLanguage":"es"},{"@type":"Person","@id":"https:\/\/mont-roig.cat\/es\/#\/schema\/person\/1f73e7b5e6f9dd122e8a6f14f310ac5e","name":"comunicacio","image":{"@type":"ImageObject","inLanguage":"es","@id":"https:\/\/secure.gravatar.com\/avatar\/98944333e7a877670a64f8d10f0cb680ab2c9ebc4efc43945ef004b52b5ad28c?s=96&d=mm&r=g","url":"https:\/\/secure.gravatar.com\/avatar\/98944333e7a877670a64f8d10f0cb680ab2c9ebc4efc43945ef004b52b5ad28c?s=96&d=mm&r=g","contentUrl":"https:\/\/secure.gravatar.com\/avatar\/98944333e7a877670a64f8d10f0cb680ab2c9ebc4efc43945ef004b52b5ad28c?s=96&d=mm&r=g","caption":"comunicacio"},"url":"https:\/\/mont-roig.cat\/es\/actualitat\/noticies\/author\/comunicacio\/"}]}},"_links":{"self":[{"href":"https:\/\/mont-roig.cat\/es\/wp-json\/wp\/v2\/posts\/82562","targetHints":{"allow":["GET"]}}],"collection":[{"href":"https:\/\/mont-roig.cat\/es\/wp-json\/wp\/v2\/posts"}],"about":[{"href":"https:\/\/mont-roig.cat\/es\/wp-json\/wp\/v2\/types\/post"}],"author":[{"embeddable":true,"href":"https:\/\/mont-roig.cat\/es\/wp-json\/wp\/v2\/users\/13"}],"replies":[{"embeddable":true,"href":"https:\/\/mont-roig.cat\/es\/wp-json\/wp\/v2\/comments?post=82562"}],"version-history":[{"count":2,"href":"https:\/\/mont-roig.cat\/es\/wp-json\/wp\/v2\/posts\/82562\/revisions"}],"predecessor-version":[{"id":82564,"href":"https:\/\/mont-roig.cat\/es\/wp-json\/wp\/v2\/posts\/82562\/revisions\/82564"}],"wp:featuredmedia":[{"embeddable":true,"href":"https:\/\/mont-roig.cat\/es\/wp-json\/wp\/v2\/media\/82558"}],"wp:attachment":[{"href":"https:\/\/mont-roig.cat\/es\/wp-json\/wp\/v2\/media?parent=82562"}],"wp:term":[{"taxonomy":"category","embeddable":true,"href":"https:\/\/mont-roig.cat\/es\/wp-json\/wp\/v2\/categories?post=82562"},{"taxonomy":"post_tag","embeddable":true,"href":"https:\/\/mont-roig.cat\/es\/wp-json\/wp\/v2\/tags?post=82562"}],"curies":[{"name":"wp","href":"https:\/\/api.w.org\/{rel}","templated":true}]}}