{"id":82712,"date":"2025-05-07T14:14:51","date_gmt":"2025-05-07T12:14:51","guid":{"rendered":"https:\/\/mont-roig.cat\/actualitat\/noticies\/mont-roig-acollira-la-trobada-intercomarcal-del-pubillatge-el-diumenge-25-de-maig\/"},"modified":"2025-05-07T14:48:50","modified_gmt":"2025-05-07T12:48:50","slug":"mont-roig-acollira-la-trobada-intercomarcal-del-pubillatge-el-diumenge-25-de-maig","status":"publish","type":"post","link":"https:\/\/mont-roig.cat\/es\/actualitat\/noticies\/mont-roig-acollira-la-trobada-intercomarcal-del-pubillatge-el-diumenge-25-de-maig\/","title":{"rendered":"Mont-roig acollir\u00e0 la trobada intercomarcal del pubillaje el domingo 25 de mayo"},"content":{"rendered":"<p><strong><strong><a href=\"https:\/\/mont-roig.cat\/wp-content\/uploads\/MM_PUBILLA_25_PRINT-scaled.png\" target=\"_blank\" rel=\"noopener\"><img loading=\"lazy\" decoding=\"async\" class=\"alignright wp-image-82708\" src=\"https:\/\/mont-roig.cat\/wp-content\/uploads\/MM_PUBILLA_25_PRINT-353x500.png\" alt=\"\" width=\"250\" height=\"354\" srcset=\"https:\/\/mont-roig.cat\/wp-content\/uploads\/MM_PUBILLA_25_PRINT-353x500.png 353w, https:\/\/mont-roig.cat\/wp-content\/uploads\/MM_PUBILLA_25_PRINT-724x1024.png 724w, https:\/\/mont-roig.cat\/wp-content\/uploads\/MM_PUBILLA_25_PRINT-768x1086.png 768w, https:\/\/mont-roig.cat\/wp-content\/uploads\/MM_PUBILLA_25_PRINT-1086x1536.png 1086w, https:\/\/mont-roig.cat\/wp-content\/uploads\/MM_PUBILLA_25_PRINT-scaled.png 1448w\" sizes=\"auto, (max-width: 250px) 100vw, 250px\" \/><\/a><\/strong><\/strong><\/p>\n<ul>\n<li data-start=\"237\" data-end=\"362\"><strong>La proclamaci\u00f3n de la Pubilla y el Hereu de Mont-roig del Camp tendr\u00e1 lugar en el Pavell\u00f3 Municipal la noche del 17 de mayo<\/strong><\/li>\n<\/ul>\n<p class=\"\" data-start=\"364\" data-end=\"668\">Mont-roig se prepara para vivir una nueva edici\u00f3n de la Festa del Pubillatge los d\u00edas 17, 18 y 25 de mayo, con un programa de actividades que este a\u00f1o tendr\u00e1 como momento culminante la celebraci\u00f3n de la trobada intercomarcal del pubillaje del Camp de Tarragona, que se celebrar\u00e1 el domingo 25 de mayo.<\/p>\n<p class=\"\" data-start=\"670\" data-end=\"1005\">Los actos comenzar\u00e1n el s\u00e1bado 17 de mayo por la noche, a partir de las 22.30 h en el Pavell\u00f3 Municipal, con la proclamaci\u00f3n de la Pubilla y el Hereu de Mont-roig del Camp 2025. A continuaci\u00f3n, la fiesta continuar\u00e1 con m\u00fasica en directo del grupo de versiones Silver Monkeys y, al finalizar, sesi\u00f3n de DJ hasta las 4 de la madrugada.<\/p>\n<p class=\"\" data-start=\"1007\" data-end=\"1647\">El domingo 18 de mayo, a partir de las 12 h, tendr\u00e1 lugar la trobada del pubillaje y de las entidades en la Casa de Cultura Agust\u00ed Sard\u00e0, desde donde se iniciar\u00e1 el seguici festiu con la comitiva del pubillatge, la Colla Gegantera del barri dels 6 Carrers y los Grallers de Mont-roig. A las 12.30 h, en el Parc Maria Martori, se celebrar\u00e1 la recepci\u00f3n institucional del pubillatge, con ballada de sardanes a cargo de la Rotllana Mont-rogenca y ballada de gegants. Seguidamente, se servir\u00e1 un aperitivo para todos los asistentes. Por la tarde, a partir de las 17 h, en el Pavell\u00f3 Municipal, la Uni\u00f3 de Dones organizar\u00e1 un bingo solidario.<\/p>\n<p class=\"\" data-start=\"1649\" data-end=\"2153\">El domingo 25 de mayo Mont-roig ser\u00e1 la sede de la trobada intercomarcal del pubillaje del Camp de Tarragona, con la llegada de pubilles, hereus y comitivas de todo el territorio. A las 12 h, desde la Casa de Cultura Agust\u00ed Sard\u00e0, se iniciar\u00e1 la cercavila con la Colla Gegantera del barri dels 6 Carrers y los Grallers de Mont-roig. A las 12.30 h, en la pla\u00e7a Moss\u00e8n Gaiet\u00e0 Ivern, tendr\u00e1 lugar la elecci\u00f3n de la Pubilla y el Hereu intercomarcales, seguida de un aperitivo para todos los participantes.<\/p>\n","protected":false},"excerpt":{"rendered":"<p>La proclamaci\u00f3n de la Pubilla y el Hereu de Mont-roig del Camp tendr\u00e1 lugar en el Pavell\u00f3 Municipal la noche del 17 de mayo Mont-roig se prepara para vivir una nueva edici\u00f3n de la Festa del Pubillatge los d\u00edas 17, 18 y 25 de mayo, con un programa de actividades que este a\u00f1o tendr\u00e1 como [&hellip;]<\/p>\n","protected":false},"author":13,"featured_media":82705,"comment_status":"closed","ping_status":"closed","sticky":false,"template":"","format":"standard","meta":{"inline_featured_image":false,"_monsterinsights_skip_tracking":false,"_monsterinsights_sitenote_active":false,"_monsterinsights_sitenote_note":"","_monsterinsights_sitenote_category":0,"footnotes":""},"categories":[98,101,105],"tags":[],"class_list":["post-82712","post","type-post","status-publish","format-standard","has-post-thumbnail","hentry","category-ayuntamiento","category-cultura-es","category-fiestas"],"yoast_head":"<!-- This site is optimized with the Yoast SEO plugin v27.4 - https:\/\/yoast.com\/product\/yoast-seo-wordpress\/ -->\n<title>Mont-roig acollir\u00e0 la trobada intercomarcal del pubillaje el domingo 25 de mayo - Ajuntament de Mont-roig del Camp<\/title>\n<meta name=\"robots\" content=\"index, follow, max-snippet:-1, max-image-preview:large, max-video-preview:-1\" \/>\n<link rel=\"canonical\" href=\"https:\/\/mont-roig.cat\/es\/actualitat\/noticies\/mont-roig-acollira-la-trobada-intercomarcal-del-pubillatge-el-diumenge-25-de-maig\/\" \/>\n<meta property=\"og:locale\" content=\"es_ES\" \/>\n<meta property=\"og:type\" content=\"article\" \/>\n<meta property=\"og:title\" content=\"Mont-roig acollir\u00e0 la trobada intercomarcal del pubillaje el domingo 25 de mayo - Ajuntament de Mont-roig del Camp\" \/>\n<meta property=\"og:description\" content=\"La proclamaci\u00f3n de la Pubilla y el Hereu de Mont-roig del Camp tendr\u00e1 lugar en el Pavell\u00f3 Municipal la noche del 17 de mayo Mont-roig se prepara para vivir una nueva edici\u00f3n de la Festa del Pubillatge los d\u00edas 17, 18 y 25 de mayo, con un programa de actividades que este a\u00f1o tendr\u00e1 como [&hellip;]\" \/>\n<meta property=\"og:url\" content=\"https:\/\/mont-roig.cat\/es\/actualitat\/noticies\/mont-roig-acollira-la-trobada-intercomarcal-del-pubillatge-el-diumenge-25-de-maig\/\" \/>\n<meta property=\"og:site_name\" content=\"Ajuntament de Mont-roig del Camp\" \/>\n<meta property=\"article:published_time\" content=\"2025-05-07T12:14:51+00:00\" \/>\n<meta property=\"article:modified_time\" content=\"2025-05-07T12:48:50+00:00\" \/>\n<meta property=\"og:image\" content=\"https:\/\/mont-roig.cat\/wp-content\/uploads\/MM_PUBILLA_25_meta.png\" \/>\n\t<meta property=\"og:image:width\" content=\"1200\" \/>\n\t<meta property=\"og:image:height\" content=\"630\" \/>\n\t<meta property=\"og:image:type\" content=\"image\/png\" \/>\n<meta name=\"author\" content=\"comunicacio\" \/>\n<meta name=\"twitter:card\" content=\"summary_large_image\" \/>\n<meta name=\"twitter:label1\" content=\"Escrito por\" \/>\n\t<meta name=\"twitter:data1\" content=\"comunicacio\" \/>\n\t<meta name=\"twitter:label2\" content=\"Tiempo de lectura\" \/>\n\t<meta name=\"twitter:data2\" content=\"3 minutos\" \/>\n<script type=\"application\/ld+json\" class=\"yoast-schema-graph\">{\"@context\":\"https:\\\/\\\/schema.org\",\"@graph\":[{\"@type\":\"Article\",\"@id\":\"https:\\\/\\\/mont-roig.cat\\\/es\\\/actualitat\\\/noticies\\\/mont-roig-acollira-la-trobada-intercomarcal-del-pubillatge-el-diumenge-25-de-maig\\\/#article\",\"isPartOf\":{\"@id\":\"https:\\\/\\\/mont-roig.cat\\\/es\\\/actualitat\\\/noticies\\\/mont-roig-acollira-la-trobada-intercomarcal-del-pubillatge-el-diumenge-25-de-maig\\\/\"},\"author\":{\"name\":\"comunicacio\",\"@id\":\"https:\\\/\\\/mont-roig.cat\\\/es\\\/#\\\/schema\\\/person\\\/1f73e7b5e6f9dd122e8a6f14f310ac5e\"},\"headline\":\"Mont-roig acollir\u00e0 la trobada intercomarcal del pubillaje el domingo 25 de mayo\",\"datePublished\":\"2025-05-07T12:14:51+00:00\",\"dateModified\":\"2025-05-07T12:48:50+00:00\",\"mainEntityOfPage\":{\"@id\":\"https:\\\/\\\/mont-roig.cat\\\/es\\\/actualitat\\\/noticies\\\/mont-roig-acollira-la-trobada-intercomarcal-del-pubillatge-el-diumenge-25-de-maig\\\/\"},\"wordCount\":349,\"image\":{\"@id\":\"https:\\\/\\\/mont-roig.cat\\\/es\\\/actualitat\\\/noticies\\\/mont-roig-acollira-la-trobada-intercomarcal-del-pubillatge-el-diumenge-25-de-maig\\\/#primaryimage\"},\"thumbnailUrl\":\"https:\\\/\\\/mont-roig.cat\\\/wp-content\\\/uploads\\\/MM_PUBILLA_25_meta.png\",\"articleSection\":[\"Ayuntamiento\",\"Cultura\",\"Festes\"],\"inLanguage\":\"es\"},{\"@type\":\"WebPage\",\"@id\":\"https:\\\/\\\/mont-roig.cat\\\/es\\\/actualitat\\\/noticies\\\/mont-roig-acollira-la-trobada-intercomarcal-del-pubillatge-el-diumenge-25-de-maig\\\/\",\"url\":\"https:\\\/\\\/mont-roig.cat\\\/es\\\/actualitat\\\/noticies\\\/mont-roig-acollira-la-trobada-intercomarcal-del-pubillatge-el-diumenge-25-de-maig\\\/\",\"name\":\"Mont-roig acollir\u00e0 la trobada intercomarcal del pubillaje el domingo 25 de mayo - Ajuntament de Mont-roig del Camp\",\"isPartOf\":{\"@id\":\"https:\\\/\\\/mont-roig.cat\\\/es\\\/#website\"},\"primaryImageOfPage\":{\"@id\":\"https:\\\/\\\/mont-roig.cat\\\/es\\\/actualitat\\\/noticies\\\/mont-roig-acollira-la-trobada-intercomarcal-del-pubillatge-el-diumenge-25-de-maig\\\/#primaryimage\"},\"image\":{\"@id\":\"https:\\\/\\\/mont-roig.cat\\\/es\\\/actualitat\\\/noticies\\\/mont-roig-acollira-la-trobada-intercomarcal-del-pubillatge-el-diumenge-25-de-maig\\\/#primaryimage\"},\"thumbnailUrl\":\"https:\\\/\\\/mont-roig.cat\\\/wp-content\\\/uploads\\\/MM_PUBILLA_25_meta.png\",\"datePublished\":\"2025-05-07T12:14:51+00:00\",\"dateModified\":\"2025-05-07T12:48:50+00:00\",\"author\":{\"@id\":\"https:\\\/\\\/mont-roig.cat\\\/es\\\/#\\\/schema\\\/person\\\/1f73e7b5e6f9dd122e8a6f14f310ac5e\"},\"breadcrumb\":{\"@id\":\"https:\\\/\\\/mont-roig.cat\\\/es\\\/actualitat\\\/noticies\\\/mont-roig-acollira-la-trobada-intercomarcal-del-pubillatge-el-diumenge-25-de-maig\\\/#breadcrumb\"},\"inLanguage\":\"es\",\"potentialAction\":[{\"@type\":\"ReadAction\",\"target\":[\"https:\\\/\\\/mont-roig.cat\\\/es\\\/actualitat\\\/noticies\\\/mont-roig-acollira-la-trobada-intercomarcal-del-pubillatge-el-diumenge-25-de-maig\\\/\"]}]},{\"@type\":\"ImageObject\",\"inLanguage\":\"es\",\"@id\":\"https:\\\/\\\/mont-roig.cat\\\/es\\\/actualitat\\\/noticies\\\/mont-roig-acollira-la-trobada-intercomarcal-del-pubillatge-el-diumenge-25-de-maig\\\/#primaryimage\",\"url\":\"https:\\\/\\\/mont-roig.cat\\\/wp-content\\\/uploads\\\/MM_PUBILLA_25_meta.png\",\"contentUrl\":\"https:\\\/\\\/mont-roig.cat\\\/wp-content\\\/uploads\\\/MM_PUBILLA_25_meta.png\",\"width\":1200,\"height\":630},{\"@type\":\"BreadcrumbList\",\"@id\":\"https:\\\/\\\/mont-roig.cat\\\/es\\\/actualitat\\\/noticies\\\/mont-roig-acollira-la-trobada-intercomarcal-del-pubillatge-el-diumenge-25-de-maig\\\/#breadcrumb\",\"itemListElement\":[{\"@type\":\"ListItem\",\"position\":1,\"name\":\"Inici\",\"item\":\"https:\\\/\\\/mont-roig.cat\\\/es\\\/pagina-de-inicio\\\/\"},{\"@type\":\"ListItem\",\"position\":2,\"name\":\"Mont-roig acollir\u00e0 la trobada intercomarcal del pubillaje el domingo 25 de mayo\"}]},{\"@type\":\"WebSite\",\"@id\":\"https:\\\/\\\/mont-roig.cat\\\/es\\\/#website\",\"url\":\"https:\\\/\\\/mont-roig.cat\\\/es\\\/\",\"name\":\"Ajuntament de Mont-roig del Camp\",\"description\":\"Tota la informaci\u00f3 sobre la instituci\u00f3, els seus \u00f2rgans de govern, actualitat, serveis i molt m\u00e9s.\",\"potentialAction\":[{\"@type\":\"SearchAction\",\"target\":{\"@type\":\"EntryPoint\",\"urlTemplate\":\"https:\\\/\\\/mont-roig.cat\\\/es\\\/?s={search_term_string}\"},\"query-input\":{\"@type\":\"PropertyValueSpecification\",\"valueRequired\":true,\"valueName\":\"search_term_string\"}}],\"inLanguage\":\"es\"},{\"@type\":\"Person\",\"@id\":\"https:\\\/\\\/mont-roig.cat\\\/es\\\/#\\\/schema\\\/person\\\/1f73e7b5e6f9dd122e8a6f14f310ac5e\",\"name\":\"comunicacio\",\"image\":{\"@type\":\"ImageObject\",\"inLanguage\":\"es\",\"@id\":\"https:\\\/\\\/secure.gravatar.com\\\/avatar\\\/98944333e7a877670a64f8d10f0cb680ab2c9ebc4efc43945ef004b52b5ad28c?s=96&d=mm&r=g\",\"url\":\"https:\\\/\\\/secure.gravatar.com\\\/avatar\\\/98944333e7a877670a64f8d10f0cb680ab2c9ebc4efc43945ef004b52b5ad28c?s=96&d=mm&r=g\",\"contentUrl\":\"https:\\\/\\\/secure.gravatar.com\\\/avatar\\\/98944333e7a877670a64f8d10f0cb680ab2c9ebc4efc43945ef004b52b5ad28c?s=96&d=mm&r=g\",\"caption\":\"comunicacio\"},\"url\":\"https:\\\/\\\/mont-roig.cat\\\/es\\\/actualitat\\\/noticies\\\/author\\\/comunicacio\\\/\"}]}<\/script>\n<!-- \/ Yoast SEO plugin. -->","yoast_head_json":{"title":"Mont-roig acollir\u00e0 la trobada intercomarcal del pubillaje el domingo 25 de mayo - Ajuntament de Mont-roig del Camp","robots":{"index":"index","follow":"follow","max-snippet":"max-snippet:-1","max-image-preview":"max-image-preview:large","max-video-preview":"max-video-preview:-1"},"canonical":"https:\/\/mont-roig.cat\/es\/actualitat\/noticies\/mont-roig-acollira-la-trobada-intercomarcal-del-pubillatge-el-diumenge-25-de-maig\/","og_locale":"es_ES","og_type":"article","og_title":"Mont-roig acollir\u00e0 la trobada intercomarcal del pubillaje el domingo 25 de mayo - Ajuntament de Mont-roig del Camp","og_description":"La proclamaci\u00f3n de la Pubilla y el Hereu de Mont-roig del Camp tendr\u00e1 lugar en el Pavell\u00f3 Municipal la noche del 17 de mayo Mont-roig se prepara para vivir una nueva edici\u00f3n de la Festa del Pubillatge los d\u00edas 17, 18 y 25 de mayo, con un programa de actividades que este a\u00f1o tendr\u00e1 como [&hellip;]","og_url":"https:\/\/mont-roig.cat\/es\/actualitat\/noticies\/mont-roig-acollira-la-trobada-intercomarcal-del-pubillatge-el-diumenge-25-de-maig\/","og_site_name":"Ajuntament de Mont-roig del Camp","article_published_time":"2025-05-07T12:14:51+00:00","article_modified_time":"2025-05-07T12:48:50+00:00","og_image":[{"width":1200,"height":630,"url":"https:\/\/mont-roig.cat\/wp-content\/uploads\/MM_PUBILLA_25_meta.png","type":"image\/png"}],"author":"comunicacio","twitter_card":"summary_large_image","twitter_misc":{"Escrito por":"comunicacio","Tiempo de lectura":"3 minutos"},"schema":{"@context":"https:\/\/schema.org","@graph":[{"@type":"Article","@id":"https:\/\/mont-roig.cat\/es\/actualitat\/noticies\/mont-roig-acollira-la-trobada-intercomarcal-del-pubillatge-el-diumenge-25-de-maig\/#article","isPartOf":{"@id":"https:\/\/mont-roig.cat\/es\/actualitat\/noticies\/mont-roig-acollira-la-trobada-intercomarcal-del-pubillatge-el-diumenge-25-de-maig\/"},"author":{"name":"comunicacio","@id":"https:\/\/mont-roig.cat\/es\/#\/schema\/person\/1f73e7b5e6f9dd122e8a6f14f310ac5e"},"headline":"Mont-roig acollir\u00e0 la trobada intercomarcal del pubillaje el domingo 25 de mayo","datePublished":"2025-05-07T12:14:51+00:00","dateModified":"2025-05-07T12:48:50+00:00","mainEntityOfPage":{"@id":"https:\/\/mont-roig.cat\/es\/actualitat\/noticies\/mont-roig-acollira-la-trobada-intercomarcal-del-pubillatge-el-diumenge-25-de-maig\/"},"wordCount":349,"image":{"@id":"https:\/\/mont-roig.cat\/es\/actualitat\/noticies\/mont-roig-acollira-la-trobada-intercomarcal-del-pubillatge-el-diumenge-25-de-maig\/#primaryimage"},"thumbnailUrl":"https:\/\/mont-roig.cat\/wp-content\/uploads\/MM_PUBILLA_25_meta.png","articleSection":["Ayuntamiento","Cultura","Festes"],"inLanguage":"es"},{"@type":"WebPage","@id":"https:\/\/mont-roig.cat\/es\/actualitat\/noticies\/mont-roig-acollira-la-trobada-intercomarcal-del-pubillatge-el-diumenge-25-de-maig\/","url":"https:\/\/mont-roig.cat\/es\/actualitat\/noticies\/mont-roig-acollira-la-trobada-intercomarcal-del-pubillatge-el-diumenge-25-de-maig\/","name":"Mont-roig acollir\u00e0 la trobada intercomarcal del pubillaje el domingo 25 de mayo - Ajuntament de Mont-roig del Camp","isPartOf":{"@id":"https:\/\/mont-roig.cat\/es\/#website"},"primaryImageOfPage":{"@id":"https:\/\/mont-roig.cat\/es\/actualitat\/noticies\/mont-roig-acollira-la-trobada-intercomarcal-del-pubillatge-el-diumenge-25-de-maig\/#primaryimage"},"image":{"@id":"https:\/\/mont-roig.cat\/es\/actualitat\/noticies\/mont-roig-acollira-la-trobada-intercomarcal-del-pubillatge-el-diumenge-25-de-maig\/#primaryimage"},"thumbnailUrl":"https:\/\/mont-roig.cat\/wp-content\/uploads\/MM_PUBILLA_25_meta.png","datePublished":"2025-05-07T12:14:51+00:00","dateModified":"2025-05-07T12:48:50+00:00","author":{"@id":"https:\/\/mont-roig.cat\/es\/#\/schema\/person\/1f73e7b5e6f9dd122e8a6f14f310ac5e"},"breadcrumb":{"@id":"https:\/\/mont-roig.cat\/es\/actualitat\/noticies\/mont-roig-acollira-la-trobada-intercomarcal-del-pubillatge-el-diumenge-25-de-maig\/#breadcrumb"},"inLanguage":"es","potentialAction":[{"@type":"ReadAction","target":["https:\/\/mont-roig.cat\/es\/actualitat\/noticies\/mont-roig-acollira-la-trobada-intercomarcal-del-pubillatge-el-diumenge-25-de-maig\/"]}]},{"@type":"ImageObject","inLanguage":"es","@id":"https:\/\/mont-roig.cat\/es\/actualitat\/noticies\/mont-roig-acollira-la-trobada-intercomarcal-del-pubillatge-el-diumenge-25-de-maig\/#primaryimage","url":"https:\/\/mont-roig.cat\/wp-content\/uploads\/MM_PUBILLA_25_meta.png","contentUrl":"https:\/\/mont-roig.cat\/wp-content\/uploads\/MM_PUBILLA_25_meta.png","width":1200,"height":630},{"@type":"BreadcrumbList","@id":"https:\/\/mont-roig.cat\/es\/actualitat\/noticies\/mont-roig-acollira-la-trobada-intercomarcal-del-pubillatge-el-diumenge-25-de-maig\/#breadcrumb","itemListElement":[{"@type":"ListItem","position":1,"name":"Inici","item":"https:\/\/mont-roig.cat\/es\/pagina-de-inicio\/"},{"@type":"ListItem","position":2,"name":"Mont-roig acollir\u00e0 la trobada intercomarcal del pubillaje el domingo 25 de mayo"}]},{"@type":"WebSite","@id":"https:\/\/mont-roig.cat\/es\/#website","url":"https:\/\/mont-roig.cat\/es\/","name":"Ajuntament de Mont-roig del Camp","description":"Tota la informaci\u00f3 sobre la instituci\u00f3, els seus \u00f2rgans de govern, actualitat, serveis i molt m\u00e9s.","potentialAction":[{"@type":"SearchAction","target":{"@type":"EntryPoint","urlTemplate":"https:\/\/mont-roig.cat\/es\/?s={search_term_string}"},"query-input":{"@type":"PropertyValueSpecification","valueRequired":true,"valueName":"search_term_string"}}],"inLanguage":"es"},{"@type":"Person","@id":"https:\/\/mont-roig.cat\/es\/#\/schema\/person\/1f73e7b5e6f9dd122e8a6f14f310ac5e","name":"comunicacio","image":{"@type":"ImageObject","inLanguage":"es","@id":"https:\/\/secure.gravatar.com\/avatar\/98944333e7a877670a64f8d10f0cb680ab2c9ebc4efc43945ef004b52b5ad28c?s=96&d=mm&r=g","url":"https:\/\/secure.gravatar.com\/avatar\/98944333e7a877670a64f8d10f0cb680ab2c9ebc4efc43945ef004b52b5ad28c?s=96&d=mm&r=g","contentUrl":"https:\/\/secure.gravatar.com\/avatar\/98944333e7a877670a64f8d10f0cb680ab2c9ebc4efc43945ef004b52b5ad28c?s=96&d=mm&r=g","caption":"comunicacio"},"url":"https:\/\/mont-roig.cat\/es\/actualitat\/noticies\/author\/comunicacio\/"}]}},"_links":{"self":[{"href":"https:\/\/mont-roig.cat\/es\/wp-json\/wp\/v2\/posts\/82712","targetHints":{"allow":["GET"]}}],"collection":[{"href":"https:\/\/mont-roig.cat\/es\/wp-json\/wp\/v2\/posts"}],"about":[{"href":"https:\/\/mont-roig.cat\/es\/wp-json\/wp\/v2\/types\/post"}],"author":[{"embeddable":true,"href":"https:\/\/mont-roig.cat\/es\/wp-json\/wp\/v2\/users\/13"}],"replies":[{"embeddable":true,"href":"https:\/\/mont-roig.cat\/es\/wp-json\/wp\/v2\/comments?post=82712"}],"version-history":[{"count":2,"href":"https:\/\/mont-roig.cat\/es\/wp-json\/wp\/v2\/posts\/82712\/revisions"}],"predecessor-version":[{"id":82714,"href":"https:\/\/mont-roig.cat\/es\/wp-json\/wp\/v2\/posts\/82712\/revisions\/82714"}],"wp:featuredmedia":[{"embeddable":true,"href":"https:\/\/mont-roig.cat\/es\/wp-json\/wp\/v2\/media\/82705"}],"wp:attachment":[{"href":"https:\/\/mont-roig.cat\/es\/wp-json\/wp\/v2\/media?parent=82712"}],"wp:term":[{"taxonomy":"category","embeddable":true,"href":"https:\/\/mont-roig.cat\/es\/wp-json\/wp\/v2\/categories?post=82712"},{"taxonomy":"post_tag","embeddable":true,"href":"https:\/\/mont-roig.cat\/es\/wp-json\/wp\/v2\/tags?post=82712"}],"curies":[{"name":"wp","href":"https:\/\/api.w.org\/{rel}","templated":true}]}}