{"id":82734,"date":"2025-05-08T12:03:08","date_gmt":"2025-05-08T10:03:08","guid":{"rendered":"https:\/\/mont-roig.cat\/actualitat\/noticies\/nova-edicio-de-lespai-entrevistes-amb-14-empreses-que-ofereixen-mes-de-100-llocs-de-treball\/"},"modified":"2025-10-02T11:34:57","modified_gmt":"2025-10-02T09:34:57","slug":"nueva-edicion-del-espai-entrevistes-con-14-empresas-que-ofrecen-mas-de-100-puestos-de-trabajo","status":"publish","type":"post","link":"https:\/\/mont-roig.cat\/es\/actualitat\/noticies\/nueva-edicion-del-espai-entrevistes-con-14-empresas-que-ofrecen-mas-de-100-puestos-de-trabajo\/","title":{"rendered":"Nueva edici\u00f3n del Espai Entrevistes con 14 empresas que ofrecen m\u00e1s de 100 puestos de trabajo"},"content":{"rendered":"<div class=\"wpb-content-wrapper\">[vc_row][vc_column][vc_column_text css=&#8221;&#8221;]<strong><strong><em><a href=\"https:\/\/mont-roig.cat\/wp-content\/uploads\/Cartell-Espai-Entrevistes-MAIG-2025_page-0001-scaled.jpg\"><img loading=\"lazy\" decoding=\"async\" class=\"alignright wp-image-82727\" src=\"https:\/\/mont-roig.cat\/wp-content\/uploads\/Cartell-Espai-Entrevistes-MAIG-2025_page-0001-354x500.jpg\" alt=\"\" width=\"273\" height=\"386\" srcset=\"https:\/\/mont-roig.cat\/wp-content\/uploads\/Cartell-Espai-Entrevistes-MAIG-2025_page-0001-354x500.jpg 354w, https:\/\/mont-roig.cat\/wp-content\/uploads\/Cartell-Espai-Entrevistes-MAIG-2025_page-0001-724x1024.jpg 724w, https:\/\/mont-roig.cat\/wp-content\/uploads\/Cartell-Espai-Entrevistes-MAIG-2025_page-0001-768x1086.jpg 768w, https:\/\/mont-roig.cat\/wp-content\/uploads\/Cartell-Espai-Entrevistes-MAIG-2025_page-0001-1087x1536.jpg 1087w, https:\/\/mont-roig.cat\/wp-content\/uploads\/Cartell-Espai-Entrevistes-MAIG-2025_page-0001-scaled.jpg 1449w\" sizes=\"auto, (max-width: 273px) 100vw, 273px\" \/><\/a><\/em><\/strong><\/strong><\/p>\n<ul>\n<li data-start=\"240\" data-end=\"467\"><strong>El Espai Entrevistes se llevar\u00e1 a cabo en las nuevas instalaciones del Ecoespai de Miami Platja el d\u00eda 23 de mayo por la tarde. El horario de tarde ha sido pensado especialmente para favorecer la participaci\u00f3n de los j\u00f3venes<\/strong><\/li>\n<li data-start=\"240\" data-end=\"467\"><strong>Las empresas har\u00e1n una preselecci\u00f3n de los\/as candidatos\/as que deber\u00e1n enviar su curr\u00edculum antes del 20 de mayo, para poder participar en la entrevista presencial.<\/strong><\/li>\n<\/ul>\n<p class=\"\" data-start=\"638\" data-end=\"983\">El viernes 23 de mayo tendr\u00e1 lugar una nueva edici\u00f3n del Espai Entrevistes, una iniciativa del Ayuntamiento de Mont-roig del Camp a trav\u00e9s de la concejal\u00eda de Impuls Econ\u00f2mic i Ocupaci\u00f3, con el objetivo de fomentar el empleo en el municipio. En esta edici\u00f3n hay 14 empresas del municipio y de la zona que ofrecen m\u00e1s de 100 puestos de trabajo.<\/p>\n<p class=\"\" data-start=\"985\" data-end=\"1562\">Para participar en las entrevistas de selecci\u00f3n, que tendr\u00e1n lugar a partir de las 16:00 horas de la tarde en las nuevas instalaciones del Ecoespai, ubicadas en la Pla\u00e7a de Girona de Miami Platja, ser\u00e1 necesario enviar previamente el curr\u00edculum al correo electr\u00f3nico de cada una de las empresas que ofrecen puestos de trabajo. Estas empresas har\u00e1n una preselecci\u00f3n con todos los\/as candidatos\/as que hayan enviado sus datos y convocar\u00e1n a las personas seleccionadas a la entrevista presencial. Para asistir a las entrevistas presenciales, es imprescindible tener cita previa.<\/p>\n<p class=\"\" data-start=\"1564\" data-end=\"1793\">Fecha l\u00edmite y correo de informaci\u00f3n<br data-start=\"1600\" data-end=\"1603\" \/>La fecha l\u00edmite para enviar el curr\u00edculum a las empresas es el d\u00eda 20 de mayo. Para cualquier duda se puede contactar al tel\u00e9fono 977 172527 o al correo electr\u00f3nico <a class=\"cursor-pointer\" rel=\"noopener\" data-start=\"1768\" data-end=\"1790\">promocio@mont-roig.cat<\/a>.<\/p>\n<p class=\"\" data-start=\"1795\" data-end=\"2338\"><strong>Empresas participantes y direcciones<\/strong><br data-start=\"1831\" data-end=\"1834\" \/>La mayor parte de los puestos de trabajo que se ofrecen son del sector de la restauraci\u00f3n y el alojamiento tur\u00edstico, aunque tambi\u00e9n hay vacantes en otros sectores. As\u00ed, se encuentran plazas vacantes de personal de cocina, de sala, de limpieza, de comercio, profesionales de mantenimiento de edificios tur\u00edsticos, entre otros. A continuaci\u00f3n, se puede consultar la demanda espec\u00edfica de cada empresa y el correo electr\u00f3nico donde se debe enviar el curr\u00edculum para participar en los procesos selectivos.<\/p>\n<p>&nbsp;<\/p>\n<table style=\"height: 2845px;\" width=\"863\">\n<tbody>\n<tr>\n<td width=\"141\"><strong>EMPRESA<\/strong><\/td>\n<td width=\"200\"><strong>Mail<\/strong><\/td>\n<td width=\"54\"><strong>Vacantes<\/strong><\/td>\n<td width=\"173\"><strong>Tipo vacante<\/strong><\/td>\n<\/tr>\n<tr>\n<td width=\"141\"><strong>LIMPIEZAS ROSS<\/strong><\/td>\n<td width=\"200\"><a href=\"mailto:limpiezasross@gmail.com\">limpiezasross@gmail.com<\/a><\/td>\n<td width=\"54\">2<\/td>\n<td width=\"173\">Personal de limpieza<\/td>\n<\/tr>\n<tr>\n<td rowspan=\"3\" width=\"141\"><strong>REST. SAB&#8217;S GOURMET<\/strong><\/td>\n<td rowspan=\"3\" width=\"200\"><a href=\"mailto:se09an@yahoo.es\">se09an@yahoo.es<\/a><\/td>\n<td width=\"54\">2<\/td>\n<td width=\"173\">Camarero\/a<\/td>\n<\/tr>\n<tr>\n<td width=\"54\">1<\/td>\n<td width=\"173\">Ayudante de cocina<\/td>\n<\/tr>\n<tr>\n<td width=\"54\">1<\/td>\n<td width=\"173\">Lavaplatos<\/td>\n<\/tr>\n<tr>\n<td width=\"141\"><strong>FORN SANT SALVADOR<\/strong><\/td>\n<td width=\"200\"><a href=\"mailto:rrhh@campingjoan.com\">rrhh@campingjoan.com<\/a><\/td>\n<td width=\"54\">1<\/td>\n<td width=\"173\">Dependiente\/a para panader\u00eda<\/td>\n<\/tr>\n<tr>\n<td rowspan=\"2\" width=\"141\"><strong>C\u00c0MPING ALANNIA<\/strong><\/td>\n<td rowspan=\"2\" width=\"200\"><a href=\"mailto:acmazilu@alannia.com\">acmazilu@alannia.com<\/a><\/td>\n<td width=\"54\">3<\/td>\n<td width=\"173\">Personal de cocina<\/td>\n<\/tr>\n<tr>\n<td width=\"54\">3<\/td>\n<td width=\"173\">Personal de sala<\/td>\n<\/tr>\n<tr>\n<td rowspan=\"2\" width=\"141\"><strong>HOTEL 4R MERIDI\u00c0 MAR<\/strong><\/td>\n<td rowspan=\"2\" width=\"200\"><a href=\"mailto:jgenoves@4rhotels.com\">jgenoves@4rhotels.com<\/a><\/td>\n<td width=\"54\">1<\/td>\n<td width=\"173\">Ayudante de recepci\u00f3n de noche<\/td>\n<\/tr>\n<tr>\n<td width=\"54\">1<\/td>\n<td width=\"173\">Ayudante de camarero\/a<\/td>\n<\/tr>\n<tr>\n<td rowspan=\"3\" width=\"141\"><strong>REST. PLATS &amp; CO<\/strong><\/td>\n<td rowspan=\"3\" width=\"200\"><a href=\"mailto:hola@platsandco.com\">hola@platsandco.com<\/a><\/td>\n<td width=\"54\">2<\/td>\n<td width=\"173\">Ayudante de camarero\/a<\/td>\n<\/tr>\n<tr>\n<td width=\"54\">1<\/td>\n<td width=\"173\">Personal para &#8220;parrilla&#8221;<\/td>\n<\/tr>\n<tr>\n<td width=\"54\">2<\/td>\n<td width=\"173\">\u00a0Ayudante de cocina<\/td>\n<\/tr>\n<tr>\n<td rowspan=\"2\" width=\"141\"><strong>REST. MAYKAO \/ CAN RAMON<\/strong><\/td>\n<td rowspan=\"2\" width=\"200\"><a href=\"mailto:josetxo.ramos@gmail.com\">josetxo.ramos@gmail.com<\/a><\/td>\n<td width=\"54\">3<\/td>\n<td width=\"173\">Ayudante de camarero\/a<\/td>\n<\/tr>\n<tr>\n<td width=\"54\">3<\/td>\n<td width=\"173\">Ayudante de cocina<\/td>\n<\/tr>\n<tr>\n<td rowspan=\"8\" width=\"141\"><strong>GRUPO LIMONERO<\/strong><\/td>\n<td rowspan=\"8\" width=\"200\"><a href=\"mailto:grupolimonero@gmail.com\">grupolimonero@gmail.com<\/a><\/td>\n<td width=\"54\">4<\/td>\n<td width=\"173\">Jefe\/a de sala<\/td>\n<\/tr>\n<tr>\n<td width=\"54\">5<\/td>\n<td width=\"173\">Camarero\/a<\/td>\n<\/tr>\n<tr>\n<td width=\"54\">15<\/td>\n<td width=\"173\">Ayudante de camarero\/a<\/td>\n<\/tr>\n<tr>\n<td width=\"54\">3<\/td>\n<td width=\"173\">Jefe\/a de cocina<\/td>\n<\/tr>\n<tr>\n<td width=\"54\">5<\/td>\n<td width=\"173\">Cocinero\/a<\/td>\n<\/tr>\n<tr>\n<td width=\"54\">15<\/td>\n<td width=\"173\">Ayudante de cocina<\/td>\n<\/tr>\n<tr>\n<td width=\"54\">2<\/td>\n<td width=\"173\">Coctelero\/a<\/td>\n<\/tr>\n<tr>\n<td width=\"54\">1<\/td>\n<td width=\"173\">Barista<\/td>\n<\/tr>\n<tr>\n<td rowspan=\"2\" width=\"141\"><strong>GRUPO BOTANICO<\/strong><\/td>\n<td rowspan=\"2\" width=\"200\"><a href=\"mailto:info@grupbotanico.com\">info@grupbotanico.com<\/a><\/td>\n<td width=\"54\">2<\/td>\n<td width=\"173\">Ayudante de camarero\/a<\/td>\n<\/tr>\n<tr>\n<td width=\"54\">1<\/td>\n<td width=\"173\">Ayudante de\u00a0 cocina<\/td>\n<\/tr>\n<tr>\n<td rowspan=\"2\" width=\"141\"><strong>CAFETERIA MIAMI N\u00d3MADA<\/strong><\/td>\n<td rowspan=\"2\" width=\"200\"><a href=\"mailto:info@miaminomada.com\">info@miaminomada.com<\/a><\/td>\n<td width=\"54\">1<\/td>\n<td width=\"173\">Ayudante de camarero\/a<\/td>\n<\/tr>\n<tr>\n<td width=\"54\">1<\/td>\n<td width=\"173\">Camarero\/a<\/td>\n<\/tr>\n<tr>\n<td width=\"141\"><strong>DUNA TEXTIL <\/strong><\/td>\n<td width=\"200\"><a href=\"mailto:oficina1@dunatextil.com\">oficina1@dunatextil.com<\/a><\/td>\n<td width=\"54\">1<\/td>\n<td width=\"173\">Comercial \/ Instalador\/a de cortinas y tendales<\/td>\n<\/tr>\n<tr>\n<td width=\"141\"><strong>MI MAR DE ABRIL ALQUILER VACACIONAL<\/strong><\/td>\n<td width=\"200\"><a href=\"mailto:info.mimardeabril@gmail.com\">info.mimardeabril@gmail.com<\/a><\/td>\n<td width=\"54\">2<\/td>\n<td width=\"173\">Personal de limpieza<\/td>\n<\/tr>\n<tr>\n<td rowspan=\"4\" width=\"141\"><strong>GRUPO SINGLE FIN<\/strong><\/td>\n<td rowspan=\"4\" width=\"200\"><a href=\"mailto:juanmamoreno@gruposinglefin.com\">juanmamoreno@gruposinglefin.com<\/a><\/td>\n<td width=\"54\">3<\/td>\n<td width=\"173\">Camarero\/a<\/td>\n<\/tr>\n<tr>\n<td width=\"54\">6<\/td>\n<td width=\"173\">Ayudante de camarero\/a<\/td>\n<\/tr>\n<tr>\n<td width=\"54\">2<\/td>\n<td width=\"173\">Ayudante de cocina<\/td>\n<\/tr>\n<tr>\n<td width=\"54\">2<\/td>\n<td width=\"173\">Lavaplatos<\/td>\n<\/tr>\n<tr>\n<td rowspan=\"2\" width=\"141\"><strong>REST. CHEZ LORENZO<\/strong><\/td>\n<td rowspan=\"2\" width=\"200\"><a href=\"mailto:dml@tinet.org\">dml@tinet.org<\/a><\/td>\n<td width=\"54\">2<\/td>\n<td width=\"173\">Camarero\/a<\/td>\n<\/tr>\n<tr>\n<td width=\"54\">2<\/td>\n<td width=\"173\">Ayudante de cocina<\/td>\n<\/tr>\n<\/tbody>\n<\/table>\n<p><a href=\"https:\/\/mont-roig.cat\/wp-content\/uploads\/LOGOS-PSTD-ACTUALITZATS-scaled.png\"><img loading=\"lazy\" decoding=\"async\" class=\"wp-image-85908 size-medium alignleft\" src=\"https:\/\/mont-roig.cat\/wp-content\/uploads\/LOGOS-PSTD-ACTUALITZATS-500x67.png\" alt=\"\" width=\"500\" height=\"67\" srcset=\"https:\/\/mont-roig.cat\/wp-content\/uploads\/LOGOS-PSTD-ACTUALITZATS-500x67.png 500w, https:\/\/mont-roig.cat\/wp-content\/uploads\/LOGOS-PSTD-ACTUALITZATS-1024x137.png 1024w, https:\/\/mont-roig.cat\/wp-content\/uploads\/LOGOS-PSTD-ACTUALITZATS-768x103.png 768w, https:\/\/mont-roig.cat\/wp-content\/uploads\/LOGOS-PSTD-ACTUALITZATS-1536x205.png 1536w, https:\/\/mont-roig.cat\/wp-content\/uploads\/LOGOS-PSTD-ACTUALITZATS-scaled.png 2048w\" sizes=\"auto, (max-width: 500px) 100vw, 500px\" \/><\/a>[\/vc_column_text][\/vc_column][\/vc_row]\n<\/div>","protected":false},"excerpt":{"rendered":"<p>[vc_row][vc_column][vc_column_text css=&#8221;&#8221;] El Espai Entrevistes se llevar\u00e1 a cabo en las nuevas instalaciones del Ecoespai de Miami Platja el d\u00eda 23 de mayo por la tarde. El horario de tarde ha sido pensado especialmente para favorecer la participaci\u00f3n de los j\u00f3venes Las empresas har\u00e1n una preselecci\u00f3n de los\/as candidatos\/as que deber\u00e1n enviar su curr\u00edculum antes [&hellip;]<\/p>\n","protected":false},"author":13,"featured_media":82726,"comment_status":"closed","ping_status":"closed","sticky":false,"template":"","format":"standard","meta":{"inline_featured_image":false,"_monsterinsights_skip_tracking":false,"_monsterinsights_sitenote_active":false,"_monsterinsights_sitenote_note":"","_monsterinsights_sitenote_category":0,"footnotes":""},"categories":[98,169,250],"tags":[],"class_list":["post-82734","post","type-post","status-publish","format-standard","has-post-thumbnail","hentry","category-ayuntamiento","category-impuls-economic-i-ocupacio-es","category-pstd-es"],"yoast_head":"<!-- This site is optimized with the Yoast SEO plugin v27.4 - https:\/\/yoast.com\/product\/yoast-seo-wordpress\/ -->\n<title>Nueva edici\u00f3n del Espai Entrevistes con 14 empresas que ofrecen m\u00e1s de 100 puestos de trabajo - Ajuntament de Mont-roig del Camp<\/title>\n<meta name=\"robots\" content=\"index, follow, max-snippet:-1, max-image-preview:large, max-video-preview:-1\" \/>\n<link rel=\"canonical\" href=\"https:\/\/mont-roig.cat\/es\/actualitat\/noticies\/nueva-edicion-del-espai-entrevistes-con-14-empresas-que-ofrecen-mas-de-100-puestos-de-trabajo\/\" \/>\n<meta property=\"og:locale\" content=\"es_ES\" \/>\n<meta property=\"og:type\" content=\"article\" \/>\n<meta property=\"og:title\" content=\"Nueva edici\u00f3n del Espai Entrevistes con 14 empresas que ofrecen m\u00e1s de 100 puestos de trabajo - Ajuntament de Mont-roig del Camp\" \/>\n<meta property=\"og:description\" content=\"[vc_row][vc_column][vc_column_text css=&#8221;&#8221;] El Espai Entrevistes se llevar\u00e1 a cabo en las nuevas instalaciones del Ecoespai de Miami Platja el d\u00eda 23 de mayo por la tarde. El horario de tarde ha sido pensado especialmente para favorecer la participaci\u00f3n de los j\u00f3venes Las empresas har\u00e1n una preselecci\u00f3n de los\/as candidatos\/as que deber\u00e1n enviar su curr\u00edculum antes [&hellip;]\" \/>\n<meta property=\"og:url\" content=\"https:\/\/mont-roig.cat\/es\/actualitat\/noticies\/nueva-edicion-del-espai-entrevistes-con-14-empresas-que-ofrecen-mas-de-100-puestos-de-trabajo\/\" \/>\n<meta property=\"og:site_name\" content=\"Ajuntament de Mont-roig del Camp\" \/>\n<meta property=\"article:published_time\" content=\"2025-05-08T10:03:08+00:00\" \/>\n<meta property=\"article:modified_time\" content=\"2025-10-02T09:34:57+00:00\" \/>\n<meta property=\"og:image\" content=\"https:\/\/mont-roig.cat\/wp-content\/uploads\/Anunci-Espai-Entrevistes-MAIG-2025_A5-CostaMagazine_page-0001.jpg\" \/>\n\t<meta property=\"og:image:width\" content=\"874\" \/>\n\t<meta property=\"og:image:height\" content=\"1241\" \/>\n\t<meta property=\"og:image:type\" content=\"image\/jpeg\" \/>\n<meta name=\"author\" content=\"comunicacio\" \/>\n<meta name=\"twitter:card\" content=\"summary_large_image\" \/>\n<meta name=\"twitter:label1\" content=\"Escrito por\" \/>\n\t<meta name=\"twitter:data1\" content=\"comunicacio\" \/>\n\t<meta name=\"twitter:label2\" content=\"Tiempo de lectura\" \/>\n\t<meta name=\"twitter:data2\" content=\"4 minutos\" \/>\n<script type=\"application\/ld+json\" class=\"yoast-schema-graph\">{\"@context\":\"https:\\\/\\\/schema.org\",\"@graph\":[{\"@type\":\"Article\",\"@id\":\"https:\\\/\\\/mont-roig.cat\\\/es\\\/actualitat\\\/noticies\\\/nueva-edicion-del-espai-entrevistes-con-14-empresas-que-ofrecen-mas-de-100-puestos-de-trabajo\\\/#article\",\"isPartOf\":{\"@id\":\"https:\\\/\\\/mont-roig.cat\\\/es\\\/actualitat\\\/noticies\\\/nueva-edicion-del-espai-entrevistes-con-14-empresas-que-ofrecen-mas-de-100-puestos-de-trabajo\\\/\"},\"author\":{\"name\":\"comunicacio\",\"@id\":\"https:\\\/\\\/mont-roig.cat\\\/es\\\/#\\\/schema\\\/person\\\/1f73e7b5e6f9dd122e8a6f14f310ac5e\"},\"headline\":\"Nueva edici\u00f3n del Espai Entrevistes con 14 empresas que ofrecen m\u00e1s de 100 puestos de trabajo\",\"datePublished\":\"2025-05-08T10:03:08+00:00\",\"dateModified\":\"2025-10-02T09:34:57+00:00\",\"mainEntityOfPage\":{\"@id\":\"https:\\\/\\\/mont-roig.cat\\\/es\\\/actualitat\\\/noticies\\\/nueva-edicion-del-espai-entrevistes-con-14-empresas-que-ofrecen-mas-de-100-puestos-de-trabajo\\\/\"},\"wordCount\":599,\"image\":{\"@id\":\"https:\\\/\\\/mont-roig.cat\\\/es\\\/actualitat\\\/noticies\\\/nueva-edicion-del-espai-entrevistes-con-14-empresas-que-ofrecen-mas-de-100-puestos-de-trabajo\\\/#primaryimage\"},\"thumbnailUrl\":\"https:\\\/\\\/mont-roig.cat\\\/wp-content\\\/uploads\\\/Anunci-Espai-Entrevistes-MAIG-2025_A5-CostaMagazine_page-0001.jpg\",\"articleSection\":[\"Ayuntamiento\",\"Impuls Econ\u00f2mic i Ocupaci\u00f3\",\"PSTD\"],\"inLanguage\":\"es\"},{\"@type\":\"WebPage\",\"@id\":\"https:\\\/\\\/mont-roig.cat\\\/es\\\/actualitat\\\/noticies\\\/nueva-edicion-del-espai-entrevistes-con-14-empresas-que-ofrecen-mas-de-100-puestos-de-trabajo\\\/\",\"url\":\"https:\\\/\\\/mont-roig.cat\\\/es\\\/actualitat\\\/noticies\\\/nueva-edicion-del-espai-entrevistes-con-14-empresas-que-ofrecen-mas-de-100-puestos-de-trabajo\\\/\",\"name\":\"Nueva edici\u00f3n del Espai Entrevistes con 14 empresas que ofrecen m\u00e1s de 100 puestos de trabajo - Ajuntament de Mont-roig del Camp\",\"isPartOf\":{\"@id\":\"https:\\\/\\\/mont-roig.cat\\\/es\\\/#website\"},\"primaryImageOfPage\":{\"@id\":\"https:\\\/\\\/mont-roig.cat\\\/es\\\/actualitat\\\/noticies\\\/nueva-edicion-del-espai-entrevistes-con-14-empresas-que-ofrecen-mas-de-100-puestos-de-trabajo\\\/#primaryimage\"},\"image\":{\"@id\":\"https:\\\/\\\/mont-roig.cat\\\/es\\\/actualitat\\\/noticies\\\/nueva-edicion-del-espai-entrevistes-con-14-empresas-que-ofrecen-mas-de-100-puestos-de-trabajo\\\/#primaryimage\"},\"thumbnailUrl\":\"https:\\\/\\\/mont-roig.cat\\\/wp-content\\\/uploads\\\/Anunci-Espai-Entrevistes-MAIG-2025_A5-CostaMagazine_page-0001.jpg\",\"datePublished\":\"2025-05-08T10:03:08+00:00\",\"dateModified\":\"2025-10-02T09:34:57+00:00\",\"author\":{\"@id\":\"https:\\\/\\\/mont-roig.cat\\\/es\\\/#\\\/schema\\\/person\\\/1f73e7b5e6f9dd122e8a6f14f310ac5e\"},\"breadcrumb\":{\"@id\":\"https:\\\/\\\/mont-roig.cat\\\/es\\\/actualitat\\\/noticies\\\/nueva-edicion-del-espai-entrevistes-con-14-empresas-que-ofrecen-mas-de-100-puestos-de-trabajo\\\/#breadcrumb\"},\"inLanguage\":\"es\",\"potentialAction\":[{\"@type\":\"ReadAction\",\"target\":[\"https:\\\/\\\/mont-roig.cat\\\/es\\\/actualitat\\\/noticies\\\/nueva-edicion-del-espai-entrevistes-con-14-empresas-que-ofrecen-mas-de-100-puestos-de-trabajo\\\/\"]}]},{\"@type\":\"ImageObject\",\"inLanguage\":\"es\",\"@id\":\"https:\\\/\\\/mont-roig.cat\\\/es\\\/actualitat\\\/noticies\\\/nueva-edicion-del-espai-entrevistes-con-14-empresas-que-ofrecen-mas-de-100-puestos-de-trabajo\\\/#primaryimage\",\"url\":\"https:\\\/\\\/mont-roig.cat\\\/wp-content\\\/uploads\\\/Anunci-Espai-Entrevistes-MAIG-2025_A5-CostaMagazine_page-0001.jpg\",\"contentUrl\":\"https:\\\/\\\/mont-roig.cat\\\/wp-content\\\/uploads\\\/Anunci-Espai-Entrevistes-MAIG-2025_A5-CostaMagazine_page-0001.jpg\",\"width\":874,\"height\":1241},{\"@type\":\"BreadcrumbList\",\"@id\":\"https:\\\/\\\/mont-roig.cat\\\/es\\\/actualitat\\\/noticies\\\/nueva-edicion-del-espai-entrevistes-con-14-empresas-que-ofrecen-mas-de-100-puestos-de-trabajo\\\/#breadcrumb\",\"itemListElement\":[{\"@type\":\"ListItem\",\"position\":1,\"name\":\"Inici\",\"item\":\"https:\\\/\\\/mont-roig.cat\\\/es\\\/pagina-de-inicio\\\/\"},{\"@type\":\"ListItem\",\"position\":2,\"name\":\"Nueva edici\u00f3n del Espai Entrevistes con 14 empresas que ofrecen m\u00e1s de 100 puestos de trabajo\"}]},{\"@type\":\"WebSite\",\"@id\":\"https:\\\/\\\/mont-roig.cat\\\/es\\\/#website\",\"url\":\"https:\\\/\\\/mont-roig.cat\\\/es\\\/\",\"name\":\"Ajuntament de Mont-roig del Camp\",\"description\":\"Tota la informaci\u00f3 sobre la instituci\u00f3, els seus \u00f2rgans de govern, actualitat, serveis i molt m\u00e9s.\",\"potentialAction\":[{\"@type\":\"SearchAction\",\"target\":{\"@type\":\"EntryPoint\",\"urlTemplate\":\"https:\\\/\\\/mont-roig.cat\\\/es\\\/?s={search_term_string}\"},\"query-input\":{\"@type\":\"PropertyValueSpecification\",\"valueRequired\":true,\"valueName\":\"search_term_string\"}}],\"inLanguage\":\"es\"},{\"@type\":\"Person\",\"@id\":\"https:\\\/\\\/mont-roig.cat\\\/es\\\/#\\\/schema\\\/person\\\/1f73e7b5e6f9dd122e8a6f14f310ac5e\",\"name\":\"comunicacio\",\"image\":{\"@type\":\"ImageObject\",\"inLanguage\":\"es\",\"@id\":\"https:\\\/\\\/secure.gravatar.com\\\/avatar\\\/98944333e7a877670a64f8d10f0cb680ab2c9ebc4efc43945ef004b52b5ad28c?s=96&d=mm&r=g\",\"url\":\"https:\\\/\\\/secure.gravatar.com\\\/avatar\\\/98944333e7a877670a64f8d10f0cb680ab2c9ebc4efc43945ef004b52b5ad28c?s=96&d=mm&r=g\",\"contentUrl\":\"https:\\\/\\\/secure.gravatar.com\\\/avatar\\\/98944333e7a877670a64f8d10f0cb680ab2c9ebc4efc43945ef004b52b5ad28c?s=96&d=mm&r=g\",\"caption\":\"comunicacio\"},\"url\":\"https:\\\/\\\/mont-roig.cat\\\/es\\\/actualitat\\\/noticies\\\/author\\\/comunicacio\\\/\"}]}<\/script>\n<!-- \/ Yoast SEO plugin. -->","yoast_head_json":{"title":"Nueva edici\u00f3n del Espai Entrevistes con 14 empresas que ofrecen m\u00e1s de 100 puestos de trabajo - Ajuntament de Mont-roig del Camp","robots":{"index":"index","follow":"follow","max-snippet":"max-snippet:-1","max-image-preview":"max-image-preview:large","max-video-preview":"max-video-preview:-1"},"canonical":"https:\/\/mont-roig.cat\/es\/actualitat\/noticies\/nueva-edicion-del-espai-entrevistes-con-14-empresas-que-ofrecen-mas-de-100-puestos-de-trabajo\/","og_locale":"es_ES","og_type":"article","og_title":"Nueva edici\u00f3n del Espai Entrevistes con 14 empresas que ofrecen m\u00e1s de 100 puestos de trabajo - Ajuntament de Mont-roig del Camp","og_description":"[vc_row][vc_column][vc_column_text css=&#8221;&#8221;] El Espai Entrevistes se llevar\u00e1 a cabo en las nuevas instalaciones del Ecoespai de Miami Platja el d\u00eda 23 de mayo por la tarde. El horario de tarde ha sido pensado especialmente para favorecer la participaci\u00f3n de los j\u00f3venes Las empresas har\u00e1n una preselecci\u00f3n de los\/as candidatos\/as que deber\u00e1n enviar su curr\u00edculum antes [&hellip;]","og_url":"https:\/\/mont-roig.cat\/es\/actualitat\/noticies\/nueva-edicion-del-espai-entrevistes-con-14-empresas-que-ofrecen-mas-de-100-puestos-de-trabajo\/","og_site_name":"Ajuntament de Mont-roig del Camp","article_published_time":"2025-05-08T10:03:08+00:00","article_modified_time":"2025-10-02T09:34:57+00:00","og_image":[{"width":874,"height":1241,"url":"https:\/\/mont-roig.cat\/wp-content\/uploads\/Anunci-Espai-Entrevistes-MAIG-2025_A5-CostaMagazine_page-0001.jpg","type":"image\/jpeg"}],"author":"comunicacio","twitter_card":"summary_large_image","twitter_misc":{"Escrito por":"comunicacio","Tiempo de lectura":"4 minutos"},"schema":{"@context":"https:\/\/schema.org","@graph":[{"@type":"Article","@id":"https:\/\/mont-roig.cat\/es\/actualitat\/noticies\/nueva-edicion-del-espai-entrevistes-con-14-empresas-que-ofrecen-mas-de-100-puestos-de-trabajo\/#article","isPartOf":{"@id":"https:\/\/mont-roig.cat\/es\/actualitat\/noticies\/nueva-edicion-del-espai-entrevistes-con-14-empresas-que-ofrecen-mas-de-100-puestos-de-trabajo\/"},"author":{"name":"comunicacio","@id":"https:\/\/mont-roig.cat\/es\/#\/schema\/person\/1f73e7b5e6f9dd122e8a6f14f310ac5e"},"headline":"Nueva edici\u00f3n del Espai Entrevistes con 14 empresas que ofrecen m\u00e1s de 100 puestos de trabajo","datePublished":"2025-05-08T10:03:08+00:00","dateModified":"2025-10-02T09:34:57+00:00","mainEntityOfPage":{"@id":"https:\/\/mont-roig.cat\/es\/actualitat\/noticies\/nueva-edicion-del-espai-entrevistes-con-14-empresas-que-ofrecen-mas-de-100-puestos-de-trabajo\/"},"wordCount":599,"image":{"@id":"https:\/\/mont-roig.cat\/es\/actualitat\/noticies\/nueva-edicion-del-espai-entrevistes-con-14-empresas-que-ofrecen-mas-de-100-puestos-de-trabajo\/#primaryimage"},"thumbnailUrl":"https:\/\/mont-roig.cat\/wp-content\/uploads\/Anunci-Espai-Entrevistes-MAIG-2025_A5-CostaMagazine_page-0001.jpg","articleSection":["Ayuntamiento","Impuls Econ\u00f2mic i Ocupaci\u00f3","PSTD"],"inLanguage":"es"},{"@type":"WebPage","@id":"https:\/\/mont-roig.cat\/es\/actualitat\/noticies\/nueva-edicion-del-espai-entrevistes-con-14-empresas-que-ofrecen-mas-de-100-puestos-de-trabajo\/","url":"https:\/\/mont-roig.cat\/es\/actualitat\/noticies\/nueva-edicion-del-espai-entrevistes-con-14-empresas-que-ofrecen-mas-de-100-puestos-de-trabajo\/","name":"Nueva edici\u00f3n del Espai Entrevistes con 14 empresas que ofrecen m\u00e1s de 100 puestos de trabajo - Ajuntament de Mont-roig del Camp","isPartOf":{"@id":"https:\/\/mont-roig.cat\/es\/#website"},"primaryImageOfPage":{"@id":"https:\/\/mont-roig.cat\/es\/actualitat\/noticies\/nueva-edicion-del-espai-entrevistes-con-14-empresas-que-ofrecen-mas-de-100-puestos-de-trabajo\/#primaryimage"},"image":{"@id":"https:\/\/mont-roig.cat\/es\/actualitat\/noticies\/nueva-edicion-del-espai-entrevistes-con-14-empresas-que-ofrecen-mas-de-100-puestos-de-trabajo\/#primaryimage"},"thumbnailUrl":"https:\/\/mont-roig.cat\/wp-content\/uploads\/Anunci-Espai-Entrevistes-MAIG-2025_A5-CostaMagazine_page-0001.jpg","datePublished":"2025-05-08T10:03:08+00:00","dateModified":"2025-10-02T09:34:57+00:00","author":{"@id":"https:\/\/mont-roig.cat\/es\/#\/schema\/person\/1f73e7b5e6f9dd122e8a6f14f310ac5e"},"breadcrumb":{"@id":"https:\/\/mont-roig.cat\/es\/actualitat\/noticies\/nueva-edicion-del-espai-entrevistes-con-14-empresas-que-ofrecen-mas-de-100-puestos-de-trabajo\/#breadcrumb"},"inLanguage":"es","potentialAction":[{"@type":"ReadAction","target":["https:\/\/mont-roig.cat\/es\/actualitat\/noticies\/nueva-edicion-del-espai-entrevistes-con-14-empresas-que-ofrecen-mas-de-100-puestos-de-trabajo\/"]}]},{"@type":"ImageObject","inLanguage":"es","@id":"https:\/\/mont-roig.cat\/es\/actualitat\/noticies\/nueva-edicion-del-espai-entrevistes-con-14-empresas-que-ofrecen-mas-de-100-puestos-de-trabajo\/#primaryimage","url":"https:\/\/mont-roig.cat\/wp-content\/uploads\/Anunci-Espai-Entrevistes-MAIG-2025_A5-CostaMagazine_page-0001.jpg","contentUrl":"https:\/\/mont-roig.cat\/wp-content\/uploads\/Anunci-Espai-Entrevistes-MAIG-2025_A5-CostaMagazine_page-0001.jpg","width":874,"height":1241},{"@type":"BreadcrumbList","@id":"https:\/\/mont-roig.cat\/es\/actualitat\/noticies\/nueva-edicion-del-espai-entrevistes-con-14-empresas-que-ofrecen-mas-de-100-puestos-de-trabajo\/#breadcrumb","itemListElement":[{"@type":"ListItem","position":1,"name":"Inici","item":"https:\/\/mont-roig.cat\/es\/pagina-de-inicio\/"},{"@type":"ListItem","position":2,"name":"Nueva edici\u00f3n del Espai Entrevistes con 14 empresas que ofrecen m\u00e1s de 100 puestos de trabajo"}]},{"@type":"WebSite","@id":"https:\/\/mont-roig.cat\/es\/#website","url":"https:\/\/mont-roig.cat\/es\/","name":"Ajuntament de Mont-roig del Camp","description":"Tota la informaci\u00f3 sobre la instituci\u00f3, els seus \u00f2rgans de govern, actualitat, serveis i molt m\u00e9s.","potentialAction":[{"@type":"SearchAction","target":{"@type":"EntryPoint","urlTemplate":"https:\/\/mont-roig.cat\/es\/?s={search_term_string}"},"query-input":{"@type":"PropertyValueSpecification","valueRequired":true,"valueName":"search_term_string"}}],"inLanguage":"es"},{"@type":"Person","@id":"https:\/\/mont-roig.cat\/es\/#\/schema\/person\/1f73e7b5e6f9dd122e8a6f14f310ac5e","name":"comunicacio","image":{"@type":"ImageObject","inLanguage":"es","@id":"https:\/\/secure.gravatar.com\/avatar\/98944333e7a877670a64f8d10f0cb680ab2c9ebc4efc43945ef004b52b5ad28c?s=96&d=mm&r=g","url":"https:\/\/secure.gravatar.com\/avatar\/98944333e7a877670a64f8d10f0cb680ab2c9ebc4efc43945ef004b52b5ad28c?s=96&d=mm&r=g","contentUrl":"https:\/\/secure.gravatar.com\/avatar\/98944333e7a877670a64f8d10f0cb680ab2c9ebc4efc43945ef004b52b5ad28c?s=96&d=mm&r=g","caption":"comunicacio"},"url":"https:\/\/mont-roig.cat\/es\/actualitat\/noticies\/author\/comunicacio\/"}]}},"_links":{"self":[{"href":"https:\/\/mont-roig.cat\/es\/wp-json\/wp\/v2\/posts\/82734","targetHints":{"allow":["GET"]}}],"collection":[{"href":"https:\/\/mont-roig.cat\/es\/wp-json\/wp\/v2\/posts"}],"about":[{"href":"https:\/\/mont-roig.cat\/es\/wp-json\/wp\/v2\/types\/post"}],"author":[{"embeddable":true,"href":"https:\/\/mont-roig.cat\/es\/wp-json\/wp\/v2\/users\/13"}],"replies":[{"embeddable":true,"href":"https:\/\/mont-roig.cat\/es\/wp-json\/wp\/v2\/comments?post=82734"}],"version-history":[{"count":4,"href":"https:\/\/mont-roig.cat\/es\/wp-json\/wp\/v2\/posts\/82734\/revisions"}],"predecessor-version":[{"id":85951,"href":"https:\/\/mont-roig.cat\/es\/wp-json\/wp\/v2\/posts\/82734\/revisions\/85951"}],"wp:featuredmedia":[{"embeddable":true,"href":"https:\/\/mont-roig.cat\/es\/wp-json\/wp\/v2\/media\/82726"}],"wp:attachment":[{"href":"https:\/\/mont-roig.cat\/es\/wp-json\/wp\/v2\/media?parent=82734"}],"wp:term":[{"taxonomy":"category","embeddable":true,"href":"https:\/\/mont-roig.cat\/es\/wp-json\/wp\/v2\/categories?post=82734"},{"taxonomy":"post_tag","embeddable":true,"href":"https:\/\/mont-roig.cat\/es\/wp-json\/wp\/v2\/tags?post=82734"}],"curies":[{"name":"wp","href":"https:\/\/api.w.org\/{rel}","templated":true}]}}