{"id":82942,"date":"2025-05-13T13:46:22","date_gmt":"2025-05-13T11:46:22","guid":{"rendered":"https:\/\/mont-roig.cat\/actualitat\/noticies\/lanima-del-japo-torna-a-miami-platja-amb-lotaku-zone-2025\/"},"modified":"2025-05-13T14:39:58","modified_gmt":"2025-05-13T12:39:58","slug":"el-alma-de-japon-regresa-a-miami-platja-con-el-otaku-zone-2025","status":"publish","type":"post","link":"https:\/\/mont-roig.cat\/es\/actualitat\/noticies\/el-alma-de-japon-regresa-a-miami-platja-con-el-otaku-zone-2025\/","title":{"rendered":"El alma de Jap\u00f3n regresa a Miami Platja con el Otaku Zone 2025"},"content":{"rendered":"<p><strong><strong><a href=\"https:\/\/mont-roig.cat\/wp-content\/uploads\/otaku-zone.jpg\" target=\"_blank\" rel=\"noopener\"><img loading=\"lazy\" decoding=\"async\" class=\"alignright wp-image-82935\" src=\"https:\/\/mont-roig.cat\/wp-content\/uploads\/otaku-zone-353x500.jpg\" alt=\"\" width=\"260\" height=\"368\" srcset=\"https:\/\/mont-roig.cat\/wp-content\/uploads\/otaku-zone-353x500.jpg 353w, https:\/\/mont-roig.cat\/wp-content\/uploads\/otaku-zone-724x1024.jpg 724w, https:\/\/mont-roig.cat\/wp-content\/uploads\/otaku-zone-768x1086.jpg 768w, https:\/\/mont-roig.cat\/wp-content\/uploads\/otaku-zone-1086x1536.jpg 1086w, https:\/\/mont-roig.cat\/wp-content\/uploads\/otaku-zone.jpg 1131w\" sizes=\"auto, (max-width: 260px) 100vw, 260px\" \/><\/a><\/strong><\/strong><\/p>\n<ul>\n<li data-start=\"125\" data-end=\"338\"><strong data-start=\"194\" data-end=\"338\">El sal\u00f3n del manga y el anime celebra su 2\u00aa edici\u00f3n el pr\u00f3ximo 14 de junio con m\u00e1s actividades, artistas y diversi\u00f3n para todos los p\u00fablicos<\/strong><\/li>\n<\/ul>\n<p class=\"\" data-start=\"340\" data-end=\"771\">Miami Platja se prepara para acoger de nuevo el universo otaku en todo su esplendor. Tras el \u00e9xito de su estreno, el pr\u00f3ximo 14 de junio, el Centre Polivalent Sant Jaume ser\u00e1 el escenario de la 2\u00aa edici\u00f3n del Otaku Zone, un evento organizado por l\u2019Ajuntament de Mont-roig del Camp a trav\u00e9s de la regidoria de Joventut, dedicado al manga, el anime y la cultura japonesa contempor\u00e1nea, con entrada gratuita y abierto a todo el mundo.<\/p>\n<p class=\"\" data-start=\"773\" data-end=\"1303\">Durante toda la jornada, desde las 10 de la ma\u00f1ana hasta las ocho de la tarde, los asistentes podr\u00e1n disfrutar de un programa vibrante y lleno de sorpresas. M\u00e1s de 30 artistas y paradas ofrecer\u00e1n ilustraciones, merchandising, ropa y accesorios exclusivos. Adem\u00e1s, habr\u00e1 un concurso de cosplay abierto a todas las edades, karaoke, talleres creativos, juegos y actividades participativas para compartir pasi\u00f3n y talento. Tambi\u00e9n participar\u00e1n creadoras de contenido, ilustradoras y artesanas vinculadas a la comunidad otaku catalana.<\/p>\n<p class=\"\" data-start=\"1305\" data-end=\"1538\">Con una propuesta inclusiva y familiar, el Otaku Zone no solo es un punto de encuentro para los amantes de la cultura japonesa, sino tambi\u00e9n un espacio donde vivir una experiencia inmersiva llena de creatividad y expresi\u00f3n art\u00edstica.<\/p>\n<p>&nbsp;<\/p>\n","protected":false},"excerpt":{"rendered":"<p>El sal\u00f3n del manga y el anime celebra su 2\u00aa edici\u00f3n el pr\u00f3ximo 14 de junio con m\u00e1s actividades, artistas y diversi\u00f3n para todos los p\u00fablicos Miami Platja se prepara para acoger de nuevo el universo otaku en todo su esplendor. Tras el \u00e9xito de su estreno, el pr\u00f3ximo 14 de junio, el Centre Polivalent [&hellip;]<\/p>\n","protected":false},"author":13,"featured_media":82936,"comment_status":"closed","ping_status":"closed","sticky":false,"template":"","format":"standard","meta":{"inline_featured_image":false,"_monsterinsights_skip_tracking":false,"_monsterinsights_sitenote_active":false,"_monsterinsights_sitenote_note":"","_monsterinsights_sitenote_category":0,"footnotes":""},"categories":[98,106],"tags":[],"class_list":["post-82942","post","type-post","status-publish","format-standard","has-post-thumbnail","hentry","category-ayuntamiento","category-juventud"],"yoast_head":"<!-- This site is optimized with the Yoast SEO plugin v27.4 - https:\/\/yoast.com\/product\/yoast-seo-wordpress\/ -->\n<title>El alma de Jap\u00f3n regresa a Miami Platja con el Otaku Zone 2025 - Ajuntament de Mont-roig del Camp<\/title>\n<meta name=\"robots\" content=\"index, follow, max-snippet:-1, max-image-preview:large, max-video-preview:-1\" \/>\n<link rel=\"canonical\" href=\"https:\/\/mont-roig.cat\/es\/actualitat\/noticies\/el-alma-de-japon-regresa-a-miami-platja-con-el-otaku-zone-2025\/\" \/>\n<meta property=\"og:locale\" content=\"es_ES\" \/>\n<meta property=\"og:type\" content=\"article\" \/>\n<meta property=\"og:title\" content=\"El alma de Jap\u00f3n regresa a Miami Platja con el Otaku Zone 2025 - Ajuntament de Mont-roig del Camp\" \/>\n<meta property=\"og:description\" content=\"El sal\u00f3n del manga y el anime celebra su 2\u00aa edici\u00f3n el pr\u00f3ximo 14 de junio con m\u00e1s actividades, artistas y diversi\u00f3n para todos los p\u00fablicos Miami Platja se prepara para acoger de nuevo el universo otaku en todo su esplendor. Tras el \u00e9xito de su estreno, el pr\u00f3ximo 14 de junio, el Centre Polivalent [&hellip;]\" \/>\n<meta property=\"og:url\" content=\"https:\/\/mont-roig.cat\/es\/actualitat\/noticies\/el-alma-de-japon-regresa-a-miami-platja-con-el-otaku-zone-2025\/\" \/>\n<meta property=\"og:site_name\" content=\"Ajuntament de Mont-roig del Camp\" \/>\n<meta property=\"article:published_time\" content=\"2025-05-13T11:46:22+00:00\" \/>\n<meta property=\"article:modified_time\" content=\"2025-05-13T12:39:58+00:00\" \/>\n<meta property=\"og:image\" content=\"https:\/\/mont-roig.cat\/wp-content\/uploads\/otaku-zone.jpg\" \/>\n\t<meta property=\"og:image:width\" content=\"1131\" \/>\n\t<meta property=\"og:image:height\" content=\"1600\" \/>\n\t<meta property=\"og:image:type\" content=\"image\/jpeg\" \/>\n<meta name=\"author\" content=\"comunicacio\" \/>\n<meta name=\"twitter:card\" content=\"summary_large_image\" \/>\n<meta name=\"twitter:label1\" content=\"Escrito por\" \/>\n\t<meta name=\"twitter:data1\" content=\"comunicacio\" \/>\n\t<meta name=\"twitter:label2\" content=\"Tiempo de lectura\" \/>\n\t<meta name=\"twitter:data2\" content=\"2 minutos\" \/>\n<script type=\"application\/ld+json\" class=\"yoast-schema-graph\">{\"@context\":\"https:\\\/\\\/schema.org\",\"@graph\":[{\"@type\":\"Article\",\"@id\":\"https:\\\/\\\/mont-roig.cat\\\/es\\\/actualitat\\\/noticies\\\/el-alma-de-japon-regresa-a-miami-platja-con-el-otaku-zone-2025\\\/#article\",\"isPartOf\":{\"@id\":\"https:\\\/\\\/mont-roig.cat\\\/es\\\/actualitat\\\/noticies\\\/el-alma-de-japon-regresa-a-miami-platja-con-el-otaku-zone-2025\\\/\"},\"author\":{\"name\":\"comunicacio\",\"@id\":\"https:\\\/\\\/mont-roig.cat\\\/es\\\/#\\\/schema\\\/person\\\/1f73e7b5e6f9dd122e8a6f14f310ac5e\"},\"headline\":\"El alma de Jap\u00f3n regresa a Miami Platja con el Otaku Zone 2025\",\"datePublished\":\"2025-05-13T11:46:22+00:00\",\"dateModified\":\"2025-05-13T12:39:58+00:00\",\"mainEntityOfPage\":{\"@id\":\"https:\\\/\\\/mont-roig.cat\\\/es\\\/actualitat\\\/noticies\\\/el-alma-de-japon-regresa-a-miami-platja-con-el-otaku-zone-2025\\\/\"},\"wordCount\":248,\"image\":{\"@id\":\"https:\\\/\\\/mont-roig.cat\\\/es\\\/actualitat\\\/noticies\\\/el-alma-de-japon-regresa-a-miami-platja-con-el-otaku-zone-2025\\\/#primaryimage\"},\"thumbnailUrl\":\"https:\\\/\\\/mont-roig.cat\\\/wp-content\\\/uploads\\\/otaku-zone.jpg\",\"articleSection\":[\"Ayuntamiento\",\"Juventud\"],\"inLanguage\":\"es\"},{\"@type\":\"WebPage\",\"@id\":\"https:\\\/\\\/mont-roig.cat\\\/es\\\/actualitat\\\/noticies\\\/el-alma-de-japon-regresa-a-miami-platja-con-el-otaku-zone-2025\\\/\",\"url\":\"https:\\\/\\\/mont-roig.cat\\\/es\\\/actualitat\\\/noticies\\\/el-alma-de-japon-regresa-a-miami-platja-con-el-otaku-zone-2025\\\/\",\"name\":\"El alma de Jap\u00f3n regresa a Miami Platja con el Otaku Zone 2025 - Ajuntament de Mont-roig del Camp\",\"isPartOf\":{\"@id\":\"https:\\\/\\\/mont-roig.cat\\\/es\\\/#website\"},\"primaryImageOfPage\":{\"@id\":\"https:\\\/\\\/mont-roig.cat\\\/es\\\/actualitat\\\/noticies\\\/el-alma-de-japon-regresa-a-miami-platja-con-el-otaku-zone-2025\\\/#primaryimage\"},\"image\":{\"@id\":\"https:\\\/\\\/mont-roig.cat\\\/es\\\/actualitat\\\/noticies\\\/el-alma-de-japon-regresa-a-miami-platja-con-el-otaku-zone-2025\\\/#primaryimage\"},\"thumbnailUrl\":\"https:\\\/\\\/mont-roig.cat\\\/wp-content\\\/uploads\\\/otaku-zone.jpg\",\"datePublished\":\"2025-05-13T11:46:22+00:00\",\"dateModified\":\"2025-05-13T12:39:58+00:00\",\"author\":{\"@id\":\"https:\\\/\\\/mont-roig.cat\\\/es\\\/#\\\/schema\\\/person\\\/1f73e7b5e6f9dd122e8a6f14f310ac5e\"},\"breadcrumb\":{\"@id\":\"https:\\\/\\\/mont-roig.cat\\\/es\\\/actualitat\\\/noticies\\\/el-alma-de-japon-regresa-a-miami-platja-con-el-otaku-zone-2025\\\/#breadcrumb\"},\"inLanguage\":\"es\",\"potentialAction\":[{\"@type\":\"ReadAction\",\"target\":[\"https:\\\/\\\/mont-roig.cat\\\/es\\\/actualitat\\\/noticies\\\/el-alma-de-japon-regresa-a-miami-platja-con-el-otaku-zone-2025\\\/\"]}]},{\"@type\":\"ImageObject\",\"inLanguage\":\"es\",\"@id\":\"https:\\\/\\\/mont-roig.cat\\\/es\\\/actualitat\\\/noticies\\\/el-alma-de-japon-regresa-a-miami-platja-con-el-otaku-zone-2025\\\/#primaryimage\",\"url\":\"https:\\\/\\\/mont-roig.cat\\\/wp-content\\\/uploads\\\/otaku-zone.jpg\",\"contentUrl\":\"https:\\\/\\\/mont-roig.cat\\\/wp-content\\\/uploads\\\/otaku-zone.jpg\",\"width\":1131,\"height\":1600},{\"@type\":\"BreadcrumbList\",\"@id\":\"https:\\\/\\\/mont-roig.cat\\\/es\\\/actualitat\\\/noticies\\\/el-alma-de-japon-regresa-a-miami-platja-con-el-otaku-zone-2025\\\/#breadcrumb\",\"itemListElement\":[{\"@type\":\"ListItem\",\"position\":1,\"name\":\"Inici\",\"item\":\"https:\\\/\\\/mont-roig.cat\\\/es\\\/pagina-de-inicio\\\/\"},{\"@type\":\"ListItem\",\"position\":2,\"name\":\"El alma de Jap\u00f3n regresa a Miami Platja con el Otaku Zone 2025\"}]},{\"@type\":\"WebSite\",\"@id\":\"https:\\\/\\\/mont-roig.cat\\\/es\\\/#website\",\"url\":\"https:\\\/\\\/mont-roig.cat\\\/es\\\/\",\"name\":\"Ajuntament de Mont-roig del Camp\",\"description\":\"Tota la informaci\u00f3 sobre la instituci\u00f3, els seus \u00f2rgans de govern, actualitat, serveis i molt m\u00e9s.\",\"potentialAction\":[{\"@type\":\"SearchAction\",\"target\":{\"@type\":\"EntryPoint\",\"urlTemplate\":\"https:\\\/\\\/mont-roig.cat\\\/es\\\/?s={search_term_string}\"},\"query-input\":{\"@type\":\"PropertyValueSpecification\",\"valueRequired\":true,\"valueName\":\"search_term_string\"}}],\"inLanguage\":\"es\"},{\"@type\":\"Person\",\"@id\":\"https:\\\/\\\/mont-roig.cat\\\/es\\\/#\\\/schema\\\/person\\\/1f73e7b5e6f9dd122e8a6f14f310ac5e\",\"name\":\"comunicacio\",\"image\":{\"@type\":\"ImageObject\",\"inLanguage\":\"es\",\"@id\":\"https:\\\/\\\/secure.gravatar.com\\\/avatar\\\/98944333e7a877670a64f8d10f0cb680ab2c9ebc4efc43945ef004b52b5ad28c?s=96&d=mm&r=g\",\"url\":\"https:\\\/\\\/secure.gravatar.com\\\/avatar\\\/98944333e7a877670a64f8d10f0cb680ab2c9ebc4efc43945ef004b52b5ad28c?s=96&d=mm&r=g\",\"contentUrl\":\"https:\\\/\\\/secure.gravatar.com\\\/avatar\\\/98944333e7a877670a64f8d10f0cb680ab2c9ebc4efc43945ef004b52b5ad28c?s=96&d=mm&r=g\",\"caption\":\"comunicacio\"},\"url\":\"https:\\\/\\\/mont-roig.cat\\\/es\\\/actualitat\\\/noticies\\\/author\\\/comunicacio\\\/\"}]}<\/script>\n<!-- \/ Yoast SEO plugin. -->","yoast_head_json":{"title":"El alma de Jap\u00f3n regresa a Miami Platja con el Otaku Zone 2025 - Ajuntament de Mont-roig del Camp","robots":{"index":"index","follow":"follow","max-snippet":"max-snippet:-1","max-image-preview":"max-image-preview:large","max-video-preview":"max-video-preview:-1"},"canonical":"https:\/\/mont-roig.cat\/es\/actualitat\/noticies\/el-alma-de-japon-regresa-a-miami-platja-con-el-otaku-zone-2025\/","og_locale":"es_ES","og_type":"article","og_title":"El alma de Jap\u00f3n regresa a Miami Platja con el Otaku Zone 2025 - Ajuntament de Mont-roig del Camp","og_description":"El sal\u00f3n del manga y el anime celebra su 2\u00aa edici\u00f3n el pr\u00f3ximo 14 de junio con m\u00e1s actividades, artistas y diversi\u00f3n para todos los p\u00fablicos Miami Platja se prepara para acoger de nuevo el universo otaku en todo su esplendor. Tras el \u00e9xito de su estreno, el pr\u00f3ximo 14 de junio, el Centre Polivalent [&hellip;]","og_url":"https:\/\/mont-roig.cat\/es\/actualitat\/noticies\/el-alma-de-japon-regresa-a-miami-platja-con-el-otaku-zone-2025\/","og_site_name":"Ajuntament de Mont-roig del Camp","article_published_time":"2025-05-13T11:46:22+00:00","article_modified_time":"2025-05-13T12:39:58+00:00","og_image":[{"width":1131,"height":1600,"url":"https:\/\/mont-roig.cat\/wp-content\/uploads\/otaku-zone.jpg","type":"image\/jpeg"}],"author":"comunicacio","twitter_card":"summary_large_image","twitter_misc":{"Escrito por":"comunicacio","Tiempo de lectura":"2 minutos"},"schema":{"@context":"https:\/\/schema.org","@graph":[{"@type":"Article","@id":"https:\/\/mont-roig.cat\/es\/actualitat\/noticies\/el-alma-de-japon-regresa-a-miami-platja-con-el-otaku-zone-2025\/#article","isPartOf":{"@id":"https:\/\/mont-roig.cat\/es\/actualitat\/noticies\/el-alma-de-japon-regresa-a-miami-platja-con-el-otaku-zone-2025\/"},"author":{"name":"comunicacio","@id":"https:\/\/mont-roig.cat\/es\/#\/schema\/person\/1f73e7b5e6f9dd122e8a6f14f310ac5e"},"headline":"El alma de Jap\u00f3n regresa a Miami Platja con el Otaku Zone 2025","datePublished":"2025-05-13T11:46:22+00:00","dateModified":"2025-05-13T12:39:58+00:00","mainEntityOfPage":{"@id":"https:\/\/mont-roig.cat\/es\/actualitat\/noticies\/el-alma-de-japon-regresa-a-miami-platja-con-el-otaku-zone-2025\/"},"wordCount":248,"image":{"@id":"https:\/\/mont-roig.cat\/es\/actualitat\/noticies\/el-alma-de-japon-regresa-a-miami-platja-con-el-otaku-zone-2025\/#primaryimage"},"thumbnailUrl":"https:\/\/mont-roig.cat\/wp-content\/uploads\/otaku-zone.jpg","articleSection":["Ayuntamiento","Juventud"],"inLanguage":"es"},{"@type":"WebPage","@id":"https:\/\/mont-roig.cat\/es\/actualitat\/noticies\/el-alma-de-japon-regresa-a-miami-platja-con-el-otaku-zone-2025\/","url":"https:\/\/mont-roig.cat\/es\/actualitat\/noticies\/el-alma-de-japon-regresa-a-miami-platja-con-el-otaku-zone-2025\/","name":"El alma de Jap\u00f3n regresa a Miami Platja con el Otaku Zone 2025 - Ajuntament de Mont-roig del Camp","isPartOf":{"@id":"https:\/\/mont-roig.cat\/es\/#website"},"primaryImageOfPage":{"@id":"https:\/\/mont-roig.cat\/es\/actualitat\/noticies\/el-alma-de-japon-regresa-a-miami-platja-con-el-otaku-zone-2025\/#primaryimage"},"image":{"@id":"https:\/\/mont-roig.cat\/es\/actualitat\/noticies\/el-alma-de-japon-regresa-a-miami-platja-con-el-otaku-zone-2025\/#primaryimage"},"thumbnailUrl":"https:\/\/mont-roig.cat\/wp-content\/uploads\/otaku-zone.jpg","datePublished":"2025-05-13T11:46:22+00:00","dateModified":"2025-05-13T12:39:58+00:00","author":{"@id":"https:\/\/mont-roig.cat\/es\/#\/schema\/person\/1f73e7b5e6f9dd122e8a6f14f310ac5e"},"breadcrumb":{"@id":"https:\/\/mont-roig.cat\/es\/actualitat\/noticies\/el-alma-de-japon-regresa-a-miami-platja-con-el-otaku-zone-2025\/#breadcrumb"},"inLanguage":"es","potentialAction":[{"@type":"ReadAction","target":["https:\/\/mont-roig.cat\/es\/actualitat\/noticies\/el-alma-de-japon-regresa-a-miami-platja-con-el-otaku-zone-2025\/"]}]},{"@type":"ImageObject","inLanguage":"es","@id":"https:\/\/mont-roig.cat\/es\/actualitat\/noticies\/el-alma-de-japon-regresa-a-miami-platja-con-el-otaku-zone-2025\/#primaryimage","url":"https:\/\/mont-roig.cat\/wp-content\/uploads\/otaku-zone.jpg","contentUrl":"https:\/\/mont-roig.cat\/wp-content\/uploads\/otaku-zone.jpg","width":1131,"height":1600},{"@type":"BreadcrumbList","@id":"https:\/\/mont-roig.cat\/es\/actualitat\/noticies\/el-alma-de-japon-regresa-a-miami-platja-con-el-otaku-zone-2025\/#breadcrumb","itemListElement":[{"@type":"ListItem","position":1,"name":"Inici","item":"https:\/\/mont-roig.cat\/es\/pagina-de-inicio\/"},{"@type":"ListItem","position":2,"name":"El alma de Jap\u00f3n regresa a Miami Platja con el Otaku Zone 2025"}]},{"@type":"WebSite","@id":"https:\/\/mont-roig.cat\/es\/#website","url":"https:\/\/mont-roig.cat\/es\/","name":"Ajuntament de Mont-roig del Camp","description":"Tota la informaci\u00f3 sobre la instituci\u00f3, els seus \u00f2rgans de govern, actualitat, serveis i molt m\u00e9s.","potentialAction":[{"@type":"SearchAction","target":{"@type":"EntryPoint","urlTemplate":"https:\/\/mont-roig.cat\/es\/?s={search_term_string}"},"query-input":{"@type":"PropertyValueSpecification","valueRequired":true,"valueName":"search_term_string"}}],"inLanguage":"es"},{"@type":"Person","@id":"https:\/\/mont-roig.cat\/es\/#\/schema\/person\/1f73e7b5e6f9dd122e8a6f14f310ac5e","name":"comunicacio","image":{"@type":"ImageObject","inLanguage":"es","@id":"https:\/\/secure.gravatar.com\/avatar\/98944333e7a877670a64f8d10f0cb680ab2c9ebc4efc43945ef004b52b5ad28c?s=96&d=mm&r=g","url":"https:\/\/secure.gravatar.com\/avatar\/98944333e7a877670a64f8d10f0cb680ab2c9ebc4efc43945ef004b52b5ad28c?s=96&d=mm&r=g","contentUrl":"https:\/\/secure.gravatar.com\/avatar\/98944333e7a877670a64f8d10f0cb680ab2c9ebc4efc43945ef004b52b5ad28c?s=96&d=mm&r=g","caption":"comunicacio"},"url":"https:\/\/mont-roig.cat\/es\/actualitat\/noticies\/author\/comunicacio\/"}]}},"_links":{"self":[{"href":"https:\/\/mont-roig.cat\/es\/wp-json\/wp\/v2\/posts\/82942","targetHints":{"allow":["GET"]}}],"collection":[{"href":"https:\/\/mont-roig.cat\/es\/wp-json\/wp\/v2\/posts"}],"about":[{"href":"https:\/\/mont-roig.cat\/es\/wp-json\/wp\/v2\/types\/post"}],"author":[{"embeddable":true,"href":"https:\/\/mont-roig.cat\/es\/wp-json\/wp\/v2\/users\/13"}],"replies":[{"embeddable":true,"href":"https:\/\/mont-roig.cat\/es\/wp-json\/wp\/v2\/comments?post=82942"}],"version-history":[{"count":1,"href":"https:\/\/mont-roig.cat\/es\/wp-json\/wp\/v2\/posts\/82942\/revisions"}],"predecessor-version":[{"id":82943,"href":"https:\/\/mont-roig.cat\/es\/wp-json\/wp\/v2\/posts\/82942\/revisions\/82943"}],"wp:featuredmedia":[{"embeddable":true,"href":"https:\/\/mont-roig.cat\/es\/wp-json\/wp\/v2\/media\/82936"}],"wp:attachment":[{"href":"https:\/\/mont-roig.cat\/es\/wp-json\/wp\/v2\/media?parent=82942"}],"wp:term":[{"taxonomy":"category","embeddable":true,"href":"https:\/\/mont-roig.cat\/es\/wp-json\/wp\/v2\/categories?post=82942"},{"taxonomy":"post_tag","embeddable":true,"href":"https:\/\/mont-roig.cat\/es\/wp-json\/wp\/v2\/tags?post=82942"}],"curies":[{"name":"wp","href":"https:\/\/api.w.org\/{rel}","templated":true}]}}