{"id":82974,"date":"2025-05-14T14:05:41","date_gmt":"2025-05-14T12:05:41","guid":{"rendered":"https:\/\/mont-roig.cat\/actualitat\/noticies\/bona-acollida-de-la-segona-gala-drag-a-lesglesia-vella-de-mont-roig-del-camp\/"},"modified":"2025-05-14T14:12:04","modified_gmt":"2025-05-14T12:12:04","slug":"buena-acogida-de-la-segunda-gala-drag-en-la-esglesia-vella-de-mont-roig-del-camp","status":"publish","type":"post","link":"https:\/\/mont-roig.cat\/es\/actualitat\/noticies\/buena-acogida-de-la-segunda-gala-drag-en-la-esglesia-vella-de-mont-roig-del-camp\/","title":{"rendered":"Buena acogida de la segunda Gala Drag en la Esgl\u00e9sia Vella de Mont-roig del Camp"},"content":{"rendered":"<div id=\"attachment_82968\" style=\"width: 318px\" class=\"wp-caption alignright\"><a href=\"https:\/\/mont-roig.cat\/wp-content\/uploads\/WhatsApp-Image-2025-05-10-at-11.16.32.jpeg\" target=\"_blank\" rel=\"noopener\"><img loading=\"lazy\" decoding=\"async\" aria-describedby=\"caption-attachment-82968\" class=\"wp-image-82968\" src=\"https:\/\/mont-roig.cat\/wp-content\/uploads\/WhatsApp-Image-2025-05-10-at-11.16.32-500x375.jpeg\" alt=\"\" width=\"308\" height=\"231\" srcset=\"https:\/\/mont-roig.cat\/wp-content\/uploads\/WhatsApp-Image-2025-05-10-at-11.16.32-500x375.jpeg 500w, https:\/\/mont-roig.cat\/wp-content\/uploads\/WhatsApp-Image-2025-05-10-at-11.16.32-1024x768.jpeg 1024w, https:\/\/mont-roig.cat\/wp-content\/uploads\/WhatsApp-Image-2025-05-10-at-11.16.32-768x576.jpeg 768w, https:\/\/mont-roig.cat\/wp-content\/uploads\/WhatsApp-Image-2025-05-10-at-11.16.32-1536x1152.jpeg 1536w, https:\/\/mont-roig.cat\/wp-content\/uploads\/WhatsApp-Image-2025-05-10-at-11.16.32-463x348.jpeg 463w, https:\/\/mont-roig.cat\/wp-content\/uploads\/WhatsApp-Image-2025-05-10-at-11.16.32.jpeg 2048w\" sizes=\"auto, (max-width: 308px) 100vw, 308px\" \/><\/a><p id=\"caption-attachment-82968\" class=\"wp-caption-text\">Imagen de la Gala Draq en la Esgl\u00e9sia Vella.<\/p><\/div>\n<ul>\n<li data-start=\"336\" data-end=\"461\"><strong>La velada dedicada al arte drag cont\u00f3 con actuaciones y m\u00fasica en directo en un ambiente de reivindicaci\u00f3n y expresi\u00f3n libre<\/strong><\/li>\n<\/ul>\n<p class=\"\" data-start=\"463\" data-end=\"697\">Este viernes, la Esgl\u00e9sia Vella de Mont-roig del Camp acogi\u00f3 la segunda edici\u00f3n de la Gala Drag, que reuni\u00f3 a un numeroso p\u00fablico para disfrutar de una noche dedicada a la expresi\u00f3n art\u00edstica y a la visibilizaci\u00f3n del colectivo LGTBI.<\/p>\n<p class=\"\" data-start=\"699\" data-end=\"1086\">Durante el acto, cinco artistas drag presentaron sus propuestas esc\u00e9nicas ante el jurado y el p\u00fablico asistente. Las actuaciones, variadas en estilos y formatos, sirvieron para seleccionar a tres finalistas que representar\u00e1n a Mont-roig en la gran final del concurso, prevista para el s\u00e1bado 25 de mayo en Reus. Las artistas seleccionadas fueron: Miss Honey, Roxy Divine y Drag Kaleidox.<\/p>\n<p class=\"\" data-start=\"1088\" data-end=\"1323\">La presentaci\u00f3n de la gala corri\u00f3 a cargo de Maria Espetek, quien introdujo el acto con un v\u00eddeo en el que compart\u00eda su experiencia personal. La m\u00fasica fue responsabilidad de DJ Perla Negra, que anim\u00f3 la velada con una sesi\u00f3n din\u00e1mica.<\/p>\n<p class=\"\" data-start=\"1325\" data-end=\"1626\">El evento forma parte de un circuito de galas que tambi\u00e9n incluye la Gala Drag Queen de Salou y que culminar\u00e1 con la final en Reus. Estas actividades tienen como objetivo fomentar la cultura drag y promover espacios de visibilidad para las diversidades de g\u00e9nero y orientaci\u00f3n sexual en el territorio.<\/p>\n<p class=\"\" data-start=\"1628\" data-end=\"1881\">Desde la organizaci\u00f3n, la entidad H2O, que cont\u00f3 con el apoyo del Ayuntamiento de Mont-roig del Camp, se agradeci\u00f3 la participaci\u00f3n de todas las artistas y la colaboraci\u00f3n de la fot\u00f3grafa Fiona Anguera, responsable del reportaje fotogr\u00e1fico de la noche.<\/p>\n\n\t\t<!-- MasterSlider -->\n\t\t<div id=\"P_MS69f287ed9f240\" class=\"master-slider-parent master-slider-gallery   ms-parent-id-0\"  >\n\n\t\t\t\n\t\t\t<!-- MasterSlider Main -->\n\t\t\t<div id=\"MS69f287ed9f240\" class=\"master-slider ms-skin-default\" >\n\t\t\t\t \t\t\t\t \n\t\t\t<div  class=\"ms-slide\" data-delay=\"3\"    >\n\t\t\t\t\t<img decoding=\"async\" src=\"https:\/\/mont-roig.cat\/wp-content\/plugins\/masterslider\/public\/assets\/css\/blank.gif\" alt=\"DSC01148\" title=\"DSC01148\" data-src=\"https:\/\/mont-roig.cat\/wp-content\/uploadsArray\" \/>\n\t<a href=\"http:\/\/Array\" target=\"_self\"    >DSC01148<\/a>\n\n\t\t\t\t\t<div class=\"ms-info\">DSC01148<\/div>\n\n\n\t<img decoding=\"async\" class=\"ms-thumb\" src=\"https:\/\/mont-roig.cat\/wp-content\/uploadsArray\" alt=\"DSC01148\" \/>\n\t\t\t\t<\/div>\n\t\t\t<div  class=\"ms-slide\" data-delay=\"3\"    >\n\t\t\t\t\t<img decoding=\"async\" src=\"https:\/\/mont-roig.cat\/wp-content\/plugins\/masterslider\/public\/assets\/css\/blank.gif\" alt=\"DSC01435\" title=\"DSC01435\" data-src=\"https:\/\/mont-roig.cat\/wp-content\/uploadsArray\" \/>\n\t<a href=\"http:\/\/Array\" target=\"_self\"    >DSC01435<\/a>\n\n\t\t\t\t\t<div class=\"ms-info\">DSC01435<\/div>\n\n\n\t<img decoding=\"async\" class=\"ms-thumb\" src=\"https:\/\/mont-roig.cat\/wp-content\/uploadsArray\" alt=\"DSC01435\" \/>\n\t\t\t\t<\/div>\n\t\t\t<div  class=\"ms-slide\" data-delay=\"3\"    >\n\t\t\t\t\t<img decoding=\"async\" src=\"https:\/\/mont-roig.cat\/wp-content\/plugins\/masterslider\/public\/assets\/css\/blank.gif\" alt=\"WhatsApp Image 2025-05-10 at 11.16.35 (3)\" title=\"WhatsApp Image 2025-05-10 at 11.16.35 (3)\" data-src=\"https:\/\/mont-roig.cat\/wp-content\/uploadsArray\" \/>\n\t<a href=\"http:\/\/Array\" target=\"_self\"    >WhatsApp Image 2025-05-10 at 11.16.35 (3)<\/a>\n\n\t\t\t\t\t<div class=\"ms-info\">WhatsApp Image 2025-05-10 at 11.16.35 (3)<\/div>\n\n\n\t<img decoding=\"async\" class=\"ms-thumb\" src=\"https:\/\/mont-roig.cat\/wp-content\/uploadsArray\" alt=\"WhatsApp Image 2025-05-10 at 11.16.35 (3)\" \/>\n\t\t\t\t<\/div>\n\t\t\t<div  class=\"ms-slide\" data-delay=\"3\"    >\n\t\t\t\t\t<img decoding=\"async\" src=\"https:\/\/mont-roig.cat\/wp-content\/plugins\/masterslider\/public\/assets\/css\/blank.gif\" alt=\"DSC01450\" title=\"DSC01450\" data-src=\"https:\/\/mont-roig.cat\/wp-content\/uploadsArray\" \/>\n\t<a href=\"http:\/\/Array\" target=\"_self\"    >DSC01450<\/a>\n\n\t\t\t\t\t<div class=\"ms-info\">DSC01450<\/div>\n\n\n\t<img decoding=\"async\" class=\"ms-thumb\" src=\"https:\/\/mont-roig.cat\/wp-content\/uploadsArray\" alt=\"DSC01450\" \/>\n\t\t\t\t<\/div>\n\t\t\t<div  class=\"ms-slide\" data-delay=\"3\"    >\n\t\t\t\t\t<img decoding=\"async\" src=\"https:\/\/mont-roig.cat\/wp-content\/plugins\/masterslider\/public\/assets\/css\/blank.gif\" alt=\"DSC01182\" title=\"DSC01182\" data-src=\"https:\/\/mont-roig.cat\/wp-content\/uploadsArray\" \/>\n\t<a href=\"http:\/\/Array\" target=\"_self\"    >DSC01182<\/a>\n\n\t\t\t\t\t<div class=\"ms-info\">DSC01182<\/div>\n\n\n\t<img decoding=\"async\" class=\"ms-thumb\" src=\"https:\/\/mont-roig.cat\/wp-content\/uploadsArray\" alt=\"DSC01182\" \/>\n\t\t\t\t<\/div>\n\t\t\t<div  class=\"ms-slide\" data-delay=\"3\"    >\n\t\t\t\t\t<img decoding=\"async\" src=\"https:\/\/mont-roig.cat\/wp-content\/plugins\/masterslider\/public\/assets\/css\/blank.gif\" alt=\"DSC01156\" title=\"DSC01156\" data-src=\"https:\/\/mont-roig.cat\/wp-content\/uploadsArray\" \/>\n\t<a href=\"http:\/\/Array\" target=\"_self\"    >DSC01156<\/a>\n\n\t\t\t\t\t<div class=\"ms-info\">DSC01156<\/div>\n\n\n\t<img decoding=\"async\" class=\"ms-thumb\" src=\"https:\/\/mont-roig.cat\/wp-content\/uploadsArray\" alt=\"DSC01156\" \/>\n\t\t\t\t<\/div>\n\t\t\t<div  class=\"ms-slide\" data-delay=\"3\"    >\n\t\t\t\t\t<img decoding=\"async\" src=\"https:\/\/mont-roig.cat\/wp-content\/plugins\/masterslider\/public\/assets\/css\/blank.gif\" alt=\"DSC01175\" title=\"DSC01175\" data-src=\"https:\/\/mont-roig.cat\/wp-content\/uploadsArray\" \/>\n\t<a href=\"http:\/\/Array\" target=\"_self\"    >DSC01175<\/a>\n\n\t\t\t\t\t<div class=\"ms-info\">DSC01175<\/div>\n\n\n\t<img decoding=\"async\" class=\"ms-thumb\" src=\"https:\/\/mont-roig.cat\/wp-content\/uploadsArray\" alt=\"DSC01175\" \/>\n\t\t\t\t<\/div>\n\t\t\t<div  class=\"ms-slide\" data-delay=\"3\"    >\n\t\t\t\t\t<img decoding=\"async\" src=\"https:\/\/mont-roig.cat\/wp-content\/plugins\/masterslider\/public\/assets\/css\/blank.gif\" alt=\"DSC01108\" title=\"DSC01108\" data-src=\"https:\/\/mont-roig.cat\/wp-content\/uploadsArray\" \/>\n\t<a href=\"http:\/\/Array\" target=\"_self\"    >DSC01108<\/a>\n\n\t\t\t\t\t<div class=\"ms-info\">DSC01108<\/div>\n\n\n\t<img decoding=\"async\" class=\"ms-thumb\" src=\"https:\/\/mont-roig.cat\/wp-content\/uploadsArray\" alt=\"DSC01108\" \/>\n\t\t\t\t<\/div>\n\t\t\t<div  class=\"ms-slide\" data-delay=\"3\"    >\n\t\t\t\t\t<img decoding=\"async\" src=\"https:\/\/mont-roig.cat\/wp-content\/plugins\/masterslider\/public\/assets\/css\/blank.gif\" alt=\"DSC01173\" title=\"DSC01173\" data-src=\"https:\/\/mont-roig.cat\/wp-content\/uploadsArray\" \/>\n\t<a href=\"http:\/\/Array\" target=\"_self\"    >DSC01173<\/a>\n\n\t\t\t\t\t<div class=\"ms-info\">DSC01173<\/div>\n\n\n\t<img decoding=\"async\" class=\"ms-thumb\" src=\"https:\/\/mont-roig.cat\/wp-content\/uploadsArray\" alt=\"DSC01173\" \/>\n\t\t\t\t<\/div>\n\t\t\t<div  class=\"ms-slide\" data-delay=\"3\"    >\n\t\t\t\t\t<img decoding=\"async\" src=\"https:\/\/mont-roig.cat\/wp-content\/plugins\/masterslider\/public\/assets\/css\/blank.gif\" alt=\"DSC01120\" title=\"DSC01120\" data-src=\"https:\/\/mont-roig.cat\/wp-content\/uploadsArray\" \/>\n\t<a href=\"http:\/\/Array\" target=\"_self\"    >DSC01120<\/a>\n\n\t\t\t\t\t<div class=\"ms-info\">DSC01120<\/div>\n\n\n\t<img decoding=\"async\" class=\"ms-thumb\" src=\"https:\/\/mont-roig.cat\/wp-content\/uploadsArray\" alt=\"DSC01120\" \/>\n\t\t\t\t<\/div>\n\t\t\t<div  class=\"ms-slide\" data-delay=\"3\"    >\n\t\t\t\t\t<img decoding=\"async\" src=\"https:\/\/mont-roig.cat\/wp-content\/plugins\/masterslider\/public\/assets\/css\/blank.gif\" alt=\"DSC01237\" title=\"DSC01237\" data-src=\"https:\/\/mont-roig.cat\/wp-content\/uploadsArray\" \/>\n\t<a href=\"http:\/\/Array\" target=\"_self\"    >DSC01237<\/a>\n\n\t\t\t\t\t<div class=\"ms-info\">DSC01237<\/div>\n\n\n\t<img decoding=\"async\" class=\"ms-thumb\" src=\"https:\/\/mont-roig.cat\/wp-content\/uploadsArray\" alt=\"DSC01237\" \/>\n\t\t\t\t<\/div>\n\n\t\t\t<\/div>\n\t\t\t<!-- END MasterSlider Main -->\n\n\t\t\t \n\t\t<\/div>\n\t\t<!-- END MasterSlider -->\n\n\t\t<script>\n\t\t( window.MSReady = window.MSReady || [] ).push( function( $ ) {\n\n\t\t\t\"use strict\";\n\t\t\tvar masterslider_f240 = new MasterSlider();\n\n\t\t\t\/\/ slider controls\n\t\t\tmasterslider_f240.control('arrows'     ,{ autohide:true, overVideo:true  });\n\t\t\tmasterslider_f240.control('thumblist'  ,{ autohide:false, overVideo:true, dir:'h', speed:17, inset:false, arrows:false, hover:false, customClass:'', align:'bottom',type:'thumbs', margin:2, width:140, height:80, space:2, fillMode:'fill'  });\n\t\t\tmasterslider_f240.control('slideinfo'  ,{ autohide:true, overVideo:true, dir:'h', align:'bottom',inset:true , margin:80  , size:30 });\n\t\t\t\/\/ slider setup\n\t\t\tmasterslider_f240.setup(\"MS69f287ed9f240\", {\n\t\t\t\twidth           : 960,\n\t\t\t\theight          : 540,\n\t\t\t\tminHeight       : 0,\n\t\t\t\tspace           : 0,\n\t\t\t\tstart           : 1,\n\t\t\t\tgrabCursor      : true,\n\t\t\t\tswipe           : true,\n\t\t\t\tmouse           : true,\n\t\t\t\tkeyboard        : false,\n\t\t\t\tlayout          : \"fillwidth\",\n\t\t\t\twheel           : false,\n\t\t\t\tautoplay        : false,\n                instantStartLayers:false,\n\t\t\t\tmobileBGVideo:false,\n\t\t\t\tloop            : false,\n\t\t\t\tshuffle         : false,\n\t\t\t\tpreload         : 3,\n\t\t\t\theightLimit     : false,\n\t\t\t\tautoHeight      : false,\n\t\t\t\tsmoothHeight    : true,\n\t\t\t\tendPause        : false,\n\t\t\t\toverPause       : false,\n\t\t\t\tfillMode        : \"fill\",\n\t\t\t\tcenterControls  : true,\n\t\t\t\tstartOnAppear   : false,\n\t\t\t\tlayersMode      : \"center\",\n\t\t\t\tautofillTarget  : \"\",\n\t\t\t\thideLayers      : false,\n\t\t\t\tfullscreenMargin: 0,\n\t\t\t\tspeed           : 17,\n\t\t\t\tdir             : \"h\",\n\t\t\t\tparallaxMode    : 'swipe',\n\t\t\t\tview            : \"basic\"\n\t\t\t});\n\n\t\t\t\n\t\t\twindow.masterslider_instances = window.masterslider_instances || [];\n\t\t\twindow.masterslider_instances.push( masterslider_f240 );\n\t\t});\n\t\t<\/script>\n\n\n<p>&nbsp;<\/p>\n","protected":false},"excerpt":{"rendered":"<p>La velada dedicada al arte drag cont\u00f3 con actuaciones y m\u00fasica en directo en un ambiente de reivindicaci\u00f3n y expresi\u00f3n libre Este viernes, la Esgl\u00e9sia Vella de Mont-roig del Camp acogi\u00f3 la segunda edici\u00f3n de la Gala Drag, que reuni\u00f3 a un numeroso p\u00fablico para disfrutar de una noche dedicada a la expresi\u00f3n art\u00edstica y [&hellip;]<\/p>\n","protected":false},"author":13,"featured_media":82969,"comment_status":"closed","ping_status":"closed","sticky":false,"template":"","format":"standard","meta":{"inline_featured_image":false,"_monsterinsights_skip_tracking":false,"_monsterinsights_sitenote_active":false,"_monsterinsights_sitenote_note":"","_monsterinsights_sitenote_category":0,"footnotes":""},"categories":[98,106,174],"tags":[],"class_list":["post-82974","post","type-post","status-publish","format-standard","has-post-thumbnail","hentry","category-ayuntamiento","category-juventud","category-politiques-digualtat-i-de-les-dones-es"],"yoast_head":"<!-- This site is optimized with the Yoast SEO plugin v27.4 - https:\/\/yoast.com\/product\/yoast-seo-wordpress\/ -->\n<title>Buena acogida de la segunda Gala Drag en la Esgl\u00e9sia Vella de Mont-roig del Camp - Ajuntament de Mont-roig del Camp<\/title>\n<meta name=\"robots\" content=\"index, follow, max-snippet:-1, max-image-preview:large, max-video-preview:-1\" \/>\n<link rel=\"canonical\" href=\"https:\/\/mont-roig.cat\/es\/actualitat\/noticies\/buena-acogida-de-la-segunda-gala-drag-en-la-esglesia-vella-de-mont-roig-del-camp\/\" \/>\n<meta property=\"og:locale\" content=\"es_ES\" \/>\n<meta property=\"og:type\" content=\"article\" \/>\n<meta property=\"og:title\" content=\"Buena acogida de la segunda Gala Drag en la Esgl\u00e9sia Vella de Mont-roig del Camp - Ajuntament de Mont-roig del Camp\" \/>\n<meta property=\"og:description\" content=\"La velada dedicada al arte drag cont\u00f3 con actuaciones y m\u00fasica en directo en un ambiente de reivindicaci\u00f3n y expresi\u00f3n libre Este viernes, la Esgl\u00e9sia Vella de Mont-roig del Camp acogi\u00f3 la segunda edici\u00f3n de la Gala Drag, que reuni\u00f3 a un numeroso p\u00fablico para disfrutar de una noche dedicada a la expresi\u00f3n art\u00edstica y [&hellip;]\" \/>\n<meta property=\"og:url\" content=\"https:\/\/mont-roig.cat\/es\/actualitat\/noticies\/buena-acogida-de-la-segunda-gala-drag-en-la-esglesia-vella-de-mont-roig-del-camp\/\" \/>\n<meta property=\"og:site_name\" content=\"Ajuntament de Mont-roig del Camp\" \/>\n<meta property=\"article:published_time\" content=\"2025-05-14T12:05:41+00:00\" \/>\n<meta property=\"article:modified_time\" content=\"2025-05-14T12:12:04+00:00\" \/>\n<meta property=\"og:image\" content=\"https:\/\/mont-roig.cat\/wp-content\/uploads\/WhatsApp-Image-2025-05-10-at-11.16.32.jpeg\" \/>\n\t<meta property=\"og:image:width\" content=\"2048\" \/>\n\t<meta property=\"og:image:height\" content=\"1536\" \/>\n\t<meta property=\"og:image:type\" content=\"image\/jpeg\" \/>\n<meta name=\"author\" content=\"comunicacio\" \/>\n<meta name=\"twitter:card\" content=\"summary_large_image\" \/>\n<meta name=\"twitter:label1\" content=\"Escrito por\" \/>\n\t<meta name=\"twitter:data1\" content=\"comunicacio\" \/>\n\t<meta name=\"twitter:label2\" content=\"Tiempo de lectura\" \/>\n\t<meta name=\"twitter:data2\" content=\"2 minutos\" \/>\n<script type=\"application\/ld+json\" class=\"yoast-schema-graph\">{\"@context\":\"https:\\\/\\\/schema.org\",\"@graph\":[{\"@type\":\"Article\",\"@id\":\"https:\\\/\\\/mont-roig.cat\\\/es\\\/actualitat\\\/noticies\\\/buena-acogida-de-la-segunda-gala-drag-en-la-esglesia-vella-de-mont-roig-del-camp\\\/#article\",\"isPartOf\":{\"@id\":\"https:\\\/\\\/mont-roig.cat\\\/es\\\/actualitat\\\/noticies\\\/buena-acogida-de-la-segunda-gala-drag-en-la-esglesia-vella-de-mont-roig-del-camp\\\/\"},\"author\":{\"name\":\"comunicacio\",\"@id\":\"https:\\\/\\\/mont-roig.cat\\\/es\\\/#\\\/schema\\\/person\\\/1f73e7b5e6f9dd122e8a6f14f310ac5e\"},\"headline\":\"Buena acogida de la segunda Gala Drag en la Esgl\u00e9sia Vella de Mont-roig del Camp\",\"datePublished\":\"2025-05-14T12:05:41+00:00\",\"dateModified\":\"2025-05-14T12:12:04+00:00\",\"mainEntityOfPage\":{\"@id\":\"https:\\\/\\\/mont-roig.cat\\\/es\\\/actualitat\\\/noticies\\\/buena-acogida-de-la-segunda-gala-drag-en-la-esglesia-vella-de-mont-roig-del-camp\\\/\"},\"wordCount\":324,\"image\":{\"@id\":\"https:\\\/\\\/mont-roig.cat\\\/es\\\/actualitat\\\/noticies\\\/buena-acogida-de-la-segunda-gala-drag-en-la-esglesia-vella-de-mont-roig-del-camp\\\/#primaryimage\"},\"thumbnailUrl\":\"https:\\\/\\\/mont-roig.cat\\\/wp-content\\\/uploads\\\/WhatsApp-Image-2025-05-10-at-11.16.32.jpeg\",\"articleSection\":[\"Ayuntamiento\",\"Juventud\",\"Pol\u00edtiques d&#8217;Igualtat i de les Dones\"],\"inLanguage\":\"es\"},{\"@type\":\"WebPage\",\"@id\":\"https:\\\/\\\/mont-roig.cat\\\/es\\\/actualitat\\\/noticies\\\/buena-acogida-de-la-segunda-gala-drag-en-la-esglesia-vella-de-mont-roig-del-camp\\\/\",\"url\":\"https:\\\/\\\/mont-roig.cat\\\/es\\\/actualitat\\\/noticies\\\/buena-acogida-de-la-segunda-gala-drag-en-la-esglesia-vella-de-mont-roig-del-camp\\\/\",\"name\":\"Buena acogida de la segunda Gala Drag en la Esgl\u00e9sia Vella de Mont-roig del Camp - Ajuntament de Mont-roig del Camp\",\"isPartOf\":{\"@id\":\"https:\\\/\\\/mont-roig.cat\\\/es\\\/#website\"},\"primaryImageOfPage\":{\"@id\":\"https:\\\/\\\/mont-roig.cat\\\/es\\\/actualitat\\\/noticies\\\/buena-acogida-de-la-segunda-gala-drag-en-la-esglesia-vella-de-mont-roig-del-camp\\\/#primaryimage\"},\"image\":{\"@id\":\"https:\\\/\\\/mont-roig.cat\\\/es\\\/actualitat\\\/noticies\\\/buena-acogida-de-la-segunda-gala-drag-en-la-esglesia-vella-de-mont-roig-del-camp\\\/#primaryimage\"},\"thumbnailUrl\":\"https:\\\/\\\/mont-roig.cat\\\/wp-content\\\/uploads\\\/WhatsApp-Image-2025-05-10-at-11.16.32.jpeg\",\"datePublished\":\"2025-05-14T12:05:41+00:00\",\"dateModified\":\"2025-05-14T12:12:04+00:00\",\"author\":{\"@id\":\"https:\\\/\\\/mont-roig.cat\\\/es\\\/#\\\/schema\\\/person\\\/1f73e7b5e6f9dd122e8a6f14f310ac5e\"},\"breadcrumb\":{\"@id\":\"https:\\\/\\\/mont-roig.cat\\\/es\\\/actualitat\\\/noticies\\\/buena-acogida-de-la-segunda-gala-drag-en-la-esglesia-vella-de-mont-roig-del-camp\\\/#breadcrumb\"},\"inLanguage\":\"es\",\"potentialAction\":[{\"@type\":\"ReadAction\",\"target\":[\"https:\\\/\\\/mont-roig.cat\\\/es\\\/actualitat\\\/noticies\\\/buena-acogida-de-la-segunda-gala-drag-en-la-esglesia-vella-de-mont-roig-del-camp\\\/\"]}]},{\"@type\":\"ImageObject\",\"inLanguage\":\"es\",\"@id\":\"https:\\\/\\\/mont-roig.cat\\\/es\\\/actualitat\\\/noticies\\\/buena-acogida-de-la-segunda-gala-drag-en-la-esglesia-vella-de-mont-roig-del-camp\\\/#primaryimage\",\"url\":\"https:\\\/\\\/mont-roig.cat\\\/wp-content\\\/uploads\\\/WhatsApp-Image-2025-05-10-at-11.16.32.jpeg\",\"contentUrl\":\"https:\\\/\\\/mont-roig.cat\\\/wp-content\\\/uploads\\\/WhatsApp-Image-2025-05-10-at-11.16.32.jpeg\",\"width\":2048,\"height\":1536},{\"@type\":\"BreadcrumbList\",\"@id\":\"https:\\\/\\\/mont-roig.cat\\\/es\\\/actualitat\\\/noticies\\\/buena-acogida-de-la-segunda-gala-drag-en-la-esglesia-vella-de-mont-roig-del-camp\\\/#breadcrumb\",\"itemListElement\":[{\"@type\":\"ListItem\",\"position\":1,\"name\":\"Inici\",\"item\":\"https:\\\/\\\/mont-roig.cat\\\/es\\\/pagina-de-inicio\\\/\"},{\"@type\":\"ListItem\",\"position\":2,\"name\":\"Buena acogida de la segunda Gala Drag en la Esgl\u00e9sia Vella de Mont-roig del Camp\"}]},{\"@type\":\"WebSite\",\"@id\":\"https:\\\/\\\/mont-roig.cat\\\/es\\\/#website\",\"url\":\"https:\\\/\\\/mont-roig.cat\\\/es\\\/\",\"name\":\"Ajuntament de Mont-roig del Camp\",\"description\":\"Tota la informaci\u00f3 sobre la instituci\u00f3, els seus \u00f2rgans de govern, actualitat, serveis i molt m\u00e9s.\",\"potentialAction\":[{\"@type\":\"SearchAction\",\"target\":{\"@type\":\"EntryPoint\",\"urlTemplate\":\"https:\\\/\\\/mont-roig.cat\\\/es\\\/?s={search_term_string}\"},\"query-input\":{\"@type\":\"PropertyValueSpecification\",\"valueRequired\":true,\"valueName\":\"search_term_string\"}}],\"inLanguage\":\"es\"},{\"@type\":\"Person\",\"@id\":\"https:\\\/\\\/mont-roig.cat\\\/es\\\/#\\\/schema\\\/person\\\/1f73e7b5e6f9dd122e8a6f14f310ac5e\",\"name\":\"comunicacio\",\"image\":{\"@type\":\"ImageObject\",\"inLanguage\":\"es\",\"@id\":\"https:\\\/\\\/secure.gravatar.com\\\/avatar\\\/98944333e7a877670a64f8d10f0cb680ab2c9ebc4efc43945ef004b52b5ad28c?s=96&d=mm&r=g\",\"url\":\"https:\\\/\\\/secure.gravatar.com\\\/avatar\\\/98944333e7a877670a64f8d10f0cb680ab2c9ebc4efc43945ef004b52b5ad28c?s=96&d=mm&r=g\",\"contentUrl\":\"https:\\\/\\\/secure.gravatar.com\\\/avatar\\\/98944333e7a877670a64f8d10f0cb680ab2c9ebc4efc43945ef004b52b5ad28c?s=96&d=mm&r=g\",\"caption\":\"comunicacio\"},\"url\":\"https:\\\/\\\/mont-roig.cat\\\/es\\\/actualitat\\\/noticies\\\/author\\\/comunicacio\\\/\"}]}<\/script>\n<!-- \/ Yoast SEO plugin. -->","yoast_head_json":{"title":"Buena acogida de la segunda Gala Drag en la Esgl\u00e9sia Vella de Mont-roig del Camp - Ajuntament de Mont-roig del Camp","robots":{"index":"index","follow":"follow","max-snippet":"max-snippet:-1","max-image-preview":"max-image-preview:large","max-video-preview":"max-video-preview:-1"},"canonical":"https:\/\/mont-roig.cat\/es\/actualitat\/noticies\/buena-acogida-de-la-segunda-gala-drag-en-la-esglesia-vella-de-mont-roig-del-camp\/","og_locale":"es_ES","og_type":"article","og_title":"Buena acogida de la segunda Gala Drag en la Esgl\u00e9sia Vella de Mont-roig del Camp - Ajuntament de Mont-roig del Camp","og_description":"La velada dedicada al arte drag cont\u00f3 con actuaciones y m\u00fasica en directo en un ambiente de reivindicaci\u00f3n y expresi\u00f3n libre Este viernes, la Esgl\u00e9sia Vella de Mont-roig del Camp acogi\u00f3 la segunda edici\u00f3n de la Gala Drag, que reuni\u00f3 a un numeroso p\u00fablico para disfrutar de una noche dedicada a la expresi\u00f3n art\u00edstica y [&hellip;]","og_url":"https:\/\/mont-roig.cat\/es\/actualitat\/noticies\/buena-acogida-de-la-segunda-gala-drag-en-la-esglesia-vella-de-mont-roig-del-camp\/","og_site_name":"Ajuntament de Mont-roig del Camp","article_published_time":"2025-05-14T12:05:41+00:00","article_modified_time":"2025-05-14T12:12:04+00:00","og_image":[{"width":2048,"height":1536,"url":"https:\/\/mont-roig.cat\/wp-content\/uploads\/WhatsApp-Image-2025-05-10-at-11.16.32.jpeg","type":"image\/jpeg"}],"author":"comunicacio","twitter_card":"summary_large_image","twitter_misc":{"Escrito por":"comunicacio","Tiempo de lectura":"2 minutos"},"schema":{"@context":"https:\/\/schema.org","@graph":[{"@type":"Article","@id":"https:\/\/mont-roig.cat\/es\/actualitat\/noticies\/buena-acogida-de-la-segunda-gala-drag-en-la-esglesia-vella-de-mont-roig-del-camp\/#article","isPartOf":{"@id":"https:\/\/mont-roig.cat\/es\/actualitat\/noticies\/buena-acogida-de-la-segunda-gala-drag-en-la-esglesia-vella-de-mont-roig-del-camp\/"},"author":{"name":"comunicacio","@id":"https:\/\/mont-roig.cat\/es\/#\/schema\/person\/1f73e7b5e6f9dd122e8a6f14f310ac5e"},"headline":"Buena acogida de la segunda Gala Drag en la Esgl\u00e9sia Vella de Mont-roig del Camp","datePublished":"2025-05-14T12:05:41+00:00","dateModified":"2025-05-14T12:12:04+00:00","mainEntityOfPage":{"@id":"https:\/\/mont-roig.cat\/es\/actualitat\/noticies\/buena-acogida-de-la-segunda-gala-drag-en-la-esglesia-vella-de-mont-roig-del-camp\/"},"wordCount":324,"image":{"@id":"https:\/\/mont-roig.cat\/es\/actualitat\/noticies\/buena-acogida-de-la-segunda-gala-drag-en-la-esglesia-vella-de-mont-roig-del-camp\/#primaryimage"},"thumbnailUrl":"https:\/\/mont-roig.cat\/wp-content\/uploads\/WhatsApp-Image-2025-05-10-at-11.16.32.jpeg","articleSection":["Ayuntamiento","Juventud","Pol\u00edtiques d&#8217;Igualtat i de les Dones"],"inLanguage":"es"},{"@type":"WebPage","@id":"https:\/\/mont-roig.cat\/es\/actualitat\/noticies\/buena-acogida-de-la-segunda-gala-drag-en-la-esglesia-vella-de-mont-roig-del-camp\/","url":"https:\/\/mont-roig.cat\/es\/actualitat\/noticies\/buena-acogida-de-la-segunda-gala-drag-en-la-esglesia-vella-de-mont-roig-del-camp\/","name":"Buena acogida de la segunda Gala Drag en la Esgl\u00e9sia Vella de Mont-roig del Camp - Ajuntament de Mont-roig del Camp","isPartOf":{"@id":"https:\/\/mont-roig.cat\/es\/#website"},"primaryImageOfPage":{"@id":"https:\/\/mont-roig.cat\/es\/actualitat\/noticies\/buena-acogida-de-la-segunda-gala-drag-en-la-esglesia-vella-de-mont-roig-del-camp\/#primaryimage"},"image":{"@id":"https:\/\/mont-roig.cat\/es\/actualitat\/noticies\/buena-acogida-de-la-segunda-gala-drag-en-la-esglesia-vella-de-mont-roig-del-camp\/#primaryimage"},"thumbnailUrl":"https:\/\/mont-roig.cat\/wp-content\/uploads\/WhatsApp-Image-2025-05-10-at-11.16.32.jpeg","datePublished":"2025-05-14T12:05:41+00:00","dateModified":"2025-05-14T12:12:04+00:00","author":{"@id":"https:\/\/mont-roig.cat\/es\/#\/schema\/person\/1f73e7b5e6f9dd122e8a6f14f310ac5e"},"breadcrumb":{"@id":"https:\/\/mont-roig.cat\/es\/actualitat\/noticies\/buena-acogida-de-la-segunda-gala-drag-en-la-esglesia-vella-de-mont-roig-del-camp\/#breadcrumb"},"inLanguage":"es","potentialAction":[{"@type":"ReadAction","target":["https:\/\/mont-roig.cat\/es\/actualitat\/noticies\/buena-acogida-de-la-segunda-gala-drag-en-la-esglesia-vella-de-mont-roig-del-camp\/"]}]},{"@type":"ImageObject","inLanguage":"es","@id":"https:\/\/mont-roig.cat\/es\/actualitat\/noticies\/buena-acogida-de-la-segunda-gala-drag-en-la-esglesia-vella-de-mont-roig-del-camp\/#primaryimage","url":"https:\/\/mont-roig.cat\/wp-content\/uploads\/WhatsApp-Image-2025-05-10-at-11.16.32.jpeg","contentUrl":"https:\/\/mont-roig.cat\/wp-content\/uploads\/WhatsApp-Image-2025-05-10-at-11.16.32.jpeg","width":2048,"height":1536},{"@type":"BreadcrumbList","@id":"https:\/\/mont-roig.cat\/es\/actualitat\/noticies\/buena-acogida-de-la-segunda-gala-drag-en-la-esglesia-vella-de-mont-roig-del-camp\/#breadcrumb","itemListElement":[{"@type":"ListItem","position":1,"name":"Inici","item":"https:\/\/mont-roig.cat\/es\/pagina-de-inicio\/"},{"@type":"ListItem","position":2,"name":"Buena acogida de la segunda Gala Drag en la Esgl\u00e9sia Vella de Mont-roig del Camp"}]},{"@type":"WebSite","@id":"https:\/\/mont-roig.cat\/es\/#website","url":"https:\/\/mont-roig.cat\/es\/","name":"Ajuntament de Mont-roig del Camp","description":"Tota la informaci\u00f3 sobre la instituci\u00f3, els seus \u00f2rgans de govern, actualitat, serveis i molt m\u00e9s.","potentialAction":[{"@type":"SearchAction","target":{"@type":"EntryPoint","urlTemplate":"https:\/\/mont-roig.cat\/es\/?s={search_term_string}"},"query-input":{"@type":"PropertyValueSpecification","valueRequired":true,"valueName":"search_term_string"}}],"inLanguage":"es"},{"@type":"Person","@id":"https:\/\/mont-roig.cat\/es\/#\/schema\/person\/1f73e7b5e6f9dd122e8a6f14f310ac5e","name":"comunicacio","image":{"@type":"ImageObject","inLanguage":"es","@id":"https:\/\/secure.gravatar.com\/avatar\/98944333e7a877670a64f8d10f0cb680ab2c9ebc4efc43945ef004b52b5ad28c?s=96&d=mm&r=g","url":"https:\/\/secure.gravatar.com\/avatar\/98944333e7a877670a64f8d10f0cb680ab2c9ebc4efc43945ef004b52b5ad28c?s=96&d=mm&r=g","contentUrl":"https:\/\/secure.gravatar.com\/avatar\/98944333e7a877670a64f8d10f0cb680ab2c9ebc4efc43945ef004b52b5ad28c?s=96&d=mm&r=g","caption":"comunicacio"},"url":"https:\/\/mont-roig.cat\/es\/actualitat\/noticies\/author\/comunicacio\/"}]}},"_links":{"self":[{"href":"https:\/\/mont-roig.cat\/es\/wp-json\/wp\/v2\/posts\/82974","targetHints":{"allow":["GET"]}}],"collection":[{"href":"https:\/\/mont-roig.cat\/es\/wp-json\/wp\/v2\/posts"}],"about":[{"href":"https:\/\/mont-roig.cat\/es\/wp-json\/wp\/v2\/types\/post"}],"author":[{"embeddable":true,"href":"https:\/\/mont-roig.cat\/es\/wp-json\/wp\/v2\/users\/13"}],"replies":[{"embeddable":true,"href":"https:\/\/mont-roig.cat\/es\/wp-json\/wp\/v2\/comments?post=82974"}],"version-history":[{"count":3,"href":"https:\/\/mont-roig.cat\/es\/wp-json\/wp\/v2\/posts\/82974\/revisions"}],"predecessor-version":[{"id":82977,"href":"https:\/\/mont-roig.cat\/es\/wp-json\/wp\/v2\/posts\/82974\/revisions\/82977"}],"wp:featuredmedia":[{"embeddable":true,"href":"https:\/\/mont-roig.cat\/es\/wp-json\/wp\/v2\/media\/82969"}],"wp:attachment":[{"href":"https:\/\/mont-roig.cat\/es\/wp-json\/wp\/v2\/media?parent=82974"}],"wp:term":[{"taxonomy":"category","embeddable":true,"href":"https:\/\/mont-roig.cat\/es\/wp-json\/wp\/v2\/categories?post=82974"},{"taxonomy":"post_tag","embeddable":true,"href":"https:\/\/mont-roig.cat\/es\/wp-json\/wp\/v2\/tags?post=82974"}],"curies":[{"name":"wp","href":"https:\/\/api.w.org\/{rel}","templated":true}]}}