{"id":83147,"date":"2025-05-19T12:37:18","date_gmt":"2025-05-19T10:37:18","guid":{"rendered":"https:\/\/mont-roig.cat\/actualitat\/noticies\/emma-hernandez-insausti-i-miquel-margalef-grifoll-proclamats-pubilla-i-hereu-2025-de-mont-roig-del-camp\/"},"modified":"2025-05-21T11:02:10","modified_gmt":"2025-05-21T09:02:10","slug":"emma-hernandez-insausti-i-miquel-margalef-grifoll-proclamats-pubilla-i-hereu-2025-de-mont-roig-del-camp","status":"publish","type":"post","link":"https:\/\/mont-roig.cat\/es\/actualitat\/noticies\/emma-hernandez-insausti-i-miquel-margalef-grifoll-proclamats-pubilla-i-hereu-2025-de-mont-roig-del-camp\/","title":{"rendered":"Emma Hern\u00e1ndez Insausti y Miquel Margalef Grifoll, proclamados Pubilla y Hereu 2025 de Mont-roig del Camp"},"content":{"rendered":"<div id=\"attachment_83141\" style=\"width: 268px\" class=\"wp-caption alignright\"><a href=\"https:\/\/mont-roig.cat\/wp-content\/uploads\/Pubilles-o4.jpg\" target=\"_blank\" rel=\"noopener\"><img loading=\"lazy\" decoding=\"async\" aria-describedby=\"caption-attachment-83141\" class=\"wp-image-83141\" src=\"https:\/\/mont-roig.cat\/wp-content\/uploads\/Pubilles-o4-400x500.jpg\" alt=\"\" width=\"258\" height=\"323\" srcset=\"https:\/\/mont-roig.cat\/wp-content\/uploads\/Pubilles-o4-400x500.jpg 400w, https:\/\/mont-roig.cat\/wp-content\/uploads\/Pubilles-o4-819x1024.jpg 819w, https:\/\/mont-roig.cat\/wp-content\/uploads\/Pubilles-o4-768x960.jpg 768w, https:\/\/mont-roig.cat\/wp-content\/uploads\/Pubilles-o4.jpg 1200w\" sizes=\"auto, (max-width: 258px) 100vw, 258px\" \/><\/a><p id=\"caption-attachment-83141\" class=\"wp-caption-text\">Emma Hern\u00e1ndez Insausti i Miquel Margalef Grifoll, Pubilla i Hereu 2025.<\/p><\/div>\n<ul>\n<li data-start=\"210\" data-end=\"465\"><strong data-start=\"210\" data-end=\"465\">La pareja fue elegida en representaci\u00f3n del Grup de Col\u00f2nies i Esplai Els Brivalls, mientras que Georgina Oliv\u00e9 Garcia y Jofre Fortuny Ferr\u00e9, del AFA Mare de D\u00e9u de la Roca, han sido escogidos como Pubilla y Hereu infantiles<\/strong><\/li>\n<\/ul>\n<p class=\"\" data-start=\"467\" data-end=\"902\">Mont-roig del Camp ya tiene nueva Pubilla y nuevo Hereu para 2025. Este s\u00e1bado por la noche, el Pavell\u00f3 Municipal acogi\u00f3 uno de los actos m\u00e1s emblem\u00e1ticos de la cultura popular del municipio: la proclamaci\u00f3n de la Pubilla y el Hereu. Emma Hern\u00e1ndez Insausti y Miquel Margalef Grifoll, en representaci\u00f3n del Grup de Col\u00f2nies i Esplai Els Brivalls, fueron proclamados como m\u00e1ximos representantes del pubillatge mont-rogenc para este a\u00f1o.<\/p>\n<p class=\"\" data-start=\"904\" data-end=\"1068\">En el \u00e1mbito infantil, Georgina Oliv\u00e9 Garcia y Jofre Fortuny Ferr\u00e9, en representaci\u00f3n del AFA Mare de D\u00e9u de la Roca, fueron proclamados Pubilla y Hereu infantiles.<\/p>\n<p class=\"\" data-start=\"1070\" data-end=\"1470\">El acto, muy concurrido, cont\u00f3 con la presencia del alcalde, Fran Morancho; la concejala de Cultura, Elvira Montagud, y los representantes del pubillatge saliente, que realizaron el traspaso de las bandas. La noche continu\u00f3 con una fiesta en el mismo pabell\u00f3n, amenizada por la m\u00fasica en directo del grupo de versiones <em data-start=\"1389\" data-end=\"1405\">Silver Monkeys<\/em> y una sesi\u00f3n de DJ que alarg\u00f3 la celebraci\u00f3n hasta la madrugada.<\/p>\n<p class=\"\" data-start=\"1472\" data-end=\"1873\">Al d\u00eda siguiente, Mont-roig vivi\u00f3 una jornada festiva y llena de tradici\u00f3n. A las 12 del mediod\u00eda se inici\u00f3 el encuentro del pubillaje y de las entidades en la Casa de Cultura Agust\u00ed Sard\u00e0. Desde all\u00ed, el pasacalle encabezado por la comitiva del pubillaje, la Colla Gegantera del barri dels 6 Carrers y los Grallers de Mont-roig llen\u00f3 las calles de m\u00fasica y color hasta llegar al Parc Maria Martori.<\/p>\n<h3 class=\"\" data-start=\"1875\" data-end=\"1902\">Recepci\u00f3n institucional<\/h3>\n<p class=\"\" data-start=\"1904\" data-end=\"2206\">A las 12:30 h, el parque fue escenario de la recepci\u00f3n institucional, presidida por el alcalde y otros representantes municipales. La fiesta continu\u00f3 con una exhibici\u00f3n de sardanas a cargo de la Rotllana Mont-rogenca y un baile de gigantes. Un aperitivo popular puso el toque gastron\u00f3mico al encuentro.<\/p>\n<p class=\"\" data-start=\"2208\" data-end=\"2406\">La jornada se cerr\u00f3 por la tarde con el bingo solidario organizado por la Uni\u00f3 de Dones en el Pavell\u00f3 Municipal, un acto que combin\u00f3 solidaridad y diversi\u00f3n, y que puso punto final al fin de semana.<\/p>\n<p class=\"\" data-start=\"2408\" data-end=\"2669\">Este domingo 25 de mayo, Mont-roig volver\u00e1 a ser protagonista con la celebraci\u00f3n de la Trobada Intercomarcal del Pubillatge del Camp de Tarragona, que reunir\u00e1 representantes de todo el territorio y convertir\u00e1 el municipio en el epicentro del pubillatge catal\u00e1n.<\/p>\n<p data-start=\"2408\" data-end=\"2669\">En este enlace <a href=\"https:\/\/www.flickr.com\/photos\/ajmont-roig\/albums\/72177720326260720\/with\/54534939229\" target=\"_blank\" rel=\"noopener\">al Flickr del Ayuntamiento de Mont-roig del Camp<\/a> pod\u00e9is encontrar una selecci\u00f3n de las fotos de las dos jornadas.<\/p>\n<p>&nbsp;<\/p>\n<p>&nbsp;<\/p>\n","protected":false},"excerpt":{"rendered":"<p>La pareja fue elegida en representaci\u00f3n del Grup de Col\u00f2nies i Esplai Els Brivalls, mientras que Georgina Oliv\u00e9 Garcia y Jofre Fortuny Ferr\u00e9, del AFA Mare de D\u00e9u de la Roca, han sido escogidos como Pubilla y Hereu infantiles Mont-roig del Camp ya tiene nueva Pubilla y nuevo Hereu para 2025. Este s\u00e1bado por la [&hellip;]<\/p>\n","protected":false},"author":13,"featured_media":83142,"comment_status":"closed","ping_status":"closed","sticky":false,"template":"","format":"standard","meta":{"inline_featured_image":false,"_monsterinsights_skip_tracking":false,"_monsterinsights_sitenote_active":false,"_monsterinsights_sitenote_note":"","_monsterinsights_sitenote_category":0,"footnotes":""},"categories":[98,101],"tags":[],"class_list":["post-83147","post","type-post","status-publish","format-standard","has-post-thumbnail","hentry","category-ayuntamiento","category-cultura-es"],"yoast_head":"<!-- This site is optimized with the Yoast SEO plugin v27.4 - https:\/\/yoast.com\/product\/yoast-seo-wordpress\/ -->\n<title>Emma Hern\u00e1ndez Insausti y Miquel Margalef Grifoll, proclamados Pubilla y Hereu 2025 de Mont-roig del Camp - Ajuntament de Mont-roig del Camp<\/title>\n<meta name=\"robots\" content=\"index, follow, max-snippet:-1, max-image-preview:large, max-video-preview:-1\" \/>\n<link rel=\"canonical\" href=\"https:\/\/mont-roig.cat\/es\/actualitat\/noticies\/emma-hernandez-insausti-i-miquel-margalef-grifoll-proclamats-pubilla-i-hereu-2025-de-mont-roig-del-camp\/\" \/>\n<meta property=\"og:locale\" content=\"es_ES\" \/>\n<meta property=\"og:type\" content=\"article\" \/>\n<meta property=\"og:title\" content=\"Emma Hern\u00e1ndez Insausti y Miquel Margalef Grifoll, proclamados Pubilla y Hereu 2025 de Mont-roig del Camp - Ajuntament de Mont-roig del Camp\" \/>\n<meta property=\"og:description\" content=\"La pareja fue elegida en representaci\u00f3n del Grup de Col\u00f2nies i Esplai Els Brivalls, mientras que Georgina Oliv\u00e9 Garcia y Jofre Fortuny Ferr\u00e9, del AFA Mare de D\u00e9u de la Roca, han sido escogidos como Pubilla y Hereu infantiles Mont-roig del Camp ya tiene nueva Pubilla y nuevo Hereu para 2025. Este s\u00e1bado por la [&hellip;]\" \/>\n<meta property=\"og:url\" content=\"https:\/\/mont-roig.cat\/es\/actualitat\/noticies\/emma-hernandez-insausti-i-miquel-margalef-grifoll-proclamats-pubilla-i-hereu-2025-de-mont-roig-del-camp\/\" \/>\n<meta property=\"og:site_name\" content=\"Ajuntament de Mont-roig del Camp\" \/>\n<meta property=\"article:published_time\" content=\"2025-05-19T10:37:18+00:00\" \/>\n<meta property=\"article:modified_time\" content=\"2025-05-21T09:02:10+00:00\" \/>\n<meta property=\"og:image\" content=\"https:\/\/mont-roig.cat\/wp-content\/uploads\/Pubilles-o4.jpg\" \/>\n\t<meta property=\"og:image:width\" content=\"1200\" \/>\n\t<meta property=\"og:image:height\" content=\"1500\" \/>\n\t<meta property=\"og:image:type\" content=\"image\/jpeg\" \/>\n<meta name=\"author\" content=\"comunicacio\" \/>\n<meta name=\"twitter:card\" content=\"summary_large_image\" \/>\n<meta name=\"twitter:label1\" content=\"Escrito por\" \/>\n\t<meta name=\"twitter:data1\" content=\"comunicacio\" \/>\n\t<meta name=\"twitter:label2\" content=\"Tiempo de lectura\" \/>\n\t<meta name=\"twitter:data2\" content=\"3 minutos\" \/>\n<script type=\"application\/ld+json\" class=\"yoast-schema-graph\">{\"@context\":\"https:\\\/\\\/schema.org\",\"@graph\":[{\"@type\":\"Article\",\"@id\":\"https:\\\/\\\/mont-roig.cat\\\/es\\\/actualitat\\\/noticies\\\/emma-hernandez-insausti-i-miquel-margalef-grifoll-proclamats-pubilla-i-hereu-2025-de-mont-roig-del-camp\\\/#article\",\"isPartOf\":{\"@id\":\"https:\\\/\\\/mont-roig.cat\\\/es\\\/actualitat\\\/noticies\\\/emma-hernandez-insausti-i-miquel-margalef-grifoll-proclamats-pubilla-i-hereu-2025-de-mont-roig-del-camp\\\/\"},\"author\":{\"name\":\"comunicacio\",\"@id\":\"https:\\\/\\\/mont-roig.cat\\\/es\\\/#\\\/schema\\\/person\\\/1f73e7b5e6f9dd122e8a6f14f310ac5e\"},\"headline\":\"Emma Hern\u00e1ndez Insausti y Miquel Margalef Grifoll, proclamados Pubilla y Hereu 2025 de Mont-roig del Camp\",\"datePublished\":\"2025-05-19T10:37:18+00:00\",\"dateModified\":\"2025-05-21T09:02:10+00:00\",\"mainEntityOfPage\":{\"@id\":\"https:\\\/\\\/mont-roig.cat\\\/es\\\/actualitat\\\/noticies\\\/emma-hernandez-insausti-i-miquel-margalef-grifoll-proclamats-pubilla-i-hereu-2025-de-mont-roig-del-camp\\\/\"},\"wordCount\":481,\"image\":{\"@id\":\"https:\\\/\\\/mont-roig.cat\\\/es\\\/actualitat\\\/noticies\\\/emma-hernandez-insausti-i-miquel-margalef-grifoll-proclamats-pubilla-i-hereu-2025-de-mont-roig-del-camp\\\/#primaryimage\"},\"thumbnailUrl\":\"https:\\\/\\\/mont-roig.cat\\\/wp-content\\\/uploads\\\/Pubilles-o4.jpg\",\"articleSection\":[\"Ayuntamiento\",\"Cultura\"],\"inLanguage\":\"es\"},{\"@type\":\"WebPage\",\"@id\":\"https:\\\/\\\/mont-roig.cat\\\/es\\\/actualitat\\\/noticies\\\/emma-hernandez-insausti-i-miquel-margalef-grifoll-proclamats-pubilla-i-hereu-2025-de-mont-roig-del-camp\\\/\",\"url\":\"https:\\\/\\\/mont-roig.cat\\\/es\\\/actualitat\\\/noticies\\\/emma-hernandez-insausti-i-miquel-margalef-grifoll-proclamats-pubilla-i-hereu-2025-de-mont-roig-del-camp\\\/\",\"name\":\"Emma Hern\u00e1ndez Insausti y Miquel Margalef Grifoll, proclamados Pubilla y Hereu 2025 de Mont-roig del Camp - Ajuntament de Mont-roig del Camp\",\"isPartOf\":{\"@id\":\"https:\\\/\\\/mont-roig.cat\\\/es\\\/#website\"},\"primaryImageOfPage\":{\"@id\":\"https:\\\/\\\/mont-roig.cat\\\/es\\\/actualitat\\\/noticies\\\/emma-hernandez-insausti-i-miquel-margalef-grifoll-proclamats-pubilla-i-hereu-2025-de-mont-roig-del-camp\\\/#primaryimage\"},\"image\":{\"@id\":\"https:\\\/\\\/mont-roig.cat\\\/es\\\/actualitat\\\/noticies\\\/emma-hernandez-insausti-i-miquel-margalef-grifoll-proclamats-pubilla-i-hereu-2025-de-mont-roig-del-camp\\\/#primaryimage\"},\"thumbnailUrl\":\"https:\\\/\\\/mont-roig.cat\\\/wp-content\\\/uploads\\\/Pubilles-o4.jpg\",\"datePublished\":\"2025-05-19T10:37:18+00:00\",\"dateModified\":\"2025-05-21T09:02:10+00:00\",\"author\":{\"@id\":\"https:\\\/\\\/mont-roig.cat\\\/es\\\/#\\\/schema\\\/person\\\/1f73e7b5e6f9dd122e8a6f14f310ac5e\"},\"breadcrumb\":{\"@id\":\"https:\\\/\\\/mont-roig.cat\\\/es\\\/actualitat\\\/noticies\\\/emma-hernandez-insausti-i-miquel-margalef-grifoll-proclamats-pubilla-i-hereu-2025-de-mont-roig-del-camp\\\/#breadcrumb\"},\"inLanguage\":\"es\",\"potentialAction\":[{\"@type\":\"ReadAction\",\"target\":[\"https:\\\/\\\/mont-roig.cat\\\/es\\\/actualitat\\\/noticies\\\/emma-hernandez-insausti-i-miquel-margalef-grifoll-proclamats-pubilla-i-hereu-2025-de-mont-roig-del-camp\\\/\"]}]},{\"@type\":\"ImageObject\",\"inLanguage\":\"es\",\"@id\":\"https:\\\/\\\/mont-roig.cat\\\/es\\\/actualitat\\\/noticies\\\/emma-hernandez-insausti-i-miquel-margalef-grifoll-proclamats-pubilla-i-hereu-2025-de-mont-roig-del-camp\\\/#primaryimage\",\"url\":\"https:\\\/\\\/mont-roig.cat\\\/wp-content\\\/uploads\\\/Pubilles-o4.jpg\",\"contentUrl\":\"https:\\\/\\\/mont-roig.cat\\\/wp-content\\\/uploads\\\/Pubilles-o4.jpg\",\"width\":1200,\"height\":1500},{\"@type\":\"BreadcrumbList\",\"@id\":\"https:\\\/\\\/mont-roig.cat\\\/es\\\/actualitat\\\/noticies\\\/emma-hernandez-insausti-i-miquel-margalef-grifoll-proclamats-pubilla-i-hereu-2025-de-mont-roig-del-camp\\\/#breadcrumb\",\"itemListElement\":[{\"@type\":\"ListItem\",\"position\":1,\"name\":\"Inici\",\"item\":\"https:\\\/\\\/mont-roig.cat\\\/es\\\/pagina-de-inicio\\\/\"},{\"@type\":\"ListItem\",\"position\":2,\"name\":\"Emma Hern\u00e1ndez Insausti y Miquel Margalef Grifoll, proclamados Pubilla y Hereu 2025 de Mont-roig del Camp\"}]},{\"@type\":\"WebSite\",\"@id\":\"https:\\\/\\\/mont-roig.cat\\\/es\\\/#website\",\"url\":\"https:\\\/\\\/mont-roig.cat\\\/es\\\/\",\"name\":\"Ajuntament de Mont-roig del Camp\",\"description\":\"Tota la informaci\u00f3 sobre la instituci\u00f3, els seus \u00f2rgans de govern, actualitat, serveis i molt m\u00e9s.\",\"potentialAction\":[{\"@type\":\"SearchAction\",\"target\":{\"@type\":\"EntryPoint\",\"urlTemplate\":\"https:\\\/\\\/mont-roig.cat\\\/es\\\/?s={search_term_string}\"},\"query-input\":{\"@type\":\"PropertyValueSpecification\",\"valueRequired\":true,\"valueName\":\"search_term_string\"}}],\"inLanguage\":\"es\"},{\"@type\":\"Person\",\"@id\":\"https:\\\/\\\/mont-roig.cat\\\/es\\\/#\\\/schema\\\/person\\\/1f73e7b5e6f9dd122e8a6f14f310ac5e\",\"name\":\"comunicacio\",\"image\":{\"@type\":\"ImageObject\",\"inLanguage\":\"es\",\"@id\":\"https:\\\/\\\/secure.gravatar.com\\\/avatar\\\/98944333e7a877670a64f8d10f0cb680ab2c9ebc4efc43945ef004b52b5ad28c?s=96&d=mm&r=g\",\"url\":\"https:\\\/\\\/secure.gravatar.com\\\/avatar\\\/98944333e7a877670a64f8d10f0cb680ab2c9ebc4efc43945ef004b52b5ad28c?s=96&d=mm&r=g\",\"contentUrl\":\"https:\\\/\\\/secure.gravatar.com\\\/avatar\\\/98944333e7a877670a64f8d10f0cb680ab2c9ebc4efc43945ef004b52b5ad28c?s=96&d=mm&r=g\",\"caption\":\"comunicacio\"},\"url\":\"https:\\\/\\\/mont-roig.cat\\\/es\\\/actualitat\\\/noticies\\\/author\\\/comunicacio\\\/\"}]}<\/script>\n<!-- \/ Yoast SEO plugin. -->","yoast_head_json":{"title":"Emma Hern\u00e1ndez Insausti y Miquel Margalef Grifoll, proclamados Pubilla y Hereu 2025 de Mont-roig del Camp - Ajuntament de Mont-roig del Camp","robots":{"index":"index","follow":"follow","max-snippet":"max-snippet:-1","max-image-preview":"max-image-preview:large","max-video-preview":"max-video-preview:-1"},"canonical":"https:\/\/mont-roig.cat\/es\/actualitat\/noticies\/emma-hernandez-insausti-i-miquel-margalef-grifoll-proclamats-pubilla-i-hereu-2025-de-mont-roig-del-camp\/","og_locale":"es_ES","og_type":"article","og_title":"Emma Hern\u00e1ndez Insausti y Miquel Margalef Grifoll, proclamados Pubilla y Hereu 2025 de Mont-roig del Camp - Ajuntament de Mont-roig del Camp","og_description":"La pareja fue elegida en representaci\u00f3n del Grup de Col\u00f2nies i Esplai Els Brivalls, mientras que Georgina Oliv\u00e9 Garcia y Jofre Fortuny Ferr\u00e9, del AFA Mare de D\u00e9u de la Roca, han sido escogidos como Pubilla y Hereu infantiles Mont-roig del Camp ya tiene nueva Pubilla y nuevo Hereu para 2025. Este s\u00e1bado por la [&hellip;]","og_url":"https:\/\/mont-roig.cat\/es\/actualitat\/noticies\/emma-hernandez-insausti-i-miquel-margalef-grifoll-proclamats-pubilla-i-hereu-2025-de-mont-roig-del-camp\/","og_site_name":"Ajuntament de Mont-roig del Camp","article_published_time":"2025-05-19T10:37:18+00:00","article_modified_time":"2025-05-21T09:02:10+00:00","og_image":[{"width":1200,"height":1500,"url":"https:\/\/mont-roig.cat\/wp-content\/uploads\/Pubilles-o4.jpg","type":"image\/jpeg"}],"author":"comunicacio","twitter_card":"summary_large_image","twitter_misc":{"Escrito por":"comunicacio","Tiempo de lectura":"3 minutos"},"schema":{"@context":"https:\/\/schema.org","@graph":[{"@type":"Article","@id":"https:\/\/mont-roig.cat\/es\/actualitat\/noticies\/emma-hernandez-insausti-i-miquel-margalef-grifoll-proclamats-pubilla-i-hereu-2025-de-mont-roig-del-camp\/#article","isPartOf":{"@id":"https:\/\/mont-roig.cat\/es\/actualitat\/noticies\/emma-hernandez-insausti-i-miquel-margalef-grifoll-proclamats-pubilla-i-hereu-2025-de-mont-roig-del-camp\/"},"author":{"name":"comunicacio","@id":"https:\/\/mont-roig.cat\/es\/#\/schema\/person\/1f73e7b5e6f9dd122e8a6f14f310ac5e"},"headline":"Emma Hern\u00e1ndez Insausti y Miquel Margalef Grifoll, proclamados Pubilla y Hereu 2025 de Mont-roig del Camp","datePublished":"2025-05-19T10:37:18+00:00","dateModified":"2025-05-21T09:02:10+00:00","mainEntityOfPage":{"@id":"https:\/\/mont-roig.cat\/es\/actualitat\/noticies\/emma-hernandez-insausti-i-miquel-margalef-grifoll-proclamats-pubilla-i-hereu-2025-de-mont-roig-del-camp\/"},"wordCount":481,"image":{"@id":"https:\/\/mont-roig.cat\/es\/actualitat\/noticies\/emma-hernandez-insausti-i-miquel-margalef-grifoll-proclamats-pubilla-i-hereu-2025-de-mont-roig-del-camp\/#primaryimage"},"thumbnailUrl":"https:\/\/mont-roig.cat\/wp-content\/uploads\/Pubilles-o4.jpg","articleSection":["Ayuntamiento","Cultura"],"inLanguage":"es"},{"@type":"WebPage","@id":"https:\/\/mont-roig.cat\/es\/actualitat\/noticies\/emma-hernandez-insausti-i-miquel-margalef-grifoll-proclamats-pubilla-i-hereu-2025-de-mont-roig-del-camp\/","url":"https:\/\/mont-roig.cat\/es\/actualitat\/noticies\/emma-hernandez-insausti-i-miquel-margalef-grifoll-proclamats-pubilla-i-hereu-2025-de-mont-roig-del-camp\/","name":"Emma Hern\u00e1ndez Insausti y Miquel Margalef Grifoll, proclamados Pubilla y Hereu 2025 de Mont-roig del Camp - Ajuntament de Mont-roig del Camp","isPartOf":{"@id":"https:\/\/mont-roig.cat\/es\/#website"},"primaryImageOfPage":{"@id":"https:\/\/mont-roig.cat\/es\/actualitat\/noticies\/emma-hernandez-insausti-i-miquel-margalef-grifoll-proclamats-pubilla-i-hereu-2025-de-mont-roig-del-camp\/#primaryimage"},"image":{"@id":"https:\/\/mont-roig.cat\/es\/actualitat\/noticies\/emma-hernandez-insausti-i-miquel-margalef-grifoll-proclamats-pubilla-i-hereu-2025-de-mont-roig-del-camp\/#primaryimage"},"thumbnailUrl":"https:\/\/mont-roig.cat\/wp-content\/uploads\/Pubilles-o4.jpg","datePublished":"2025-05-19T10:37:18+00:00","dateModified":"2025-05-21T09:02:10+00:00","author":{"@id":"https:\/\/mont-roig.cat\/es\/#\/schema\/person\/1f73e7b5e6f9dd122e8a6f14f310ac5e"},"breadcrumb":{"@id":"https:\/\/mont-roig.cat\/es\/actualitat\/noticies\/emma-hernandez-insausti-i-miquel-margalef-grifoll-proclamats-pubilla-i-hereu-2025-de-mont-roig-del-camp\/#breadcrumb"},"inLanguage":"es","potentialAction":[{"@type":"ReadAction","target":["https:\/\/mont-roig.cat\/es\/actualitat\/noticies\/emma-hernandez-insausti-i-miquel-margalef-grifoll-proclamats-pubilla-i-hereu-2025-de-mont-roig-del-camp\/"]}]},{"@type":"ImageObject","inLanguage":"es","@id":"https:\/\/mont-roig.cat\/es\/actualitat\/noticies\/emma-hernandez-insausti-i-miquel-margalef-grifoll-proclamats-pubilla-i-hereu-2025-de-mont-roig-del-camp\/#primaryimage","url":"https:\/\/mont-roig.cat\/wp-content\/uploads\/Pubilles-o4.jpg","contentUrl":"https:\/\/mont-roig.cat\/wp-content\/uploads\/Pubilles-o4.jpg","width":1200,"height":1500},{"@type":"BreadcrumbList","@id":"https:\/\/mont-roig.cat\/es\/actualitat\/noticies\/emma-hernandez-insausti-i-miquel-margalef-grifoll-proclamats-pubilla-i-hereu-2025-de-mont-roig-del-camp\/#breadcrumb","itemListElement":[{"@type":"ListItem","position":1,"name":"Inici","item":"https:\/\/mont-roig.cat\/es\/pagina-de-inicio\/"},{"@type":"ListItem","position":2,"name":"Emma Hern\u00e1ndez Insausti y Miquel Margalef Grifoll, proclamados Pubilla y Hereu 2025 de Mont-roig del Camp"}]},{"@type":"WebSite","@id":"https:\/\/mont-roig.cat\/es\/#website","url":"https:\/\/mont-roig.cat\/es\/","name":"Ajuntament de Mont-roig del Camp","description":"Tota la informaci\u00f3 sobre la instituci\u00f3, els seus \u00f2rgans de govern, actualitat, serveis i molt m\u00e9s.","potentialAction":[{"@type":"SearchAction","target":{"@type":"EntryPoint","urlTemplate":"https:\/\/mont-roig.cat\/es\/?s={search_term_string}"},"query-input":{"@type":"PropertyValueSpecification","valueRequired":true,"valueName":"search_term_string"}}],"inLanguage":"es"},{"@type":"Person","@id":"https:\/\/mont-roig.cat\/es\/#\/schema\/person\/1f73e7b5e6f9dd122e8a6f14f310ac5e","name":"comunicacio","image":{"@type":"ImageObject","inLanguage":"es","@id":"https:\/\/secure.gravatar.com\/avatar\/98944333e7a877670a64f8d10f0cb680ab2c9ebc4efc43945ef004b52b5ad28c?s=96&d=mm&r=g","url":"https:\/\/secure.gravatar.com\/avatar\/98944333e7a877670a64f8d10f0cb680ab2c9ebc4efc43945ef004b52b5ad28c?s=96&d=mm&r=g","contentUrl":"https:\/\/secure.gravatar.com\/avatar\/98944333e7a877670a64f8d10f0cb680ab2c9ebc4efc43945ef004b52b5ad28c?s=96&d=mm&r=g","caption":"comunicacio"},"url":"https:\/\/mont-roig.cat\/es\/actualitat\/noticies\/author\/comunicacio\/"}]}},"_links":{"self":[{"href":"https:\/\/mont-roig.cat\/es\/wp-json\/wp\/v2\/posts\/83147","targetHints":{"allow":["GET"]}}],"collection":[{"href":"https:\/\/mont-roig.cat\/es\/wp-json\/wp\/v2\/posts"}],"about":[{"href":"https:\/\/mont-roig.cat\/es\/wp-json\/wp\/v2\/types\/post"}],"author":[{"embeddable":true,"href":"https:\/\/mont-roig.cat\/es\/wp-json\/wp\/v2\/users\/13"}],"replies":[{"embeddable":true,"href":"https:\/\/mont-roig.cat\/es\/wp-json\/wp\/v2\/comments?post=83147"}],"version-history":[{"count":3,"href":"https:\/\/mont-roig.cat\/es\/wp-json\/wp\/v2\/posts\/83147\/revisions"}],"predecessor-version":[{"id":83236,"href":"https:\/\/mont-roig.cat\/es\/wp-json\/wp\/v2\/posts\/83147\/revisions\/83236"}],"wp:featuredmedia":[{"embeddable":true,"href":"https:\/\/mont-roig.cat\/es\/wp-json\/wp\/v2\/media\/83142"}],"wp:attachment":[{"href":"https:\/\/mont-roig.cat\/es\/wp-json\/wp\/v2\/media?parent=83147"}],"wp:term":[{"taxonomy":"category","embeddable":true,"href":"https:\/\/mont-roig.cat\/es\/wp-json\/wp\/v2\/categories?post=83147"},{"taxonomy":"post_tag","embeddable":true,"href":"https:\/\/mont-roig.cat\/es\/wp-json\/wp\/v2\/tags?post=83147"}],"curies":[{"name":"wp","href":"https:\/\/api.w.org\/{rel}","templated":true}]}}