{"id":83385,"date":"2025-05-26T13:12:16","date_gmt":"2025-05-26T11:12:16","guid":{"rendered":"https:\/\/mont-roig.cat\/?p=83385"},"modified":"2025-05-26T13:20:03","modified_gmt":"2025-05-26T11:20:03","slug":"mont-roig-del-camp-se-convierte-en-capital-del-pubillaje-del-camp-de-tarragona","status":"publish","type":"post","link":"https:\/\/mont-roig.cat\/es\/actualitat\/noticies\/mont-roig-del-camp-se-convierte-en-capital-del-pubillaje-del-camp-de-tarragona\/","title":{"rendered":"Mont-roig del Camp se convierte en capital del pubillaje del Camp de Tarragona"},"content":{"rendered":"<ul>\n<li><strong data-wp-editing=\"1\"><a href=\"https:\/\/mont-roig.cat\/wp-content\/uploads\/Pubillatge-intercomarcal-2025.jpeg\"><img loading=\"lazy\" decoding=\"async\" class=\"alignright wp-image-83382\" src=\"https:\/\/mont-roig.cat\/wp-content\/uploads\/Pubillatge-intercomarcal-2025-500x333.jpeg\" alt=\"\" width=\"300\" height=\"200\" srcset=\"https:\/\/mont-roig.cat\/wp-content\/uploads\/Pubillatge-intercomarcal-2025-500x333.jpeg 500w, https:\/\/mont-roig.cat\/wp-content\/uploads\/Pubillatge-intercomarcal-2025-1024x682.jpeg 1024w, https:\/\/mont-roig.cat\/wp-content\/uploads\/Pubillatge-intercomarcal-2025-768x512.jpeg 768w, https:\/\/mont-roig.cat\/wp-content\/uploads\/Pubillatge-intercomarcal-2025-1536x1023.jpeg 1536w, https:\/\/mont-roig.cat\/wp-content\/uploads\/Pubillatge-intercomarcal-2025.jpeg 1600w\" sizes=\"auto, (max-width: 300px) 100vw, 300px\" \/><\/a>El municipio acoge la Proclamaci\u00f3 Intercomarcal del Pubillatge con participantes de todo el territorio y representantes locales entre las comitivas<br \/>\n<\/strong><\/li>\n<\/ul>\n<p>Este domingo, Mont-roig del Camp ha sido el escenario de la Proclamaci\u00f3 Intercomarcal del Pubillatge del Camp de Tarragona de este 2025, un evento que ha reunido comitivas de varios municipios y ha llenado las calles de tradici\u00f3n, m\u00fasica y cultura popular.<\/p>\n<p>La jornada comenz\u00f3 con un examen entre los candidatos y candidatas al t\u00edtulo y una visita guiada por el resto del pubillaje asistentes a cargo del Centre d&#8217;Estudis Mont-rogencs. Seguidamente, tuvo lugar un pasacalle desde la Casa de Cultura Agust\u00ed Sard\u00e0, con el acompa\u00f1amiento de la Colla Gegantera del barri dels 6 Carrers y Grallers de Mont-roig, creando un ambiente festivo que ha recorrido el n\u00facleo urbano del municipio.<\/p>\n<p>Los representantes del Pubillatge Intercomarcal del Camp de Tarragona proclamados durante el acto han sido:<\/p>\n<ul>\n<li>Pubilla: Ariadna Duran Peralba (Cambrils)<\/li>\n<li>Hereu: Eros Biasizzo Serra (Calafell)<\/li>\n<li>Dama: Lidia Massagu\u00e9s Ros (Tarragona)<\/li>\n<li>Fadr\u00ed: Salvador Cantalejo Sarr\u00e0 (Cambrils)<\/li>\n<li>Dama: Montserrat Cirera Ru\u00e9 (Els Pallaresos)<\/li>\n<li>Fadr\u00ed: Javier Fortuny Hellin (Tarragona)<\/li>\n<\/ul>\n<p>El acto institucional ha sido presidido por el alcalde Fran Morancho, la concejala de Cultura, Elvira Montagut, otros concejales y concejalas del consistorio y representantes del Foment del Pubillatge catal\u00e1n. El encuentro tambi\u00e9n ha contado con la participaci\u00f3n de candidatos locales en el pubillatge, que fueron proclamados el fin de semana anterior. Tambi\u00e9n con parlamentos emotivos, especialmente de la Pubilla Intercomarcal del Camp de Tarragona 2024, la mont-rogenca Maria del Mar Borr\u00e0s Pujol, que se despide del cargo.<\/p>\n<p>La jornada concluy\u00f3 con el canto de Els Segadors por parte de la Coral Sant Miquel y un baile de sardanas con la\u00a0Rotllana Mont-rogenca.<\/p>\n","protected":false},"excerpt":{"rendered":"<p>El municipio acoge la Proclamaci\u00f3 Intercomarcal del Pubillatge con participantes de todo el territorio y representantes locales entre las comitivas Este domingo, Mont-roig del Camp ha sido el escenario de la Proclamaci\u00f3 Intercomarcal del Pubillatge del Camp de Tarragona de este 2025, un evento que ha reunido comitivas de varios municipios y ha llenado las [&hellip;]<\/p>\n","protected":false},"author":13,"featured_media":83383,"comment_status":"closed","ping_status":"closed","sticky":false,"template":"","format":"standard","meta":{"inline_featured_image":false,"_monsterinsights_skip_tracking":false,"_monsterinsights_sitenote_active":false,"_monsterinsights_sitenote_note":"","_monsterinsights_sitenote_category":0,"footnotes":""},"categories":[101],"tags":[],"class_list":["post-83385","post","type-post","status-publish","format-standard","has-post-thumbnail","hentry","category-cultura-es"],"yoast_head":"<!-- This site is optimized with the Yoast SEO plugin v27.4 - https:\/\/yoast.com\/product\/yoast-seo-wordpress\/ -->\n<title>Mont-roig del Camp se convierte en capital del pubillaje del Camp de Tarragona - Ajuntament de Mont-roig del Camp<\/title>\n<meta name=\"robots\" content=\"index, follow, max-snippet:-1, max-image-preview:large, max-video-preview:-1\" \/>\n<link rel=\"canonical\" href=\"https:\/\/mont-roig.cat\/es\/actualitat\/noticies\/mont-roig-del-camp-se-convierte-en-capital-del-pubillaje-del-camp-de-tarragona\/\" \/>\n<meta property=\"og:locale\" content=\"es_ES\" \/>\n<meta property=\"og:type\" content=\"article\" \/>\n<meta property=\"og:title\" content=\"Mont-roig del Camp se convierte en capital del pubillaje del Camp de Tarragona - Ajuntament de Mont-roig del Camp\" \/>\n<meta property=\"og:description\" content=\"El municipio acoge la Proclamaci\u00f3 Intercomarcal del Pubillatge con participantes de todo el territorio y representantes locales entre las comitivas Este domingo, Mont-roig del Camp ha sido el escenario de la Proclamaci\u00f3 Intercomarcal del Pubillatge del Camp de Tarragona de este 2025, un evento que ha reunido comitivas de varios municipios y ha llenado las [&hellip;]\" \/>\n<meta property=\"og:url\" content=\"https:\/\/mont-roig.cat\/es\/actualitat\/noticies\/mont-roig-del-camp-se-convierte-en-capital-del-pubillaje-del-camp-de-tarragona\/\" \/>\n<meta property=\"og:site_name\" content=\"Ajuntament de Mont-roig del Camp\" \/>\n<meta property=\"article:published_time\" content=\"2025-05-26T11:12:16+00:00\" \/>\n<meta property=\"article:modified_time\" content=\"2025-05-26T11:20:03+00:00\" \/>\n<meta property=\"og:image\" content=\"https:\/\/mont-roig.cat\/wp-content\/uploads\/Pubillatge-intercomarcal-2025.jpeg\" \/>\n\t<meta property=\"og:image:width\" content=\"1600\" \/>\n\t<meta property=\"og:image:height\" content=\"1066\" \/>\n\t<meta property=\"og:image:type\" content=\"image\/jpeg\" \/>\n<meta name=\"author\" content=\"comunicacio\" \/>\n<meta name=\"twitter:card\" content=\"summary_large_image\" \/>\n<meta name=\"twitter:label1\" content=\"Escrito por\" \/>\n\t<meta name=\"twitter:data1\" content=\"comunicacio\" \/>\n\t<meta name=\"twitter:label2\" content=\"Tiempo de lectura\" \/>\n\t<meta name=\"twitter:data2\" content=\"2 minutos\" \/>\n<script type=\"application\/ld+json\" class=\"yoast-schema-graph\">{\"@context\":\"https:\\\/\\\/schema.org\",\"@graph\":[{\"@type\":\"Article\",\"@id\":\"https:\\\/\\\/mont-roig.cat\\\/es\\\/actualitat\\\/noticies\\\/mont-roig-del-camp-se-convierte-en-capital-del-pubillaje-del-camp-de-tarragona\\\/#article\",\"isPartOf\":{\"@id\":\"https:\\\/\\\/mont-roig.cat\\\/es\\\/actualitat\\\/noticies\\\/mont-roig-del-camp-se-convierte-en-capital-del-pubillaje-del-camp-de-tarragona\\\/\"},\"author\":{\"name\":\"comunicacio\",\"@id\":\"https:\\\/\\\/mont-roig.cat\\\/es\\\/#\\\/schema\\\/person\\\/1f73e7b5e6f9dd122e8a6f14f310ac5e\"},\"headline\":\"Mont-roig del Camp se convierte en capital del pubillaje del Camp de Tarragona\",\"datePublished\":\"2025-05-26T11:12:16+00:00\",\"dateModified\":\"2025-05-26T11:20:03+00:00\",\"mainEntityOfPage\":{\"@id\":\"https:\\\/\\\/mont-roig.cat\\\/es\\\/actualitat\\\/noticies\\\/mont-roig-del-camp-se-convierte-en-capital-del-pubillaje-del-camp-de-tarragona\\\/\"},\"wordCount\":301,\"image\":{\"@id\":\"https:\\\/\\\/mont-roig.cat\\\/es\\\/actualitat\\\/noticies\\\/mont-roig-del-camp-se-convierte-en-capital-del-pubillaje-del-camp-de-tarragona\\\/#primaryimage\"},\"thumbnailUrl\":\"https:\\\/\\\/mont-roig.cat\\\/wp-content\\\/uploads\\\/Pubillatge-intercomarcal-2025.jpeg\",\"articleSection\":[\"Cultura\"],\"inLanguage\":\"es\"},{\"@type\":\"WebPage\",\"@id\":\"https:\\\/\\\/mont-roig.cat\\\/es\\\/actualitat\\\/noticies\\\/mont-roig-del-camp-se-convierte-en-capital-del-pubillaje-del-camp-de-tarragona\\\/\",\"url\":\"https:\\\/\\\/mont-roig.cat\\\/es\\\/actualitat\\\/noticies\\\/mont-roig-del-camp-se-convierte-en-capital-del-pubillaje-del-camp-de-tarragona\\\/\",\"name\":\"Mont-roig del Camp se convierte en capital del pubillaje del Camp de Tarragona - Ajuntament de Mont-roig del Camp\",\"isPartOf\":{\"@id\":\"https:\\\/\\\/mont-roig.cat\\\/es\\\/#website\"},\"primaryImageOfPage\":{\"@id\":\"https:\\\/\\\/mont-roig.cat\\\/es\\\/actualitat\\\/noticies\\\/mont-roig-del-camp-se-convierte-en-capital-del-pubillaje-del-camp-de-tarragona\\\/#primaryimage\"},\"image\":{\"@id\":\"https:\\\/\\\/mont-roig.cat\\\/es\\\/actualitat\\\/noticies\\\/mont-roig-del-camp-se-convierte-en-capital-del-pubillaje-del-camp-de-tarragona\\\/#primaryimage\"},\"thumbnailUrl\":\"https:\\\/\\\/mont-roig.cat\\\/wp-content\\\/uploads\\\/Pubillatge-intercomarcal-2025.jpeg\",\"datePublished\":\"2025-05-26T11:12:16+00:00\",\"dateModified\":\"2025-05-26T11:20:03+00:00\",\"author\":{\"@id\":\"https:\\\/\\\/mont-roig.cat\\\/es\\\/#\\\/schema\\\/person\\\/1f73e7b5e6f9dd122e8a6f14f310ac5e\"},\"breadcrumb\":{\"@id\":\"https:\\\/\\\/mont-roig.cat\\\/es\\\/actualitat\\\/noticies\\\/mont-roig-del-camp-se-convierte-en-capital-del-pubillaje-del-camp-de-tarragona\\\/#breadcrumb\"},\"inLanguage\":\"es\",\"potentialAction\":[{\"@type\":\"ReadAction\",\"target\":[\"https:\\\/\\\/mont-roig.cat\\\/es\\\/actualitat\\\/noticies\\\/mont-roig-del-camp-se-convierte-en-capital-del-pubillaje-del-camp-de-tarragona\\\/\"]}]},{\"@type\":\"ImageObject\",\"inLanguage\":\"es\",\"@id\":\"https:\\\/\\\/mont-roig.cat\\\/es\\\/actualitat\\\/noticies\\\/mont-roig-del-camp-se-convierte-en-capital-del-pubillaje-del-camp-de-tarragona\\\/#primaryimage\",\"url\":\"https:\\\/\\\/mont-roig.cat\\\/wp-content\\\/uploads\\\/Pubillatge-intercomarcal-2025.jpeg\",\"contentUrl\":\"https:\\\/\\\/mont-roig.cat\\\/wp-content\\\/uploads\\\/Pubillatge-intercomarcal-2025.jpeg\",\"width\":1600,\"height\":1066},{\"@type\":\"BreadcrumbList\",\"@id\":\"https:\\\/\\\/mont-roig.cat\\\/es\\\/actualitat\\\/noticies\\\/mont-roig-del-camp-se-convierte-en-capital-del-pubillaje-del-camp-de-tarragona\\\/#breadcrumb\",\"itemListElement\":[{\"@type\":\"ListItem\",\"position\":1,\"name\":\"Inici\",\"item\":\"https:\\\/\\\/mont-roig.cat\\\/es\\\/pagina-de-inicio\\\/\"},{\"@type\":\"ListItem\",\"position\":2,\"name\":\"Mont-roig del Camp se convierte en capital del pubillaje del Camp de Tarragona\"}]},{\"@type\":\"WebSite\",\"@id\":\"https:\\\/\\\/mont-roig.cat\\\/es\\\/#website\",\"url\":\"https:\\\/\\\/mont-roig.cat\\\/es\\\/\",\"name\":\"Ajuntament de Mont-roig del Camp\",\"description\":\"Tota la informaci\u00f3 sobre la instituci\u00f3, els seus \u00f2rgans de govern, actualitat, serveis i molt m\u00e9s.\",\"potentialAction\":[{\"@type\":\"SearchAction\",\"target\":{\"@type\":\"EntryPoint\",\"urlTemplate\":\"https:\\\/\\\/mont-roig.cat\\\/es\\\/?s={search_term_string}\"},\"query-input\":{\"@type\":\"PropertyValueSpecification\",\"valueRequired\":true,\"valueName\":\"search_term_string\"}}],\"inLanguage\":\"es\"},{\"@type\":\"Person\",\"@id\":\"https:\\\/\\\/mont-roig.cat\\\/es\\\/#\\\/schema\\\/person\\\/1f73e7b5e6f9dd122e8a6f14f310ac5e\",\"name\":\"comunicacio\",\"image\":{\"@type\":\"ImageObject\",\"inLanguage\":\"es\",\"@id\":\"https:\\\/\\\/secure.gravatar.com\\\/avatar\\\/98944333e7a877670a64f8d10f0cb680ab2c9ebc4efc43945ef004b52b5ad28c?s=96&d=mm&r=g\",\"url\":\"https:\\\/\\\/secure.gravatar.com\\\/avatar\\\/98944333e7a877670a64f8d10f0cb680ab2c9ebc4efc43945ef004b52b5ad28c?s=96&d=mm&r=g\",\"contentUrl\":\"https:\\\/\\\/secure.gravatar.com\\\/avatar\\\/98944333e7a877670a64f8d10f0cb680ab2c9ebc4efc43945ef004b52b5ad28c?s=96&d=mm&r=g\",\"caption\":\"comunicacio\"},\"url\":\"https:\\\/\\\/mont-roig.cat\\\/es\\\/actualitat\\\/noticies\\\/author\\\/comunicacio\\\/\"}]}<\/script>\n<!-- \/ Yoast SEO plugin. -->","yoast_head_json":{"title":"Mont-roig del Camp se convierte en capital del pubillaje del Camp de Tarragona - Ajuntament de Mont-roig del Camp","robots":{"index":"index","follow":"follow","max-snippet":"max-snippet:-1","max-image-preview":"max-image-preview:large","max-video-preview":"max-video-preview:-1"},"canonical":"https:\/\/mont-roig.cat\/es\/actualitat\/noticies\/mont-roig-del-camp-se-convierte-en-capital-del-pubillaje-del-camp-de-tarragona\/","og_locale":"es_ES","og_type":"article","og_title":"Mont-roig del Camp se convierte en capital del pubillaje del Camp de Tarragona - Ajuntament de Mont-roig del Camp","og_description":"El municipio acoge la Proclamaci\u00f3 Intercomarcal del Pubillatge con participantes de todo el territorio y representantes locales entre las comitivas Este domingo, Mont-roig del Camp ha sido el escenario de la Proclamaci\u00f3 Intercomarcal del Pubillatge del Camp de Tarragona de este 2025, un evento que ha reunido comitivas de varios municipios y ha llenado las [&hellip;]","og_url":"https:\/\/mont-roig.cat\/es\/actualitat\/noticies\/mont-roig-del-camp-se-convierte-en-capital-del-pubillaje-del-camp-de-tarragona\/","og_site_name":"Ajuntament de Mont-roig del Camp","article_published_time":"2025-05-26T11:12:16+00:00","article_modified_time":"2025-05-26T11:20:03+00:00","og_image":[{"width":1600,"height":1066,"url":"https:\/\/mont-roig.cat\/wp-content\/uploads\/Pubillatge-intercomarcal-2025.jpeg","type":"image\/jpeg"}],"author":"comunicacio","twitter_card":"summary_large_image","twitter_misc":{"Escrito por":"comunicacio","Tiempo de lectura":"2 minutos"},"schema":{"@context":"https:\/\/schema.org","@graph":[{"@type":"Article","@id":"https:\/\/mont-roig.cat\/es\/actualitat\/noticies\/mont-roig-del-camp-se-convierte-en-capital-del-pubillaje-del-camp-de-tarragona\/#article","isPartOf":{"@id":"https:\/\/mont-roig.cat\/es\/actualitat\/noticies\/mont-roig-del-camp-se-convierte-en-capital-del-pubillaje-del-camp-de-tarragona\/"},"author":{"name":"comunicacio","@id":"https:\/\/mont-roig.cat\/es\/#\/schema\/person\/1f73e7b5e6f9dd122e8a6f14f310ac5e"},"headline":"Mont-roig del Camp se convierte en capital del pubillaje del Camp de Tarragona","datePublished":"2025-05-26T11:12:16+00:00","dateModified":"2025-05-26T11:20:03+00:00","mainEntityOfPage":{"@id":"https:\/\/mont-roig.cat\/es\/actualitat\/noticies\/mont-roig-del-camp-se-convierte-en-capital-del-pubillaje-del-camp-de-tarragona\/"},"wordCount":301,"image":{"@id":"https:\/\/mont-roig.cat\/es\/actualitat\/noticies\/mont-roig-del-camp-se-convierte-en-capital-del-pubillaje-del-camp-de-tarragona\/#primaryimage"},"thumbnailUrl":"https:\/\/mont-roig.cat\/wp-content\/uploads\/Pubillatge-intercomarcal-2025.jpeg","articleSection":["Cultura"],"inLanguage":"es"},{"@type":"WebPage","@id":"https:\/\/mont-roig.cat\/es\/actualitat\/noticies\/mont-roig-del-camp-se-convierte-en-capital-del-pubillaje-del-camp-de-tarragona\/","url":"https:\/\/mont-roig.cat\/es\/actualitat\/noticies\/mont-roig-del-camp-se-convierte-en-capital-del-pubillaje-del-camp-de-tarragona\/","name":"Mont-roig del Camp se convierte en capital del pubillaje del Camp de Tarragona - Ajuntament de Mont-roig del Camp","isPartOf":{"@id":"https:\/\/mont-roig.cat\/es\/#website"},"primaryImageOfPage":{"@id":"https:\/\/mont-roig.cat\/es\/actualitat\/noticies\/mont-roig-del-camp-se-convierte-en-capital-del-pubillaje-del-camp-de-tarragona\/#primaryimage"},"image":{"@id":"https:\/\/mont-roig.cat\/es\/actualitat\/noticies\/mont-roig-del-camp-se-convierte-en-capital-del-pubillaje-del-camp-de-tarragona\/#primaryimage"},"thumbnailUrl":"https:\/\/mont-roig.cat\/wp-content\/uploads\/Pubillatge-intercomarcal-2025.jpeg","datePublished":"2025-05-26T11:12:16+00:00","dateModified":"2025-05-26T11:20:03+00:00","author":{"@id":"https:\/\/mont-roig.cat\/es\/#\/schema\/person\/1f73e7b5e6f9dd122e8a6f14f310ac5e"},"breadcrumb":{"@id":"https:\/\/mont-roig.cat\/es\/actualitat\/noticies\/mont-roig-del-camp-se-convierte-en-capital-del-pubillaje-del-camp-de-tarragona\/#breadcrumb"},"inLanguage":"es","potentialAction":[{"@type":"ReadAction","target":["https:\/\/mont-roig.cat\/es\/actualitat\/noticies\/mont-roig-del-camp-se-convierte-en-capital-del-pubillaje-del-camp-de-tarragona\/"]}]},{"@type":"ImageObject","inLanguage":"es","@id":"https:\/\/mont-roig.cat\/es\/actualitat\/noticies\/mont-roig-del-camp-se-convierte-en-capital-del-pubillaje-del-camp-de-tarragona\/#primaryimage","url":"https:\/\/mont-roig.cat\/wp-content\/uploads\/Pubillatge-intercomarcal-2025.jpeg","contentUrl":"https:\/\/mont-roig.cat\/wp-content\/uploads\/Pubillatge-intercomarcal-2025.jpeg","width":1600,"height":1066},{"@type":"BreadcrumbList","@id":"https:\/\/mont-roig.cat\/es\/actualitat\/noticies\/mont-roig-del-camp-se-convierte-en-capital-del-pubillaje-del-camp-de-tarragona\/#breadcrumb","itemListElement":[{"@type":"ListItem","position":1,"name":"Inici","item":"https:\/\/mont-roig.cat\/es\/pagina-de-inicio\/"},{"@type":"ListItem","position":2,"name":"Mont-roig del Camp se convierte en capital del pubillaje del Camp de Tarragona"}]},{"@type":"WebSite","@id":"https:\/\/mont-roig.cat\/es\/#website","url":"https:\/\/mont-roig.cat\/es\/","name":"Ajuntament de Mont-roig del Camp","description":"Tota la informaci\u00f3 sobre la instituci\u00f3, els seus \u00f2rgans de govern, actualitat, serveis i molt m\u00e9s.","potentialAction":[{"@type":"SearchAction","target":{"@type":"EntryPoint","urlTemplate":"https:\/\/mont-roig.cat\/es\/?s={search_term_string}"},"query-input":{"@type":"PropertyValueSpecification","valueRequired":true,"valueName":"search_term_string"}}],"inLanguage":"es"},{"@type":"Person","@id":"https:\/\/mont-roig.cat\/es\/#\/schema\/person\/1f73e7b5e6f9dd122e8a6f14f310ac5e","name":"comunicacio","image":{"@type":"ImageObject","inLanguage":"es","@id":"https:\/\/secure.gravatar.com\/avatar\/98944333e7a877670a64f8d10f0cb680ab2c9ebc4efc43945ef004b52b5ad28c?s=96&d=mm&r=g","url":"https:\/\/secure.gravatar.com\/avatar\/98944333e7a877670a64f8d10f0cb680ab2c9ebc4efc43945ef004b52b5ad28c?s=96&d=mm&r=g","contentUrl":"https:\/\/secure.gravatar.com\/avatar\/98944333e7a877670a64f8d10f0cb680ab2c9ebc4efc43945ef004b52b5ad28c?s=96&d=mm&r=g","caption":"comunicacio"},"url":"https:\/\/mont-roig.cat\/es\/actualitat\/noticies\/author\/comunicacio\/"}]}},"_links":{"self":[{"href":"https:\/\/mont-roig.cat\/es\/wp-json\/wp\/v2\/posts\/83385","targetHints":{"allow":["GET"]}}],"collection":[{"href":"https:\/\/mont-roig.cat\/es\/wp-json\/wp\/v2\/posts"}],"about":[{"href":"https:\/\/mont-roig.cat\/es\/wp-json\/wp\/v2\/types\/post"}],"author":[{"embeddable":true,"href":"https:\/\/mont-roig.cat\/es\/wp-json\/wp\/v2\/users\/13"}],"replies":[{"embeddable":true,"href":"https:\/\/mont-roig.cat\/es\/wp-json\/wp\/v2\/comments?post=83385"}],"version-history":[{"count":5,"href":"https:\/\/mont-roig.cat\/es\/wp-json\/wp\/v2\/posts\/83385\/revisions"}],"predecessor-version":[{"id":83390,"href":"https:\/\/mont-roig.cat\/es\/wp-json\/wp\/v2\/posts\/83385\/revisions\/83390"}],"wp:featuredmedia":[{"embeddable":true,"href":"https:\/\/mont-roig.cat\/es\/wp-json\/wp\/v2\/media\/83383"}],"wp:attachment":[{"href":"https:\/\/mont-roig.cat\/es\/wp-json\/wp\/v2\/media?parent=83385"}],"wp:term":[{"taxonomy":"category","embeddable":true,"href":"https:\/\/mont-roig.cat\/es\/wp-json\/wp\/v2\/categories?post=83385"},{"taxonomy":"post_tag","embeddable":true,"href":"https:\/\/mont-roig.cat\/es\/wp-json\/wp\/v2\/tags?post=83385"}],"curies":[{"name":"wp","href":"https:\/\/api.w.org\/{rel}","templated":true}]}}