{"id":83419,"date":"2025-05-27T16:47:56","date_gmt":"2025-05-27T14:47:56","guid":{"rendered":"https:\/\/mont-roig.cat\/actualitat\/noticies\/el-2-de-juny-sobre-la-inscripcio-per-al-nou-alumnat-de-lescola-de-musica-baptista-nogues\/"},"modified":"2025-05-27T17:36:03","modified_gmt":"2025-05-27T15:36:03","slug":"el-2-de-junio-se-abre-la-inscripcion-para-el-nuevo-alumnado-de-la-escuela-de-musica-baptista-nogues","status":"publish","type":"post","link":"https:\/\/mont-roig.cat\/es\/actualitat\/noticies\/el-2-de-junio-se-abre-la-inscripcion-para-el-nuevo-alumnado-de-la-escuela-de-musica-baptista-nogues\/","title":{"rendered":"El 2 de junio se abre la inscripci\u00f3n para el nuevo alumnado de la Escuela de M\u00fasica Baptista Nogu\u00e9s"},"content":{"rendered":"<p><strong data-start=\"185\" data-end=\"307\"><strong data-start=\"185\" data-end=\"307\"><a href=\"https:\/\/mont-roig.cat\/wp-content\/uploads\/MM_META_musica_2025.png\" target=\"_blank\" rel=\"noopener\"><img loading=\"lazy\" decoding=\"async\" class=\"alignright wp-image-83413\" src=\"https:\/\/mont-roig.cat\/wp-content\/uploads\/MM_META_musica_2025-500x263.png\" alt=\"\" width=\"306\" height=\"161\" srcset=\"https:\/\/mont-roig.cat\/wp-content\/uploads\/MM_META_musica_2025-500x263.png 500w, https:\/\/mont-roig.cat\/wp-content\/uploads\/MM_META_musica_2025-1024x538.png 1024w, https:\/\/mont-roig.cat\/wp-content\/uploads\/MM_META_musica_2025-768x403.png 768w, https:\/\/mont-roig.cat\/wp-content\/uploads\/MM_META_musica_2025.png 1200w\" sizes=\"auto, (max-width: 306px) 100vw, 306px\" \/><\/a><\/strong><\/strong><\/p>\n<ul>\n<li data-start=\"179\" data-end=\"311\"><strong>El centro ofrece formaci\u00f3n musical para todas las edades en las instalaciones de Mont-roig y Miami Platja de cara al curso 2025-2026<\/strong><\/li>\n<\/ul>\n<p data-start=\"313\" data-end=\"624\">La Escuela de M\u00fasica Municipal Baptista Nogu\u00e9s abrir\u00e1 el pr\u00f3ximo 2 de junio de 2025 el periodo de inscripci\u00f3n para nuevos alumnos, de cara al curso 2025-2026. El centro ofrece una amplia oferta formativa musical dirigida a ni\u00f1os, j\u00f3venes y adultos, con clases repartidas entre Mont-roig y Miami Platja.<\/p>\n<p data-start=\"626\" data-end=\"861\">Los programas se adaptan a todas las edades y niveles, desde sensibilizaci\u00f3n musical para ni\u00f1os de 3 a 5 a\u00f1os, hasta itinerarios personalizados para j\u00f3venes y adultos que deseen iniciarse o profundizar en el instrumento de su elecci\u00f3n.<\/p>\n<p data-start=\"863\" data-end=\"895\">El alumnado puede escoger entre:<\/p>\n<ul>\n<li data-start=\"899\" data-end=\"906\">Canto<\/li>\n<li data-start=\"909\" data-end=\"919\">Guitarra<\/li>\n<li data-start=\"922\" data-end=\"930\">Viol\u00edn<\/li>\n<li data-start=\"933\" data-end=\"942\">Tromb\u00f3n<\/li>\n<li data-start=\"945\" data-end=\"954\">Saxof\u00f3n<\/li>\n<li data-start=\"957\" data-end=\"964\">Piano<\/li>\n<li data-start=\"967\" data-end=\"988\">Percusi\u00f3n y bater\u00eda<\/li>\n<li data-start=\"991\" data-end=\"1009\">Flauta travesera<\/li>\n<\/ul>\n<p data-start=\"1011\" data-end=\"1270\">Tambi\u00e9n se ofrecen talleres colectivos como batucada, grupo pop\/rock, coro moderno, canto coral y preparaci\u00f3n para las pruebas de acceso al conservatorio. Para cualquier otro instrumento no incluido en la oferta, se puede consultar directamente con el centro.<\/p>\n<p data-start=\"1272\" data-end=\"1292\"><strong data-start=\"1272\" data-end=\"1292\">M\u00e1s informaci\u00f3n:<\/strong><\/p>\n<p data-start=\"1294\" data-end=\"1526\">\ud83d\udccd Mont-roig: Casa de Cultura Agust\u00ed Sard\u00e0 (C\/ Mare de D\u00e9u de la Roca, 5 \u2013 3.\u00aa planta)<br data-start=\"1380\" data-end=\"1383\" \/>\ud83d\udccd Miami Platja: Av. Granada, 39<br data-start=\"1415\" data-end=\"1418\" \/>\ud83d\udcde 650 220 461<br data-start=\"1432\" data-end=\"1435\" \/>\ud83d\udce7 <a class=\"cursor-pointer\" rel=\"noopener\" data-start=\"1438\" data-end=\"1469\">escola.musica@nostreserveis.cat<\/a><br data-start=\"1469\" data-end=\"1472\" \/>\ud83c\udf10 <a href=\"http:\/\/www.nostreserveis.cat\" target=\"_blank\" rel=\"noopener\">nostreserveis.cat<\/a><br data-start=\"1492\" data-end=\"1495\" \/>\ud83d\udcf1 Instagram: @musicamontroig<\/p>\n<p data-start=\"1528\" data-end=\"1676\">Para m\u00e1s detalles sobre la oferta formativa y el proceso de matr\u00edcula, se puede consultar <a href=\"https:\/\/mont-roig.cat\/wp-content\/uploads\/MM_diptic_musica_2025_WEB.pdf\" target=\"_blank\" rel=\"noopener\">el d\u00edptico informativo del curso 2025-2026 en este enlace.<\/a><\/p>\n","protected":false},"excerpt":{"rendered":"<p>El centro ofrece formaci\u00f3n musical para todas las edades en las instalaciones de Mont-roig y Miami Platja de cara al curso 2025-2026 La Escuela de M\u00fasica Municipal Baptista Nogu\u00e9s abrir\u00e1 el pr\u00f3ximo 2 de junio de 2025 el periodo de inscripci\u00f3n para nuevos alumnos, de cara al curso 2025-2026. El centro ofrece una amplia oferta [&hellip;]<\/p>\n","protected":false},"author":13,"featured_media":83414,"comment_status":"closed","ping_status":"closed","sticky":false,"template":"","format":"standard","meta":{"inline_featured_image":false,"_monsterinsights_skip_tracking":false,"_monsterinsights_sitenote_active":false,"_monsterinsights_sitenote_note":"","_monsterinsights_sitenote_category":0,"footnotes":""},"categories":[98,103,204],"tags":[],"class_list":["post-83419","post","type-post","status-publish","format-standard","has-post-thumbnail","hentry","category-ayuntamiento","category-educacion","category-nostreserveis-es"],"yoast_head":"<!-- This site is optimized with the Yoast SEO plugin v27.4 - https:\/\/yoast.com\/product\/yoast-seo-wordpress\/ -->\n<title>El 2 de junio se abre la inscripci\u00f3n para el nuevo alumnado de la Escuela de M\u00fasica Baptista Nogu\u00e9s - Ajuntament de Mont-roig del Camp<\/title>\n<meta name=\"robots\" content=\"index, follow, max-snippet:-1, max-image-preview:large, max-video-preview:-1\" \/>\n<link rel=\"canonical\" href=\"https:\/\/mont-roig.cat\/es\/actualitat\/noticies\/el-2-de-junio-se-abre-la-inscripcion-para-el-nuevo-alumnado-de-la-escuela-de-musica-baptista-nogues\/\" \/>\n<meta property=\"og:locale\" content=\"es_ES\" \/>\n<meta property=\"og:type\" content=\"article\" \/>\n<meta property=\"og:title\" content=\"El 2 de junio se abre la inscripci\u00f3n para el nuevo alumnado de la Escuela de M\u00fasica Baptista Nogu\u00e9s - Ajuntament de Mont-roig del Camp\" \/>\n<meta property=\"og:description\" content=\"El centro ofrece formaci\u00f3n musical para todas las edades en las instalaciones de Mont-roig y Miami Platja de cara al curso 2025-2026 La Escuela de M\u00fasica Municipal Baptista Nogu\u00e9s abrir\u00e1 el pr\u00f3ximo 2 de junio de 2025 el periodo de inscripci\u00f3n para nuevos alumnos, de cara al curso 2025-2026. El centro ofrece una amplia oferta [&hellip;]\" \/>\n<meta property=\"og:url\" content=\"https:\/\/mont-roig.cat\/es\/actualitat\/noticies\/el-2-de-junio-se-abre-la-inscripcion-para-el-nuevo-alumnado-de-la-escuela-de-musica-baptista-nogues\/\" \/>\n<meta property=\"og:site_name\" content=\"Ajuntament de Mont-roig del Camp\" \/>\n<meta property=\"article:published_time\" content=\"2025-05-27T14:47:56+00:00\" \/>\n<meta property=\"article:modified_time\" content=\"2025-05-27T15:36:03+00:00\" \/>\n<meta property=\"og:image\" content=\"https:\/\/mont-roig.cat\/wp-content\/uploads\/MM_META_musica_2025.png\" \/>\n\t<meta property=\"og:image:width\" content=\"1200\" \/>\n\t<meta property=\"og:image:height\" content=\"630\" \/>\n\t<meta property=\"og:image:type\" content=\"image\/png\" \/>\n<meta name=\"author\" content=\"comunicacio\" \/>\n<meta name=\"twitter:card\" content=\"summary_large_image\" \/>\n<meta name=\"twitter:label1\" content=\"Escrito por\" \/>\n\t<meta name=\"twitter:data1\" content=\"comunicacio\" \/>\n\t<meta name=\"twitter:label2\" content=\"Tiempo de lectura\" \/>\n\t<meta name=\"twitter:data2\" content=\"2 minutos\" \/>\n<script type=\"application\/ld+json\" class=\"yoast-schema-graph\">{\"@context\":\"https:\\\/\\\/schema.org\",\"@graph\":[{\"@type\":\"Article\",\"@id\":\"https:\\\/\\\/mont-roig.cat\\\/es\\\/actualitat\\\/noticies\\\/el-2-de-junio-se-abre-la-inscripcion-para-el-nuevo-alumnado-de-la-escuela-de-musica-baptista-nogues\\\/#article\",\"isPartOf\":{\"@id\":\"https:\\\/\\\/mont-roig.cat\\\/es\\\/actualitat\\\/noticies\\\/el-2-de-junio-se-abre-la-inscripcion-para-el-nuevo-alumnado-de-la-escuela-de-musica-baptista-nogues\\\/\"},\"author\":{\"name\":\"comunicacio\",\"@id\":\"https:\\\/\\\/mont-roig.cat\\\/es\\\/#\\\/schema\\\/person\\\/1f73e7b5e6f9dd122e8a6f14f310ac5e\"},\"headline\":\"El 2 de junio se abre la inscripci\u00f3n para el nuevo alumnado de la Escuela de M\u00fasica Baptista Nogu\u00e9s\",\"datePublished\":\"2025-05-27T14:47:56+00:00\",\"dateModified\":\"2025-05-27T15:36:03+00:00\",\"mainEntityOfPage\":{\"@id\":\"https:\\\/\\\/mont-roig.cat\\\/es\\\/actualitat\\\/noticies\\\/el-2-de-junio-se-abre-la-inscripcion-para-el-nuevo-alumnado-de-la-escuela-de-musica-baptista-nogues\\\/\"},\"wordCount\":264,\"image\":{\"@id\":\"https:\\\/\\\/mont-roig.cat\\\/es\\\/actualitat\\\/noticies\\\/el-2-de-junio-se-abre-la-inscripcion-para-el-nuevo-alumnado-de-la-escuela-de-musica-baptista-nogues\\\/#primaryimage\"},\"thumbnailUrl\":\"https:\\\/\\\/mont-roig.cat\\\/wp-content\\\/uploads\\\/MM_META_musica_2025.png\",\"articleSection\":[\"Ayuntamiento\",\"Educaci\u00f3n\",\"Nostreserveis\"],\"inLanguage\":\"es\"},{\"@type\":\"WebPage\",\"@id\":\"https:\\\/\\\/mont-roig.cat\\\/es\\\/actualitat\\\/noticies\\\/el-2-de-junio-se-abre-la-inscripcion-para-el-nuevo-alumnado-de-la-escuela-de-musica-baptista-nogues\\\/\",\"url\":\"https:\\\/\\\/mont-roig.cat\\\/es\\\/actualitat\\\/noticies\\\/el-2-de-junio-se-abre-la-inscripcion-para-el-nuevo-alumnado-de-la-escuela-de-musica-baptista-nogues\\\/\",\"name\":\"El 2 de junio se abre la inscripci\u00f3n para el nuevo alumnado de la Escuela de M\u00fasica Baptista Nogu\u00e9s - Ajuntament de Mont-roig del Camp\",\"isPartOf\":{\"@id\":\"https:\\\/\\\/mont-roig.cat\\\/es\\\/#website\"},\"primaryImageOfPage\":{\"@id\":\"https:\\\/\\\/mont-roig.cat\\\/es\\\/actualitat\\\/noticies\\\/el-2-de-junio-se-abre-la-inscripcion-para-el-nuevo-alumnado-de-la-escuela-de-musica-baptista-nogues\\\/#primaryimage\"},\"image\":{\"@id\":\"https:\\\/\\\/mont-roig.cat\\\/es\\\/actualitat\\\/noticies\\\/el-2-de-junio-se-abre-la-inscripcion-para-el-nuevo-alumnado-de-la-escuela-de-musica-baptista-nogues\\\/#primaryimage\"},\"thumbnailUrl\":\"https:\\\/\\\/mont-roig.cat\\\/wp-content\\\/uploads\\\/MM_META_musica_2025.png\",\"datePublished\":\"2025-05-27T14:47:56+00:00\",\"dateModified\":\"2025-05-27T15:36:03+00:00\",\"author\":{\"@id\":\"https:\\\/\\\/mont-roig.cat\\\/es\\\/#\\\/schema\\\/person\\\/1f73e7b5e6f9dd122e8a6f14f310ac5e\"},\"breadcrumb\":{\"@id\":\"https:\\\/\\\/mont-roig.cat\\\/es\\\/actualitat\\\/noticies\\\/el-2-de-junio-se-abre-la-inscripcion-para-el-nuevo-alumnado-de-la-escuela-de-musica-baptista-nogues\\\/#breadcrumb\"},\"inLanguage\":\"es\",\"potentialAction\":[{\"@type\":\"ReadAction\",\"target\":[\"https:\\\/\\\/mont-roig.cat\\\/es\\\/actualitat\\\/noticies\\\/el-2-de-junio-se-abre-la-inscripcion-para-el-nuevo-alumnado-de-la-escuela-de-musica-baptista-nogues\\\/\"]}]},{\"@type\":\"ImageObject\",\"inLanguage\":\"es\",\"@id\":\"https:\\\/\\\/mont-roig.cat\\\/es\\\/actualitat\\\/noticies\\\/el-2-de-junio-se-abre-la-inscripcion-para-el-nuevo-alumnado-de-la-escuela-de-musica-baptista-nogues\\\/#primaryimage\",\"url\":\"https:\\\/\\\/mont-roig.cat\\\/wp-content\\\/uploads\\\/MM_META_musica_2025.png\",\"contentUrl\":\"https:\\\/\\\/mont-roig.cat\\\/wp-content\\\/uploads\\\/MM_META_musica_2025.png\",\"width\":1200,\"height\":630},{\"@type\":\"BreadcrumbList\",\"@id\":\"https:\\\/\\\/mont-roig.cat\\\/es\\\/actualitat\\\/noticies\\\/el-2-de-junio-se-abre-la-inscripcion-para-el-nuevo-alumnado-de-la-escuela-de-musica-baptista-nogues\\\/#breadcrumb\",\"itemListElement\":[{\"@type\":\"ListItem\",\"position\":1,\"name\":\"Inici\",\"item\":\"https:\\\/\\\/mont-roig.cat\\\/es\\\/pagina-de-inicio\\\/\"},{\"@type\":\"ListItem\",\"position\":2,\"name\":\"El 2 de junio se abre la inscripci\u00f3n para el nuevo alumnado de la Escuela de M\u00fasica Baptista Nogu\u00e9s\"}]},{\"@type\":\"WebSite\",\"@id\":\"https:\\\/\\\/mont-roig.cat\\\/es\\\/#website\",\"url\":\"https:\\\/\\\/mont-roig.cat\\\/es\\\/\",\"name\":\"Ajuntament de Mont-roig del Camp\",\"description\":\"Tota la informaci\u00f3 sobre la instituci\u00f3, els seus \u00f2rgans de govern, actualitat, serveis i molt m\u00e9s.\",\"potentialAction\":[{\"@type\":\"SearchAction\",\"target\":{\"@type\":\"EntryPoint\",\"urlTemplate\":\"https:\\\/\\\/mont-roig.cat\\\/es\\\/?s={search_term_string}\"},\"query-input\":{\"@type\":\"PropertyValueSpecification\",\"valueRequired\":true,\"valueName\":\"search_term_string\"}}],\"inLanguage\":\"es\"},{\"@type\":\"Person\",\"@id\":\"https:\\\/\\\/mont-roig.cat\\\/es\\\/#\\\/schema\\\/person\\\/1f73e7b5e6f9dd122e8a6f14f310ac5e\",\"name\":\"comunicacio\",\"image\":{\"@type\":\"ImageObject\",\"inLanguage\":\"es\",\"@id\":\"https:\\\/\\\/secure.gravatar.com\\\/avatar\\\/98944333e7a877670a64f8d10f0cb680ab2c9ebc4efc43945ef004b52b5ad28c?s=96&d=mm&r=g\",\"url\":\"https:\\\/\\\/secure.gravatar.com\\\/avatar\\\/98944333e7a877670a64f8d10f0cb680ab2c9ebc4efc43945ef004b52b5ad28c?s=96&d=mm&r=g\",\"contentUrl\":\"https:\\\/\\\/secure.gravatar.com\\\/avatar\\\/98944333e7a877670a64f8d10f0cb680ab2c9ebc4efc43945ef004b52b5ad28c?s=96&d=mm&r=g\",\"caption\":\"comunicacio\"},\"url\":\"https:\\\/\\\/mont-roig.cat\\\/es\\\/actualitat\\\/noticies\\\/author\\\/comunicacio\\\/\"}]}<\/script>\n<!-- \/ Yoast SEO plugin. -->","yoast_head_json":{"title":"El 2 de junio se abre la inscripci\u00f3n para el nuevo alumnado de la Escuela de M\u00fasica Baptista Nogu\u00e9s - Ajuntament de Mont-roig del Camp","robots":{"index":"index","follow":"follow","max-snippet":"max-snippet:-1","max-image-preview":"max-image-preview:large","max-video-preview":"max-video-preview:-1"},"canonical":"https:\/\/mont-roig.cat\/es\/actualitat\/noticies\/el-2-de-junio-se-abre-la-inscripcion-para-el-nuevo-alumnado-de-la-escuela-de-musica-baptista-nogues\/","og_locale":"es_ES","og_type":"article","og_title":"El 2 de junio se abre la inscripci\u00f3n para el nuevo alumnado de la Escuela de M\u00fasica Baptista Nogu\u00e9s - Ajuntament de Mont-roig del Camp","og_description":"El centro ofrece formaci\u00f3n musical para todas las edades en las instalaciones de Mont-roig y Miami Platja de cara al curso 2025-2026 La Escuela de M\u00fasica Municipal Baptista Nogu\u00e9s abrir\u00e1 el pr\u00f3ximo 2 de junio de 2025 el periodo de inscripci\u00f3n para nuevos alumnos, de cara al curso 2025-2026. El centro ofrece una amplia oferta [&hellip;]","og_url":"https:\/\/mont-roig.cat\/es\/actualitat\/noticies\/el-2-de-junio-se-abre-la-inscripcion-para-el-nuevo-alumnado-de-la-escuela-de-musica-baptista-nogues\/","og_site_name":"Ajuntament de Mont-roig del Camp","article_published_time":"2025-05-27T14:47:56+00:00","article_modified_time":"2025-05-27T15:36:03+00:00","og_image":[{"width":1200,"height":630,"url":"https:\/\/mont-roig.cat\/wp-content\/uploads\/MM_META_musica_2025.png","type":"image\/png"}],"author":"comunicacio","twitter_card":"summary_large_image","twitter_misc":{"Escrito por":"comunicacio","Tiempo de lectura":"2 minutos"},"schema":{"@context":"https:\/\/schema.org","@graph":[{"@type":"Article","@id":"https:\/\/mont-roig.cat\/es\/actualitat\/noticies\/el-2-de-junio-se-abre-la-inscripcion-para-el-nuevo-alumnado-de-la-escuela-de-musica-baptista-nogues\/#article","isPartOf":{"@id":"https:\/\/mont-roig.cat\/es\/actualitat\/noticies\/el-2-de-junio-se-abre-la-inscripcion-para-el-nuevo-alumnado-de-la-escuela-de-musica-baptista-nogues\/"},"author":{"name":"comunicacio","@id":"https:\/\/mont-roig.cat\/es\/#\/schema\/person\/1f73e7b5e6f9dd122e8a6f14f310ac5e"},"headline":"El 2 de junio se abre la inscripci\u00f3n para el nuevo alumnado de la Escuela de M\u00fasica Baptista Nogu\u00e9s","datePublished":"2025-05-27T14:47:56+00:00","dateModified":"2025-05-27T15:36:03+00:00","mainEntityOfPage":{"@id":"https:\/\/mont-roig.cat\/es\/actualitat\/noticies\/el-2-de-junio-se-abre-la-inscripcion-para-el-nuevo-alumnado-de-la-escuela-de-musica-baptista-nogues\/"},"wordCount":264,"image":{"@id":"https:\/\/mont-roig.cat\/es\/actualitat\/noticies\/el-2-de-junio-se-abre-la-inscripcion-para-el-nuevo-alumnado-de-la-escuela-de-musica-baptista-nogues\/#primaryimage"},"thumbnailUrl":"https:\/\/mont-roig.cat\/wp-content\/uploads\/MM_META_musica_2025.png","articleSection":["Ayuntamiento","Educaci\u00f3n","Nostreserveis"],"inLanguage":"es"},{"@type":"WebPage","@id":"https:\/\/mont-roig.cat\/es\/actualitat\/noticies\/el-2-de-junio-se-abre-la-inscripcion-para-el-nuevo-alumnado-de-la-escuela-de-musica-baptista-nogues\/","url":"https:\/\/mont-roig.cat\/es\/actualitat\/noticies\/el-2-de-junio-se-abre-la-inscripcion-para-el-nuevo-alumnado-de-la-escuela-de-musica-baptista-nogues\/","name":"El 2 de junio se abre la inscripci\u00f3n para el nuevo alumnado de la Escuela de M\u00fasica Baptista Nogu\u00e9s - Ajuntament de Mont-roig del Camp","isPartOf":{"@id":"https:\/\/mont-roig.cat\/es\/#website"},"primaryImageOfPage":{"@id":"https:\/\/mont-roig.cat\/es\/actualitat\/noticies\/el-2-de-junio-se-abre-la-inscripcion-para-el-nuevo-alumnado-de-la-escuela-de-musica-baptista-nogues\/#primaryimage"},"image":{"@id":"https:\/\/mont-roig.cat\/es\/actualitat\/noticies\/el-2-de-junio-se-abre-la-inscripcion-para-el-nuevo-alumnado-de-la-escuela-de-musica-baptista-nogues\/#primaryimage"},"thumbnailUrl":"https:\/\/mont-roig.cat\/wp-content\/uploads\/MM_META_musica_2025.png","datePublished":"2025-05-27T14:47:56+00:00","dateModified":"2025-05-27T15:36:03+00:00","author":{"@id":"https:\/\/mont-roig.cat\/es\/#\/schema\/person\/1f73e7b5e6f9dd122e8a6f14f310ac5e"},"breadcrumb":{"@id":"https:\/\/mont-roig.cat\/es\/actualitat\/noticies\/el-2-de-junio-se-abre-la-inscripcion-para-el-nuevo-alumnado-de-la-escuela-de-musica-baptista-nogues\/#breadcrumb"},"inLanguage":"es","potentialAction":[{"@type":"ReadAction","target":["https:\/\/mont-roig.cat\/es\/actualitat\/noticies\/el-2-de-junio-se-abre-la-inscripcion-para-el-nuevo-alumnado-de-la-escuela-de-musica-baptista-nogues\/"]}]},{"@type":"ImageObject","inLanguage":"es","@id":"https:\/\/mont-roig.cat\/es\/actualitat\/noticies\/el-2-de-junio-se-abre-la-inscripcion-para-el-nuevo-alumnado-de-la-escuela-de-musica-baptista-nogues\/#primaryimage","url":"https:\/\/mont-roig.cat\/wp-content\/uploads\/MM_META_musica_2025.png","contentUrl":"https:\/\/mont-roig.cat\/wp-content\/uploads\/MM_META_musica_2025.png","width":1200,"height":630},{"@type":"BreadcrumbList","@id":"https:\/\/mont-roig.cat\/es\/actualitat\/noticies\/el-2-de-junio-se-abre-la-inscripcion-para-el-nuevo-alumnado-de-la-escuela-de-musica-baptista-nogues\/#breadcrumb","itemListElement":[{"@type":"ListItem","position":1,"name":"Inici","item":"https:\/\/mont-roig.cat\/es\/pagina-de-inicio\/"},{"@type":"ListItem","position":2,"name":"El 2 de junio se abre la inscripci\u00f3n para el nuevo alumnado de la Escuela de M\u00fasica Baptista Nogu\u00e9s"}]},{"@type":"WebSite","@id":"https:\/\/mont-roig.cat\/es\/#website","url":"https:\/\/mont-roig.cat\/es\/","name":"Ajuntament de Mont-roig del Camp","description":"Tota la informaci\u00f3 sobre la instituci\u00f3, els seus \u00f2rgans de govern, actualitat, serveis i molt m\u00e9s.","potentialAction":[{"@type":"SearchAction","target":{"@type":"EntryPoint","urlTemplate":"https:\/\/mont-roig.cat\/es\/?s={search_term_string}"},"query-input":{"@type":"PropertyValueSpecification","valueRequired":true,"valueName":"search_term_string"}}],"inLanguage":"es"},{"@type":"Person","@id":"https:\/\/mont-roig.cat\/es\/#\/schema\/person\/1f73e7b5e6f9dd122e8a6f14f310ac5e","name":"comunicacio","image":{"@type":"ImageObject","inLanguage":"es","@id":"https:\/\/secure.gravatar.com\/avatar\/98944333e7a877670a64f8d10f0cb680ab2c9ebc4efc43945ef004b52b5ad28c?s=96&d=mm&r=g","url":"https:\/\/secure.gravatar.com\/avatar\/98944333e7a877670a64f8d10f0cb680ab2c9ebc4efc43945ef004b52b5ad28c?s=96&d=mm&r=g","contentUrl":"https:\/\/secure.gravatar.com\/avatar\/98944333e7a877670a64f8d10f0cb680ab2c9ebc4efc43945ef004b52b5ad28c?s=96&d=mm&r=g","caption":"comunicacio"},"url":"https:\/\/mont-roig.cat\/es\/actualitat\/noticies\/author\/comunicacio\/"}]}},"_links":{"self":[{"href":"https:\/\/mont-roig.cat\/es\/wp-json\/wp\/v2\/posts\/83419","targetHints":{"allow":["GET"]}}],"collection":[{"href":"https:\/\/mont-roig.cat\/es\/wp-json\/wp\/v2\/posts"}],"about":[{"href":"https:\/\/mont-roig.cat\/es\/wp-json\/wp\/v2\/types\/post"}],"author":[{"embeddable":true,"href":"https:\/\/mont-roig.cat\/es\/wp-json\/wp\/v2\/users\/13"}],"replies":[{"embeddable":true,"href":"https:\/\/mont-roig.cat\/es\/wp-json\/wp\/v2\/comments?post=83419"}],"version-history":[{"count":3,"href":"https:\/\/mont-roig.cat\/es\/wp-json\/wp\/v2\/posts\/83419\/revisions"}],"predecessor-version":[{"id":83422,"href":"https:\/\/mont-roig.cat\/es\/wp-json\/wp\/v2\/posts\/83419\/revisions\/83422"}],"wp:featuredmedia":[{"embeddable":true,"href":"https:\/\/mont-roig.cat\/es\/wp-json\/wp\/v2\/media\/83414"}],"wp:attachment":[{"href":"https:\/\/mont-roig.cat\/es\/wp-json\/wp\/v2\/media?parent=83419"}],"wp:term":[{"taxonomy":"category","embeddable":true,"href":"https:\/\/mont-roig.cat\/es\/wp-json\/wp\/v2\/categories?post=83419"},{"taxonomy":"post_tag","embeddable":true,"href":"https:\/\/mont-roig.cat\/es\/wp-json\/wp\/v2\/tags?post=83419"}],"curies":[{"name":"wp","href":"https:\/\/api.w.org\/{rel}","templated":true}]}}