{"id":83476,"date":"2025-05-28T12:48:12","date_gmt":"2025-05-28T10:48:12","guid":{"rendered":"https:\/\/mont-roig.cat\/actualitat\/noticies\/bona-acollida-dels-tallers-sobre-la-menopausa-amb-motiu-del-dia-internacional-daccio-per-a-la-salut-de-les-dones\/"},"modified":"2025-05-28T12:59:02","modified_gmt":"2025-05-28T10:59:02","slug":"bona-acollida-dels-tallers-sobre-la-menopausa-amb-motiu-del-dia-internacional-daccio-per-a-la-salut-de-les-dones","status":"publish","type":"post","link":"https:\/\/mont-roig.cat\/es\/actualitat\/noticies\/bona-acollida-dels-tallers-sobre-la-menopausa-amb-motiu-del-dia-internacional-daccio-per-a-la-salut-de-les-dones\/","title":{"rendered":"Buena acogida de los talleres sobre la menopausia con motivo del D\u00eda Internacional de Acci\u00f3n por la Salud de las Mujeres"},"content":{"rendered":"<p><strong><strong><a href=\"https:\/\/mont-roig.cat\/wp-content\/uploads\/menopausa2.jpg\" target=\"_blank\" rel=\"noopener\"><img loading=\"lazy\" decoding=\"async\" class=\"alignright wp-image-83468\" src=\"https:\/\/mont-roig.cat\/wp-content\/uploads\/menopausa2-500x375.jpg\" alt=\"\" width=\"299\" height=\"224\" srcset=\"https:\/\/mont-roig.cat\/wp-content\/uploads\/menopausa2-500x375.jpg 500w, https:\/\/mont-roig.cat\/wp-content\/uploads\/menopausa2-1024x768.jpg 1024w, https:\/\/mont-roig.cat\/wp-content\/uploads\/menopausa2-768x576.jpg 768w, https:\/\/mont-roig.cat\/wp-content\/uploads\/menopausa2-1536x1152.jpg 1536w, https:\/\/mont-roig.cat\/wp-content\/uploads\/menopausa2-463x348.jpg 463w, https:\/\/mont-roig.cat\/wp-content\/uploads\/menopausa2.jpg 1600w\" sizes=\"auto, (max-width: 299px) 100vw, 299px\" \/><\/a><\/strong><\/strong><\/p>\n<ul>\n<li data-start=\"307\" data-end=\"417\"><strong>Las dos sesiones, celebradas en Mont-roig y Miami Platja, despertaron un gran inter\u00e9s entre las participantes.<\/strong><\/li>\n<\/ul>\n<p data-start=\"419\" data-end=\"761\">Con motivo del D\u00eda Internacional de Acci\u00f3n por la Salud de las Mujeres, que se celebra hoy, 28 de mayo, el Ayuntamiento de Mont-roig del Camp, a trav\u00e9s de los departamentos de Igualdad y Pol\u00edticas Feministas y de Salud, ha organizado dos sesiones sobre la menopausia, celebradas el lunes y martes en Mont-roig y Miami Platja, respectivamente.<\/p>\n<p data-start=\"763\" data-end=\"947\"><a href=\"https:\/\/mont-roig.cat\/wp-content\/uploads\/menopausa4.jpg\" target=\"_blank\" rel=\"noopener\"><img loading=\"lazy\" decoding=\"async\" class=\"alignleft wp-image-83473\" src=\"https:\/\/mont-roig.cat\/wp-content\/uploads\/menopausa4-500x375.jpg\" alt=\"\" width=\"263\" height=\"197\" srcset=\"https:\/\/mont-roig.cat\/wp-content\/uploads\/menopausa4-500x375.jpg 500w, https:\/\/mont-roig.cat\/wp-content\/uploads\/menopausa4-1024x768.jpg 1024w, https:\/\/mont-roig.cat\/wp-content\/uploads\/menopausa4-768x576.jpg 768w, https:\/\/mont-roig.cat\/wp-content\/uploads\/menopausa4-1536x1152.jpg 1536w, https:\/\/mont-roig.cat\/wp-content\/uploads\/menopausa4-463x348.jpg 463w, https:\/\/mont-roig.cat\/wp-content\/uploads\/menopausa4.jpg 1600w\" sizes=\"auto, (max-width: 263px) 100vw, 263px\" \/><\/a>Los talleres, impartidos por Marta Garcia, <em data-start=\"806\" data-end=\"817\">sex coach<\/em> y especialista en bienestar sexual, contaron con una buena asistencia y una participaci\u00f3n muy activa por parte de las asistentes.<\/p>\n<p data-start=\"949\" data-end=\"1299\">El objetivo de estos encuentros era ofrecer herramientas para entender y gestionar los cambios f\u00edsicos y emocionales de la menopausia de una forma positiva, informada y saludable. Las participantes mostraron un gran inter\u00e9s por los contenidos expuestos y valoraron muy positivamente el espacio de reflexi\u00f3n y apoyo que se gener\u00f3 durante las sesiones.<\/p>\n","protected":false},"excerpt":{"rendered":"<p>Las dos sesiones, celebradas en Mont-roig y Miami Platja, despertaron un gran inter\u00e9s entre las participantes. Con motivo del D\u00eda Internacional de Acci\u00f3n por la Salud de las Mujeres, que se celebra hoy, 28 de mayo, el Ayuntamiento de Mont-roig del Camp, a trav\u00e9s de los departamentos de Igualdad y Pol\u00edticas Feministas y de Salud, [&hellip;]<\/p>\n","protected":false},"author":13,"featured_media":83469,"comment_status":"closed","ping_status":"closed","sticky":false,"template":"","format":"standard","meta":{"inline_featured_image":false,"_monsterinsights_skip_tracking":false,"_monsterinsights_sitenote_active":false,"_monsterinsights_sitenote_note":"","_monsterinsights_sitenote_category":0,"footnotes":""},"categories":[98,174,112],"tags":[],"class_list":["post-83476","post","type-post","status-publish","format-standard","has-post-thumbnail","hentry","category-ayuntamiento","category-politiques-digualtat-i-de-les-dones-es","category-sanidad-y-salud-publica"],"yoast_head":"<!-- This site is optimized with the Yoast SEO plugin v27.4 - https:\/\/yoast.com\/product\/yoast-seo-wordpress\/ -->\n<title>Buena acogida de los talleres sobre la menopausia con motivo del D\u00eda Internacional de Acci\u00f3n por la Salud de las Mujeres - Ajuntament de Mont-roig del Camp<\/title>\n<meta name=\"robots\" content=\"index, follow, max-snippet:-1, max-image-preview:large, max-video-preview:-1\" \/>\n<link rel=\"canonical\" href=\"https:\/\/mont-roig.cat\/es\/actualitat\/noticies\/bona-acollida-dels-tallers-sobre-la-menopausa-amb-motiu-del-dia-internacional-daccio-per-a-la-salut-de-les-dones\/\" \/>\n<meta property=\"og:locale\" content=\"es_ES\" \/>\n<meta property=\"og:type\" content=\"article\" \/>\n<meta property=\"og:title\" content=\"Buena acogida de los talleres sobre la menopausia con motivo del D\u00eda Internacional de Acci\u00f3n por la Salud de las Mujeres - Ajuntament de Mont-roig del Camp\" \/>\n<meta property=\"og:description\" content=\"Las dos sesiones, celebradas en Mont-roig y Miami Platja, despertaron un gran inter\u00e9s entre las participantes. Con motivo del D\u00eda Internacional de Acci\u00f3n por la Salud de las Mujeres, que se celebra hoy, 28 de mayo, el Ayuntamiento de Mont-roig del Camp, a trav\u00e9s de los departamentos de Igualdad y Pol\u00edticas Feministas y de Salud, [&hellip;]\" \/>\n<meta property=\"og:url\" content=\"https:\/\/mont-roig.cat\/es\/actualitat\/noticies\/bona-acollida-dels-tallers-sobre-la-menopausa-amb-motiu-del-dia-internacional-daccio-per-a-la-salut-de-les-dones\/\" \/>\n<meta property=\"og:site_name\" content=\"Ajuntament de Mont-roig del Camp\" \/>\n<meta property=\"article:published_time\" content=\"2025-05-28T10:48:12+00:00\" \/>\n<meta property=\"article:modified_time\" content=\"2025-05-28T10:59:02+00:00\" \/>\n<meta property=\"og:image\" content=\"https:\/\/mont-roig.cat\/wp-content\/uploads\/menopausa2.jpg\" \/>\n\t<meta property=\"og:image:width\" content=\"1600\" \/>\n\t<meta property=\"og:image:height\" content=\"1200\" \/>\n\t<meta property=\"og:image:type\" content=\"image\/jpeg\" \/>\n<meta name=\"author\" content=\"comunicacio\" \/>\n<meta name=\"twitter:card\" content=\"summary_large_image\" \/>\n<meta name=\"twitter:label1\" content=\"Escrito por\" \/>\n\t<meta name=\"twitter:data1\" content=\"comunicacio\" \/>\n\t<meta name=\"twitter:label2\" content=\"Tiempo de lectura\" \/>\n\t<meta name=\"twitter:data2\" content=\"2 minutos\" \/>\n<script type=\"application\/ld+json\" class=\"yoast-schema-graph\">{\"@context\":\"https:\\\/\\\/schema.org\",\"@graph\":[{\"@type\":\"Article\",\"@id\":\"https:\\\/\\\/mont-roig.cat\\\/es\\\/actualitat\\\/noticies\\\/bona-acollida-dels-tallers-sobre-la-menopausa-amb-motiu-del-dia-internacional-daccio-per-a-la-salut-de-les-dones\\\/#article\",\"isPartOf\":{\"@id\":\"https:\\\/\\\/mont-roig.cat\\\/es\\\/actualitat\\\/noticies\\\/bona-acollida-dels-tallers-sobre-la-menopausa-amb-motiu-del-dia-internacional-daccio-per-a-la-salut-de-les-dones\\\/\"},\"author\":{\"name\":\"comunicacio\",\"@id\":\"https:\\\/\\\/mont-roig.cat\\\/es\\\/#\\\/schema\\\/person\\\/1f73e7b5e6f9dd122e8a6f14f310ac5e\"},\"headline\":\"Buena acogida de los talleres sobre la menopausia con motivo del D\u00eda Internacional de Acci\u00f3n por la Salud de las Mujeres\",\"datePublished\":\"2025-05-28T10:48:12+00:00\",\"dateModified\":\"2025-05-28T10:59:02+00:00\",\"mainEntityOfPage\":{\"@id\":\"https:\\\/\\\/mont-roig.cat\\\/es\\\/actualitat\\\/noticies\\\/bona-acollida-dels-tallers-sobre-la-menopausa-amb-motiu-del-dia-internacional-daccio-per-a-la-salut-de-les-dones\\\/\"},\"wordCount\":185,\"image\":{\"@id\":\"https:\\\/\\\/mont-roig.cat\\\/es\\\/actualitat\\\/noticies\\\/bona-acollida-dels-tallers-sobre-la-menopausa-amb-motiu-del-dia-internacional-daccio-per-a-la-salut-de-les-dones\\\/#primaryimage\"},\"thumbnailUrl\":\"https:\\\/\\\/mont-roig.cat\\\/wp-content\\\/uploads\\\/menopausa2.jpg\",\"articleSection\":[\"Ayuntamiento\",\"Pol\u00edtiques d&#8217;Igualtat i de les Dones\",\"Sanidad y Salud p\u00fablica\"],\"inLanguage\":\"es\"},{\"@type\":\"WebPage\",\"@id\":\"https:\\\/\\\/mont-roig.cat\\\/es\\\/actualitat\\\/noticies\\\/bona-acollida-dels-tallers-sobre-la-menopausa-amb-motiu-del-dia-internacional-daccio-per-a-la-salut-de-les-dones\\\/\",\"url\":\"https:\\\/\\\/mont-roig.cat\\\/es\\\/actualitat\\\/noticies\\\/bona-acollida-dels-tallers-sobre-la-menopausa-amb-motiu-del-dia-internacional-daccio-per-a-la-salut-de-les-dones\\\/\",\"name\":\"Buena acogida de los talleres sobre la menopausia con motivo del D\u00eda Internacional de Acci\u00f3n por la Salud de las Mujeres - Ajuntament de Mont-roig del Camp\",\"isPartOf\":{\"@id\":\"https:\\\/\\\/mont-roig.cat\\\/es\\\/#website\"},\"primaryImageOfPage\":{\"@id\":\"https:\\\/\\\/mont-roig.cat\\\/es\\\/actualitat\\\/noticies\\\/bona-acollida-dels-tallers-sobre-la-menopausa-amb-motiu-del-dia-internacional-daccio-per-a-la-salut-de-les-dones\\\/#primaryimage\"},\"image\":{\"@id\":\"https:\\\/\\\/mont-roig.cat\\\/es\\\/actualitat\\\/noticies\\\/bona-acollida-dels-tallers-sobre-la-menopausa-amb-motiu-del-dia-internacional-daccio-per-a-la-salut-de-les-dones\\\/#primaryimage\"},\"thumbnailUrl\":\"https:\\\/\\\/mont-roig.cat\\\/wp-content\\\/uploads\\\/menopausa2.jpg\",\"datePublished\":\"2025-05-28T10:48:12+00:00\",\"dateModified\":\"2025-05-28T10:59:02+00:00\",\"author\":{\"@id\":\"https:\\\/\\\/mont-roig.cat\\\/es\\\/#\\\/schema\\\/person\\\/1f73e7b5e6f9dd122e8a6f14f310ac5e\"},\"breadcrumb\":{\"@id\":\"https:\\\/\\\/mont-roig.cat\\\/es\\\/actualitat\\\/noticies\\\/bona-acollida-dels-tallers-sobre-la-menopausa-amb-motiu-del-dia-internacional-daccio-per-a-la-salut-de-les-dones\\\/#breadcrumb\"},\"inLanguage\":\"es\",\"potentialAction\":[{\"@type\":\"ReadAction\",\"target\":[\"https:\\\/\\\/mont-roig.cat\\\/es\\\/actualitat\\\/noticies\\\/bona-acollida-dels-tallers-sobre-la-menopausa-amb-motiu-del-dia-internacional-daccio-per-a-la-salut-de-les-dones\\\/\"]}]},{\"@type\":\"ImageObject\",\"inLanguage\":\"es\",\"@id\":\"https:\\\/\\\/mont-roig.cat\\\/es\\\/actualitat\\\/noticies\\\/bona-acollida-dels-tallers-sobre-la-menopausa-amb-motiu-del-dia-internacional-daccio-per-a-la-salut-de-les-dones\\\/#primaryimage\",\"url\":\"https:\\\/\\\/mont-roig.cat\\\/wp-content\\\/uploads\\\/menopausa2.jpg\",\"contentUrl\":\"https:\\\/\\\/mont-roig.cat\\\/wp-content\\\/uploads\\\/menopausa2.jpg\",\"width\":1600,\"height\":1200},{\"@type\":\"BreadcrumbList\",\"@id\":\"https:\\\/\\\/mont-roig.cat\\\/es\\\/actualitat\\\/noticies\\\/bona-acollida-dels-tallers-sobre-la-menopausa-amb-motiu-del-dia-internacional-daccio-per-a-la-salut-de-les-dones\\\/#breadcrumb\",\"itemListElement\":[{\"@type\":\"ListItem\",\"position\":1,\"name\":\"Inici\",\"item\":\"https:\\\/\\\/mont-roig.cat\\\/es\\\/pagina-de-inicio\\\/\"},{\"@type\":\"ListItem\",\"position\":2,\"name\":\"Buena acogida de los talleres sobre la menopausia con motivo del D\u00eda Internacional de Acci\u00f3n por la Salud de las Mujeres\"}]},{\"@type\":\"WebSite\",\"@id\":\"https:\\\/\\\/mont-roig.cat\\\/es\\\/#website\",\"url\":\"https:\\\/\\\/mont-roig.cat\\\/es\\\/\",\"name\":\"Ajuntament de Mont-roig del Camp\",\"description\":\"Tota la informaci\u00f3 sobre la instituci\u00f3, els seus \u00f2rgans de govern, actualitat, serveis i molt m\u00e9s.\",\"potentialAction\":[{\"@type\":\"SearchAction\",\"target\":{\"@type\":\"EntryPoint\",\"urlTemplate\":\"https:\\\/\\\/mont-roig.cat\\\/es\\\/?s={search_term_string}\"},\"query-input\":{\"@type\":\"PropertyValueSpecification\",\"valueRequired\":true,\"valueName\":\"search_term_string\"}}],\"inLanguage\":\"es\"},{\"@type\":\"Person\",\"@id\":\"https:\\\/\\\/mont-roig.cat\\\/es\\\/#\\\/schema\\\/person\\\/1f73e7b5e6f9dd122e8a6f14f310ac5e\",\"name\":\"comunicacio\",\"image\":{\"@type\":\"ImageObject\",\"inLanguage\":\"es\",\"@id\":\"https:\\\/\\\/secure.gravatar.com\\\/avatar\\\/98944333e7a877670a64f8d10f0cb680ab2c9ebc4efc43945ef004b52b5ad28c?s=96&d=mm&r=g\",\"url\":\"https:\\\/\\\/secure.gravatar.com\\\/avatar\\\/98944333e7a877670a64f8d10f0cb680ab2c9ebc4efc43945ef004b52b5ad28c?s=96&d=mm&r=g\",\"contentUrl\":\"https:\\\/\\\/secure.gravatar.com\\\/avatar\\\/98944333e7a877670a64f8d10f0cb680ab2c9ebc4efc43945ef004b52b5ad28c?s=96&d=mm&r=g\",\"caption\":\"comunicacio\"},\"url\":\"https:\\\/\\\/mont-roig.cat\\\/es\\\/actualitat\\\/noticies\\\/author\\\/comunicacio\\\/\"}]}<\/script>\n<!-- \/ Yoast SEO plugin. -->","yoast_head_json":{"title":"Buena acogida de los talleres sobre la menopausia con motivo del D\u00eda Internacional de Acci\u00f3n por la Salud de las Mujeres - Ajuntament de Mont-roig del Camp","robots":{"index":"index","follow":"follow","max-snippet":"max-snippet:-1","max-image-preview":"max-image-preview:large","max-video-preview":"max-video-preview:-1"},"canonical":"https:\/\/mont-roig.cat\/es\/actualitat\/noticies\/bona-acollida-dels-tallers-sobre-la-menopausa-amb-motiu-del-dia-internacional-daccio-per-a-la-salut-de-les-dones\/","og_locale":"es_ES","og_type":"article","og_title":"Buena acogida de los talleres sobre la menopausia con motivo del D\u00eda Internacional de Acci\u00f3n por la Salud de las Mujeres - Ajuntament de Mont-roig del Camp","og_description":"Las dos sesiones, celebradas en Mont-roig y Miami Platja, despertaron un gran inter\u00e9s entre las participantes. Con motivo del D\u00eda Internacional de Acci\u00f3n por la Salud de las Mujeres, que se celebra hoy, 28 de mayo, el Ayuntamiento de Mont-roig del Camp, a trav\u00e9s de los departamentos de Igualdad y Pol\u00edticas Feministas y de Salud, [&hellip;]","og_url":"https:\/\/mont-roig.cat\/es\/actualitat\/noticies\/bona-acollida-dels-tallers-sobre-la-menopausa-amb-motiu-del-dia-internacional-daccio-per-a-la-salut-de-les-dones\/","og_site_name":"Ajuntament de Mont-roig del Camp","article_published_time":"2025-05-28T10:48:12+00:00","article_modified_time":"2025-05-28T10:59:02+00:00","og_image":[{"width":1600,"height":1200,"url":"https:\/\/mont-roig.cat\/wp-content\/uploads\/menopausa2.jpg","type":"image\/jpeg"}],"author":"comunicacio","twitter_card":"summary_large_image","twitter_misc":{"Escrito por":"comunicacio","Tiempo de lectura":"2 minutos"},"schema":{"@context":"https:\/\/schema.org","@graph":[{"@type":"Article","@id":"https:\/\/mont-roig.cat\/es\/actualitat\/noticies\/bona-acollida-dels-tallers-sobre-la-menopausa-amb-motiu-del-dia-internacional-daccio-per-a-la-salut-de-les-dones\/#article","isPartOf":{"@id":"https:\/\/mont-roig.cat\/es\/actualitat\/noticies\/bona-acollida-dels-tallers-sobre-la-menopausa-amb-motiu-del-dia-internacional-daccio-per-a-la-salut-de-les-dones\/"},"author":{"name":"comunicacio","@id":"https:\/\/mont-roig.cat\/es\/#\/schema\/person\/1f73e7b5e6f9dd122e8a6f14f310ac5e"},"headline":"Buena acogida de los talleres sobre la menopausia con motivo del D\u00eda Internacional de Acci\u00f3n por la Salud de las Mujeres","datePublished":"2025-05-28T10:48:12+00:00","dateModified":"2025-05-28T10:59:02+00:00","mainEntityOfPage":{"@id":"https:\/\/mont-roig.cat\/es\/actualitat\/noticies\/bona-acollida-dels-tallers-sobre-la-menopausa-amb-motiu-del-dia-internacional-daccio-per-a-la-salut-de-les-dones\/"},"wordCount":185,"image":{"@id":"https:\/\/mont-roig.cat\/es\/actualitat\/noticies\/bona-acollida-dels-tallers-sobre-la-menopausa-amb-motiu-del-dia-internacional-daccio-per-a-la-salut-de-les-dones\/#primaryimage"},"thumbnailUrl":"https:\/\/mont-roig.cat\/wp-content\/uploads\/menopausa2.jpg","articleSection":["Ayuntamiento","Pol\u00edtiques d&#8217;Igualtat i de les Dones","Sanidad y Salud p\u00fablica"],"inLanguage":"es"},{"@type":"WebPage","@id":"https:\/\/mont-roig.cat\/es\/actualitat\/noticies\/bona-acollida-dels-tallers-sobre-la-menopausa-amb-motiu-del-dia-internacional-daccio-per-a-la-salut-de-les-dones\/","url":"https:\/\/mont-roig.cat\/es\/actualitat\/noticies\/bona-acollida-dels-tallers-sobre-la-menopausa-amb-motiu-del-dia-internacional-daccio-per-a-la-salut-de-les-dones\/","name":"Buena acogida de los talleres sobre la menopausia con motivo del D\u00eda Internacional de Acci\u00f3n por la Salud de las Mujeres - Ajuntament de Mont-roig del Camp","isPartOf":{"@id":"https:\/\/mont-roig.cat\/es\/#website"},"primaryImageOfPage":{"@id":"https:\/\/mont-roig.cat\/es\/actualitat\/noticies\/bona-acollida-dels-tallers-sobre-la-menopausa-amb-motiu-del-dia-internacional-daccio-per-a-la-salut-de-les-dones\/#primaryimage"},"image":{"@id":"https:\/\/mont-roig.cat\/es\/actualitat\/noticies\/bona-acollida-dels-tallers-sobre-la-menopausa-amb-motiu-del-dia-internacional-daccio-per-a-la-salut-de-les-dones\/#primaryimage"},"thumbnailUrl":"https:\/\/mont-roig.cat\/wp-content\/uploads\/menopausa2.jpg","datePublished":"2025-05-28T10:48:12+00:00","dateModified":"2025-05-28T10:59:02+00:00","author":{"@id":"https:\/\/mont-roig.cat\/es\/#\/schema\/person\/1f73e7b5e6f9dd122e8a6f14f310ac5e"},"breadcrumb":{"@id":"https:\/\/mont-roig.cat\/es\/actualitat\/noticies\/bona-acollida-dels-tallers-sobre-la-menopausa-amb-motiu-del-dia-internacional-daccio-per-a-la-salut-de-les-dones\/#breadcrumb"},"inLanguage":"es","potentialAction":[{"@type":"ReadAction","target":["https:\/\/mont-roig.cat\/es\/actualitat\/noticies\/bona-acollida-dels-tallers-sobre-la-menopausa-amb-motiu-del-dia-internacional-daccio-per-a-la-salut-de-les-dones\/"]}]},{"@type":"ImageObject","inLanguage":"es","@id":"https:\/\/mont-roig.cat\/es\/actualitat\/noticies\/bona-acollida-dels-tallers-sobre-la-menopausa-amb-motiu-del-dia-internacional-daccio-per-a-la-salut-de-les-dones\/#primaryimage","url":"https:\/\/mont-roig.cat\/wp-content\/uploads\/menopausa2.jpg","contentUrl":"https:\/\/mont-roig.cat\/wp-content\/uploads\/menopausa2.jpg","width":1600,"height":1200},{"@type":"BreadcrumbList","@id":"https:\/\/mont-roig.cat\/es\/actualitat\/noticies\/bona-acollida-dels-tallers-sobre-la-menopausa-amb-motiu-del-dia-internacional-daccio-per-a-la-salut-de-les-dones\/#breadcrumb","itemListElement":[{"@type":"ListItem","position":1,"name":"Inici","item":"https:\/\/mont-roig.cat\/es\/pagina-de-inicio\/"},{"@type":"ListItem","position":2,"name":"Buena acogida de los talleres sobre la menopausia con motivo del D\u00eda Internacional de Acci\u00f3n por la Salud de las Mujeres"}]},{"@type":"WebSite","@id":"https:\/\/mont-roig.cat\/es\/#website","url":"https:\/\/mont-roig.cat\/es\/","name":"Ajuntament de Mont-roig del Camp","description":"Tota la informaci\u00f3 sobre la instituci\u00f3, els seus \u00f2rgans de govern, actualitat, serveis i molt m\u00e9s.","potentialAction":[{"@type":"SearchAction","target":{"@type":"EntryPoint","urlTemplate":"https:\/\/mont-roig.cat\/es\/?s={search_term_string}"},"query-input":{"@type":"PropertyValueSpecification","valueRequired":true,"valueName":"search_term_string"}}],"inLanguage":"es"},{"@type":"Person","@id":"https:\/\/mont-roig.cat\/es\/#\/schema\/person\/1f73e7b5e6f9dd122e8a6f14f310ac5e","name":"comunicacio","image":{"@type":"ImageObject","inLanguage":"es","@id":"https:\/\/secure.gravatar.com\/avatar\/98944333e7a877670a64f8d10f0cb680ab2c9ebc4efc43945ef004b52b5ad28c?s=96&d=mm&r=g","url":"https:\/\/secure.gravatar.com\/avatar\/98944333e7a877670a64f8d10f0cb680ab2c9ebc4efc43945ef004b52b5ad28c?s=96&d=mm&r=g","contentUrl":"https:\/\/secure.gravatar.com\/avatar\/98944333e7a877670a64f8d10f0cb680ab2c9ebc4efc43945ef004b52b5ad28c?s=96&d=mm&r=g","caption":"comunicacio"},"url":"https:\/\/mont-roig.cat\/es\/actualitat\/noticies\/author\/comunicacio\/"}]}},"_links":{"self":[{"href":"https:\/\/mont-roig.cat\/es\/wp-json\/wp\/v2\/posts\/83476","targetHints":{"allow":["GET"]}}],"collection":[{"href":"https:\/\/mont-roig.cat\/es\/wp-json\/wp\/v2\/posts"}],"about":[{"href":"https:\/\/mont-roig.cat\/es\/wp-json\/wp\/v2\/types\/post"}],"author":[{"embeddable":true,"href":"https:\/\/mont-roig.cat\/es\/wp-json\/wp\/v2\/users\/13"}],"replies":[{"embeddable":true,"href":"https:\/\/mont-roig.cat\/es\/wp-json\/wp\/v2\/comments?post=83476"}],"version-history":[{"count":2,"href":"https:\/\/mont-roig.cat\/es\/wp-json\/wp\/v2\/posts\/83476\/revisions"}],"predecessor-version":[{"id":83478,"href":"https:\/\/mont-roig.cat\/es\/wp-json\/wp\/v2\/posts\/83476\/revisions\/83478"}],"wp:featuredmedia":[{"embeddable":true,"href":"https:\/\/mont-roig.cat\/es\/wp-json\/wp\/v2\/media\/83469"}],"wp:attachment":[{"href":"https:\/\/mont-roig.cat\/es\/wp-json\/wp\/v2\/media?parent=83476"}],"wp:term":[{"taxonomy":"category","embeddable":true,"href":"https:\/\/mont-roig.cat\/es\/wp-json\/wp\/v2\/categories?post=83476"},{"taxonomy":"post_tag","embeddable":true,"href":"https:\/\/mont-roig.cat\/es\/wp-json\/wp\/v2\/tags?post=83476"}],"curies":[{"name":"wp","href":"https:\/\/api.w.org\/{rel}","templated":true}]}}