{"id":83538,"date":"2025-05-28T14:52:37","date_gmt":"2025-05-28T12:52:37","guid":{"rendered":"https:\/\/mont-roig.cat\/actualitat\/noticies\/lajuntament-aprova-els-projectes-durbanitzacio-i-reparcellacio-del-poligon-industrial-dels-comellarets\/"},"modified":"2025-05-28T20:10:54","modified_gmt":"2025-05-28T18:10:54","slug":"el-ayuntamiento-aprueba-los-proyectos-de-urbanizacion-y-reparcelacion-del-poligono-industrial-dels-comellarets","status":"publish","type":"post","link":"https:\/\/mont-roig.cat\/es\/actualitat\/noticies\/el-ayuntamiento-aprueba-los-proyectos-de-urbanizacion-y-reparcelacion-del-poligono-industrial-dels-comellarets\/","title":{"rendered":"El Ayuntamiento aprueba los proyectos de urbanizaci\u00f3n y reparcelaci\u00f3n del pol\u00edgono industrial de Els Comellarets"},"content":{"rendered":"<p><strong><strong><a href=\"https:\/\/mont-roig.cat\/wp-content\/uploads\/Projecte-Reparcelacio-Lotte.png\" target=\"_blank\" rel=\"noopener\"><img loading=\"lazy\" decoding=\"async\" class=\"alignright wp-image-83532\" src=\"https:\/\/mont-roig.cat\/wp-content\/uploads\/Projecte-Reparcelacio-Lotte-500x403.png\" alt=\"\" width=\"300\" height=\"242\" srcset=\"https:\/\/mont-roig.cat\/wp-content\/uploads\/Projecte-Reparcelacio-Lotte-500x403.png 500w, https:\/\/mont-roig.cat\/wp-content\/uploads\/Projecte-Reparcelacio-Lotte-1024x825.png 1024w, https:\/\/mont-roig.cat\/wp-content\/uploads\/Projecte-Reparcelacio-Lotte-768x619.png 768w, https:\/\/mont-roig.cat\/wp-content\/uploads\/Projecte-Reparcelacio-Lotte.png 1070w\" sizes=\"auto, (max-width: 300px) 100vw, 300px\" \/><\/a><\/strong><\/strong><\/p>\n<ul>\n<li data-start=\"109\" data-end=\"412\"><strong>La aprobaci\u00f3n cierra la tramitaci\u00f3n administrativa de los instrumentos de planeamiento y gesti\u00f3n y habilita a la empresa coreana Lotte a iniciar los trabajos de urbanizaci\u00f3n del \u00e1mbito<\/strong><\/li>\n<\/ul>\n<p data-start=\"414\" data-end=\"807\">La Junta de Gobierno Local del Ayuntamiento de Mont-roig del Camp ha aprobado definitivamente, este mi\u00e9rcoles 28 de mayo, los proyectos de urbanizaci\u00f3n y reparcelaci\u00f3n del sector de dinamizaci\u00f3n econ\u00f3mica SUD 4 &#8220;Els Comellarets&#8221;, presentados por la empresa coreana Lotte Energy Materials SL. En el acuerdo, la JGL tambi\u00e9n ha desestimado las alegaciones presentadas al proyecto de urbanizaci\u00f3n.<\/p>\n<p data-start=\"809\" data-end=\"1182\">Este paso cierra la tramitaci\u00f3n administrativa de los instrumentos de planeamiento y gesti\u00f3n y habilita a la empresa Lotte a iniciar los trabajos de urbanizaci\u00f3n de este \u00e1mbito. En este sentido, se prev\u00e9 que las primeras actuaciones puedan comenzar en las pr\u00f3ximas semanas. A partir de este momento, los plazos para desarrollar el proyecto depender\u00e1n de la gesti\u00f3n privada.<\/p>\n<p data-start=\"1184\" data-end=\"1417\">La aprobaci\u00f3n del proyecto de reparcelaci\u00f3n supone la cesi\u00f3n al Ayuntamiento del 10% del aprovechamiento urban\u00edstico del sector, adem\u00e1s de zonas verdes, equipamientos, servicios t\u00e9cnicos y el suelo destinado a viales.<\/p>\n<p data-start=\"1419\" data-end=\"1619\">Finalmente, cabe destacar que las obras de construcci\u00f3n de los edificios industriales no se iniciar\u00e1n hasta haber concluido la tramitaci\u00f3n ambiental del proyecto, que es competencia de la Generalitat.<\/p>\n","protected":false},"excerpt":{"rendered":"<p>La aprobaci\u00f3n cierra la tramitaci\u00f3n administrativa de los instrumentos de planeamiento y gesti\u00f3n y habilita a la empresa coreana Lotte a iniciar los trabajos de urbanizaci\u00f3n del \u00e1mbito La Junta de Gobierno Local del Ayuntamiento de Mont-roig del Camp ha aprobado definitivamente, este mi\u00e9rcoles 28 de mayo, los proyectos de urbanizaci\u00f3n y reparcelaci\u00f3n del sector [&hellip;]<\/p>\n","protected":false},"author":13,"featured_media":83533,"comment_status":"closed","ping_status":"closed","sticky":false,"template":"","format":"standard","meta":{"inline_featured_image":false,"_monsterinsights_skip_tracking":false,"_monsterinsights_sitenote_active":false,"_monsterinsights_sitenote_note":"","_monsterinsights_sitenote_category":0,"footnotes":""},"categories":[156,98,249,116],"tags":[],"class_list":["post-83538","post","type-post","status-publish","format-standard","has-post-thumbnail","hentry","category-alcalde-es","category-ayuntamiento","category-lotte-es-2","category-urbanismo-y-obras"],"yoast_head":"<!-- This site is optimized with the Yoast SEO plugin v27.4 - https:\/\/yoast.com\/product\/yoast-seo-wordpress\/ -->\n<title>El Ayuntamiento aprueba los proyectos de urbanizaci\u00f3n y reparcelaci\u00f3n del pol\u00edgono industrial de Els Comellarets - Ajuntament de Mont-roig del Camp<\/title>\n<meta name=\"robots\" content=\"index, follow, max-snippet:-1, max-image-preview:large, max-video-preview:-1\" \/>\n<link rel=\"canonical\" href=\"https:\/\/mont-roig.cat\/es\/actualitat\/noticies\/el-ayuntamiento-aprueba-los-proyectos-de-urbanizacion-y-reparcelacion-del-poligono-industrial-dels-comellarets\/\" \/>\n<meta property=\"og:locale\" content=\"es_ES\" \/>\n<meta property=\"og:type\" content=\"article\" \/>\n<meta property=\"og:title\" content=\"El Ayuntamiento aprueba los proyectos de urbanizaci\u00f3n y reparcelaci\u00f3n del pol\u00edgono industrial de Els Comellarets - Ajuntament de Mont-roig del Camp\" \/>\n<meta property=\"og:description\" content=\"La aprobaci\u00f3n cierra la tramitaci\u00f3n administrativa de los instrumentos de planeamiento y gesti\u00f3n y habilita a la empresa coreana Lotte a iniciar los trabajos de urbanizaci\u00f3n del \u00e1mbito La Junta de Gobierno Local del Ayuntamiento de Mont-roig del Camp ha aprobado definitivamente, este mi\u00e9rcoles 28 de mayo, los proyectos de urbanizaci\u00f3n y reparcelaci\u00f3n del sector [&hellip;]\" \/>\n<meta property=\"og:url\" content=\"https:\/\/mont-roig.cat\/es\/actualitat\/noticies\/el-ayuntamiento-aprueba-los-proyectos-de-urbanizacion-y-reparcelacion-del-poligono-industrial-dels-comellarets\/\" \/>\n<meta property=\"og:site_name\" content=\"Ajuntament de Mont-roig del Camp\" \/>\n<meta property=\"article:published_time\" content=\"2025-05-28T12:52:37+00:00\" \/>\n<meta property=\"article:modified_time\" content=\"2025-05-28T18:10:54+00:00\" \/>\n<meta property=\"og:image\" content=\"https:\/\/mont-roig.cat\/wp-content\/uploads\/Projecte-Reparcelacio-Lotte.png\" \/>\n\t<meta property=\"og:image:width\" content=\"1070\" \/>\n\t<meta property=\"og:image:height\" content=\"862\" \/>\n\t<meta property=\"og:image:type\" content=\"image\/png\" \/>\n<meta name=\"author\" content=\"comunicacio\" \/>\n<meta name=\"twitter:card\" content=\"summary_large_image\" \/>\n<meta name=\"twitter:label1\" content=\"Escrito por\" \/>\n\t<meta name=\"twitter:data1\" content=\"comunicacio\" \/>\n\t<meta name=\"twitter:label2\" content=\"Tiempo de lectura\" \/>\n\t<meta name=\"twitter:data2\" content=\"2 minutos\" \/>\n<script type=\"application\/ld+json\" class=\"yoast-schema-graph\">{\"@context\":\"https:\\\/\\\/schema.org\",\"@graph\":[{\"@type\":\"Article\",\"@id\":\"https:\\\/\\\/mont-roig.cat\\\/es\\\/actualitat\\\/noticies\\\/el-ayuntamiento-aprueba-los-proyectos-de-urbanizacion-y-reparcelacion-del-poligono-industrial-dels-comellarets\\\/#article\",\"isPartOf\":{\"@id\":\"https:\\\/\\\/mont-roig.cat\\\/es\\\/actualitat\\\/noticies\\\/el-ayuntamiento-aprueba-los-proyectos-de-urbanizacion-y-reparcelacion-del-poligono-industrial-dels-comellarets\\\/\"},\"author\":{\"name\":\"comunicacio\",\"@id\":\"https:\\\/\\\/mont-roig.cat\\\/es\\\/#\\\/schema\\\/person\\\/1f73e7b5e6f9dd122e8a6f14f310ac5e\"},\"headline\":\"El Ayuntamiento aprueba los proyectos de urbanizaci\u00f3n y reparcelaci\u00f3n del pol\u00edgono industrial de Els Comellarets\",\"datePublished\":\"2025-05-28T12:52:37+00:00\",\"dateModified\":\"2025-05-28T18:10:54+00:00\",\"mainEntityOfPage\":{\"@id\":\"https:\\\/\\\/mont-roig.cat\\\/es\\\/actualitat\\\/noticies\\\/el-ayuntamiento-aprueba-los-proyectos-de-urbanizacion-y-reparcelacion-del-poligono-industrial-dels-comellarets\\\/\"},\"wordCount\":246,\"image\":{\"@id\":\"https:\\\/\\\/mont-roig.cat\\\/es\\\/actualitat\\\/noticies\\\/el-ayuntamiento-aprueba-los-proyectos-de-urbanizacion-y-reparcelacion-del-poligono-industrial-dels-comellarets\\\/#primaryimage\"},\"thumbnailUrl\":\"https:\\\/\\\/mont-roig.cat\\\/wp-content\\\/uploads\\\/Projecte-Reparcelacio-Lotte.png\",\"articleSection\":[\"Alcalde\",\"Ayuntamiento\",\"Lotte\",\"Urbanismo y obras\"],\"inLanguage\":\"es\"},{\"@type\":\"WebPage\",\"@id\":\"https:\\\/\\\/mont-roig.cat\\\/es\\\/actualitat\\\/noticies\\\/el-ayuntamiento-aprueba-los-proyectos-de-urbanizacion-y-reparcelacion-del-poligono-industrial-dels-comellarets\\\/\",\"url\":\"https:\\\/\\\/mont-roig.cat\\\/es\\\/actualitat\\\/noticies\\\/el-ayuntamiento-aprueba-los-proyectos-de-urbanizacion-y-reparcelacion-del-poligono-industrial-dels-comellarets\\\/\",\"name\":\"El Ayuntamiento aprueba los proyectos de urbanizaci\u00f3n y reparcelaci\u00f3n del pol\u00edgono industrial de Els Comellarets - Ajuntament de Mont-roig del Camp\",\"isPartOf\":{\"@id\":\"https:\\\/\\\/mont-roig.cat\\\/es\\\/#website\"},\"primaryImageOfPage\":{\"@id\":\"https:\\\/\\\/mont-roig.cat\\\/es\\\/actualitat\\\/noticies\\\/el-ayuntamiento-aprueba-los-proyectos-de-urbanizacion-y-reparcelacion-del-poligono-industrial-dels-comellarets\\\/#primaryimage\"},\"image\":{\"@id\":\"https:\\\/\\\/mont-roig.cat\\\/es\\\/actualitat\\\/noticies\\\/el-ayuntamiento-aprueba-los-proyectos-de-urbanizacion-y-reparcelacion-del-poligono-industrial-dels-comellarets\\\/#primaryimage\"},\"thumbnailUrl\":\"https:\\\/\\\/mont-roig.cat\\\/wp-content\\\/uploads\\\/Projecte-Reparcelacio-Lotte.png\",\"datePublished\":\"2025-05-28T12:52:37+00:00\",\"dateModified\":\"2025-05-28T18:10:54+00:00\",\"author\":{\"@id\":\"https:\\\/\\\/mont-roig.cat\\\/es\\\/#\\\/schema\\\/person\\\/1f73e7b5e6f9dd122e8a6f14f310ac5e\"},\"breadcrumb\":{\"@id\":\"https:\\\/\\\/mont-roig.cat\\\/es\\\/actualitat\\\/noticies\\\/el-ayuntamiento-aprueba-los-proyectos-de-urbanizacion-y-reparcelacion-del-poligono-industrial-dels-comellarets\\\/#breadcrumb\"},\"inLanguage\":\"es\",\"potentialAction\":[{\"@type\":\"ReadAction\",\"target\":[\"https:\\\/\\\/mont-roig.cat\\\/es\\\/actualitat\\\/noticies\\\/el-ayuntamiento-aprueba-los-proyectos-de-urbanizacion-y-reparcelacion-del-poligono-industrial-dels-comellarets\\\/\"]}]},{\"@type\":\"ImageObject\",\"inLanguage\":\"es\",\"@id\":\"https:\\\/\\\/mont-roig.cat\\\/es\\\/actualitat\\\/noticies\\\/el-ayuntamiento-aprueba-los-proyectos-de-urbanizacion-y-reparcelacion-del-poligono-industrial-dels-comellarets\\\/#primaryimage\",\"url\":\"https:\\\/\\\/mont-roig.cat\\\/wp-content\\\/uploads\\\/Projecte-Reparcelacio-Lotte.png\",\"contentUrl\":\"https:\\\/\\\/mont-roig.cat\\\/wp-content\\\/uploads\\\/Projecte-Reparcelacio-Lotte.png\",\"width\":1070,\"height\":862},{\"@type\":\"BreadcrumbList\",\"@id\":\"https:\\\/\\\/mont-roig.cat\\\/es\\\/actualitat\\\/noticies\\\/el-ayuntamiento-aprueba-los-proyectos-de-urbanizacion-y-reparcelacion-del-poligono-industrial-dels-comellarets\\\/#breadcrumb\",\"itemListElement\":[{\"@type\":\"ListItem\",\"position\":1,\"name\":\"Inici\",\"item\":\"https:\\\/\\\/mont-roig.cat\\\/es\\\/pagina-de-inicio\\\/\"},{\"@type\":\"ListItem\",\"position\":2,\"name\":\"El Ayuntamiento aprueba los proyectos de urbanizaci\u00f3n y reparcelaci\u00f3n del pol\u00edgono industrial de Els Comellarets\"}]},{\"@type\":\"WebSite\",\"@id\":\"https:\\\/\\\/mont-roig.cat\\\/es\\\/#website\",\"url\":\"https:\\\/\\\/mont-roig.cat\\\/es\\\/\",\"name\":\"Ajuntament de Mont-roig del Camp\",\"description\":\"Tota la informaci\u00f3 sobre la instituci\u00f3, els seus \u00f2rgans de govern, actualitat, serveis i molt m\u00e9s.\",\"potentialAction\":[{\"@type\":\"SearchAction\",\"target\":{\"@type\":\"EntryPoint\",\"urlTemplate\":\"https:\\\/\\\/mont-roig.cat\\\/es\\\/?s={search_term_string}\"},\"query-input\":{\"@type\":\"PropertyValueSpecification\",\"valueRequired\":true,\"valueName\":\"search_term_string\"}}],\"inLanguage\":\"es\"},{\"@type\":\"Person\",\"@id\":\"https:\\\/\\\/mont-roig.cat\\\/es\\\/#\\\/schema\\\/person\\\/1f73e7b5e6f9dd122e8a6f14f310ac5e\",\"name\":\"comunicacio\",\"image\":{\"@type\":\"ImageObject\",\"inLanguage\":\"es\",\"@id\":\"https:\\\/\\\/secure.gravatar.com\\\/avatar\\\/98944333e7a877670a64f8d10f0cb680ab2c9ebc4efc43945ef004b52b5ad28c?s=96&d=mm&r=g\",\"url\":\"https:\\\/\\\/secure.gravatar.com\\\/avatar\\\/98944333e7a877670a64f8d10f0cb680ab2c9ebc4efc43945ef004b52b5ad28c?s=96&d=mm&r=g\",\"contentUrl\":\"https:\\\/\\\/secure.gravatar.com\\\/avatar\\\/98944333e7a877670a64f8d10f0cb680ab2c9ebc4efc43945ef004b52b5ad28c?s=96&d=mm&r=g\",\"caption\":\"comunicacio\"},\"url\":\"https:\\\/\\\/mont-roig.cat\\\/es\\\/actualitat\\\/noticies\\\/author\\\/comunicacio\\\/\"}]}<\/script>\n<!-- \/ Yoast SEO plugin. -->","yoast_head_json":{"title":"El Ayuntamiento aprueba los proyectos de urbanizaci\u00f3n y reparcelaci\u00f3n del pol\u00edgono industrial de Els Comellarets - Ajuntament de Mont-roig del Camp","robots":{"index":"index","follow":"follow","max-snippet":"max-snippet:-1","max-image-preview":"max-image-preview:large","max-video-preview":"max-video-preview:-1"},"canonical":"https:\/\/mont-roig.cat\/es\/actualitat\/noticies\/el-ayuntamiento-aprueba-los-proyectos-de-urbanizacion-y-reparcelacion-del-poligono-industrial-dels-comellarets\/","og_locale":"es_ES","og_type":"article","og_title":"El Ayuntamiento aprueba los proyectos de urbanizaci\u00f3n y reparcelaci\u00f3n del pol\u00edgono industrial de Els Comellarets - Ajuntament de Mont-roig del Camp","og_description":"La aprobaci\u00f3n cierra la tramitaci\u00f3n administrativa de los instrumentos de planeamiento y gesti\u00f3n y habilita a la empresa coreana Lotte a iniciar los trabajos de urbanizaci\u00f3n del \u00e1mbito La Junta de Gobierno Local del Ayuntamiento de Mont-roig del Camp ha aprobado definitivamente, este mi\u00e9rcoles 28 de mayo, los proyectos de urbanizaci\u00f3n y reparcelaci\u00f3n del sector [&hellip;]","og_url":"https:\/\/mont-roig.cat\/es\/actualitat\/noticies\/el-ayuntamiento-aprueba-los-proyectos-de-urbanizacion-y-reparcelacion-del-poligono-industrial-dels-comellarets\/","og_site_name":"Ajuntament de Mont-roig del Camp","article_published_time":"2025-05-28T12:52:37+00:00","article_modified_time":"2025-05-28T18:10:54+00:00","og_image":[{"width":1070,"height":862,"url":"https:\/\/mont-roig.cat\/wp-content\/uploads\/Projecte-Reparcelacio-Lotte.png","type":"image\/png"}],"author":"comunicacio","twitter_card":"summary_large_image","twitter_misc":{"Escrito por":"comunicacio","Tiempo de lectura":"2 minutos"},"schema":{"@context":"https:\/\/schema.org","@graph":[{"@type":"Article","@id":"https:\/\/mont-roig.cat\/es\/actualitat\/noticies\/el-ayuntamiento-aprueba-los-proyectos-de-urbanizacion-y-reparcelacion-del-poligono-industrial-dels-comellarets\/#article","isPartOf":{"@id":"https:\/\/mont-roig.cat\/es\/actualitat\/noticies\/el-ayuntamiento-aprueba-los-proyectos-de-urbanizacion-y-reparcelacion-del-poligono-industrial-dels-comellarets\/"},"author":{"name":"comunicacio","@id":"https:\/\/mont-roig.cat\/es\/#\/schema\/person\/1f73e7b5e6f9dd122e8a6f14f310ac5e"},"headline":"El Ayuntamiento aprueba los proyectos de urbanizaci\u00f3n y reparcelaci\u00f3n del pol\u00edgono industrial de Els Comellarets","datePublished":"2025-05-28T12:52:37+00:00","dateModified":"2025-05-28T18:10:54+00:00","mainEntityOfPage":{"@id":"https:\/\/mont-roig.cat\/es\/actualitat\/noticies\/el-ayuntamiento-aprueba-los-proyectos-de-urbanizacion-y-reparcelacion-del-poligono-industrial-dels-comellarets\/"},"wordCount":246,"image":{"@id":"https:\/\/mont-roig.cat\/es\/actualitat\/noticies\/el-ayuntamiento-aprueba-los-proyectos-de-urbanizacion-y-reparcelacion-del-poligono-industrial-dels-comellarets\/#primaryimage"},"thumbnailUrl":"https:\/\/mont-roig.cat\/wp-content\/uploads\/Projecte-Reparcelacio-Lotte.png","articleSection":["Alcalde","Ayuntamiento","Lotte","Urbanismo y obras"],"inLanguage":"es"},{"@type":"WebPage","@id":"https:\/\/mont-roig.cat\/es\/actualitat\/noticies\/el-ayuntamiento-aprueba-los-proyectos-de-urbanizacion-y-reparcelacion-del-poligono-industrial-dels-comellarets\/","url":"https:\/\/mont-roig.cat\/es\/actualitat\/noticies\/el-ayuntamiento-aprueba-los-proyectos-de-urbanizacion-y-reparcelacion-del-poligono-industrial-dels-comellarets\/","name":"El Ayuntamiento aprueba los proyectos de urbanizaci\u00f3n y reparcelaci\u00f3n del pol\u00edgono industrial de Els Comellarets - Ajuntament de Mont-roig del Camp","isPartOf":{"@id":"https:\/\/mont-roig.cat\/es\/#website"},"primaryImageOfPage":{"@id":"https:\/\/mont-roig.cat\/es\/actualitat\/noticies\/el-ayuntamiento-aprueba-los-proyectos-de-urbanizacion-y-reparcelacion-del-poligono-industrial-dels-comellarets\/#primaryimage"},"image":{"@id":"https:\/\/mont-roig.cat\/es\/actualitat\/noticies\/el-ayuntamiento-aprueba-los-proyectos-de-urbanizacion-y-reparcelacion-del-poligono-industrial-dels-comellarets\/#primaryimage"},"thumbnailUrl":"https:\/\/mont-roig.cat\/wp-content\/uploads\/Projecte-Reparcelacio-Lotte.png","datePublished":"2025-05-28T12:52:37+00:00","dateModified":"2025-05-28T18:10:54+00:00","author":{"@id":"https:\/\/mont-roig.cat\/es\/#\/schema\/person\/1f73e7b5e6f9dd122e8a6f14f310ac5e"},"breadcrumb":{"@id":"https:\/\/mont-roig.cat\/es\/actualitat\/noticies\/el-ayuntamiento-aprueba-los-proyectos-de-urbanizacion-y-reparcelacion-del-poligono-industrial-dels-comellarets\/#breadcrumb"},"inLanguage":"es","potentialAction":[{"@type":"ReadAction","target":["https:\/\/mont-roig.cat\/es\/actualitat\/noticies\/el-ayuntamiento-aprueba-los-proyectos-de-urbanizacion-y-reparcelacion-del-poligono-industrial-dels-comellarets\/"]}]},{"@type":"ImageObject","inLanguage":"es","@id":"https:\/\/mont-roig.cat\/es\/actualitat\/noticies\/el-ayuntamiento-aprueba-los-proyectos-de-urbanizacion-y-reparcelacion-del-poligono-industrial-dels-comellarets\/#primaryimage","url":"https:\/\/mont-roig.cat\/wp-content\/uploads\/Projecte-Reparcelacio-Lotte.png","contentUrl":"https:\/\/mont-roig.cat\/wp-content\/uploads\/Projecte-Reparcelacio-Lotte.png","width":1070,"height":862},{"@type":"BreadcrumbList","@id":"https:\/\/mont-roig.cat\/es\/actualitat\/noticies\/el-ayuntamiento-aprueba-los-proyectos-de-urbanizacion-y-reparcelacion-del-poligono-industrial-dels-comellarets\/#breadcrumb","itemListElement":[{"@type":"ListItem","position":1,"name":"Inici","item":"https:\/\/mont-roig.cat\/es\/pagina-de-inicio\/"},{"@type":"ListItem","position":2,"name":"El Ayuntamiento aprueba los proyectos de urbanizaci\u00f3n y reparcelaci\u00f3n del pol\u00edgono industrial de Els Comellarets"}]},{"@type":"WebSite","@id":"https:\/\/mont-roig.cat\/es\/#website","url":"https:\/\/mont-roig.cat\/es\/","name":"Ajuntament de Mont-roig del Camp","description":"Tota la informaci\u00f3 sobre la instituci\u00f3, els seus \u00f2rgans de govern, actualitat, serveis i molt m\u00e9s.","potentialAction":[{"@type":"SearchAction","target":{"@type":"EntryPoint","urlTemplate":"https:\/\/mont-roig.cat\/es\/?s={search_term_string}"},"query-input":{"@type":"PropertyValueSpecification","valueRequired":true,"valueName":"search_term_string"}}],"inLanguage":"es"},{"@type":"Person","@id":"https:\/\/mont-roig.cat\/es\/#\/schema\/person\/1f73e7b5e6f9dd122e8a6f14f310ac5e","name":"comunicacio","image":{"@type":"ImageObject","inLanguage":"es","@id":"https:\/\/secure.gravatar.com\/avatar\/98944333e7a877670a64f8d10f0cb680ab2c9ebc4efc43945ef004b52b5ad28c?s=96&d=mm&r=g","url":"https:\/\/secure.gravatar.com\/avatar\/98944333e7a877670a64f8d10f0cb680ab2c9ebc4efc43945ef004b52b5ad28c?s=96&d=mm&r=g","contentUrl":"https:\/\/secure.gravatar.com\/avatar\/98944333e7a877670a64f8d10f0cb680ab2c9ebc4efc43945ef004b52b5ad28c?s=96&d=mm&r=g","caption":"comunicacio"},"url":"https:\/\/mont-roig.cat\/es\/actualitat\/noticies\/author\/comunicacio\/"}]}},"_links":{"self":[{"href":"https:\/\/mont-roig.cat\/es\/wp-json\/wp\/v2\/posts\/83538","targetHints":{"allow":["GET"]}}],"collection":[{"href":"https:\/\/mont-roig.cat\/es\/wp-json\/wp\/v2\/posts"}],"about":[{"href":"https:\/\/mont-roig.cat\/es\/wp-json\/wp\/v2\/types\/post"}],"author":[{"embeddable":true,"href":"https:\/\/mont-roig.cat\/es\/wp-json\/wp\/v2\/users\/13"}],"replies":[{"embeddable":true,"href":"https:\/\/mont-roig.cat\/es\/wp-json\/wp\/v2\/comments?post=83538"}],"version-history":[{"count":3,"href":"https:\/\/mont-roig.cat\/es\/wp-json\/wp\/v2\/posts\/83538\/revisions"}],"predecessor-version":[{"id":83548,"href":"https:\/\/mont-roig.cat\/es\/wp-json\/wp\/v2\/posts\/83538\/revisions\/83548"}],"wp:featuredmedia":[{"embeddable":true,"href":"https:\/\/mont-roig.cat\/es\/wp-json\/wp\/v2\/media\/83533"}],"wp:attachment":[{"href":"https:\/\/mont-roig.cat\/es\/wp-json\/wp\/v2\/media?parent=83538"}],"wp:term":[{"taxonomy":"category","embeddable":true,"href":"https:\/\/mont-roig.cat\/es\/wp-json\/wp\/v2\/categories?post=83538"},{"taxonomy":"post_tag","embeddable":true,"href":"https:\/\/mont-roig.cat\/es\/wp-json\/wp\/v2\/tags?post=83538"}],"curies":[{"name":"wp","href":"https:\/\/api.w.org\/{rel}","templated":true}]}}