{"id":83577,"date":"2025-05-29T16:56:06","date_gmt":"2025-05-29T14:56:06","guid":{"rendered":"https:\/\/mont-roig.cat\/actualitat\/noticies\/lecoespai-entra-en-funcionament-amb-el-trasllat-de-diverses-regidories-municipals\/"},"modified":"2025-10-02T09:33:23","modified_gmt":"2025-10-02T07:33:23","slug":"el-ecoespai-entra-en-funcionamiento-con-el-traslado-de-varias-concejalias-municipales","status":"publish","type":"post","link":"https:\/\/mont-roig.cat\/es\/actualitat\/noticies\/el-ecoespai-entra-en-funcionamiento-con-el-traslado-de-varias-concejalias-municipales\/","title":{"rendered":"El Ecoespai entra en funcionamiento con el traslado de varias concejal\u00edas municipales"},"content":{"rendered":"<div class=\"wpb-content-wrapper\">[vc_row][vc_column][vc_column_text]<strong><strong><a href=\"https:\/\/mont-roig.cat\/wp-content\/uploads\/Ecoespai3-1.jpg\" target=\"_blank\" rel=\"noopener\"><img loading=\"lazy\" decoding=\"async\" class=\"alignright wp-image-83559\" src=\"https:\/\/mont-roig.cat\/wp-content\/uploads\/Ecoespai3-1-500x375.jpg\" alt=\"\" width=\"295\" height=\"221\" srcset=\"https:\/\/mont-roig.cat\/wp-content\/uploads\/Ecoespai3-1-500x375.jpg 500w, https:\/\/mont-roig.cat\/wp-content\/uploads\/Ecoespai3-1-1024x768.jpg 1024w, https:\/\/mont-roig.cat\/wp-content\/uploads\/Ecoespai3-1-768x576.jpg 768w, https:\/\/mont-roig.cat\/wp-content\/uploads\/Ecoespai3-1-1536x1152.jpg 1536w, https:\/\/mont-roig.cat\/wp-content\/uploads\/Ecoespai3-1-463x348.jpg 463w, https:\/\/mont-roig.cat\/wp-content\/uploads\/Ecoespai3-1.jpg 1600w\" sizes=\"auto, (max-width: 295px) 100vw, 295px\" \/><\/a><\/strong><\/strong><\/p>\n<ul>\n<li data-start=\"109\" data-end=\"353\"><strong>Por otro lado, la Oficina Municipal de Escolarizaci\u00f3n (OME) se traslada a la Avinguda de M\u00e0laga, 32, en el edificio que ocupaba hasta ahora el Espai.<\/strong><\/li>\n<\/ul>\n<p data-start=\"355\" data-end=\"897\">El Ajuntament de Mont-roig del Camp ha iniciado esta semana el traslado de varias concejal\u00edas municipales al nuevo Ecoespai de Miami Platja, un equipamiento moderno concebido para concentrar servicios estrat\u00e9gicos y fomentar la transici\u00f3n ecol\u00f3gica y la actividad econ\u00f3mica en el municipio. El traslado se ha hecho de forma escalonada y desde esta misma semana, este equipamiento municipal acoge las concejal\u00edas de Turisme, Impuls Econ\u00f2mic, Platges, Medi Natural i Salut P\u00fablica, Transici\u00f3 Energ\u00e8tica i Ecol\u00f2gica, y Residus i Neteja Vi\u00e0ria.<\/p>\n<p data-start=\"899\" data-end=\"1139\">El Ecoespai, situado en el centro de Miami Platja, en el carrer Girona, ha sido dise\u00f1ado con criterios de eficiencia energ\u00e9tica y sostenibilidad ambiental, y acoger\u00e1 tanto servicios municipales como espacios para empresas y emprendedores.<\/p>\n<p data-start=\"1141\" data-end=\"1549\">Adem\u00e1s de las oficinas que ocupan las concejal\u00edas, entre sus equipamientos destacan: una sala de actos con capacidad para 180 personas, 4 despachos para empresas, un espacio de coworking con 8 puestos de trabajo y 2 salas de reuniones y un aula de formaci\u00f3n.<br data-start=\"1399\" data-end=\"1402\" \/>Estos espacios de coworking estar\u00e1n disponibles para alquiler mediante los precios p\u00fablicos aprobados por el Ajuntament, en las pr\u00f3ximas semanas.<\/p>\n<p><strong data-start=\"1551\" data-end=\"1574\">Atenci\u00f3n al p\u00fablico<\/strong><br data-start=\"1574\" data-end=\"1577\" \/>Uno de los servicios destacados que se ha instalado en el Ecoespai con atenci\u00f3n al p\u00fablico es el \u00c1rea d\u2019Impuls Econ\u00f2mic i Ocupaci\u00f3, que trabaja para fomentar el empleo y fortalecer el tejido empresarial local. Desde este servicio se ofrecen:<\/p>\n<ul>\n<li>Bolsa de Trabajo Municipal<\/li>\n<li>Asesoramiento a emprendedores y empresas, desde la idea de negocio hasta la consolidaci\u00f3n.<\/li>\n<li>Formaci\u00f3n especializada, especialmente para personas desempleadas.<\/li>\n<li>Promoci\u00f3n del suelo industrial y apoyo al comercio local.<\/li>\n<\/ul>\n<p data-start=\"2081\" data-end=\"2370\"><strong data-start=\"2081\" data-end=\"2103\">Traslado de la OME<\/strong><br data-start=\"2103\" data-end=\"2106\" \/>Paralelamente, el Ajuntament de Mont-roig del Camp informa que la Oficina Municipal de Escolarizaci\u00f3n (OME), hasta ahora ubicada en el Centre Polivalent de Miami Platja, se traslada a la Avinguda de M\u00e0laga, 32, en el equipamiento que ocupaba hasta ahora l\u2019Espai.<\/p>\n<p data-start=\"2372\" data-end=\"2622\" data-is-last-node=\"\" data-is-only-node=\"\"><strong data-start=\"2372\" data-end=\"2392\">M\u00e1s informaci\u00f3n:<\/strong><br data-start=\"2392\" data-end=\"2395\" \/>\u00c0REA D\u2019IMPULS ECON\u00d2MIC I OCUPACI\u00d3 \u2013 Ajuntament de Mont-roig del Camp<\/p>\n<ul>\n<li data-start=\"2372\" data-end=\"2622\"><strong data-start=\"2466\" data-end=\"2478\">ECOESPAI<\/strong><\/li>\n<li data-start=\"2372\" data-end=\"2622\">Pla\u00e7a de Girona, s\/n<\/li>\n<li data-start=\"2372\" data-end=\"2622\">43892 Miami Platja<\/li>\n<li data-start=\"2372\" data-end=\"2622\">Tel. 977 17 25 27 \u2013 <a class=\"cursor-pointer\" rel=\"noopener\" data-start=\"2545\" data-end=\"2567\" data-is-only-node=\"\">promocio@mont-roig.cat<\/a><\/li>\n<li data-start=\"2372\" data-end=\"2622\">Horario de atenci\u00f3n: De lunes a viernes, de 9 a 14 h<\/li>\n<\/ul>\n\n\t\t<!-- MasterSlider -->\n\t\t<div id=\"P_MS69f3c113e38ff\" class=\"master-slider-parent master-slider-gallery   ms-parent-id-0\"  >\n\n\t\t\t\n\t\t\t<!-- MasterSlider Main -->\n\t\t\t<div id=\"MS69f3c113e38ff\" class=\"master-slider ms-skin-default\" >\n\t\t\t\t \t\t\t\t \n\t\t\t<div  class=\"ms-slide\" data-delay=\"3\"    >\n\t\t\t\t\t<img decoding=\"async\" src=\"https:\/\/mont-roig.cat\/wp-content\/plugins\/masterslider\/public\/assets\/css\/blank.gif\" alt=\"OME\" title=\"OME\" data-src=\"https:\/\/mont-roig.cat\/wp-content\/uploadsArray\" \/>\n\t<a href=\"http:\/\/Array\" target=\"_self\"    >OME<\/a>\n\n\t\t\t\t\t<div class=\"ms-info\">OME<\/div>\n\n\n\t<img decoding=\"async\" class=\"ms-thumb\" src=\"https:\/\/mont-roig.cat\/wp-content\/uploadsArray\" alt=\"OME\" \/>\n\t\t\t\t<\/div>\n\t\t\t<div  class=\"ms-slide\" data-delay=\"3\"    >\n\t\t\t\t\t<img decoding=\"async\" src=\"https:\/\/mont-roig.cat\/wp-content\/plugins\/masterslider\/public\/assets\/css\/blank.gif\" alt=\"Ecoiespai\" title=\"Ecoiespai\" data-src=\"https:\/\/mont-roig.cat\/wp-content\/uploadsArray\" \/>\n\t<a href=\"http:\/\/Array\" target=\"_self\"    >Ecoiespai<\/a>\n\n\t\t\t\t\t<div class=\"ms-info\">Ecoiespai<\/div>\n\n\n\t<img decoding=\"async\" class=\"ms-thumb\" src=\"https:\/\/mont-roig.cat\/wp-content\/uploadsArray\" alt=\"Ecoiespai\" \/>\n\t\t\t\t<\/div>\n\t\t\t<div  class=\"ms-slide\" data-delay=\"3\"    >\n\t\t\t\t\t<img decoding=\"async\" src=\"https:\/\/mont-roig.cat\/wp-content\/plugins\/masterslider\/public\/assets\/css\/blank.gif\" alt=\"Sala actes\" title=\"Sala actes\" data-src=\"https:\/\/mont-roig.cat\/wp-content\/uploadsArray\" \/>\n\t<a href=\"http:\/\/Array\" target=\"_self\"    >Sala actes<\/a>\n\n\t\t\t\t\t<div class=\"ms-info\">Sala actes<\/div>\n\n\n\t<img decoding=\"async\" class=\"ms-thumb\" src=\"https:\/\/mont-roig.cat\/wp-content\/uploadsArray\" alt=\"Sala actes\" \/>\n\t\t\t\t<\/div>\n\t\t\t<div  class=\"ms-slide\" data-delay=\"3\"    >\n\t\t\t\t\t<img decoding=\"async\" src=\"https:\/\/mont-roig.cat\/wp-content\/plugins\/masterslider\/public\/assets\/css\/blank.gif\" alt=\"Regidories 3\" title=\"Regidories 3\" data-src=\"https:\/\/mont-roig.cat\/wp-content\/uploadsArray\" \/>\n\t<a href=\"http:\/\/Array\" target=\"_self\"    >Regidories 3<\/a>\n\n\t\t\t\t\t<div class=\"ms-info\">Regidories 3<\/div>\n\n\n\t<img decoding=\"async\" class=\"ms-thumb\" src=\"https:\/\/mont-roig.cat\/wp-content\/uploadsArray\" alt=\"Regidories 3\" \/>\n\t\t\t\t<\/div>\n\t\t\t<div  class=\"ms-slide\" data-delay=\"3\"    >\n\t\t\t\t\t<img decoding=\"async\" src=\"https:\/\/mont-roig.cat\/wp-content\/plugins\/masterslider\/public\/assets\/css\/blank.gif\" alt=\"REgidories4\" title=\"REgidories4\" data-src=\"https:\/\/mont-roig.cat\/wp-content\/uploadsArray\" \/>\n\t<a href=\"http:\/\/Array\" target=\"_self\"    >REgidories4<\/a>\n\n\t\t\t\t\t<div class=\"ms-info\">REgidories4<\/div>\n\n\n\t<img decoding=\"async\" class=\"ms-thumb\" src=\"https:\/\/mont-roig.cat\/wp-content\/uploadsArray\" alt=\"REgidories4\" \/>\n\t\t\t\t<\/div>\n\t\t\t<div  class=\"ms-slide\" data-delay=\"3\"    >\n\t\t\t\t\t<img decoding=\"async\" src=\"https:\/\/mont-roig.cat\/wp-content\/plugins\/masterslider\/public\/assets\/css\/blank.gif\" alt=\"REgidories\" title=\"REgidories\" data-src=\"https:\/\/mont-roig.cat\/wp-content\/uploadsArray\" \/>\n\t<a href=\"http:\/\/Array\" target=\"_self\"    >REgidories<\/a>\n\n\t\t\t\t\t<div class=\"ms-info\">REgidories<\/div>\n\n\n\t<img decoding=\"async\" class=\"ms-thumb\" src=\"https:\/\/mont-roig.cat\/wp-content\/uploadsArray\" alt=\"REgidories\" \/>\n\t\t\t\t<\/div>\n\t\t\t<div  class=\"ms-slide\" data-delay=\"3\"    >\n\t\t\t\t\t<img decoding=\"async\" src=\"https:\/\/mont-roig.cat\/wp-content\/plugins\/masterslider\/public\/assets\/css\/blank.gif\" alt=\"Ecoespai2\" title=\"Ecoespai2\" data-src=\"https:\/\/mont-roig.cat\/wp-content\/uploadsArray\" \/>\n\t<a href=\"http:\/\/Array\" target=\"_self\"    >Ecoespai2<\/a>\n\n\t\t\t\t\t<div class=\"ms-info\">Ecoespai2<\/div>\n\n\n\t<img decoding=\"async\" class=\"ms-thumb\" src=\"https:\/\/mont-roig.cat\/wp-content\/uploadsArray\" alt=\"Ecoespai2\" \/>\n\t\t\t\t<\/div>\n\t\t\t<div  class=\"ms-slide\" data-delay=\"3\"    >\n\t\t\t\t\t<img decoding=\"async\" src=\"https:\/\/mont-roig.cat\/wp-content\/plugins\/masterslider\/public\/assets\/css\/blank.gif\" alt=\"regidories2\" title=\"regidories2\" data-src=\"https:\/\/mont-roig.cat\/wp-content\/uploadsArray\" \/>\n\t<a href=\"http:\/\/Array\" target=\"_self\"    >regidories2<\/a>\n\n\t\t\t\t\t<div class=\"ms-info\">regidories2<\/div>\n\n\n\t<img decoding=\"async\" class=\"ms-thumb\" src=\"https:\/\/mont-roig.cat\/wp-content\/uploadsArray\" alt=\"regidories2\" \/>\n\t\t\t\t<\/div>\n\n\t\t\t<\/div>\n\t\t\t<!-- END MasterSlider Main -->\n\n\t\t\t \n\t\t<\/div>\n\t\t<!-- END MasterSlider -->\n\n\t\t<script>\n\t\t( window.MSReady = window.MSReady || [] ).push( function( $ ) {\n\n\t\t\t\"use strict\";\n\t\t\tvar masterslider_38ff = new MasterSlider();\n\n\t\t\t\/\/ slider controls\n\t\t\tmasterslider_38ff.control('arrows'     ,{ autohide:true, overVideo:true  });\n\t\t\tmasterslider_38ff.control('thumblist'  ,{ autohide:false, overVideo:true, dir:'h', speed:17, inset:false, arrows:false, hover:false, customClass:'', align:'bottom',type:'thumbs', margin:2, width:140, height:80, space:2, fillMode:'fill'  });\n\t\t\tmasterslider_38ff.control('slideinfo'  ,{ autohide:true, overVideo:true, dir:'h', align:'bottom',inset:true , margin:80  , size:30 });\n\t\t\t\/\/ slider setup\n\t\t\tmasterslider_38ff.setup(\"MS69f3c113e38ff\", {\n\t\t\t\twidth           : 960,\n\t\t\t\theight          : 540,\n\t\t\t\tminHeight       : 0,\n\t\t\t\tspace           : 0,\n\t\t\t\tstart           : 1,\n\t\t\t\tgrabCursor      : true,\n\t\t\t\tswipe           : true,\n\t\t\t\tmouse           : true,\n\t\t\t\tkeyboard        : false,\n\t\t\t\tlayout          : \"fillwidth\",\n\t\t\t\twheel           : false,\n\t\t\t\tautoplay        : false,\n                instantStartLayers:false,\n\t\t\t\tmobileBGVideo:false,\n\t\t\t\tloop            : false,\n\t\t\t\tshuffle         : false,\n\t\t\t\tpreload         : 3,\n\t\t\t\theightLimit     : false,\n\t\t\t\tautoHeight      : false,\n\t\t\t\tsmoothHeight    : true,\n\t\t\t\tendPause        : false,\n\t\t\t\toverPause       : false,\n\t\t\t\tfillMode        : \"fill\",\n\t\t\t\tcenterControls  : true,\n\t\t\t\tstartOnAppear   : false,\n\t\t\t\tlayersMode      : \"center\",\n\t\t\t\tautofillTarget  : \"\",\n\t\t\t\thideLayers      : false,\n\t\t\t\tfullscreenMargin: 0,\n\t\t\t\tspeed           : 17,\n\t\t\t\tdir             : \"h\",\n\t\t\t\tparallaxMode    : 'swipe',\n\t\t\t\tview            : \"basic\"\n\t\t\t});\n\n\t\t\t\n\t\t\twindow.masterslider_instances = window.masterslider_instances || [];\n\t\t\twindow.masterslider_instances.push( masterslider_38ff );\n\t\t});\n\t\t<\/script>\n\n\n[\/vc_column_text][\/vc_column][\/vc_row][vc_row][vc_column][vc_column_text css=&#8221;&#8221;]<a href=\"https:\/\/mont-roig.cat\/wp-content\/uploads\/LOGOS-PSTD-ACTUALITZATS-scaled.png\"><img loading=\"lazy\" decoding=\"async\" class=\"wp-image-85908 size-medium alignleft\" src=\"https:\/\/mont-roig.cat\/wp-content\/uploads\/LOGOS-PSTD-ACTUALITZATS-500x67.png\" alt=\"\" width=\"500\" height=\"67\" srcset=\"https:\/\/mont-roig.cat\/wp-content\/uploads\/LOGOS-PSTD-ACTUALITZATS-500x67.png 500w, https:\/\/mont-roig.cat\/wp-content\/uploads\/LOGOS-PSTD-ACTUALITZATS-1024x137.png 1024w, https:\/\/mont-roig.cat\/wp-content\/uploads\/LOGOS-PSTD-ACTUALITZATS-768x103.png 768w, https:\/\/mont-roig.cat\/wp-content\/uploads\/LOGOS-PSTD-ACTUALITZATS-1536x205.png 1536w, https:\/\/mont-roig.cat\/wp-content\/uploads\/LOGOS-PSTD-ACTUALITZATS-scaled.png 2048w\" sizes=\"auto, (max-width: 500px) 100vw, 500px\" \/><\/a>[\/vc_column_text][\/vc_column][\/vc_row]\n<\/div>","protected":false},"excerpt":{"rendered":"<p>[vc_row][vc_column][vc_column_text] Por otro lado, la Oficina Municipal de Escolarizaci\u00f3n (OME) se traslada a la Avinguda de M\u00e0laga, 32, en el edificio que ocupaba hasta ahora el Espai. El Ajuntament de Mont-roig del Camp ha iniciado esta semana el traslado de varias concejal\u00edas municipales al nuevo Ecoespai de Miami Platja, un equipamiento moderno concebido para concentrar [&hellip;]<\/p>\n","protected":false},"author":13,"featured_media":83560,"comment_status":"closed","ping_status":"closed","sticky":false,"template":"","format":"standard","meta":{"inline_featured_image":false,"_monsterinsights_skip_tracking":false,"_monsterinsights_sitenote_active":false,"_monsterinsights_sitenote_note":"","_monsterinsights_sitenote_category":0,"footnotes":""},"categories":[98,169,250],"tags":[],"class_list":["post-83577","post","type-post","status-publish","format-standard","has-post-thumbnail","hentry","category-ayuntamiento","category-impuls-economic-i-ocupacio-es","category-pstd-es"],"yoast_head":"<!-- This site is optimized with the Yoast SEO plugin v27.4 - https:\/\/yoast.com\/product\/yoast-seo-wordpress\/ -->\n<title>El Ecoespai entra en funcionamiento con el traslado de varias concejal\u00edas municipales - Ajuntament de Mont-roig del Camp<\/title>\n<meta name=\"robots\" content=\"index, follow, max-snippet:-1, max-image-preview:large, max-video-preview:-1\" \/>\n<link rel=\"canonical\" href=\"https:\/\/mont-roig.cat\/es\/actualitat\/noticies\/el-ecoespai-entra-en-funcionamiento-con-el-traslado-de-varias-concejalias-municipales\/\" \/>\n<meta property=\"og:locale\" content=\"es_ES\" \/>\n<meta property=\"og:type\" content=\"article\" \/>\n<meta property=\"og:title\" content=\"El Ecoespai entra en funcionamiento con el traslado de varias concejal\u00edas municipales - Ajuntament de Mont-roig del Camp\" \/>\n<meta property=\"og:description\" content=\"[vc_row][vc_column][vc_column_text] Por otro lado, la Oficina Municipal de Escolarizaci\u00f3n (OME) se traslada a la Avinguda de M\u00e0laga, 32, en el edificio que ocupaba hasta ahora el Espai. El Ajuntament de Mont-roig del Camp ha iniciado esta semana el traslado de varias concejal\u00edas municipales al nuevo Ecoespai de Miami Platja, un equipamiento moderno concebido para concentrar [&hellip;]\" \/>\n<meta property=\"og:url\" content=\"https:\/\/mont-roig.cat\/es\/actualitat\/noticies\/el-ecoespai-entra-en-funcionamiento-con-el-traslado-de-varias-concejalias-municipales\/\" \/>\n<meta property=\"og:site_name\" content=\"Ajuntament de Mont-roig del Camp\" \/>\n<meta property=\"article:published_time\" content=\"2025-05-29T14:56:06+00:00\" \/>\n<meta property=\"article:modified_time\" content=\"2025-10-02T07:33:23+00:00\" \/>\n<meta property=\"og:image\" content=\"https:\/\/mont-roig.cat\/wp-content\/uploads\/Ecoespai3-1.jpg\" \/>\n\t<meta property=\"og:image:width\" content=\"1600\" \/>\n\t<meta property=\"og:image:height\" content=\"1200\" \/>\n\t<meta property=\"og:image:type\" content=\"image\/jpeg\" \/>\n<meta name=\"author\" content=\"comunicacio\" \/>\n<meta name=\"twitter:card\" content=\"summary_large_image\" \/>\n<meta name=\"twitter:label1\" content=\"Escrito por\" \/>\n\t<meta name=\"twitter:data1\" content=\"comunicacio\" \/>\n\t<meta name=\"twitter:label2\" content=\"Tiempo de lectura\" \/>\n\t<meta name=\"twitter:data2\" content=\"3 minutos\" \/>\n<script type=\"application\/ld+json\" class=\"yoast-schema-graph\">{\"@context\":\"https:\\\/\\\/schema.org\",\"@graph\":[{\"@type\":\"Article\",\"@id\":\"https:\\\/\\\/mont-roig.cat\\\/es\\\/actualitat\\\/noticies\\\/el-ecoespai-entra-en-funcionamiento-con-el-traslado-de-varias-concejalias-municipales\\\/#article\",\"isPartOf\":{\"@id\":\"https:\\\/\\\/mont-roig.cat\\\/es\\\/actualitat\\\/noticies\\\/el-ecoespai-entra-en-funcionamiento-con-el-traslado-de-varias-concejalias-municipales\\\/\"},\"author\":{\"name\":\"comunicacio\",\"@id\":\"https:\\\/\\\/mont-roig.cat\\\/es\\\/#\\\/schema\\\/person\\\/1f73e7b5e6f9dd122e8a6f14f310ac5e\"},\"headline\":\"El Ecoespai entra en funcionamiento con el traslado de varias concejal\u00edas municipales\",\"datePublished\":\"2025-05-29T14:56:06+00:00\",\"dateModified\":\"2025-10-02T07:33:23+00:00\",\"mainEntityOfPage\":{\"@id\":\"https:\\\/\\\/mont-roig.cat\\\/es\\\/actualitat\\\/noticies\\\/el-ecoespai-entra-en-funcionamiento-con-el-traslado-de-varias-concejalias-municipales\\\/\"},\"wordCount\":444,\"image\":{\"@id\":\"https:\\\/\\\/mont-roig.cat\\\/es\\\/actualitat\\\/noticies\\\/el-ecoespai-entra-en-funcionamiento-con-el-traslado-de-varias-concejalias-municipales\\\/#primaryimage\"},\"thumbnailUrl\":\"https:\\\/\\\/mont-roig.cat\\\/wp-content\\\/uploads\\\/Ecoespai3-1.jpg\",\"articleSection\":[\"Ayuntamiento\",\"Impuls Econ\u00f2mic i Ocupaci\u00f3\",\"PSTD\"],\"inLanguage\":\"es\"},{\"@type\":\"WebPage\",\"@id\":\"https:\\\/\\\/mont-roig.cat\\\/es\\\/actualitat\\\/noticies\\\/el-ecoespai-entra-en-funcionamiento-con-el-traslado-de-varias-concejalias-municipales\\\/\",\"url\":\"https:\\\/\\\/mont-roig.cat\\\/es\\\/actualitat\\\/noticies\\\/el-ecoespai-entra-en-funcionamiento-con-el-traslado-de-varias-concejalias-municipales\\\/\",\"name\":\"El Ecoespai entra en funcionamiento con el traslado de varias concejal\u00edas municipales - Ajuntament de Mont-roig del Camp\",\"isPartOf\":{\"@id\":\"https:\\\/\\\/mont-roig.cat\\\/es\\\/#website\"},\"primaryImageOfPage\":{\"@id\":\"https:\\\/\\\/mont-roig.cat\\\/es\\\/actualitat\\\/noticies\\\/el-ecoespai-entra-en-funcionamiento-con-el-traslado-de-varias-concejalias-municipales\\\/#primaryimage\"},\"image\":{\"@id\":\"https:\\\/\\\/mont-roig.cat\\\/es\\\/actualitat\\\/noticies\\\/el-ecoespai-entra-en-funcionamiento-con-el-traslado-de-varias-concejalias-municipales\\\/#primaryimage\"},\"thumbnailUrl\":\"https:\\\/\\\/mont-roig.cat\\\/wp-content\\\/uploads\\\/Ecoespai3-1.jpg\",\"datePublished\":\"2025-05-29T14:56:06+00:00\",\"dateModified\":\"2025-10-02T07:33:23+00:00\",\"author\":{\"@id\":\"https:\\\/\\\/mont-roig.cat\\\/es\\\/#\\\/schema\\\/person\\\/1f73e7b5e6f9dd122e8a6f14f310ac5e\"},\"breadcrumb\":{\"@id\":\"https:\\\/\\\/mont-roig.cat\\\/es\\\/actualitat\\\/noticies\\\/el-ecoespai-entra-en-funcionamiento-con-el-traslado-de-varias-concejalias-municipales\\\/#breadcrumb\"},\"inLanguage\":\"es\",\"potentialAction\":[{\"@type\":\"ReadAction\",\"target\":[\"https:\\\/\\\/mont-roig.cat\\\/es\\\/actualitat\\\/noticies\\\/el-ecoespai-entra-en-funcionamiento-con-el-traslado-de-varias-concejalias-municipales\\\/\"]}]},{\"@type\":\"ImageObject\",\"inLanguage\":\"es\",\"@id\":\"https:\\\/\\\/mont-roig.cat\\\/es\\\/actualitat\\\/noticies\\\/el-ecoespai-entra-en-funcionamiento-con-el-traslado-de-varias-concejalias-municipales\\\/#primaryimage\",\"url\":\"https:\\\/\\\/mont-roig.cat\\\/wp-content\\\/uploads\\\/Ecoespai3-1.jpg\",\"contentUrl\":\"https:\\\/\\\/mont-roig.cat\\\/wp-content\\\/uploads\\\/Ecoespai3-1.jpg\",\"width\":1600,\"height\":1200},{\"@type\":\"BreadcrumbList\",\"@id\":\"https:\\\/\\\/mont-roig.cat\\\/es\\\/actualitat\\\/noticies\\\/el-ecoespai-entra-en-funcionamiento-con-el-traslado-de-varias-concejalias-municipales\\\/#breadcrumb\",\"itemListElement\":[{\"@type\":\"ListItem\",\"position\":1,\"name\":\"Inici\",\"item\":\"https:\\\/\\\/mont-roig.cat\\\/es\\\/pagina-de-inicio\\\/\"},{\"@type\":\"ListItem\",\"position\":2,\"name\":\"El Ecoespai entra en funcionamiento con el traslado de varias concejal\u00edas municipales\"}]},{\"@type\":\"WebSite\",\"@id\":\"https:\\\/\\\/mont-roig.cat\\\/es\\\/#website\",\"url\":\"https:\\\/\\\/mont-roig.cat\\\/es\\\/\",\"name\":\"Ajuntament de Mont-roig del Camp\",\"description\":\"Tota la informaci\u00f3 sobre la instituci\u00f3, els seus \u00f2rgans de govern, actualitat, serveis i molt m\u00e9s.\",\"potentialAction\":[{\"@type\":\"SearchAction\",\"target\":{\"@type\":\"EntryPoint\",\"urlTemplate\":\"https:\\\/\\\/mont-roig.cat\\\/es\\\/?s={search_term_string}\"},\"query-input\":{\"@type\":\"PropertyValueSpecification\",\"valueRequired\":true,\"valueName\":\"search_term_string\"}}],\"inLanguage\":\"es\"},{\"@type\":\"Person\",\"@id\":\"https:\\\/\\\/mont-roig.cat\\\/es\\\/#\\\/schema\\\/person\\\/1f73e7b5e6f9dd122e8a6f14f310ac5e\",\"name\":\"comunicacio\",\"image\":{\"@type\":\"ImageObject\",\"inLanguage\":\"es\",\"@id\":\"https:\\\/\\\/secure.gravatar.com\\\/avatar\\\/98944333e7a877670a64f8d10f0cb680ab2c9ebc4efc43945ef004b52b5ad28c?s=96&d=mm&r=g\",\"url\":\"https:\\\/\\\/secure.gravatar.com\\\/avatar\\\/98944333e7a877670a64f8d10f0cb680ab2c9ebc4efc43945ef004b52b5ad28c?s=96&d=mm&r=g\",\"contentUrl\":\"https:\\\/\\\/secure.gravatar.com\\\/avatar\\\/98944333e7a877670a64f8d10f0cb680ab2c9ebc4efc43945ef004b52b5ad28c?s=96&d=mm&r=g\",\"caption\":\"comunicacio\"},\"url\":\"https:\\\/\\\/mont-roig.cat\\\/es\\\/actualitat\\\/noticies\\\/author\\\/comunicacio\\\/\"}]}<\/script>\n<!-- \/ Yoast SEO plugin. -->","yoast_head_json":{"title":"El Ecoespai entra en funcionamiento con el traslado de varias concejal\u00edas municipales - Ajuntament de Mont-roig del Camp","robots":{"index":"index","follow":"follow","max-snippet":"max-snippet:-1","max-image-preview":"max-image-preview:large","max-video-preview":"max-video-preview:-1"},"canonical":"https:\/\/mont-roig.cat\/es\/actualitat\/noticies\/el-ecoespai-entra-en-funcionamiento-con-el-traslado-de-varias-concejalias-municipales\/","og_locale":"es_ES","og_type":"article","og_title":"El Ecoespai entra en funcionamiento con el traslado de varias concejal\u00edas municipales - Ajuntament de Mont-roig del Camp","og_description":"[vc_row][vc_column][vc_column_text] Por otro lado, la Oficina Municipal de Escolarizaci\u00f3n (OME) se traslada a la Avinguda de M\u00e0laga, 32, en el edificio que ocupaba hasta ahora el Espai. El Ajuntament de Mont-roig del Camp ha iniciado esta semana el traslado de varias concejal\u00edas municipales al nuevo Ecoespai de Miami Platja, un equipamiento moderno concebido para concentrar [&hellip;]","og_url":"https:\/\/mont-roig.cat\/es\/actualitat\/noticies\/el-ecoespai-entra-en-funcionamiento-con-el-traslado-de-varias-concejalias-municipales\/","og_site_name":"Ajuntament de Mont-roig del Camp","article_published_time":"2025-05-29T14:56:06+00:00","article_modified_time":"2025-10-02T07:33:23+00:00","og_image":[{"width":1600,"height":1200,"url":"https:\/\/mont-roig.cat\/wp-content\/uploads\/Ecoespai3-1.jpg","type":"image\/jpeg"}],"author":"comunicacio","twitter_card":"summary_large_image","twitter_misc":{"Escrito por":"comunicacio","Tiempo de lectura":"3 minutos"},"schema":{"@context":"https:\/\/schema.org","@graph":[{"@type":"Article","@id":"https:\/\/mont-roig.cat\/es\/actualitat\/noticies\/el-ecoespai-entra-en-funcionamiento-con-el-traslado-de-varias-concejalias-municipales\/#article","isPartOf":{"@id":"https:\/\/mont-roig.cat\/es\/actualitat\/noticies\/el-ecoespai-entra-en-funcionamiento-con-el-traslado-de-varias-concejalias-municipales\/"},"author":{"name":"comunicacio","@id":"https:\/\/mont-roig.cat\/es\/#\/schema\/person\/1f73e7b5e6f9dd122e8a6f14f310ac5e"},"headline":"El Ecoespai entra en funcionamiento con el traslado de varias concejal\u00edas municipales","datePublished":"2025-05-29T14:56:06+00:00","dateModified":"2025-10-02T07:33:23+00:00","mainEntityOfPage":{"@id":"https:\/\/mont-roig.cat\/es\/actualitat\/noticies\/el-ecoespai-entra-en-funcionamiento-con-el-traslado-de-varias-concejalias-municipales\/"},"wordCount":444,"image":{"@id":"https:\/\/mont-roig.cat\/es\/actualitat\/noticies\/el-ecoespai-entra-en-funcionamiento-con-el-traslado-de-varias-concejalias-municipales\/#primaryimage"},"thumbnailUrl":"https:\/\/mont-roig.cat\/wp-content\/uploads\/Ecoespai3-1.jpg","articleSection":["Ayuntamiento","Impuls Econ\u00f2mic i Ocupaci\u00f3","PSTD"],"inLanguage":"es"},{"@type":"WebPage","@id":"https:\/\/mont-roig.cat\/es\/actualitat\/noticies\/el-ecoespai-entra-en-funcionamiento-con-el-traslado-de-varias-concejalias-municipales\/","url":"https:\/\/mont-roig.cat\/es\/actualitat\/noticies\/el-ecoespai-entra-en-funcionamiento-con-el-traslado-de-varias-concejalias-municipales\/","name":"El Ecoespai entra en funcionamiento con el traslado de varias concejal\u00edas municipales - Ajuntament de Mont-roig del Camp","isPartOf":{"@id":"https:\/\/mont-roig.cat\/es\/#website"},"primaryImageOfPage":{"@id":"https:\/\/mont-roig.cat\/es\/actualitat\/noticies\/el-ecoespai-entra-en-funcionamiento-con-el-traslado-de-varias-concejalias-municipales\/#primaryimage"},"image":{"@id":"https:\/\/mont-roig.cat\/es\/actualitat\/noticies\/el-ecoespai-entra-en-funcionamiento-con-el-traslado-de-varias-concejalias-municipales\/#primaryimage"},"thumbnailUrl":"https:\/\/mont-roig.cat\/wp-content\/uploads\/Ecoespai3-1.jpg","datePublished":"2025-05-29T14:56:06+00:00","dateModified":"2025-10-02T07:33:23+00:00","author":{"@id":"https:\/\/mont-roig.cat\/es\/#\/schema\/person\/1f73e7b5e6f9dd122e8a6f14f310ac5e"},"breadcrumb":{"@id":"https:\/\/mont-roig.cat\/es\/actualitat\/noticies\/el-ecoespai-entra-en-funcionamiento-con-el-traslado-de-varias-concejalias-municipales\/#breadcrumb"},"inLanguage":"es","potentialAction":[{"@type":"ReadAction","target":["https:\/\/mont-roig.cat\/es\/actualitat\/noticies\/el-ecoespai-entra-en-funcionamiento-con-el-traslado-de-varias-concejalias-municipales\/"]}]},{"@type":"ImageObject","inLanguage":"es","@id":"https:\/\/mont-roig.cat\/es\/actualitat\/noticies\/el-ecoespai-entra-en-funcionamiento-con-el-traslado-de-varias-concejalias-municipales\/#primaryimage","url":"https:\/\/mont-roig.cat\/wp-content\/uploads\/Ecoespai3-1.jpg","contentUrl":"https:\/\/mont-roig.cat\/wp-content\/uploads\/Ecoespai3-1.jpg","width":1600,"height":1200},{"@type":"BreadcrumbList","@id":"https:\/\/mont-roig.cat\/es\/actualitat\/noticies\/el-ecoespai-entra-en-funcionamiento-con-el-traslado-de-varias-concejalias-municipales\/#breadcrumb","itemListElement":[{"@type":"ListItem","position":1,"name":"Inici","item":"https:\/\/mont-roig.cat\/es\/pagina-de-inicio\/"},{"@type":"ListItem","position":2,"name":"El Ecoespai entra en funcionamiento con el traslado de varias concejal\u00edas municipales"}]},{"@type":"WebSite","@id":"https:\/\/mont-roig.cat\/es\/#website","url":"https:\/\/mont-roig.cat\/es\/","name":"Ajuntament de Mont-roig del Camp","description":"Tota la informaci\u00f3 sobre la instituci\u00f3, els seus \u00f2rgans de govern, actualitat, serveis i molt m\u00e9s.","potentialAction":[{"@type":"SearchAction","target":{"@type":"EntryPoint","urlTemplate":"https:\/\/mont-roig.cat\/es\/?s={search_term_string}"},"query-input":{"@type":"PropertyValueSpecification","valueRequired":true,"valueName":"search_term_string"}}],"inLanguage":"es"},{"@type":"Person","@id":"https:\/\/mont-roig.cat\/es\/#\/schema\/person\/1f73e7b5e6f9dd122e8a6f14f310ac5e","name":"comunicacio","image":{"@type":"ImageObject","inLanguage":"es","@id":"https:\/\/secure.gravatar.com\/avatar\/98944333e7a877670a64f8d10f0cb680ab2c9ebc4efc43945ef004b52b5ad28c?s=96&d=mm&r=g","url":"https:\/\/secure.gravatar.com\/avatar\/98944333e7a877670a64f8d10f0cb680ab2c9ebc4efc43945ef004b52b5ad28c?s=96&d=mm&r=g","contentUrl":"https:\/\/secure.gravatar.com\/avatar\/98944333e7a877670a64f8d10f0cb680ab2c9ebc4efc43945ef004b52b5ad28c?s=96&d=mm&r=g","caption":"comunicacio"},"url":"https:\/\/mont-roig.cat\/es\/actualitat\/noticies\/author\/comunicacio\/"}]}},"_links":{"self":[{"href":"https:\/\/mont-roig.cat\/es\/wp-json\/wp\/v2\/posts\/83577","targetHints":{"allow":["GET"]}}],"collection":[{"href":"https:\/\/mont-roig.cat\/es\/wp-json\/wp\/v2\/posts"}],"about":[{"href":"https:\/\/mont-roig.cat\/es\/wp-json\/wp\/v2\/types\/post"}],"author":[{"embeddable":true,"href":"https:\/\/mont-roig.cat\/es\/wp-json\/wp\/v2\/users\/13"}],"replies":[{"embeddable":true,"href":"https:\/\/mont-roig.cat\/es\/wp-json\/wp\/v2\/comments?post=83577"}],"version-history":[{"count":4,"href":"https:\/\/mont-roig.cat\/es\/wp-json\/wp\/v2\/posts\/83577\/revisions"}],"predecessor-version":[{"id":85920,"href":"https:\/\/mont-roig.cat\/es\/wp-json\/wp\/v2\/posts\/83577\/revisions\/85920"}],"wp:featuredmedia":[{"embeddable":true,"href":"https:\/\/mont-roig.cat\/es\/wp-json\/wp\/v2\/media\/83560"}],"wp:attachment":[{"href":"https:\/\/mont-roig.cat\/es\/wp-json\/wp\/v2\/media?parent=83577"}],"wp:term":[{"taxonomy":"category","embeddable":true,"href":"https:\/\/mont-roig.cat\/es\/wp-json\/wp\/v2\/categories?post=83577"},{"taxonomy":"post_tag","embeddable":true,"href":"https:\/\/mont-roig.cat\/es\/wp-json\/wp\/v2\/tags?post=83577"}],"curies":[{"name":"wp","href":"https:\/\/api.w.org\/{rel}","templated":true}]}}