{"id":83710,"date":"2025-06-04T15:35:12","date_gmt":"2025-06-04T13:35:12","guid":{"rendered":"https:\/\/mont-roig.cat\/actualitat\/noticies\/lajuntament-de-mont-roig-del-camp-exigeix-linici-immediat-de-les-obres-del-carrer-agusti-sarda-a-lempresa-adjudicataria\/"},"modified":"2025-10-02T09:26:30","modified_gmt":"2025-10-02T07:26:30","slug":"el-ayuntamiento-de-mont-roig-del-camp-exige-el-inicio-inmediato-de-las-obras-de-la-calle-agusti-sarda-a-la-empresa-adjudicataria","status":"publish","type":"post","link":"https:\/\/mont-roig.cat\/es\/actualitat\/noticies\/el-ayuntamiento-de-mont-roig-del-camp-exige-el-inicio-inmediato-de-las-obras-de-la-calle-agusti-sarda-a-la-empresa-adjudicataria\/","title":{"rendered":"El Ayuntamiento de Mont-roig del Camp exige el inicio inmediato de las obras de la calle Agust\u00ed Sard\u00e0 a la empresa adjudicataria"},"content":{"rendered":"<div class=\"wpb-content-wrapper\">[vc_row][vc_column][vc_column_text css=&#8221;&#8221;]<strong><strong><a href=\"https:\/\/mont-roig.cat\/wp-content\/uploads\/Carrer-Agusti-Sarda.jpg\" target=\"_blank\" rel=\"noopener\"><img loading=\"lazy\" decoding=\"async\" class=\"alignright wp-image-83706\" src=\"https:\/\/mont-roig.cat\/wp-content\/uploads\/Carrer-Agusti-Sarda-500x375.jpg\" alt=\"\" width=\"291\" height=\"218\" srcset=\"https:\/\/mont-roig.cat\/wp-content\/uploads\/Carrer-Agusti-Sarda-500x375.jpg 500w, https:\/\/mont-roig.cat\/wp-content\/uploads\/Carrer-Agusti-Sarda-1024x768.jpg 1024w, https:\/\/mont-roig.cat\/wp-content\/uploads\/Carrer-Agusti-Sarda-768x576.jpg 768w, https:\/\/mont-roig.cat\/wp-content\/uploads\/Carrer-Agusti-Sarda-463x348.jpg 463w, https:\/\/mont-roig.cat\/wp-content\/uploads\/Carrer-Agusti-Sarda.jpg 1296w\" sizes=\"auto, (max-width: 291px) 100vw, 291px\" \/><\/a><\/strong><\/strong><\/p>\n<article class=\"text-token-text-primary w-full\" dir=\"auto\" data-testid=\"conversation-turn-2\" data-scroll-anchor=\"true\">\n<div class=\"text-base my-auto mx-auto py-5 [--thread-content-margin:--spacing(4)] @[37rem]:[--thread-content-margin:--spacing(6)] @[72rem]:[--thread-content-margin:--spacing(16)] px-(--thread-content-margin)\">\n<div class=\"[--thread-content-max-width:32rem] @[34rem]:[--thread-content-max-width:40rem] @[64rem]:[--thread-content-max-width:48rem] mx-auto flex max-w-(--thread-content-max-width) flex-1 text-base gap-4 md:gap-5 lg:gap-6 group\/turn-messages focus-visible:outline-hidden\" tabindex=\"-1\">\n<div class=\"group\/conversation-turn relative flex w-full min-w-0 flex-col agent-turn\">\n<div class=\"relative flex-col gap-1 md:gap-3\">\n<div class=\"flex max-w-full flex-col grow\">\n<div class=\"min-h-8 text-message relative flex w-full flex-col items-end gap-2 text-start break-words whitespace-normal [.text-message+&amp;]:mt-5\" dir=\"auto\" data-message-author-role=\"assistant\" data-message-id=\"498215e8-c8c9-4da0-9646-6386aa3c8c74\" data-message-model-slug=\"gpt-4o\">\n<div class=\"flex w-full flex-col gap-1 empty:hidden first:pt-[3px]\">\n<div class=\"markdown prose dark:prose-invert w-full break-words light\">\n<ul>\n<li data-start=\"134\" data-end=\"239\"><strong>El consistorio concede un plazo de 10 d\u00edas naturales para comenzar los trabajos y evitar penalizaciones<\/strong><\/li>\n<\/ul>\n<p data-start=\"241\" data-end=\"595\">El Ayuntamiento de Mont-roig del Camp ha emitido un requerimiento formal a la empresa Excavaciones y Rocallas Catalunya SL (ROEXCA) para que inicie de manera inmediata las obras de remodelaci\u00f3n de la calle Agust\u00ed Sard\u00e0 y sus intersecciones, adjudicadas el pasado mes de marzo y que, seg\u00fan el calendario previsto, deb\u00edan comenzar el 22 de abril de 2025.<\/p>\n<p data-start=\"598\" data-end=\"966\">Seg\u00fan consta en el expediente municipal, a d\u00eda de hoy no se ha llevado a cabo ninguna actuaci\u00f3n significativa, m\u00e1s all\u00e1 del marcaje superficial de los servicios existentes. Esta inactividad incumple los plazos establecidos tanto en el contrato como en el acta de replanteo firmada por todas las partes en el mes de abril, que fijaba un periodo de ejecuci\u00f3n de 8 meses.<\/p>\n<p data-start=\"968\" data-end=\"1452\">Esta actuaci\u00f3n est\u00e1 incluida dentro del Plan de Sostenibilidad Tur\u00edstica, lo que implica plazos estrictos para garantizar la financiaci\u00f3n. Ante esta situaci\u00f3n, el consistorio ha establecido un plazo m\u00e1ximo de 10 d\u00edas naturales para que la empresa inicie los trabajos. En caso contrario, el Ayuntamiento ha advertido a la empresa que impondr\u00e1 penalizaciones econ\u00f3micas, y si la situaci\u00f3n persiste, podr\u00eda llegar a la rescisi\u00f3n del contrato, tal como prev\u00e9n las cl\u00e1usulas contractuales.<\/p>\n<p data-start=\"1454\" data-end=\"1632\" data-is-last-node=\"\" data-is-only-node=\"\">El Ayuntamiento insiste en la necesidad urgente de iniciar las obras, para cumplir con los plazos fijados y los compromisos adquiridos en materia de financiaci\u00f3n y mejora urbana.<\/p>\n<\/div>\n<\/div>\n<\/div>\n<\/div>\n<div class=\"flex min-h-[46px] justify-start\">\n<div class=\"touch:-me-2 touch:-ms-3.5 -ms-2.5 -me-1 flex items-center p-1 select-none -mt-1 w-full duration-[1.5s] focus-within:transition-none hover:transition-none pointer-events-none [mask-image:linear-gradient(to_right,black_33%,transparent_66%)] [mask-size:300%_100%] [mask-position:100%_0%] motion-safe:transition-[mask-position] group-hover\/turn-messages:pointer-events-auto group-hover\/turn-messages:[mask-position:0_0] group-focus-within\/turn-messages:pointer-events-auto group-focus-within\/turn-messages:[mask-position:0_0] has-data-[state=open]:pointer-events-auto has-data-[state=open]:[mask-position:0_0]\">\n<div class=\"flex items-center\"><a href=\"https:\/\/mont-roig.cat\/wp-content\/uploads\/LOGOS-PSTD-ACTUALITZATS-scaled.png\"><img loading=\"lazy\" decoding=\"async\" class=\"wp-image-85908 size-medium alignleft\" src=\"https:\/\/mont-roig.cat\/wp-content\/uploads\/LOGOS-PSTD-ACTUALITZATS-500x67.png\" alt=\"\" width=\"500\" height=\"67\" srcset=\"https:\/\/mont-roig.cat\/wp-content\/uploads\/LOGOS-PSTD-ACTUALITZATS-500x67.png 500w, https:\/\/mont-roig.cat\/wp-content\/uploads\/LOGOS-PSTD-ACTUALITZATS-1024x137.png 1024w, https:\/\/mont-roig.cat\/wp-content\/uploads\/LOGOS-PSTD-ACTUALITZATS-768x103.png 768w, https:\/\/mont-roig.cat\/wp-content\/uploads\/LOGOS-PSTD-ACTUALITZATS-1536x205.png 1536w, https:\/\/mont-roig.cat\/wp-content\/uploads\/LOGOS-PSTD-ACTUALITZATS-scaled.png 2048w\" sizes=\"auto, (max-width: 500px) 100vw, 500px\" \/><\/a><\/div>\n<\/div>\n<\/div>\n<\/div>\n<\/div>\n<\/div>\n<\/div>\n<\/article>\n[\/vc_column_text][\/vc_column][\/vc_row]\n<\/div>","protected":false},"excerpt":{"rendered":"<p>[vc_row][vc_column][vc_column_text css=&#8221;&#8221;] El consistorio concede un plazo de 10 d\u00edas naturales para comenzar los trabajos y evitar penalizaciones El Ayuntamiento de Mont-roig del Camp ha emitido un requerimiento formal a la empresa Excavaciones y Rocallas Catalunya SL (ROEXCA) para que inicie de manera inmediata las obras de remodelaci\u00f3n de la calle Agust\u00ed Sard\u00e0 y sus [&hellip;]<\/p>\n","protected":false},"author":13,"featured_media":83707,"comment_status":"closed","ping_status":"closed","sticky":false,"template":"","format":"standard","meta":{"inline_featured_image":false,"_monsterinsights_skip_tracking":false,"_monsterinsights_sitenote_active":false,"_monsterinsights_sitenote_note":"","_monsterinsights_sitenote_category":0,"footnotes":""},"categories":[98,250,116],"tags":[],"class_list":["post-83710","post","type-post","status-publish","format-standard","has-post-thumbnail","hentry","category-ayuntamiento","category-pstd-es","category-urbanismo-y-obras"],"yoast_head":"<!-- This site is optimized with the Yoast SEO plugin v27.4 - https:\/\/yoast.com\/product\/yoast-seo-wordpress\/ -->\n<title>El Ayuntamiento de Mont-roig del Camp exige el inicio inmediato de las obras de la calle Agust\u00ed Sard\u00e0 a la empresa adjudicataria - Ajuntament de Mont-roig del Camp<\/title>\n<meta name=\"robots\" content=\"index, follow, max-snippet:-1, max-image-preview:large, max-video-preview:-1\" \/>\n<link rel=\"canonical\" href=\"https:\/\/mont-roig.cat\/es\/actualitat\/noticies\/el-ayuntamiento-de-mont-roig-del-camp-exige-el-inicio-inmediato-de-las-obras-de-la-calle-agusti-sarda-a-la-empresa-adjudicataria\/\" \/>\n<meta property=\"og:locale\" content=\"es_ES\" \/>\n<meta property=\"og:type\" content=\"article\" \/>\n<meta property=\"og:title\" content=\"El Ayuntamiento de Mont-roig del Camp exige el inicio inmediato de las obras de la calle Agust\u00ed Sard\u00e0 a la empresa adjudicataria - Ajuntament de Mont-roig del Camp\" \/>\n<meta property=\"og:description\" content=\"[vc_row][vc_column][vc_column_text css=&#8221;&#8221;] El consistorio concede un plazo de 10 d\u00edas naturales para comenzar los trabajos y evitar penalizaciones El Ayuntamiento de Mont-roig del Camp ha emitido un requerimiento formal a la empresa Excavaciones y Rocallas Catalunya SL (ROEXCA) para que inicie de manera inmediata las obras de remodelaci\u00f3n de la calle Agust\u00ed Sard\u00e0 y sus [&hellip;]\" \/>\n<meta property=\"og:url\" content=\"https:\/\/mont-roig.cat\/es\/actualitat\/noticies\/el-ayuntamiento-de-mont-roig-del-camp-exige-el-inicio-inmediato-de-las-obras-de-la-calle-agusti-sarda-a-la-empresa-adjudicataria\/\" \/>\n<meta property=\"og:site_name\" content=\"Ajuntament de Mont-roig del Camp\" \/>\n<meta property=\"article:published_time\" content=\"2025-06-04T13:35:12+00:00\" \/>\n<meta property=\"article:modified_time\" content=\"2025-10-02T07:26:30+00:00\" \/>\n<meta property=\"og:image\" content=\"https:\/\/mont-roig.cat\/wp-content\/uploads\/Carrer-Agusti-Sarda.jpg\" \/>\n\t<meta property=\"og:image:width\" content=\"1296\" \/>\n\t<meta property=\"og:image:height\" content=\"972\" \/>\n\t<meta property=\"og:image:type\" content=\"image\/jpeg\" \/>\n<meta name=\"author\" content=\"comunicacio\" \/>\n<meta name=\"twitter:card\" content=\"summary_large_image\" \/>\n<meta name=\"twitter:label1\" content=\"Escrito por\" \/>\n\t<meta name=\"twitter:data1\" content=\"comunicacio\" \/>\n\t<meta name=\"twitter:label2\" content=\"Tiempo de lectura\" \/>\n\t<meta name=\"twitter:data2\" content=\"2 minutos\" \/>\n<script type=\"application\/ld+json\" class=\"yoast-schema-graph\">{\"@context\":\"https:\\\/\\\/schema.org\",\"@graph\":[{\"@type\":\"Article\",\"@id\":\"https:\\\/\\\/mont-roig.cat\\\/es\\\/actualitat\\\/noticies\\\/el-ayuntamiento-de-mont-roig-del-camp-exige-el-inicio-inmediato-de-las-obras-de-la-calle-agusti-sarda-a-la-empresa-adjudicataria\\\/#article\",\"isPartOf\":{\"@id\":\"https:\\\/\\\/mont-roig.cat\\\/es\\\/actualitat\\\/noticies\\\/el-ayuntamiento-de-mont-roig-del-camp-exige-el-inicio-inmediato-de-las-obras-de-la-calle-agusti-sarda-a-la-empresa-adjudicataria\\\/\"},\"author\":{\"name\":\"comunicacio\",\"@id\":\"https:\\\/\\\/mont-roig.cat\\\/es\\\/#\\\/schema\\\/person\\\/1f73e7b5e6f9dd122e8a6f14f310ac5e\"},\"headline\":\"El Ayuntamiento de Mont-roig del Camp exige el inicio inmediato de las obras de la calle Agust\u00ed Sard\u00e0 a la empresa adjudicataria\",\"datePublished\":\"2025-06-04T13:35:12+00:00\",\"dateModified\":\"2025-10-02T07:26:30+00:00\",\"mainEntityOfPage\":{\"@id\":\"https:\\\/\\\/mont-roig.cat\\\/es\\\/actualitat\\\/noticies\\\/el-ayuntamiento-de-mont-roig-del-camp-exige-el-inicio-inmediato-de-las-obras-de-la-calle-agusti-sarda-a-la-empresa-adjudicataria\\\/\"},\"wordCount\":291,\"image\":{\"@id\":\"https:\\\/\\\/mont-roig.cat\\\/es\\\/actualitat\\\/noticies\\\/el-ayuntamiento-de-mont-roig-del-camp-exige-el-inicio-inmediato-de-las-obras-de-la-calle-agusti-sarda-a-la-empresa-adjudicataria\\\/#primaryimage\"},\"thumbnailUrl\":\"https:\\\/\\\/mont-roig.cat\\\/wp-content\\\/uploads\\\/Carrer-Agusti-Sarda.jpg\",\"articleSection\":[\"Ayuntamiento\",\"PSTD\",\"Urbanismo y obras\"],\"inLanguage\":\"es\"},{\"@type\":\"WebPage\",\"@id\":\"https:\\\/\\\/mont-roig.cat\\\/es\\\/actualitat\\\/noticies\\\/el-ayuntamiento-de-mont-roig-del-camp-exige-el-inicio-inmediato-de-las-obras-de-la-calle-agusti-sarda-a-la-empresa-adjudicataria\\\/\",\"url\":\"https:\\\/\\\/mont-roig.cat\\\/es\\\/actualitat\\\/noticies\\\/el-ayuntamiento-de-mont-roig-del-camp-exige-el-inicio-inmediato-de-las-obras-de-la-calle-agusti-sarda-a-la-empresa-adjudicataria\\\/\",\"name\":\"El Ayuntamiento de Mont-roig del Camp exige el inicio inmediato de las obras de la calle Agust\u00ed Sard\u00e0 a la empresa adjudicataria - Ajuntament de Mont-roig del Camp\",\"isPartOf\":{\"@id\":\"https:\\\/\\\/mont-roig.cat\\\/es\\\/#website\"},\"primaryImageOfPage\":{\"@id\":\"https:\\\/\\\/mont-roig.cat\\\/es\\\/actualitat\\\/noticies\\\/el-ayuntamiento-de-mont-roig-del-camp-exige-el-inicio-inmediato-de-las-obras-de-la-calle-agusti-sarda-a-la-empresa-adjudicataria\\\/#primaryimage\"},\"image\":{\"@id\":\"https:\\\/\\\/mont-roig.cat\\\/es\\\/actualitat\\\/noticies\\\/el-ayuntamiento-de-mont-roig-del-camp-exige-el-inicio-inmediato-de-las-obras-de-la-calle-agusti-sarda-a-la-empresa-adjudicataria\\\/#primaryimage\"},\"thumbnailUrl\":\"https:\\\/\\\/mont-roig.cat\\\/wp-content\\\/uploads\\\/Carrer-Agusti-Sarda.jpg\",\"datePublished\":\"2025-06-04T13:35:12+00:00\",\"dateModified\":\"2025-10-02T07:26:30+00:00\",\"author\":{\"@id\":\"https:\\\/\\\/mont-roig.cat\\\/es\\\/#\\\/schema\\\/person\\\/1f73e7b5e6f9dd122e8a6f14f310ac5e\"},\"breadcrumb\":{\"@id\":\"https:\\\/\\\/mont-roig.cat\\\/es\\\/actualitat\\\/noticies\\\/el-ayuntamiento-de-mont-roig-del-camp-exige-el-inicio-inmediato-de-las-obras-de-la-calle-agusti-sarda-a-la-empresa-adjudicataria\\\/#breadcrumb\"},\"inLanguage\":\"es\",\"potentialAction\":[{\"@type\":\"ReadAction\",\"target\":[\"https:\\\/\\\/mont-roig.cat\\\/es\\\/actualitat\\\/noticies\\\/el-ayuntamiento-de-mont-roig-del-camp-exige-el-inicio-inmediato-de-las-obras-de-la-calle-agusti-sarda-a-la-empresa-adjudicataria\\\/\"]}]},{\"@type\":\"ImageObject\",\"inLanguage\":\"es\",\"@id\":\"https:\\\/\\\/mont-roig.cat\\\/es\\\/actualitat\\\/noticies\\\/el-ayuntamiento-de-mont-roig-del-camp-exige-el-inicio-inmediato-de-las-obras-de-la-calle-agusti-sarda-a-la-empresa-adjudicataria\\\/#primaryimage\",\"url\":\"https:\\\/\\\/mont-roig.cat\\\/wp-content\\\/uploads\\\/Carrer-Agusti-Sarda.jpg\",\"contentUrl\":\"https:\\\/\\\/mont-roig.cat\\\/wp-content\\\/uploads\\\/Carrer-Agusti-Sarda.jpg\",\"width\":1296,\"height\":972},{\"@type\":\"BreadcrumbList\",\"@id\":\"https:\\\/\\\/mont-roig.cat\\\/es\\\/actualitat\\\/noticies\\\/el-ayuntamiento-de-mont-roig-del-camp-exige-el-inicio-inmediato-de-las-obras-de-la-calle-agusti-sarda-a-la-empresa-adjudicataria\\\/#breadcrumb\",\"itemListElement\":[{\"@type\":\"ListItem\",\"position\":1,\"name\":\"Inici\",\"item\":\"https:\\\/\\\/mont-roig.cat\\\/es\\\/pagina-de-inicio\\\/\"},{\"@type\":\"ListItem\",\"position\":2,\"name\":\"El Ayuntamiento de Mont-roig del Camp exige el inicio inmediato de las obras de la calle Agust\u00ed Sard\u00e0 a la empresa adjudicataria\"}]},{\"@type\":\"WebSite\",\"@id\":\"https:\\\/\\\/mont-roig.cat\\\/es\\\/#website\",\"url\":\"https:\\\/\\\/mont-roig.cat\\\/es\\\/\",\"name\":\"Ajuntament de Mont-roig del Camp\",\"description\":\"Tota la informaci\u00f3 sobre la instituci\u00f3, els seus \u00f2rgans de govern, actualitat, serveis i molt m\u00e9s.\",\"potentialAction\":[{\"@type\":\"SearchAction\",\"target\":{\"@type\":\"EntryPoint\",\"urlTemplate\":\"https:\\\/\\\/mont-roig.cat\\\/es\\\/?s={search_term_string}\"},\"query-input\":{\"@type\":\"PropertyValueSpecification\",\"valueRequired\":true,\"valueName\":\"search_term_string\"}}],\"inLanguage\":\"es\"},{\"@type\":\"Person\",\"@id\":\"https:\\\/\\\/mont-roig.cat\\\/es\\\/#\\\/schema\\\/person\\\/1f73e7b5e6f9dd122e8a6f14f310ac5e\",\"name\":\"comunicacio\",\"image\":{\"@type\":\"ImageObject\",\"inLanguage\":\"es\",\"@id\":\"https:\\\/\\\/secure.gravatar.com\\\/avatar\\\/98944333e7a877670a64f8d10f0cb680ab2c9ebc4efc43945ef004b52b5ad28c?s=96&d=mm&r=g\",\"url\":\"https:\\\/\\\/secure.gravatar.com\\\/avatar\\\/98944333e7a877670a64f8d10f0cb680ab2c9ebc4efc43945ef004b52b5ad28c?s=96&d=mm&r=g\",\"contentUrl\":\"https:\\\/\\\/secure.gravatar.com\\\/avatar\\\/98944333e7a877670a64f8d10f0cb680ab2c9ebc4efc43945ef004b52b5ad28c?s=96&d=mm&r=g\",\"caption\":\"comunicacio\"},\"url\":\"https:\\\/\\\/mont-roig.cat\\\/es\\\/actualitat\\\/noticies\\\/author\\\/comunicacio\\\/\"}]}<\/script>\n<!-- \/ Yoast SEO plugin. -->","yoast_head_json":{"title":"El Ayuntamiento de Mont-roig del Camp exige el inicio inmediato de las obras de la calle Agust\u00ed Sard\u00e0 a la empresa adjudicataria - Ajuntament de Mont-roig del Camp","robots":{"index":"index","follow":"follow","max-snippet":"max-snippet:-1","max-image-preview":"max-image-preview:large","max-video-preview":"max-video-preview:-1"},"canonical":"https:\/\/mont-roig.cat\/es\/actualitat\/noticies\/el-ayuntamiento-de-mont-roig-del-camp-exige-el-inicio-inmediato-de-las-obras-de-la-calle-agusti-sarda-a-la-empresa-adjudicataria\/","og_locale":"es_ES","og_type":"article","og_title":"El Ayuntamiento de Mont-roig del Camp exige el inicio inmediato de las obras de la calle Agust\u00ed Sard\u00e0 a la empresa adjudicataria - Ajuntament de Mont-roig del Camp","og_description":"[vc_row][vc_column][vc_column_text css=&#8221;&#8221;] El consistorio concede un plazo de 10 d\u00edas naturales para comenzar los trabajos y evitar penalizaciones El Ayuntamiento de Mont-roig del Camp ha emitido un requerimiento formal a la empresa Excavaciones y Rocallas Catalunya SL (ROEXCA) para que inicie de manera inmediata las obras de remodelaci\u00f3n de la calle Agust\u00ed Sard\u00e0 y sus [&hellip;]","og_url":"https:\/\/mont-roig.cat\/es\/actualitat\/noticies\/el-ayuntamiento-de-mont-roig-del-camp-exige-el-inicio-inmediato-de-las-obras-de-la-calle-agusti-sarda-a-la-empresa-adjudicataria\/","og_site_name":"Ajuntament de Mont-roig del Camp","article_published_time":"2025-06-04T13:35:12+00:00","article_modified_time":"2025-10-02T07:26:30+00:00","og_image":[{"width":1296,"height":972,"url":"https:\/\/mont-roig.cat\/wp-content\/uploads\/Carrer-Agusti-Sarda.jpg","type":"image\/jpeg"}],"author":"comunicacio","twitter_card":"summary_large_image","twitter_misc":{"Escrito por":"comunicacio","Tiempo de lectura":"2 minutos"},"schema":{"@context":"https:\/\/schema.org","@graph":[{"@type":"Article","@id":"https:\/\/mont-roig.cat\/es\/actualitat\/noticies\/el-ayuntamiento-de-mont-roig-del-camp-exige-el-inicio-inmediato-de-las-obras-de-la-calle-agusti-sarda-a-la-empresa-adjudicataria\/#article","isPartOf":{"@id":"https:\/\/mont-roig.cat\/es\/actualitat\/noticies\/el-ayuntamiento-de-mont-roig-del-camp-exige-el-inicio-inmediato-de-las-obras-de-la-calle-agusti-sarda-a-la-empresa-adjudicataria\/"},"author":{"name":"comunicacio","@id":"https:\/\/mont-roig.cat\/es\/#\/schema\/person\/1f73e7b5e6f9dd122e8a6f14f310ac5e"},"headline":"El Ayuntamiento de Mont-roig del Camp exige el inicio inmediato de las obras de la calle Agust\u00ed Sard\u00e0 a la empresa adjudicataria","datePublished":"2025-06-04T13:35:12+00:00","dateModified":"2025-10-02T07:26:30+00:00","mainEntityOfPage":{"@id":"https:\/\/mont-roig.cat\/es\/actualitat\/noticies\/el-ayuntamiento-de-mont-roig-del-camp-exige-el-inicio-inmediato-de-las-obras-de-la-calle-agusti-sarda-a-la-empresa-adjudicataria\/"},"wordCount":291,"image":{"@id":"https:\/\/mont-roig.cat\/es\/actualitat\/noticies\/el-ayuntamiento-de-mont-roig-del-camp-exige-el-inicio-inmediato-de-las-obras-de-la-calle-agusti-sarda-a-la-empresa-adjudicataria\/#primaryimage"},"thumbnailUrl":"https:\/\/mont-roig.cat\/wp-content\/uploads\/Carrer-Agusti-Sarda.jpg","articleSection":["Ayuntamiento","PSTD","Urbanismo y obras"],"inLanguage":"es"},{"@type":"WebPage","@id":"https:\/\/mont-roig.cat\/es\/actualitat\/noticies\/el-ayuntamiento-de-mont-roig-del-camp-exige-el-inicio-inmediato-de-las-obras-de-la-calle-agusti-sarda-a-la-empresa-adjudicataria\/","url":"https:\/\/mont-roig.cat\/es\/actualitat\/noticies\/el-ayuntamiento-de-mont-roig-del-camp-exige-el-inicio-inmediato-de-las-obras-de-la-calle-agusti-sarda-a-la-empresa-adjudicataria\/","name":"El Ayuntamiento de Mont-roig del Camp exige el inicio inmediato de las obras de la calle Agust\u00ed Sard\u00e0 a la empresa adjudicataria - Ajuntament de Mont-roig del Camp","isPartOf":{"@id":"https:\/\/mont-roig.cat\/es\/#website"},"primaryImageOfPage":{"@id":"https:\/\/mont-roig.cat\/es\/actualitat\/noticies\/el-ayuntamiento-de-mont-roig-del-camp-exige-el-inicio-inmediato-de-las-obras-de-la-calle-agusti-sarda-a-la-empresa-adjudicataria\/#primaryimage"},"image":{"@id":"https:\/\/mont-roig.cat\/es\/actualitat\/noticies\/el-ayuntamiento-de-mont-roig-del-camp-exige-el-inicio-inmediato-de-las-obras-de-la-calle-agusti-sarda-a-la-empresa-adjudicataria\/#primaryimage"},"thumbnailUrl":"https:\/\/mont-roig.cat\/wp-content\/uploads\/Carrer-Agusti-Sarda.jpg","datePublished":"2025-06-04T13:35:12+00:00","dateModified":"2025-10-02T07:26:30+00:00","author":{"@id":"https:\/\/mont-roig.cat\/es\/#\/schema\/person\/1f73e7b5e6f9dd122e8a6f14f310ac5e"},"breadcrumb":{"@id":"https:\/\/mont-roig.cat\/es\/actualitat\/noticies\/el-ayuntamiento-de-mont-roig-del-camp-exige-el-inicio-inmediato-de-las-obras-de-la-calle-agusti-sarda-a-la-empresa-adjudicataria\/#breadcrumb"},"inLanguage":"es","potentialAction":[{"@type":"ReadAction","target":["https:\/\/mont-roig.cat\/es\/actualitat\/noticies\/el-ayuntamiento-de-mont-roig-del-camp-exige-el-inicio-inmediato-de-las-obras-de-la-calle-agusti-sarda-a-la-empresa-adjudicataria\/"]}]},{"@type":"ImageObject","inLanguage":"es","@id":"https:\/\/mont-roig.cat\/es\/actualitat\/noticies\/el-ayuntamiento-de-mont-roig-del-camp-exige-el-inicio-inmediato-de-las-obras-de-la-calle-agusti-sarda-a-la-empresa-adjudicataria\/#primaryimage","url":"https:\/\/mont-roig.cat\/wp-content\/uploads\/Carrer-Agusti-Sarda.jpg","contentUrl":"https:\/\/mont-roig.cat\/wp-content\/uploads\/Carrer-Agusti-Sarda.jpg","width":1296,"height":972},{"@type":"BreadcrumbList","@id":"https:\/\/mont-roig.cat\/es\/actualitat\/noticies\/el-ayuntamiento-de-mont-roig-del-camp-exige-el-inicio-inmediato-de-las-obras-de-la-calle-agusti-sarda-a-la-empresa-adjudicataria\/#breadcrumb","itemListElement":[{"@type":"ListItem","position":1,"name":"Inici","item":"https:\/\/mont-roig.cat\/es\/pagina-de-inicio\/"},{"@type":"ListItem","position":2,"name":"El Ayuntamiento de Mont-roig del Camp exige el inicio inmediato de las obras de la calle Agust\u00ed Sard\u00e0 a la empresa adjudicataria"}]},{"@type":"WebSite","@id":"https:\/\/mont-roig.cat\/es\/#website","url":"https:\/\/mont-roig.cat\/es\/","name":"Ajuntament de Mont-roig del Camp","description":"Tota la informaci\u00f3 sobre la instituci\u00f3, els seus \u00f2rgans de govern, actualitat, serveis i molt m\u00e9s.","potentialAction":[{"@type":"SearchAction","target":{"@type":"EntryPoint","urlTemplate":"https:\/\/mont-roig.cat\/es\/?s={search_term_string}"},"query-input":{"@type":"PropertyValueSpecification","valueRequired":true,"valueName":"search_term_string"}}],"inLanguage":"es"},{"@type":"Person","@id":"https:\/\/mont-roig.cat\/es\/#\/schema\/person\/1f73e7b5e6f9dd122e8a6f14f310ac5e","name":"comunicacio","image":{"@type":"ImageObject","inLanguage":"es","@id":"https:\/\/secure.gravatar.com\/avatar\/98944333e7a877670a64f8d10f0cb680ab2c9ebc4efc43945ef004b52b5ad28c?s=96&d=mm&r=g","url":"https:\/\/secure.gravatar.com\/avatar\/98944333e7a877670a64f8d10f0cb680ab2c9ebc4efc43945ef004b52b5ad28c?s=96&d=mm&r=g","contentUrl":"https:\/\/secure.gravatar.com\/avatar\/98944333e7a877670a64f8d10f0cb680ab2c9ebc4efc43945ef004b52b5ad28c?s=96&d=mm&r=g","caption":"comunicacio"},"url":"https:\/\/mont-roig.cat\/es\/actualitat\/noticies\/author\/comunicacio\/"}]}},"_links":{"self":[{"href":"https:\/\/mont-roig.cat\/es\/wp-json\/wp\/v2\/posts\/83710","targetHints":{"allow":["GET"]}}],"collection":[{"href":"https:\/\/mont-roig.cat\/es\/wp-json\/wp\/v2\/posts"}],"about":[{"href":"https:\/\/mont-roig.cat\/es\/wp-json\/wp\/v2\/types\/post"}],"author":[{"embeddable":true,"href":"https:\/\/mont-roig.cat\/es\/wp-json\/wp\/v2\/users\/13"}],"replies":[{"embeddable":true,"href":"https:\/\/mont-roig.cat\/es\/wp-json\/wp\/v2\/comments?post=83710"}],"version-history":[{"count":4,"href":"https:\/\/mont-roig.cat\/es\/wp-json\/wp\/v2\/posts\/83710\/revisions"}],"predecessor-version":[{"id":85916,"href":"https:\/\/mont-roig.cat\/es\/wp-json\/wp\/v2\/posts\/83710\/revisions\/85916"}],"wp:featuredmedia":[{"embeddable":true,"href":"https:\/\/mont-roig.cat\/es\/wp-json\/wp\/v2\/media\/83707"}],"wp:attachment":[{"href":"https:\/\/mont-roig.cat\/es\/wp-json\/wp\/v2\/media?parent=83710"}],"wp:term":[{"taxonomy":"category","embeddable":true,"href":"https:\/\/mont-roig.cat\/es\/wp-json\/wp\/v2\/categories?post=83710"},{"taxonomy":"post_tag","embeddable":true,"href":"https:\/\/mont-roig.cat\/es\/wp-json\/wp\/v2\/tags?post=83710"}],"curies":[{"name":"wp","href":"https:\/\/api.w.org\/{rel}","templated":true}]}}