{"id":83790,"date":"2025-06-09T17:11:12","date_gmt":"2025-06-09T15:11:12","guid":{"rendered":"https:\/\/mont-roig.cat\/actualitat\/noticies\/el-ple-de-mont-roig-del-camp-aprova-dues-mocions-en-defensa-de-la-llengua-catalana-i-per-la-pau-a-gaza\/"},"modified":"2025-06-09T17:29:24","modified_gmt":"2025-06-09T15:29:24","slug":"el-pleno-de-mont-roig-del-camp-aprueba-dos-mociones-en-defensa-de-la-lengua-catalana-y-por-la-paz-en-gaza","status":"publish","type":"post","link":"https:\/\/mont-roig.cat\/es\/actualitat\/noticies\/el-pleno-de-mont-roig-del-camp-aprueba-dos-mociones-en-defensa-de-la-lengua-catalana-y-por-la-paz-en-gaza\/","title":{"rendered":"El Pleno de Mont-roig del Camp aprueba dos mociones, en defensa de la lengua catalana y por la paz en Gaza"},"content":{"rendered":"<p><strong><strong><a href=\"https:\/\/mont-roig.cat\/wp-content\/uploads\/Foto-ple-juny.jpg\" target=\"_blank\" rel=\"noopener\"><img loading=\"lazy\" decoding=\"async\" class=\"alignright wp-image-83781\" src=\"https:\/\/mont-roig.cat\/wp-content\/uploads\/Foto-ple-juny-500x375.jpg\" alt=\"\" width=\"299\" height=\"224\" srcset=\"https:\/\/mont-roig.cat\/wp-content\/uploads\/Foto-ple-juny-500x375.jpg 500w, https:\/\/mont-roig.cat\/wp-content\/uploads\/Foto-ple-juny-1024x768.jpg 1024w, https:\/\/mont-roig.cat\/wp-content\/uploads\/Foto-ple-juny-768x576.jpg 768w, https:\/\/mont-roig.cat\/wp-content\/uploads\/Foto-ple-juny-1536x1152.jpg 1536w, https:\/\/mont-roig.cat\/wp-content\/uploads\/Foto-ple-juny-463x348.jpg 463w, https:\/\/mont-roig.cat\/wp-content\/uploads\/Foto-ple-juny.jpg 1600w\" sizes=\"auto, (max-width: 299px) 100vw, 299px\" \/><\/a><\/strong><\/strong><\/p>\n<ul>\n<li data-start=\"260\" data-end=\"408\"><strong>El pleno tambi\u00e9n ha dado cuenta de los cambios en las concejal\u00edas y las delegaciones de alcald\u00eda a ra\u00edz de la reorganizaci\u00f3n del gobierno municipal.<\/strong><\/li>\n<\/ul>\n<p data-start=\"410\" data-end=\"1353\">El Pleno del Ayuntamiento de Mont-roig del Camp ha aprobado hoy dos mociones que reflejan el compromiso del municipio con la promoci\u00f3n de la lengua catalana y la defensa de los derechos humanos a escala internacional. La primera moci\u00f3n, presentada por el grupo municipal de Esquerra Republicana de Catalunya (ERC-AM), expresa el apoyo del consistorio al Pacte Nacional per la Llengua como herramienta estrat\u00e9gica para proteger, incentivar y aumentar el uso del catal\u00e1n en todos los \u00e1mbitos de la sociedad. El Ayuntamiento reafirma as\u00ed su voluntad de promover activamente el catal\u00e1n como lengua de servicio, acogida, cultura y convivencia, y se compromete a desplegar pol\u00edticas p\u00fablicas que garanticen los derechos ling\u00fc\u00edsticos de toda la ciudadan\u00eda desde una perspectiva de inclusi\u00f3n y cohesi\u00f3n social. Esta moci\u00f3n ha sido aprobada por los grupos municipales del PSC-CP, ERC-AM y Plataforma Impulso Miami-Mont-roig, con la abstenci\u00f3n de Junts y Vox.<\/p>\n<p data-start=\"1355\" data-end=\"1387\"><strong data-start=\"1355\" data-end=\"1387\">Llamamiento a la paz en Gaza<\/strong><\/p>\n<p data-start=\"1389\" data-end=\"1738\">La segunda moci\u00f3n, presentada conjuntamente por los grupos municipales del Partit dels Socialistes de Catalunya-CP, Plataforma Impulso Miami-Mont-roig y Esquerra Republicana de Catalunya \u2013 AM, se suma a la propuesta del Fons Catal\u00e0 de Cooperaci\u00f3 al Desenvolupament y hace un llamamiento al fin inmediato de los bombardeos y de la violencia en Gaza.<\/p>\n<p data-start=\"1740\" data-end=\"2308\">El texto exige el levantamiento del asedio israel\u00ed, la restituci\u00f3n urgente de la ayuda humanitaria, el respeto a los derechos humanos y al derecho internacional, y la rendici\u00f3n de cuentas por las graves violaciones cometidas. Adem\u00e1s, se condenan tanto la ampliaci\u00f3n de los asentamientos ilegales como el ataque terrorista de Ham\u00e0s del 7 de octubre de 2023, y se reclama la liberaci\u00f3n de las personas que a\u00fan permanecen secuestradas. En el caso de esta moci\u00f3n, ha contado con el voto favorable de todos los grupos municipales excepto el de Vox, que ha votado en contra.<\/p>\n<p data-start=\"2310\" data-end=\"2537\">Por \u00faltimo, el pleno del Ayuntamiento de Mont-roig ha ratificado las delegaciones de alcald\u00eda y las modificaciones de las concejal\u00edas presentadas el pasado 12 de mayo tras la reorganizaci\u00f3n y los cambios del gobierno municipal.<\/p>\n<p data-start=\"2539\" data-end=\"2634\">El pleno puede verse \u00edntegramente en el siguiente<a href=\"https:\/\/www.youtube.com\/watch?v=sEn-Uunu59I&amp;t=181s&amp;ab_channel=AjuntamentdeMont-roigdelCamp\" target=\"_blank\" rel=\"noopener\"> enlace del canal de YouTube del Ayuntamiento<\/a>.<\/p>\n<p><a href=\"https:\/\/mont-roig.cat\/wp-content\/uploads\/Mocio_ERC-de_suport_al_Pacte_Nacional_per_la_Llengua_JUNY25.pdf\" target=\"_blank\" rel=\"noopener\">Moci\u00f3n conjunta PSC-CP \/ IMM \/ ERC-AM fin inmediato y urgente de la guerra en Gaza<\/a><\/p>\n<p><a href=\"https:\/\/mont-roig.cat\/acte\/festa-del-mar-3\/\">Moci\u00f3 conjunta PSC-CP \/ IMM \/ ERC-AM fi immediata i urgent guerra Gaza<\/a><\/p>\n","protected":false},"excerpt":{"rendered":"<p>El pleno tambi\u00e9n ha dado cuenta de los cambios en las concejal\u00edas y las delegaciones de alcald\u00eda a ra\u00edz de la reorganizaci\u00f3n del gobierno municipal. El Pleno del Ayuntamiento de Mont-roig del Camp ha aprobado hoy dos mociones que reflejan el compromiso del municipio con la promoci\u00f3n de la lengua catalana y la defensa de [&hellip;]<\/p>\n","protected":false},"author":13,"featured_media":83782,"comment_status":"closed","ping_status":"closed","sticky":false,"template":"","format":"standard","meta":{"inline_featured_image":false,"_monsterinsights_skip_tracking":false,"_monsterinsights_sitenote_active":false,"_monsterinsights_sitenote_note":"","_monsterinsights_sitenote_category":0,"footnotes":""},"categories":[156,98],"tags":[],"class_list":["post-83790","post","type-post","status-publish","format-standard","has-post-thumbnail","hentry","category-alcalde-es","category-ayuntamiento"],"yoast_head":"<!-- This site is optimized with the Yoast SEO plugin v27.4 - https:\/\/yoast.com\/product\/yoast-seo-wordpress\/ -->\n<title>El Pleno de Mont-roig del Camp aprueba dos mociones, en defensa de la lengua catalana y por la paz en Gaza - Ajuntament de Mont-roig del Camp<\/title>\n<meta name=\"robots\" content=\"index, follow, max-snippet:-1, max-image-preview:large, max-video-preview:-1\" \/>\n<link rel=\"canonical\" href=\"https:\/\/mont-roig.cat\/es\/actualitat\/noticies\/el-pleno-de-mont-roig-del-camp-aprueba-dos-mociones-en-defensa-de-la-lengua-catalana-y-por-la-paz-en-gaza\/\" \/>\n<meta property=\"og:locale\" content=\"es_ES\" \/>\n<meta property=\"og:type\" content=\"article\" \/>\n<meta property=\"og:title\" content=\"El Pleno de Mont-roig del Camp aprueba dos mociones, en defensa de la lengua catalana y por la paz en Gaza - Ajuntament de Mont-roig del Camp\" \/>\n<meta property=\"og:description\" content=\"El pleno tambi\u00e9n ha dado cuenta de los cambios en las concejal\u00edas y las delegaciones de alcald\u00eda a ra\u00edz de la reorganizaci\u00f3n del gobierno municipal. El Pleno del Ayuntamiento de Mont-roig del Camp ha aprobado hoy dos mociones que reflejan el compromiso del municipio con la promoci\u00f3n de la lengua catalana y la defensa de [&hellip;]\" \/>\n<meta property=\"og:url\" content=\"https:\/\/mont-roig.cat\/es\/actualitat\/noticies\/el-pleno-de-mont-roig-del-camp-aprueba-dos-mociones-en-defensa-de-la-lengua-catalana-y-por-la-paz-en-gaza\/\" \/>\n<meta property=\"og:site_name\" content=\"Ajuntament de Mont-roig del Camp\" \/>\n<meta property=\"article:published_time\" content=\"2025-06-09T15:11:12+00:00\" \/>\n<meta property=\"article:modified_time\" content=\"2025-06-09T15:29:24+00:00\" \/>\n<meta property=\"og:image\" content=\"https:\/\/mont-roig.cat\/wp-content\/uploads\/Foto-ple-juny.jpg\" \/>\n\t<meta property=\"og:image:width\" content=\"1600\" \/>\n\t<meta property=\"og:image:height\" content=\"1200\" \/>\n\t<meta property=\"og:image:type\" content=\"image\/jpeg\" \/>\n<meta name=\"author\" content=\"comunicacio\" \/>\n<meta name=\"twitter:card\" content=\"summary_large_image\" \/>\n<meta name=\"twitter:label1\" content=\"Escrito por\" \/>\n\t<meta name=\"twitter:data1\" content=\"comunicacio\" \/>\n\t<meta name=\"twitter:label2\" content=\"Tiempo de lectura\" \/>\n\t<meta name=\"twitter:data2\" content=\"3 minutos\" \/>\n<script type=\"application\/ld+json\" class=\"yoast-schema-graph\">{\"@context\":\"https:\\\/\\\/schema.org\",\"@graph\":[{\"@type\":\"Article\",\"@id\":\"https:\\\/\\\/mont-roig.cat\\\/es\\\/actualitat\\\/noticies\\\/el-pleno-de-mont-roig-del-camp-aprueba-dos-mociones-en-defensa-de-la-lengua-catalana-y-por-la-paz-en-gaza\\\/#article\",\"isPartOf\":{\"@id\":\"https:\\\/\\\/mont-roig.cat\\\/es\\\/actualitat\\\/noticies\\\/el-pleno-de-mont-roig-del-camp-aprueba-dos-mociones-en-defensa-de-la-lengua-catalana-y-por-la-paz-en-gaza\\\/\"},\"author\":{\"name\":\"comunicacio\",\"@id\":\"https:\\\/\\\/mont-roig.cat\\\/es\\\/#\\\/schema\\\/person\\\/1f73e7b5e6f9dd122e8a6f14f310ac5e\"},\"headline\":\"El Pleno de Mont-roig del Camp aprueba dos mociones, en defensa de la lengua catalana y por la paz en Gaza\",\"datePublished\":\"2025-06-09T15:11:12+00:00\",\"dateModified\":\"2025-06-09T15:29:24+00:00\",\"mainEntityOfPage\":{\"@id\":\"https:\\\/\\\/mont-roig.cat\\\/es\\\/actualitat\\\/noticies\\\/el-pleno-de-mont-roig-del-camp-aprueba-dos-mociones-en-defensa-de-la-lengua-catalana-y-por-la-paz-en-gaza\\\/\"},\"wordCount\":448,\"image\":{\"@id\":\"https:\\\/\\\/mont-roig.cat\\\/es\\\/actualitat\\\/noticies\\\/el-pleno-de-mont-roig-del-camp-aprueba-dos-mociones-en-defensa-de-la-lengua-catalana-y-por-la-paz-en-gaza\\\/#primaryimage\"},\"thumbnailUrl\":\"https:\\\/\\\/mont-roig.cat\\\/wp-content\\\/uploads\\\/Foto-ple-juny.jpg\",\"articleSection\":[\"Alcalde\",\"Ayuntamiento\"],\"inLanguage\":\"es\"},{\"@type\":\"WebPage\",\"@id\":\"https:\\\/\\\/mont-roig.cat\\\/es\\\/actualitat\\\/noticies\\\/el-pleno-de-mont-roig-del-camp-aprueba-dos-mociones-en-defensa-de-la-lengua-catalana-y-por-la-paz-en-gaza\\\/\",\"url\":\"https:\\\/\\\/mont-roig.cat\\\/es\\\/actualitat\\\/noticies\\\/el-pleno-de-mont-roig-del-camp-aprueba-dos-mociones-en-defensa-de-la-lengua-catalana-y-por-la-paz-en-gaza\\\/\",\"name\":\"El Pleno de Mont-roig del Camp aprueba dos mociones, en defensa de la lengua catalana y por la paz en Gaza - Ajuntament de Mont-roig del Camp\",\"isPartOf\":{\"@id\":\"https:\\\/\\\/mont-roig.cat\\\/es\\\/#website\"},\"primaryImageOfPage\":{\"@id\":\"https:\\\/\\\/mont-roig.cat\\\/es\\\/actualitat\\\/noticies\\\/el-pleno-de-mont-roig-del-camp-aprueba-dos-mociones-en-defensa-de-la-lengua-catalana-y-por-la-paz-en-gaza\\\/#primaryimage\"},\"image\":{\"@id\":\"https:\\\/\\\/mont-roig.cat\\\/es\\\/actualitat\\\/noticies\\\/el-pleno-de-mont-roig-del-camp-aprueba-dos-mociones-en-defensa-de-la-lengua-catalana-y-por-la-paz-en-gaza\\\/#primaryimage\"},\"thumbnailUrl\":\"https:\\\/\\\/mont-roig.cat\\\/wp-content\\\/uploads\\\/Foto-ple-juny.jpg\",\"datePublished\":\"2025-06-09T15:11:12+00:00\",\"dateModified\":\"2025-06-09T15:29:24+00:00\",\"author\":{\"@id\":\"https:\\\/\\\/mont-roig.cat\\\/es\\\/#\\\/schema\\\/person\\\/1f73e7b5e6f9dd122e8a6f14f310ac5e\"},\"breadcrumb\":{\"@id\":\"https:\\\/\\\/mont-roig.cat\\\/es\\\/actualitat\\\/noticies\\\/el-pleno-de-mont-roig-del-camp-aprueba-dos-mociones-en-defensa-de-la-lengua-catalana-y-por-la-paz-en-gaza\\\/#breadcrumb\"},\"inLanguage\":\"es\",\"potentialAction\":[{\"@type\":\"ReadAction\",\"target\":[\"https:\\\/\\\/mont-roig.cat\\\/es\\\/actualitat\\\/noticies\\\/el-pleno-de-mont-roig-del-camp-aprueba-dos-mociones-en-defensa-de-la-lengua-catalana-y-por-la-paz-en-gaza\\\/\"]}]},{\"@type\":\"ImageObject\",\"inLanguage\":\"es\",\"@id\":\"https:\\\/\\\/mont-roig.cat\\\/es\\\/actualitat\\\/noticies\\\/el-pleno-de-mont-roig-del-camp-aprueba-dos-mociones-en-defensa-de-la-lengua-catalana-y-por-la-paz-en-gaza\\\/#primaryimage\",\"url\":\"https:\\\/\\\/mont-roig.cat\\\/wp-content\\\/uploads\\\/Foto-ple-juny.jpg\",\"contentUrl\":\"https:\\\/\\\/mont-roig.cat\\\/wp-content\\\/uploads\\\/Foto-ple-juny.jpg\",\"width\":1600,\"height\":1200},{\"@type\":\"BreadcrumbList\",\"@id\":\"https:\\\/\\\/mont-roig.cat\\\/es\\\/actualitat\\\/noticies\\\/el-pleno-de-mont-roig-del-camp-aprueba-dos-mociones-en-defensa-de-la-lengua-catalana-y-por-la-paz-en-gaza\\\/#breadcrumb\",\"itemListElement\":[{\"@type\":\"ListItem\",\"position\":1,\"name\":\"Inici\",\"item\":\"https:\\\/\\\/mont-roig.cat\\\/es\\\/pagina-de-inicio\\\/\"},{\"@type\":\"ListItem\",\"position\":2,\"name\":\"El Pleno de Mont-roig del Camp aprueba dos mociones, en defensa de la lengua catalana y por la paz en Gaza\"}]},{\"@type\":\"WebSite\",\"@id\":\"https:\\\/\\\/mont-roig.cat\\\/es\\\/#website\",\"url\":\"https:\\\/\\\/mont-roig.cat\\\/es\\\/\",\"name\":\"Ajuntament de Mont-roig del Camp\",\"description\":\"Tota la informaci\u00f3 sobre la instituci\u00f3, els seus \u00f2rgans de govern, actualitat, serveis i molt m\u00e9s.\",\"potentialAction\":[{\"@type\":\"SearchAction\",\"target\":{\"@type\":\"EntryPoint\",\"urlTemplate\":\"https:\\\/\\\/mont-roig.cat\\\/es\\\/?s={search_term_string}\"},\"query-input\":{\"@type\":\"PropertyValueSpecification\",\"valueRequired\":true,\"valueName\":\"search_term_string\"}}],\"inLanguage\":\"es\"},{\"@type\":\"Person\",\"@id\":\"https:\\\/\\\/mont-roig.cat\\\/es\\\/#\\\/schema\\\/person\\\/1f73e7b5e6f9dd122e8a6f14f310ac5e\",\"name\":\"comunicacio\",\"image\":{\"@type\":\"ImageObject\",\"inLanguage\":\"es\",\"@id\":\"https:\\\/\\\/secure.gravatar.com\\\/avatar\\\/98944333e7a877670a64f8d10f0cb680ab2c9ebc4efc43945ef004b52b5ad28c?s=96&d=mm&r=g\",\"url\":\"https:\\\/\\\/secure.gravatar.com\\\/avatar\\\/98944333e7a877670a64f8d10f0cb680ab2c9ebc4efc43945ef004b52b5ad28c?s=96&d=mm&r=g\",\"contentUrl\":\"https:\\\/\\\/secure.gravatar.com\\\/avatar\\\/98944333e7a877670a64f8d10f0cb680ab2c9ebc4efc43945ef004b52b5ad28c?s=96&d=mm&r=g\",\"caption\":\"comunicacio\"},\"url\":\"https:\\\/\\\/mont-roig.cat\\\/es\\\/actualitat\\\/noticies\\\/author\\\/comunicacio\\\/\"}]}<\/script>\n<!-- \/ Yoast SEO plugin. -->","yoast_head_json":{"title":"El Pleno de Mont-roig del Camp aprueba dos mociones, en defensa de la lengua catalana y por la paz en Gaza - Ajuntament de Mont-roig del Camp","robots":{"index":"index","follow":"follow","max-snippet":"max-snippet:-1","max-image-preview":"max-image-preview:large","max-video-preview":"max-video-preview:-1"},"canonical":"https:\/\/mont-roig.cat\/es\/actualitat\/noticies\/el-pleno-de-mont-roig-del-camp-aprueba-dos-mociones-en-defensa-de-la-lengua-catalana-y-por-la-paz-en-gaza\/","og_locale":"es_ES","og_type":"article","og_title":"El Pleno de Mont-roig del Camp aprueba dos mociones, en defensa de la lengua catalana y por la paz en Gaza - Ajuntament de Mont-roig del Camp","og_description":"El pleno tambi\u00e9n ha dado cuenta de los cambios en las concejal\u00edas y las delegaciones de alcald\u00eda a ra\u00edz de la reorganizaci\u00f3n del gobierno municipal. El Pleno del Ayuntamiento de Mont-roig del Camp ha aprobado hoy dos mociones que reflejan el compromiso del municipio con la promoci\u00f3n de la lengua catalana y la defensa de [&hellip;]","og_url":"https:\/\/mont-roig.cat\/es\/actualitat\/noticies\/el-pleno-de-mont-roig-del-camp-aprueba-dos-mociones-en-defensa-de-la-lengua-catalana-y-por-la-paz-en-gaza\/","og_site_name":"Ajuntament de Mont-roig del Camp","article_published_time":"2025-06-09T15:11:12+00:00","article_modified_time":"2025-06-09T15:29:24+00:00","og_image":[{"width":1600,"height":1200,"url":"https:\/\/mont-roig.cat\/wp-content\/uploads\/Foto-ple-juny.jpg","type":"image\/jpeg"}],"author":"comunicacio","twitter_card":"summary_large_image","twitter_misc":{"Escrito por":"comunicacio","Tiempo de lectura":"3 minutos"},"schema":{"@context":"https:\/\/schema.org","@graph":[{"@type":"Article","@id":"https:\/\/mont-roig.cat\/es\/actualitat\/noticies\/el-pleno-de-mont-roig-del-camp-aprueba-dos-mociones-en-defensa-de-la-lengua-catalana-y-por-la-paz-en-gaza\/#article","isPartOf":{"@id":"https:\/\/mont-roig.cat\/es\/actualitat\/noticies\/el-pleno-de-mont-roig-del-camp-aprueba-dos-mociones-en-defensa-de-la-lengua-catalana-y-por-la-paz-en-gaza\/"},"author":{"name":"comunicacio","@id":"https:\/\/mont-roig.cat\/es\/#\/schema\/person\/1f73e7b5e6f9dd122e8a6f14f310ac5e"},"headline":"El Pleno de Mont-roig del Camp aprueba dos mociones, en defensa de la lengua catalana y por la paz en Gaza","datePublished":"2025-06-09T15:11:12+00:00","dateModified":"2025-06-09T15:29:24+00:00","mainEntityOfPage":{"@id":"https:\/\/mont-roig.cat\/es\/actualitat\/noticies\/el-pleno-de-mont-roig-del-camp-aprueba-dos-mociones-en-defensa-de-la-lengua-catalana-y-por-la-paz-en-gaza\/"},"wordCount":448,"image":{"@id":"https:\/\/mont-roig.cat\/es\/actualitat\/noticies\/el-pleno-de-mont-roig-del-camp-aprueba-dos-mociones-en-defensa-de-la-lengua-catalana-y-por-la-paz-en-gaza\/#primaryimage"},"thumbnailUrl":"https:\/\/mont-roig.cat\/wp-content\/uploads\/Foto-ple-juny.jpg","articleSection":["Alcalde","Ayuntamiento"],"inLanguage":"es"},{"@type":"WebPage","@id":"https:\/\/mont-roig.cat\/es\/actualitat\/noticies\/el-pleno-de-mont-roig-del-camp-aprueba-dos-mociones-en-defensa-de-la-lengua-catalana-y-por-la-paz-en-gaza\/","url":"https:\/\/mont-roig.cat\/es\/actualitat\/noticies\/el-pleno-de-mont-roig-del-camp-aprueba-dos-mociones-en-defensa-de-la-lengua-catalana-y-por-la-paz-en-gaza\/","name":"El Pleno de Mont-roig del Camp aprueba dos mociones, en defensa de la lengua catalana y por la paz en Gaza - Ajuntament de Mont-roig del Camp","isPartOf":{"@id":"https:\/\/mont-roig.cat\/es\/#website"},"primaryImageOfPage":{"@id":"https:\/\/mont-roig.cat\/es\/actualitat\/noticies\/el-pleno-de-mont-roig-del-camp-aprueba-dos-mociones-en-defensa-de-la-lengua-catalana-y-por-la-paz-en-gaza\/#primaryimage"},"image":{"@id":"https:\/\/mont-roig.cat\/es\/actualitat\/noticies\/el-pleno-de-mont-roig-del-camp-aprueba-dos-mociones-en-defensa-de-la-lengua-catalana-y-por-la-paz-en-gaza\/#primaryimage"},"thumbnailUrl":"https:\/\/mont-roig.cat\/wp-content\/uploads\/Foto-ple-juny.jpg","datePublished":"2025-06-09T15:11:12+00:00","dateModified":"2025-06-09T15:29:24+00:00","author":{"@id":"https:\/\/mont-roig.cat\/es\/#\/schema\/person\/1f73e7b5e6f9dd122e8a6f14f310ac5e"},"breadcrumb":{"@id":"https:\/\/mont-roig.cat\/es\/actualitat\/noticies\/el-pleno-de-mont-roig-del-camp-aprueba-dos-mociones-en-defensa-de-la-lengua-catalana-y-por-la-paz-en-gaza\/#breadcrumb"},"inLanguage":"es","potentialAction":[{"@type":"ReadAction","target":["https:\/\/mont-roig.cat\/es\/actualitat\/noticies\/el-pleno-de-mont-roig-del-camp-aprueba-dos-mociones-en-defensa-de-la-lengua-catalana-y-por-la-paz-en-gaza\/"]}]},{"@type":"ImageObject","inLanguage":"es","@id":"https:\/\/mont-roig.cat\/es\/actualitat\/noticies\/el-pleno-de-mont-roig-del-camp-aprueba-dos-mociones-en-defensa-de-la-lengua-catalana-y-por-la-paz-en-gaza\/#primaryimage","url":"https:\/\/mont-roig.cat\/wp-content\/uploads\/Foto-ple-juny.jpg","contentUrl":"https:\/\/mont-roig.cat\/wp-content\/uploads\/Foto-ple-juny.jpg","width":1600,"height":1200},{"@type":"BreadcrumbList","@id":"https:\/\/mont-roig.cat\/es\/actualitat\/noticies\/el-pleno-de-mont-roig-del-camp-aprueba-dos-mociones-en-defensa-de-la-lengua-catalana-y-por-la-paz-en-gaza\/#breadcrumb","itemListElement":[{"@type":"ListItem","position":1,"name":"Inici","item":"https:\/\/mont-roig.cat\/es\/pagina-de-inicio\/"},{"@type":"ListItem","position":2,"name":"El Pleno de Mont-roig del Camp aprueba dos mociones, en defensa de la lengua catalana y por la paz en Gaza"}]},{"@type":"WebSite","@id":"https:\/\/mont-roig.cat\/es\/#website","url":"https:\/\/mont-roig.cat\/es\/","name":"Ajuntament de Mont-roig del Camp","description":"Tota la informaci\u00f3 sobre la instituci\u00f3, els seus \u00f2rgans de govern, actualitat, serveis i molt m\u00e9s.","potentialAction":[{"@type":"SearchAction","target":{"@type":"EntryPoint","urlTemplate":"https:\/\/mont-roig.cat\/es\/?s={search_term_string}"},"query-input":{"@type":"PropertyValueSpecification","valueRequired":true,"valueName":"search_term_string"}}],"inLanguage":"es"},{"@type":"Person","@id":"https:\/\/mont-roig.cat\/es\/#\/schema\/person\/1f73e7b5e6f9dd122e8a6f14f310ac5e","name":"comunicacio","image":{"@type":"ImageObject","inLanguage":"es","@id":"https:\/\/secure.gravatar.com\/avatar\/98944333e7a877670a64f8d10f0cb680ab2c9ebc4efc43945ef004b52b5ad28c?s=96&d=mm&r=g","url":"https:\/\/secure.gravatar.com\/avatar\/98944333e7a877670a64f8d10f0cb680ab2c9ebc4efc43945ef004b52b5ad28c?s=96&d=mm&r=g","contentUrl":"https:\/\/secure.gravatar.com\/avatar\/98944333e7a877670a64f8d10f0cb680ab2c9ebc4efc43945ef004b52b5ad28c?s=96&d=mm&r=g","caption":"comunicacio"},"url":"https:\/\/mont-roig.cat\/es\/actualitat\/noticies\/author\/comunicacio\/"}]}},"_links":{"self":[{"href":"https:\/\/mont-roig.cat\/es\/wp-json\/wp\/v2\/posts\/83790","targetHints":{"allow":["GET"]}}],"collection":[{"href":"https:\/\/mont-roig.cat\/es\/wp-json\/wp\/v2\/posts"}],"about":[{"href":"https:\/\/mont-roig.cat\/es\/wp-json\/wp\/v2\/types\/post"}],"author":[{"embeddable":true,"href":"https:\/\/mont-roig.cat\/es\/wp-json\/wp\/v2\/users\/13"}],"replies":[{"embeddable":true,"href":"https:\/\/mont-roig.cat\/es\/wp-json\/wp\/v2\/comments?post=83790"}],"version-history":[{"count":2,"href":"https:\/\/mont-roig.cat\/es\/wp-json\/wp\/v2\/posts\/83790\/revisions"}],"predecessor-version":[{"id":83792,"href":"https:\/\/mont-roig.cat\/es\/wp-json\/wp\/v2\/posts\/83790\/revisions\/83792"}],"wp:featuredmedia":[{"embeddable":true,"href":"https:\/\/mont-roig.cat\/es\/wp-json\/wp\/v2\/media\/83782"}],"wp:attachment":[{"href":"https:\/\/mont-roig.cat\/es\/wp-json\/wp\/v2\/media?parent=83790"}],"wp:term":[{"taxonomy":"category","embeddable":true,"href":"https:\/\/mont-roig.cat\/es\/wp-json\/wp\/v2\/categories?post=83790"},{"taxonomy":"post_tag","embeddable":true,"href":"https:\/\/mont-roig.cat\/es\/wp-json\/wp\/v2\/tags?post=83790"}],"curies":[{"name":"wp","href":"https:\/\/api.w.org\/{rel}","templated":true}]}}