{"id":83841,"date":"2025-06-12T10:58:51","date_gmt":"2025-06-12T08:58:51","guid":{"rendered":"https:\/\/mont-roig.cat\/actualitat\/noticies\/canvis-en-la-circulacio-a-lav-costa-daurada-de-miami-platja-per-millorar-la-seguretat-i-la-mobilitat\/"},"modified":"2025-06-12T11:07:38","modified_gmt":"2025-06-12T09:07:38","slug":"cambios-en-la-circulacion-en-la-av-costa-daurada-de-miami-platja-para-mejorar-la-seguridad-y-la-movilidad","status":"publish","type":"post","link":"https:\/\/mont-roig.cat\/es\/actualitat\/noticies\/cambios-en-la-circulacion-en-la-av-costa-daurada-de-miami-platja-para-mejorar-la-seguridad-y-la-movilidad\/","title":{"rendered":"Cambios en la circulaci\u00f3n en la Av. Costa Daurada de Miami Platja para mejorar la seguridad y la movilidad"},"content":{"rendered":"<p><strong><strong> <a href=\"https:\/\/mont-roig.cat\/wp-content\/uploads\/carrers.jpg\" target=\"_blank\" rel=\"noopener\"><img loading=\"lazy\" decoding=\"async\" class=\"alignright wp-image-83831 \" src=\"https:\/\/mont-roig.cat\/wp-content\/uploads\/carrers-376x500.jpg\" alt=\"\" width=\"258\" height=\"343\" srcset=\"https:\/\/mont-roig.cat\/wp-content\/uploads\/carrers-376x500.jpg 376w, https:\/\/mont-roig.cat\/wp-content\/uploads\/carrers-771x1024.jpg 771w, https:\/\/mont-roig.cat\/wp-content\/uploads\/carrers-768x1021.jpg 768w, https:\/\/mont-roig.cat\/wp-content\/uploads\/carrers-1156x1536.jpg 1156w, https:\/\/mont-roig.cat\/wp-content\/uploads\/carrers.jpg 1204w\" sizes=\"auto, (max-width: 258px) 100vw, 258px\" \/><\/a><a href=\"https:\/\/mont-roig.cat\/wp-content\/uploads\/carrers3.jpg\" target=\"_blank\" rel=\"noopener\"><img loading=\"lazy\" decoding=\"async\" class=\"alignright wp-image-83835 \" src=\"https:\/\/mont-roig.cat\/wp-content\/uploads\/carrers3-376x500.jpg\" alt=\"\" width=\"258\" height=\"343\" srcset=\"https:\/\/mont-roig.cat\/wp-content\/uploads\/carrers3-376x500.jpg 376w, https:\/\/mont-roig.cat\/wp-content\/uploads\/carrers3-771x1024.jpg 771w, https:\/\/mont-roig.cat\/wp-content\/uploads\/carrers3-768x1021.jpg 768w, https:\/\/mont-roig.cat\/wp-content\/uploads\/carrers3-1156x1536.jpg 1156w, https:\/\/mont-roig.cat\/wp-content\/uploads\/carrers3.jpg 1204w\" sizes=\"auto, (max-width: 258px) 100vw, 258px\" \/><\/a><\/strong><\/strong><\/p>\n<ul>\n<li data-start=\"227\" data-end=\"568\"><strong>La v\u00eda y su paso subterr\u00e1neo pasar\u00e1n a tener sentido \u00fanico para reducir el tr\u00e1fico motorizado, ampliar el espacio para los peatones y fomentar la movilidad a pie.<\/strong><\/li>\n<li data-start=\"227\" data-end=\"568\"><strong>Esta actuaci\u00f3n cuenta con un presupuesto de 10.000,00 \u20ac y forma parte de los proyectos ganadores de los presupuestos participativos del a\u00f1o 2023 impulsados por el Ayuntamiento.<\/strong><\/li>\n<\/ul>\n<p data-start=\"570\" data-end=\"1002\">El Ayuntamiento de Mont-roig del Camp iniciar\u00e1 la pr\u00f3xima semana los trabajos de se\u00f1alizaci\u00f3n para transformar la Avinguda Costa Daurada de Miami Platja en una v\u00eda de sentido \u00fanico. Esta actuaci\u00f3n responde a una demanda hist\u00f3rica del vecindario y tiene como objetivo mejorar la circulaci\u00f3n y aumentar la seguridad en el paso subterr\u00e1neo de esta v\u00eda, uno de los puntos m\u00e1s conflictivos del municipio, especialmente durante el verano.<\/p>\n<p data-start=\"1004\" data-end=\"1446\">Con una anchura aproximada de 4,5 metros, la Av. Costa Daurada ha funcionado hasta ahora como un paso bidireccional de veh\u00edculos, al mismo tiempo que es una zona de acceso a la Platja de Cristall muy utilizada por peatones y bicicletas. El cambio permitir\u00e1 ampliar el espacio destinado a los peatones y facilitar una movilidad m\u00e1s segura y accesible, al mismo tiempo que se desincentiva el paso de veh\u00edculos motorizados por el tramo mar\u00edtimo.<\/p>\n<p data-start=\"1448\" data-end=\"1629\" data-is-last-node=\"\" data-is-only-node=\"\">Los veh\u00edculos que necesiten acceder o salir de la zona podr\u00e1n hacerlo por la calle Rafael Alberti, junto al supermercado Esclat, que se mantendr\u00e1 como salida para el tr\u00e1fico rodado.<\/p>\n","protected":false},"excerpt":{"rendered":"<p>La v\u00eda y su paso subterr\u00e1neo pasar\u00e1n a tener sentido \u00fanico para reducir el tr\u00e1fico motorizado, ampliar el espacio para los peatones y fomentar la movilidad a pie. Esta actuaci\u00f3n cuenta con un presupuesto de 10.000,00 \u20ac y forma parte de los proyectos ganadores de los presupuestos participativos del a\u00f1o 2023 impulsados por el Ayuntamiento. [&hellip;]<\/p>\n","protected":false},"author":13,"featured_media":83836,"comment_status":"closed","ping_status":"closed","sticky":false,"template":"","format":"standard","meta":{"inline_featured_image":false,"_monsterinsights_skip_tracking":false,"_monsterinsights_sitenote_active":false,"_monsterinsights_sitenote_note":"","_monsterinsights_sitenote_category":0,"footnotes":""},"categories":[98,108,217],"tags":[],"class_list":["post-83841","post","type-post","status-publish","format-standard","has-post-thumbnail","hentry","category-ayuntamiento","category-movilidad-y-transporte","category-participacio-ciutadana-es"],"yoast_head":"<!-- This site is optimized with the Yoast SEO plugin v27.4 - https:\/\/yoast.com\/product\/yoast-seo-wordpress\/ -->\n<title>Cambios en la circulaci\u00f3n en la Av. Costa Daurada de Miami Platja para mejorar la seguridad y la movilidad - Ajuntament de Mont-roig del Camp<\/title>\n<meta name=\"robots\" content=\"index, follow, max-snippet:-1, max-image-preview:large, max-video-preview:-1\" \/>\n<link rel=\"canonical\" href=\"https:\/\/mont-roig.cat\/es\/actualitat\/noticies\/cambios-en-la-circulacion-en-la-av-costa-daurada-de-miami-platja-para-mejorar-la-seguridad-y-la-movilidad\/\" \/>\n<meta property=\"og:locale\" content=\"es_ES\" \/>\n<meta property=\"og:type\" content=\"article\" \/>\n<meta property=\"og:title\" content=\"Cambios en la circulaci\u00f3n en la Av. Costa Daurada de Miami Platja para mejorar la seguridad y la movilidad - Ajuntament de Mont-roig del Camp\" \/>\n<meta property=\"og:description\" content=\"La v\u00eda y su paso subterr\u00e1neo pasar\u00e1n a tener sentido \u00fanico para reducir el tr\u00e1fico motorizado, ampliar el espacio para los peatones y fomentar la movilidad a pie. Esta actuaci\u00f3n cuenta con un presupuesto de 10.000,00 \u20ac y forma parte de los proyectos ganadores de los presupuestos participativos del a\u00f1o 2023 impulsados por el Ayuntamiento. [&hellip;]\" \/>\n<meta property=\"og:url\" content=\"https:\/\/mont-roig.cat\/es\/actualitat\/noticies\/cambios-en-la-circulacion-en-la-av-costa-daurada-de-miami-platja-para-mejorar-la-seguridad-y-la-movilidad\/\" \/>\n<meta property=\"og:site_name\" content=\"Ajuntament de Mont-roig del Camp\" \/>\n<meta property=\"article:published_time\" content=\"2025-06-12T08:58:51+00:00\" \/>\n<meta property=\"article:modified_time\" content=\"2025-06-12T09:07:38+00:00\" \/>\n<meta property=\"og:image\" content=\"https:\/\/mont-roig.cat\/wp-content\/uploads\/carrers3.jpg\" \/>\n\t<meta property=\"og:image:width\" content=\"1204\" \/>\n\t<meta property=\"og:image:height\" content=\"1600\" \/>\n\t<meta property=\"og:image:type\" content=\"image\/jpeg\" \/>\n<meta name=\"author\" content=\"comunicacio\" \/>\n<meta name=\"twitter:card\" content=\"summary_large_image\" \/>\n<meta name=\"twitter:label1\" content=\"Escrito por\" \/>\n\t<meta name=\"twitter:data1\" content=\"comunicacio\" \/>\n\t<meta name=\"twitter:label2\" content=\"Tiempo de lectura\" \/>\n\t<meta name=\"twitter:data2\" content=\"2 minutos\" \/>\n<script type=\"application\/ld+json\" class=\"yoast-schema-graph\">{\"@context\":\"https:\\\/\\\/schema.org\",\"@graph\":[{\"@type\":\"Article\",\"@id\":\"https:\\\/\\\/mont-roig.cat\\\/es\\\/actualitat\\\/noticies\\\/cambios-en-la-circulacion-en-la-av-costa-daurada-de-miami-platja-para-mejorar-la-seguridad-y-la-movilidad\\\/#article\",\"isPartOf\":{\"@id\":\"https:\\\/\\\/mont-roig.cat\\\/es\\\/actualitat\\\/noticies\\\/cambios-en-la-circulacion-en-la-av-costa-daurada-de-miami-platja-para-mejorar-la-seguridad-y-la-movilidad\\\/\"},\"author\":{\"name\":\"comunicacio\",\"@id\":\"https:\\\/\\\/mont-roig.cat\\\/es\\\/#\\\/schema\\\/person\\\/1f73e7b5e6f9dd122e8a6f14f310ac5e\"},\"headline\":\"Cambios en la circulaci\u00f3n en la Av. Costa Daurada de Miami Platja para mejorar la seguridad y la movilidad\",\"datePublished\":\"2025-06-12T08:58:51+00:00\",\"dateModified\":\"2025-06-12T09:07:38+00:00\",\"mainEntityOfPage\":{\"@id\":\"https:\\\/\\\/mont-roig.cat\\\/es\\\/actualitat\\\/noticies\\\/cambios-en-la-circulacion-en-la-av-costa-daurada-de-miami-platja-para-mejorar-la-seguridad-y-la-movilidad\\\/\"},\"wordCount\":266,\"image\":{\"@id\":\"https:\\\/\\\/mont-roig.cat\\\/es\\\/actualitat\\\/noticies\\\/cambios-en-la-circulacion-en-la-av-costa-daurada-de-miami-platja-para-mejorar-la-seguridad-y-la-movilidad\\\/#primaryimage\"},\"thumbnailUrl\":\"https:\\\/\\\/mont-roig.cat\\\/wp-content\\\/uploads\\\/carrers3.jpg\",\"articleSection\":[\"Ayuntamiento\",\"Movilidad y transporte\",\"Participaci\u00f3 Ciutadana\"],\"inLanguage\":\"es\"},{\"@type\":\"WebPage\",\"@id\":\"https:\\\/\\\/mont-roig.cat\\\/es\\\/actualitat\\\/noticies\\\/cambios-en-la-circulacion-en-la-av-costa-daurada-de-miami-platja-para-mejorar-la-seguridad-y-la-movilidad\\\/\",\"url\":\"https:\\\/\\\/mont-roig.cat\\\/es\\\/actualitat\\\/noticies\\\/cambios-en-la-circulacion-en-la-av-costa-daurada-de-miami-platja-para-mejorar-la-seguridad-y-la-movilidad\\\/\",\"name\":\"Cambios en la circulaci\u00f3n en la Av. Costa Daurada de Miami Platja para mejorar la seguridad y la movilidad - Ajuntament de Mont-roig del Camp\",\"isPartOf\":{\"@id\":\"https:\\\/\\\/mont-roig.cat\\\/es\\\/#website\"},\"primaryImageOfPage\":{\"@id\":\"https:\\\/\\\/mont-roig.cat\\\/es\\\/actualitat\\\/noticies\\\/cambios-en-la-circulacion-en-la-av-costa-daurada-de-miami-platja-para-mejorar-la-seguridad-y-la-movilidad\\\/#primaryimage\"},\"image\":{\"@id\":\"https:\\\/\\\/mont-roig.cat\\\/es\\\/actualitat\\\/noticies\\\/cambios-en-la-circulacion-en-la-av-costa-daurada-de-miami-platja-para-mejorar-la-seguridad-y-la-movilidad\\\/#primaryimage\"},\"thumbnailUrl\":\"https:\\\/\\\/mont-roig.cat\\\/wp-content\\\/uploads\\\/carrers3.jpg\",\"datePublished\":\"2025-06-12T08:58:51+00:00\",\"dateModified\":\"2025-06-12T09:07:38+00:00\",\"author\":{\"@id\":\"https:\\\/\\\/mont-roig.cat\\\/es\\\/#\\\/schema\\\/person\\\/1f73e7b5e6f9dd122e8a6f14f310ac5e\"},\"breadcrumb\":{\"@id\":\"https:\\\/\\\/mont-roig.cat\\\/es\\\/actualitat\\\/noticies\\\/cambios-en-la-circulacion-en-la-av-costa-daurada-de-miami-platja-para-mejorar-la-seguridad-y-la-movilidad\\\/#breadcrumb\"},\"inLanguage\":\"es\",\"potentialAction\":[{\"@type\":\"ReadAction\",\"target\":[\"https:\\\/\\\/mont-roig.cat\\\/es\\\/actualitat\\\/noticies\\\/cambios-en-la-circulacion-en-la-av-costa-daurada-de-miami-platja-para-mejorar-la-seguridad-y-la-movilidad\\\/\"]}]},{\"@type\":\"ImageObject\",\"inLanguage\":\"es\",\"@id\":\"https:\\\/\\\/mont-roig.cat\\\/es\\\/actualitat\\\/noticies\\\/cambios-en-la-circulacion-en-la-av-costa-daurada-de-miami-platja-para-mejorar-la-seguridad-y-la-movilidad\\\/#primaryimage\",\"url\":\"https:\\\/\\\/mont-roig.cat\\\/wp-content\\\/uploads\\\/carrers3.jpg\",\"contentUrl\":\"https:\\\/\\\/mont-roig.cat\\\/wp-content\\\/uploads\\\/carrers3.jpg\",\"width\":1204,\"height\":1600},{\"@type\":\"BreadcrumbList\",\"@id\":\"https:\\\/\\\/mont-roig.cat\\\/es\\\/actualitat\\\/noticies\\\/cambios-en-la-circulacion-en-la-av-costa-daurada-de-miami-platja-para-mejorar-la-seguridad-y-la-movilidad\\\/#breadcrumb\",\"itemListElement\":[{\"@type\":\"ListItem\",\"position\":1,\"name\":\"Inici\",\"item\":\"https:\\\/\\\/mont-roig.cat\\\/es\\\/pagina-de-inicio\\\/\"},{\"@type\":\"ListItem\",\"position\":2,\"name\":\"Cambios en la circulaci\u00f3n en la Av. Costa Daurada de Miami Platja para mejorar la seguridad y la movilidad\"}]},{\"@type\":\"WebSite\",\"@id\":\"https:\\\/\\\/mont-roig.cat\\\/es\\\/#website\",\"url\":\"https:\\\/\\\/mont-roig.cat\\\/es\\\/\",\"name\":\"Ajuntament de Mont-roig del Camp\",\"description\":\"Tota la informaci\u00f3 sobre la instituci\u00f3, els seus \u00f2rgans de govern, actualitat, serveis i molt m\u00e9s.\",\"potentialAction\":[{\"@type\":\"SearchAction\",\"target\":{\"@type\":\"EntryPoint\",\"urlTemplate\":\"https:\\\/\\\/mont-roig.cat\\\/es\\\/?s={search_term_string}\"},\"query-input\":{\"@type\":\"PropertyValueSpecification\",\"valueRequired\":true,\"valueName\":\"search_term_string\"}}],\"inLanguage\":\"es\"},{\"@type\":\"Person\",\"@id\":\"https:\\\/\\\/mont-roig.cat\\\/es\\\/#\\\/schema\\\/person\\\/1f73e7b5e6f9dd122e8a6f14f310ac5e\",\"name\":\"comunicacio\",\"image\":{\"@type\":\"ImageObject\",\"inLanguage\":\"es\",\"@id\":\"https:\\\/\\\/secure.gravatar.com\\\/avatar\\\/98944333e7a877670a64f8d10f0cb680ab2c9ebc4efc43945ef004b52b5ad28c?s=96&d=mm&r=g\",\"url\":\"https:\\\/\\\/secure.gravatar.com\\\/avatar\\\/98944333e7a877670a64f8d10f0cb680ab2c9ebc4efc43945ef004b52b5ad28c?s=96&d=mm&r=g\",\"contentUrl\":\"https:\\\/\\\/secure.gravatar.com\\\/avatar\\\/98944333e7a877670a64f8d10f0cb680ab2c9ebc4efc43945ef004b52b5ad28c?s=96&d=mm&r=g\",\"caption\":\"comunicacio\"},\"url\":\"https:\\\/\\\/mont-roig.cat\\\/es\\\/actualitat\\\/noticies\\\/author\\\/comunicacio\\\/\"}]}<\/script>\n<!-- \/ Yoast SEO plugin. -->","yoast_head_json":{"title":"Cambios en la circulaci\u00f3n en la Av. Costa Daurada de Miami Platja para mejorar la seguridad y la movilidad - Ajuntament de Mont-roig del Camp","robots":{"index":"index","follow":"follow","max-snippet":"max-snippet:-1","max-image-preview":"max-image-preview:large","max-video-preview":"max-video-preview:-1"},"canonical":"https:\/\/mont-roig.cat\/es\/actualitat\/noticies\/cambios-en-la-circulacion-en-la-av-costa-daurada-de-miami-platja-para-mejorar-la-seguridad-y-la-movilidad\/","og_locale":"es_ES","og_type":"article","og_title":"Cambios en la circulaci\u00f3n en la Av. Costa Daurada de Miami Platja para mejorar la seguridad y la movilidad - Ajuntament de Mont-roig del Camp","og_description":"La v\u00eda y su paso subterr\u00e1neo pasar\u00e1n a tener sentido \u00fanico para reducir el tr\u00e1fico motorizado, ampliar el espacio para los peatones y fomentar la movilidad a pie. Esta actuaci\u00f3n cuenta con un presupuesto de 10.000,00 \u20ac y forma parte de los proyectos ganadores de los presupuestos participativos del a\u00f1o 2023 impulsados por el Ayuntamiento. [&hellip;]","og_url":"https:\/\/mont-roig.cat\/es\/actualitat\/noticies\/cambios-en-la-circulacion-en-la-av-costa-daurada-de-miami-platja-para-mejorar-la-seguridad-y-la-movilidad\/","og_site_name":"Ajuntament de Mont-roig del Camp","article_published_time":"2025-06-12T08:58:51+00:00","article_modified_time":"2025-06-12T09:07:38+00:00","og_image":[{"width":1204,"height":1600,"url":"https:\/\/mont-roig.cat\/wp-content\/uploads\/carrers3.jpg","type":"image\/jpeg"}],"author":"comunicacio","twitter_card":"summary_large_image","twitter_misc":{"Escrito por":"comunicacio","Tiempo de lectura":"2 minutos"},"schema":{"@context":"https:\/\/schema.org","@graph":[{"@type":"Article","@id":"https:\/\/mont-roig.cat\/es\/actualitat\/noticies\/cambios-en-la-circulacion-en-la-av-costa-daurada-de-miami-platja-para-mejorar-la-seguridad-y-la-movilidad\/#article","isPartOf":{"@id":"https:\/\/mont-roig.cat\/es\/actualitat\/noticies\/cambios-en-la-circulacion-en-la-av-costa-daurada-de-miami-platja-para-mejorar-la-seguridad-y-la-movilidad\/"},"author":{"name":"comunicacio","@id":"https:\/\/mont-roig.cat\/es\/#\/schema\/person\/1f73e7b5e6f9dd122e8a6f14f310ac5e"},"headline":"Cambios en la circulaci\u00f3n en la Av. Costa Daurada de Miami Platja para mejorar la seguridad y la movilidad","datePublished":"2025-06-12T08:58:51+00:00","dateModified":"2025-06-12T09:07:38+00:00","mainEntityOfPage":{"@id":"https:\/\/mont-roig.cat\/es\/actualitat\/noticies\/cambios-en-la-circulacion-en-la-av-costa-daurada-de-miami-platja-para-mejorar-la-seguridad-y-la-movilidad\/"},"wordCount":266,"image":{"@id":"https:\/\/mont-roig.cat\/es\/actualitat\/noticies\/cambios-en-la-circulacion-en-la-av-costa-daurada-de-miami-platja-para-mejorar-la-seguridad-y-la-movilidad\/#primaryimage"},"thumbnailUrl":"https:\/\/mont-roig.cat\/wp-content\/uploads\/carrers3.jpg","articleSection":["Ayuntamiento","Movilidad y transporte","Participaci\u00f3 Ciutadana"],"inLanguage":"es"},{"@type":"WebPage","@id":"https:\/\/mont-roig.cat\/es\/actualitat\/noticies\/cambios-en-la-circulacion-en-la-av-costa-daurada-de-miami-platja-para-mejorar-la-seguridad-y-la-movilidad\/","url":"https:\/\/mont-roig.cat\/es\/actualitat\/noticies\/cambios-en-la-circulacion-en-la-av-costa-daurada-de-miami-platja-para-mejorar-la-seguridad-y-la-movilidad\/","name":"Cambios en la circulaci\u00f3n en la Av. Costa Daurada de Miami Platja para mejorar la seguridad y la movilidad - Ajuntament de Mont-roig del Camp","isPartOf":{"@id":"https:\/\/mont-roig.cat\/es\/#website"},"primaryImageOfPage":{"@id":"https:\/\/mont-roig.cat\/es\/actualitat\/noticies\/cambios-en-la-circulacion-en-la-av-costa-daurada-de-miami-platja-para-mejorar-la-seguridad-y-la-movilidad\/#primaryimage"},"image":{"@id":"https:\/\/mont-roig.cat\/es\/actualitat\/noticies\/cambios-en-la-circulacion-en-la-av-costa-daurada-de-miami-platja-para-mejorar-la-seguridad-y-la-movilidad\/#primaryimage"},"thumbnailUrl":"https:\/\/mont-roig.cat\/wp-content\/uploads\/carrers3.jpg","datePublished":"2025-06-12T08:58:51+00:00","dateModified":"2025-06-12T09:07:38+00:00","author":{"@id":"https:\/\/mont-roig.cat\/es\/#\/schema\/person\/1f73e7b5e6f9dd122e8a6f14f310ac5e"},"breadcrumb":{"@id":"https:\/\/mont-roig.cat\/es\/actualitat\/noticies\/cambios-en-la-circulacion-en-la-av-costa-daurada-de-miami-platja-para-mejorar-la-seguridad-y-la-movilidad\/#breadcrumb"},"inLanguage":"es","potentialAction":[{"@type":"ReadAction","target":["https:\/\/mont-roig.cat\/es\/actualitat\/noticies\/cambios-en-la-circulacion-en-la-av-costa-daurada-de-miami-platja-para-mejorar-la-seguridad-y-la-movilidad\/"]}]},{"@type":"ImageObject","inLanguage":"es","@id":"https:\/\/mont-roig.cat\/es\/actualitat\/noticies\/cambios-en-la-circulacion-en-la-av-costa-daurada-de-miami-platja-para-mejorar-la-seguridad-y-la-movilidad\/#primaryimage","url":"https:\/\/mont-roig.cat\/wp-content\/uploads\/carrers3.jpg","contentUrl":"https:\/\/mont-roig.cat\/wp-content\/uploads\/carrers3.jpg","width":1204,"height":1600},{"@type":"BreadcrumbList","@id":"https:\/\/mont-roig.cat\/es\/actualitat\/noticies\/cambios-en-la-circulacion-en-la-av-costa-daurada-de-miami-platja-para-mejorar-la-seguridad-y-la-movilidad\/#breadcrumb","itemListElement":[{"@type":"ListItem","position":1,"name":"Inici","item":"https:\/\/mont-roig.cat\/es\/pagina-de-inicio\/"},{"@type":"ListItem","position":2,"name":"Cambios en la circulaci\u00f3n en la Av. Costa Daurada de Miami Platja para mejorar la seguridad y la movilidad"}]},{"@type":"WebSite","@id":"https:\/\/mont-roig.cat\/es\/#website","url":"https:\/\/mont-roig.cat\/es\/","name":"Ajuntament de Mont-roig del Camp","description":"Tota la informaci\u00f3 sobre la instituci\u00f3, els seus \u00f2rgans de govern, actualitat, serveis i molt m\u00e9s.","potentialAction":[{"@type":"SearchAction","target":{"@type":"EntryPoint","urlTemplate":"https:\/\/mont-roig.cat\/es\/?s={search_term_string}"},"query-input":{"@type":"PropertyValueSpecification","valueRequired":true,"valueName":"search_term_string"}}],"inLanguage":"es"},{"@type":"Person","@id":"https:\/\/mont-roig.cat\/es\/#\/schema\/person\/1f73e7b5e6f9dd122e8a6f14f310ac5e","name":"comunicacio","image":{"@type":"ImageObject","inLanguage":"es","@id":"https:\/\/secure.gravatar.com\/avatar\/98944333e7a877670a64f8d10f0cb680ab2c9ebc4efc43945ef004b52b5ad28c?s=96&d=mm&r=g","url":"https:\/\/secure.gravatar.com\/avatar\/98944333e7a877670a64f8d10f0cb680ab2c9ebc4efc43945ef004b52b5ad28c?s=96&d=mm&r=g","contentUrl":"https:\/\/secure.gravatar.com\/avatar\/98944333e7a877670a64f8d10f0cb680ab2c9ebc4efc43945ef004b52b5ad28c?s=96&d=mm&r=g","caption":"comunicacio"},"url":"https:\/\/mont-roig.cat\/es\/actualitat\/noticies\/author\/comunicacio\/"}]}},"_links":{"self":[{"href":"https:\/\/mont-roig.cat\/es\/wp-json\/wp\/v2\/posts\/83841","targetHints":{"allow":["GET"]}}],"collection":[{"href":"https:\/\/mont-roig.cat\/es\/wp-json\/wp\/v2\/posts"}],"about":[{"href":"https:\/\/mont-roig.cat\/es\/wp-json\/wp\/v2\/types\/post"}],"author":[{"embeddable":true,"href":"https:\/\/mont-roig.cat\/es\/wp-json\/wp\/v2\/users\/13"}],"replies":[{"embeddable":true,"href":"https:\/\/mont-roig.cat\/es\/wp-json\/wp\/v2\/comments?post=83841"}],"version-history":[{"count":2,"href":"https:\/\/mont-roig.cat\/es\/wp-json\/wp\/v2\/posts\/83841\/revisions"}],"predecessor-version":[{"id":83843,"href":"https:\/\/mont-roig.cat\/es\/wp-json\/wp\/v2\/posts\/83841\/revisions\/83843"}],"wp:featuredmedia":[{"embeddable":true,"href":"https:\/\/mont-roig.cat\/es\/wp-json\/wp\/v2\/media\/83836"}],"wp:attachment":[{"href":"https:\/\/mont-roig.cat\/es\/wp-json\/wp\/v2\/media?parent=83841"}],"wp:term":[{"taxonomy":"category","embeddable":true,"href":"https:\/\/mont-roig.cat\/es\/wp-json\/wp\/v2\/categories?post=83841"},{"taxonomy":"post_tag","embeddable":true,"href":"https:\/\/mont-roig.cat\/es\/wp-json\/wp\/v2\/tags?post=83841"}],"curies":[{"name":"wp","href":"https:\/\/api.w.org\/{rel}","templated":true}]}}