{"id":83861,"date":"2025-06-12T11:55:05","date_gmt":"2025-06-12T09:55:05","guid":{"rendered":"https:\/\/mont-roig.cat\/actualitat\/noticies\/tot-a-punt-per-a-la-revetlla-de-sant-joan-a-mont-roig-del-camp-i-miami-platja\/"},"modified":"2025-06-12T12:03:14","modified_gmt":"2025-06-12T10:03:14","slug":"todo-a-punto-para-la-revetlla-de-sant-joan-en-mont-roig-del-camp-y-miami-platja","status":"publish","type":"post","link":"https:\/\/mont-roig.cat\/es\/actualitat\/noticies\/todo-a-punto-para-la-revetlla-de-sant-joan-en-mont-roig-del-camp-y-miami-platja\/","title":{"rendered":"Todo a punto para la Revetlla de Sant Joan en Mont-roig del Camp y Miami Platja"},"content":{"rendered":"<ul>\n<li><strong><a href=\"https:\/\/mont-roig.cat\/wp-content\/uploads\/MMF_sant_joan25_WEB.png\" target=\"_blank\" rel=\"noopener\"><img loading=\"lazy\" decoding=\"async\" class=\"alignright wp-image-83853\" src=\"https:\/\/mont-roig.cat\/wp-content\/uploads\/MMF_sant_joan25_WEB-354x500.png\" alt=\"\" width=\"253\" height=\"357\" srcset=\"https:\/\/mont-roig.cat\/wp-content\/uploads\/MMF_sant_joan25_WEB-354x500.png 354w, https:\/\/mont-roig.cat\/wp-content\/uploads\/MMF_sant_joan25_WEB-724x1024.png 724w, https:\/\/mont-roig.cat\/wp-content\/uploads\/MMF_sant_joan25_WEB-768x1086.png 768w, https:\/\/mont-roig.cat\/wp-content\/uploads\/MMF_sant_joan25_WEB.png 877w\" sizes=\"auto, (max-width: 253px) 100vw, 253px\" \/><\/a>Cenas al aire libre, m\u00fasica y la llegada de la Flama del Canig\u00f3 protagonizan la noche m\u00e1s corta del a\u00f1o<\/strong><\/li>\n<\/ul>\n<p data-start=\"319\" data-end=\"1086\">Un a\u00f1o m\u00e1s, Mont-roig del Camp y Miami Platja se preparan para vivir la magia de la noche de Sant Joan con actividades para todos los p\u00fablicos. Los actos comenzar\u00e1n el lunes 23 de junio con la recogida de la Flama del Canig\u00f3 en la plaza de la Llibertat de Reus, por parte de la Associaci\u00f3 de Ve\u00efns Muntanya Roja, y la posterior llegada de la Flama a Mont-roig del Camp. Esta recorrer\u00e1 la avinguda de Catalunya y la carrer Cambrils hasta la Pista d\u2019Estiu, a partir de las 20 h, acompa\u00f1ada por los Grallers de Mont-roig, la Pubilla y el Hereu del municipio, y miembros del Centre Excursionista l\u2019Areny. El fuego simb\u00f3lico ser\u00e1 trasladado hasta la Pista d\u2019Estiu, donde, a las 20:30 h, se har\u00e1 la lectura del manifiesto y el encendido de la hoguera.<\/p>\n<p data-start=\"1088\" data-end=\"1413\">A continuaci\u00f3n, tendr\u00e1 lugar la tradicional cena de fiambrera, en la que los asistentes podr\u00e1n llevar su comida y bebida para compartir la verbena en comunidad. La fiesta contar\u00e1 con la actuaci\u00f3n en directo del grupo Music Box y el reparto gratuito de coca de Sant Joan. El servicio de bar ir\u00e1 a cargo de los Kintus\u201925.<\/p>\n<p data-start=\"1415\" data-end=\"1953\">En Miami Platja, la celebraci\u00f3n comenzar\u00e1 el domingo 22, a las 18:30 h, en el Casal d\u2019Avis Sant Jaume, con una revetlla de Sant Joan para la gente mayor. Continuar\u00e1 el lunes 23, a las 22:00 h, en la p\u00e9rgola de la Platja Cristall, con una cena de fiambrera al aire libre junto al mar. El ambiente festivo seguir\u00e1 con la animaci\u00f3n a cargo del grupo Summer Dance y una sesi\u00f3n musical con DJ. A las 00 h se har\u00e1 el encendido de la hoguera en la misma playa y se repartir\u00e1 coca de Sant Joan para todos. Tambi\u00e9n habr\u00e1 servicio de bar.<\/p>\n<p data-start=\"1955\" data-end=\"2249\"><strong data-start=\"1955\" data-end=\"1979\">Verbenas con civismo<\/strong><br data-start=\"1979\" data-end=\"1982\" \/>El Ajuntament de Mont-roig del Camp recuerda que, para garantizar la seguridad y el respeto por los espacios naturales, hay que evitar dejar residuos en la playa o en las zonas p\u00fablicas, y que solo se pueden encender hogueras que hayan sido previamente autorizadas.<\/p>\n<p data-start=\"2251\" data-end=\"2298\">Desc\u00e1rgate el programa completo <a href=\"https:\/\/mont-roig.cat\/wp-content\/uploads\/MMF_sant_joan25_A3_print.pdf\" target=\"_blank\" rel=\"noopener\">en este enlace.<\/a><\/p>\n<p>&nbsp;<\/p>\n","protected":false},"excerpt":{"rendered":"<p>Cenas al aire libre, m\u00fasica y la llegada de la Flama del Canig\u00f3 protagonizan la noche m\u00e1s corta del a\u00f1o Un a\u00f1o m\u00e1s, Mont-roig del Camp y Miami Platja se preparan para vivir la magia de la noche de Sant Joan con actividades para todos los p\u00fablicos. Los actos comenzar\u00e1n el lunes 23 de junio [&hellip;]<\/p>\n","protected":false},"author":13,"featured_media":83848,"comment_status":"closed","ping_status":"closed","sticky":false,"template":"","format":"standard","meta":{"inline_featured_image":false,"_monsterinsights_skip_tracking":false,"_monsterinsights_sitenote_active":false,"_monsterinsights_sitenote_note":"","_monsterinsights_sitenote_category":0,"footnotes":""},"categories":[98,105],"tags":[],"class_list":["post-83861","post","type-post","status-publish","format-standard","has-post-thumbnail","hentry","category-ayuntamiento","category-fiestas"],"yoast_head":"<!-- This site is optimized with the Yoast SEO plugin v27.4 - https:\/\/yoast.com\/product\/yoast-seo-wordpress\/ -->\n<title>Todo a punto para la Revetlla de Sant Joan en Mont-roig del Camp y Miami Platja - Ajuntament de Mont-roig del Camp<\/title>\n<meta name=\"robots\" content=\"index, follow, max-snippet:-1, max-image-preview:large, max-video-preview:-1\" \/>\n<link rel=\"canonical\" href=\"https:\/\/mont-roig.cat\/es\/actualitat\/noticies\/todo-a-punto-para-la-revetlla-de-sant-joan-en-mont-roig-del-camp-y-miami-platja\/\" \/>\n<meta property=\"og:locale\" content=\"es_ES\" \/>\n<meta property=\"og:type\" content=\"article\" \/>\n<meta property=\"og:title\" content=\"Todo a punto para la Revetlla de Sant Joan en Mont-roig del Camp y Miami Platja - Ajuntament de Mont-roig del Camp\" \/>\n<meta property=\"og:description\" content=\"Cenas al aire libre, m\u00fasica y la llegada de la Flama del Canig\u00f3 protagonizan la noche m\u00e1s corta del a\u00f1o Un a\u00f1o m\u00e1s, Mont-roig del Camp y Miami Platja se preparan para vivir la magia de la noche de Sant Joan con actividades para todos los p\u00fablicos. Los actos comenzar\u00e1n el lunes 23 de junio [&hellip;]\" \/>\n<meta property=\"og:url\" content=\"https:\/\/mont-roig.cat\/es\/actualitat\/noticies\/todo-a-punto-para-la-revetlla-de-sant-joan-en-mont-roig-del-camp-y-miami-platja\/\" \/>\n<meta property=\"og:site_name\" content=\"Ajuntament de Mont-roig del Camp\" \/>\n<meta property=\"article:published_time\" content=\"2025-06-12T09:55:05+00:00\" \/>\n<meta property=\"article:modified_time\" content=\"2025-06-12T10:03:14+00:00\" \/>\n<meta property=\"og:image\" content=\"https:\/\/mont-roig.cat\/wp-content\/uploads\/MMF_sant_joan25_META1.png\" \/>\n\t<meta property=\"og:image:width\" content=\"1200\" \/>\n\t<meta property=\"og:image:height\" content=\"630\" \/>\n\t<meta property=\"og:image:type\" content=\"image\/png\" \/>\n<meta name=\"author\" content=\"comunicacio\" \/>\n<meta name=\"twitter:card\" content=\"summary_large_image\" \/>\n<meta name=\"twitter:label1\" content=\"Escrito por\" \/>\n\t<meta name=\"twitter:data1\" content=\"comunicacio\" \/>\n\t<meta name=\"twitter:label2\" content=\"Tiempo de lectura\" \/>\n\t<meta name=\"twitter:data2\" content=\"3 minutos\" \/>\n<script type=\"application\/ld+json\" class=\"yoast-schema-graph\">{\"@context\":\"https:\\\/\\\/schema.org\",\"@graph\":[{\"@type\":\"Article\",\"@id\":\"https:\\\/\\\/mont-roig.cat\\\/es\\\/actualitat\\\/noticies\\\/todo-a-punto-para-la-revetlla-de-sant-joan-en-mont-roig-del-camp-y-miami-platja\\\/#article\",\"isPartOf\":{\"@id\":\"https:\\\/\\\/mont-roig.cat\\\/es\\\/actualitat\\\/noticies\\\/todo-a-punto-para-la-revetlla-de-sant-joan-en-mont-roig-del-camp-y-miami-platja\\\/\"},\"author\":{\"name\":\"comunicacio\",\"@id\":\"https:\\\/\\\/mont-roig.cat\\\/es\\\/#\\\/schema\\\/person\\\/1f73e7b5e6f9dd122e8a6f14f310ac5e\"},\"headline\":\"Todo a punto para la Revetlla de Sant Joan en Mont-roig del Camp y Miami Platja\",\"datePublished\":\"2025-06-12T09:55:05+00:00\",\"dateModified\":\"2025-06-12T10:03:14+00:00\",\"mainEntityOfPage\":{\"@id\":\"https:\\\/\\\/mont-roig.cat\\\/es\\\/actualitat\\\/noticies\\\/todo-a-punto-para-la-revetlla-de-sant-joan-en-mont-roig-del-camp-y-miami-platja\\\/\"},\"wordCount\":403,\"image\":{\"@id\":\"https:\\\/\\\/mont-roig.cat\\\/es\\\/actualitat\\\/noticies\\\/todo-a-punto-para-la-revetlla-de-sant-joan-en-mont-roig-del-camp-y-miami-platja\\\/#primaryimage\"},\"thumbnailUrl\":\"https:\\\/\\\/mont-roig.cat\\\/wp-content\\\/uploads\\\/MMF_sant_joan25_META1.png\",\"articleSection\":[\"Ayuntamiento\",\"Festes\"],\"inLanguage\":\"es\"},{\"@type\":\"WebPage\",\"@id\":\"https:\\\/\\\/mont-roig.cat\\\/es\\\/actualitat\\\/noticies\\\/todo-a-punto-para-la-revetlla-de-sant-joan-en-mont-roig-del-camp-y-miami-platja\\\/\",\"url\":\"https:\\\/\\\/mont-roig.cat\\\/es\\\/actualitat\\\/noticies\\\/todo-a-punto-para-la-revetlla-de-sant-joan-en-mont-roig-del-camp-y-miami-platja\\\/\",\"name\":\"Todo a punto para la Revetlla de Sant Joan en Mont-roig del Camp y Miami Platja - Ajuntament de Mont-roig del Camp\",\"isPartOf\":{\"@id\":\"https:\\\/\\\/mont-roig.cat\\\/es\\\/#website\"},\"primaryImageOfPage\":{\"@id\":\"https:\\\/\\\/mont-roig.cat\\\/es\\\/actualitat\\\/noticies\\\/todo-a-punto-para-la-revetlla-de-sant-joan-en-mont-roig-del-camp-y-miami-platja\\\/#primaryimage\"},\"image\":{\"@id\":\"https:\\\/\\\/mont-roig.cat\\\/es\\\/actualitat\\\/noticies\\\/todo-a-punto-para-la-revetlla-de-sant-joan-en-mont-roig-del-camp-y-miami-platja\\\/#primaryimage\"},\"thumbnailUrl\":\"https:\\\/\\\/mont-roig.cat\\\/wp-content\\\/uploads\\\/MMF_sant_joan25_META1.png\",\"datePublished\":\"2025-06-12T09:55:05+00:00\",\"dateModified\":\"2025-06-12T10:03:14+00:00\",\"author\":{\"@id\":\"https:\\\/\\\/mont-roig.cat\\\/es\\\/#\\\/schema\\\/person\\\/1f73e7b5e6f9dd122e8a6f14f310ac5e\"},\"breadcrumb\":{\"@id\":\"https:\\\/\\\/mont-roig.cat\\\/es\\\/actualitat\\\/noticies\\\/todo-a-punto-para-la-revetlla-de-sant-joan-en-mont-roig-del-camp-y-miami-platja\\\/#breadcrumb\"},\"inLanguage\":\"es\",\"potentialAction\":[{\"@type\":\"ReadAction\",\"target\":[\"https:\\\/\\\/mont-roig.cat\\\/es\\\/actualitat\\\/noticies\\\/todo-a-punto-para-la-revetlla-de-sant-joan-en-mont-roig-del-camp-y-miami-platja\\\/\"]}]},{\"@type\":\"ImageObject\",\"inLanguage\":\"es\",\"@id\":\"https:\\\/\\\/mont-roig.cat\\\/es\\\/actualitat\\\/noticies\\\/todo-a-punto-para-la-revetlla-de-sant-joan-en-mont-roig-del-camp-y-miami-platja\\\/#primaryimage\",\"url\":\"https:\\\/\\\/mont-roig.cat\\\/wp-content\\\/uploads\\\/MMF_sant_joan25_META1.png\",\"contentUrl\":\"https:\\\/\\\/mont-roig.cat\\\/wp-content\\\/uploads\\\/MMF_sant_joan25_META1.png\",\"width\":1200,\"height\":630},{\"@type\":\"BreadcrumbList\",\"@id\":\"https:\\\/\\\/mont-roig.cat\\\/es\\\/actualitat\\\/noticies\\\/todo-a-punto-para-la-revetlla-de-sant-joan-en-mont-roig-del-camp-y-miami-platja\\\/#breadcrumb\",\"itemListElement\":[{\"@type\":\"ListItem\",\"position\":1,\"name\":\"Inici\",\"item\":\"https:\\\/\\\/mont-roig.cat\\\/es\\\/pagina-de-inicio\\\/\"},{\"@type\":\"ListItem\",\"position\":2,\"name\":\"Todo a punto para la Revetlla de Sant Joan en Mont-roig del Camp y Miami Platja\"}]},{\"@type\":\"WebSite\",\"@id\":\"https:\\\/\\\/mont-roig.cat\\\/es\\\/#website\",\"url\":\"https:\\\/\\\/mont-roig.cat\\\/es\\\/\",\"name\":\"Ajuntament de Mont-roig del Camp\",\"description\":\"Tota la informaci\u00f3 sobre la instituci\u00f3, els seus \u00f2rgans de govern, actualitat, serveis i molt m\u00e9s.\",\"potentialAction\":[{\"@type\":\"SearchAction\",\"target\":{\"@type\":\"EntryPoint\",\"urlTemplate\":\"https:\\\/\\\/mont-roig.cat\\\/es\\\/?s={search_term_string}\"},\"query-input\":{\"@type\":\"PropertyValueSpecification\",\"valueRequired\":true,\"valueName\":\"search_term_string\"}}],\"inLanguage\":\"es\"},{\"@type\":\"Person\",\"@id\":\"https:\\\/\\\/mont-roig.cat\\\/es\\\/#\\\/schema\\\/person\\\/1f73e7b5e6f9dd122e8a6f14f310ac5e\",\"name\":\"comunicacio\",\"image\":{\"@type\":\"ImageObject\",\"inLanguage\":\"es\",\"@id\":\"https:\\\/\\\/secure.gravatar.com\\\/avatar\\\/98944333e7a877670a64f8d10f0cb680ab2c9ebc4efc43945ef004b52b5ad28c?s=96&d=mm&r=g\",\"url\":\"https:\\\/\\\/secure.gravatar.com\\\/avatar\\\/98944333e7a877670a64f8d10f0cb680ab2c9ebc4efc43945ef004b52b5ad28c?s=96&d=mm&r=g\",\"contentUrl\":\"https:\\\/\\\/secure.gravatar.com\\\/avatar\\\/98944333e7a877670a64f8d10f0cb680ab2c9ebc4efc43945ef004b52b5ad28c?s=96&d=mm&r=g\",\"caption\":\"comunicacio\"},\"url\":\"https:\\\/\\\/mont-roig.cat\\\/es\\\/actualitat\\\/noticies\\\/author\\\/comunicacio\\\/\"}]}<\/script>\n<!-- \/ Yoast SEO plugin. -->","yoast_head_json":{"title":"Todo a punto para la Revetlla de Sant Joan en Mont-roig del Camp y Miami Platja - Ajuntament de Mont-roig del Camp","robots":{"index":"index","follow":"follow","max-snippet":"max-snippet:-1","max-image-preview":"max-image-preview:large","max-video-preview":"max-video-preview:-1"},"canonical":"https:\/\/mont-roig.cat\/es\/actualitat\/noticies\/todo-a-punto-para-la-revetlla-de-sant-joan-en-mont-roig-del-camp-y-miami-platja\/","og_locale":"es_ES","og_type":"article","og_title":"Todo a punto para la Revetlla de Sant Joan en Mont-roig del Camp y Miami Platja - Ajuntament de Mont-roig del Camp","og_description":"Cenas al aire libre, m\u00fasica y la llegada de la Flama del Canig\u00f3 protagonizan la noche m\u00e1s corta del a\u00f1o Un a\u00f1o m\u00e1s, Mont-roig del Camp y Miami Platja se preparan para vivir la magia de la noche de Sant Joan con actividades para todos los p\u00fablicos. Los actos comenzar\u00e1n el lunes 23 de junio [&hellip;]","og_url":"https:\/\/mont-roig.cat\/es\/actualitat\/noticies\/todo-a-punto-para-la-revetlla-de-sant-joan-en-mont-roig-del-camp-y-miami-platja\/","og_site_name":"Ajuntament de Mont-roig del Camp","article_published_time":"2025-06-12T09:55:05+00:00","article_modified_time":"2025-06-12T10:03:14+00:00","og_image":[{"width":1200,"height":630,"url":"https:\/\/mont-roig.cat\/wp-content\/uploads\/MMF_sant_joan25_META1.png","type":"image\/png"}],"author":"comunicacio","twitter_card":"summary_large_image","twitter_misc":{"Escrito por":"comunicacio","Tiempo de lectura":"3 minutos"},"schema":{"@context":"https:\/\/schema.org","@graph":[{"@type":"Article","@id":"https:\/\/mont-roig.cat\/es\/actualitat\/noticies\/todo-a-punto-para-la-revetlla-de-sant-joan-en-mont-roig-del-camp-y-miami-platja\/#article","isPartOf":{"@id":"https:\/\/mont-roig.cat\/es\/actualitat\/noticies\/todo-a-punto-para-la-revetlla-de-sant-joan-en-mont-roig-del-camp-y-miami-platja\/"},"author":{"name":"comunicacio","@id":"https:\/\/mont-roig.cat\/es\/#\/schema\/person\/1f73e7b5e6f9dd122e8a6f14f310ac5e"},"headline":"Todo a punto para la Revetlla de Sant Joan en Mont-roig del Camp y Miami Platja","datePublished":"2025-06-12T09:55:05+00:00","dateModified":"2025-06-12T10:03:14+00:00","mainEntityOfPage":{"@id":"https:\/\/mont-roig.cat\/es\/actualitat\/noticies\/todo-a-punto-para-la-revetlla-de-sant-joan-en-mont-roig-del-camp-y-miami-platja\/"},"wordCount":403,"image":{"@id":"https:\/\/mont-roig.cat\/es\/actualitat\/noticies\/todo-a-punto-para-la-revetlla-de-sant-joan-en-mont-roig-del-camp-y-miami-platja\/#primaryimage"},"thumbnailUrl":"https:\/\/mont-roig.cat\/wp-content\/uploads\/MMF_sant_joan25_META1.png","articleSection":["Ayuntamiento","Festes"],"inLanguage":"es"},{"@type":"WebPage","@id":"https:\/\/mont-roig.cat\/es\/actualitat\/noticies\/todo-a-punto-para-la-revetlla-de-sant-joan-en-mont-roig-del-camp-y-miami-platja\/","url":"https:\/\/mont-roig.cat\/es\/actualitat\/noticies\/todo-a-punto-para-la-revetlla-de-sant-joan-en-mont-roig-del-camp-y-miami-platja\/","name":"Todo a punto para la Revetlla de Sant Joan en Mont-roig del Camp y Miami Platja - Ajuntament de Mont-roig del Camp","isPartOf":{"@id":"https:\/\/mont-roig.cat\/es\/#website"},"primaryImageOfPage":{"@id":"https:\/\/mont-roig.cat\/es\/actualitat\/noticies\/todo-a-punto-para-la-revetlla-de-sant-joan-en-mont-roig-del-camp-y-miami-platja\/#primaryimage"},"image":{"@id":"https:\/\/mont-roig.cat\/es\/actualitat\/noticies\/todo-a-punto-para-la-revetlla-de-sant-joan-en-mont-roig-del-camp-y-miami-platja\/#primaryimage"},"thumbnailUrl":"https:\/\/mont-roig.cat\/wp-content\/uploads\/MMF_sant_joan25_META1.png","datePublished":"2025-06-12T09:55:05+00:00","dateModified":"2025-06-12T10:03:14+00:00","author":{"@id":"https:\/\/mont-roig.cat\/es\/#\/schema\/person\/1f73e7b5e6f9dd122e8a6f14f310ac5e"},"breadcrumb":{"@id":"https:\/\/mont-roig.cat\/es\/actualitat\/noticies\/todo-a-punto-para-la-revetlla-de-sant-joan-en-mont-roig-del-camp-y-miami-platja\/#breadcrumb"},"inLanguage":"es","potentialAction":[{"@type":"ReadAction","target":["https:\/\/mont-roig.cat\/es\/actualitat\/noticies\/todo-a-punto-para-la-revetlla-de-sant-joan-en-mont-roig-del-camp-y-miami-platja\/"]}]},{"@type":"ImageObject","inLanguage":"es","@id":"https:\/\/mont-roig.cat\/es\/actualitat\/noticies\/todo-a-punto-para-la-revetlla-de-sant-joan-en-mont-roig-del-camp-y-miami-platja\/#primaryimage","url":"https:\/\/mont-roig.cat\/wp-content\/uploads\/MMF_sant_joan25_META1.png","contentUrl":"https:\/\/mont-roig.cat\/wp-content\/uploads\/MMF_sant_joan25_META1.png","width":1200,"height":630},{"@type":"BreadcrumbList","@id":"https:\/\/mont-roig.cat\/es\/actualitat\/noticies\/todo-a-punto-para-la-revetlla-de-sant-joan-en-mont-roig-del-camp-y-miami-platja\/#breadcrumb","itemListElement":[{"@type":"ListItem","position":1,"name":"Inici","item":"https:\/\/mont-roig.cat\/es\/pagina-de-inicio\/"},{"@type":"ListItem","position":2,"name":"Todo a punto para la Revetlla de Sant Joan en Mont-roig del Camp y Miami Platja"}]},{"@type":"WebSite","@id":"https:\/\/mont-roig.cat\/es\/#website","url":"https:\/\/mont-roig.cat\/es\/","name":"Ajuntament de Mont-roig del Camp","description":"Tota la informaci\u00f3 sobre la instituci\u00f3, els seus \u00f2rgans de govern, actualitat, serveis i molt m\u00e9s.","potentialAction":[{"@type":"SearchAction","target":{"@type":"EntryPoint","urlTemplate":"https:\/\/mont-roig.cat\/es\/?s={search_term_string}"},"query-input":{"@type":"PropertyValueSpecification","valueRequired":true,"valueName":"search_term_string"}}],"inLanguage":"es"},{"@type":"Person","@id":"https:\/\/mont-roig.cat\/es\/#\/schema\/person\/1f73e7b5e6f9dd122e8a6f14f310ac5e","name":"comunicacio","image":{"@type":"ImageObject","inLanguage":"es","@id":"https:\/\/secure.gravatar.com\/avatar\/98944333e7a877670a64f8d10f0cb680ab2c9ebc4efc43945ef004b52b5ad28c?s=96&d=mm&r=g","url":"https:\/\/secure.gravatar.com\/avatar\/98944333e7a877670a64f8d10f0cb680ab2c9ebc4efc43945ef004b52b5ad28c?s=96&d=mm&r=g","contentUrl":"https:\/\/secure.gravatar.com\/avatar\/98944333e7a877670a64f8d10f0cb680ab2c9ebc4efc43945ef004b52b5ad28c?s=96&d=mm&r=g","caption":"comunicacio"},"url":"https:\/\/mont-roig.cat\/es\/actualitat\/noticies\/author\/comunicacio\/"}]}},"_links":{"self":[{"href":"https:\/\/mont-roig.cat\/es\/wp-json\/wp\/v2\/posts\/83861","targetHints":{"allow":["GET"]}}],"collection":[{"href":"https:\/\/mont-roig.cat\/es\/wp-json\/wp\/v2\/posts"}],"about":[{"href":"https:\/\/mont-roig.cat\/es\/wp-json\/wp\/v2\/types\/post"}],"author":[{"embeddable":true,"href":"https:\/\/mont-roig.cat\/es\/wp-json\/wp\/v2\/users\/13"}],"replies":[{"embeddable":true,"href":"https:\/\/mont-roig.cat\/es\/wp-json\/wp\/v2\/comments?post=83861"}],"version-history":[{"count":2,"href":"https:\/\/mont-roig.cat\/es\/wp-json\/wp\/v2\/posts\/83861\/revisions"}],"predecessor-version":[{"id":83863,"href":"https:\/\/mont-roig.cat\/es\/wp-json\/wp\/v2\/posts\/83861\/revisions\/83863"}],"wp:featuredmedia":[{"embeddable":true,"href":"https:\/\/mont-roig.cat\/es\/wp-json\/wp\/v2\/media\/83848"}],"wp:attachment":[{"href":"https:\/\/mont-roig.cat\/es\/wp-json\/wp\/v2\/media?parent=83861"}],"wp:term":[{"taxonomy":"category","embeddable":true,"href":"https:\/\/mont-roig.cat\/es\/wp-json\/wp\/v2\/categories?post=83861"},{"taxonomy":"post_tag","embeddable":true,"href":"https:\/\/mont-roig.cat\/es\/wp-json\/wp\/v2\/tags?post=83861"}],"curies":[{"name":"wp","href":"https:\/\/api.w.org\/{rel}","templated":true}]}}