{"id":83891,"date":"2025-06-13T14:00:17","date_gmt":"2025-06-13T12:00:17","guid":{"rendered":"https:\/\/mont-roig.cat\/actualitat\/noticies\/nostraigua-inicia-les-obres-per-la-renovacio-duna-part-de-la-xarxa-de-subministrament-daigua-en-baixa-de-la-urbanitzacio-masos-den-blader\/"},"modified":"2025-06-13T14:28:02","modified_gmt":"2025-06-13T12:28:02","slug":"nostraigua-inicia-las-obras-para-la-renovacion-de-una-parte-de-la-red-de-suministro-de-agua-en-baja-de-la-urbanizacion-masos-den-blader","status":"publish","type":"post","link":"https:\/\/mont-roig.cat\/es\/actualitat\/noticies\/nostraigua-inicia-las-obras-para-la-renovacion-de-una-parte-de-la-red-de-suministro-de-agua-en-baja-de-la-urbanizacion-masos-den-blader\/","title":{"rendered":"Nostraigua inicia las obras para la renovaci\u00f3n de una parte de la red de suministro de agua en baja de la urbanizaci\u00f3n Masos d\u2019en Blader"},"content":{"rendered":"<div id=\"attachment_83887\" style=\"width: 318px\" class=\"wp-caption alignright\"><a href=\"https:\/\/mont-roig.cat\/wp-content\/uploads\/planol-afectacio-obra-masos-1.png\" target=\"_blank\" rel=\"noopener\"><img loading=\"lazy\" decoding=\"async\" aria-describedby=\"caption-attachment-83887\" class=\"wp-image-83887\" src=\"https:\/\/mont-roig.cat\/wp-content\/uploads\/planol-afectacio-obra-masos-1-500x308.png\" alt=\"\" width=\"308\" height=\"190\" srcset=\"https:\/\/mont-roig.cat\/wp-content\/uploads\/planol-afectacio-obra-masos-1-500x308.png 500w, https:\/\/mont-roig.cat\/wp-content\/uploads\/planol-afectacio-obra-masos-1.png 548w\" sizes=\"auto, (max-width: 308px) 100vw, 308px\" \/><\/a><p id=\"caption-attachment-83887\" class=\"wp-caption-text\">Plano de afectaci\u00f3n de las obras Sector 3 Urb. Masos d\u2019en Blader.<\/p><\/div>\n<ul>\n<li data-start=\"126\" data-end=\"390\"><strong>Con esta actuaci\u00f3n se pretende reducir el volumen de fugas y mejorar la eficiencia duplicando el rendimiento de la red.<\/strong><\/li>\n<\/ul>\n<p data-start=\"392\" data-end=\"1274\">Esta semana se han iniciado los trabajos de renovaci\u00f3n de la red de suministro de agua en baja en el Sector 3 de la urbanizaci\u00f3n Masos d\u2019en Blader. Concretamente, esta actuaci\u00f3n afecta a las calles D\u00e0lies, Geranis, Garrofers, Ficus y a una parte de las avenidas Ar\u00e0lies y Palmeres.<\/p>\n<p data-start=\"392\" data-end=\"1274\">La obra consiste en la sustituci\u00f3n de las antiguas tuber\u00edas de PVC por conducciones de polietileno de alta densidad (PEAD), un material m\u00e1s resistente y eficiente. La duraci\u00f3n prevista de los trabajos ser\u00e1 de aproximadamente 3 meses, y ser\u00e1 ejecutada por la empresa Gilabert Mir\u00f3 SL, la cual se compromete al cumplimiento de los criterios estrictos de gesti\u00f3n ambiental y de sostenibilidad estipulados en el pliego de cl\u00e1usulas.<\/p>\n<p data-start=\"392\" data-end=\"1274\">Para cumplir con los plazos de justificaci\u00f3n de la subvenci\u00f3n y la planificaci\u00f3n estipulada de la obra, el horario de los trabajos ser\u00e1 de lunes a viernes de 9h a 15h.<\/p>\n<p data-start=\"392\" data-end=\"1274\">El contrato cuenta con un importe adjudicado de 345.021,91 \u20ac, de los cuales 300.000 \u20ac cuentan con subvenci\u00f3n de la Ag\u00e8ncia Catalana de l\u2019Aigua a trav\u00e9s de la convocatoria de \u201cSubvencions adre\u00e7ades als ens locals per a la realitzaci\u00f3 d&#8217;actuacions per a la millora i renovaci\u00f3 de les xarxes de subministrament d&#8217;aigua en baixa i per a la millora de la digitalitzaci\u00f3 dels sistemes de gesti\u00f3 de l&#8217;aigua urbana dels municipis de Catalunya, any 2023\u201d, y el resto ser\u00e1 financiado con fondos propios de la Entidad.<\/p>\n<p data-start=\"392\" data-end=\"1274\">Durante toda la ejecuci\u00f3n de las obras, el servicio de agua se garantizar\u00e1 mediante la instalaci\u00f3n de una red provisional. Las posibles afectaciones al tr\u00e1fico y al acceso a las viviendas se comunicar\u00e1n y se\u00f1alizar\u00e1n con un m\u00ednimo de 24 horas de antelaci\u00f3n.<\/p>\n<p data-start=\"392\" data-end=\"1274\">Desde que el Ayuntamiento asumi\u00f3 la red que, hasta 2016, gestionaba la ECU Masos d\u2019en Blader, el rendimiento de este sector ha sido del 40%. Con esta actuaci\u00f3n se pretende reducir el volumen de fugas de agua y duplicar el rendimiento de la red.<\/p>\n<p><a href=\"https:\/\/mont-roig.cat\/wp-content\/uploads\/logo-ACA-1.jpg\"><img loading=\"lazy\" decoding=\"async\" class=\" wp-image-83885 alignleft\" src=\"https:\/\/mont-roig.cat\/wp-content\/uploads\/logo-ACA-1-500x138.jpg\" alt=\"\" width=\"304\" height=\"84\" srcset=\"https:\/\/mont-roig.cat\/wp-content\/uploads\/logo-ACA-1-500x138.jpg 500w, https:\/\/mont-roig.cat\/wp-content\/uploads\/logo-ACA-1.jpg 525w\" sizes=\"auto, (max-width: 304px) 100vw, 304px\" \/><\/a><\/p>\n","protected":false},"excerpt":{"rendered":"<p>Con esta actuaci\u00f3n se pretende reducir el volumen de fugas y mejorar la eficiencia duplicando el rendimiento de la red. Esta semana se han iniciado los trabajos de renovaci\u00f3n de la red de suministro de agua en baja en el Sector 3 de la urbanizaci\u00f3n Masos d\u2019en Blader. Concretamente, esta actuaci\u00f3n afecta a las calles [&hellip;]<\/p>\n","protected":false},"author":13,"featured_media":83888,"comment_status":"closed","ping_status":"closed","sticky":false,"template":"","format":"standard","meta":{"inline_featured_image":false,"_monsterinsights_skip_tracking":false,"_monsterinsights_sitenote_active":false,"_monsterinsights_sitenote_note":"","_monsterinsights_sitenote_category":0,"footnotes":""},"categories":[98,203],"tags":[],"class_list":["post-83891","post","type-post","status-publish","format-standard","has-post-thumbnail","hentry","category-ayuntamiento","category-nostraigua-es"],"yoast_head":"<!-- This site is optimized with the Yoast SEO plugin v27.4 - https:\/\/yoast.com\/product\/yoast-seo-wordpress\/ -->\n<title>Nostraigua inicia las obras para la renovaci\u00f3n de una parte de la red de suministro de agua en baja de la urbanizaci\u00f3n Masos d\u2019en Blader - Ajuntament de Mont-roig del Camp<\/title>\n<meta name=\"robots\" content=\"index, follow, max-snippet:-1, max-image-preview:large, max-video-preview:-1\" \/>\n<link rel=\"canonical\" href=\"https:\/\/mont-roig.cat\/es\/actualitat\/noticies\/nostraigua-inicia-las-obras-para-la-renovacion-de-una-parte-de-la-red-de-suministro-de-agua-en-baja-de-la-urbanizacion-masos-den-blader\/\" \/>\n<meta property=\"og:locale\" content=\"es_ES\" \/>\n<meta property=\"og:type\" content=\"article\" \/>\n<meta property=\"og:title\" content=\"Nostraigua inicia las obras para la renovaci\u00f3n de una parte de la red de suministro de agua en baja de la urbanizaci\u00f3n Masos d\u2019en Blader - Ajuntament de Mont-roig del Camp\" \/>\n<meta property=\"og:description\" content=\"Con esta actuaci\u00f3n se pretende reducir el volumen de fugas y mejorar la eficiencia duplicando el rendimiento de la red. Esta semana se han iniciado los trabajos de renovaci\u00f3n de la red de suministro de agua en baja en el Sector 3 de la urbanizaci\u00f3n Masos d\u2019en Blader. Concretamente, esta actuaci\u00f3n afecta a las calles [&hellip;]\" \/>\n<meta property=\"og:url\" content=\"https:\/\/mont-roig.cat\/es\/actualitat\/noticies\/nostraigua-inicia-las-obras-para-la-renovacion-de-una-parte-de-la-red-de-suministro-de-agua-en-baja-de-la-urbanizacion-masos-den-blader\/\" \/>\n<meta property=\"og:site_name\" content=\"Ajuntament de Mont-roig del Camp\" \/>\n<meta property=\"article:published_time\" content=\"2025-06-13T12:00:17+00:00\" \/>\n<meta property=\"article:modified_time\" content=\"2025-06-13T12:28:02+00:00\" \/>\n<meta property=\"og:image\" content=\"https:\/\/mont-roig.cat\/wp-content\/uploads\/planol-afectacio-obra-masos-1.png\" \/>\n\t<meta property=\"og:image:width\" content=\"548\" \/>\n\t<meta property=\"og:image:height\" content=\"338\" \/>\n\t<meta property=\"og:image:type\" content=\"image\/png\" \/>\n<meta name=\"author\" content=\"comunicacio\" \/>\n<meta name=\"twitter:card\" content=\"summary_large_image\" \/>\n<meta name=\"twitter:label1\" content=\"Escrito por\" \/>\n\t<meta name=\"twitter:data1\" content=\"comunicacio\" \/>\n\t<meta name=\"twitter:label2\" content=\"Tiempo de lectura\" \/>\n\t<meta name=\"twitter:data2\" content=\"3 minutos\" \/>\n<script type=\"application\/ld+json\" class=\"yoast-schema-graph\">{\"@context\":\"https:\\\/\\\/schema.org\",\"@graph\":[{\"@type\":\"Article\",\"@id\":\"https:\\\/\\\/mont-roig.cat\\\/es\\\/actualitat\\\/noticies\\\/nostraigua-inicia-las-obras-para-la-renovacion-de-una-parte-de-la-red-de-suministro-de-agua-en-baja-de-la-urbanizacion-masos-den-blader\\\/#article\",\"isPartOf\":{\"@id\":\"https:\\\/\\\/mont-roig.cat\\\/es\\\/actualitat\\\/noticies\\\/nostraigua-inicia-las-obras-para-la-renovacion-de-una-parte-de-la-red-de-suministro-de-agua-en-baja-de-la-urbanizacion-masos-den-blader\\\/\"},\"author\":{\"name\":\"comunicacio\",\"@id\":\"https:\\\/\\\/mont-roig.cat\\\/es\\\/#\\\/schema\\\/person\\\/1f73e7b5e6f9dd122e8a6f14f310ac5e\"},\"headline\":\"Nostraigua inicia las obras para la renovaci\u00f3n de una parte de la red de suministro de agua en baja de la urbanizaci\u00f3n Masos d\u2019en Blader\",\"datePublished\":\"2025-06-13T12:00:17+00:00\",\"dateModified\":\"2025-06-13T12:28:02+00:00\",\"mainEntityOfPage\":{\"@id\":\"https:\\\/\\\/mont-roig.cat\\\/es\\\/actualitat\\\/noticies\\\/nostraigua-inicia-las-obras-para-la-renovacion-de-una-parte-de-la-red-de-suministro-de-agua-en-baja-de-la-urbanizacion-masos-den-blader\\\/\"},\"wordCount\":410,\"image\":{\"@id\":\"https:\\\/\\\/mont-roig.cat\\\/es\\\/actualitat\\\/noticies\\\/nostraigua-inicia-las-obras-para-la-renovacion-de-una-parte-de-la-red-de-suministro-de-agua-en-baja-de-la-urbanizacion-masos-den-blader\\\/#primaryimage\"},\"thumbnailUrl\":\"https:\\\/\\\/mont-roig.cat\\\/wp-content\\\/uploads\\\/planol-afectacio-obra-masos-1.png\",\"articleSection\":[\"Ayuntamiento\",\"Nostraigua\"],\"inLanguage\":\"es\"},{\"@type\":\"WebPage\",\"@id\":\"https:\\\/\\\/mont-roig.cat\\\/es\\\/actualitat\\\/noticies\\\/nostraigua-inicia-las-obras-para-la-renovacion-de-una-parte-de-la-red-de-suministro-de-agua-en-baja-de-la-urbanizacion-masos-den-blader\\\/\",\"url\":\"https:\\\/\\\/mont-roig.cat\\\/es\\\/actualitat\\\/noticies\\\/nostraigua-inicia-las-obras-para-la-renovacion-de-una-parte-de-la-red-de-suministro-de-agua-en-baja-de-la-urbanizacion-masos-den-blader\\\/\",\"name\":\"Nostraigua inicia las obras para la renovaci\u00f3n de una parte de la red de suministro de agua en baja de la urbanizaci\u00f3n Masos d\u2019en Blader - Ajuntament de Mont-roig del Camp\",\"isPartOf\":{\"@id\":\"https:\\\/\\\/mont-roig.cat\\\/es\\\/#website\"},\"primaryImageOfPage\":{\"@id\":\"https:\\\/\\\/mont-roig.cat\\\/es\\\/actualitat\\\/noticies\\\/nostraigua-inicia-las-obras-para-la-renovacion-de-una-parte-de-la-red-de-suministro-de-agua-en-baja-de-la-urbanizacion-masos-den-blader\\\/#primaryimage\"},\"image\":{\"@id\":\"https:\\\/\\\/mont-roig.cat\\\/es\\\/actualitat\\\/noticies\\\/nostraigua-inicia-las-obras-para-la-renovacion-de-una-parte-de-la-red-de-suministro-de-agua-en-baja-de-la-urbanizacion-masos-den-blader\\\/#primaryimage\"},\"thumbnailUrl\":\"https:\\\/\\\/mont-roig.cat\\\/wp-content\\\/uploads\\\/planol-afectacio-obra-masos-1.png\",\"datePublished\":\"2025-06-13T12:00:17+00:00\",\"dateModified\":\"2025-06-13T12:28:02+00:00\",\"author\":{\"@id\":\"https:\\\/\\\/mont-roig.cat\\\/es\\\/#\\\/schema\\\/person\\\/1f73e7b5e6f9dd122e8a6f14f310ac5e\"},\"breadcrumb\":{\"@id\":\"https:\\\/\\\/mont-roig.cat\\\/es\\\/actualitat\\\/noticies\\\/nostraigua-inicia-las-obras-para-la-renovacion-de-una-parte-de-la-red-de-suministro-de-agua-en-baja-de-la-urbanizacion-masos-den-blader\\\/#breadcrumb\"},\"inLanguage\":\"es\",\"potentialAction\":[{\"@type\":\"ReadAction\",\"target\":[\"https:\\\/\\\/mont-roig.cat\\\/es\\\/actualitat\\\/noticies\\\/nostraigua-inicia-las-obras-para-la-renovacion-de-una-parte-de-la-red-de-suministro-de-agua-en-baja-de-la-urbanizacion-masos-den-blader\\\/\"]}]},{\"@type\":\"ImageObject\",\"inLanguage\":\"es\",\"@id\":\"https:\\\/\\\/mont-roig.cat\\\/es\\\/actualitat\\\/noticies\\\/nostraigua-inicia-las-obras-para-la-renovacion-de-una-parte-de-la-red-de-suministro-de-agua-en-baja-de-la-urbanizacion-masos-den-blader\\\/#primaryimage\",\"url\":\"https:\\\/\\\/mont-roig.cat\\\/wp-content\\\/uploads\\\/planol-afectacio-obra-masos-1.png\",\"contentUrl\":\"https:\\\/\\\/mont-roig.cat\\\/wp-content\\\/uploads\\\/planol-afectacio-obra-masos-1.png\",\"width\":548,\"height\":338},{\"@type\":\"BreadcrumbList\",\"@id\":\"https:\\\/\\\/mont-roig.cat\\\/es\\\/actualitat\\\/noticies\\\/nostraigua-inicia-las-obras-para-la-renovacion-de-una-parte-de-la-red-de-suministro-de-agua-en-baja-de-la-urbanizacion-masos-den-blader\\\/#breadcrumb\",\"itemListElement\":[{\"@type\":\"ListItem\",\"position\":1,\"name\":\"Inici\",\"item\":\"https:\\\/\\\/mont-roig.cat\\\/es\\\/pagina-de-inicio\\\/\"},{\"@type\":\"ListItem\",\"position\":2,\"name\":\"Nostraigua inicia las obras para la renovaci\u00f3n de una parte de la red de suministro de agua en baja de la urbanizaci\u00f3n Masos d\u2019en Blader\"}]},{\"@type\":\"WebSite\",\"@id\":\"https:\\\/\\\/mont-roig.cat\\\/es\\\/#website\",\"url\":\"https:\\\/\\\/mont-roig.cat\\\/es\\\/\",\"name\":\"Ajuntament de Mont-roig del Camp\",\"description\":\"Tota la informaci\u00f3 sobre la instituci\u00f3, els seus \u00f2rgans de govern, actualitat, serveis i molt m\u00e9s.\",\"potentialAction\":[{\"@type\":\"SearchAction\",\"target\":{\"@type\":\"EntryPoint\",\"urlTemplate\":\"https:\\\/\\\/mont-roig.cat\\\/es\\\/?s={search_term_string}\"},\"query-input\":{\"@type\":\"PropertyValueSpecification\",\"valueRequired\":true,\"valueName\":\"search_term_string\"}}],\"inLanguage\":\"es\"},{\"@type\":\"Person\",\"@id\":\"https:\\\/\\\/mont-roig.cat\\\/es\\\/#\\\/schema\\\/person\\\/1f73e7b5e6f9dd122e8a6f14f310ac5e\",\"name\":\"comunicacio\",\"image\":{\"@type\":\"ImageObject\",\"inLanguage\":\"es\",\"@id\":\"https:\\\/\\\/secure.gravatar.com\\\/avatar\\\/98944333e7a877670a64f8d10f0cb680ab2c9ebc4efc43945ef004b52b5ad28c?s=96&d=mm&r=g\",\"url\":\"https:\\\/\\\/secure.gravatar.com\\\/avatar\\\/98944333e7a877670a64f8d10f0cb680ab2c9ebc4efc43945ef004b52b5ad28c?s=96&d=mm&r=g\",\"contentUrl\":\"https:\\\/\\\/secure.gravatar.com\\\/avatar\\\/98944333e7a877670a64f8d10f0cb680ab2c9ebc4efc43945ef004b52b5ad28c?s=96&d=mm&r=g\",\"caption\":\"comunicacio\"},\"url\":\"https:\\\/\\\/mont-roig.cat\\\/es\\\/actualitat\\\/noticies\\\/author\\\/comunicacio\\\/\"}]}<\/script>\n<!-- \/ Yoast SEO plugin. -->","yoast_head_json":{"title":"Nostraigua inicia las obras para la renovaci\u00f3n de una parte de la red de suministro de agua en baja de la urbanizaci\u00f3n Masos d\u2019en Blader - Ajuntament de Mont-roig del Camp","robots":{"index":"index","follow":"follow","max-snippet":"max-snippet:-1","max-image-preview":"max-image-preview:large","max-video-preview":"max-video-preview:-1"},"canonical":"https:\/\/mont-roig.cat\/es\/actualitat\/noticies\/nostraigua-inicia-las-obras-para-la-renovacion-de-una-parte-de-la-red-de-suministro-de-agua-en-baja-de-la-urbanizacion-masos-den-blader\/","og_locale":"es_ES","og_type":"article","og_title":"Nostraigua inicia las obras para la renovaci\u00f3n de una parte de la red de suministro de agua en baja de la urbanizaci\u00f3n Masos d\u2019en Blader - Ajuntament de Mont-roig del Camp","og_description":"Con esta actuaci\u00f3n se pretende reducir el volumen de fugas y mejorar la eficiencia duplicando el rendimiento de la red. Esta semana se han iniciado los trabajos de renovaci\u00f3n de la red de suministro de agua en baja en el Sector 3 de la urbanizaci\u00f3n Masos d\u2019en Blader. Concretamente, esta actuaci\u00f3n afecta a las calles [&hellip;]","og_url":"https:\/\/mont-roig.cat\/es\/actualitat\/noticies\/nostraigua-inicia-las-obras-para-la-renovacion-de-una-parte-de-la-red-de-suministro-de-agua-en-baja-de-la-urbanizacion-masos-den-blader\/","og_site_name":"Ajuntament de Mont-roig del Camp","article_published_time":"2025-06-13T12:00:17+00:00","article_modified_time":"2025-06-13T12:28:02+00:00","og_image":[{"width":548,"height":338,"url":"https:\/\/mont-roig.cat\/wp-content\/uploads\/planol-afectacio-obra-masos-1.png","type":"image\/png"}],"author":"comunicacio","twitter_card":"summary_large_image","twitter_misc":{"Escrito por":"comunicacio","Tiempo de lectura":"3 minutos"},"schema":{"@context":"https:\/\/schema.org","@graph":[{"@type":"Article","@id":"https:\/\/mont-roig.cat\/es\/actualitat\/noticies\/nostraigua-inicia-las-obras-para-la-renovacion-de-una-parte-de-la-red-de-suministro-de-agua-en-baja-de-la-urbanizacion-masos-den-blader\/#article","isPartOf":{"@id":"https:\/\/mont-roig.cat\/es\/actualitat\/noticies\/nostraigua-inicia-las-obras-para-la-renovacion-de-una-parte-de-la-red-de-suministro-de-agua-en-baja-de-la-urbanizacion-masos-den-blader\/"},"author":{"name":"comunicacio","@id":"https:\/\/mont-roig.cat\/es\/#\/schema\/person\/1f73e7b5e6f9dd122e8a6f14f310ac5e"},"headline":"Nostraigua inicia las obras para la renovaci\u00f3n de una parte de la red de suministro de agua en baja de la urbanizaci\u00f3n Masos d\u2019en Blader","datePublished":"2025-06-13T12:00:17+00:00","dateModified":"2025-06-13T12:28:02+00:00","mainEntityOfPage":{"@id":"https:\/\/mont-roig.cat\/es\/actualitat\/noticies\/nostraigua-inicia-las-obras-para-la-renovacion-de-una-parte-de-la-red-de-suministro-de-agua-en-baja-de-la-urbanizacion-masos-den-blader\/"},"wordCount":410,"image":{"@id":"https:\/\/mont-roig.cat\/es\/actualitat\/noticies\/nostraigua-inicia-las-obras-para-la-renovacion-de-una-parte-de-la-red-de-suministro-de-agua-en-baja-de-la-urbanizacion-masos-den-blader\/#primaryimage"},"thumbnailUrl":"https:\/\/mont-roig.cat\/wp-content\/uploads\/planol-afectacio-obra-masos-1.png","articleSection":["Ayuntamiento","Nostraigua"],"inLanguage":"es"},{"@type":"WebPage","@id":"https:\/\/mont-roig.cat\/es\/actualitat\/noticies\/nostraigua-inicia-las-obras-para-la-renovacion-de-una-parte-de-la-red-de-suministro-de-agua-en-baja-de-la-urbanizacion-masos-den-blader\/","url":"https:\/\/mont-roig.cat\/es\/actualitat\/noticies\/nostraigua-inicia-las-obras-para-la-renovacion-de-una-parte-de-la-red-de-suministro-de-agua-en-baja-de-la-urbanizacion-masos-den-blader\/","name":"Nostraigua inicia las obras para la renovaci\u00f3n de una parte de la red de suministro de agua en baja de la urbanizaci\u00f3n Masos d\u2019en Blader - Ajuntament de Mont-roig del Camp","isPartOf":{"@id":"https:\/\/mont-roig.cat\/es\/#website"},"primaryImageOfPage":{"@id":"https:\/\/mont-roig.cat\/es\/actualitat\/noticies\/nostraigua-inicia-las-obras-para-la-renovacion-de-una-parte-de-la-red-de-suministro-de-agua-en-baja-de-la-urbanizacion-masos-den-blader\/#primaryimage"},"image":{"@id":"https:\/\/mont-roig.cat\/es\/actualitat\/noticies\/nostraigua-inicia-las-obras-para-la-renovacion-de-una-parte-de-la-red-de-suministro-de-agua-en-baja-de-la-urbanizacion-masos-den-blader\/#primaryimage"},"thumbnailUrl":"https:\/\/mont-roig.cat\/wp-content\/uploads\/planol-afectacio-obra-masos-1.png","datePublished":"2025-06-13T12:00:17+00:00","dateModified":"2025-06-13T12:28:02+00:00","author":{"@id":"https:\/\/mont-roig.cat\/es\/#\/schema\/person\/1f73e7b5e6f9dd122e8a6f14f310ac5e"},"breadcrumb":{"@id":"https:\/\/mont-roig.cat\/es\/actualitat\/noticies\/nostraigua-inicia-las-obras-para-la-renovacion-de-una-parte-de-la-red-de-suministro-de-agua-en-baja-de-la-urbanizacion-masos-den-blader\/#breadcrumb"},"inLanguage":"es","potentialAction":[{"@type":"ReadAction","target":["https:\/\/mont-roig.cat\/es\/actualitat\/noticies\/nostraigua-inicia-las-obras-para-la-renovacion-de-una-parte-de-la-red-de-suministro-de-agua-en-baja-de-la-urbanizacion-masos-den-blader\/"]}]},{"@type":"ImageObject","inLanguage":"es","@id":"https:\/\/mont-roig.cat\/es\/actualitat\/noticies\/nostraigua-inicia-las-obras-para-la-renovacion-de-una-parte-de-la-red-de-suministro-de-agua-en-baja-de-la-urbanizacion-masos-den-blader\/#primaryimage","url":"https:\/\/mont-roig.cat\/wp-content\/uploads\/planol-afectacio-obra-masos-1.png","contentUrl":"https:\/\/mont-roig.cat\/wp-content\/uploads\/planol-afectacio-obra-masos-1.png","width":548,"height":338},{"@type":"BreadcrumbList","@id":"https:\/\/mont-roig.cat\/es\/actualitat\/noticies\/nostraigua-inicia-las-obras-para-la-renovacion-de-una-parte-de-la-red-de-suministro-de-agua-en-baja-de-la-urbanizacion-masos-den-blader\/#breadcrumb","itemListElement":[{"@type":"ListItem","position":1,"name":"Inici","item":"https:\/\/mont-roig.cat\/es\/pagina-de-inicio\/"},{"@type":"ListItem","position":2,"name":"Nostraigua inicia las obras para la renovaci\u00f3n de una parte de la red de suministro de agua en baja de la urbanizaci\u00f3n Masos d\u2019en Blader"}]},{"@type":"WebSite","@id":"https:\/\/mont-roig.cat\/es\/#website","url":"https:\/\/mont-roig.cat\/es\/","name":"Ajuntament de Mont-roig del Camp","description":"Tota la informaci\u00f3 sobre la instituci\u00f3, els seus \u00f2rgans de govern, actualitat, serveis i molt m\u00e9s.","potentialAction":[{"@type":"SearchAction","target":{"@type":"EntryPoint","urlTemplate":"https:\/\/mont-roig.cat\/es\/?s={search_term_string}"},"query-input":{"@type":"PropertyValueSpecification","valueRequired":true,"valueName":"search_term_string"}}],"inLanguage":"es"},{"@type":"Person","@id":"https:\/\/mont-roig.cat\/es\/#\/schema\/person\/1f73e7b5e6f9dd122e8a6f14f310ac5e","name":"comunicacio","image":{"@type":"ImageObject","inLanguage":"es","@id":"https:\/\/secure.gravatar.com\/avatar\/98944333e7a877670a64f8d10f0cb680ab2c9ebc4efc43945ef004b52b5ad28c?s=96&d=mm&r=g","url":"https:\/\/secure.gravatar.com\/avatar\/98944333e7a877670a64f8d10f0cb680ab2c9ebc4efc43945ef004b52b5ad28c?s=96&d=mm&r=g","contentUrl":"https:\/\/secure.gravatar.com\/avatar\/98944333e7a877670a64f8d10f0cb680ab2c9ebc4efc43945ef004b52b5ad28c?s=96&d=mm&r=g","caption":"comunicacio"},"url":"https:\/\/mont-roig.cat\/es\/actualitat\/noticies\/author\/comunicacio\/"}]}},"_links":{"self":[{"href":"https:\/\/mont-roig.cat\/es\/wp-json\/wp\/v2\/posts\/83891","targetHints":{"allow":["GET"]}}],"collection":[{"href":"https:\/\/mont-roig.cat\/es\/wp-json\/wp\/v2\/posts"}],"about":[{"href":"https:\/\/mont-roig.cat\/es\/wp-json\/wp\/v2\/types\/post"}],"author":[{"embeddable":true,"href":"https:\/\/mont-roig.cat\/es\/wp-json\/wp\/v2\/users\/13"}],"replies":[{"embeddable":true,"href":"https:\/\/mont-roig.cat\/es\/wp-json\/wp\/v2\/comments?post=83891"}],"version-history":[{"count":3,"href":"https:\/\/mont-roig.cat\/es\/wp-json\/wp\/v2\/posts\/83891\/revisions"}],"predecessor-version":[{"id":83897,"href":"https:\/\/mont-roig.cat\/es\/wp-json\/wp\/v2\/posts\/83891\/revisions\/83897"}],"wp:featuredmedia":[{"embeddable":true,"href":"https:\/\/mont-roig.cat\/es\/wp-json\/wp\/v2\/media\/83888"}],"wp:attachment":[{"href":"https:\/\/mont-roig.cat\/es\/wp-json\/wp\/v2\/media?parent=83891"}],"wp:term":[{"taxonomy":"category","embeddable":true,"href":"https:\/\/mont-roig.cat\/es\/wp-json\/wp\/v2\/categories?post=83891"},{"taxonomy":"post_tag","embeddable":true,"href":"https:\/\/mont-roig.cat\/es\/wp-json\/wp\/v2\/tags?post=83891"}],"curies":[{"name":"wp","href":"https:\/\/api.w.org\/{rel}","templated":true}]}}