{"id":83915,"date":"2025-06-16T14:15:59","date_gmt":"2025-06-16T12:15:59","guid":{"rendered":"https:\/\/mont-roig.cat\/actualitat\/noticies\/el-passeig-de-la-platja-cristall-de-miami-platja-estrena-una-paperera-intelligent-en-una-prova-pilot-pionera\/"},"modified":"2025-06-16T14:20:42","modified_gmt":"2025-06-16T12:20:42","slug":"el-paseo-de-la-platja-cristall-de-miami-platja-estrena-una-papelera-inteligente-en-una-prueba-piloto-pionera","status":"publish","type":"post","link":"https:\/\/mont-roig.cat\/es\/actualitat\/noticies\/el-paseo-de-la-platja-cristall-de-miami-platja-estrena-una-papelera-inteligente-en-una-prueba-piloto-pionera\/","title":{"rendered":"El paseo de la Platja Cristall de Miami Platja estrena una papelera inteligente en una prueba piloto pionera"},"content":{"rendered":"<div id=\"attachment_83911\" style=\"width: 261px\" class=\"wp-caption alignright\"><a href=\"https:\/\/mont-roig.cat\/wp-content\/uploads\/PAperera-1.jpeg\" target=\"_blank\" rel=\"noopener\"><img loading=\"lazy\" decoding=\"async\" aria-describedby=\"caption-attachment-83911\" class=\"wp-image-83911\" src=\"https:\/\/mont-roig.cat\/wp-content\/uploads\/PAperera-1-375x500.jpeg\" alt=\"\" width=\"251\" height=\"335\" srcset=\"https:\/\/mont-roig.cat\/wp-content\/uploads\/PAperera-1-375x500.jpeg 375w, https:\/\/mont-roig.cat\/wp-content\/uploads\/PAperera-1-768x1024.jpeg 768w, https:\/\/mont-roig.cat\/wp-content\/uploads\/PAperera-1-1152x1536.jpeg 1152w, https:\/\/mont-roig.cat\/wp-content\/uploads\/PAperera-1.jpeg 1500w\" sizes=\"auto, (max-width: 251px) 100vw, 251px\" \/><\/a><p id=\"caption-attachment-83911\" class=\"wp-caption-text\">Imagen de la nueva papelera, reci\u00e9n instalada.<\/p><\/div>\n<ul>\n<li data-start=\"215\" data-end=\"421\"><strong data-start=\"215\" data-end=\"421\">El nuevo dispositivo, alimentado con energ\u00eda solar y con una capacidad ocho veces superior a la convencional, optimiza la gesti\u00f3n de residuos y refuerza el compromiso del municipio con la sostenibilidad<\/strong><\/li>\n<\/ul>\n<p data-start=\"423\" data-end=\"837\">En el marco de una apuesta por la innovaci\u00f3n y la sostenibilidad, el departamento de Residuos del Ajuntament de Mont-roig del Camp y Nostreserveis ha impulsado la instalaci\u00f3n de una papelera inteligente en el paseo de la Platja Cristall de Miami Platja, como parte de una prueba piloto destinada a evaluar la eficiencia de este nuevo modelo tecnol\u00f3gico y estudiar su posible ampliaci\u00f3n a otros puntos del municipio.<\/p>\n<p data-start=\"839\" data-end=\"1282\">Este dispositivo funciona exclusivamente con energ\u00eda solar, gracias a una placa fotovoltaica situada en su tapa. Incorpora un sistema interno de compactaci\u00f3n que le permite alcanzar una capacidad de hasta 600 litros, equivalente a ocho veces la de una papelera convencional. Esto supone una mejora significativa en la gesti\u00f3n de la recogida, reduciendo considerablemente las frecuencias de vaciado y, por tanto, los desplazamientos necesarios.<\/p>\n<p data-start=\"1284\" data-end=\"1529\">La papelera tambi\u00e9n est\u00e1 equipada con un sensor de capacidad que informa en tiempo real del nivel de llenado mediante una aplicaci\u00f3n m\u00f3vil. Esta funcionalidad permite optimizar recursos, mejorar el servicio y evitar desplazamientos innecesarios.<\/p>\n<p data-start=\"1531\" data-end=\"1743\" data-is-last-node=\"\" data-is-only-node=\"\">Por otro lado, su dise\u00f1o cerrado impide el acceso de plagas, minimiza la generaci\u00f3n de malos olores y reduce las manipulaciones indebidas, contribuyendo as\u00ed a mantener los espacios p\u00fablicos m\u00e1s limpios y seguros.<\/p>\n","protected":false},"excerpt":{"rendered":"<p>El nuevo dispositivo, alimentado con energ\u00eda solar y con una capacidad ocho veces superior a la convencional, optimiza la gesti\u00f3n de residuos y refuerza el compromiso del municipio con la sostenibilidad En el marco de una apuesta por la innovaci\u00f3n y la sostenibilidad, el departamento de Residuos del Ajuntament de Mont-roig del Camp y Nostreserveis [&hellip;]<\/p>\n","protected":false},"author":13,"featured_media":83912,"comment_status":"closed","ping_status":"closed","sticky":false,"template":"","format":"standard","meta":{"inline_featured_image":false,"_monsterinsights_skip_tracking":false,"_monsterinsights_sitenote_active":false,"_monsterinsights_sitenote_note":"","_monsterinsights_sitenote_category":0,"footnotes":""},"categories":[98,204,143],"tags":[],"class_list":["post-83915","post","type-post","status-publish","format-standard","has-post-thumbnail","hentry","category-ayuntamiento","category-nostreserveis-es","category-residuos-es"],"yoast_head":"<!-- This site is optimized with the Yoast SEO plugin v27.4 - https:\/\/yoast.com\/product\/yoast-seo-wordpress\/ -->\n<title>El paseo de la Platja Cristall de Miami Platja estrena una papelera inteligente en una prueba piloto pionera - Ajuntament de Mont-roig del Camp<\/title>\n<meta name=\"robots\" content=\"index, follow, max-snippet:-1, max-image-preview:large, max-video-preview:-1\" \/>\n<link rel=\"canonical\" href=\"https:\/\/mont-roig.cat\/es\/actualitat\/noticies\/el-paseo-de-la-platja-cristall-de-miami-platja-estrena-una-papelera-inteligente-en-una-prueba-piloto-pionera\/\" \/>\n<meta property=\"og:locale\" content=\"es_ES\" \/>\n<meta property=\"og:type\" content=\"article\" \/>\n<meta property=\"og:title\" content=\"El paseo de la Platja Cristall de Miami Platja estrena una papelera inteligente en una prueba piloto pionera - Ajuntament de Mont-roig del Camp\" \/>\n<meta property=\"og:description\" content=\"El nuevo dispositivo, alimentado con energ\u00eda solar y con una capacidad ocho veces superior a la convencional, optimiza la gesti\u00f3n de residuos y refuerza el compromiso del municipio con la sostenibilidad En el marco de una apuesta por la innovaci\u00f3n y la sostenibilidad, el departamento de Residuos del Ajuntament de Mont-roig del Camp y Nostreserveis [&hellip;]\" \/>\n<meta property=\"og:url\" content=\"https:\/\/mont-roig.cat\/es\/actualitat\/noticies\/el-paseo-de-la-platja-cristall-de-miami-platja-estrena-una-papelera-inteligente-en-una-prueba-piloto-pionera\/\" \/>\n<meta property=\"og:site_name\" content=\"Ajuntament de Mont-roig del Camp\" \/>\n<meta property=\"article:published_time\" content=\"2025-06-16T12:15:59+00:00\" \/>\n<meta property=\"article:modified_time\" content=\"2025-06-16T12:20:42+00:00\" \/>\n<meta property=\"og:image\" content=\"https:\/\/mont-roig.cat\/wp-content\/uploads\/PAperera-1.jpeg\" \/>\n\t<meta property=\"og:image:width\" content=\"1500\" \/>\n\t<meta property=\"og:image:height\" content=\"2000\" \/>\n\t<meta property=\"og:image:type\" content=\"image\/jpeg\" \/>\n<meta name=\"author\" content=\"comunicacio\" \/>\n<meta name=\"twitter:card\" content=\"summary_large_image\" \/>\n<meta name=\"twitter:label1\" content=\"Escrito por\" \/>\n\t<meta name=\"twitter:data1\" content=\"comunicacio\" \/>\n\t<meta name=\"twitter:label2\" content=\"Tiempo de lectura\" \/>\n\t<meta name=\"twitter:data2\" content=\"2 minutos\" \/>\n<script type=\"application\/ld+json\" class=\"yoast-schema-graph\">{\"@context\":\"https:\\\/\\\/schema.org\",\"@graph\":[{\"@type\":\"Article\",\"@id\":\"https:\\\/\\\/mont-roig.cat\\\/es\\\/actualitat\\\/noticies\\\/el-paseo-de-la-platja-cristall-de-miami-platja-estrena-una-papelera-inteligente-en-una-prueba-piloto-pionera\\\/#article\",\"isPartOf\":{\"@id\":\"https:\\\/\\\/mont-roig.cat\\\/es\\\/actualitat\\\/noticies\\\/el-paseo-de-la-platja-cristall-de-miami-platja-estrena-una-papelera-inteligente-en-una-prueba-piloto-pionera\\\/\"},\"author\":{\"name\":\"comunicacio\",\"@id\":\"https:\\\/\\\/mont-roig.cat\\\/es\\\/#\\\/schema\\\/person\\\/1f73e7b5e6f9dd122e8a6f14f310ac5e\"},\"headline\":\"El paseo de la Platja Cristall de Miami Platja estrena una papelera inteligente en una prueba piloto pionera\",\"datePublished\":\"2025-06-16T12:15:59+00:00\",\"dateModified\":\"2025-06-16T12:20:42+00:00\",\"mainEntityOfPage\":{\"@id\":\"https:\\\/\\\/mont-roig.cat\\\/es\\\/actualitat\\\/noticies\\\/el-paseo-de-la-platja-cristall-de-miami-platja-estrena-una-papelera-inteligente-en-una-prueba-piloto-pionera\\\/\"},\"wordCount\":279,\"image\":{\"@id\":\"https:\\\/\\\/mont-roig.cat\\\/es\\\/actualitat\\\/noticies\\\/el-paseo-de-la-platja-cristall-de-miami-platja-estrena-una-papelera-inteligente-en-una-prueba-piloto-pionera\\\/#primaryimage\"},\"thumbnailUrl\":\"https:\\\/\\\/mont-roig.cat\\\/wp-content\\\/uploads\\\/PAperera-1.jpeg\",\"articleSection\":[\"Ayuntamiento\",\"Nostreserveis\",\"Residuos\"],\"inLanguage\":\"es\"},{\"@type\":\"WebPage\",\"@id\":\"https:\\\/\\\/mont-roig.cat\\\/es\\\/actualitat\\\/noticies\\\/el-paseo-de-la-platja-cristall-de-miami-platja-estrena-una-papelera-inteligente-en-una-prueba-piloto-pionera\\\/\",\"url\":\"https:\\\/\\\/mont-roig.cat\\\/es\\\/actualitat\\\/noticies\\\/el-paseo-de-la-platja-cristall-de-miami-platja-estrena-una-papelera-inteligente-en-una-prueba-piloto-pionera\\\/\",\"name\":\"El paseo de la Platja Cristall de Miami Platja estrena una papelera inteligente en una prueba piloto pionera - Ajuntament de Mont-roig del Camp\",\"isPartOf\":{\"@id\":\"https:\\\/\\\/mont-roig.cat\\\/es\\\/#website\"},\"primaryImageOfPage\":{\"@id\":\"https:\\\/\\\/mont-roig.cat\\\/es\\\/actualitat\\\/noticies\\\/el-paseo-de-la-platja-cristall-de-miami-platja-estrena-una-papelera-inteligente-en-una-prueba-piloto-pionera\\\/#primaryimage\"},\"image\":{\"@id\":\"https:\\\/\\\/mont-roig.cat\\\/es\\\/actualitat\\\/noticies\\\/el-paseo-de-la-platja-cristall-de-miami-platja-estrena-una-papelera-inteligente-en-una-prueba-piloto-pionera\\\/#primaryimage\"},\"thumbnailUrl\":\"https:\\\/\\\/mont-roig.cat\\\/wp-content\\\/uploads\\\/PAperera-1.jpeg\",\"datePublished\":\"2025-06-16T12:15:59+00:00\",\"dateModified\":\"2025-06-16T12:20:42+00:00\",\"author\":{\"@id\":\"https:\\\/\\\/mont-roig.cat\\\/es\\\/#\\\/schema\\\/person\\\/1f73e7b5e6f9dd122e8a6f14f310ac5e\"},\"breadcrumb\":{\"@id\":\"https:\\\/\\\/mont-roig.cat\\\/es\\\/actualitat\\\/noticies\\\/el-paseo-de-la-platja-cristall-de-miami-platja-estrena-una-papelera-inteligente-en-una-prueba-piloto-pionera\\\/#breadcrumb\"},\"inLanguage\":\"es\",\"potentialAction\":[{\"@type\":\"ReadAction\",\"target\":[\"https:\\\/\\\/mont-roig.cat\\\/es\\\/actualitat\\\/noticies\\\/el-paseo-de-la-platja-cristall-de-miami-platja-estrena-una-papelera-inteligente-en-una-prueba-piloto-pionera\\\/\"]}]},{\"@type\":\"ImageObject\",\"inLanguage\":\"es\",\"@id\":\"https:\\\/\\\/mont-roig.cat\\\/es\\\/actualitat\\\/noticies\\\/el-paseo-de-la-platja-cristall-de-miami-platja-estrena-una-papelera-inteligente-en-una-prueba-piloto-pionera\\\/#primaryimage\",\"url\":\"https:\\\/\\\/mont-roig.cat\\\/wp-content\\\/uploads\\\/PAperera-1.jpeg\",\"contentUrl\":\"https:\\\/\\\/mont-roig.cat\\\/wp-content\\\/uploads\\\/PAperera-1.jpeg\",\"width\":1500,\"height\":2000},{\"@type\":\"BreadcrumbList\",\"@id\":\"https:\\\/\\\/mont-roig.cat\\\/es\\\/actualitat\\\/noticies\\\/el-paseo-de-la-platja-cristall-de-miami-platja-estrena-una-papelera-inteligente-en-una-prueba-piloto-pionera\\\/#breadcrumb\",\"itemListElement\":[{\"@type\":\"ListItem\",\"position\":1,\"name\":\"Inici\",\"item\":\"https:\\\/\\\/mont-roig.cat\\\/es\\\/pagina-de-inicio\\\/\"},{\"@type\":\"ListItem\",\"position\":2,\"name\":\"El paseo de la Platja Cristall de Miami Platja estrena una papelera inteligente en una prueba piloto pionera\"}]},{\"@type\":\"WebSite\",\"@id\":\"https:\\\/\\\/mont-roig.cat\\\/es\\\/#website\",\"url\":\"https:\\\/\\\/mont-roig.cat\\\/es\\\/\",\"name\":\"Ajuntament de Mont-roig del Camp\",\"description\":\"Tota la informaci\u00f3 sobre la instituci\u00f3, els seus \u00f2rgans de govern, actualitat, serveis i molt m\u00e9s.\",\"potentialAction\":[{\"@type\":\"SearchAction\",\"target\":{\"@type\":\"EntryPoint\",\"urlTemplate\":\"https:\\\/\\\/mont-roig.cat\\\/es\\\/?s={search_term_string}\"},\"query-input\":{\"@type\":\"PropertyValueSpecification\",\"valueRequired\":true,\"valueName\":\"search_term_string\"}}],\"inLanguage\":\"es\"},{\"@type\":\"Person\",\"@id\":\"https:\\\/\\\/mont-roig.cat\\\/es\\\/#\\\/schema\\\/person\\\/1f73e7b5e6f9dd122e8a6f14f310ac5e\",\"name\":\"comunicacio\",\"image\":{\"@type\":\"ImageObject\",\"inLanguage\":\"es\",\"@id\":\"https:\\\/\\\/secure.gravatar.com\\\/avatar\\\/98944333e7a877670a64f8d10f0cb680ab2c9ebc4efc43945ef004b52b5ad28c?s=96&d=mm&r=g\",\"url\":\"https:\\\/\\\/secure.gravatar.com\\\/avatar\\\/98944333e7a877670a64f8d10f0cb680ab2c9ebc4efc43945ef004b52b5ad28c?s=96&d=mm&r=g\",\"contentUrl\":\"https:\\\/\\\/secure.gravatar.com\\\/avatar\\\/98944333e7a877670a64f8d10f0cb680ab2c9ebc4efc43945ef004b52b5ad28c?s=96&d=mm&r=g\",\"caption\":\"comunicacio\"},\"url\":\"https:\\\/\\\/mont-roig.cat\\\/es\\\/actualitat\\\/noticies\\\/author\\\/comunicacio\\\/\"}]}<\/script>\n<!-- \/ Yoast SEO plugin. -->","yoast_head_json":{"title":"El paseo de la Platja Cristall de Miami Platja estrena una papelera inteligente en una prueba piloto pionera - Ajuntament de Mont-roig del Camp","robots":{"index":"index","follow":"follow","max-snippet":"max-snippet:-1","max-image-preview":"max-image-preview:large","max-video-preview":"max-video-preview:-1"},"canonical":"https:\/\/mont-roig.cat\/es\/actualitat\/noticies\/el-paseo-de-la-platja-cristall-de-miami-platja-estrena-una-papelera-inteligente-en-una-prueba-piloto-pionera\/","og_locale":"es_ES","og_type":"article","og_title":"El paseo de la Platja Cristall de Miami Platja estrena una papelera inteligente en una prueba piloto pionera - Ajuntament de Mont-roig del Camp","og_description":"El nuevo dispositivo, alimentado con energ\u00eda solar y con una capacidad ocho veces superior a la convencional, optimiza la gesti\u00f3n de residuos y refuerza el compromiso del municipio con la sostenibilidad En el marco de una apuesta por la innovaci\u00f3n y la sostenibilidad, el departamento de Residuos del Ajuntament de Mont-roig del Camp y Nostreserveis [&hellip;]","og_url":"https:\/\/mont-roig.cat\/es\/actualitat\/noticies\/el-paseo-de-la-platja-cristall-de-miami-platja-estrena-una-papelera-inteligente-en-una-prueba-piloto-pionera\/","og_site_name":"Ajuntament de Mont-roig del Camp","article_published_time":"2025-06-16T12:15:59+00:00","article_modified_time":"2025-06-16T12:20:42+00:00","og_image":[{"width":1500,"height":2000,"url":"https:\/\/mont-roig.cat\/wp-content\/uploads\/PAperera-1.jpeg","type":"image\/jpeg"}],"author":"comunicacio","twitter_card":"summary_large_image","twitter_misc":{"Escrito por":"comunicacio","Tiempo de lectura":"2 minutos"},"schema":{"@context":"https:\/\/schema.org","@graph":[{"@type":"Article","@id":"https:\/\/mont-roig.cat\/es\/actualitat\/noticies\/el-paseo-de-la-platja-cristall-de-miami-platja-estrena-una-papelera-inteligente-en-una-prueba-piloto-pionera\/#article","isPartOf":{"@id":"https:\/\/mont-roig.cat\/es\/actualitat\/noticies\/el-paseo-de-la-platja-cristall-de-miami-platja-estrena-una-papelera-inteligente-en-una-prueba-piloto-pionera\/"},"author":{"name":"comunicacio","@id":"https:\/\/mont-roig.cat\/es\/#\/schema\/person\/1f73e7b5e6f9dd122e8a6f14f310ac5e"},"headline":"El paseo de la Platja Cristall de Miami Platja estrena una papelera inteligente en una prueba piloto pionera","datePublished":"2025-06-16T12:15:59+00:00","dateModified":"2025-06-16T12:20:42+00:00","mainEntityOfPage":{"@id":"https:\/\/mont-roig.cat\/es\/actualitat\/noticies\/el-paseo-de-la-platja-cristall-de-miami-platja-estrena-una-papelera-inteligente-en-una-prueba-piloto-pionera\/"},"wordCount":279,"image":{"@id":"https:\/\/mont-roig.cat\/es\/actualitat\/noticies\/el-paseo-de-la-platja-cristall-de-miami-platja-estrena-una-papelera-inteligente-en-una-prueba-piloto-pionera\/#primaryimage"},"thumbnailUrl":"https:\/\/mont-roig.cat\/wp-content\/uploads\/PAperera-1.jpeg","articleSection":["Ayuntamiento","Nostreserveis","Residuos"],"inLanguage":"es"},{"@type":"WebPage","@id":"https:\/\/mont-roig.cat\/es\/actualitat\/noticies\/el-paseo-de-la-platja-cristall-de-miami-platja-estrena-una-papelera-inteligente-en-una-prueba-piloto-pionera\/","url":"https:\/\/mont-roig.cat\/es\/actualitat\/noticies\/el-paseo-de-la-platja-cristall-de-miami-platja-estrena-una-papelera-inteligente-en-una-prueba-piloto-pionera\/","name":"El paseo de la Platja Cristall de Miami Platja estrena una papelera inteligente en una prueba piloto pionera - Ajuntament de Mont-roig del Camp","isPartOf":{"@id":"https:\/\/mont-roig.cat\/es\/#website"},"primaryImageOfPage":{"@id":"https:\/\/mont-roig.cat\/es\/actualitat\/noticies\/el-paseo-de-la-platja-cristall-de-miami-platja-estrena-una-papelera-inteligente-en-una-prueba-piloto-pionera\/#primaryimage"},"image":{"@id":"https:\/\/mont-roig.cat\/es\/actualitat\/noticies\/el-paseo-de-la-platja-cristall-de-miami-platja-estrena-una-papelera-inteligente-en-una-prueba-piloto-pionera\/#primaryimage"},"thumbnailUrl":"https:\/\/mont-roig.cat\/wp-content\/uploads\/PAperera-1.jpeg","datePublished":"2025-06-16T12:15:59+00:00","dateModified":"2025-06-16T12:20:42+00:00","author":{"@id":"https:\/\/mont-roig.cat\/es\/#\/schema\/person\/1f73e7b5e6f9dd122e8a6f14f310ac5e"},"breadcrumb":{"@id":"https:\/\/mont-roig.cat\/es\/actualitat\/noticies\/el-paseo-de-la-platja-cristall-de-miami-platja-estrena-una-papelera-inteligente-en-una-prueba-piloto-pionera\/#breadcrumb"},"inLanguage":"es","potentialAction":[{"@type":"ReadAction","target":["https:\/\/mont-roig.cat\/es\/actualitat\/noticies\/el-paseo-de-la-platja-cristall-de-miami-platja-estrena-una-papelera-inteligente-en-una-prueba-piloto-pionera\/"]}]},{"@type":"ImageObject","inLanguage":"es","@id":"https:\/\/mont-roig.cat\/es\/actualitat\/noticies\/el-paseo-de-la-platja-cristall-de-miami-platja-estrena-una-papelera-inteligente-en-una-prueba-piloto-pionera\/#primaryimage","url":"https:\/\/mont-roig.cat\/wp-content\/uploads\/PAperera-1.jpeg","contentUrl":"https:\/\/mont-roig.cat\/wp-content\/uploads\/PAperera-1.jpeg","width":1500,"height":2000},{"@type":"BreadcrumbList","@id":"https:\/\/mont-roig.cat\/es\/actualitat\/noticies\/el-paseo-de-la-platja-cristall-de-miami-platja-estrena-una-papelera-inteligente-en-una-prueba-piloto-pionera\/#breadcrumb","itemListElement":[{"@type":"ListItem","position":1,"name":"Inici","item":"https:\/\/mont-roig.cat\/es\/pagina-de-inicio\/"},{"@type":"ListItem","position":2,"name":"El paseo de la Platja Cristall de Miami Platja estrena una papelera inteligente en una prueba piloto pionera"}]},{"@type":"WebSite","@id":"https:\/\/mont-roig.cat\/es\/#website","url":"https:\/\/mont-roig.cat\/es\/","name":"Ajuntament de Mont-roig del Camp","description":"Tota la informaci\u00f3 sobre la instituci\u00f3, els seus \u00f2rgans de govern, actualitat, serveis i molt m\u00e9s.","potentialAction":[{"@type":"SearchAction","target":{"@type":"EntryPoint","urlTemplate":"https:\/\/mont-roig.cat\/es\/?s={search_term_string}"},"query-input":{"@type":"PropertyValueSpecification","valueRequired":true,"valueName":"search_term_string"}}],"inLanguage":"es"},{"@type":"Person","@id":"https:\/\/mont-roig.cat\/es\/#\/schema\/person\/1f73e7b5e6f9dd122e8a6f14f310ac5e","name":"comunicacio","image":{"@type":"ImageObject","inLanguage":"es","@id":"https:\/\/secure.gravatar.com\/avatar\/98944333e7a877670a64f8d10f0cb680ab2c9ebc4efc43945ef004b52b5ad28c?s=96&d=mm&r=g","url":"https:\/\/secure.gravatar.com\/avatar\/98944333e7a877670a64f8d10f0cb680ab2c9ebc4efc43945ef004b52b5ad28c?s=96&d=mm&r=g","contentUrl":"https:\/\/secure.gravatar.com\/avatar\/98944333e7a877670a64f8d10f0cb680ab2c9ebc4efc43945ef004b52b5ad28c?s=96&d=mm&r=g","caption":"comunicacio"},"url":"https:\/\/mont-roig.cat\/es\/actualitat\/noticies\/author\/comunicacio\/"}]}},"_links":{"self":[{"href":"https:\/\/mont-roig.cat\/es\/wp-json\/wp\/v2\/posts\/83915","targetHints":{"allow":["GET"]}}],"collection":[{"href":"https:\/\/mont-roig.cat\/es\/wp-json\/wp\/v2\/posts"}],"about":[{"href":"https:\/\/mont-roig.cat\/es\/wp-json\/wp\/v2\/types\/post"}],"author":[{"embeddable":true,"href":"https:\/\/mont-roig.cat\/es\/wp-json\/wp\/v2\/users\/13"}],"replies":[{"embeddable":true,"href":"https:\/\/mont-roig.cat\/es\/wp-json\/wp\/v2\/comments?post=83915"}],"version-history":[{"count":3,"href":"https:\/\/mont-roig.cat\/es\/wp-json\/wp\/v2\/posts\/83915\/revisions"}],"predecessor-version":[{"id":83918,"href":"https:\/\/mont-roig.cat\/es\/wp-json\/wp\/v2\/posts\/83915\/revisions\/83918"}],"wp:featuredmedia":[{"embeddable":true,"href":"https:\/\/mont-roig.cat\/es\/wp-json\/wp\/v2\/media\/83912"}],"wp:attachment":[{"href":"https:\/\/mont-roig.cat\/es\/wp-json\/wp\/v2\/media?parent=83915"}],"wp:term":[{"taxonomy":"category","embeddable":true,"href":"https:\/\/mont-roig.cat\/es\/wp-json\/wp\/v2\/categories?post=83915"},{"taxonomy":"post_tag","embeddable":true,"href":"https:\/\/mont-roig.cat\/es\/wp-json\/wp\/v2\/tags?post=83915"}],"curies":[{"name":"wp","href":"https:\/\/api.w.org\/{rel}","templated":true}]}}