{"id":83947,"date":"2025-06-17T13:12:25","date_gmt":"2025-06-17T11:12:25","guid":{"rendered":"https:\/\/mont-roig.cat\/actualitat\/noticies\/ajornament-temporal-de-la-bonificacio-de-libi-per-installacio-de-plaques-solars-durant-el-2025\/"},"modified":"2025-11-11T12:00:32","modified_gmt":"2025-11-11T11:00:32","slug":"aplazamiento-temporal-de-la-bonificacion-del-ibi-por-instalacion-de-placas-solares-durante-2025","status":"publish","type":"post","link":"https:\/\/mont-roig.cat\/es\/actualitat\/noticies\/aplazamiento-temporal-de-la-bonificacion-del-ibi-por-instalacion-de-placas-solares-durante-2025\/","title":{"rendered":"Aplazamiento temporal de la bonificaci\u00f3n del IBI por la instalaci\u00f3n de placas solares durante 2025"},"content":{"rendered":"<div class=\"wpb-content-wrapper\">[vc_row][vc_column][vc_column_text css=&#8221;&#8221;]<strong><strong><a href=\"https:\/\/mont-roig.cat\/wp-content\/uploads\/MM_IBI_PLAQUES_A3w_page-0001.jpg\" target=\"_blank\" rel=\"noopener\"><img loading=\"lazy\" decoding=\"async\" class=\"alignright wp-image-83937\" src=\"https:\/\/mont-roig.cat\/wp-content\/uploads\/MM_IBI_PLAQUES_A3w_page-0001-354x500.jpg\" alt=\"\" width=\"261\" height=\"369\" srcset=\"https:\/\/mont-roig.cat\/wp-content\/uploads\/MM_IBI_PLAQUES_A3w_page-0001-354x500.jpg 354w, https:\/\/mont-roig.cat\/wp-content\/uploads\/MM_IBI_PLAQUES_A3w_page-0001-725x1024.jpg 725w, https:\/\/mont-roig.cat\/wp-content\/uploads\/MM_IBI_PLAQUES_A3w_page-0001-768x1085.jpg 768w, https:\/\/mont-roig.cat\/wp-content\/uploads\/MM_IBI_PLAQUES_A3w_page-0001-1087x1536.jpg 1087w, https:\/\/mont-roig.cat\/wp-content\/uploads\/MM_IBI_PLAQUES_A3w_page-0001.jpg 1241w\" sizes=\"auto, (max-width: 261px) 100vw, 261px\" \/><\/a><\/strong><\/strong><\/p>\n<ul>\n<li data-start=\"97\" data-end=\"418\"><strong><em data-start=\"199\" data-end=\"293\">El Ayuntamiento de Mont-roig del Camp aplaza la bonificaci\u00f3n un a\u00f1o, sin p\u00e9rdida de derechos<\/em><\/strong><\/li>\n<li data-start=\"97\" data-end=\"418\"><strong><em data-start=\"296\" data-end=\"418\">A partir del 1 de enero de 2026 se reanudar\u00e1 la bonificaci\u00f3n tal como estaba prevista, y no se perder\u00e1 ninguna anualidad<\/em><\/strong><\/li>\n<\/ul>\n<p data-start=\"420\" data-end=\"770\">El Ayuntamiento de Mont-roig del Camp informa que, debido a la aplicaci\u00f3n de una disposici\u00f3n transitoria en las ordenanzas fiscales municipales, la bonificaci\u00f3n del 50% del Impuesto sobre Bienes Inmuebles (IBI) vinculada a la instalaci\u00f3n de placas solares quedar\u00e1 temporalmente suspendida durante todo el a\u00f1o 2025 (del 1 de enero al 31 de diciembre).<\/p>\n<p data-start=\"772\" data-end=\"1010\">Esta medida afecta tanto a las personas que ya disfrutan actualmente de la bonificaci\u00f3n, como a las que llevaron a cabo la comunicaci\u00f3n de instalaci\u00f3n de placas solares antes del 31 de diciembre de 2024 y tienen la bonificaci\u00f3n concedida. En ambos casos, la suspensi\u00f3n es temporal y no implicar\u00e1 la p\u00e9rdida de ning\u00fan a\u00f1o de descuento:<\/p>\n<ul>\n<li data-start=\"1012\" data-end=\"1299\">Quienes ya ten\u00edan la bonificaci\u00f3n activa: el periodo se prorrogar\u00e1 un a\u00f1o m\u00e1s, hasta completar los cinco a\u00f1os establecidos.<\/li>\n<li data-start=\"1012\" data-end=\"1299\">Quienes iban a comenzarla en 2025: la bonificaci\u00f3n se iniciar\u00e1 el 1 de enero de 2026 y se aplicar\u00e1 durante cinco a\u00f1os consecutivos, tal como estaba previsto.<\/li>\n<\/ul>\n<p data-start=\"1301\" data-end=\"1540\">Esta modificaci\u00f3n se ha incorporado a las ordenanzas fiscales aprobadas a finales de a\u00f1o y no tiene car\u00e1cter retroactivo. Asimismo, la bonificaci\u00f3n seguir\u00e1 siendo incompatible con aquellas instalaciones realizadas por obligaci\u00f3n normativa.<\/p>\n<p data-start=\"1301\" data-end=\"1540\">Por otra parte, para comunicaciones de nuevas instalaciones de placas solares a partir del 1 de enero de 2025, el Ayuntamiento ya no concede bonificaci\u00f3n del IBI ni del ICIO.<\/p>\n<p data-start=\"1542\" data-end=\"1747\">Para cualquier duda o consulta, las personas interesadas pueden contactar con el Departamento de Transici\u00f3n Energ\u00e9tica y Ecol\u00f3gica del Ayuntamiento a trav\u00e9s del correo electr\u00f3nico: <a class=\"cursor-pointer\" rel=\"noopener\" data-start=\"1723\" data-end=\"1746\">transicio@mont-roig.cat<\/a>.<\/p>\n<p>\u00a0[\/vc_column_text][\/vc_column][\/vc_row]\n<\/div>","protected":false},"excerpt":{"rendered":"<p>[vc_row][vc_column][vc_column_text css=&#8221;&#8221;] El Ayuntamiento de Mont-roig del Camp aplaza la bonificaci\u00f3n un a\u00f1o, sin p\u00e9rdida de derechos A partir del 1 de enero de 2026 se reanudar\u00e1 la bonificaci\u00f3n tal como estaba prevista, y no se perder\u00e1 ninguna anualidad El Ayuntamiento de Mont-roig del Camp informa que, debido a la aplicaci\u00f3n de una disposici\u00f3n transitoria [&hellip;]<\/p>\n","protected":false},"author":13,"featured_media":83940,"comment_status":"closed","ping_status":"closed","sticky":false,"template":"","format":"standard","meta":{"inline_featured_image":false,"_monsterinsights_skip_tracking":false,"_monsterinsights_sitenote_active":false,"_monsterinsights_sitenote_note":"","_monsterinsights_sitenote_category":0,"footnotes":""},"categories":[98,254],"tags":[],"class_list":["post-83947","post","type-post","status-publish","format-standard","has-post-thumbnail","hentry","category-ayuntamiento","category-hisenda-es"],"yoast_head":"<!-- This site is optimized with the Yoast SEO plugin v27.4 - https:\/\/yoast.com\/product\/yoast-seo-wordpress\/ -->\n<title>Aplazamiento temporal de la bonificaci\u00f3n del IBI por la instalaci\u00f3n de placas solares durante 2025 - Ajuntament de Mont-roig del Camp<\/title>\n<meta name=\"robots\" content=\"index, follow, max-snippet:-1, max-image-preview:large, max-video-preview:-1\" \/>\n<link rel=\"canonical\" href=\"https:\/\/mont-roig.cat\/es\/actualitat\/noticies\/aplazamiento-temporal-de-la-bonificacion-del-ibi-por-instalacion-de-placas-solares-durante-2025\/\" \/>\n<meta property=\"og:locale\" content=\"es_ES\" \/>\n<meta property=\"og:type\" content=\"article\" \/>\n<meta property=\"og:title\" content=\"Aplazamiento temporal de la bonificaci\u00f3n del IBI por la instalaci\u00f3n de placas solares durante 2025 - Ajuntament de Mont-roig del Camp\" \/>\n<meta property=\"og:description\" content=\"[vc_row][vc_column][vc_column_text css=&#8221;&#8221;] El Ayuntamiento de Mont-roig del Camp aplaza la bonificaci\u00f3n un a\u00f1o, sin p\u00e9rdida de derechos A partir del 1 de enero de 2026 se reanudar\u00e1 la bonificaci\u00f3n tal como estaba prevista, y no se perder\u00e1 ninguna anualidad El Ayuntamiento de Mont-roig del Camp informa que, debido a la aplicaci\u00f3n de una disposici\u00f3n transitoria [&hellip;]\" \/>\n<meta property=\"og:url\" content=\"https:\/\/mont-roig.cat\/es\/actualitat\/noticies\/aplazamiento-temporal-de-la-bonificacion-del-ibi-por-instalacion-de-placas-solares-durante-2025\/\" \/>\n<meta property=\"og:site_name\" content=\"Ajuntament de Mont-roig del Camp\" \/>\n<meta property=\"article:published_time\" content=\"2025-06-17T11:12:25+00:00\" \/>\n<meta property=\"article:modified_time\" content=\"2025-11-11T11:00:32+00:00\" \/>\n<meta property=\"og:image\" content=\"https:\/\/mont-roig.cat\/wp-content\/uploads\/MM_IBI_PLAQUES_META.jpg\" \/>\n\t<meta property=\"og:image:width\" content=\"1200\" \/>\n\t<meta property=\"og:image:height\" content=\"630\" \/>\n\t<meta property=\"og:image:type\" content=\"image\/jpeg\" \/>\n<meta name=\"author\" content=\"comunicacio\" \/>\n<meta name=\"twitter:card\" content=\"summary_large_image\" \/>\n<meta name=\"twitter:label1\" content=\"Escrito por\" \/>\n\t<meta name=\"twitter:data1\" content=\"comunicacio\" \/>\n\t<meta name=\"twitter:label2\" content=\"Tiempo de lectura\" \/>\n\t<meta name=\"twitter:data2\" content=\"2 minutos\" \/>\n<script type=\"application\/ld+json\" class=\"yoast-schema-graph\">{\"@context\":\"https:\\\/\\\/schema.org\",\"@graph\":[{\"@type\":\"Article\",\"@id\":\"https:\\\/\\\/mont-roig.cat\\\/es\\\/actualitat\\\/noticies\\\/aplazamiento-temporal-de-la-bonificacion-del-ibi-por-instalacion-de-placas-solares-durante-2025\\\/#article\",\"isPartOf\":{\"@id\":\"https:\\\/\\\/mont-roig.cat\\\/es\\\/actualitat\\\/noticies\\\/aplazamiento-temporal-de-la-bonificacion-del-ibi-por-instalacion-de-placas-solares-durante-2025\\\/\"},\"author\":{\"name\":\"comunicacio\",\"@id\":\"https:\\\/\\\/mont-roig.cat\\\/es\\\/#\\\/schema\\\/person\\\/1f73e7b5e6f9dd122e8a6f14f310ac5e\"},\"headline\":\"Aplazamiento temporal de la bonificaci\u00f3n del IBI por la instalaci\u00f3n de placas solares durante 2025\",\"datePublished\":\"2025-06-17T11:12:25+00:00\",\"dateModified\":\"2025-11-11T11:00:32+00:00\",\"mainEntityOfPage\":{\"@id\":\"https:\\\/\\\/mont-roig.cat\\\/es\\\/actualitat\\\/noticies\\\/aplazamiento-temporal-de-la-bonificacion-del-ibi-por-instalacion-de-placas-solares-durante-2025\\\/\"},\"wordCount\":337,\"image\":{\"@id\":\"https:\\\/\\\/mont-roig.cat\\\/es\\\/actualitat\\\/noticies\\\/aplazamiento-temporal-de-la-bonificacion-del-ibi-por-instalacion-de-placas-solares-durante-2025\\\/#primaryimage\"},\"thumbnailUrl\":\"https:\\\/\\\/mont-roig.cat\\\/wp-content\\\/uploads\\\/MM_IBI_PLAQUES_META.jpg\",\"articleSection\":[\"Ayuntamiento\",\"Hisenda\"],\"inLanguage\":\"es\"},{\"@type\":\"WebPage\",\"@id\":\"https:\\\/\\\/mont-roig.cat\\\/es\\\/actualitat\\\/noticies\\\/aplazamiento-temporal-de-la-bonificacion-del-ibi-por-instalacion-de-placas-solares-durante-2025\\\/\",\"url\":\"https:\\\/\\\/mont-roig.cat\\\/es\\\/actualitat\\\/noticies\\\/aplazamiento-temporal-de-la-bonificacion-del-ibi-por-instalacion-de-placas-solares-durante-2025\\\/\",\"name\":\"Aplazamiento temporal de la bonificaci\u00f3n del IBI por la instalaci\u00f3n de placas solares durante 2025 - Ajuntament de Mont-roig del Camp\",\"isPartOf\":{\"@id\":\"https:\\\/\\\/mont-roig.cat\\\/es\\\/#website\"},\"primaryImageOfPage\":{\"@id\":\"https:\\\/\\\/mont-roig.cat\\\/es\\\/actualitat\\\/noticies\\\/aplazamiento-temporal-de-la-bonificacion-del-ibi-por-instalacion-de-placas-solares-durante-2025\\\/#primaryimage\"},\"image\":{\"@id\":\"https:\\\/\\\/mont-roig.cat\\\/es\\\/actualitat\\\/noticies\\\/aplazamiento-temporal-de-la-bonificacion-del-ibi-por-instalacion-de-placas-solares-durante-2025\\\/#primaryimage\"},\"thumbnailUrl\":\"https:\\\/\\\/mont-roig.cat\\\/wp-content\\\/uploads\\\/MM_IBI_PLAQUES_META.jpg\",\"datePublished\":\"2025-06-17T11:12:25+00:00\",\"dateModified\":\"2025-11-11T11:00:32+00:00\",\"author\":{\"@id\":\"https:\\\/\\\/mont-roig.cat\\\/es\\\/#\\\/schema\\\/person\\\/1f73e7b5e6f9dd122e8a6f14f310ac5e\"},\"breadcrumb\":{\"@id\":\"https:\\\/\\\/mont-roig.cat\\\/es\\\/actualitat\\\/noticies\\\/aplazamiento-temporal-de-la-bonificacion-del-ibi-por-instalacion-de-placas-solares-durante-2025\\\/#breadcrumb\"},\"inLanguage\":\"es\",\"potentialAction\":[{\"@type\":\"ReadAction\",\"target\":[\"https:\\\/\\\/mont-roig.cat\\\/es\\\/actualitat\\\/noticies\\\/aplazamiento-temporal-de-la-bonificacion-del-ibi-por-instalacion-de-placas-solares-durante-2025\\\/\"]}]},{\"@type\":\"ImageObject\",\"inLanguage\":\"es\",\"@id\":\"https:\\\/\\\/mont-roig.cat\\\/es\\\/actualitat\\\/noticies\\\/aplazamiento-temporal-de-la-bonificacion-del-ibi-por-instalacion-de-placas-solares-durante-2025\\\/#primaryimage\",\"url\":\"https:\\\/\\\/mont-roig.cat\\\/wp-content\\\/uploads\\\/MM_IBI_PLAQUES_META.jpg\",\"contentUrl\":\"https:\\\/\\\/mont-roig.cat\\\/wp-content\\\/uploads\\\/MM_IBI_PLAQUES_META.jpg\",\"width\":1200,\"height\":630},{\"@type\":\"BreadcrumbList\",\"@id\":\"https:\\\/\\\/mont-roig.cat\\\/es\\\/actualitat\\\/noticies\\\/aplazamiento-temporal-de-la-bonificacion-del-ibi-por-instalacion-de-placas-solares-durante-2025\\\/#breadcrumb\",\"itemListElement\":[{\"@type\":\"ListItem\",\"position\":1,\"name\":\"Inici\",\"item\":\"https:\\\/\\\/mont-roig.cat\\\/es\\\/pagina-de-inicio\\\/\"},{\"@type\":\"ListItem\",\"position\":2,\"name\":\"Aplazamiento temporal de la bonificaci\u00f3n del IBI por la instalaci\u00f3n de placas solares durante 2025\"}]},{\"@type\":\"WebSite\",\"@id\":\"https:\\\/\\\/mont-roig.cat\\\/es\\\/#website\",\"url\":\"https:\\\/\\\/mont-roig.cat\\\/es\\\/\",\"name\":\"Ajuntament de Mont-roig del Camp\",\"description\":\"Tota la informaci\u00f3 sobre la instituci\u00f3, els seus \u00f2rgans de govern, actualitat, serveis i molt m\u00e9s.\",\"potentialAction\":[{\"@type\":\"SearchAction\",\"target\":{\"@type\":\"EntryPoint\",\"urlTemplate\":\"https:\\\/\\\/mont-roig.cat\\\/es\\\/?s={search_term_string}\"},\"query-input\":{\"@type\":\"PropertyValueSpecification\",\"valueRequired\":true,\"valueName\":\"search_term_string\"}}],\"inLanguage\":\"es\"},{\"@type\":\"Person\",\"@id\":\"https:\\\/\\\/mont-roig.cat\\\/es\\\/#\\\/schema\\\/person\\\/1f73e7b5e6f9dd122e8a6f14f310ac5e\",\"name\":\"comunicacio\",\"image\":{\"@type\":\"ImageObject\",\"inLanguage\":\"es\",\"@id\":\"https:\\\/\\\/secure.gravatar.com\\\/avatar\\\/98944333e7a877670a64f8d10f0cb680ab2c9ebc4efc43945ef004b52b5ad28c?s=96&d=mm&r=g\",\"url\":\"https:\\\/\\\/secure.gravatar.com\\\/avatar\\\/98944333e7a877670a64f8d10f0cb680ab2c9ebc4efc43945ef004b52b5ad28c?s=96&d=mm&r=g\",\"contentUrl\":\"https:\\\/\\\/secure.gravatar.com\\\/avatar\\\/98944333e7a877670a64f8d10f0cb680ab2c9ebc4efc43945ef004b52b5ad28c?s=96&d=mm&r=g\",\"caption\":\"comunicacio\"},\"url\":\"https:\\\/\\\/mont-roig.cat\\\/es\\\/actualitat\\\/noticies\\\/author\\\/comunicacio\\\/\"}]}<\/script>\n<!-- \/ Yoast SEO plugin. -->","yoast_head_json":{"title":"Aplazamiento temporal de la bonificaci\u00f3n del IBI por la instalaci\u00f3n de placas solares durante 2025 - Ajuntament de Mont-roig del Camp","robots":{"index":"index","follow":"follow","max-snippet":"max-snippet:-1","max-image-preview":"max-image-preview:large","max-video-preview":"max-video-preview:-1"},"canonical":"https:\/\/mont-roig.cat\/es\/actualitat\/noticies\/aplazamiento-temporal-de-la-bonificacion-del-ibi-por-instalacion-de-placas-solares-durante-2025\/","og_locale":"es_ES","og_type":"article","og_title":"Aplazamiento temporal de la bonificaci\u00f3n del IBI por la instalaci\u00f3n de placas solares durante 2025 - Ajuntament de Mont-roig del Camp","og_description":"[vc_row][vc_column][vc_column_text css=&#8221;&#8221;] El Ayuntamiento de Mont-roig del Camp aplaza la bonificaci\u00f3n un a\u00f1o, sin p\u00e9rdida de derechos A partir del 1 de enero de 2026 se reanudar\u00e1 la bonificaci\u00f3n tal como estaba prevista, y no se perder\u00e1 ninguna anualidad El Ayuntamiento de Mont-roig del Camp informa que, debido a la aplicaci\u00f3n de una disposici\u00f3n transitoria [&hellip;]","og_url":"https:\/\/mont-roig.cat\/es\/actualitat\/noticies\/aplazamiento-temporal-de-la-bonificacion-del-ibi-por-instalacion-de-placas-solares-durante-2025\/","og_site_name":"Ajuntament de Mont-roig del Camp","article_published_time":"2025-06-17T11:12:25+00:00","article_modified_time":"2025-11-11T11:00:32+00:00","og_image":[{"width":1200,"height":630,"url":"https:\/\/mont-roig.cat\/wp-content\/uploads\/MM_IBI_PLAQUES_META.jpg","type":"image\/jpeg"}],"author":"comunicacio","twitter_card":"summary_large_image","twitter_misc":{"Escrito por":"comunicacio","Tiempo de lectura":"2 minutos"},"schema":{"@context":"https:\/\/schema.org","@graph":[{"@type":"Article","@id":"https:\/\/mont-roig.cat\/es\/actualitat\/noticies\/aplazamiento-temporal-de-la-bonificacion-del-ibi-por-instalacion-de-placas-solares-durante-2025\/#article","isPartOf":{"@id":"https:\/\/mont-roig.cat\/es\/actualitat\/noticies\/aplazamiento-temporal-de-la-bonificacion-del-ibi-por-instalacion-de-placas-solares-durante-2025\/"},"author":{"name":"comunicacio","@id":"https:\/\/mont-roig.cat\/es\/#\/schema\/person\/1f73e7b5e6f9dd122e8a6f14f310ac5e"},"headline":"Aplazamiento temporal de la bonificaci\u00f3n del IBI por la instalaci\u00f3n de placas solares durante 2025","datePublished":"2025-06-17T11:12:25+00:00","dateModified":"2025-11-11T11:00:32+00:00","mainEntityOfPage":{"@id":"https:\/\/mont-roig.cat\/es\/actualitat\/noticies\/aplazamiento-temporal-de-la-bonificacion-del-ibi-por-instalacion-de-placas-solares-durante-2025\/"},"wordCount":337,"image":{"@id":"https:\/\/mont-roig.cat\/es\/actualitat\/noticies\/aplazamiento-temporal-de-la-bonificacion-del-ibi-por-instalacion-de-placas-solares-durante-2025\/#primaryimage"},"thumbnailUrl":"https:\/\/mont-roig.cat\/wp-content\/uploads\/MM_IBI_PLAQUES_META.jpg","articleSection":["Ayuntamiento","Hisenda"],"inLanguage":"es"},{"@type":"WebPage","@id":"https:\/\/mont-roig.cat\/es\/actualitat\/noticies\/aplazamiento-temporal-de-la-bonificacion-del-ibi-por-instalacion-de-placas-solares-durante-2025\/","url":"https:\/\/mont-roig.cat\/es\/actualitat\/noticies\/aplazamiento-temporal-de-la-bonificacion-del-ibi-por-instalacion-de-placas-solares-durante-2025\/","name":"Aplazamiento temporal de la bonificaci\u00f3n del IBI por la instalaci\u00f3n de placas solares durante 2025 - Ajuntament de Mont-roig del Camp","isPartOf":{"@id":"https:\/\/mont-roig.cat\/es\/#website"},"primaryImageOfPage":{"@id":"https:\/\/mont-roig.cat\/es\/actualitat\/noticies\/aplazamiento-temporal-de-la-bonificacion-del-ibi-por-instalacion-de-placas-solares-durante-2025\/#primaryimage"},"image":{"@id":"https:\/\/mont-roig.cat\/es\/actualitat\/noticies\/aplazamiento-temporal-de-la-bonificacion-del-ibi-por-instalacion-de-placas-solares-durante-2025\/#primaryimage"},"thumbnailUrl":"https:\/\/mont-roig.cat\/wp-content\/uploads\/MM_IBI_PLAQUES_META.jpg","datePublished":"2025-06-17T11:12:25+00:00","dateModified":"2025-11-11T11:00:32+00:00","author":{"@id":"https:\/\/mont-roig.cat\/es\/#\/schema\/person\/1f73e7b5e6f9dd122e8a6f14f310ac5e"},"breadcrumb":{"@id":"https:\/\/mont-roig.cat\/es\/actualitat\/noticies\/aplazamiento-temporal-de-la-bonificacion-del-ibi-por-instalacion-de-placas-solares-durante-2025\/#breadcrumb"},"inLanguage":"es","potentialAction":[{"@type":"ReadAction","target":["https:\/\/mont-roig.cat\/es\/actualitat\/noticies\/aplazamiento-temporal-de-la-bonificacion-del-ibi-por-instalacion-de-placas-solares-durante-2025\/"]}]},{"@type":"ImageObject","inLanguage":"es","@id":"https:\/\/mont-roig.cat\/es\/actualitat\/noticies\/aplazamiento-temporal-de-la-bonificacion-del-ibi-por-instalacion-de-placas-solares-durante-2025\/#primaryimage","url":"https:\/\/mont-roig.cat\/wp-content\/uploads\/MM_IBI_PLAQUES_META.jpg","contentUrl":"https:\/\/mont-roig.cat\/wp-content\/uploads\/MM_IBI_PLAQUES_META.jpg","width":1200,"height":630},{"@type":"BreadcrumbList","@id":"https:\/\/mont-roig.cat\/es\/actualitat\/noticies\/aplazamiento-temporal-de-la-bonificacion-del-ibi-por-instalacion-de-placas-solares-durante-2025\/#breadcrumb","itemListElement":[{"@type":"ListItem","position":1,"name":"Inici","item":"https:\/\/mont-roig.cat\/es\/pagina-de-inicio\/"},{"@type":"ListItem","position":2,"name":"Aplazamiento temporal de la bonificaci\u00f3n del IBI por la instalaci\u00f3n de placas solares durante 2025"}]},{"@type":"WebSite","@id":"https:\/\/mont-roig.cat\/es\/#website","url":"https:\/\/mont-roig.cat\/es\/","name":"Ajuntament de Mont-roig del Camp","description":"Tota la informaci\u00f3 sobre la instituci\u00f3, els seus \u00f2rgans de govern, actualitat, serveis i molt m\u00e9s.","potentialAction":[{"@type":"SearchAction","target":{"@type":"EntryPoint","urlTemplate":"https:\/\/mont-roig.cat\/es\/?s={search_term_string}"},"query-input":{"@type":"PropertyValueSpecification","valueRequired":true,"valueName":"search_term_string"}}],"inLanguage":"es"},{"@type":"Person","@id":"https:\/\/mont-roig.cat\/es\/#\/schema\/person\/1f73e7b5e6f9dd122e8a6f14f310ac5e","name":"comunicacio","image":{"@type":"ImageObject","inLanguage":"es","@id":"https:\/\/secure.gravatar.com\/avatar\/98944333e7a877670a64f8d10f0cb680ab2c9ebc4efc43945ef004b52b5ad28c?s=96&d=mm&r=g","url":"https:\/\/secure.gravatar.com\/avatar\/98944333e7a877670a64f8d10f0cb680ab2c9ebc4efc43945ef004b52b5ad28c?s=96&d=mm&r=g","contentUrl":"https:\/\/secure.gravatar.com\/avatar\/98944333e7a877670a64f8d10f0cb680ab2c9ebc4efc43945ef004b52b5ad28c?s=96&d=mm&r=g","caption":"comunicacio"},"url":"https:\/\/mont-roig.cat\/es\/actualitat\/noticies\/author\/comunicacio\/"}]}},"_links":{"self":[{"href":"https:\/\/mont-roig.cat\/es\/wp-json\/wp\/v2\/posts\/83947","targetHints":{"allow":["GET"]}}],"collection":[{"href":"https:\/\/mont-roig.cat\/es\/wp-json\/wp\/v2\/posts"}],"about":[{"href":"https:\/\/mont-roig.cat\/es\/wp-json\/wp\/v2\/types\/post"}],"author":[{"embeddable":true,"href":"https:\/\/mont-roig.cat\/es\/wp-json\/wp\/v2\/users\/13"}],"replies":[{"embeddable":true,"href":"https:\/\/mont-roig.cat\/es\/wp-json\/wp\/v2\/comments?post=83947"}],"version-history":[{"count":3,"href":"https:\/\/mont-roig.cat\/es\/wp-json\/wp\/v2\/posts\/83947\/revisions"}],"predecessor-version":[{"id":86652,"href":"https:\/\/mont-roig.cat\/es\/wp-json\/wp\/v2\/posts\/83947\/revisions\/86652"}],"wp:featuredmedia":[{"embeddable":true,"href":"https:\/\/mont-roig.cat\/es\/wp-json\/wp\/v2\/media\/83940"}],"wp:attachment":[{"href":"https:\/\/mont-roig.cat\/es\/wp-json\/wp\/v2\/media?parent=83947"}],"wp:term":[{"taxonomy":"category","embeddable":true,"href":"https:\/\/mont-roig.cat\/es\/wp-json\/wp\/v2\/categories?post=83947"},{"taxonomy":"post_tag","embeddable":true,"href":"https:\/\/mont-roig.cat\/es\/wp-json\/wp\/v2\/tags?post=83947"}],"curies":[{"name":"wp","href":"https:\/\/api.w.org\/{rel}","templated":true}]}}