{"id":83982,"date":"2025-06-18T10:40:26","date_gmt":"2025-06-18T08:40:26","guid":{"rendered":"https:\/\/mont-roig.cat\/actualitat\/noticies\/la-piscina-municipal-de-mont-roig-del-camp-obre-portes-del-23-de-juny-a-l11-de-setembre\/"},"modified":"2025-06-18T10:45:50","modified_gmt":"2025-06-18T08:45:50","slug":"la-piscina-municipal-de-mont-roig-del-camp-abre-sus-puertas-del-23-de-junio-al-11-de-septiembre","status":"publish","type":"post","link":"https:\/\/mont-roig.cat\/es\/actualitat\/noticies\/la-piscina-municipal-de-mont-roig-del-camp-abre-sus-puertas-del-23-de-junio-al-11-de-septiembre\/","title":{"rendered":"La Piscina Municipal de Mont-roig del Camp abre sus puertas del 23 de junio al 11 de septiembre"},"content":{"rendered":"<p><strong><strong><a href=\"https:\/\/mont-roig.cat\/wp-content\/uploads\/piscina-mont-roig-1-1-1.jpeg\" target=\"_blank\" rel=\"noopener\"><img loading=\"lazy\" decoding=\"async\" class=\"alignright wp-image-83978\" src=\"https:\/\/mont-roig.cat\/wp-content\/uploads\/piscina-mont-roig-1-1-1-500x375.jpeg\" alt=\"\" width=\"301\" height=\"226\" srcset=\"https:\/\/mont-roig.cat\/wp-content\/uploads\/piscina-mont-roig-1-1-1-500x375.jpeg 500w, https:\/\/mont-roig.cat\/wp-content\/uploads\/piscina-mont-roig-1-1-1-1024x768.jpeg 1024w, https:\/\/mont-roig.cat\/wp-content\/uploads\/piscina-mont-roig-1-1-1-768x576.jpeg 768w, https:\/\/mont-roig.cat\/wp-content\/uploads\/piscina-mont-roig-1-1-1-1536x1152.jpeg 1536w, https:\/\/mont-roig.cat\/wp-content\/uploads\/piscina-mont-roig-1-1-1-463x348.jpeg 463w, https:\/\/mont-roig.cat\/wp-content\/uploads\/piscina-mont-roig-1-1-1.jpeg 1600w\" sizes=\"auto, (max-width: 301px) 100vw, 301px\" \/><\/a><\/strong><\/strong><\/p>\n<ul>\n<li data-start=\"233\" data-end=\"609\"><strong>La instalaci\u00f3n estar\u00e1 abierta cada d\u00eda con horario intensivo, manteniendo los mismos servicios y condiciones que la temporada pasada<\/strong><\/li>\n<\/ul>\n<p>La temporada de verano 2025 de la Piscina Municipal de Mont-roig del Camp empieza este lunes 23 de junio y se alargar\u00e1 hasta el 11 de septiembre, con horarios diferenciados seg\u00fan el d\u00eda de la semana para facilitar el acceso a todo el mundo:<\/p>\n<ul>\n<li data-start=\"613\" data-end=\"656\">De lunes a viernes: de 13:00 h a 20:00 h<\/li>\n<li data-start=\"613\" data-end=\"656\">S\u00e1bados, domingos y festivos: de 11:00 h a 20:00 h.<\/li>\n<\/ul>\n<p data-start=\"712\" data-end=\"1146\">Este verano, la piscina mantendr\u00e1 las mismas condiciones de funcionamiento que el a\u00f1o anterior, sin servicio de bar y con la posibilidad de adquirir entradas individuales a trav\u00e9s de la app Reservaplay. En cuanto a los abonos de temporada y los lotes de entradas, deber\u00e1n adquirirse presencialmente en el Poliesportivo de Mont-roig del Camp, dentro del siguiente horario de atenci\u00f3n al p\u00fablico (vigente del 1 de julio al 30 de agosto):<\/p>\n<ul>\n<li data-start=\"1150\" data-end=\"1192\">De lunes a viernes, de 10:30 h a 14:00 h<\/li>\n<li data-start=\"1195\" data-end=\"1236\">Jueves por la tarde, de 17:00 h a 20:00 h<\/li>\n<\/ul>\n<p data-start=\"1238\" data-end=\"1342\">Los precios para los usuarios y usuarias de la piscina municipal para el verano 2025 son los siguientes:<\/p>\n<ul>\n<li data-start=\"1346\" data-end=\"1389\">Entrada general (a partir de 4 a\u00f1os): 5 \u20ac<\/li>\n<li data-start=\"1392\" data-end=\"1445\">Entrada por la tarde (a partir de las 15:30 h): 4 \u20ac<\/li>\n<li data-start=\"1448\" data-end=\"1475\">Lote de 10 entradas: 30 \u20ac<\/li>\n<li data-start=\"1478\" data-end=\"1505\">Lote de 25 entradas: 60 \u20ac<\/li>\n<li data-start=\"1508\" data-end=\"1532\">Abono individual: 50 \u20ac<\/li>\n<li data-start=\"1535\" data-end=\"1568\">Abono individual jubilado: 40 \u20ac<\/li>\n<li data-start=\"1571\" data-end=\"1594\">Abono familiar: 120 \u20ac<\/li>\n<li data-start=\"1597\" data-end=\"1639\">Abono familiar monoparental (1 hijo): 80 \u20ac<\/li>\n<\/ul>\n<p data-start=\"1641\" data-end=\"1767\" data-is-last-node=\"\" data-is-only-node=\"\">Tambi\u00e9n se ofrecen tarifas para entidades deportivas que deseen hacer uso privado o compartido de la piscina y los vestuarios.<\/p>\n","protected":false},"excerpt":{"rendered":"<p>La instalaci\u00f3n estar\u00e1 abierta cada d\u00eda con horario intensivo, manteniendo los mismos servicios y condiciones que la temporada pasada La temporada de verano 2025 de la Piscina Municipal de Mont-roig del Camp empieza este lunes 23 de junio y se alargar\u00e1 hasta el 11 de septiembre, con horarios diferenciados seg\u00fan el d\u00eda de la semana [&hellip;]<\/p>\n","protected":false},"author":13,"featured_media":83979,"comment_status":"closed","ping_status":"closed","sticky":false,"template":"","format":"standard","meta":{"inline_featured_image":false,"_monsterinsights_skip_tracking":false,"_monsterinsights_sitenote_active":false,"_monsterinsights_sitenote_note":"","_monsterinsights_sitenote_category":0,"footnotes":""},"categories":[98,204],"tags":[],"class_list":["post-83982","post","type-post","status-publish","format-standard","has-post-thumbnail","hentry","category-ayuntamiento","category-nostreserveis-es"],"yoast_head":"<!-- This site is optimized with the Yoast SEO plugin v27.4 - https:\/\/yoast.com\/product\/yoast-seo-wordpress\/ -->\n<title>La Piscina Municipal de Mont-roig del Camp abre sus puertas del 23 de junio al 11 de septiembre - Ajuntament de Mont-roig del Camp<\/title>\n<meta name=\"robots\" content=\"index, follow, max-snippet:-1, max-image-preview:large, max-video-preview:-1\" \/>\n<link rel=\"canonical\" href=\"https:\/\/mont-roig.cat\/es\/actualitat\/noticies\/la-piscina-municipal-de-mont-roig-del-camp-abre-sus-puertas-del-23-de-junio-al-11-de-septiembre\/\" \/>\n<meta property=\"og:locale\" content=\"es_ES\" \/>\n<meta property=\"og:type\" content=\"article\" \/>\n<meta property=\"og:title\" content=\"La Piscina Municipal de Mont-roig del Camp abre sus puertas del 23 de junio al 11 de septiembre - Ajuntament de Mont-roig del Camp\" \/>\n<meta property=\"og:description\" content=\"La instalaci\u00f3n estar\u00e1 abierta cada d\u00eda con horario intensivo, manteniendo los mismos servicios y condiciones que la temporada pasada La temporada de verano 2025 de la Piscina Municipal de Mont-roig del Camp empieza este lunes 23 de junio y se alargar\u00e1 hasta el 11 de septiembre, con horarios diferenciados seg\u00fan el d\u00eda de la semana [&hellip;]\" \/>\n<meta property=\"og:url\" content=\"https:\/\/mont-roig.cat\/es\/actualitat\/noticies\/la-piscina-municipal-de-mont-roig-del-camp-abre-sus-puertas-del-23-de-junio-al-11-de-septiembre\/\" \/>\n<meta property=\"og:site_name\" content=\"Ajuntament de Mont-roig del Camp\" \/>\n<meta property=\"article:published_time\" content=\"2025-06-18T08:40:26+00:00\" \/>\n<meta property=\"article:modified_time\" content=\"2025-06-18T08:45:50+00:00\" \/>\n<meta property=\"og:image\" content=\"https:\/\/mont-roig.cat\/wp-content\/uploads\/piscina-mont-roig-1-1-1.jpeg\" \/>\n\t<meta property=\"og:image:width\" content=\"1600\" \/>\n\t<meta property=\"og:image:height\" content=\"1200\" \/>\n\t<meta property=\"og:image:type\" content=\"image\/jpeg\" \/>\n<meta name=\"author\" content=\"comunicacio\" \/>\n<meta name=\"twitter:card\" content=\"summary_large_image\" \/>\n<meta name=\"twitter:label1\" content=\"Escrito por\" \/>\n\t<meta name=\"twitter:data1\" content=\"comunicacio\" \/>\n\t<meta name=\"twitter:label2\" content=\"Tiempo de lectura\" \/>\n\t<meta name=\"twitter:data2\" content=\"2 minutos\" \/>\n<script type=\"application\/ld+json\" class=\"yoast-schema-graph\">{\"@context\":\"https:\\\/\\\/schema.org\",\"@graph\":[{\"@type\":\"Article\",\"@id\":\"https:\\\/\\\/mont-roig.cat\\\/es\\\/actualitat\\\/noticies\\\/la-piscina-municipal-de-mont-roig-del-camp-abre-sus-puertas-del-23-de-junio-al-11-de-septiembre\\\/#article\",\"isPartOf\":{\"@id\":\"https:\\\/\\\/mont-roig.cat\\\/es\\\/actualitat\\\/noticies\\\/la-piscina-municipal-de-mont-roig-del-camp-abre-sus-puertas-del-23-de-junio-al-11-de-septiembre\\\/\"},\"author\":{\"name\":\"comunicacio\",\"@id\":\"https:\\\/\\\/mont-roig.cat\\\/es\\\/#\\\/schema\\\/person\\\/1f73e7b5e6f9dd122e8a6f14f310ac5e\"},\"headline\":\"La Piscina Municipal de Mont-roig del Camp abre sus puertas del 23 de junio al 11 de septiembre\",\"datePublished\":\"2025-06-18T08:40:26+00:00\",\"dateModified\":\"2025-06-18T08:45:50+00:00\",\"mainEntityOfPage\":{\"@id\":\"https:\\\/\\\/mont-roig.cat\\\/es\\\/actualitat\\\/noticies\\\/la-piscina-municipal-de-mont-roig-del-camp-abre-sus-puertas-del-23-de-junio-al-11-de-septiembre\\\/\"},\"wordCount\":258,\"image\":{\"@id\":\"https:\\\/\\\/mont-roig.cat\\\/es\\\/actualitat\\\/noticies\\\/la-piscina-municipal-de-mont-roig-del-camp-abre-sus-puertas-del-23-de-junio-al-11-de-septiembre\\\/#primaryimage\"},\"thumbnailUrl\":\"https:\\\/\\\/mont-roig.cat\\\/wp-content\\\/uploads\\\/piscina-mont-roig-1-1-1.jpeg\",\"articleSection\":[\"Ayuntamiento\",\"Nostreserveis\"],\"inLanguage\":\"es\"},{\"@type\":\"WebPage\",\"@id\":\"https:\\\/\\\/mont-roig.cat\\\/es\\\/actualitat\\\/noticies\\\/la-piscina-municipal-de-mont-roig-del-camp-abre-sus-puertas-del-23-de-junio-al-11-de-septiembre\\\/\",\"url\":\"https:\\\/\\\/mont-roig.cat\\\/es\\\/actualitat\\\/noticies\\\/la-piscina-municipal-de-mont-roig-del-camp-abre-sus-puertas-del-23-de-junio-al-11-de-septiembre\\\/\",\"name\":\"La Piscina Municipal de Mont-roig del Camp abre sus puertas del 23 de junio al 11 de septiembre - Ajuntament de Mont-roig del Camp\",\"isPartOf\":{\"@id\":\"https:\\\/\\\/mont-roig.cat\\\/es\\\/#website\"},\"primaryImageOfPage\":{\"@id\":\"https:\\\/\\\/mont-roig.cat\\\/es\\\/actualitat\\\/noticies\\\/la-piscina-municipal-de-mont-roig-del-camp-abre-sus-puertas-del-23-de-junio-al-11-de-septiembre\\\/#primaryimage\"},\"image\":{\"@id\":\"https:\\\/\\\/mont-roig.cat\\\/es\\\/actualitat\\\/noticies\\\/la-piscina-municipal-de-mont-roig-del-camp-abre-sus-puertas-del-23-de-junio-al-11-de-septiembre\\\/#primaryimage\"},\"thumbnailUrl\":\"https:\\\/\\\/mont-roig.cat\\\/wp-content\\\/uploads\\\/piscina-mont-roig-1-1-1.jpeg\",\"datePublished\":\"2025-06-18T08:40:26+00:00\",\"dateModified\":\"2025-06-18T08:45:50+00:00\",\"author\":{\"@id\":\"https:\\\/\\\/mont-roig.cat\\\/es\\\/#\\\/schema\\\/person\\\/1f73e7b5e6f9dd122e8a6f14f310ac5e\"},\"breadcrumb\":{\"@id\":\"https:\\\/\\\/mont-roig.cat\\\/es\\\/actualitat\\\/noticies\\\/la-piscina-municipal-de-mont-roig-del-camp-abre-sus-puertas-del-23-de-junio-al-11-de-septiembre\\\/#breadcrumb\"},\"inLanguage\":\"es\",\"potentialAction\":[{\"@type\":\"ReadAction\",\"target\":[\"https:\\\/\\\/mont-roig.cat\\\/es\\\/actualitat\\\/noticies\\\/la-piscina-municipal-de-mont-roig-del-camp-abre-sus-puertas-del-23-de-junio-al-11-de-septiembre\\\/\"]}]},{\"@type\":\"ImageObject\",\"inLanguage\":\"es\",\"@id\":\"https:\\\/\\\/mont-roig.cat\\\/es\\\/actualitat\\\/noticies\\\/la-piscina-municipal-de-mont-roig-del-camp-abre-sus-puertas-del-23-de-junio-al-11-de-septiembre\\\/#primaryimage\",\"url\":\"https:\\\/\\\/mont-roig.cat\\\/wp-content\\\/uploads\\\/piscina-mont-roig-1-1-1.jpeg\",\"contentUrl\":\"https:\\\/\\\/mont-roig.cat\\\/wp-content\\\/uploads\\\/piscina-mont-roig-1-1-1.jpeg\",\"width\":1600,\"height\":1200},{\"@type\":\"BreadcrumbList\",\"@id\":\"https:\\\/\\\/mont-roig.cat\\\/es\\\/actualitat\\\/noticies\\\/la-piscina-municipal-de-mont-roig-del-camp-abre-sus-puertas-del-23-de-junio-al-11-de-septiembre\\\/#breadcrumb\",\"itemListElement\":[{\"@type\":\"ListItem\",\"position\":1,\"name\":\"Inici\",\"item\":\"https:\\\/\\\/mont-roig.cat\\\/es\\\/pagina-de-inicio\\\/\"},{\"@type\":\"ListItem\",\"position\":2,\"name\":\"La Piscina Municipal de Mont-roig del Camp abre sus puertas del 23 de junio al 11 de septiembre\"}]},{\"@type\":\"WebSite\",\"@id\":\"https:\\\/\\\/mont-roig.cat\\\/es\\\/#website\",\"url\":\"https:\\\/\\\/mont-roig.cat\\\/es\\\/\",\"name\":\"Ajuntament de Mont-roig del Camp\",\"description\":\"Tota la informaci\u00f3 sobre la instituci\u00f3, els seus \u00f2rgans de govern, actualitat, serveis i molt m\u00e9s.\",\"potentialAction\":[{\"@type\":\"SearchAction\",\"target\":{\"@type\":\"EntryPoint\",\"urlTemplate\":\"https:\\\/\\\/mont-roig.cat\\\/es\\\/?s={search_term_string}\"},\"query-input\":{\"@type\":\"PropertyValueSpecification\",\"valueRequired\":true,\"valueName\":\"search_term_string\"}}],\"inLanguage\":\"es\"},{\"@type\":\"Person\",\"@id\":\"https:\\\/\\\/mont-roig.cat\\\/es\\\/#\\\/schema\\\/person\\\/1f73e7b5e6f9dd122e8a6f14f310ac5e\",\"name\":\"comunicacio\",\"image\":{\"@type\":\"ImageObject\",\"inLanguage\":\"es\",\"@id\":\"https:\\\/\\\/secure.gravatar.com\\\/avatar\\\/98944333e7a877670a64f8d10f0cb680ab2c9ebc4efc43945ef004b52b5ad28c?s=96&d=mm&r=g\",\"url\":\"https:\\\/\\\/secure.gravatar.com\\\/avatar\\\/98944333e7a877670a64f8d10f0cb680ab2c9ebc4efc43945ef004b52b5ad28c?s=96&d=mm&r=g\",\"contentUrl\":\"https:\\\/\\\/secure.gravatar.com\\\/avatar\\\/98944333e7a877670a64f8d10f0cb680ab2c9ebc4efc43945ef004b52b5ad28c?s=96&d=mm&r=g\",\"caption\":\"comunicacio\"},\"url\":\"https:\\\/\\\/mont-roig.cat\\\/es\\\/actualitat\\\/noticies\\\/author\\\/comunicacio\\\/\"}]}<\/script>\n<!-- \/ Yoast SEO plugin. -->","yoast_head_json":{"title":"La Piscina Municipal de Mont-roig del Camp abre sus puertas del 23 de junio al 11 de septiembre - Ajuntament de Mont-roig del Camp","robots":{"index":"index","follow":"follow","max-snippet":"max-snippet:-1","max-image-preview":"max-image-preview:large","max-video-preview":"max-video-preview:-1"},"canonical":"https:\/\/mont-roig.cat\/es\/actualitat\/noticies\/la-piscina-municipal-de-mont-roig-del-camp-abre-sus-puertas-del-23-de-junio-al-11-de-septiembre\/","og_locale":"es_ES","og_type":"article","og_title":"La Piscina Municipal de Mont-roig del Camp abre sus puertas del 23 de junio al 11 de septiembre - Ajuntament de Mont-roig del Camp","og_description":"La instalaci\u00f3n estar\u00e1 abierta cada d\u00eda con horario intensivo, manteniendo los mismos servicios y condiciones que la temporada pasada La temporada de verano 2025 de la Piscina Municipal de Mont-roig del Camp empieza este lunes 23 de junio y se alargar\u00e1 hasta el 11 de septiembre, con horarios diferenciados seg\u00fan el d\u00eda de la semana [&hellip;]","og_url":"https:\/\/mont-roig.cat\/es\/actualitat\/noticies\/la-piscina-municipal-de-mont-roig-del-camp-abre-sus-puertas-del-23-de-junio-al-11-de-septiembre\/","og_site_name":"Ajuntament de Mont-roig del Camp","article_published_time":"2025-06-18T08:40:26+00:00","article_modified_time":"2025-06-18T08:45:50+00:00","og_image":[{"width":1600,"height":1200,"url":"https:\/\/mont-roig.cat\/wp-content\/uploads\/piscina-mont-roig-1-1-1.jpeg","type":"image\/jpeg"}],"author":"comunicacio","twitter_card":"summary_large_image","twitter_misc":{"Escrito por":"comunicacio","Tiempo de lectura":"2 minutos"},"schema":{"@context":"https:\/\/schema.org","@graph":[{"@type":"Article","@id":"https:\/\/mont-roig.cat\/es\/actualitat\/noticies\/la-piscina-municipal-de-mont-roig-del-camp-abre-sus-puertas-del-23-de-junio-al-11-de-septiembre\/#article","isPartOf":{"@id":"https:\/\/mont-roig.cat\/es\/actualitat\/noticies\/la-piscina-municipal-de-mont-roig-del-camp-abre-sus-puertas-del-23-de-junio-al-11-de-septiembre\/"},"author":{"name":"comunicacio","@id":"https:\/\/mont-roig.cat\/es\/#\/schema\/person\/1f73e7b5e6f9dd122e8a6f14f310ac5e"},"headline":"La Piscina Municipal de Mont-roig del Camp abre sus puertas del 23 de junio al 11 de septiembre","datePublished":"2025-06-18T08:40:26+00:00","dateModified":"2025-06-18T08:45:50+00:00","mainEntityOfPage":{"@id":"https:\/\/mont-roig.cat\/es\/actualitat\/noticies\/la-piscina-municipal-de-mont-roig-del-camp-abre-sus-puertas-del-23-de-junio-al-11-de-septiembre\/"},"wordCount":258,"image":{"@id":"https:\/\/mont-roig.cat\/es\/actualitat\/noticies\/la-piscina-municipal-de-mont-roig-del-camp-abre-sus-puertas-del-23-de-junio-al-11-de-septiembre\/#primaryimage"},"thumbnailUrl":"https:\/\/mont-roig.cat\/wp-content\/uploads\/piscina-mont-roig-1-1-1.jpeg","articleSection":["Ayuntamiento","Nostreserveis"],"inLanguage":"es"},{"@type":"WebPage","@id":"https:\/\/mont-roig.cat\/es\/actualitat\/noticies\/la-piscina-municipal-de-mont-roig-del-camp-abre-sus-puertas-del-23-de-junio-al-11-de-septiembre\/","url":"https:\/\/mont-roig.cat\/es\/actualitat\/noticies\/la-piscina-municipal-de-mont-roig-del-camp-abre-sus-puertas-del-23-de-junio-al-11-de-septiembre\/","name":"La Piscina Municipal de Mont-roig del Camp abre sus puertas del 23 de junio al 11 de septiembre - Ajuntament de Mont-roig del Camp","isPartOf":{"@id":"https:\/\/mont-roig.cat\/es\/#website"},"primaryImageOfPage":{"@id":"https:\/\/mont-roig.cat\/es\/actualitat\/noticies\/la-piscina-municipal-de-mont-roig-del-camp-abre-sus-puertas-del-23-de-junio-al-11-de-septiembre\/#primaryimage"},"image":{"@id":"https:\/\/mont-roig.cat\/es\/actualitat\/noticies\/la-piscina-municipal-de-mont-roig-del-camp-abre-sus-puertas-del-23-de-junio-al-11-de-septiembre\/#primaryimage"},"thumbnailUrl":"https:\/\/mont-roig.cat\/wp-content\/uploads\/piscina-mont-roig-1-1-1.jpeg","datePublished":"2025-06-18T08:40:26+00:00","dateModified":"2025-06-18T08:45:50+00:00","author":{"@id":"https:\/\/mont-roig.cat\/es\/#\/schema\/person\/1f73e7b5e6f9dd122e8a6f14f310ac5e"},"breadcrumb":{"@id":"https:\/\/mont-roig.cat\/es\/actualitat\/noticies\/la-piscina-municipal-de-mont-roig-del-camp-abre-sus-puertas-del-23-de-junio-al-11-de-septiembre\/#breadcrumb"},"inLanguage":"es","potentialAction":[{"@type":"ReadAction","target":["https:\/\/mont-roig.cat\/es\/actualitat\/noticies\/la-piscina-municipal-de-mont-roig-del-camp-abre-sus-puertas-del-23-de-junio-al-11-de-septiembre\/"]}]},{"@type":"ImageObject","inLanguage":"es","@id":"https:\/\/mont-roig.cat\/es\/actualitat\/noticies\/la-piscina-municipal-de-mont-roig-del-camp-abre-sus-puertas-del-23-de-junio-al-11-de-septiembre\/#primaryimage","url":"https:\/\/mont-roig.cat\/wp-content\/uploads\/piscina-mont-roig-1-1-1.jpeg","contentUrl":"https:\/\/mont-roig.cat\/wp-content\/uploads\/piscina-mont-roig-1-1-1.jpeg","width":1600,"height":1200},{"@type":"BreadcrumbList","@id":"https:\/\/mont-roig.cat\/es\/actualitat\/noticies\/la-piscina-municipal-de-mont-roig-del-camp-abre-sus-puertas-del-23-de-junio-al-11-de-septiembre\/#breadcrumb","itemListElement":[{"@type":"ListItem","position":1,"name":"Inici","item":"https:\/\/mont-roig.cat\/es\/pagina-de-inicio\/"},{"@type":"ListItem","position":2,"name":"La Piscina Municipal de Mont-roig del Camp abre sus puertas del 23 de junio al 11 de septiembre"}]},{"@type":"WebSite","@id":"https:\/\/mont-roig.cat\/es\/#website","url":"https:\/\/mont-roig.cat\/es\/","name":"Ajuntament de Mont-roig del Camp","description":"Tota la informaci\u00f3 sobre la instituci\u00f3, els seus \u00f2rgans de govern, actualitat, serveis i molt m\u00e9s.","potentialAction":[{"@type":"SearchAction","target":{"@type":"EntryPoint","urlTemplate":"https:\/\/mont-roig.cat\/es\/?s={search_term_string}"},"query-input":{"@type":"PropertyValueSpecification","valueRequired":true,"valueName":"search_term_string"}}],"inLanguage":"es"},{"@type":"Person","@id":"https:\/\/mont-roig.cat\/es\/#\/schema\/person\/1f73e7b5e6f9dd122e8a6f14f310ac5e","name":"comunicacio","image":{"@type":"ImageObject","inLanguage":"es","@id":"https:\/\/secure.gravatar.com\/avatar\/98944333e7a877670a64f8d10f0cb680ab2c9ebc4efc43945ef004b52b5ad28c?s=96&d=mm&r=g","url":"https:\/\/secure.gravatar.com\/avatar\/98944333e7a877670a64f8d10f0cb680ab2c9ebc4efc43945ef004b52b5ad28c?s=96&d=mm&r=g","contentUrl":"https:\/\/secure.gravatar.com\/avatar\/98944333e7a877670a64f8d10f0cb680ab2c9ebc4efc43945ef004b52b5ad28c?s=96&d=mm&r=g","caption":"comunicacio"},"url":"https:\/\/mont-roig.cat\/es\/actualitat\/noticies\/author\/comunicacio\/"}]}},"_links":{"self":[{"href":"https:\/\/mont-roig.cat\/es\/wp-json\/wp\/v2\/posts\/83982","targetHints":{"allow":["GET"]}}],"collection":[{"href":"https:\/\/mont-roig.cat\/es\/wp-json\/wp\/v2\/posts"}],"about":[{"href":"https:\/\/mont-roig.cat\/es\/wp-json\/wp\/v2\/types\/post"}],"author":[{"embeddable":true,"href":"https:\/\/mont-roig.cat\/es\/wp-json\/wp\/v2\/users\/13"}],"replies":[{"embeddable":true,"href":"https:\/\/mont-roig.cat\/es\/wp-json\/wp\/v2\/comments?post=83982"}],"version-history":[{"count":3,"href":"https:\/\/mont-roig.cat\/es\/wp-json\/wp\/v2\/posts\/83982\/revisions"}],"predecessor-version":[{"id":83985,"href":"https:\/\/mont-roig.cat\/es\/wp-json\/wp\/v2\/posts\/83982\/revisions\/83985"}],"wp:featuredmedia":[{"embeddable":true,"href":"https:\/\/mont-roig.cat\/es\/wp-json\/wp\/v2\/media\/83979"}],"wp:attachment":[{"href":"https:\/\/mont-roig.cat\/es\/wp-json\/wp\/v2\/media?parent=83982"}],"wp:term":[{"taxonomy":"category","embeddable":true,"href":"https:\/\/mont-roig.cat\/es\/wp-json\/wp\/v2\/categories?post=83982"},{"taxonomy":"post_tag","embeddable":true,"href":"https:\/\/mont-roig.cat\/es\/wp-json\/wp\/v2\/tags?post=83982"}],"curies":[{"name":"wp","href":"https:\/\/api.w.org\/{rel}","templated":true}]}}