{"id":84009,"date":"2025-06-18T19:04:49","date_gmt":"2025-06-18T17:04:49","guid":{"rendered":"https:\/\/mont-roig.cat\/actualitat\/noticies\/les-tres-escoles-del-municipi-celebren-la-vuitena-trobada-ludic-esportiva\/"},"modified":"2025-06-18T19:11:32","modified_gmt":"2025-06-18T17:11:32","slug":"las-tres-escuelas-del-municipio-celebran-el-octavo-encuentro-ludico-deportivo","status":"publish","type":"post","link":"https:\/\/mont-roig.cat\/es\/actualitat\/noticies\/las-tres-escuelas-del-municipio-celebran-el-octavo-encuentro-ludico-deportivo\/","title":{"rendered":"Las tres escuelas del municipio celebran el octavo Encuentro L\u00fadico Deportivo"},"content":{"rendered":"<p><strong><strong><a href=\"https:\/\/mont-roig.cat\/wp-content\/uploads\/Rdvols-4.jpeg\" target=\"_blank\" rel=\"noopener\"><img loading=\"lazy\" decoding=\"async\" class=\"alignright wp-image-83989\" src=\"https:\/\/mont-roig.cat\/wp-content\/uploads\/Rdvols-4-500x375.jpeg\" alt=\"\" width=\"299\" height=\"224\" srcset=\"https:\/\/mont-roig.cat\/wp-content\/uploads\/Rdvols-4-500x375.jpeg 500w, https:\/\/mont-roig.cat\/wp-content\/uploads\/Rdvols-4-1024x768.jpeg 1024w, https:\/\/mont-roig.cat\/wp-content\/uploads\/Rdvols-4-768x576.jpeg 768w, https:\/\/mont-roig.cat\/wp-content\/uploads\/Rdvols-4-1536x1152.jpeg 1536w, https:\/\/mont-roig.cat\/wp-content\/uploads\/Rdvols-4-463x348.jpeg 463w, https:\/\/mont-roig.cat\/wp-content\/uploads\/Rdvols-4.jpeg 2000w\" sizes=\"auto, (max-width: 299px) 100vw, 299px\" \/><\/a><\/strong><\/strong><\/p>\n<ul>\n<li data-start=\"225\" data-end=\"402\"><strong>M\u00e1s de 120 alumnos de 6.\u00ba de primaria se han reunido en el polideportivo de Miami Platja para promover la cohesi\u00f3n, la convivencia y los valores a trav\u00e9s del juego y el deporte<\/strong><\/li>\n<\/ul>\n<p data-start=\"404\" data-end=\"729\">Las instalaciones deportivas de Miami Platja han acogido esta ma\u00f1ana la octava edici\u00f3n del Encuentro L\u00fadico Deportivo del municipio, con la participaci\u00f3n de 124 alumnos de 6\u00ba de primaria de las tres escuelas Mare de D\u00e9u de la Roca de Mont-roig del Camp, Joan Mir\u00f3 y Marcel\u00b7l\u00ed Esquius de Miami Platja.<\/p>\n<p data-start=\"731\" data-end=\"1122\">El alcalde de Mont-roig del Camp, Fran Morancho, ha dado la bienvenida al alumnado acompa\u00f1ado por la concejala de Educaci\u00f3n, Elvira Montagut, y el concejal de Deportes, Miquel Del Viso, as\u00ed como otros concejales y concejalas del consistorio. Tambi\u00e9n han estado presentes los equipos docentes de educaci\u00f3n f\u00edsica y miembros de los equipos directivos de los centros educativos.<\/p>\n<p data-start=\"1124\" data-end=\"1592\">La actividad, organizada por el profesorado de Educaci\u00f3n F\u00edsica con el apoyo del Pla Educatiu d\u2019Entorn del Ajuntament de Mont-roig del Camp, tiene como objetivo fomentar la cohesi\u00f3n social, la convivencia y los v\u00ednculos entre escuelas y alumnado antes de su paso a la educaci\u00f3n secundaria. Este encuentro facilita que los ni\u00f1os y ni\u00f1as se conozcan y compartan experiencias en una jornada l\u00fadica y significativa, reforzando la comunidad educativa del municipio.<\/p>\n<p data-start=\"1594\" data-end=\"1642\"><strong data-start=\"1594\" data-end=\"1642\">Deporte, juego y valores con la mascota Momi<\/strong><\/p>\n<p data-start=\"1644\" data-end=\"2040\">Los ni\u00f1os y ni\u00f1as han participado a lo largo de la ma\u00f1ana en diversas estaciones de juegos y actividades deportivas dise\u00f1adas para promover valores como el trabajo en equipo, la inclusi\u00f3n y el respeto. La jornada ha estado amenizada por la presencia de laMomi, la mascota infantil de Mont-roig del Camp y Miami Platja, que ha aportado un toque de alegr\u00eda y entusiasmo a la actividad.<\/p>\n<p data-start=\"2042\" data-end=\"2256\">Tanto el equipo docente como el alumnado han valorado muy positivamente la jornada, destac\u00e1ndola como una oportunidad enriquecedora para vivir una experiencia compartida en un momento clave de transici\u00f3n educativa.<\/p>\n\n\t\t<!-- MasterSlider -->\n\t\t<div id=\"P_MS69f4637030c0a\" class=\"master-slider-parent master-slider-gallery   ms-parent-id-0\"  >\n\n\t\t\t\n\t\t\t<!-- MasterSlider Main -->\n\t\t\t<div id=\"MS69f4637030c0a\" class=\"master-slider ms-skin-default\" >\n\t\t\t\t \t\t\t\t \n\t\t\t<div  class=\"ms-slide\" data-delay=\"3\"    >\n\t\t\t\t\t<img decoding=\"async\" src=\"https:\/\/mont-roig.cat\/wp-content\/plugins\/masterslider\/public\/assets\/css\/blank.gif\" alt=\"Escola 5\" title=\"Escola 5\" data-src=\"https:\/\/mont-roig.cat\/wp-content\/uploadsArray\" \/>\n\t<a href=\"http:\/\/Array\" target=\"_self\"    >Escola 5<\/a>\n\n\t\t\t\t\t<div class=\"ms-info\">Escola 5<\/div>\n\n\n\t<img decoding=\"async\" class=\"ms-thumb\" src=\"https:\/\/mont-roig.cat\/wp-content\/uploadsArray\" alt=\"Escola 5\" \/>\n\t\t\t\t<\/div>\n\t\t\t<div  class=\"ms-slide\" data-delay=\"3\"    >\n\t\t\t\t\t<img decoding=\"async\" src=\"https:\/\/mont-roig.cat\/wp-content\/plugins\/masterslider\/public\/assets\/css\/blank.gif\" alt=\"Escola1\" title=\"Escola1\" data-src=\"https:\/\/mont-roig.cat\/wp-content\/uploadsArray\" \/>\n\t<a href=\"http:\/\/Array\" target=\"_self\"    >Escola1<\/a>\n\n\t\t\t\t\t<div class=\"ms-info\">Escola1<\/div>\n\n\n\t<img decoding=\"async\" class=\"ms-thumb\" src=\"https:\/\/mont-roig.cat\/wp-content\/uploadsArray\" alt=\"Escola1\" \/>\n\t\t\t\t<\/div>\n\t\t\t<div  class=\"ms-slide\" data-delay=\"3\"    >\n\t\t\t\t\t<img decoding=\"async\" src=\"https:\/\/mont-roig.cat\/wp-content\/plugins\/masterslider\/public\/assets\/css\/blank.gif\" alt=\"Escola 8\" title=\"Escola 8\" data-src=\"https:\/\/mont-roig.cat\/wp-content\/uploadsArray\" \/>\n\t<a href=\"http:\/\/Array\" target=\"_self\"    >Escola 8<\/a>\n\n\t\t\t\t\t<div class=\"ms-info\">Escola 8<\/div>\n\n\n\t<img decoding=\"async\" class=\"ms-thumb\" src=\"https:\/\/mont-roig.cat\/wp-content\/uploadsArray\" alt=\"Escola 8\" \/>\n\t\t\t\t<\/div>\n\t\t\t<div  class=\"ms-slide\" data-delay=\"3\"    >\n\t\t\t\t\t<img decoding=\"async\" src=\"https:\/\/mont-roig.cat\/wp-content\/plugins\/masterslider\/public\/assets\/css\/blank.gif\" alt=\"Escola 6\" title=\"Escola 6\" data-src=\"https:\/\/mont-roig.cat\/wp-content\/uploadsArray\" \/>\n\t<a href=\"http:\/\/Array\" target=\"_self\"    >Escola 6<\/a>\n\n\t\t\t\t\t<div class=\"ms-info\">Escola 6<\/div>\n\n\n\t<img decoding=\"async\" class=\"ms-thumb\" src=\"https:\/\/mont-roig.cat\/wp-content\/uploadsArray\" alt=\"Escola 6\" \/>\n\t\t\t\t<\/div>\n\t\t\t<div  class=\"ms-slide\" data-delay=\"3\"    >\n\t\t\t\t\t<img decoding=\"async\" src=\"https:\/\/mont-roig.cat\/wp-content\/plugins\/masterslider\/public\/assets\/css\/blank.gif\" alt=\"Escola7\" title=\"Escola7\" data-src=\"https:\/\/mont-roig.cat\/wp-content\/uploadsArray\" \/>\n\t<a href=\"http:\/\/Array\" target=\"_self\"    >Escola7<\/a>\n\n\t\t\t\t\t<div class=\"ms-info\">Escola7<\/div>\n\n\n\t<img decoding=\"async\" class=\"ms-thumb\" src=\"https:\/\/mont-roig.cat\/wp-content\/uploadsArray\" alt=\"Escola7\" \/>\n\t\t\t\t<\/div>\n\t\t\t<div  class=\"ms-slide\" data-delay=\"3\"    >\n\t\t\t\t\t<img decoding=\"async\" src=\"https:\/\/mont-roig.cat\/wp-content\/plugins\/masterslider\/public\/assets\/css\/blank.gif\" alt=\"Rdvols 4\" title=\"Rdvols 4\" data-src=\"https:\/\/mont-roig.cat\/wp-content\/uploadsArray\" \/>\n\t<a href=\"http:\/\/Array\" target=\"_self\"    >Rdvols 4<\/a>\n\n\t\t\t\t\t<div class=\"ms-info\">Rdvols 4<\/div>\n\n\n\t<img decoding=\"async\" class=\"ms-thumb\" src=\"https:\/\/mont-roig.cat\/wp-content\/uploadsArray\" alt=\"Rdvols 4\" \/>\n\t\t\t\t<\/div>\n\t\t\t<div  class=\"ms-slide\" data-delay=\"3\"    >\n\t\t\t\t\t<img decoding=\"async\" src=\"https:\/\/mont-roig.cat\/wp-content\/plugins\/masterslider\/public\/assets\/css\/blank.gif\" alt=\"Escola2\" title=\"Escola2\" data-src=\"https:\/\/mont-roig.cat\/wp-content\/uploadsArray\" \/>\n\t<a href=\"http:\/\/Array\" target=\"_self\"    >Escola2<\/a>\n\n\t\t\t\t\t<div class=\"ms-info\">Escola2<\/div>\n\n\n\t<img decoding=\"async\" class=\"ms-thumb\" src=\"https:\/\/mont-roig.cat\/wp-content\/uploadsArray\" alt=\"Escola2\" \/>\n\t\t\t\t<\/div>\n\t\t\t<div  class=\"ms-slide\" data-delay=\"3\"    >\n\t\t\t\t\t<img decoding=\"async\" src=\"https:\/\/mont-roig.cat\/wp-content\/plugins\/masterslider\/public\/assets\/css\/blank.gif\" alt=\"Escola 3\" title=\"Escola 3\" data-src=\"https:\/\/mont-roig.cat\/wp-content\/uploadsArray\" \/>\n\t<a href=\"http:\/\/Array\" target=\"_self\"    >Escola 3<\/a>\n\n\t\t\t\t\t<div class=\"ms-info\">Escola 3<\/div>\n\n\n\t<img decoding=\"async\" class=\"ms-thumb\" src=\"https:\/\/mont-roig.cat\/wp-content\/uploadsArray\" alt=\"Escola 3\" \/>\n\t\t\t\t<\/div>\n\n\t\t\t<\/div>\n\t\t\t<!-- END MasterSlider Main -->\n\n\t\t\t \n\t\t<\/div>\n\t\t<!-- END MasterSlider -->\n\n\t\t<script>\n\t\t( window.MSReady = window.MSReady || [] ).push( function( $ ) {\n\n\t\t\t\"use strict\";\n\t\t\tvar masterslider_0c0a = new MasterSlider();\n\n\t\t\t\/\/ slider controls\n\t\t\tmasterslider_0c0a.control('arrows'     ,{ autohide:true, overVideo:true  });\n\t\t\tmasterslider_0c0a.control('thumblist'  ,{ autohide:false, overVideo:true, dir:'h', speed:17, inset:false, arrows:false, hover:false, customClass:'', align:'bottom',type:'thumbs', margin:2, width:140, height:80, space:2, fillMode:'fill'  });\n\t\t\tmasterslider_0c0a.control('slideinfo'  ,{ autohide:true, overVideo:true, dir:'h', align:'bottom',inset:true , margin:80  , size:30 });\n\t\t\t\/\/ slider setup\n\t\t\tmasterslider_0c0a.setup(\"MS69f4637030c0a\", {\n\t\t\t\twidth           : 960,\n\t\t\t\theight          : 540,\n\t\t\t\tminHeight       : 0,\n\t\t\t\tspace           : 0,\n\t\t\t\tstart           : 1,\n\t\t\t\tgrabCursor      : true,\n\t\t\t\tswipe           : true,\n\t\t\t\tmouse           : true,\n\t\t\t\tkeyboard        : false,\n\t\t\t\tlayout          : \"fillwidth\",\n\t\t\t\twheel           : false,\n\t\t\t\tautoplay        : false,\n                instantStartLayers:false,\n\t\t\t\tmobileBGVideo:false,\n\t\t\t\tloop            : false,\n\t\t\t\tshuffle         : false,\n\t\t\t\tpreload         : 3,\n\t\t\t\theightLimit     : false,\n\t\t\t\tautoHeight      : false,\n\t\t\t\tsmoothHeight    : true,\n\t\t\t\tendPause        : false,\n\t\t\t\toverPause       : false,\n\t\t\t\tfillMode        : \"fill\",\n\t\t\t\tcenterControls  : true,\n\t\t\t\tstartOnAppear   : false,\n\t\t\t\tlayersMode      : \"center\",\n\t\t\t\tautofillTarget  : \"\",\n\t\t\t\thideLayers      : false,\n\t\t\t\tfullscreenMargin: 0,\n\t\t\t\tspeed           : 17,\n\t\t\t\tdir             : \"h\",\n\t\t\t\tparallaxMode    : 'swipe',\n\t\t\t\tview            : \"basic\"\n\t\t\t});\n\n\t\t\t\n\t\t\twindow.masterslider_instances = window.masterslider_instances || [];\n\t\t\twindow.masterslider_instances.push( masterslider_0c0a );\n\t\t});\n\t\t<\/script>\n\n\n","protected":false},"excerpt":{"rendered":"<p>M\u00e1s de 120 alumnos de 6.\u00ba de primaria se han reunido en el polideportivo de Miami Platja para promover la cohesi\u00f3n, la convivencia y los valores a trav\u00e9s del juego y el deporte Las instalaciones deportivas de Miami Platja han acogido esta ma\u00f1ana la octava edici\u00f3n del Encuentro L\u00fadico Deportivo del municipio, con la participaci\u00f3n [&hellip;]<\/p>\n","protected":false},"author":13,"featured_media":83990,"comment_status":"closed","ping_status":"closed","sticky":false,"template":"","format":"standard","meta":{"inline_featured_image":false,"_monsterinsights_skip_tracking":false,"_monsterinsights_sitenote_active":false,"_monsterinsights_sitenote_note":"","_monsterinsights_sitenote_category":0,"footnotes":""},"categories":[98,104,103],"tags":[],"class_list":["post-84009","post","type-post","status-publish","format-standard","has-post-thumbnail","hentry","category-ayuntamiento","category-deportes","category-educacion"],"yoast_head":"<!-- This site is optimized with the Yoast SEO plugin v27.4 - https:\/\/yoast.com\/product\/yoast-seo-wordpress\/ -->\n<title>Las tres escuelas del municipio celebran el octavo Encuentro L\u00fadico Deportivo - Ajuntament de Mont-roig del Camp<\/title>\n<meta name=\"robots\" content=\"index, follow, max-snippet:-1, max-image-preview:large, max-video-preview:-1\" \/>\n<link rel=\"canonical\" href=\"https:\/\/mont-roig.cat\/es\/actualitat\/noticies\/las-tres-escuelas-del-municipio-celebran-el-octavo-encuentro-ludico-deportivo\/\" \/>\n<meta property=\"og:locale\" content=\"es_ES\" \/>\n<meta property=\"og:type\" content=\"article\" \/>\n<meta property=\"og:title\" content=\"Las tres escuelas del municipio celebran el octavo Encuentro L\u00fadico Deportivo - Ajuntament de Mont-roig del Camp\" \/>\n<meta property=\"og:description\" content=\"M\u00e1s de 120 alumnos de 6.\u00ba de primaria se han reunido en el polideportivo de Miami Platja para promover la cohesi\u00f3n, la convivencia y los valores a trav\u00e9s del juego y el deporte Las instalaciones deportivas de Miami Platja han acogido esta ma\u00f1ana la octava edici\u00f3n del Encuentro L\u00fadico Deportivo del municipio, con la participaci\u00f3n [&hellip;]\" \/>\n<meta property=\"og:url\" content=\"https:\/\/mont-roig.cat\/es\/actualitat\/noticies\/las-tres-escuelas-del-municipio-celebran-el-octavo-encuentro-ludico-deportivo\/\" \/>\n<meta property=\"og:site_name\" content=\"Ajuntament de Mont-roig del Camp\" \/>\n<meta property=\"article:published_time\" content=\"2025-06-18T17:04:49+00:00\" \/>\n<meta property=\"article:modified_time\" content=\"2025-06-18T17:11:32+00:00\" \/>\n<meta property=\"og:image\" content=\"https:\/\/mont-roig.cat\/wp-content\/uploads\/Rdvols-4.jpeg\" \/>\n\t<meta property=\"og:image:width\" content=\"2000\" \/>\n\t<meta property=\"og:image:height\" content=\"1500\" \/>\n\t<meta property=\"og:image:type\" content=\"image\/jpeg\" \/>\n<meta name=\"author\" content=\"comunicacio\" \/>\n<meta name=\"twitter:card\" content=\"summary_large_image\" \/>\n<meta name=\"twitter:label1\" content=\"Escrito por\" \/>\n\t<meta name=\"twitter:data1\" content=\"comunicacio\" \/>\n\t<meta name=\"twitter:label2\" content=\"Tiempo de lectura\" \/>\n\t<meta name=\"twitter:data2\" content=\"3 minutos\" \/>\n<script type=\"application\/ld+json\" class=\"yoast-schema-graph\">{\"@context\":\"https:\\\/\\\/schema.org\",\"@graph\":[{\"@type\":\"Article\",\"@id\":\"https:\\\/\\\/mont-roig.cat\\\/es\\\/actualitat\\\/noticies\\\/las-tres-escuelas-del-municipio-celebran-el-octavo-encuentro-ludico-deportivo\\\/#article\",\"isPartOf\":{\"@id\":\"https:\\\/\\\/mont-roig.cat\\\/es\\\/actualitat\\\/noticies\\\/las-tres-escuelas-del-municipio-celebran-el-octavo-encuentro-ludico-deportivo\\\/\"},\"author\":{\"name\":\"comunicacio\",\"@id\":\"https:\\\/\\\/mont-roig.cat\\\/es\\\/#\\\/schema\\\/person\\\/1f73e7b5e6f9dd122e8a6f14f310ac5e\"},\"headline\":\"Las tres escuelas del municipio celebran el octavo Encuentro L\u00fadico Deportivo\",\"datePublished\":\"2025-06-18T17:04:49+00:00\",\"dateModified\":\"2025-06-18T17:11:32+00:00\",\"mainEntityOfPage\":{\"@id\":\"https:\\\/\\\/mont-roig.cat\\\/es\\\/actualitat\\\/noticies\\\/las-tres-escuelas-del-municipio-celebran-el-octavo-encuentro-ludico-deportivo\\\/\"},\"wordCount\":366,\"image\":{\"@id\":\"https:\\\/\\\/mont-roig.cat\\\/es\\\/actualitat\\\/noticies\\\/las-tres-escuelas-del-municipio-celebran-el-octavo-encuentro-ludico-deportivo\\\/#primaryimage\"},\"thumbnailUrl\":\"https:\\\/\\\/mont-roig.cat\\\/wp-content\\\/uploads\\\/Rdvols-4.jpeg\",\"articleSection\":[\"Ayuntamiento\",\"Deportes\",\"Educaci\u00f3n\"],\"inLanguage\":\"es\"},{\"@type\":\"WebPage\",\"@id\":\"https:\\\/\\\/mont-roig.cat\\\/es\\\/actualitat\\\/noticies\\\/las-tres-escuelas-del-municipio-celebran-el-octavo-encuentro-ludico-deportivo\\\/\",\"url\":\"https:\\\/\\\/mont-roig.cat\\\/es\\\/actualitat\\\/noticies\\\/las-tres-escuelas-del-municipio-celebran-el-octavo-encuentro-ludico-deportivo\\\/\",\"name\":\"Las tres escuelas del municipio celebran el octavo Encuentro L\u00fadico Deportivo - Ajuntament de Mont-roig del Camp\",\"isPartOf\":{\"@id\":\"https:\\\/\\\/mont-roig.cat\\\/es\\\/#website\"},\"primaryImageOfPage\":{\"@id\":\"https:\\\/\\\/mont-roig.cat\\\/es\\\/actualitat\\\/noticies\\\/las-tres-escuelas-del-municipio-celebran-el-octavo-encuentro-ludico-deportivo\\\/#primaryimage\"},\"image\":{\"@id\":\"https:\\\/\\\/mont-roig.cat\\\/es\\\/actualitat\\\/noticies\\\/las-tres-escuelas-del-municipio-celebran-el-octavo-encuentro-ludico-deportivo\\\/#primaryimage\"},\"thumbnailUrl\":\"https:\\\/\\\/mont-roig.cat\\\/wp-content\\\/uploads\\\/Rdvols-4.jpeg\",\"datePublished\":\"2025-06-18T17:04:49+00:00\",\"dateModified\":\"2025-06-18T17:11:32+00:00\",\"author\":{\"@id\":\"https:\\\/\\\/mont-roig.cat\\\/es\\\/#\\\/schema\\\/person\\\/1f73e7b5e6f9dd122e8a6f14f310ac5e\"},\"breadcrumb\":{\"@id\":\"https:\\\/\\\/mont-roig.cat\\\/es\\\/actualitat\\\/noticies\\\/las-tres-escuelas-del-municipio-celebran-el-octavo-encuentro-ludico-deportivo\\\/#breadcrumb\"},\"inLanguage\":\"es\",\"potentialAction\":[{\"@type\":\"ReadAction\",\"target\":[\"https:\\\/\\\/mont-roig.cat\\\/es\\\/actualitat\\\/noticies\\\/las-tres-escuelas-del-municipio-celebran-el-octavo-encuentro-ludico-deportivo\\\/\"]}]},{\"@type\":\"ImageObject\",\"inLanguage\":\"es\",\"@id\":\"https:\\\/\\\/mont-roig.cat\\\/es\\\/actualitat\\\/noticies\\\/las-tres-escuelas-del-municipio-celebran-el-octavo-encuentro-ludico-deportivo\\\/#primaryimage\",\"url\":\"https:\\\/\\\/mont-roig.cat\\\/wp-content\\\/uploads\\\/Rdvols-4.jpeg\",\"contentUrl\":\"https:\\\/\\\/mont-roig.cat\\\/wp-content\\\/uploads\\\/Rdvols-4.jpeg\",\"width\":2000,\"height\":1500},{\"@type\":\"BreadcrumbList\",\"@id\":\"https:\\\/\\\/mont-roig.cat\\\/es\\\/actualitat\\\/noticies\\\/las-tres-escuelas-del-municipio-celebran-el-octavo-encuentro-ludico-deportivo\\\/#breadcrumb\",\"itemListElement\":[{\"@type\":\"ListItem\",\"position\":1,\"name\":\"Inici\",\"item\":\"https:\\\/\\\/mont-roig.cat\\\/es\\\/pagina-de-inicio\\\/\"},{\"@type\":\"ListItem\",\"position\":2,\"name\":\"Las tres escuelas del municipio celebran el octavo Encuentro L\u00fadico Deportivo\"}]},{\"@type\":\"WebSite\",\"@id\":\"https:\\\/\\\/mont-roig.cat\\\/es\\\/#website\",\"url\":\"https:\\\/\\\/mont-roig.cat\\\/es\\\/\",\"name\":\"Ajuntament de Mont-roig del Camp\",\"description\":\"Tota la informaci\u00f3 sobre la instituci\u00f3, els seus \u00f2rgans de govern, actualitat, serveis i molt m\u00e9s.\",\"potentialAction\":[{\"@type\":\"SearchAction\",\"target\":{\"@type\":\"EntryPoint\",\"urlTemplate\":\"https:\\\/\\\/mont-roig.cat\\\/es\\\/?s={search_term_string}\"},\"query-input\":{\"@type\":\"PropertyValueSpecification\",\"valueRequired\":true,\"valueName\":\"search_term_string\"}}],\"inLanguage\":\"es\"},{\"@type\":\"Person\",\"@id\":\"https:\\\/\\\/mont-roig.cat\\\/es\\\/#\\\/schema\\\/person\\\/1f73e7b5e6f9dd122e8a6f14f310ac5e\",\"name\":\"comunicacio\",\"image\":{\"@type\":\"ImageObject\",\"inLanguage\":\"es\",\"@id\":\"https:\\\/\\\/secure.gravatar.com\\\/avatar\\\/98944333e7a877670a64f8d10f0cb680ab2c9ebc4efc43945ef004b52b5ad28c?s=96&d=mm&r=g\",\"url\":\"https:\\\/\\\/secure.gravatar.com\\\/avatar\\\/98944333e7a877670a64f8d10f0cb680ab2c9ebc4efc43945ef004b52b5ad28c?s=96&d=mm&r=g\",\"contentUrl\":\"https:\\\/\\\/secure.gravatar.com\\\/avatar\\\/98944333e7a877670a64f8d10f0cb680ab2c9ebc4efc43945ef004b52b5ad28c?s=96&d=mm&r=g\",\"caption\":\"comunicacio\"},\"url\":\"https:\\\/\\\/mont-roig.cat\\\/es\\\/actualitat\\\/noticies\\\/author\\\/comunicacio\\\/\"}]}<\/script>\n<!-- \/ Yoast SEO plugin. -->","yoast_head_json":{"title":"Las tres escuelas del municipio celebran el octavo Encuentro L\u00fadico Deportivo - Ajuntament de Mont-roig del Camp","robots":{"index":"index","follow":"follow","max-snippet":"max-snippet:-1","max-image-preview":"max-image-preview:large","max-video-preview":"max-video-preview:-1"},"canonical":"https:\/\/mont-roig.cat\/es\/actualitat\/noticies\/las-tres-escuelas-del-municipio-celebran-el-octavo-encuentro-ludico-deportivo\/","og_locale":"es_ES","og_type":"article","og_title":"Las tres escuelas del municipio celebran el octavo Encuentro L\u00fadico Deportivo - Ajuntament de Mont-roig del Camp","og_description":"M\u00e1s de 120 alumnos de 6.\u00ba de primaria se han reunido en el polideportivo de Miami Platja para promover la cohesi\u00f3n, la convivencia y los valores a trav\u00e9s del juego y el deporte Las instalaciones deportivas de Miami Platja han acogido esta ma\u00f1ana la octava edici\u00f3n del Encuentro L\u00fadico Deportivo del municipio, con la participaci\u00f3n [&hellip;]","og_url":"https:\/\/mont-roig.cat\/es\/actualitat\/noticies\/las-tres-escuelas-del-municipio-celebran-el-octavo-encuentro-ludico-deportivo\/","og_site_name":"Ajuntament de Mont-roig del Camp","article_published_time":"2025-06-18T17:04:49+00:00","article_modified_time":"2025-06-18T17:11:32+00:00","og_image":[{"width":2000,"height":1500,"url":"https:\/\/mont-roig.cat\/wp-content\/uploads\/Rdvols-4.jpeg","type":"image\/jpeg"}],"author":"comunicacio","twitter_card":"summary_large_image","twitter_misc":{"Escrito por":"comunicacio","Tiempo de lectura":"3 minutos"},"schema":{"@context":"https:\/\/schema.org","@graph":[{"@type":"Article","@id":"https:\/\/mont-roig.cat\/es\/actualitat\/noticies\/las-tres-escuelas-del-municipio-celebran-el-octavo-encuentro-ludico-deportivo\/#article","isPartOf":{"@id":"https:\/\/mont-roig.cat\/es\/actualitat\/noticies\/las-tres-escuelas-del-municipio-celebran-el-octavo-encuentro-ludico-deportivo\/"},"author":{"name":"comunicacio","@id":"https:\/\/mont-roig.cat\/es\/#\/schema\/person\/1f73e7b5e6f9dd122e8a6f14f310ac5e"},"headline":"Las tres escuelas del municipio celebran el octavo Encuentro L\u00fadico Deportivo","datePublished":"2025-06-18T17:04:49+00:00","dateModified":"2025-06-18T17:11:32+00:00","mainEntityOfPage":{"@id":"https:\/\/mont-roig.cat\/es\/actualitat\/noticies\/las-tres-escuelas-del-municipio-celebran-el-octavo-encuentro-ludico-deportivo\/"},"wordCount":366,"image":{"@id":"https:\/\/mont-roig.cat\/es\/actualitat\/noticies\/las-tres-escuelas-del-municipio-celebran-el-octavo-encuentro-ludico-deportivo\/#primaryimage"},"thumbnailUrl":"https:\/\/mont-roig.cat\/wp-content\/uploads\/Rdvols-4.jpeg","articleSection":["Ayuntamiento","Deportes","Educaci\u00f3n"],"inLanguage":"es"},{"@type":"WebPage","@id":"https:\/\/mont-roig.cat\/es\/actualitat\/noticies\/las-tres-escuelas-del-municipio-celebran-el-octavo-encuentro-ludico-deportivo\/","url":"https:\/\/mont-roig.cat\/es\/actualitat\/noticies\/las-tres-escuelas-del-municipio-celebran-el-octavo-encuentro-ludico-deportivo\/","name":"Las tres escuelas del municipio celebran el octavo Encuentro L\u00fadico Deportivo - Ajuntament de Mont-roig del Camp","isPartOf":{"@id":"https:\/\/mont-roig.cat\/es\/#website"},"primaryImageOfPage":{"@id":"https:\/\/mont-roig.cat\/es\/actualitat\/noticies\/las-tres-escuelas-del-municipio-celebran-el-octavo-encuentro-ludico-deportivo\/#primaryimage"},"image":{"@id":"https:\/\/mont-roig.cat\/es\/actualitat\/noticies\/las-tres-escuelas-del-municipio-celebran-el-octavo-encuentro-ludico-deportivo\/#primaryimage"},"thumbnailUrl":"https:\/\/mont-roig.cat\/wp-content\/uploads\/Rdvols-4.jpeg","datePublished":"2025-06-18T17:04:49+00:00","dateModified":"2025-06-18T17:11:32+00:00","author":{"@id":"https:\/\/mont-roig.cat\/es\/#\/schema\/person\/1f73e7b5e6f9dd122e8a6f14f310ac5e"},"breadcrumb":{"@id":"https:\/\/mont-roig.cat\/es\/actualitat\/noticies\/las-tres-escuelas-del-municipio-celebran-el-octavo-encuentro-ludico-deportivo\/#breadcrumb"},"inLanguage":"es","potentialAction":[{"@type":"ReadAction","target":["https:\/\/mont-roig.cat\/es\/actualitat\/noticies\/las-tres-escuelas-del-municipio-celebran-el-octavo-encuentro-ludico-deportivo\/"]}]},{"@type":"ImageObject","inLanguage":"es","@id":"https:\/\/mont-roig.cat\/es\/actualitat\/noticies\/las-tres-escuelas-del-municipio-celebran-el-octavo-encuentro-ludico-deportivo\/#primaryimage","url":"https:\/\/mont-roig.cat\/wp-content\/uploads\/Rdvols-4.jpeg","contentUrl":"https:\/\/mont-roig.cat\/wp-content\/uploads\/Rdvols-4.jpeg","width":2000,"height":1500},{"@type":"BreadcrumbList","@id":"https:\/\/mont-roig.cat\/es\/actualitat\/noticies\/las-tres-escuelas-del-municipio-celebran-el-octavo-encuentro-ludico-deportivo\/#breadcrumb","itemListElement":[{"@type":"ListItem","position":1,"name":"Inici","item":"https:\/\/mont-roig.cat\/es\/pagina-de-inicio\/"},{"@type":"ListItem","position":2,"name":"Las tres escuelas del municipio celebran el octavo Encuentro L\u00fadico Deportivo"}]},{"@type":"WebSite","@id":"https:\/\/mont-roig.cat\/es\/#website","url":"https:\/\/mont-roig.cat\/es\/","name":"Ajuntament de Mont-roig del Camp","description":"Tota la informaci\u00f3 sobre la instituci\u00f3, els seus \u00f2rgans de govern, actualitat, serveis i molt m\u00e9s.","potentialAction":[{"@type":"SearchAction","target":{"@type":"EntryPoint","urlTemplate":"https:\/\/mont-roig.cat\/es\/?s={search_term_string}"},"query-input":{"@type":"PropertyValueSpecification","valueRequired":true,"valueName":"search_term_string"}}],"inLanguage":"es"},{"@type":"Person","@id":"https:\/\/mont-roig.cat\/es\/#\/schema\/person\/1f73e7b5e6f9dd122e8a6f14f310ac5e","name":"comunicacio","image":{"@type":"ImageObject","inLanguage":"es","@id":"https:\/\/secure.gravatar.com\/avatar\/98944333e7a877670a64f8d10f0cb680ab2c9ebc4efc43945ef004b52b5ad28c?s=96&d=mm&r=g","url":"https:\/\/secure.gravatar.com\/avatar\/98944333e7a877670a64f8d10f0cb680ab2c9ebc4efc43945ef004b52b5ad28c?s=96&d=mm&r=g","contentUrl":"https:\/\/secure.gravatar.com\/avatar\/98944333e7a877670a64f8d10f0cb680ab2c9ebc4efc43945ef004b52b5ad28c?s=96&d=mm&r=g","caption":"comunicacio"},"url":"https:\/\/mont-roig.cat\/es\/actualitat\/noticies\/author\/comunicacio\/"}]}},"_links":{"self":[{"href":"https:\/\/mont-roig.cat\/es\/wp-json\/wp\/v2\/posts\/84009","targetHints":{"allow":["GET"]}}],"collection":[{"href":"https:\/\/mont-roig.cat\/es\/wp-json\/wp\/v2\/posts"}],"about":[{"href":"https:\/\/mont-roig.cat\/es\/wp-json\/wp\/v2\/types\/post"}],"author":[{"embeddable":true,"href":"https:\/\/mont-roig.cat\/es\/wp-json\/wp\/v2\/users\/13"}],"replies":[{"embeddable":true,"href":"https:\/\/mont-roig.cat\/es\/wp-json\/wp\/v2\/comments?post=84009"}],"version-history":[{"count":2,"href":"https:\/\/mont-roig.cat\/es\/wp-json\/wp\/v2\/posts\/84009\/revisions"}],"predecessor-version":[{"id":84011,"href":"https:\/\/mont-roig.cat\/es\/wp-json\/wp\/v2\/posts\/84009\/revisions\/84011"}],"wp:featuredmedia":[{"embeddable":true,"href":"https:\/\/mont-roig.cat\/es\/wp-json\/wp\/v2\/media\/83990"}],"wp:attachment":[{"href":"https:\/\/mont-roig.cat\/es\/wp-json\/wp\/v2\/media?parent=84009"}],"wp:term":[{"taxonomy":"category","embeddable":true,"href":"https:\/\/mont-roig.cat\/es\/wp-json\/wp\/v2\/categories?post=84009"},{"taxonomy":"post_tag","embeddable":true,"href":"https:\/\/mont-roig.cat\/es\/wp-json\/wp\/v2\/tags?post=84009"}],"curies":[{"name":"wp","href":"https:\/\/api.w.org\/{rel}","templated":true}]}}