{"id":84211,"date":"2025-06-25T14:48:32","date_gmt":"2025-06-25T12:48:32","guid":{"rendered":"https:\/\/mont-roig.cat\/actualitat\/noticies\/sons-de-nit-amplia-horitzons-amb-nous-escenaris-a-mas-miro-i-miami-platja\/"},"modified":"2025-06-25T14:59:04","modified_gmt":"2025-06-25T12:59:04","slug":"sons-de-nit-amplia-horizontes-con-nuevos-escenarios-en-mas-miro-y-miami-platja","status":"publish","type":"post","link":"https:\/\/mont-roig.cat\/es\/actualitat\/noticies\/sons-de-nit-amplia-horizontes-con-nuevos-escenarios-en-mas-miro-y-miami-platja\/","title":{"rendered":"Sons de Nit ampl\u00eda horizontes con nuevos escenarios en Mas Mir\u00f3 y Miami Platja"},"content":{"rendered":"<p><strong><strong><a href=\"https:\/\/mont-roig.cat\/wp-content\/uploads\/MMC_son_nit_25W1.png\" target=\"_blank\" rel=\"noopener\"><img loading=\"lazy\" decoding=\"async\" class=\"alignright wp-image-84189\" src=\"https:\/\/mont-roig.cat\/wp-content\/uploads\/MMC_son_nit_25W1-353x500.png\" alt=\"\" width=\"258\" height=\"365\" srcset=\"https:\/\/mont-roig.cat\/wp-content\/uploads\/MMC_son_nit_25W1-353x500.png 353w, https:\/\/mont-roig.cat\/wp-content\/uploads\/MMC_son_nit_25W1-724x1024.png 724w, https:\/\/mont-roig.cat\/wp-content\/uploads\/MMC_son_nit_25W1-768x1086.png 768w, https:\/\/mont-roig.cat\/wp-content\/uploads\/MMC_son_nit_25W1.png 842w\" sizes=\"auto, (max-width: 258px) 100vw, 258px\" \/><\/a><\/strong><\/strong><\/p>\n<ul>\n<li data-start=\"184\" data-end=\"319\"><strong data-start=\"184\" data-end=\"319\">Martirio, Escarteen Sisters, Elisabeth Borne y Jos\u00e9 Luis Nieto protagonizan una edici\u00f3n con m\u00e1s escenarios y mayor variedad musical<\/strong><\/li>\n<\/ul>\n<p data-start=\"321\" data-end=\"955\">El ciclo musical <em data-start=\"338\" data-end=\"351\">Sons de Nit<\/em> y <em data-start=\"354\" data-end=\"373\">Petit Sons de Nit<\/em>, organizado por el Ayuntamiento de Mont-roig del Camp a trav\u00e9s de la concejal\u00eda de Cultura, regresa este verano con m\u00e1s fuerza que nunca, ampliando su programaci\u00f3n y escenarios para llegar a un p\u00fablico m\u00e1s amplio y ofrecer una experiencia musical a\u00fan m\u00e1s rica y diversa. La Ermita de la Mare de D\u00e9u de la Roca seguir\u00e1 siendo el coraz\u00f3n del festival, con cuatro actuaciones \u2013dos para todos los p\u00fablicos y dos dentro del ciclo <em data-start=\"799\" data-end=\"811\">Petit Sons<\/em>\u2013, pero este a\u00f1o el festival se extiende tambi\u00e9n a dos nuevos espacios emblem\u00e1ticos del municipio: Mas Mir\u00f3 y varios puntos de <em data-start=\"940\" data-end=\"954\">Miami Platja<\/em>.<\/p>\n<p data-start=\"957\" data-end=\"1696\">Las novedades de esta edici\u00f3n buscan complementar la oferta tradicional con propuestas singulares. <em data-start=\"1056\" data-end=\"1066\">Mas Mir\u00f3<\/em> se convertir\u00e1 en escenario de dos actuaciones muy especiales, rodeadas de la atm\u00f3sfera \u00fanica de la mas\u00eda que inspir\u00f3 a Joan Mir\u00f3. Adem\u00e1s, el p\u00fablico podr\u00e1 disfrutar de la visita al espacio muse\u00edstico en un horario excepcional, convirtiendo la experiencia musical en una propuesta cultural completa. Concretamente, se celebrar\u00e1 el concierto inaugural con el grupo <em data-start=\"1430\" data-end=\"1449\">Escarteen Sisters<\/em> el viernes 11 de julio, y un concierto de piano a cargo de <em data-start=\"1509\" data-end=\"1526\">Jos\u00e9 Luis Nieto<\/em>, que interpretar\u00e1 obras de Chopin, el 16 de agosto. Estos dos conciertos ser\u00e1n de pago, con entradas a 10 euros disponibles en <a class=\"\" href=\"http:\/\/www.masmiro.com\" target=\"_new\" rel=\"noopener\" data-start=\"1654\" data-end=\"1695\">www.masmiro.com<\/a>.<\/p>\n<p data-start=\"1698\" data-end=\"1996\">Por otro lado<em>, Miami Platja<\/em> se incorpora como nuevo escenario del festival con dos actuaciones al aire libre: Martirio, acompa\u00f1ada por Jes\u00fas Lavilla, actuar\u00e1 en la p\u00e9rgola de la Platja Cristall el 27 de julio, y la cantante <em data-start=\"1928\" data-end=\"1945\">Elisabeth Borne<\/em> lo har\u00e1 en el Passeig de les Cales el 9 de agosto.<\/p>\n<p data-start=\"1998\" data-end=\"2317\">La programaci\u00f3n se completa con dos sesiones participativas de <em data-start=\"2061\" data-end=\"2074\">Sons de Nit<\/em>, los d\u00edas 14 de julio y 10 de agosto a las 19 h. En estos encuentros, los asistentes podr\u00e1n descubrir y experimentar los sonidos del cante y baile flamenco, as\u00ed como iniciarse en los ritmos de la batucada, en un formato vivencial e inclusivo.<\/p>\n<p data-start=\"2319\" data-end=\"2602\">En cuanto a la oferta familiar, el <em data-start=\"2354\" data-end=\"2373\">Petit Sons de Nit<\/em> tendr\u00e1 lugar el domingo 27 de julio en la ermita de la Mare de D\u00e9u de la Roca, a las 19 h, con <em data-start=\"2469\" data-end=\"2494\">Les aventures de Matito<\/em>, un espect\u00e1culo de t\u00edteres; y el 24 de agosto con <em data-start=\"2545\" data-end=\"2567\">Els m\u00fasics de Bremen<\/em>, a cargo de la compa\u00f1\u00eda <em data-start=\"2592\" data-end=\"2601\">Xip Xap<\/em>.<\/p>\n<p>Descarga el programa del Sons de Nit y Petit Sons de Nit <a href=\"https:\/\/mont-roig.cat\/wp-content\/uploads\/MMC_son_nit_25_FLYER1.pdf\" target=\"_blank\" rel=\"noopener\">en este enlace.<\/a><\/p>\n","protected":false},"excerpt":{"rendered":"<p>Martirio, Escarteen Sisters, Elisabeth Borne y Jos\u00e9 Luis Nieto protagonizan una edici\u00f3n con m\u00e1s escenarios y mayor variedad musical El ciclo musical Sons de Nit y Petit Sons de Nit, organizado por el Ayuntamiento de Mont-roig del Camp a trav\u00e9s de la concejal\u00eda de Cultura, regresa este verano con m\u00e1s fuerza que nunca, ampliando su [&hellip;]<\/p>\n","protected":false},"author":13,"featured_media":84182,"comment_status":"closed","ping_status":"closed","sticky":false,"template":"","format":"standard","meta":{"inline_featured_image":false,"_monsterinsights_skip_tracking":false,"_monsterinsights_sitenote_active":false,"_monsterinsights_sitenote_note":"","_monsterinsights_sitenote_category":0,"footnotes":""},"categories":[98,101,231],"tags":[],"class_list":["post-84211","post","type-post","status-publish","format-standard","has-post-thumbnail","hentry","category-ayuntamiento","category-cultura-es","category-fundacio-mas-miro-es"],"yoast_head":"<!-- This site is optimized with the Yoast SEO plugin v27.4 - https:\/\/yoast.com\/product\/yoast-seo-wordpress\/ -->\n<title>Sons de Nit ampl\u00eda horizontes con nuevos escenarios en Mas Mir\u00f3 y Miami Platja - Ajuntament de Mont-roig del Camp<\/title>\n<meta name=\"robots\" content=\"index, follow, max-snippet:-1, max-image-preview:large, max-video-preview:-1\" \/>\n<link rel=\"canonical\" href=\"https:\/\/mont-roig.cat\/es\/actualitat\/noticies\/sons-de-nit-amplia-horizontes-con-nuevos-escenarios-en-mas-miro-y-miami-platja\/\" \/>\n<meta property=\"og:locale\" content=\"es_ES\" \/>\n<meta property=\"og:type\" content=\"article\" \/>\n<meta property=\"og:title\" content=\"Sons de Nit ampl\u00eda horizontes con nuevos escenarios en Mas Mir\u00f3 y Miami Platja - Ajuntament de Mont-roig del Camp\" \/>\n<meta property=\"og:description\" content=\"Martirio, Escarteen Sisters, Elisabeth Borne y Jos\u00e9 Luis Nieto protagonizan una edici\u00f3n con m\u00e1s escenarios y mayor variedad musical El ciclo musical Sons de Nit y Petit Sons de Nit, organizado por el Ayuntamiento de Mont-roig del Camp a trav\u00e9s de la concejal\u00eda de Cultura, regresa este verano con m\u00e1s fuerza que nunca, ampliando su [&hellip;]\" \/>\n<meta property=\"og:url\" content=\"https:\/\/mont-roig.cat\/es\/actualitat\/noticies\/sons-de-nit-amplia-horizontes-con-nuevos-escenarios-en-mas-miro-y-miami-platja\/\" \/>\n<meta property=\"og:site_name\" content=\"Ajuntament de Mont-roig del Camp\" \/>\n<meta property=\"article:published_time\" content=\"2025-06-25T12:48:32+00:00\" \/>\n<meta property=\"article:modified_time\" content=\"2025-06-25T12:59:04+00:00\" \/>\n<meta property=\"og:image\" content=\"https:\/\/mont-roig.cat\/wp-content\/uploads\/MMC_son_nit_25_META.png\" \/>\n\t<meta property=\"og:image:width\" content=\"1200\" \/>\n\t<meta property=\"og:image:height\" content=\"630\" \/>\n\t<meta property=\"og:image:type\" content=\"image\/png\" \/>\n<meta name=\"author\" content=\"comunicacio\" \/>\n<meta name=\"twitter:card\" content=\"summary_large_image\" \/>\n<meta name=\"twitter:label1\" content=\"Escrito por\" \/>\n\t<meta name=\"twitter:data1\" content=\"comunicacio\" \/>\n\t<meta name=\"twitter:label2\" content=\"Tiempo de lectura\" \/>\n\t<meta name=\"twitter:data2\" content=\"3 minutos\" \/>\n<script type=\"application\/ld+json\" class=\"yoast-schema-graph\">{\"@context\":\"https:\\\/\\\/schema.org\",\"@graph\":[{\"@type\":\"Article\",\"@id\":\"https:\\\/\\\/mont-roig.cat\\\/es\\\/actualitat\\\/noticies\\\/sons-de-nit-amplia-horizontes-con-nuevos-escenarios-en-mas-miro-y-miami-platja\\\/#article\",\"isPartOf\":{\"@id\":\"https:\\\/\\\/mont-roig.cat\\\/es\\\/actualitat\\\/noticies\\\/sons-de-nit-amplia-horizontes-con-nuevos-escenarios-en-mas-miro-y-miami-platja\\\/\"},\"author\":{\"name\":\"comunicacio\",\"@id\":\"https:\\\/\\\/mont-roig.cat\\\/es\\\/#\\\/schema\\\/person\\\/1f73e7b5e6f9dd122e8a6f14f310ac5e\"},\"headline\":\"Sons de Nit ampl\u00eda horizontes con nuevos escenarios en Mas Mir\u00f3 y Miami Platja\",\"datePublished\":\"2025-06-25T12:48:32+00:00\",\"dateModified\":\"2025-06-25T12:59:04+00:00\",\"mainEntityOfPage\":{\"@id\":\"https:\\\/\\\/mont-roig.cat\\\/es\\\/actualitat\\\/noticies\\\/sons-de-nit-amplia-horizontes-con-nuevos-escenarios-en-mas-miro-y-miami-platja\\\/\"},\"wordCount\":462,\"image\":{\"@id\":\"https:\\\/\\\/mont-roig.cat\\\/es\\\/actualitat\\\/noticies\\\/sons-de-nit-amplia-horizontes-con-nuevos-escenarios-en-mas-miro-y-miami-platja\\\/#primaryimage\"},\"thumbnailUrl\":\"https:\\\/\\\/mont-roig.cat\\\/wp-content\\\/uploads\\\/MMC_son_nit_25_META.png\",\"articleSection\":[\"Ayuntamiento\",\"Cultura\",\"Fundaci\u00f3 Mas Mir\u00f3\"],\"inLanguage\":\"es\"},{\"@type\":\"WebPage\",\"@id\":\"https:\\\/\\\/mont-roig.cat\\\/es\\\/actualitat\\\/noticies\\\/sons-de-nit-amplia-horizontes-con-nuevos-escenarios-en-mas-miro-y-miami-platja\\\/\",\"url\":\"https:\\\/\\\/mont-roig.cat\\\/es\\\/actualitat\\\/noticies\\\/sons-de-nit-amplia-horizontes-con-nuevos-escenarios-en-mas-miro-y-miami-platja\\\/\",\"name\":\"Sons de Nit ampl\u00eda horizontes con nuevos escenarios en Mas Mir\u00f3 y Miami Platja - Ajuntament de Mont-roig del Camp\",\"isPartOf\":{\"@id\":\"https:\\\/\\\/mont-roig.cat\\\/es\\\/#website\"},\"primaryImageOfPage\":{\"@id\":\"https:\\\/\\\/mont-roig.cat\\\/es\\\/actualitat\\\/noticies\\\/sons-de-nit-amplia-horizontes-con-nuevos-escenarios-en-mas-miro-y-miami-platja\\\/#primaryimage\"},\"image\":{\"@id\":\"https:\\\/\\\/mont-roig.cat\\\/es\\\/actualitat\\\/noticies\\\/sons-de-nit-amplia-horizontes-con-nuevos-escenarios-en-mas-miro-y-miami-platja\\\/#primaryimage\"},\"thumbnailUrl\":\"https:\\\/\\\/mont-roig.cat\\\/wp-content\\\/uploads\\\/MMC_son_nit_25_META.png\",\"datePublished\":\"2025-06-25T12:48:32+00:00\",\"dateModified\":\"2025-06-25T12:59:04+00:00\",\"author\":{\"@id\":\"https:\\\/\\\/mont-roig.cat\\\/es\\\/#\\\/schema\\\/person\\\/1f73e7b5e6f9dd122e8a6f14f310ac5e\"},\"breadcrumb\":{\"@id\":\"https:\\\/\\\/mont-roig.cat\\\/es\\\/actualitat\\\/noticies\\\/sons-de-nit-amplia-horizontes-con-nuevos-escenarios-en-mas-miro-y-miami-platja\\\/#breadcrumb\"},\"inLanguage\":\"es\",\"potentialAction\":[{\"@type\":\"ReadAction\",\"target\":[\"https:\\\/\\\/mont-roig.cat\\\/es\\\/actualitat\\\/noticies\\\/sons-de-nit-amplia-horizontes-con-nuevos-escenarios-en-mas-miro-y-miami-platja\\\/\"]}]},{\"@type\":\"ImageObject\",\"inLanguage\":\"es\",\"@id\":\"https:\\\/\\\/mont-roig.cat\\\/es\\\/actualitat\\\/noticies\\\/sons-de-nit-amplia-horizontes-con-nuevos-escenarios-en-mas-miro-y-miami-platja\\\/#primaryimage\",\"url\":\"https:\\\/\\\/mont-roig.cat\\\/wp-content\\\/uploads\\\/MMC_son_nit_25_META.png\",\"contentUrl\":\"https:\\\/\\\/mont-roig.cat\\\/wp-content\\\/uploads\\\/MMC_son_nit_25_META.png\",\"width\":1200,\"height\":630},{\"@type\":\"BreadcrumbList\",\"@id\":\"https:\\\/\\\/mont-roig.cat\\\/es\\\/actualitat\\\/noticies\\\/sons-de-nit-amplia-horizontes-con-nuevos-escenarios-en-mas-miro-y-miami-platja\\\/#breadcrumb\",\"itemListElement\":[{\"@type\":\"ListItem\",\"position\":1,\"name\":\"Inici\",\"item\":\"https:\\\/\\\/mont-roig.cat\\\/es\\\/pagina-de-inicio\\\/\"},{\"@type\":\"ListItem\",\"position\":2,\"name\":\"Sons de Nit ampl\u00eda horizontes con nuevos escenarios en Mas Mir\u00f3 y Miami Platja\"}]},{\"@type\":\"WebSite\",\"@id\":\"https:\\\/\\\/mont-roig.cat\\\/es\\\/#website\",\"url\":\"https:\\\/\\\/mont-roig.cat\\\/es\\\/\",\"name\":\"Ajuntament de Mont-roig del Camp\",\"description\":\"Tota la informaci\u00f3 sobre la instituci\u00f3, els seus \u00f2rgans de govern, actualitat, serveis i molt m\u00e9s.\",\"potentialAction\":[{\"@type\":\"SearchAction\",\"target\":{\"@type\":\"EntryPoint\",\"urlTemplate\":\"https:\\\/\\\/mont-roig.cat\\\/es\\\/?s={search_term_string}\"},\"query-input\":{\"@type\":\"PropertyValueSpecification\",\"valueRequired\":true,\"valueName\":\"search_term_string\"}}],\"inLanguage\":\"es\"},{\"@type\":\"Person\",\"@id\":\"https:\\\/\\\/mont-roig.cat\\\/es\\\/#\\\/schema\\\/person\\\/1f73e7b5e6f9dd122e8a6f14f310ac5e\",\"name\":\"comunicacio\",\"image\":{\"@type\":\"ImageObject\",\"inLanguage\":\"es\",\"@id\":\"https:\\\/\\\/secure.gravatar.com\\\/avatar\\\/98944333e7a877670a64f8d10f0cb680ab2c9ebc4efc43945ef004b52b5ad28c?s=96&d=mm&r=g\",\"url\":\"https:\\\/\\\/secure.gravatar.com\\\/avatar\\\/98944333e7a877670a64f8d10f0cb680ab2c9ebc4efc43945ef004b52b5ad28c?s=96&d=mm&r=g\",\"contentUrl\":\"https:\\\/\\\/secure.gravatar.com\\\/avatar\\\/98944333e7a877670a64f8d10f0cb680ab2c9ebc4efc43945ef004b52b5ad28c?s=96&d=mm&r=g\",\"caption\":\"comunicacio\"},\"url\":\"https:\\\/\\\/mont-roig.cat\\\/es\\\/actualitat\\\/noticies\\\/author\\\/comunicacio\\\/\"}]}<\/script>\n<!-- \/ Yoast SEO plugin. -->","yoast_head_json":{"title":"Sons de Nit ampl\u00eda horizontes con nuevos escenarios en Mas Mir\u00f3 y Miami Platja - Ajuntament de Mont-roig del Camp","robots":{"index":"index","follow":"follow","max-snippet":"max-snippet:-1","max-image-preview":"max-image-preview:large","max-video-preview":"max-video-preview:-1"},"canonical":"https:\/\/mont-roig.cat\/es\/actualitat\/noticies\/sons-de-nit-amplia-horizontes-con-nuevos-escenarios-en-mas-miro-y-miami-platja\/","og_locale":"es_ES","og_type":"article","og_title":"Sons de Nit ampl\u00eda horizontes con nuevos escenarios en Mas Mir\u00f3 y Miami Platja - Ajuntament de Mont-roig del Camp","og_description":"Martirio, Escarteen Sisters, Elisabeth Borne y Jos\u00e9 Luis Nieto protagonizan una edici\u00f3n con m\u00e1s escenarios y mayor variedad musical El ciclo musical Sons de Nit y Petit Sons de Nit, organizado por el Ayuntamiento de Mont-roig del Camp a trav\u00e9s de la concejal\u00eda de Cultura, regresa este verano con m\u00e1s fuerza que nunca, ampliando su [&hellip;]","og_url":"https:\/\/mont-roig.cat\/es\/actualitat\/noticies\/sons-de-nit-amplia-horizontes-con-nuevos-escenarios-en-mas-miro-y-miami-platja\/","og_site_name":"Ajuntament de Mont-roig del Camp","article_published_time":"2025-06-25T12:48:32+00:00","article_modified_time":"2025-06-25T12:59:04+00:00","og_image":[{"width":1200,"height":630,"url":"https:\/\/mont-roig.cat\/wp-content\/uploads\/MMC_son_nit_25_META.png","type":"image\/png"}],"author":"comunicacio","twitter_card":"summary_large_image","twitter_misc":{"Escrito por":"comunicacio","Tiempo de lectura":"3 minutos"},"schema":{"@context":"https:\/\/schema.org","@graph":[{"@type":"Article","@id":"https:\/\/mont-roig.cat\/es\/actualitat\/noticies\/sons-de-nit-amplia-horizontes-con-nuevos-escenarios-en-mas-miro-y-miami-platja\/#article","isPartOf":{"@id":"https:\/\/mont-roig.cat\/es\/actualitat\/noticies\/sons-de-nit-amplia-horizontes-con-nuevos-escenarios-en-mas-miro-y-miami-platja\/"},"author":{"name":"comunicacio","@id":"https:\/\/mont-roig.cat\/es\/#\/schema\/person\/1f73e7b5e6f9dd122e8a6f14f310ac5e"},"headline":"Sons de Nit ampl\u00eda horizontes con nuevos escenarios en Mas Mir\u00f3 y Miami Platja","datePublished":"2025-06-25T12:48:32+00:00","dateModified":"2025-06-25T12:59:04+00:00","mainEntityOfPage":{"@id":"https:\/\/mont-roig.cat\/es\/actualitat\/noticies\/sons-de-nit-amplia-horizontes-con-nuevos-escenarios-en-mas-miro-y-miami-platja\/"},"wordCount":462,"image":{"@id":"https:\/\/mont-roig.cat\/es\/actualitat\/noticies\/sons-de-nit-amplia-horizontes-con-nuevos-escenarios-en-mas-miro-y-miami-platja\/#primaryimage"},"thumbnailUrl":"https:\/\/mont-roig.cat\/wp-content\/uploads\/MMC_son_nit_25_META.png","articleSection":["Ayuntamiento","Cultura","Fundaci\u00f3 Mas Mir\u00f3"],"inLanguage":"es"},{"@type":"WebPage","@id":"https:\/\/mont-roig.cat\/es\/actualitat\/noticies\/sons-de-nit-amplia-horizontes-con-nuevos-escenarios-en-mas-miro-y-miami-platja\/","url":"https:\/\/mont-roig.cat\/es\/actualitat\/noticies\/sons-de-nit-amplia-horizontes-con-nuevos-escenarios-en-mas-miro-y-miami-platja\/","name":"Sons de Nit ampl\u00eda horizontes con nuevos escenarios en Mas Mir\u00f3 y Miami Platja - Ajuntament de Mont-roig del Camp","isPartOf":{"@id":"https:\/\/mont-roig.cat\/es\/#website"},"primaryImageOfPage":{"@id":"https:\/\/mont-roig.cat\/es\/actualitat\/noticies\/sons-de-nit-amplia-horizontes-con-nuevos-escenarios-en-mas-miro-y-miami-platja\/#primaryimage"},"image":{"@id":"https:\/\/mont-roig.cat\/es\/actualitat\/noticies\/sons-de-nit-amplia-horizontes-con-nuevos-escenarios-en-mas-miro-y-miami-platja\/#primaryimage"},"thumbnailUrl":"https:\/\/mont-roig.cat\/wp-content\/uploads\/MMC_son_nit_25_META.png","datePublished":"2025-06-25T12:48:32+00:00","dateModified":"2025-06-25T12:59:04+00:00","author":{"@id":"https:\/\/mont-roig.cat\/es\/#\/schema\/person\/1f73e7b5e6f9dd122e8a6f14f310ac5e"},"breadcrumb":{"@id":"https:\/\/mont-roig.cat\/es\/actualitat\/noticies\/sons-de-nit-amplia-horizontes-con-nuevos-escenarios-en-mas-miro-y-miami-platja\/#breadcrumb"},"inLanguage":"es","potentialAction":[{"@type":"ReadAction","target":["https:\/\/mont-roig.cat\/es\/actualitat\/noticies\/sons-de-nit-amplia-horizontes-con-nuevos-escenarios-en-mas-miro-y-miami-platja\/"]}]},{"@type":"ImageObject","inLanguage":"es","@id":"https:\/\/mont-roig.cat\/es\/actualitat\/noticies\/sons-de-nit-amplia-horizontes-con-nuevos-escenarios-en-mas-miro-y-miami-platja\/#primaryimage","url":"https:\/\/mont-roig.cat\/wp-content\/uploads\/MMC_son_nit_25_META.png","contentUrl":"https:\/\/mont-roig.cat\/wp-content\/uploads\/MMC_son_nit_25_META.png","width":1200,"height":630},{"@type":"BreadcrumbList","@id":"https:\/\/mont-roig.cat\/es\/actualitat\/noticies\/sons-de-nit-amplia-horizontes-con-nuevos-escenarios-en-mas-miro-y-miami-platja\/#breadcrumb","itemListElement":[{"@type":"ListItem","position":1,"name":"Inici","item":"https:\/\/mont-roig.cat\/es\/pagina-de-inicio\/"},{"@type":"ListItem","position":2,"name":"Sons de Nit ampl\u00eda horizontes con nuevos escenarios en Mas Mir\u00f3 y Miami Platja"}]},{"@type":"WebSite","@id":"https:\/\/mont-roig.cat\/es\/#website","url":"https:\/\/mont-roig.cat\/es\/","name":"Ajuntament de Mont-roig del Camp","description":"Tota la informaci\u00f3 sobre la instituci\u00f3, els seus \u00f2rgans de govern, actualitat, serveis i molt m\u00e9s.","potentialAction":[{"@type":"SearchAction","target":{"@type":"EntryPoint","urlTemplate":"https:\/\/mont-roig.cat\/es\/?s={search_term_string}"},"query-input":{"@type":"PropertyValueSpecification","valueRequired":true,"valueName":"search_term_string"}}],"inLanguage":"es"},{"@type":"Person","@id":"https:\/\/mont-roig.cat\/es\/#\/schema\/person\/1f73e7b5e6f9dd122e8a6f14f310ac5e","name":"comunicacio","image":{"@type":"ImageObject","inLanguage":"es","@id":"https:\/\/secure.gravatar.com\/avatar\/98944333e7a877670a64f8d10f0cb680ab2c9ebc4efc43945ef004b52b5ad28c?s=96&d=mm&r=g","url":"https:\/\/secure.gravatar.com\/avatar\/98944333e7a877670a64f8d10f0cb680ab2c9ebc4efc43945ef004b52b5ad28c?s=96&d=mm&r=g","contentUrl":"https:\/\/secure.gravatar.com\/avatar\/98944333e7a877670a64f8d10f0cb680ab2c9ebc4efc43945ef004b52b5ad28c?s=96&d=mm&r=g","caption":"comunicacio"},"url":"https:\/\/mont-roig.cat\/es\/actualitat\/noticies\/author\/comunicacio\/"}]}},"_links":{"self":[{"href":"https:\/\/mont-roig.cat\/es\/wp-json\/wp\/v2\/posts\/84211","targetHints":{"allow":["GET"]}}],"collection":[{"href":"https:\/\/mont-roig.cat\/es\/wp-json\/wp\/v2\/posts"}],"about":[{"href":"https:\/\/mont-roig.cat\/es\/wp-json\/wp\/v2\/types\/post"}],"author":[{"embeddable":true,"href":"https:\/\/mont-roig.cat\/es\/wp-json\/wp\/v2\/users\/13"}],"replies":[{"embeddable":true,"href":"https:\/\/mont-roig.cat\/es\/wp-json\/wp\/v2\/comments?post=84211"}],"version-history":[{"count":2,"href":"https:\/\/mont-roig.cat\/es\/wp-json\/wp\/v2\/posts\/84211\/revisions"}],"predecessor-version":[{"id":84213,"href":"https:\/\/mont-roig.cat\/es\/wp-json\/wp\/v2\/posts\/84211\/revisions\/84213"}],"wp:featuredmedia":[{"embeddable":true,"href":"https:\/\/mont-roig.cat\/es\/wp-json\/wp\/v2\/media\/84182"}],"wp:attachment":[{"href":"https:\/\/mont-roig.cat\/es\/wp-json\/wp\/v2\/media?parent=84211"}],"wp:term":[{"taxonomy":"category","embeddable":true,"href":"https:\/\/mont-roig.cat\/es\/wp-json\/wp\/v2\/categories?post=84211"},{"taxonomy":"post_tag","embeddable":true,"href":"https:\/\/mont-roig.cat\/es\/wp-json\/wp\/v2\/tags?post=84211"}],"curies":[{"name":"wp","href":"https:\/\/api.w.org\/{rel}","templated":true}]}}