{"id":84265,"date":"2025-06-26T14:11:56","date_gmt":"2025-06-26T12:11:56","guid":{"rendered":"https:\/\/mont-roig.cat\/actualitat\/noticies\/el-tokl2-arriba-als-15-anys-amb-una-festa-per-celebrar-un-projecte-juvenil-pioner-i-compartit\/"},"modified":"2025-06-26T14:21:37","modified_gmt":"2025-06-26T12:21:37","slug":"tokl2-cumple-15-anos-con-una-fiesta-para-celebrar-un-proyecto-juvenil-pionero-y-compartido","status":"publish","type":"post","link":"https:\/\/mont-roig.cat\/es\/actualitat\/noticies\/tokl2-cumple-15-anos-con-una-fiesta-para-celebrar-un-proyecto-juvenil-pionero-y-compartido\/","title":{"rendered":"Tok\u2019l2 cumple 15 a\u00f1os con una fiesta para celebrar un proyecto juvenil pionero y compartido"},"content":{"rendered":"<ul>\n<li data-start=\"196\" data-end=\"349\"><strong data-start=\"196\" data-end=\"349\">Mont-roig del Camp y Vandell\u00f2s i l\u2019Hospitalet de l\u2019Infant celebran una d\u00e9cada y media de alianza con una jornada llena de actividades en Miami Platja<\/strong><\/li>\n<\/ul>\n<p data-start=\"351\" data-end=\"682\">El pr\u00f3ximo 5 de julio de 2025, el bosquet de la Punta del Riu, en Miami Platja, acoger\u00e1 una gran jornada festiva para conmemorar los 15 a\u00f1os del Tok\u2019l2, el proyecto de actividades juveniles de verano impulsado conjuntamente por los ayuntamientos de Mont-roig del Camp y Vandell\u00f2s i l\u2019Hospitalet de l\u2019Infant.<\/p>\n<p data-start=\"684\" data-end=\"1190\">Nacido en el a\u00f1o 2010 a partir de un convenio de colaboraci\u00f3n intermunicipal, el Tok\u2019l2 se ha convertido en un referente de participaci\u00f3n juvenil, ofreciendo durante todos estos a\u00f1os un amplio abanico de actividades formativas, culturales, deportivas y l\u00fadicas pensadas para j\u00f3venes, m\u00e1s all\u00e1 de las fronteras municipales. Talleres, excursiones, viajes y convivencias han contribuido a reforzar los v\u00ednculos entre j\u00f3venes de ambos territorios y a construir una red juvenil activa y cohesionada.<\/p>\n<p data-start=\"1192\" data-end=\"1474\">Con motivo de este aniversario tan especial, se ha organizado una fiesta abierta a todos y todas las j\u00f3venes que han participado en el programa a lo largo de estos 15 a\u00f1os. La jornada comenzar\u00e1 por la ma\u00f1ana con yoga en la playa y masterclass de percusi\u00f3n, DJ y bachata.<\/p>\n<p data-start=\"1476\" data-end=\"1892\">A las 12:30 h tendr\u00e1 lugar el acto institucional de celebraci\u00f3n, con la presentaci\u00f3n de la nueva imagen del Tok\u2019l2 y un homenaje al personal t\u00e9cnico y pol\u00edtico que ha hecho posible este proyecto. A continuaci\u00f3n, se ofrecer\u00e1 un vermut musical con concierto en directo de Boomerang Cover Band y m\u00fasica en vivo durante toda la tarde, con la participaci\u00f3n de Limitless Duet y Rita &amp; Alba.<\/p>\n<p data-start=\"1894\" data-end=\"2373\">A partir de las 17 h, el p\u00fablico podr\u00e1 disfrutar del Tardeo Glitter, que se alargar\u00e1 hasta la medianoche con una propuesta musical que contar\u00e1 con DJ Gizzi Girl, DJ Bichas, DJ Dani Carvajal y DJ Oscar S\u00e1nchez. Durante toda la jornada tambi\u00e9n habr\u00e1 food trucks, talleres creativos, photocall 360\u00ba y servicio de barra, a cargo de las asociaciones juveniles de ambos municipios. Para participar en las masterclass y talleres, es necesaria inscripci\u00f3n previa.<\/p>\n","protected":false},"excerpt":{"rendered":"<p>Mont-roig del Camp y Vandell\u00f2s i l\u2019Hospitalet de l\u2019Infant celebran una d\u00e9cada y media de alianza con una jornada llena de actividades en Miami Platja El pr\u00f3ximo 5 de julio de 2025, el bosquet de la Punta del Riu, en Miami Platja, acoger\u00e1 una gran jornada festiva para conmemorar los 15 a\u00f1os del Tok\u2019l2, el [&hellip;]<\/p>\n","protected":false},"author":13,"featured_media":84260,"comment_status":"closed","ping_status":"closed","sticky":false,"template":"","format":"standard","meta":{"inline_featured_image":false,"_monsterinsights_skip_tracking":false,"_monsterinsights_sitenote_active":false,"_monsterinsights_sitenote_note":"","_monsterinsights_sitenote_category":0,"footnotes":""},"categories":[98,106],"tags":[],"class_list":["post-84265","post","type-post","status-publish","format-standard","has-post-thumbnail","hentry","category-ayuntamiento","category-juventud"],"yoast_head":"<!-- This site is optimized with the Yoast SEO plugin v27.4 - https:\/\/yoast.com\/product\/yoast-seo-wordpress\/ -->\n<title>Tok\u2019l2 cumple 15 a\u00f1os con una fiesta para celebrar un proyecto juvenil pionero y compartido - Ajuntament de Mont-roig del Camp<\/title>\n<meta name=\"robots\" content=\"index, follow, max-snippet:-1, max-image-preview:large, max-video-preview:-1\" \/>\n<link rel=\"canonical\" href=\"https:\/\/mont-roig.cat\/es\/actualitat\/noticies\/tokl2-cumple-15-anos-con-una-fiesta-para-celebrar-un-proyecto-juvenil-pionero-y-compartido\/\" \/>\n<meta property=\"og:locale\" content=\"es_ES\" \/>\n<meta property=\"og:type\" content=\"article\" \/>\n<meta property=\"og:title\" content=\"Tok\u2019l2 cumple 15 a\u00f1os con una fiesta para celebrar un proyecto juvenil pionero y compartido - Ajuntament de Mont-roig del Camp\" \/>\n<meta property=\"og:description\" content=\"Mont-roig del Camp y Vandell\u00f2s i l\u2019Hospitalet de l\u2019Infant celebran una d\u00e9cada y media de alianza con una jornada llena de actividades en Miami Platja El pr\u00f3ximo 5 de julio de 2025, el bosquet de la Punta del Riu, en Miami Platja, acoger\u00e1 una gran jornada festiva para conmemorar los 15 a\u00f1os del Tok\u2019l2, el [&hellip;]\" \/>\n<meta property=\"og:url\" content=\"https:\/\/mont-roig.cat\/es\/actualitat\/noticies\/tokl2-cumple-15-anos-con-una-fiesta-para-celebrar-un-proyecto-juvenil-pionero-y-compartido\/\" \/>\n<meta property=\"og:site_name\" content=\"Ajuntament de Mont-roig del Camp\" \/>\n<meta property=\"article:published_time\" content=\"2025-06-26T12:11:56+00:00\" \/>\n<meta property=\"article:modified_time\" content=\"2025-06-26T12:21:37+00:00\" \/>\n<meta property=\"og:image\" content=\"https:\/\/mont-roig.cat\/wp-content\/uploads\/MM_JOVES_CARTELL_A2_FESTA_TOKL2_web.png\" \/>\n\t<meta property=\"og:image:width\" content=\"842\" \/>\n\t<meta property=\"og:image:height\" content=\"1191\" \/>\n\t<meta property=\"og:image:type\" content=\"image\/png\" \/>\n<meta name=\"author\" content=\"comunicacio\" \/>\n<meta name=\"twitter:card\" content=\"summary_large_image\" \/>\n<meta name=\"twitter:label1\" content=\"Escrito por\" \/>\n\t<meta name=\"twitter:data1\" content=\"comunicacio\" \/>\n\t<meta name=\"twitter:label2\" content=\"Tiempo de lectura\" \/>\n\t<meta name=\"twitter:data2\" content=\"3 minutos\" \/>\n<script type=\"application\/ld+json\" class=\"yoast-schema-graph\">{\"@context\":\"https:\\\/\\\/schema.org\",\"@graph\":[{\"@type\":\"Article\",\"@id\":\"https:\\\/\\\/mont-roig.cat\\\/es\\\/actualitat\\\/noticies\\\/tokl2-cumple-15-anos-con-una-fiesta-para-celebrar-un-proyecto-juvenil-pionero-y-compartido\\\/#article\",\"isPartOf\":{\"@id\":\"https:\\\/\\\/mont-roig.cat\\\/es\\\/actualitat\\\/noticies\\\/tokl2-cumple-15-anos-con-una-fiesta-para-celebrar-un-proyecto-juvenil-pionero-y-compartido\\\/\"},\"author\":{\"name\":\"comunicacio\",\"@id\":\"https:\\\/\\\/mont-roig.cat\\\/es\\\/#\\\/schema\\\/person\\\/1f73e7b5e6f9dd122e8a6f14f310ac5e\"},\"headline\":\"Tok\u2019l2 cumple 15 a\u00f1os con una fiesta para celebrar un proyecto juvenil pionero y compartido\",\"datePublished\":\"2025-06-26T12:11:56+00:00\",\"dateModified\":\"2025-06-26T12:21:37+00:00\",\"mainEntityOfPage\":{\"@id\":\"https:\\\/\\\/mont-roig.cat\\\/es\\\/actualitat\\\/noticies\\\/tokl2-cumple-15-anos-con-una-fiesta-para-celebrar-un-proyecto-juvenil-pionero-y-compartido\\\/\"},\"wordCount\":384,\"image\":{\"@id\":\"https:\\\/\\\/mont-roig.cat\\\/es\\\/actualitat\\\/noticies\\\/tokl2-cumple-15-anos-con-una-fiesta-para-celebrar-un-proyecto-juvenil-pionero-y-compartido\\\/#primaryimage\"},\"thumbnailUrl\":\"https:\\\/\\\/mont-roig.cat\\\/wp-content\\\/uploads\\\/MM_JOVES_CARTELL_A2_FESTA_TOKL2_web.png\",\"articleSection\":[\"Ayuntamiento\",\"Juventud\"],\"inLanguage\":\"es\"},{\"@type\":\"WebPage\",\"@id\":\"https:\\\/\\\/mont-roig.cat\\\/es\\\/actualitat\\\/noticies\\\/tokl2-cumple-15-anos-con-una-fiesta-para-celebrar-un-proyecto-juvenil-pionero-y-compartido\\\/\",\"url\":\"https:\\\/\\\/mont-roig.cat\\\/es\\\/actualitat\\\/noticies\\\/tokl2-cumple-15-anos-con-una-fiesta-para-celebrar-un-proyecto-juvenil-pionero-y-compartido\\\/\",\"name\":\"Tok\u2019l2 cumple 15 a\u00f1os con una fiesta para celebrar un proyecto juvenil pionero y compartido - Ajuntament de Mont-roig del Camp\",\"isPartOf\":{\"@id\":\"https:\\\/\\\/mont-roig.cat\\\/es\\\/#website\"},\"primaryImageOfPage\":{\"@id\":\"https:\\\/\\\/mont-roig.cat\\\/es\\\/actualitat\\\/noticies\\\/tokl2-cumple-15-anos-con-una-fiesta-para-celebrar-un-proyecto-juvenil-pionero-y-compartido\\\/#primaryimage\"},\"image\":{\"@id\":\"https:\\\/\\\/mont-roig.cat\\\/es\\\/actualitat\\\/noticies\\\/tokl2-cumple-15-anos-con-una-fiesta-para-celebrar-un-proyecto-juvenil-pionero-y-compartido\\\/#primaryimage\"},\"thumbnailUrl\":\"https:\\\/\\\/mont-roig.cat\\\/wp-content\\\/uploads\\\/MM_JOVES_CARTELL_A2_FESTA_TOKL2_web.png\",\"datePublished\":\"2025-06-26T12:11:56+00:00\",\"dateModified\":\"2025-06-26T12:21:37+00:00\",\"author\":{\"@id\":\"https:\\\/\\\/mont-roig.cat\\\/es\\\/#\\\/schema\\\/person\\\/1f73e7b5e6f9dd122e8a6f14f310ac5e\"},\"breadcrumb\":{\"@id\":\"https:\\\/\\\/mont-roig.cat\\\/es\\\/actualitat\\\/noticies\\\/tokl2-cumple-15-anos-con-una-fiesta-para-celebrar-un-proyecto-juvenil-pionero-y-compartido\\\/#breadcrumb\"},\"inLanguage\":\"es\",\"potentialAction\":[{\"@type\":\"ReadAction\",\"target\":[\"https:\\\/\\\/mont-roig.cat\\\/es\\\/actualitat\\\/noticies\\\/tokl2-cumple-15-anos-con-una-fiesta-para-celebrar-un-proyecto-juvenil-pionero-y-compartido\\\/\"]}]},{\"@type\":\"ImageObject\",\"inLanguage\":\"es\",\"@id\":\"https:\\\/\\\/mont-roig.cat\\\/es\\\/actualitat\\\/noticies\\\/tokl2-cumple-15-anos-con-una-fiesta-para-celebrar-un-proyecto-juvenil-pionero-y-compartido\\\/#primaryimage\",\"url\":\"https:\\\/\\\/mont-roig.cat\\\/wp-content\\\/uploads\\\/MM_JOVES_CARTELL_A2_FESTA_TOKL2_web.png\",\"contentUrl\":\"https:\\\/\\\/mont-roig.cat\\\/wp-content\\\/uploads\\\/MM_JOVES_CARTELL_A2_FESTA_TOKL2_web.png\",\"width\":842,\"height\":1191},{\"@type\":\"BreadcrumbList\",\"@id\":\"https:\\\/\\\/mont-roig.cat\\\/es\\\/actualitat\\\/noticies\\\/tokl2-cumple-15-anos-con-una-fiesta-para-celebrar-un-proyecto-juvenil-pionero-y-compartido\\\/#breadcrumb\",\"itemListElement\":[{\"@type\":\"ListItem\",\"position\":1,\"name\":\"Inici\",\"item\":\"https:\\\/\\\/mont-roig.cat\\\/es\\\/pagina-de-inicio\\\/\"},{\"@type\":\"ListItem\",\"position\":2,\"name\":\"Tok\u2019l2 cumple 15 a\u00f1os con una fiesta para celebrar un proyecto juvenil pionero y compartido\"}]},{\"@type\":\"WebSite\",\"@id\":\"https:\\\/\\\/mont-roig.cat\\\/es\\\/#website\",\"url\":\"https:\\\/\\\/mont-roig.cat\\\/es\\\/\",\"name\":\"Ajuntament de Mont-roig del Camp\",\"description\":\"Tota la informaci\u00f3 sobre la instituci\u00f3, els seus \u00f2rgans de govern, actualitat, serveis i molt m\u00e9s.\",\"potentialAction\":[{\"@type\":\"SearchAction\",\"target\":{\"@type\":\"EntryPoint\",\"urlTemplate\":\"https:\\\/\\\/mont-roig.cat\\\/es\\\/?s={search_term_string}\"},\"query-input\":{\"@type\":\"PropertyValueSpecification\",\"valueRequired\":true,\"valueName\":\"search_term_string\"}}],\"inLanguage\":\"es\"},{\"@type\":\"Person\",\"@id\":\"https:\\\/\\\/mont-roig.cat\\\/es\\\/#\\\/schema\\\/person\\\/1f73e7b5e6f9dd122e8a6f14f310ac5e\",\"name\":\"comunicacio\",\"image\":{\"@type\":\"ImageObject\",\"inLanguage\":\"es\",\"@id\":\"https:\\\/\\\/secure.gravatar.com\\\/avatar\\\/98944333e7a877670a64f8d10f0cb680ab2c9ebc4efc43945ef004b52b5ad28c?s=96&d=mm&r=g\",\"url\":\"https:\\\/\\\/secure.gravatar.com\\\/avatar\\\/98944333e7a877670a64f8d10f0cb680ab2c9ebc4efc43945ef004b52b5ad28c?s=96&d=mm&r=g\",\"contentUrl\":\"https:\\\/\\\/secure.gravatar.com\\\/avatar\\\/98944333e7a877670a64f8d10f0cb680ab2c9ebc4efc43945ef004b52b5ad28c?s=96&d=mm&r=g\",\"caption\":\"comunicacio\"},\"url\":\"https:\\\/\\\/mont-roig.cat\\\/es\\\/actualitat\\\/noticies\\\/author\\\/comunicacio\\\/\"}]}<\/script>\n<!-- \/ Yoast SEO plugin. -->","yoast_head_json":{"title":"Tok\u2019l2 cumple 15 a\u00f1os con una fiesta para celebrar un proyecto juvenil pionero y compartido - Ajuntament de Mont-roig del Camp","robots":{"index":"index","follow":"follow","max-snippet":"max-snippet:-1","max-image-preview":"max-image-preview:large","max-video-preview":"max-video-preview:-1"},"canonical":"https:\/\/mont-roig.cat\/es\/actualitat\/noticies\/tokl2-cumple-15-anos-con-una-fiesta-para-celebrar-un-proyecto-juvenil-pionero-y-compartido\/","og_locale":"es_ES","og_type":"article","og_title":"Tok\u2019l2 cumple 15 a\u00f1os con una fiesta para celebrar un proyecto juvenil pionero y compartido - Ajuntament de Mont-roig del Camp","og_description":"Mont-roig del Camp y Vandell\u00f2s i l\u2019Hospitalet de l\u2019Infant celebran una d\u00e9cada y media de alianza con una jornada llena de actividades en Miami Platja El pr\u00f3ximo 5 de julio de 2025, el bosquet de la Punta del Riu, en Miami Platja, acoger\u00e1 una gran jornada festiva para conmemorar los 15 a\u00f1os del Tok\u2019l2, el [&hellip;]","og_url":"https:\/\/mont-roig.cat\/es\/actualitat\/noticies\/tokl2-cumple-15-anos-con-una-fiesta-para-celebrar-un-proyecto-juvenil-pionero-y-compartido\/","og_site_name":"Ajuntament de Mont-roig del Camp","article_published_time":"2025-06-26T12:11:56+00:00","article_modified_time":"2025-06-26T12:21:37+00:00","og_image":[{"width":842,"height":1191,"url":"https:\/\/mont-roig.cat\/wp-content\/uploads\/MM_JOVES_CARTELL_A2_FESTA_TOKL2_web.png","type":"image\/png"}],"author":"comunicacio","twitter_card":"summary_large_image","twitter_misc":{"Escrito por":"comunicacio","Tiempo de lectura":"3 minutos"},"schema":{"@context":"https:\/\/schema.org","@graph":[{"@type":"Article","@id":"https:\/\/mont-roig.cat\/es\/actualitat\/noticies\/tokl2-cumple-15-anos-con-una-fiesta-para-celebrar-un-proyecto-juvenil-pionero-y-compartido\/#article","isPartOf":{"@id":"https:\/\/mont-roig.cat\/es\/actualitat\/noticies\/tokl2-cumple-15-anos-con-una-fiesta-para-celebrar-un-proyecto-juvenil-pionero-y-compartido\/"},"author":{"name":"comunicacio","@id":"https:\/\/mont-roig.cat\/es\/#\/schema\/person\/1f73e7b5e6f9dd122e8a6f14f310ac5e"},"headline":"Tok\u2019l2 cumple 15 a\u00f1os con una fiesta para celebrar un proyecto juvenil pionero y compartido","datePublished":"2025-06-26T12:11:56+00:00","dateModified":"2025-06-26T12:21:37+00:00","mainEntityOfPage":{"@id":"https:\/\/mont-roig.cat\/es\/actualitat\/noticies\/tokl2-cumple-15-anos-con-una-fiesta-para-celebrar-un-proyecto-juvenil-pionero-y-compartido\/"},"wordCount":384,"image":{"@id":"https:\/\/mont-roig.cat\/es\/actualitat\/noticies\/tokl2-cumple-15-anos-con-una-fiesta-para-celebrar-un-proyecto-juvenil-pionero-y-compartido\/#primaryimage"},"thumbnailUrl":"https:\/\/mont-roig.cat\/wp-content\/uploads\/MM_JOVES_CARTELL_A2_FESTA_TOKL2_web.png","articleSection":["Ayuntamiento","Juventud"],"inLanguage":"es"},{"@type":"WebPage","@id":"https:\/\/mont-roig.cat\/es\/actualitat\/noticies\/tokl2-cumple-15-anos-con-una-fiesta-para-celebrar-un-proyecto-juvenil-pionero-y-compartido\/","url":"https:\/\/mont-roig.cat\/es\/actualitat\/noticies\/tokl2-cumple-15-anos-con-una-fiesta-para-celebrar-un-proyecto-juvenil-pionero-y-compartido\/","name":"Tok\u2019l2 cumple 15 a\u00f1os con una fiesta para celebrar un proyecto juvenil pionero y compartido - Ajuntament de Mont-roig del Camp","isPartOf":{"@id":"https:\/\/mont-roig.cat\/es\/#website"},"primaryImageOfPage":{"@id":"https:\/\/mont-roig.cat\/es\/actualitat\/noticies\/tokl2-cumple-15-anos-con-una-fiesta-para-celebrar-un-proyecto-juvenil-pionero-y-compartido\/#primaryimage"},"image":{"@id":"https:\/\/mont-roig.cat\/es\/actualitat\/noticies\/tokl2-cumple-15-anos-con-una-fiesta-para-celebrar-un-proyecto-juvenil-pionero-y-compartido\/#primaryimage"},"thumbnailUrl":"https:\/\/mont-roig.cat\/wp-content\/uploads\/MM_JOVES_CARTELL_A2_FESTA_TOKL2_web.png","datePublished":"2025-06-26T12:11:56+00:00","dateModified":"2025-06-26T12:21:37+00:00","author":{"@id":"https:\/\/mont-roig.cat\/es\/#\/schema\/person\/1f73e7b5e6f9dd122e8a6f14f310ac5e"},"breadcrumb":{"@id":"https:\/\/mont-roig.cat\/es\/actualitat\/noticies\/tokl2-cumple-15-anos-con-una-fiesta-para-celebrar-un-proyecto-juvenil-pionero-y-compartido\/#breadcrumb"},"inLanguage":"es","potentialAction":[{"@type":"ReadAction","target":["https:\/\/mont-roig.cat\/es\/actualitat\/noticies\/tokl2-cumple-15-anos-con-una-fiesta-para-celebrar-un-proyecto-juvenil-pionero-y-compartido\/"]}]},{"@type":"ImageObject","inLanguage":"es","@id":"https:\/\/mont-roig.cat\/es\/actualitat\/noticies\/tokl2-cumple-15-anos-con-una-fiesta-para-celebrar-un-proyecto-juvenil-pionero-y-compartido\/#primaryimage","url":"https:\/\/mont-roig.cat\/wp-content\/uploads\/MM_JOVES_CARTELL_A2_FESTA_TOKL2_web.png","contentUrl":"https:\/\/mont-roig.cat\/wp-content\/uploads\/MM_JOVES_CARTELL_A2_FESTA_TOKL2_web.png","width":842,"height":1191},{"@type":"BreadcrumbList","@id":"https:\/\/mont-roig.cat\/es\/actualitat\/noticies\/tokl2-cumple-15-anos-con-una-fiesta-para-celebrar-un-proyecto-juvenil-pionero-y-compartido\/#breadcrumb","itemListElement":[{"@type":"ListItem","position":1,"name":"Inici","item":"https:\/\/mont-roig.cat\/es\/pagina-de-inicio\/"},{"@type":"ListItem","position":2,"name":"Tok\u2019l2 cumple 15 a\u00f1os con una fiesta para celebrar un proyecto juvenil pionero y compartido"}]},{"@type":"WebSite","@id":"https:\/\/mont-roig.cat\/es\/#website","url":"https:\/\/mont-roig.cat\/es\/","name":"Ajuntament de Mont-roig del Camp","description":"Tota la informaci\u00f3 sobre la instituci\u00f3, els seus \u00f2rgans de govern, actualitat, serveis i molt m\u00e9s.","potentialAction":[{"@type":"SearchAction","target":{"@type":"EntryPoint","urlTemplate":"https:\/\/mont-roig.cat\/es\/?s={search_term_string}"},"query-input":{"@type":"PropertyValueSpecification","valueRequired":true,"valueName":"search_term_string"}}],"inLanguage":"es"},{"@type":"Person","@id":"https:\/\/mont-roig.cat\/es\/#\/schema\/person\/1f73e7b5e6f9dd122e8a6f14f310ac5e","name":"comunicacio","image":{"@type":"ImageObject","inLanguage":"es","@id":"https:\/\/secure.gravatar.com\/avatar\/98944333e7a877670a64f8d10f0cb680ab2c9ebc4efc43945ef004b52b5ad28c?s=96&d=mm&r=g","url":"https:\/\/secure.gravatar.com\/avatar\/98944333e7a877670a64f8d10f0cb680ab2c9ebc4efc43945ef004b52b5ad28c?s=96&d=mm&r=g","contentUrl":"https:\/\/secure.gravatar.com\/avatar\/98944333e7a877670a64f8d10f0cb680ab2c9ebc4efc43945ef004b52b5ad28c?s=96&d=mm&r=g","caption":"comunicacio"},"url":"https:\/\/mont-roig.cat\/es\/actualitat\/noticies\/author\/comunicacio\/"}]}},"_links":{"self":[{"href":"https:\/\/mont-roig.cat\/es\/wp-json\/wp\/v2\/posts\/84265","targetHints":{"allow":["GET"]}}],"collection":[{"href":"https:\/\/mont-roig.cat\/es\/wp-json\/wp\/v2\/posts"}],"about":[{"href":"https:\/\/mont-roig.cat\/es\/wp-json\/wp\/v2\/types\/post"}],"author":[{"embeddable":true,"href":"https:\/\/mont-roig.cat\/es\/wp-json\/wp\/v2\/users\/13"}],"replies":[{"embeddable":true,"href":"https:\/\/mont-roig.cat\/es\/wp-json\/wp\/v2\/comments?post=84265"}],"version-history":[{"count":2,"href":"https:\/\/mont-roig.cat\/es\/wp-json\/wp\/v2\/posts\/84265\/revisions"}],"predecessor-version":[{"id":84267,"href":"https:\/\/mont-roig.cat\/es\/wp-json\/wp\/v2\/posts\/84265\/revisions\/84267"}],"wp:featuredmedia":[{"embeddable":true,"href":"https:\/\/mont-roig.cat\/es\/wp-json\/wp\/v2\/media\/84260"}],"wp:attachment":[{"href":"https:\/\/mont-roig.cat\/es\/wp-json\/wp\/v2\/media?parent=84265"}],"wp:term":[{"taxonomy":"category","embeddable":true,"href":"https:\/\/mont-roig.cat\/es\/wp-json\/wp\/v2\/categories?post=84265"},{"taxonomy":"post_tag","embeddable":true,"href":"https:\/\/mont-roig.cat\/es\/wp-json\/wp\/v2\/tags?post=84265"}],"curies":[{"name":"wp","href":"https:\/\/api.w.org\/{rel}","templated":true}]}}