{"id":84274,"date":"2025-06-26T14:35:14","date_gmt":"2025-06-26T12:35:14","guid":{"rendered":"https:\/\/mont-roig.cat\/?p=84274"},"modified":"2025-06-26T14:36:11","modified_gmt":"2025-06-26T12:36:11","slug":"tres-nuevos-agentes-se-incorporan-a-la-plantilla-de-la-policia-local-de-mont-roig-del-camp","status":"publish","type":"post","link":"https:\/\/mont-roig.cat\/es\/actualitat\/noticies\/tres-nuevos-agentes-se-incorporan-a-la-plantilla-de-la-policia-local-de-mont-roig-del-camp\/","title":{"rendered":"Tres nuevos agentes se incorporan a la plantilla de la Polic\u00eda Local de Mont-roig del Camp"},"content":{"rendered":"<ul>\n<li><strong><a href=\"https:\/\/mont-roig.cat\/wp-content\/uploads\/Agents-nous-PL-Principal.jpeg\"><img loading=\"lazy\" decoding=\"async\" class=\"alignright wp-image-84269\" src=\"https:\/\/mont-roig.cat\/wp-content\/uploads\/Agents-nous-PL-Principal-457x500.jpeg\" alt=\"\" width=\"274\" height=\"300\" srcset=\"https:\/\/mont-roig.cat\/wp-content\/uploads\/Agents-nous-PL-Principal-457x500.jpeg 457w, https:\/\/mont-roig.cat\/wp-content\/uploads\/Agents-nous-PL-Principal-936x1024.jpeg 936w, https:\/\/mont-roig.cat\/wp-content\/uploads\/Agents-nous-PL-Principal-768x840.jpeg 768w, https:\/\/mont-roig.cat\/wp-content\/uploads\/Agents-nous-PL-Principal-1404x1536.jpeg 1404w, https:\/\/mont-roig.cat\/wp-content\/uploads\/Agents-nous-PL-Principal.jpeg 1462w\" sizes=\"auto, (max-width: 274px) 100vw, 274px\" \/><\/a>Dos de las tres incorporaciones son mujeres, reforzando la presencia femenina en el cuerpo policial<br \/>\n<\/strong><\/li>\n<\/ul>\n<p>La Polic\u00eda Local de Mont-roig del Camp ha incorporado, esta semana, a tres nuevos agentes, que han superado con \u00e9xito el curso de formaci\u00f3n b\u00e1sica en el Institut de Seguretat P\u00fablica de Catalunya (ISPC). Dos de estas incorporaciones son mujeres, lo que contribuye a incrementar la presencia femenina en el cuerpo policial.<\/p>\n<p>Los tres efectivos aprobaron el proceso selectivo el pasado a\u00f1o y han completado los nueve meses de formaci\u00f3n reglamentaria en el ISPC. Una vez graduados, ya se han integrado plenamente en la plantilla de Mont-roig del Camp.<\/p>\n<p>El acto de graduaci\u00f3n tuvo lugar el pasado 20 de junio, en Mollet del Vall\u00e8s y cont\u00f3 con la presencia del alcalde de Mont-roig del Camp, Fran Morancho, y del jefe de la Polic\u00eda Local, Antonio Pacheco que felicitaron personalmente y alentaron a los nuevos agentes, en ese momento clave para sus trayectorias profesionales.<\/p>\n<p>Cabe destacar que pr\u00f3ximamente se publicar\u00e1n nuevas convocatorias para cubrir las plazas vacantes previstas para este a\u00f1o, en el marco del refuerzo y crecimiento de la plantilla policial.<\/p>\n<p><a href=\"https:\/\/mont-roig.cat\/wp-content\/uploads\/Agents-nous-PL-1.jpeg\"><img loading=\"lazy\" decoding=\"async\" class=\"alignleft wp-image-84271\" src=\"https:\/\/mont-roig.cat\/wp-content\/uploads\/Agents-nous-PL-1-500x306.jpeg\" alt=\"\" width=\"300\" height=\"184\" srcset=\"https:\/\/mont-roig.cat\/wp-content\/uploads\/Agents-nous-PL-1-500x306.jpeg 500w, https:\/\/mont-roig.cat\/wp-content\/uploads\/Agents-nous-PL-1-1024x627.jpeg 1024w, https:\/\/mont-roig.cat\/wp-content\/uploads\/Agents-nous-PL-1-768x470.jpeg 768w, https:\/\/mont-roig.cat\/wp-content\/uploads\/Agents-nous-PL-1-1536x941.jpeg 1536w, https:\/\/mont-roig.cat\/wp-content\/uploads\/Agents-nous-PL-1.jpeg 1600w\" sizes=\"auto, (max-width: 300px) 100vw, 300px\" \/><\/a><\/p>\n","protected":false},"excerpt":{"rendered":"<p>Dos de las tres incorporaciones son mujeres, reforzando la presencia femenina en el cuerpo policial La Polic\u00eda Local de Mont-roig del Camp ha incorporado, esta semana, a tres nuevos agentes, que han superado con \u00e9xito el curso de formaci\u00f3n b\u00e1sica en el Institut de Seguretat P\u00fablica de Catalunya (ISPC). Dos de estas incorporaciones son mujeres, [&hellip;]<\/p>\n","protected":false},"author":13,"featured_media":84270,"comment_status":"closed","ping_status":"closed","sticky":false,"template":"","format":"standard","meta":{"inline_featured_image":false,"_monsterinsights_skip_tracking":false,"_monsterinsights_sitenote_active":false,"_monsterinsights_sitenote_note":"","_monsterinsights_sitenote_category":0,"footnotes":""},"categories":[98,113],"tags":[],"class_list":["post-84274","post","type-post","status-publish","format-standard","has-post-thumbnail","hentry","category-ayuntamiento","category-seguridad"],"yoast_head":"<!-- This site is optimized with the Yoast SEO plugin v27.4 - https:\/\/yoast.com\/product\/yoast-seo-wordpress\/ -->\n<title>Tres nuevos agentes se incorporan a la plantilla de la Polic\u00eda Local de Mont-roig del Camp - Ajuntament de Mont-roig del Camp<\/title>\n<meta name=\"robots\" content=\"index, follow, max-snippet:-1, max-image-preview:large, max-video-preview:-1\" \/>\n<link rel=\"canonical\" href=\"https:\/\/mont-roig.cat\/es\/actualitat\/noticies\/tres-nuevos-agentes-se-incorporan-a-la-plantilla-de-la-policia-local-de-mont-roig-del-camp\/\" \/>\n<meta property=\"og:locale\" content=\"es_ES\" \/>\n<meta property=\"og:type\" content=\"article\" \/>\n<meta property=\"og:title\" content=\"Tres nuevos agentes se incorporan a la plantilla de la Polic\u00eda Local de Mont-roig del Camp - Ajuntament de Mont-roig del Camp\" \/>\n<meta property=\"og:description\" content=\"Dos de las tres incorporaciones son mujeres, reforzando la presencia femenina en el cuerpo policial La Polic\u00eda Local de Mont-roig del Camp ha incorporado, esta semana, a tres nuevos agentes, que han superado con \u00e9xito el curso de formaci\u00f3n b\u00e1sica en el Institut de Seguretat P\u00fablica de Catalunya (ISPC). Dos de estas incorporaciones son mujeres, [&hellip;]\" \/>\n<meta property=\"og:url\" content=\"https:\/\/mont-roig.cat\/es\/actualitat\/noticies\/tres-nuevos-agentes-se-incorporan-a-la-plantilla-de-la-policia-local-de-mont-roig-del-camp\/\" \/>\n<meta property=\"og:site_name\" content=\"Ajuntament de Mont-roig del Camp\" \/>\n<meta property=\"article:published_time\" content=\"2025-06-26T12:35:14+00:00\" \/>\n<meta property=\"article:modified_time\" content=\"2025-06-26T12:36:11+00:00\" \/>\n<meta property=\"og:image\" content=\"https:\/\/mont-roig.cat\/wp-content\/uploads\/Agents-nous-PL-Principal.jpeg\" \/>\n\t<meta property=\"og:image:width\" content=\"1462\" \/>\n\t<meta property=\"og:image:height\" content=\"1600\" \/>\n\t<meta property=\"og:image:type\" content=\"image\/jpeg\" \/>\n<meta name=\"author\" content=\"comunicacio\" \/>\n<meta name=\"twitter:card\" content=\"summary_large_image\" \/>\n<meta name=\"twitter:label1\" content=\"Escrito por\" \/>\n\t<meta name=\"twitter:data1\" content=\"comunicacio\" \/>\n\t<meta name=\"twitter:label2\" content=\"Tiempo de lectura\" \/>\n\t<meta name=\"twitter:data2\" content=\"2 minutos\" \/>\n<script type=\"application\/ld+json\" class=\"yoast-schema-graph\">{\"@context\":\"https:\\\/\\\/schema.org\",\"@graph\":[{\"@type\":\"Article\",\"@id\":\"https:\\\/\\\/mont-roig.cat\\\/es\\\/actualitat\\\/noticies\\\/tres-nuevos-agentes-se-incorporan-a-la-plantilla-de-la-policia-local-de-mont-roig-del-camp\\\/#article\",\"isPartOf\":{\"@id\":\"https:\\\/\\\/mont-roig.cat\\\/es\\\/actualitat\\\/noticies\\\/tres-nuevos-agentes-se-incorporan-a-la-plantilla-de-la-policia-local-de-mont-roig-del-camp\\\/\"},\"author\":{\"name\":\"comunicacio\",\"@id\":\"https:\\\/\\\/mont-roig.cat\\\/es\\\/#\\\/schema\\\/person\\\/1f73e7b5e6f9dd122e8a6f14f310ac5e\"},\"headline\":\"Tres nuevos agentes se incorporan a la plantilla de la Polic\u00eda Local de Mont-roig del Camp\",\"datePublished\":\"2025-06-26T12:35:14+00:00\",\"dateModified\":\"2025-06-26T12:36:11+00:00\",\"mainEntityOfPage\":{\"@id\":\"https:\\\/\\\/mont-roig.cat\\\/es\\\/actualitat\\\/noticies\\\/tres-nuevos-agentes-se-incorporan-a-la-plantilla-de-la-policia-local-de-mont-roig-del-camp\\\/\"},\"wordCount\":214,\"image\":{\"@id\":\"https:\\\/\\\/mont-roig.cat\\\/es\\\/actualitat\\\/noticies\\\/tres-nuevos-agentes-se-incorporan-a-la-plantilla-de-la-policia-local-de-mont-roig-del-camp\\\/#primaryimage\"},\"thumbnailUrl\":\"https:\\\/\\\/mont-roig.cat\\\/wp-content\\\/uploads\\\/Agents-nous-PL-Principal.jpeg\",\"articleSection\":[\"Ayuntamiento\",\"Seguridad\"],\"inLanguage\":\"es\"},{\"@type\":\"WebPage\",\"@id\":\"https:\\\/\\\/mont-roig.cat\\\/es\\\/actualitat\\\/noticies\\\/tres-nuevos-agentes-se-incorporan-a-la-plantilla-de-la-policia-local-de-mont-roig-del-camp\\\/\",\"url\":\"https:\\\/\\\/mont-roig.cat\\\/es\\\/actualitat\\\/noticies\\\/tres-nuevos-agentes-se-incorporan-a-la-plantilla-de-la-policia-local-de-mont-roig-del-camp\\\/\",\"name\":\"Tres nuevos agentes se incorporan a la plantilla de la Polic\u00eda Local de Mont-roig del Camp - Ajuntament de Mont-roig del Camp\",\"isPartOf\":{\"@id\":\"https:\\\/\\\/mont-roig.cat\\\/es\\\/#website\"},\"primaryImageOfPage\":{\"@id\":\"https:\\\/\\\/mont-roig.cat\\\/es\\\/actualitat\\\/noticies\\\/tres-nuevos-agentes-se-incorporan-a-la-plantilla-de-la-policia-local-de-mont-roig-del-camp\\\/#primaryimage\"},\"image\":{\"@id\":\"https:\\\/\\\/mont-roig.cat\\\/es\\\/actualitat\\\/noticies\\\/tres-nuevos-agentes-se-incorporan-a-la-plantilla-de-la-policia-local-de-mont-roig-del-camp\\\/#primaryimage\"},\"thumbnailUrl\":\"https:\\\/\\\/mont-roig.cat\\\/wp-content\\\/uploads\\\/Agents-nous-PL-Principal.jpeg\",\"datePublished\":\"2025-06-26T12:35:14+00:00\",\"dateModified\":\"2025-06-26T12:36:11+00:00\",\"author\":{\"@id\":\"https:\\\/\\\/mont-roig.cat\\\/es\\\/#\\\/schema\\\/person\\\/1f73e7b5e6f9dd122e8a6f14f310ac5e\"},\"breadcrumb\":{\"@id\":\"https:\\\/\\\/mont-roig.cat\\\/es\\\/actualitat\\\/noticies\\\/tres-nuevos-agentes-se-incorporan-a-la-plantilla-de-la-policia-local-de-mont-roig-del-camp\\\/#breadcrumb\"},\"inLanguage\":\"es\",\"potentialAction\":[{\"@type\":\"ReadAction\",\"target\":[\"https:\\\/\\\/mont-roig.cat\\\/es\\\/actualitat\\\/noticies\\\/tres-nuevos-agentes-se-incorporan-a-la-plantilla-de-la-policia-local-de-mont-roig-del-camp\\\/\"]}]},{\"@type\":\"ImageObject\",\"inLanguage\":\"es\",\"@id\":\"https:\\\/\\\/mont-roig.cat\\\/es\\\/actualitat\\\/noticies\\\/tres-nuevos-agentes-se-incorporan-a-la-plantilla-de-la-policia-local-de-mont-roig-del-camp\\\/#primaryimage\",\"url\":\"https:\\\/\\\/mont-roig.cat\\\/wp-content\\\/uploads\\\/Agents-nous-PL-Principal.jpeg\",\"contentUrl\":\"https:\\\/\\\/mont-roig.cat\\\/wp-content\\\/uploads\\\/Agents-nous-PL-Principal.jpeg\",\"width\":1462,\"height\":1600},{\"@type\":\"BreadcrumbList\",\"@id\":\"https:\\\/\\\/mont-roig.cat\\\/es\\\/actualitat\\\/noticies\\\/tres-nuevos-agentes-se-incorporan-a-la-plantilla-de-la-policia-local-de-mont-roig-del-camp\\\/#breadcrumb\",\"itemListElement\":[{\"@type\":\"ListItem\",\"position\":1,\"name\":\"Inici\",\"item\":\"https:\\\/\\\/mont-roig.cat\\\/es\\\/pagina-de-inicio\\\/\"},{\"@type\":\"ListItem\",\"position\":2,\"name\":\"Tres nuevos agentes se incorporan a la plantilla de la Polic\u00eda Local de Mont-roig del Camp\"}]},{\"@type\":\"WebSite\",\"@id\":\"https:\\\/\\\/mont-roig.cat\\\/es\\\/#website\",\"url\":\"https:\\\/\\\/mont-roig.cat\\\/es\\\/\",\"name\":\"Ajuntament de Mont-roig del Camp\",\"description\":\"Tota la informaci\u00f3 sobre la instituci\u00f3, els seus \u00f2rgans de govern, actualitat, serveis i molt m\u00e9s.\",\"potentialAction\":[{\"@type\":\"SearchAction\",\"target\":{\"@type\":\"EntryPoint\",\"urlTemplate\":\"https:\\\/\\\/mont-roig.cat\\\/es\\\/?s={search_term_string}\"},\"query-input\":{\"@type\":\"PropertyValueSpecification\",\"valueRequired\":true,\"valueName\":\"search_term_string\"}}],\"inLanguage\":\"es\"},{\"@type\":\"Person\",\"@id\":\"https:\\\/\\\/mont-roig.cat\\\/es\\\/#\\\/schema\\\/person\\\/1f73e7b5e6f9dd122e8a6f14f310ac5e\",\"name\":\"comunicacio\",\"image\":{\"@type\":\"ImageObject\",\"inLanguage\":\"es\",\"@id\":\"https:\\\/\\\/secure.gravatar.com\\\/avatar\\\/98944333e7a877670a64f8d10f0cb680ab2c9ebc4efc43945ef004b52b5ad28c?s=96&d=mm&r=g\",\"url\":\"https:\\\/\\\/secure.gravatar.com\\\/avatar\\\/98944333e7a877670a64f8d10f0cb680ab2c9ebc4efc43945ef004b52b5ad28c?s=96&d=mm&r=g\",\"contentUrl\":\"https:\\\/\\\/secure.gravatar.com\\\/avatar\\\/98944333e7a877670a64f8d10f0cb680ab2c9ebc4efc43945ef004b52b5ad28c?s=96&d=mm&r=g\",\"caption\":\"comunicacio\"},\"url\":\"https:\\\/\\\/mont-roig.cat\\\/es\\\/actualitat\\\/noticies\\\/author\\\/comunicacio\\\/\"}]}<\/script>\n<!-- \/ Yoast SEO plugin. -->","yoast_head_json":{"title":"Tres nuevos agentes se incorporan a la plantilla de la Polic\u00eda Local de Mont-roig del Camp - Ajuntament de Mont-roig del Camp","robots":{"index":"index","follow":"follow","max-snippet":"max-snippet:-1","max-image-preview":"max-image-preview:large","max-video-preview":"max-video-preview:-1"},"canonical":"https:\/\/mont-roig.cat\/es\/actualitat\/noticies\/tres-nuevos-agentes-se-incorporan-a-la-plantilla-de-la-policia-local-de-mont-roig-del-camp\/","og_locale":"es_ES","og_type":"article","og_title":"Tres nuevos agentes se incorporan a la plantilla de la Polic\u00eda Local de Mont-roig del Camp - Ajuntament de Mont-roig del Camp","og_description":"Dos de las tres incorporaciones son mujeres, reforzando la presencia femenina en el cuerpo policial La Polic\u00eda Local de Mont-roig del Camp ha incorporado, esta semana, a tres nuevos agentes, que han superado con \u00e9xito el curso de formaci\u00f3n b\u00e1sica en el Institut de Seguretat P\u00fablica de Catalunya (ISPC). Dos de estas incorporaciones son mujeres, [&hellip;]","og_url":"https:\/\/mont-roig.cat\/es\/actualitat\/noticies\/tres-nuevos-agentes-se-incorporan-a-la-plantilla-de-la-policia-local-de-mont-roig-del-camp\/","og_site_name":"Ajuntament de Mont-roig del Camp","article_published_time":"2025-06-26T12:35:14+00:00","article_modified_time":"2025-06-26T12:36:11+00:00","og_image":[{"width":1462,"height":1600,"url":"https:\/\/mont-roig.cat\/wp-content\/uploads\/Agents-nous-PL-Principal.jpeg","type":"image\/jpeg"}],"author":"comunicacio","twitter_card":"summary_large_image","twitter_misc":{"Escrito por":"comunicacio","Tiempo de lectura":"2 minutos"},"schema":{"@context":"https:\/\/schema.org","@graph":[{"@type":"Article","@id":"https:\/\/mont-roig.cat\/es\/actualitat\/noticies\/tres-nuevos-agentes-se-incorporan-a-la-plantilla-de-la-policia-local-de-mont-roig-del-camp\/#article","isPartOf":{"@id":"https:\/\/mont-roig.cat\/es\/actualitat\/noticies\/tres-nuevos-agentes-se-incorporan-a-la-plantilla-de-la-policia-local-de-mont-roig-del-camp\/"},"author":{"name":"comunicacio","@id":"https:\/\/mont-roig.cat\/es\/#\/schema\/person\/1f73e7b5e6f9dd122e8a6f14f310ac5e"},"headline":"Tres nuevos agentes se incorporan a la plantilla de la Polic\u00eda Local de Mont-roig del Camp","datePublished":"2025-06-26T12:35:14+00:00","dateModified":"2025-06-26T12:36:11+00:00","mainEntityOfPage":{"@id":"https:\/\/mont-roig.cat\/es\/actualitat\/noticies\/tres-nuevos-agentes-se-incorporan-a-la-plantilla-de-la-policia-local-de-mont-roig-del-camp\/"},"wordCount":214,"image":{"@id":"https:\/\/mont-roig.cat\/es\/actualitat\/noticies\/tres-nuevos-agentes-se-incorporan-a-la-plantilla-de-la-policia-local-de-mont-roig-del-camp\/#primaryimage"},"thumbnailUrl":"https:\/\/mont-roig.cat\/wp-content\/uploads\/Agents-nous-PL-Principal.jpeg","articleSection":["Ayuntamiento","Seguridad"],"inLanguage":"es"},{"@type":"WebPage","@id":"https:\/\/mont-roig.cat\/es\/actualitat\/noticies\/tres-nuevos-agentes-se-incorporan-a-la-plantilla-de-la-policia-local-de-mont-roig-del-camp\/","url":"https:\/\/mont-roig.cat\/es\/actualitat\/noticies\/tres-nuevos-agentes-se-incorporan-a-la-plantilla-de-la-policia-local-de-mont-roig-del-camp\/","name":"Tres nuevos agentes se incorporan a la plantilla de la Polic\u00eda Local de Mont-roig del Camp - Ajuntament de Mont-roig del Camp","isPartOf":{"@id":"https:\/\/mont-roig.cat\/es\/#website"},"primaryImageOfPage":{"@id":"https:\/\/mont-roig.cat\/es\/actualitat\/noticies\/tres-nuevos-agentes-se-incorporan-a-la-plantilla-de-la-policia-local-de-mont-roig-del-camp\/#primaryimage"},"image":{"@id":"https:\/\/mont-roig.cat\/es\/actualitat\/noticies\/tres-nuevos-agentes-se-incorporan-a-la-plantilla-de-la-policia-local-de-mont-roig-del-camp\/#primaryimage"},"thumbnailUrl":"https:\/\/mont-roig.cat\/wp-content\/uploads\/Agents-nous-PL-Principal.jpeg","datePublished":"2025-06-26T12:35:14+00:00","dateModified":"2025-06-26T12:36:11+00:00","author":{"@id":"https:\/\/mont-roig.cat\/es\/#\/schema\/person\/1f73e7b5e6f9dd122e8a6f14f310ac5e"},"breadcrumb":{"@id":"https:\/\/mont-roig.cat\/es\/actualitat\/noticies\/tres-nuevos-agentes-se-incorporan-a-la-plantilla-de-la-policia-local-de-mont-roig-del-camp\/#breadcrumb"},"inLanguage":"es","potentialAction":[{"@type":"ReadAction","target":["https:\/\/mont-roig.cat\/es\/actualitat\/noticies\/tres-nuevos-agentes-se-incorporan-a-la-plantilla-de-la-policia-local-de-mont-roig-del-camp\/"]}]},{"@type":"ImageObject","inLanguage":"es","@id":"https:\/\/mont-roig.cat\/es\/actualitat\/noticies\/tres-nuevos-agentes-se-incorporan-a-la-plantilla-de-la-policia-local-de-mont-roig-del-camp\/#primaryimage","url":"https:\/\/mont-roig.cat\/wp-content\/uploads\/Agents-nous-PL-Principal.jpeg","contentUrl":"https:\/\/mont-roig.cat\/wp-content\/uploads\/Agents-nous-PL-Principal.jpeg","width":1462,"height":1600},{"@type":"BreadcrumbList","@id":"https:\/\/mont-roig.cat\/es\/actualitat\/noticies\/tres-nuevos-agentes-se-incorporan-a-la-plantilla-de-la-policia-local-de-mont-roig-del-camp\/#breadcrumb","itemListElement":[{"@type":"ListItem","position":1,"name":"Inici","item":"https:\/\/mont-roig.cat\/es\/pagina-de-inicio\/"},{"@type":"ListItem","position":2,"name":"Tres nuevos agentes se incorporan a la plantilla de la Polic\u00eda Local de Mont-roig del Camp"}]},{"@type":"WebSite","@id":"https:\/\/mont-roig.cat\/es\/#website","url":"https:\/\/mont-roig.cat\/es\/","name":"Ajuntament de Mont-roig del Camp","description":"Tota la informaci\u00f3 sobre la instituci\u00f3, els seus \u00f2rgans de govern, actualitat, serveis i molt m\u00e9s.","potentialAction":[{"@type":"SearchAction","target":{"@type":"EntryPoint","urlTemplate":"https:\/\/mont-roig.cat\/es\/?s={search_term_string}"},"query-input":{"@type":"PropertyValueSpecification","valueRequired":true,"valueName":"search_term_string"}}],"inLanguage":"es"},{"@type":"Person","@id":"https:\/\/mont-roig.cat\/es\/#\/schema\/person\/1f73e7b5e6f9dd122e8a6f14f310ac5e","name":"comunicacio","image":{"@type":"ImageObject","inLanguage":"es","@id":"https:\/\/secure.gravatar.com\/avatar\/98944333e7a877670a64f8d10f0cb680ab2c9ebc4efc43945ef004b52b5ad28c?s=96&d=mm&r=g","url":"https:\/\/secure.gravatar.com\/avatar\/98944333e7a877670a64f8d10f0cb680ab2c9ebc4efc43945ef004b52b5ad28c?s=96&d=mm&r=g","contentUrl":"https:\/\/secure.gravatar.com\/avatar\/98944333e7a877670a64f8d10f0cb680ab2c9ebc4efc43945ef004b52b5ad28c?s=96&d=mm&r=g","caption":"comunicacio"},"url":"https:\/\/mont-roig.cat\/es\/actualitat\/noticies\/author\/comunicacio\/"}]}},"_links":{"self":[{"href":"https:\/\/mont-roig.cat\/es\/wp-json\/wp\/v2\/posts\/84274","targetHints":{"allow":["GET"]}}],"collection":[{"href":"https:\/\/mont-roig.cat\/es\/wp-json\/wp\/v2\/posts"}],"about":[{"href":"https:\/\/mont-roig.cat\/es\/wp-json\/wp\/v2\/types\/post"}],"author":[{"embeddable":true,"href":"https:\/\/mont-roig.cat\/es\/wp-json\/wp\/v2\/users\/13"}],"replies":[{"embeddable":true,"href":"https:\/\/mont-roig.cat\/es\/wp-json\/wp\/v2\/comments?post=84274"}],"version-history":[{"count":1,"href":"https:\/\/mont-roig.cat\/es\/wp-json\/wp\/v2\/posts\/84274\/revisions"}],"predecessor-version":[{"id":84275,"href":"https:\/\/mont-roig.cat\/es\/wp-json\/wp\/v2\/posts\/84274\/revisions\/84275"}],"wp:featuredmedia":[{"embeddable":true,"href":"https:\/\/mont-roig.cat\/es\/wp-json\/wp\/v2\/media\/84270"}],"wp:attachment":[{"href":"https:\/\/mont-roig.cat\/es\/wp-json\/wp\/v2\/media?parent=84274"}],"wp:term":[{"taxonomy":"category","embeddable":true,"href":"https:\/\/mont-roig.cat\/es\/wp-json\/wp\/v2\/categories?post=84274"},{"taxonomy":"post_tag","embeddable":true,"href":"https:\/\/mont-roig.cat\/es\/wp-json\/wp\/v2\/tags?post=84274"}],"curies":[{"name":"wp","href":"https:\/\/api.w.org\/{rel}","templated":true}]}}