{"id":84293,"date":"2025-06-27T11:51:36","date_gmt":"2025-06-27T09:51:36","guid":{"rendered":"https:\/\/mont-roig.cat\/actualitat\/noticies\/mont-roig-del-camp-rebra-la-setmana-vinent-23-nens-i-nenes-de-la-segona-missio-benaiges\/"},"modified":"2025-06-28T18:49:38","modified_gmt":"2025-06-28T16:49:38","slug":"mont-roig-del-camp-recibira-la-semana-que-viene-a-23-ninos-y-ninas-de-la-segunda-edicion-de-la-missio-benaiges","status":"publish","type":"post","link":"https:\/\/mont-roig.cat\/es\/actualitat\/noticies\/mont-roig-del-camp-recibira-la-semana-que-viene-a-23-ninos-y-ninas-de-la-segunda-edicion-de-la-missio-benaiges\/","title":{"rendered":"Mont-roig del Camp recibir\u00e1 la semana que viene a 23 ni\u00f1os y ni\u00f1as de la segunda edici\u00f3n de la Misi\u00f3n Benaiges"},"content":{"rendered":"<div id=\"attachment_84282\" style=\"width: 315px\" class=\"wp-caption alignright\"><a href=\"https:\/\/mont-roig.cat\/wp-content\/uploads\/Benaiges3-1.jpg\" target=\"_blank\" rel=\"noopener\"><img loading=\"lazy\" decoding=\"async\" aria-describedby=\"caption-attachment-84282\" class=\"wp-image-84282\" src=\"https:\/\/mont-roig.cat\/wp-content\/uploads\/Benaiges3-1-375x500.jpg\" alt=\"\" width=\"305\" height=\"407\" srcset=\"https:\/\/mont-roig.cat\/wp-content\/uploads\/Benaiges3-1-375x500.jpg 375w, https:\/\/mont-roig.cat\/wp-content\/uploads\/Benaiges3-1-768x1024.jpg 768w, https:\/\/mont-roig.cat\/wp-content\/uploads\/Benaiges3-1-1152x1536.jpg 1152w, https:\/\/mont-roig.cat\/wp-content\/uploads\/Benaiges3-1.jpg 1200w\" sizes=\"auto, (max-width: 305px) 100vw, 305px\" \/><\/a><p id=\"caption-attachment-84282\" class=\"wp-caption-text\">Enrique Mart\u00ednez Goro\u00f1o, en la casa natal de Antoni Benaiges, acompa\u00f1ado por las concejalas Mar Urisel y Elvira Montagud.<\/p><\/div>\n<ul>\n<li data-start=\"251\" data-end=\"429\"><strong data-start=\"251\" data-end=\"429\">Enrique Mart\u00ednez Goro\u00f1o culmina una caminata de 517 km desde Ba\u00f1uelos de Bureba (Burgos) hasta Mont-roig del Camp, coincidiendo con el aniversario del maestro Antoni Benaiges<\/strong><\/li>\n<\/ul>\n<p data-start=\"431\" data-end=\"872\">El Ayuntamiento de Mont-roig del Camp colabora activamente, por segundo a\u00f1o consecutivo, con la Misi\u00f3n Benaiges, un proyecto sociocultural que reivindica la figura del maestro mont-rogenc Antoni Benaiges. En esta edici\u00f3n, el consistorio ha asumido el coste de la estancia de los ni\u00f1os, ni\u00f1as y el equipo participante, y ha organizado actividades complementarias para dar a conocer los espacios del municipio vinculados al legado del maestro.<\/p>\n<p data-start=\"874\" data-end=\"1337\">La segunda Misi\u00f3n Benaiges se celebra del 29 de junio al 7 de julio de 2025 y cuenta con la participaci\u00f3n de 23 ni\u00f1os y ni\u00f1as y 8 adultos, procedentes de Granada y tambi\u00e9n de familias refugiadas palestinas en Espa\u00f1a. Acompa\u00f1ados por educadores y voluntariado de la Associaci\u00f3 Escola Benaiges, el grupo recorrer\u00e1 cinco comunidades aut\u00f3nomas (Castilla y Le\u00f3n, La Rioja, Navarra, Arag\u00f3n y Catalunya) en un viaje lleno de actividades l\u00fadicas, educativas y culturales.<\/p>\n<p data-start=\"1339\" data-end=\"1679\">El grupo llegar\u00e1 a Mont-roig del Camp el mi\u00e9rcoles 2 de julio y permanecer\u00e1 hasta el domingo 6 de julio, alojado en el C\u00e0mping Miramar. Entre las actividades programadas, destaca la asistencia a la proyecci\u00f3n de la pel\u00edcula <em data-start=\"1563\" data-end=\"1597\">El mestre que va prometre el mar<\/em>, que tendr\u00e1 lugar en Miami Platja en el marco del Festival de Cinema a la Fresca.<\/p>\n<p data-start=\"1681\" data-end=\"2163\">Este a\u00f1o, el mar adquiere un protagonismo especial. El grupo visitar\u00e1 playas emblem\u00e1ticas como la Pixerota, Sitges y la Barceloneta; har\u00e1 un paseo en barco en Tarragona, una visita al Museu Mar\u00edtim de Barcelona y descubrir\u00e1 la cultura mediterr\u00e1nea con actividades en Mas Mir\u00f3 y una ruta guiada por la Tarraco romana. Adem\u00e1s, visitar\u00e1n el Museu del Ferrocarril de Vilanova i la Geltr\u00fa, gracias a la colaboraci\u00f3n de RENFE, que facilita el transporte ferroviario durante todo el viaje.<\/p>\n<p data-start=\"2165\" data-end=\"2565\">La Misi\u00f3n Benaiges naci\u00f3 del compromiso de cumplir una promesa que el maestro Antoni Benaiges hizo en 1936: llevar a sus alumnos al mar. Una promesa truncada por su asesinato al inicio de la Guerra Civil. Hoy, esta iniciativa educativa y de memoria democr\u00e1tica recuerda y reivindica la figura del maestro, as\u00ed como los valores de la pedagog\u00eda republicana: dignidad, libertad, solidaridad y esperanza.<\/p>\n<p data-start=\"2572\" data-end=\"2600\"><strong data-start=\"2576\" data-end=\"2600\">517 kil\u00f3metros a pie<\/strong><\/p>\n<p data-start=\"2602\" data-end=\"2882\">Este a\u00f1o, la Misi\u00f3n\u00a0Benaiges ha incorporado una emotiva novedad: el reto personal de Enrique Mart\u00ednez Goro\u00f1o, miembro del proyecto, que ha querido rendir homenaje a la figura del maestro Antoni Benaiges con una caminata simb\u00f3lica desde Ba\u00f1uelos de Bureba hasta Mont-roig del Camp.<\/p>\n<p data-start=\"2884\" data-end=\"3062\">Enrique sali\u00f3 el 7 de junio de 2024 y, tras caminar una media de ocho horas diarias, lleg\u00f3 a Mont-roig el 26 de junio, coincidiendo con el aniversario del nacimiento del maestro.<\/p>\n<p data-start=\"3064\" data-end=\"3429\">Un recorrido de 517 km que ha servido para visibilizar tres ejes fundamentales: el papel de los maestros durante la Rep\u00fablica, la importancia de la memoria hist\u00f3rica y la difusi\u00f3n del proyecto Misi\u00f3n Benaiges. A su llegada, Enrique fue recibido por las concejalas Elvira Montagud y Marimar Urisel en la casa natal de Antoni Benaiges, en un acto cargado de simbolismo.<\/p>\n\n\t\t<!-- MasterSlider -->\n\t\t<div id=\"P_MS69f34fd1eb89d\" class=\"master-slider-parent master-slider-gallery   ms-parent-id-0\"  >\n\n\t\t\t\n\t\t\t<!-- MasterSlider Main -->\n\t\t\t<div id=\"MS69f34fd1eb89d\" class=\"master-slider ms-skin-default\" >\n\t\t\t\t \t\t\t\t \n\t\t\t<div  class=\"ms-slide\" data-delay=\"3\"    >\n\t\t\t\t\t<img decoding=\"async\" src=\"https:\/\/mont-roig.cat\/wp-content\/plugins\/masterslider\/public\/assets\/css\/blank.gif\" alt=\"Benaiges\" title=\"Benaiges\" data-src=\"https:\/\/mont-roig.cat\/wp-content\/uploadsArray\" \/>\n\t<a href=\"http:\/\/Array\" target=\"_self\"    >Benaiges<\/a>\n\n\t\t\t\t\t<div class=\"ms-info\">Benaiges<\/div>\n\n\n\t<img decoding=\"async\" class=\"ms-thumb\" src=\"https:\/\/mont-roig.cat\/wp-content\/uploadsArray\" alt=\"Benaiges\" \/>\n\t\t\t\t<\/div>\n\t\t\t<div  class=\"ms-slide\" data-delay=\"3\"    >\n\t\t\t\t\t<img decoding=\"async\" src=\"https:\/\/mont-roig.cat\/wp-content\/plugins\/masterslider\/public\/assets\/css\/blank.gif\" alt=\"Benaiges4\" title=\"Benaiges4\" data-src=\"https:\/\/mont-roig.cat\/wp-content\/uploadsArray\" \/>\n\t<a href=\"http:\/\/Array\" target=\"_self\"    >Benaiges4<\/a>\n\n\t\t\t\t\t<div class=\"ms-info\">Benaiges4<\/div>\n\n\n\t<img decoding=\"async\" class=\"ms-thumb\" src=\"https:\/\/mont-roig.cat\/wp-content\/uploadsArray\" alt=\"Benaiges4\" \/>\n\t\t\t\t<\/div>\n\t\t\t<div  class=\"ms-slide\" data-delay=\"3\"    >\n\t\t\t\t\t<img decoding=\"async\" src=\"https:\/\/mont-roig.cat\/wp-content\/plugins\/masterslider\/public\/assets\/css\/blank.gif\" alt=\"Benaiges6\" title=\"Benaiges6\" data-src=\"https:\/\/mont-roig.cat\/wp-content\/uploadsArray\" \/>\n\t<a href=\"http:\/\/Array\" target=\"_self\"    >Benaiges6<\/a>\n\n\t\t\t\t\t<div class=\"ms-info\">Benaiges6<\/div>\n\n\n\t<img decoding=\"async\" class=\"ms-thumb\" src=\"https:\/\/mont-roig.cat\/wp-content\/uploadsArray\" alt=\"Benaiges6\" \/>\n\t\t\t\t<\/div>\n\t\t\t<div  class=\"ms-slide\" data-delay=\"3\"    >\n\t\t\t\t\t<img decoding=\"async\" src=\"https:\/\/mont-roig.cat\/wp-content\/plugins\/masterslider\/public\/assets\/css\/blank.gif\" alt=\"Benaiges5\" title=\"Benaiges5\" data-src=\"https:\/\/mont-roig.cat\/wp-content\/uploadsArray\" \/>\n\t<a href=\"http:\/\/Array\" target=\"_self\"    >Benaiges5<\/a>\n\n\t\t\t\t\t<div class=\"ms-info\">Benaiges5<\/div>\n\n\n\t<img decoding=\"async\" class=\"ms-thumb\" src=\"https:\/\/mont-roig.cat\/wp-content\/uploadsArray\" alt=\"Benaiges5\" \/>\n\t\t\t\t<\/div>\n\t\t\t<div  class=\"ms-slide\" data-delay=\"3\"    >\n\t\t\t\t\t<img decoding=\"async\" src=\"https:\/\/mont-roig.cat\/wp-content\/plugins\/masterslider\/public\/assets\/css\/blank.gif\" alt=\"Benaiges2\" title=\"Benaiges2\" data-src=\"https:\/\/mont-roig.cat\/wp-content\/uploadsArray\" \/>\n\t<a href=\"http:\/\/Array\" target=\"_self\"    >Benaiges2<\/a>\n\n\t\t\t\t\t<div class=\"ms-info\">Benaiges2<\/div>\n\n\n\t<img decoding=\"async\" class=\"ms-thumb\" src=\"https:\/\/mont-roig.cat\/wp-content\/uploadsArray\" alt=\"Benaiges2\" \/>\n\t\t\t\t<\/div>\n\n\t\t\t<\/div>\n\t\t\t<!-- END MasterSlider Main -->\n\n\t\t\t \n\t\t<\/div>\n\t\t<!-- END MasterSlider -->\n\n\t\t<script>\n\t\t( window.MSReady = window.MSReady || [] ).push( function( $ ) {\n\n\t\t\t\"use strict\";\n\t\t\tvar masterslider_b89d = new MasterSlider();\n\n\t\t\t\/\/ slider controls\n\t\t\tmasterslider_b89d.control('arrows'     ,{ autohide:true, overVideo:true  });\n\t\t\tmasterslider_b89d.control('thumblist'  ,{ autohide:false, overVideo:true, dir:'h', speed:17, inset:false, arrows:false, hover:false, customClass:'', align:'bottom',type:'thumbs', margin:2, width:140, height:80, space:2, fillMode:'fill'  });\n\t\t\tmasterslider_b89d.control('slideinfo'  ,{ autohide:true, overVideo:true, dir:'h', align:'bottom',inset:true , margin:80  , size:30 });\n\t\t\t\/\/ slider setup\n\t\t\tmasterslider_b89d.setup(\"MS69f34fd1eb89d\", {\n\t\t\t\twidth           : 960,\n\t\t\t\theight          : 540,\n\t\t\t\tminHeight       : 0,\n\t\t\t\tspace           : 0,\n\t\t\t\tstart           : 1,\n\t\t\t\tgrabCursor      : true,\n\t\t\t\tswipe           : true,\n\t\t\t\tmouse           : true,\n\t\t\t\tkeyboard        : false,\n\t\t\t\tlayout          : \"fillwidth\",\n\t\t\t\twheel           : false,\n\t\t\t\tautoplay        : false,\n                instantStartLayers:false,\n\t\t\t\tmobileBGVideo:false,\n\t\t\t\tloop            : false,\n\t\t\t\tshuffle         : false,\n\t\t\t\tpreload         : 3,\n\t\t\t\theightLimit     : false,\n\t\t\t\tautoHeight      : false,\n\t\t\t\tsmoothHeight    : true,\n\t\t\t\tendPause        : false,\n\t\t\t\toverPause       : false,\n\t\t\t\tfillMode        : \"fill\",\n\t\t\t\tcenterControls  : true,\n\t\t\t\tstartOnAppear   : false,\n\t\t\t\tlayersMode      : \"center\",\n\t\t\t\tautofillTarget  : \"\",\n\t\t\t\thideLayers      : false,\n\t\t\t\tfullscreenMargin: 0,\n\t\t\t\tspeed           : 17,\n\t\t\t\tdir             : \"h\",\n\t\t\t\tparallaxMode    : 'swipe',\n\t\t\t\tview            : \"basic\"\n\t\t\t});\n\n\t\t\t\n\t\t\twindow.masterslider_instances = window.masterslider_instances || [];\n\t\t\twindow.masterslider_instances.push( masterslider_b89d );\n\t\t});\n\t\t<\/script>\n\n\n","protected":false},"excerpt":{"rendered":"<p>Enrique Mart\u00ednez Goro\u00f1o culmina una caminata de 517 km desde Ba\u00f1uelos de Bureba (Burgos) hasta Mont-roig del Camp, coincidiendo con el aniversario del maestro Antoni Benaiges El Ayuntamiento de Mont-roig del Camp colabora activamente, por segundo a\u00f1o consecutivo, con la Misi\u00f3n Benaiges, un proyecto sociocultural que reivindica la figura del maestro mont-rogenc Antoni Benaiges. En [&hellip;]<\/p>\n","protected":false},"author":13,"featured_media":84283,"comment_status":"closed","ping_status":"closed","sticky":false,"template":"","format":"standard","meta":{"inline_featured_image":false,"_monsterinsights_skip_tracking":false,"_monsterinsights_sitenote_active":false,"_monsterinsights_sitenote_note":"","_monsterinsights_sitenote_category":0,"footnotes":""},"categories":[98,101],"tags":[],"class_list":["post-84293","post","type-post","status-publish","format-standard","has-post-thumbnail","hentry","category-ayuntamiento","category-cultura-es"],"yoast_head":"<!-- This site is optimized with the Yoast SEO plugin v27.4 - https:\/\/yoast.com\/product\/yoast-seo-wordpress\/ -->\n<title>Mont-roig del Camp recibir\u00e1 la semana que viene a 23 ni\u00f1os y ni\u00f1as de la segunda edici\u00f3n de la Misi\u00f3n Benaiges - Ajuntament de Mont-roig del Camp<\/title>\n<meta name=\"robots\" content=\"index, follow, max-snippet:-1, max-image-preview:large, max-video-preview:-1\" \/>\n<link rel=\"canonical\" href=\"https:\/\/mont-roig.cat\/es\/actualitat\/noticies\/mont-roig-del-camp-recibira-la-semana-que-viene-a-23-ninos-y-ninas-de-la-segunda-edicion-de-la-missio-benaiges\/\" \/>\n<meta property=\"og:locale\" content=\"es_ES\" \/>\n<meta property=\"og:type\" content=\"article\" \/>\n<meta property=\"og:title\" content=\"Mont-roig del Camp recibir\u00e1 la semana que viene a 23 ni\u00f1os y ni\u00f1as de la segunda edici\u00f3n de la Misi\u00f3n Benaiges - Ajuntament de Mont-roig del Camp\" \/>\n<meta property=\"og:description\" content=\"Enrique Mart\u00ednez Goro\u00f1o culmina una caminata de 517 km desde Ba\u00f1uelos de Bureba (Burgos) hasta Mont-roig del Camp, coincidiendo con el aniversario del maestro Antoni Benaiges El Ayuntamiento de Mont-roig del Camp colabora activamente, por segundo a\u00f1o consecutivo, con la Misi\u00f3n Benaiges, un proyecto sociocultural que reivindica la figura del maestro mont-rogenc Antoni Benaiges. En [&hellip;]\" \/>\n<meta property=\"og:url\" content=\"https:\/\/mont-roig.cat\/es\/actualitat\/noticies\/mont-roig-del-camp-recibira-la-semana-que-viene-a-23-ninos-y-ninas-de-la-segunda-edicion-de-la-missio-benaiges\/\" \/>\n<meta property=\"og:site_name\" content=\"Ajuntament de Mont-roig del Camp\" \/>\n<meta property=\"article:published_time\" content=\"2025-06-27T09:51:36+00:00\" \/>\n<meta property=\"article:modified_time\" content=\"2025-06-28T16:49:38+00:00\" \/>\n<meta property=\"og:image\" content=\"https:\/\/mont-roig.cat\/wp-content\/uploads\/Benaiges3-1.jpg\" \/>\n\t<meta property=\"og:image:width\" content=\"1200\" \/>\n\t<meta property=\"og:image:height\" content=\"1600\" \/>\n\t<meta property=\"og:image:type\" content=\"image\/jpeg\" \/>\n<meta name=\"author\" content=\"comunicacio\" \/>\n<meta name=\"twitter:card\" content=\"summary_large_image\" \/>\n<meta name=\"twitter:label1\" content=\"Escrito por\" \/>\n\t<meta name=\"twitter:data1\" content=\"comunicacio\" \/>\n\t<meta name=\"twitter:label2\" content=\"Tiempo de lectura\" \/>\n\t<meta name=\"twitter:data2\" content=\"4 minutos\" \/>\n<script type=\"application\/ld+json\" class=\"yoast-schema-graph\">{\"@context\":\"https:\\\/\\\/schema.org\",\"@graph\":[{\"@type\":\"Article\",\"@id\":\"https:\\\/\\\/mont-roig.cat\\\/es\\\/actualitat\\\/noticies\\\/mont-roig-del-camp-recibira-la-semana-que-viene-a-23-ninos-y-ninas-de-la-segunda-edicion-de-la-missio-benaiges\\\/#article\",\"isPartOf\":{\"@id\":\"https:\\\/\\\/mont-roig.cat\\\/es\\\/actualitat\\\/noticies\\\/mont-roig-del-camp-recibira-la-semana-que-viene-a-23-ninos-y-ninas-de-la-segunda-edicion-de-la-missio-benaiges\\\/\"},\"author\":{\"name\":\"comunicacio\",\"@id\":\"https:\\\/\\\/mont-roig.cat\\\/es\\\/#\\\/schema\\\/person\\\/1f73e7b5e6f9dd122e8a6f14f310ac5e\"},\"headline\":\"Mont-roig del Camp recibir\u00e1 la semana que viene a 23 ni\u00f1os y ni\u00f1as de la segunda edici\u00f3n de la Misi\u00f3n Benaiges\",\"datePublished\":\"2025-06-27T09:51:36+00:00\",\"dateModified\":\"2025-06-28T16:49:38+00:00\",\"mainEntityOfPage\":{\"@id\":\"https:\\\/\\\/mont-roig.cat\\\/es\\\/actualitat\\\/noticies\\\/mont-roig-del-camp-recibira-la-semana-que-viene-a-23-ninos-y-ninas-de-la-segunda-edicion-de-la-missio-benaiges\\\/\"},\"wordCount\":605,\"image\":{\"@id\":\"https:\\\/\\\/mont-roig.cat\\\/es\\\/actualitat\\\/noticies\\\/mont-roig-del-camp-recibira-la-semana-que-viene-a-23-ninos-y-ninas-de-la-segunda-edicion-de-la-missio-benaiges\\\/#primaryimage\"},\"thumbnailUrl\":\"https:\\\/\\\/mont-roig.cat\\\/wp-content\\\/uploads\\\/Benaiges3-1.jpg\",\"articleSection\":[\"Ayuntamiento\",\"Cultura\"],\"inLanguage\":\"es\"},{\"@type\":\"WebPage\",\"@id\":\"https:\\\/\\\/mont-roig.cat\\\/es\\\/actualitat\\\/noticies\\\/mont-roig-del-camp-recibira-la-semana-que-viene-a-23-ninos-y-ninas-de-la-segunda-edicion-de-la-missio-benaiges\\\/\",\"url\":\"https:\\\/\\\/mont-roig.cat\\\/es\\\/actualitat\\\/noticies\\\/mont-roig-del-camp-recibira-la-semana-que-viene-a-23-ninos-y-ninas-de-la-segunda-edicion-de-la-missio-benaiges\\\/\",\"name\":\"Mont-roig del Camp recibir\u00e1 la semana que viene a 23 ni\u00f1os y ni\u00f1as de la segunda edici\u00f3n de la Misi\u00f3n Benaiges - Ajuntament de Mont-roig del Camp\",\"isPartOf\":{\"@id\":\"https:\\\/\\\/mont-roig.cat\\\/es\\\/#website\"},\"primaryImageOfPage\":{\"@id\":\"https:\\\/\\\/mont-roig.cat\\\/es\\\/actualitat\\\/noticies\\\/mont-roig-del-camp-recibira-la-semana-que-viene-a-23-ninos-y-ninas-de-la-segunda-edicion-de-la-missio-benaiges\\\/#primaryimage\"},\"image\":{\"@id\":\"https:\\\/\\\/mont-roig.cat\\\/es\\\/actualitat\\\/noticies\\\/mont-roig-del-camp-recibira-la-semana-que-viene-a-23-ninos-y-ninas-de-la-segunda-edicion-de-la-missio-benaiges\\\/#primaryimage\"},\"thumbnailUrl\":\"https:\\\/\\\/mont-roig.cat\\\/wp-content\\\/uploads\\\/Benaiges3-1.jpg\",\"datePublished\":\"2025-06-27T09:51:36+00:00\",\"dateModified\":\"2025-06-28T16:49:38+00:00\",\"author\":{\"@id\":\"https:\\\/\\\/mont-roig.cat\\\/es\\\/#\\\/schema\\\/person\\\/1f73e7b5e6f9dd122e8a6f14f310ac5e\"},\"breadcrumb\":{\"@id\":\"https:\\\/\\\/mont-roig.cat\\\/es\\\/actualitat\\\/noticies\\\/mont-roig-del-camp-recibira-la-semana-que-viene-a-23-ninos-y-ninas-de-la-segunda-edicion-de-la-missio-benaiges\\\/#breadcrumb\"},\"inLanguage\":\"es\",\"potentialAction\":[{\"@type\":\"ReadAction\",\"target\":[\"https:\\\/\\\/mont-roig.cat\\\/es\\\/actualitat\\\/noticies\\\/mont-roig-del-camp-recibira-la-semana-que-viene-a-23-ninos-y-ninas-de-la-segunda-edicion-de-la-missio-benaiges\\\/\"]}]},{\"@type\":\"ImageObject\",\"inLanguage\":\"es\",\"@id\":\"https:\\\/\\\/mont-roig.cat\\\/es\\\/actualitat\\\/noticies\\\/mont-roig-del-camp-recibira-la-semana-que-viene-a-23-ninos-y-ninas-de-la-segunda-edicion-de-la-missio-benaiges\\\/#primaryimage\",\"url\":\"https:\\\/\\\/mont-roig.cat\\\/wp-content\\\/uploads\\\/Benaiges3-1.jpg\",\"contentUrl\":\"https:\\\/\\\/mont-roig.cat\\\/wp-content\\\/uploads\\\/Benaiges3-1.jpg\",\"width\":1200,\"height\":1600},{\"@type\":\"BreadcrumbList\",\"@id\":\"https:\\\/\\\/mont-roig.cat\\\/es\\\/actualitat\\\/noticies\\\/mont-roig-del-camp-recibira-la-semana-que-viene-a-23-ninos-y-ninas-de-la-segunda-edicion-de-la-missio-benaiges\\\/#breadcrumb\",\"itemListElement\":[{\"@type\":\"ListItem\",\"position\":1,\"name\":\"Inici\",\"item\":\"https:\\\/\\\/mont-roig.cat\\\/es\\\/pagina-de-inicio\\\/\"},{\"@type\":\"ListItem\",\"position\":2,\"name\":\"Mont-roig del Camp recibir\u00e1 la semana que viene a 23 ni\u00f1os y ni\u00f1as de la segunda edici\u00f3n de la Misi\u00f3n Benaiges\"}]},{\"@type\":\"WebSite\",\"@id\":\"https:\\\/\\\/mont-roig.cat\\\/es\\\/#website\",\"url\":\"https:\\\/\\\/mont-roig.cat\\\/es\\\/\",\"name\":\"Ajuntament de Mont-roig del Camp\",\"description\":\"Tota la informaci\u00f3 sobre la instituci\u00f3, els seus \u00f2rgans de govern, actualitat, serveis i molt m\u00e9s.\",\"potentialAction\":[{\"@type\":\"SearchAction\",\"target\":{\"@type\":\"EntryPoint\",\"urlTemplate\":\"https:\\\/\\\/mont-roig.cat\\\/es\\\/?s={search_term_string}\"},\"query-input\":{\"@type\":\"PropertyValueSpecification\",\"valueRequired\":true,\"valueName\":\"search_term_string\"}}],\"inLanguage\":\"es\"},{\"@type\":\"Person\",\"@id\":\"https:\\\/\\\/mont-roig.cat\\\/es\\\/#\\\/schema\\\/person\\\/1f73e7b5e6f9dd122e8a6f14f310ac5e\",\"name\":\"comunicacio\",\"image\":{\"@type\":\"ImageObject\",\"inLanguage\":\"es\",\"@id\":\"https:\\\/\\\/secure.gravatar.com\\\/avatar\\\/98944333e7a877670a64f8d10f0cb680ab2c9ebc4efc43945ef004b52b5ad28c?s=96&d=mm&r=g\",\"url\":\"https:\\\/\\\/secure.gravatar.com\\\/avatar\\\/98944333e7a877670a64f8d10f0cb680ab2c9ebc4efc43945ef004b52b5ad28c?s=96&d=mm&r=g\",\"contentUrl\":\"https:\\\/\\\/secure.gravatar.com\\\/avatar\\\/98944333e7a877670a64f8d10f0cb680ab2c9ebc4efc43945ef004b52b5ad28c?s=96&d=mm&r=g\",\"caption\":\"comunicacio\"},\"url\":\"https:\\\/\\\/mont-roig.cat\\\/es\\\/actualitat\\\/noticies\\\/author\\\/comunicacio\\\/\"}]}<\/script>\n<!-- \/ Yoast SEO plugin. -->","yoast_head_json":{"title":"Mont-roig del Camp recibir\u00e1 la semana que viene a 23 ni\u00f1os y ni\u00f1as de la segunda edici\u00f3n de la Misi\u00f3n Benaiges - Ajuntament de Mont-roig del Camp","robots":{"index":"index","follow":"follow","max-snippet":"max-snippet:-1","max-image-preview":"max-image-preview:large","max-video-preview":"max-video-preview:-1"},"canonical":"https:\/\/mont-roig.cat\/es\/actualitat\/noticies\/mont-roig-del-camp-recibira-la-semana-que-viene-a-23-ninos-y-ninas-de-la-segunda-edicion-de-la-missio-benaiges\/","og_locale":"es_ES","og_type":"article","og_title":"Mont-roig del Camp recibir\u00e1 la semana que viene a 23 ni\u00f1os y ni\u00f1as de la segunda edici\u00f3n de la Misi\u00f3n Benaiges - Ajuntament de Mont-roig del Camp","og_description":"Enrique Mart\u00ednez Goro\u00f1o culmina una caminata de 517 km desde Ba\u00f1uelos de Bureba (Burgos) hasta Mont-roig del Camp, coincidiendo con el aniversario del maestro Antoni Benaiges El Ayuntamiento de Mont-roig del Camp colabora activamente, por segundo a\u00f1o consecutivo, con la Misi\u00f3n Benaiges, un proyecto sociocultural que reivindica la figura del maestro mont-rogenc Antoni Benaiges. En [&hellip;]","og_url":"https:\/\/mont-roig.cat\/es\/actualitat\/noticies\/mont-roig-del-camp-recibira-la-semana-que-viene-a-23-ninos-y-ninas-de-la-segunda-edicion-de-la-missio-benaiges\/","og_site_name":"Ajuntament de Mont-roig del Camp","article_published_time":"2025-06-27T09:51:36+00:00","article_modified_time":"2025-06-28T16:49:38+00:00","og_image":[{"width":1200,"height":1600,"url":"https:\/\/mont-roig.cat\/wp-content\/uploads\/Benaiges3-1.jpg","type":"image\/jpeg"}],"author":"comunicacio","twitter_card":"summary_large_image","twitter_misc":{"Escrito por":"comunicacio","Tiempo de lectura":"4 minutos"},"schema":{"@context":"https:\/\/schema.org","@graph":[{"@type":"Article","@id":"https:\/\/mont-roig.cat\/es\/actualitat\/noticies\/mont-roig-del-camp-recibira-la-semana-que-viene-a-23-ninos-y-ninas-de-la-segunda-edicion-de-la-missio-benaiges\/#article","isPartOf":{"@id":"https:\/\/mont-roig.cat\/es\/actualitat\/noticies\/mont-roig-del-camp-recibira-la-semana-que-viene-a-23-ninos-y-ninas-de-la-segunda-edicion-de-la-missio-benaiges\/"},"author":{"name":"comunicacio","@id":"https:\/\/mont-roig.cat\/es\/#\/schema\/person\/1f73e7b5e6f9dd122e8a6f14f310ac5e"},"headline":"Mont-roig del Camp recibir\u00e1 la semana que viene a 23 ni\u00f1os y ni\u00f1as de la segunda edici\u00f3n de la Misi\u00f3n Benaiges","datePublished":"2025-06-27T09:51:36+00:00","dateModified":"2025-06-28T16:49:38+00:00","mainEntityOfPage":{"@id":"https:\/\/mont-roig.cat\/es\/actualitat\/noticies\/mont-roig-del-camp-recibira-la-semana-que-viene-a-23-ninos-y-ninas-de-la-segunda-edicion-de-la-missio-benaiges\/"},"wordCount":605,"image":{"@id":"https:\/\/mont-roig.cat\/es\/actualitat\/noticies\/mont-roig-del-camp-recibira-la-semana-que-viene-a-23-ninos-y-ninas-de-la-segunda-edicion-de-la-missio-benaiges\/#primaryimage"},"thumbnailUrl":"https:\/\/mont-roig.cat\/wp-content\/uploads\/Benaiges3-1.jpg","articleSection":["Ayuntamiento","Cultura"],"inLanguage":"es"},{"@type":"WebPage","@id":"https:\/\/mont-roig.cat\/es\/actualitat\/noticies\/mont-roig-del-camp-recibira-la-semana-que-viene-a-23-ninos-y-ninas-de-la-segunda-edicion-de-la-missio-benaiges\/","url":"https:\/\/mont-roig.cat\/es\/actualitat\/noticies\/mont-roig-del-camp-recibira-la-semana-que-viene-a-23-ninos-y-ninas-de-la-segunda-edicion-de-la-missio-benaiges\/","name":"Mont-roig del Camp recibir\u00e1 la semana que viene a 23 ni\u00f1os y ni\u00f1as de la segunda edici\u00f3n de la Misi\u00f3n Benaiges - Ajuntament de Mont-roig del Camp","isPartOf":{"@id":"https:\/\/mont-roig.cat\/es\/#website"},"primaryImageOfPage":{"@id":"https:\/\/mont-roig.cat\/es\/actualitat\/noticies\/mont-roig-del-camp-recibira-la-semana-que-viene-a-23-ninos-y-ninas-de-la-segunda-edicion-de-la-missio-benaiges\/#primaryimage"},"image":{"@id":"https:\/\/mont-roig.cat\/es\/actualitat\/noticies\/mont-roig-del-camp-recibira-la-semana-que-viene-a-23-ninos-y-ninas-de-la-segunda-edicion-de-la-missio-benaiges\/#primaryimage"},"thumbnailUrl":"https:\/\/mont-roig.cat\/wp-content\/uploads\/Benaiges3-1.jpg","datePublished":"2025-06-27T09:51:36+00:00","dateModified":"2025-06-28T16:49:38+00:00","author":{"@id":"https:\/\/mont-roig.cat\/es\/#\/schema\/person\/1f73e7b5e6f9dd122e8a6f14f310ac5e"},"breadcrumb":{"@id":"https:\/\/mont-roig.cat\/es\/actualitat\/noticies\/mont-roig-del-camp-recibira-la-semana-que-viene-a-23-ninos-y-ninas-de-la-segunda-edicion-de-la-missio-benaiges\/#breadcrumb"},"inLanguage":"es","potentialAction":[{"@type":"ReadAction","target":["https:\/\/mont-roig.cat\/es\/actualitat\/noticies\/mont-roig-del-camp-recibira-la-semana-que-viene-a-23-ninos-y-ninas-de-la-segunda-edicion-de-la-missio-benaiges\/"]}]},{"@type":"ImageObject","inLanguage":"es","@id":"https:\/\/mont-roig.cat\/es\/actualitat\/noticies\/mont-roig-del-camp-recibira-la-semana-que-viene-a-23-ninos-y-ninas-de-la-segunda-edicion-de-la-missio-benaiges\/#primaryimage","url":"https:\/\/mont-roig.cat\/wp-content\/uploads\/Benaiges3-1.jpg","contentUrl":"https:\/\/mont-roig.cat\/wp-content\/uploads\/Benaiges3-1.jpg","width":1200,"height":1600},{"@type":"BreadcrumbList","@id":"https:\/\/mont-roig.cat\/es\/actualitat\/noticies\/mont-roig-del-camp-recibira-la-semana-que-viene-a-23-ninos-y-ninas-de-la-segunda-edicion-de-la-missio-benaiges\/#breadcrumb","itemListElement":[{"@type":"ListItem","position":1,"name":"Inici","item":"https:\/\/mont-roig.cat\/es\/pagina-de-inicio\/"},{"@type":"ListItem","position":2,"name":"Mont-roig del Camp recibir\u00e1 la semana que viene a 23 ni\u00f1os y ni\u00f1as de la segunda edici\u00f3n de la Misi\u00f3n Benaiges"}]},{"@type":"WebSite","@id":"https:\/\/mont-roig.cat\/es\/#website","url":"https:\/\/mont-roig.cat\/es\/","name":"Ajuntament de Mont-roig del Camp","description":"Tota la informaci\u00f3 sobre la instituci\u00f3, els seus \u00f2rgans de govern, actualitat, serveis i molt m\u00e9s.","potentialAction":[{"@type":"SearchAction","target":{"@type":"EntryPoint","urlTemplate":"https:\/\/mont-roig.cat\/es\/?s={search_term_string}"},"query-input":{"@type":"PropertyValueSpecification","valueRequired":true,"valueName":"search_term_string"}}],"inLanguage":"es"},{"@type":"Person","@id":"https:\/\/mont-roig.cat\/es\/#\/schema\/person\/1f73e7b5e6f9dd122e8a6f14f310ac5e","name":"comunicacio","image":{"@type":"ImageObject","inLanguage":"es","@id":"https:\/\/secure.gravatar.com\/avatar\/98944333e7a877670a64f8d10f0cb680ab2c9ebc4efc43945ef004b52b5ad28c?s=96&d=mm&r=g","url":"https:\/\/secure.gravatar.com\/avatar\/98944333e7a877670a64f8d10f0cb680ab2c9ebc4efc43945ef004b52b5ad28c?s=96&d=mm&r=g","contentUrl":"https:\/\/secure.gravatar.com\/avatar\/98944333e7a877670a64f8d10f0cb680ab2c9ebc4efc43945ef004b52b5ad28c?s=96&d=mm&r=g","caption":"comunicacio"},"url":"https:\/\/mont-roig.cat\/es\/actualitat\/noticies\/author\/comunicacio\/"}]}},"_links":{"self":[{"href":"https:\/\/mont-roig.cat\/es\/wp-json\/wp\/v2\/posts\/84293","targetHints":{"allow":["GET"]}}],"collection":[{"href":"https:\/\/mont-roig.cat\/es\/wp-json\/wp\/v2\/posts"}],"about":[{"href":"https:\/\/mont-roig.cat\/es\/wp-json\/wp\/v2\/types\/post"}],"author":[{"embeddable":true,"href":"https:\/\/mont-roig.cat\/es\/wp-json\/wp\/v2\/users\/13"}],"replies":[{"embeddable":true,"href":"https:\/\/mont-roig.cat\/es\/wp-json\/wp\/v2\/comments?post=84293"}],"version-history":[{"count":3,"href":"https:\/\/mont-roig.cat\/es\/wp-json\/wp\/v2\/posts\/84293\/revisions"}],"predecessor-version":[{"id":84351,"href":"https:\/\/mont-roig.cat\/es\/wp-json\/wp\/v2\/posts\/84293\/revisions\/84351"}],"wp:featuredmedia":[{"embeddable":true,"href":"https:\/\/mont-roig.cat\/es\/wp-json\/wp\/v2\/media\/84283"}],"wp:attachment":[{"href":"https:\/\/mont-roig.cat\/es\/wp-json\/wp\/v2\/media?parent=84293"}],"wp:term":[{"taxonomy":"category","embeddable":true,"href":"https:\/\/mont-roig.cat\/es\/wp-json\/wp\/v2\/categories?post=84293"},{"taxonomy":"post_tag","embeddable":true,"href":"https:\/\/mont-roig.cat\/es\/wp-json\/wp\/v2\/tags?post=84293"}],"curies":[{"name":"wp","href":"https:\/\/api.w.org\/{rel}","templated":true}]}}