{"id":84363,"date":"2025-06-30T11:50:57","date_gmt":"2025-06-30T09:50:57","guid":{"rendered":"https:\/\/mont-roig.cat\/actualitat\/noticies\/campanya-informativa-municipal-per-impulsar-el-reciclatge-porta-a-porta-i-donar-a-coneixer-la-taxa-justa\/"},"modified":"2025-06-30T12:02:01","modified_gmt":"2025-06-30T10:02:01","slug":"campana-informativa-municipal-para-impulsar-el-reciclaje-puerta-a-puerta-y-dar-a-conocer-la-tasa-justa","status":"publish","type":"post","link":"https:\/\/mont-roig.cat\/es\/actualitat\/noticies\/campana-informativa-municipal-para-impulsar-el-reciclaje-puerta-a-puerta-y-dar-a-conocer-la-tasa-justa\/","title":{"rendered":"Campa\u00f1a informativa municipal para impulsar el reciclaje puerta a puerta y dar a conocer la Tasa Justa"},"content":{"rendered":"<p><strong><strong><a href=\"https:\/\/mont-roig.cat\/wp-content\/uploads\/MMR_TAXA_JUSTA_PAP_STORIE-scaled.png\" target=\"_blank\" rel=\"noopener\"><img loading=\"lazy\" decoding=\"async\" class=\"alignright wp-image-84357\" src=\"https:\/\/mont-roig.cat\/wp-content\/uploads\/MMR_TAXA_JUSTA_PAP_STORIE-281x500.png\" alt=\"\" width=\"223\" height=\"397\" srcset=\"https:\/\/mont-roig.cat\/wp-content\/uploads\/MMR_TAXA_JUSTA_PAP_STORIE-281x500.png 281w, https:\/\/mont-roig.cat\/wp-content\/uploads\/MMR_TAXA_JUSTA_PAP_STORIE-576x1024.png 576w, https:\/\/mont-roig.cat\/wp-content\/uploads\/MMR_TAXA_JUSTA_PAP_STORIE-768x1365.png 768w, https:\/\/mont-roig.cat\/wp-content\/uploads\/MMR_TAXA_JUSTA_PAP_STORIE-864x1536.png 864w, https:\/\/mont-roig.cat\/wp-content\/uploads\/MMR_TAXA_JUSTA_PAP_STORIE-scaled.png 1152w\" sizes=\"auto, (max-width: 223px) 100vw, 223px\" \/><\/a><\/strong><\/strong><\/p>\n<article class=\"text-token-text-primary w-full\" dir=\"auto\" data-testid=\"conversation-turn-2\" data-scroll-anchor=\"true\">\n<div class=\"text-base my-auto mx-auto py-5 [--thread-content-margin:--spacing(4)] @[37rem]:[--thread-content-margin:--spacing(6)] @[72rem]:[--thread-content-margin:--spacing(16)] px-(--thread-content-margin)\">\n<div class=\"[--thread-content-max-width:32rem] @[34rem]:[--thread-content-max-width:40rem] @[64rem]:[--thread-content-max-width:48rem] mx-auto flex max-w-(--thread-content-max-width) flex-1 text-base gap-4 md:gap-5 lg:gap-6 group\/turn-messages focus-visible:outline-hidden\" tabindex=\"-1\">\n<div class=\"group\/conversation-turn relative flex w-full min-w-0 flex-col agent-turn\">\n<div class=\"relative flex-col gap-1 md:gap-3\">\n<div class=\"flex max-w-full flex-col grow\">\n<div class=\"min-h-8 text-message relative flex w-full flex-col items-end gap-2 text-start break-words whitespace-normal [.text-message+&amp;]:mt-5\" dir=\"auto\" data-message-author-role=\"assistant\" data-message-id=\"ec4bfb37-3f83-4a63-a68b-fa38425b3e24\" data-message-model-slug=\"gpt-4o\">\n<div class=\"flex w-full flex-col gap-1 empty:hidden first:pt-[3px]\">\n<div class=\"markdown prose dark:prose-invert w-full break-words light\">\n<ul>\n<li data-start=\"175\" data-end=\"400\"><strong>El Ayuntamiento de Mont-roig del Camp explicar\u00e1 del 2 al 23 de julio, en las zonas donde est\u00e1 implantado el sistema Puerta a Puerta, las novedades de la recogida selectiva, que responden a las normativas europeas y estatales.<\/strong><\/li>\n<\/ul>\n<p data-start=\"402\" data-end=\"814\">El Ayuntamiento de Mont-roig del Camp pondr\u00e1 en marcha, del 2 al 23 de julio, una nueva campa\u00f1a informativa intensiva en las urbanizaciones de Club Mont-roig, Costa Z\u00e8fir y Bonmont. Estas zonas, donde ya est\u00e1 implantado el sistema de recogida selectiva Puerta a Puerta, ser\u00e1n el escenario de una acci\u00f3n pensada para explicar las mejoras del servicio y fomentar una gesti\u00f3n de residuos m\u00e1s eficiente y sostenible.<\/p>\n<p data-start=\"816\" data-end=\"1419\">Uno de los pilares de esta campa\u00f1a es la introducci\u00f3n de la Tasa Justa, un nuevo sistema de gesti\u00f3n que premia el reciclaje y busca un modelo m\u00e1s equitativo y respetuoso con el medio ambiente. Esta medida responde a las normativas europeas y estatales, que exigen una mejora en la recogida y tratamiento de los residuos. La Tasa Justa establece un criterio de pago basado en la cantidad y el tipo de residuos generados, promoviendo la responsabilidad individual y colectiva. As\u00ed, los hogares que m\u00e1s reciclen pagar\u00e1n menos, incentivando la reducci\u00f3n de residuos y el aumento de los \u00edndices de reciclaje.<\/p>\n<p data-start=\"1421\" data-end=\"1820\">Inicialmente, este sistema se aplicar\u00e1 en las zonas con Puerta a Puerta, parte de los contenedores soterrados con identificaci\u00f3n y en los establecimientos comerciales y de restauraci\u00f3n del municipio. Est\u00e1 previsto que entre en vigor en el a\u00f1o 2026, a partir de los datos obtenidos durante parte del 2025. El consistorio comunicar\u00e1 con antelaci\u00f3n los detalles del funcionamiento de la cuota variable.<\/p>\n<p data-start=\"1421\" data-end=\"1820\"><strong>Cierre de \u00e1reas de emergencia<\/strong><\/p>\n<p data-start=\"1857\" data-end=\"2250\">La campa\u00f1a tambi\u00e9n incluir\u00e1 informaci\u00f3n sobre el cierre progresivo de las \u00e1reas de emergencia, que pasar\u00e1n a tener acceso restringido mediante un c\u00f3digo personal a trav\u00e9s de la app Civiwaste. Durante las dos primeras semanas de julio, estas \u00e1reas permanecer\u00e1n abiertas y contar\u00e1n con puntos informativos itinerantes para ayudar a la ciudadan\u00eda en el uso de la aplicaci\u00f3n y resoluci\u00f3n de dudas.<\/p>\n<p data-start=\"2252\" data-end=\"2536\">Adem\u00e1s, se anunciar\u00e1 la ampliaci\u00f3n del calendario de recogida, que a partir de julio incluir\u00e1 tambi\u00e9n los s\u00e1bados por la noche, con la recogida de la fracci\u00f3n org\u00e1nica y de envases. Esta mejora busca adaptar el servicio a los h\u00e1bitos reales de las familias y optimizar los resultados.<\/p>\n<p data-start=\"2538\" data-end=\"2787\">La campa\u00f1a se desarrollar\u00e1 a trav\u00e9s de visitas informativas puerta a puerta, puntos m\u00f3viles, v\u00eddeos explicativos y materiales divulgativos que recordar\u00e1n c\u00f3mo separar correctamente los residuos, utilizar la app y entender el nuevo modelo de gesti\u00f3n.<\/p>\n<p data-start=\"2789\" data-end=\"2813\">Mejorar el reciclaje<\/p>\n<p data-start=\"2815\" data-end=\"3124\">El objetivo de todo este despliegue es claro: aumentar la participaci\u00f3n, mejorar los \u00edndices de reciclaje \u2014actualmente del 48% en las zonas con Puerta a Puerta, frente al 17% en las zonas con contenedores\u2014 y garantizar el cumplimiento de las directivas europeas, que establecen un m\u00ednimo del 55% de reciclaje.<\/p>\n<p data-start=\"3126\" data-end=\"3164\" data-is-last-node=\"\" data-is-only-node=\"\">Informaci\u00f3n de la campa\u00f1a <a href=\"https:\/\/mont-roig.cat\/wp-content\/uploads\/campanya_TAXA_JUSTA_PAP_web.pdf\" target=\"_blank\" rel=\"noopener\">en este pdf.<\/a><\/p>\n<\/div>\n<\/div>\n<\/div>\n<\/div>\n<div class=\"flex min-h-[46px] justify-start\"><\/div>\n<\/div>\n<\/div>\n<\/div>\n<\/div>\n<\/article>\n","protected":false},"excerpt":{"rendered":"<p>El Ayuntamiento de Mont-roig del Camp explicar\u00e1 del 2 al 23 de julio, en las zonas donde est\u00e1 implantado el sistema Puerta a Puerta, las novedades de la recogida selectiva, que responden a las normativas europeas y estatales. El Ayuntamiento de Mont-roig del Camp pondr\u00e1 en marcha, del 2 al 23 de julio, una nueva [&hellip;]<\/p>\n","protected":false},"author":13,"featured_media":84354,"comment_status":"closed","ping_status":"closed","sticky":false,"template":"","format":"standard","meta":{"inline_featured_image":false,"_monsterinsights_skip_tracking":false,"_monsterinsights_sitenote_active":false,"_monsterinsights_sitenote_note":"","_monsterinsights_sitenote_category":0,"footnotes":""},"categories":[98,143],"tags":[],"class_list":["post-84363","post","type-post","status-publish","format-standard","has-post-thumbnail","hentry","category-ayuntamiento","category-residuos-es"],"yoast_head":"<!-- This site is optimized with the Yoast SEO plugin v27.4 - https:\/\/yoast.com\/product\/yoast-seo-wordpress\/ -->\n<title>Campa\u00f1a informativa municipal para impulsar el reciclaje puerta a puerta y dar a conocer la Tasa Justa - Ajuntament de Mont-roig del Camp<\/title>\n<meta name=\"robots\" content=\"index, follow, max-snippet:-1, max-image-preview:large, max-video-preview:-1\" \/>\n<link rel=\"canonical\" href=\"https:\/\/mont-roig.cat\/es\/actualitat\/noticies\/campana-informativa-municipal-para-impulsar-el-reciclaje-puerta-a-puerta-y-dar-a-conocer-la-tasa-justa\/\" \/>\n<meta property=\"og:locale\" content=\"es_ES\" \/>\n<meta property=\"og:type\" content=\"article\" \/>\n<meta property=\"og:title\" content=\"Campa\u00f1a informativa municipal para impulsar el reciclaje puerta a puerta y dar a conocer la Tasa Justa - Ajuntament de Mont-roig del Camp\" \/>\n<meta property=\"og:description\" content=\"El Ayuntamiento de Mont-roig del Camp explicar\u00e1 del 2 al 23 de julio, en las zonas donde est\u00e1 implantado el sistema Puerta a Puerta, las novedades de la recogida selectiva, que responden a las normativas europeas y estatales. El Ayuntamiento de Mont-roig del Camp pondr\u00e1 en marcha, del 2 al 23 de julio, una nueva [&hellip;]\" \/>\n<meta property=\"og:url\" content=\"https:\/\/mont-roig.cat\/es\/actualitat\/noticies\/campana-informativa-municipal-para-impulsar-el-reciclaje-puerta-a-puerta-y-dar-a-conocer-la-tasa-justa\/\" \/>\n<meta property=\"og:site_name\" content=\"Ajuntament de Mont-roig del Camp\" \/>\n<meta property=\"article:published_time\" content=\"2025-06-30T09:50:57+00:00\" \/>\n<meta property=\"article:modified_time\" content=\"2025-06-30T10:02:01+00:00\" \/>\n<meta property=\"og:image\" content=\"https:\/\/mont-roig.cat\/wp-content\/uploads\/MMR_TAXA_JUSTA_PAP_META-scaled.png\" \/>\n\t<meta property=\"og:image:width\" content=\"2048\" \/>\n\t<meta property=\"og:image:height\" content=\"1076\" \/>\n\t<meta property=\"og:image:type\" content=\"image\/png\" \/>\n<meta name=\"author\" content=\"comunicacio\" \/>\n<meta name=\"twitter:card\" content=\"summary_large_image\" \/>\n<meta name=\"twitter:label1\" content=\"Escrito por\" \/>\n\t<meta name=\"twitter:data1\" content=\"comunicacio\" \/>\n\t<meta name=\"twitter:label2\" content=\"Tiempo de lectura\" \/>\n\t<meta name=\"twitter:data2\" content=\"4 minutos\" \/>\n<script type=\"application\/ld+json\" class=\"yoast-schema-graph\">{\"@context\":\"https:\\\/\\\/schema.org\",\"@graph\":[{\"@type\":\"Article\",\"@id\":\"https:\\\/\\\/mont-roig.cat\\\/es\\\/actualitat\\\/noticies\\\/campana-informativa-municipal-para-impulsar-el-reciclaje-puerta-a-puerta-y-dar-a-conocer-la-tasa-justa\\\/#article\",\"isPartOf\":{\"@id\":\"https:\\\/\\\/mont-roig.cat\\\/es\\\/actualitat\\\/noticies\\\/campana-informativa-municipal-para-impulsar-el-reciclaje-puerta-a-puerta-y-dar-a-conocer-la-tasa-justa\\\/\"},\"author\":{\"name\":\"comunicacio\",\"@id\":\"https:\\\/\\\/mont-roig.cat\\\/es\\\/#\\\/schema\\\/person\\\/1f73e7b5e6f9dd122e8a6f14f310ac5e\"},\"headline\":\"Campa\u00f1a informativa municipal para impulsar el reciclaje puerta a puerta y dar a conocer la Tasa Justa\",\"datePublished\":\"2025-06-30T09:50:57+00:00\",\"dateModified\":\"2025-06-30T10:02:01+00:00\",\"mainEntityOfPage\":{\"@id\":\"https:\\\/\\\/mont-roig.cat\\\/es\\\/actualitat\\\/noticies\\\/campana-informativa-municipal-para-impulsar-el-reciclaje-puerta-a-puerta-y-dar-a-conocer-la-tasa-justa\\\/\"},\"wordCount\":534,\"image\":{\"@id\":\"https:\\\/\\\/mont-roig.cat\\\/es\\\/actualitat\\\/noticies\\\/campana-informativa-municipal-para-impulsar-el-reciclaje-puerta-a-puerta-y-dar-a-conocer-la-tasa-justa\\\/#primaryimage\"},\"thumbnailUrl\":\"https:\\\/\\\/mont-roig.cat\\\/wp-content\\\/uploads\\\/MMR_TAXA_JUSTA_PAP_META-scaled.png\",\"articleSection\":[\"Ayuntamiento\",\"Residuos\"],\"inLanguage\":\"es\"},{\"@type\":\"WebPage\",\"@id\":\"https:\\\/\\\/mont-roig.cat\\\/es\\\/actualitat\\\/noticies\\\/campana-informativa-municipal-para-impulsar-el-reciclaje-puerta-a-puerta-y-dar-a-conocer-la-tasa-justa\\\/\",\"url\":\"https:\\\/\\\/mont-roig.cat\\\/es\\\/actualitat\\\/noticies\\\/campana-informativa-municipal-para-impulsar-el-reciclaje-puerta-a-puerta-y-dar-a-conocer-la-tasa-justa\\\/\",\"name\":\"Campa\u00f1a informativa municipal para impulsar el reciclaje puerta a puerta y dar a conocer la Tasa Justa - Ajuntament de Mont-roig del Camp\",\"isPartOf\":{\"@id\":\"https:\\\/\\\/mont-roig.cat\\\/es\\\/#website\"},\"primaryImageOfPage\":{\"@id\":\"https:\\\/\\\/mont-roig.cat\\\/es\\\/actualitat\\\/noticies\\\/campana-informativa-municipal-para-impulsar-el-reciclaje-puerta-a-puerta-y-dar-a-conocer-la-tasa-justa\\\/#primaryimage\"},\"image\":{\"@id\":\"https:\\\/\\\/mont-roig.cat\\\/es\\\/actualitat\\\/noticies\\\/campana-informativa-municipal-para-impulsar-el-reciclaje-puerta-a-puerta-y-dar-a-conocer-la-tasa-justa\\\/#primaryimage\"},\"thumbnailUrl\":\"https:\\\/\\\/mont-roig.cat\\\/wp-content\\\/uploads\\\/MMR_TAXA_JUSTA_PAP_META-scaled.png\",\"datePublished\":\"2025-06-30T09:50:57+00:00\",\"dateModified\":\"2025-06-30T10:02:01+00:00\",\"author\":{\"@id\":\"https:\\\/\\\/mont-roig.cat\\\/es\\\/#\\\/schema\\\/person\\\/1f73e7b5e6f9dd122e8a6f14f310ac5e\"},\"breadcrumb\":{\"@id\":\"https:\\\/\\\/mont-roig.cat\\\/es\\\/actualitat\\\/noticies\\\/campana-informativa-municipal-para-impulsar-el-reciclaje-puerta-a-puerta-y-dar-a-conocer-la-tasa-justa\\\/#breadcrumb\"},\"inLanguage\":\"es\",\"potentialAction\":[{\"@type\":\"ReadAction\",\"target\":[\"https:\\\/\\\/mont-roig.cat\\\/es\\\/actualitat\\\/noticies\\\/campana-informativa-municipal-para-impulsar-el-reciclaje-puerta-a-puerta-y-dar-a-conocer-la-tasa-justa\\\/\"]}]},{\"@type\":\"ImageObject\",\"inLanguage\":\"es\",\"@id\":\"https:\\\/\\\/mont-roig.cat\\\/es\\\/actualitat\\\/noticies\\\/campana-informativa-municipal-para-impulsar-el-reciclaje-puerta-a-puerta-y-dar-a-conocer-la-tasa-justa\\\/#primaryimage\",\"url\":\"https:\\\/\\\/mont-roig.cat\\\/wp-content\\\/uploads\\\/MMR_TAXA_JUSTA_PAP_META-scaled.png\",\"contentUrl\":\"https:\\\/\\\/mont-roig.cat\\\/wp-content\\\/uploads\\\/MMR_TAXA_JUSTA_PAP_META-scaled.png\",\"width\":2048,\"height\":1076},{\"@type\":\"BreadcrumbList\",\"@id\":\"https:\\\/\\\/mont-roig.cat\\\/es\\\/actualitat\\\/noticies\\\/campana-informativa-municipal-para-impulsar-el-reciclaje-puerta-a-puerta-y-dar-a-conocer-la-tasa-justa\\\/#breadcrumb\",\"itemListElement\":[{\"@type\":\"ListItem\",\"position\":1,\"name\":\"Inici\",\"item\":\"https:\\\/\\\/mont-roig.cat\\\/es\\\/pagina-de-inicio\\\/\"},{\"@type\":\"ListItem\",\"position\":2,\"name\":\"Campa\u00f1a informativa municipal para impulsar el reciclaje puerta a puerta y dar a conocer la Tasa Justa\"}]},{\"@type\":\"WebSite\",\"@id\":\"https:\\\/\\\/mont-roig.cat\\\/es\\\/#website\",\"url\":\"https:\\\/\\\/mont-roig.cat\\\/es\\\/\",\"name\":\"Ajuntament de Mont-roig del Camp\",\"description\":\"Tota la informaci\u00f3 sobre la instituci\u00f3, els seus \u00f2rgans de govern, actualitat, serveis i molt m\u00e9s.\",\"potentialAction\":[{\"@type\":\"SearchAction\",\"target\":{\"@type\":\"EntryPoint\",\"urlTemplate\":\"https:\\\/\\\/mont-roig.cat\\\/es\\\/?s={search_term_string}\"},\"query-input\":{\"@type\":\"PropertyValueSpecification\",\"valueRequired\":true,\"valueName\":\"search_term_string\"}}],\"inLanguage\":\"es\"},{\"@type\":\"Person\",\"@id\":\"https:\\\/\\\/mont-roig.cat\\\/es\\\/#\\\/schema\\\/person\\\/1f73e7b5e6f9dd122e8a6f14f310ac5e\",\"name\":\"comunicacio\",\"image\":{\"@type\":\"ImageObject\",\"inLanguage\":\"es\",\"@id\":\"https:\\\/\\\/secure.gravatar.com\\\/avatar\\\/98944333e7a877670a64f8d10f0cb680ab2c9ebc4efc43945ef004b52b5ad28c?s=96&d=mm&r=g\",\"url\":\"https:\\\/\\\/secure.gravatar.com\\\/avatar\\\/98944333e7a877670a64f8d10f0cb680ab2c9ebc4efc43945ef004b52b5ad28c?s=96&d=mm&r=g\",\"contentUrl\":\"https:\\\/\\\/secure.gravatar.com\\\/avatar\\\/98944333e7a877670a64f8d10f0cb680ab2c9ebc4efc43945ef004b52b5ad28c?s=96&d=mm&r=g\",\"caption\":\"comunicacio\"},\"url\":\"https:\\\/\\\/mont-roig.cat\\\/es\\\/actualitat\\\/noticies\\\/author\\\/comunicacio\\\/\"}]}<\/script>\n<!-- \/ Yoast SEO plugin. -->","yoast_head_json":{"title":"Campa\u00f1a informativa municipal para impulsar el reciclaje puerta a puerta y dar a conocer la Tasa Justa - Ajuntament de Mont-roig del Camp","robots":{"index":"index","follow":"follow","max-snippet":"max-snippet:-1","max-image-preview":"max-image-preview:large","max-video-preview":"max-video-preview:-1"},"canonical":"https:\/\/mont-roig.cat\/es\/actualitat\/noticies\/campana-informativa-municipal-para-impulsar-el-reciclaje-puerta-a-puerta-y-dar-a-conocer-la-tasa-justa\/","og_locale":"es_ES","og_type":"article","og_title":"Campa\u00f1a informativa municipal para impulsar el reciclaje puerta a puerta y dar a conocer la Tasa Justa - Ajuntament de Mont-roig del Camp","og_description":"El Ayuntamiento de Mont-roig del Camp explicar\u00e1 del 2 al 23 de julio, en las zonas donde est\u00e1 implantado el sistema Puerta a Puerta, las novedades de la recogida selectiva, que responden a las normativas europeas y estatales. El Ayuntamiento de Mont-roig del Camp pondr\u00e1 en marcha, del 2 al 23 de julio, una nueva [&hellip;]","og_url":"https:\/\/mont-roig.cat\/es\/actualitat\/noticies\/campana-informativa-municipal-para-impulsar-el-reciclaje-puerta-a-puerta-y-dar-a-conocer-la-tasa-justa\/","og_site_name":"Ajuntament de Mont-roig del Camp","article_published_time":"2025-06-30T09:50:57+00:00","article_modified_time":"2025-06-30T10:02:01+00:00","og_image":[{"width":2048,"height":1076,"url":"https:\/\/mont-roig.cat\/wp-content\/uploads\/MMR_TAXA_JUSTA_PAP_META-scaled.png","type":"image\/png"}],"author":"comunicacio","twitter_card":"summary_large_image","twitter_misc":{"Escrito por":"comunicacio","Tiempo de lectura":"4 minutos"},"schema":{"@context":"https:\/\/schema.org","@graph":[{"@type":"Article","@id":"https:\/\/mont-roig.cat\/es\/actualitat\/noticies\/campana-informativa-municipal-para-impulsar-el-reciclaje-puerta-a-puerta-y-dar-a-conocer-la-tasa-justa\/#article","isPartOf":{"@id":"https:\/\/mont-roig.cat\/es\/actualitat\/noticies\/campana-informativa-municipal-para-impulsar-el-reciclaje-puerta-a-puerta-y-dar-a-conocer-la-tasa-justa\/"},"author":{"name":"comunicacio","@id":"https:\/\/mont-roig.cat\/es\/#\/schema\/person\/1f73e7b5e6f9dd122e8a6f14f310ac5e"},"headline":"Campa\u00f1a informativa municipal para impulsar el reciclaje puerta a puerta y dar a conocer la Tasa Justa","datePublished":"2025-06-30T09:50:57+00:00","dateModified":"2025-06-30T10:02:01+00:00","mainEntityOfPage":{"@id":"https:\/\/mont-roig.cat\/es\/actualitat\/noticies\/campana-informativa-municipal-para-impulsar-el-reciclaje-puerta-a-puerta-y-dar-a-conocer-la-tasa-justa\/"},"wordCount":534,"image":{"@id":"https:\/\/mont-roig.cat\/es\/actualitat\/noticies\/campana-informativa-municipal-para-impulsar-el-reciclaje-puerta-a-puerta-y-dar-a-conocer-la-tasa-justa\/#primaryimage"},"thumbnailUrl":"https:\/\/mont-roig.cat\/wp-content\/uploads\/MMR_TAXA_JUSTA_PAP_META-scaled.png","articleSection":["Ayuntamiento","Residuos"],"inLanguage":"es"},{"@type":"WebPage","@id":"https:\/\/mont-roig.cat\/es\/actualitat\/noticies\/campana-informativa-municipal-para-impulsar-el-reciclaje-puerta-a-puerta-y-dar-a-conocer-la-tasa-justa\/","url":"https:\/\/mont-roig.cat\/es\/actualitat\/noticies\/campana-informativa-municipal-para-impulsar-el-reciclaje-puerta-a-puerta-y-dar-a-conocer-la-tasa-justa\/","name":"Campa\u00f1a informativa municipal para impulsar el reciclaje puerta a puerta y dar a conocer la Tasa Justa - Ajuntament de Mont-roig del Camp","isPartOf":{"@id":"https:\/\/mont-roig.cat\/es\/#website"},"primaryImageOfPage":{"@id":"https:\/\/mont-roig.cat\/es\/actualitat\/noticies\/campana-informativa-municipal-para-impulsar-el-reciclaje-puerta-a-puerta-y-dar-a-conocer-la-tasa-justa\/#primaryimage"},"image":{"@id":"https:\/\/mont-roig.cat\/es\/actualitat\/noticies\/campana-informativa-municipal-para-impulsar-el-reciclaje-puerta-a-puerta-y-dar-a-conocer-la-tasa-justa\/#primaryimage"},"thumbnailUrl":"https:\/\/mont-roig.cat\/wp-content\/uploads\/MMR_TAXA_JUSTA_PAP_META-scaled.png","datePublished":"2025-06-30T09:50:57+00:00","dateModified":"2025-06-30T10:02:01+00:00","author":{"@id":"https:\/\/mont-roig.cat\/es\/#\/schema\/person\/1f73e7b5e6f9dd122e8a6f14f310ac5e"},"breadcrumb":{"@id":"https:\/\/mont-roig.cat\/es\/actualitat\/noticies\/campana-informativa-municipal-para-impulsar-el-reciclaje-puerta-a-puerta-y-dar-a-conocer-la-tasa-justa\/#breadcrumb"},"inLanguage":"es","potentialAction":[{"@type":"ReadAction","target":["https:\/\/mont-roig.cat\/es\/actualitat\/noticies\/campana-informativa-municipal-para-impulsar-el-reciclaje-puerta-a-puerta-y-dar-a-conocer-la-tasa-justa\/"]}]},{"@type":"ImageObject","inLanguage":"es","@id":"https:\/\/mont-roig.cat\/es\/actualitat\/noticies\/campana-informativa-municipal-para-impulsar-el-reciclaje-puerta-a-puerta-y-dar-a-conocer-la-tasa-justa\/#primaryimage","url":"https:\/\/mont-roig.cat\/wp-content\/uploads\/MMR_TAXA_JUSTA_PAP_META-scaled.png","contentUrl":"https:\/\/mont-roig.cat\/wp-content\/uploads\/MMR_TAXA_JUSTA_PAP_META-scaled.png","width":2048,"height":1076},{"@type":"BreadcrumbList","@id":"https:\/\/mont-roig.cat\/es\/actualitat\/noticies\/campana-informativa-municipal-para-impulsar-el-reciclaje-puerta-a-puerta-y-dar-a-conocer-la-tasa-justa\/#breadcrumb","itemListElement":[{"@type":"ListItem","position":1,"name":"Inici","item":"https:\/\/mont-roig.cat\/es\/pagina-de-inicio\/"},{"@type":"ListItem","position":2,"name":"Campa\u00f1a informativa municipal para impulsar el reciclaje puerta a puerta y dar a conocer la Tasa Justa"}]},{"@type":"WebSite","@id":"https:\/\/mont-roig.cat\/es\/#website","url":"https:\/\/mont-roig.cat\/es\/","name":"Ajuntament de Mont-roig del Camp","description":"Tota la informaci\u00f3 sobre la instituci\u00f3, els seus \u00f2rgans de govern, actualitat, serveis i molt m\u00e9s.","potentialAction":[{"@type":"SearchAction","target":{"@type":"EntryPoint","urlTemplate":"https:\/\/mont-roig.cat\/es\/?s={search_term_string}"},"query-input":{"@type":"PropertyValueSpecification","valueRequired":true,"valueName":"search_term_string"}}],"inLanguage":"es"},{"@type":"Person","@id":"https:\/\/mont-roig.cat\/es\/#\/schema\/person\/1f73e7b5e6f9dd122e8a6f14f310ac5e","name":"comunicacio","image":{"@type":"ImageObject","inLanguage":"es","@id":"https:\/\/secure.gravatar.com\/avatar\/98944333e7a877670a64f8d10f0cb680ab2c9ebc4efc43945ef004b52b5ad28c?s=96&d=mm&r=g","url":"https:\/\/secure.gravatar.com\/avatar\/98944333e7a877670a64f8d10f0cb680ab2c9ebc4efc43945ef004b52b5ad28c?s=96&d=mm&r=g","contentUrl":"https:\/\/secure.gravatar.com\/avatar\/98944333e7a877670a64f8d10f0cb680ab2c9ebc4efc43945ef004b52b5ad28c?s=96&d=mm&r=g","caption":"comunicacio"},"url":"https:\/\/mont-roig.cat\/es\/actualitat\/noticies\/author\/comunicacio\/"}]}},"_links":{"self":[{"href":"https:\/\/mont-roig.cat\/es\/wp-json\/wp\/v2\/posts\/84363","targetHints":{"allow":["GET"]}}],"collection":[{"href":"https:\/\/mont-roig.cat\/es\/wp-json\/wp\/v2\/posts"}],"about":[{"href":"https:\/\/mont-roig.cat\/es\/wp-json\/wp\/v2\/types\/post"}],"author":[{"embeddable":true,"href":"https:\/\/mont-roig.cat\/es\/wp-json\/wp\/v2\/users\/13"}],"replies":[{"embeddable":true,"href":"https:\/\/mont-roig.cat\/es\/wp-json\/wp\/v2\/comments?post=84363"}],"version-history":[{"count":2,"href":"https:\/\/mont-roig.cat\/es\/wp-json\/wp\/v2\/posts\/84363\/revisions"}],"predecessor-version":[{"id":84365,"href":"https:\/\/mont-roig.cat\/es\/wp-json\/wp\/v2\/posts\/84363\/revisions\/84365"}],"wp:featuredmedia":[{"embeddable":true,"href":"https:\/\/mont-roig.cat\/es\/wp-json\/wp\/v2\/media\/84354"}],"wp:attachment":[{"href":"https:\/\/mont-roig.cat\/es\/wp-json\/wp\/v2\/media?parent=84363"}],"wp:term":[{"taxonomy":"category","embeddable":true,"href":"https:\/\/mont-roig.cat\/es\/wp-json\/wp\/v2\/categories?post=84363"},{"taxonomy":"post_tag","embeddable":true,"href":"https:\/\/mont-roig.cat\/es\/wp-json\/wp\/v2\/tags?post=84363"}],"curies":[{"name":"wp","href":"https:\/\/api.w.org\/{rel}","templated":true}]}}