{"id":84383,"date":"2025-06-30T13:20:05","date_gmt":"2025-06-30T11:20:05","guid":{"rendered":"https:\/\/mont-roig.cat\/actualitat\/noticies\/nou-conveni-entre-lajuntament-de-mont-roig-del-camp-i-la-creu-roja-mont-roig-per-reforcar-latencio-a-les-families-vulnerables\/"},"modified":"2025-08-13T11:46:08","modified_gmt":"2025-08-13T09:46:08","slug":"nou-conveni-entre-lajuntament-de-mont-roig-del-camp-i-la-creu-roja-mont-roig-per-reforcar-latencio-a-les-families-vulnerables","status":"publish","type":"post","link":"https:\/\/mont-roig.cat\/es\/actualitat\/noticies\/nou-conveni-entre-lajuntament-de-mont-roig-del-camp-i-la-creu-roja-mont-roig-per-reforcar-latencio-a-les-families-vulnerables\/","title":{"rendered":"Nou conveni entre l&#8217;Ajuntament de Mont-roig del Camp i la Creu Roja local per enfortir l&#8217;atenci\u00f3 a les fam\u00edlies vulnerables"},"content":{"rendered":"<div class=\"wpb-content-wrapper\">[vc_row][vc_column][vc_column_text css=&#8221;&#8221;]<strong><strong><a href=\"https:\/\/mont-roig.cat\/wp-content\/uploads\/creu-roja.jpg\" target=\"_blank\" rel=\"noopener\"><img loading=\"lazy\" decoding=\"async\" class=\"alignright wp-image-84370\" src=\"https:\/\/mont-roig.cat\/wp-content\/uploads\/creu-roja-500x375.jpg\" alt=\"\" width=\"282\" height=\"211\" srcset=\"https:\/\/mont-roig.cat\/wp-content\/uploads\/creu-roja-500x375.jpg 500w, https:\/\/mont-roig.cat\/wp-content\/uploads\/creu-roja-1024x768.jpg 1024w, https:\/\/mont-roig.cat\/wp-content\/uploads\/creu-roja-768x576.jpg 768w, https:\/\/mont-roig.cat\/wp-content\/uploads\/creu-roja-1536x1152.jpg 1536w, https:\/\/mont-roig.cat\/wp-content\/uploads\/creu-roja-463x348.jpg 463w, https:\/\/mont-roig.cat\/wp-content\/uploads\/creu-roja.jpg 1600w\" sizes=\"auto, (max-width: 282px) 100vw, 282px\" \/><\/a><\/strong><\/strong><\/p>\n<ul>\n<li data-start=\"263\" data-end=\"365\"><strong>El consistori destina aquest any 100.000 euros, un increment significatiu respecte als anys anteriors.<\/strong><\/li>\n<\/ul>\n<p>L&#8217;Ajuntament de Mont-roig del Camp destinar\u00e0 aquest any 100.000 euros a l&#8217;Assemblea Local de la Creu Roja, mitjan\u00e7ant un nou conveni de col\u00b7laboraci\u00f3 que suposa un increment significatiu respecte als anys anteriors. Aquesta aportaci\u00f3 permetr\u00e0 enfortir les accions socials al municipi, especialment l&#8217;acompanyament alimentari a les fam\u00edlies en situaci\u00f3 de vulnerabilitat.<\/p>\n<p>L&#8217;increment de la dotaci\u00f3 econ\u00f2mica respon al canvi en el model de finan\u00e7ament d&#8217;aquestes ajudes, ja que fins a 2024 es comptava amb fons europeus i d&#8217;altres administracions. Aquest any \u00e9s l&#8217;Ajuntament qui assumeix pr\u00e0cticament el 100 % del cost per garantir la continu\u00eftat dels programes d&#8217;assist\u00e8ncia.<\/p>\n<p>El conveni, que ha estat signat per l&#8217;alcalde de Mont-roig del Camp, Fran Morancho, i la presidenta local de la Creu Roja, Pilar Poves, inclou diverses accions orientades a donar resposta a les necessitats de col\u00b7lectius en risc d&#8217;exclusi\u00f3, com per exemple fam\u00edlies amb dificultats econ\u00f2miques o socials, dones soles amb c\u00e0rregues familiars, i altres situacions de desavantatge social que requereixen una intervenci\u00f3 positiva i equilibradora.[\/vc_column_text][\/vc_column][\/vc_row]\n<\/div>","protected":false},"excerpt":{"rendered":"<p>[vc_row][vc_column][vc_column_text css=&#8221;&#8221;] El consistori destina aquest any 100.000 euros, un increment significatiu respecte als anys anteriors. L&#8217;Ajuntament de Mont-roig del Camp destinar\u00e0 aquest any 100.000 euros a l&#8217;Assemblea Local de la Creu Roja, mitjan\u00e7ant un nou conveni de col\u00b7laboraci\u00f3 que suposa un increment significatiu respecte als anys anteriors. Aquesta aportaci\u00f3 permetr\u00e0 enfortir les accions socials [&hellip;]<\/p>\n","protected":false},"author":13,"featured_media":84371,"comment_status":"closed","ping_status":"closed","sticky":false,"template":"","format":"standard","meta":{"inline_featured_image":false,"_monsterinsights_skip_tracking":false,"_monsterinsights_sitenote_active":false,"_monsterinsights_sitenote_note":"","_monsterinsights_sitenote_category":0,"footnotes":""},"categories":[98,71,114],"tags":[],"class_list":["post-84383","post","type-post","status-publish","format-standard","has-post-thumbnail","hentry","category-ayuntamiento","category-general-es","category-servicios-sociales"],"yoast_head":"<!-- This site is optimized with the Yoast SEO plugin v27.4 - https:\/\/yoast.com\/product\/yoast-seo-wordpress\/ -->\n<title>Nou conveni entre l&#039;Ajuntament de Mont-roig del Camp i la Creu Roja local per enfortir l&#039;atenci\u00f3 a les fam\u00edlies vulnerables - Ajuntament de Mont-roig del Camp<\/title>\n<meta name=\"robots\" content=\"index, follow, max-snippet:-1, max-image-preview:large, max-video-preview:-1\" \/>\n<link rel=\"canonical\" href=\"https:\/\/mont-roig.cat\/es\/actualitat\/noticies\/nou-conveni-entre-lajuntament-de-mont-roig-del-camp-i-la-creu-roja-mont-roig-per-reforcar-latencio-a-les-families-vulnerables\/\" \/>\n<meta property=\"og:locale\" content=\"es_ES\" \/>\n<meta property=\"og:type\" content=\"article\" \/>\n<meta property=\"og:title\" content=\"Nou conveni entre l&#039;Ajuntament de Mont-roig del Camp i la Creu Roja local per enfortir l&#039;atenci\u00f3 a les fam\u00edlies vulnerables - Ajuntament de Mont-roig del Camp\" \/>\n<meta property=\"og:description\" content=\"[vc_row][vc_column][vc_column_text css=&#8221;&#8221;] El consistori destina aquest any 100.000 euros, un increment significatiu respecte als anys anteriors. L&#8217;Ajuntament de Mont-roig del Camp destinar\u00e0 aquest any 100.000 euros a l&#8217;Assemblea Local de la Creu Roja, mitjan\u00e7ant un nou conveni de col\u00b7laboraci\u00f3 que suposa un increment significatiu respecte als anys anteriors. Aquesta aportaci\u00f3 permetr\u00e0 enfortir les accions socials [&hellip;]\" \/>\n<meta property=\"og:url\" content=\"https:\/\/mont-roig.cat\/es\/actualitat\/noticies\/nou-conveni-entre-lajuntament-de-mont-roig-del-camp-i-la-creu-roja-mont-roig-per-reforcar-latencio-a-les-families-vulnerables\/\" \/>\n<meta property=\"og:site_name\" content=\"Ajuntament de Mont-roig del Camp\" \/>\n<meta property=\"article:published_time\" content=\"2025-06-30T11:20:05+00:00\" \/>\n<meta property=\"article:modified_time\" content=\"2025-08-13T09:46:08+00:00\" \/>\n<meta property=\"og:image\" content=\"https:\/\/mont-roig.cat\/wp-content\/uploads\/creu-roja.jpg\" \/>\n\t<meta property=\"og:image:width\" content=\"1600\" \/>\n\t<meta property=\"og:image:height\" content=\"1200\" \/>\n\t<meta property=\"og:image:type\" content=\"image\/jpeg\" \/>\n<meta name=\"author\" content=\"comunicacio\" \/>\n<meta name=\"twitter:card\" content=\"summary_large_image\" \/>\n<meta name=\"twitter:label1\" content=\"Escrito por\" \/>\n\t<meta name=\"twitter:data1\" content=\"comunicacio\" \/>\n\t<meta name=\"twitter:label2\" content=\"Tiempo de lectura\" \/>\n\t<meta name=\"twitter:data2\" content=\"2 minutos\" \/>\n<script type=\"application\/ld+json\" class=\"yoast-schema-graph\">{\"@context\":\"https:\\\/\\\/schema.org\",\"@graph\":[{\"@type\":\"Article\",\"@id\":\"https:\\\/\\\/mont-roig.cat\\\/es\\\/actualitat\\\/noticies\\\/nou-conveni-entre-lajuntament-de-mont-roig-del-camp-i-la-creu-roja-mont-roig-per-reforcar-latencio-a-les-families-vulnerables\\\/#article\",\"isPartOf\":{\"@id\":\"https:\\\/\\\/mont-roig.cat\\\/es\\\/actualitat\\\/noticies\\\/nou-conveni-entre-lajuntament-de-mont-roig-del-camp-i-la-creu-roja-mont-roig-per-reforcar-latencio-a-les-families-vulnerables\\\/\"},\"author\":{\"name\":\"comunicacio\",\"@id\":\"https:\\\/\\\/mont-roig.cat\\\/es\\\/#\\\/schema\\\/person\\\/1f73e7b5e6f9dd122e8a6f14f310ac5e\"},\"headline\":\"Nou conveni entre l&#8217;Ajuntament de Mont-roig del Camp i la Creu Roja local per enfortir l&#8217;atenci\u00f3 a les fam\u00edlies vulnerables\",\"datePublished\":\"2025-06-30T11:20:05+00:00\",\"dateModified\":\"2025-08-13T09:46:08+00:00\",\"mainEntityOfPage\":{\"@id\":\"https:\\\/\\\/mont-roig.cat\\\/es\\\/actualitat\\\/noticies\\\/nou-conveni-entre-lajuntament-de-mont-roig-del-camp-i-la-creu-roja-mont-roig-per-reforcar-latencio-a-les-families-vulnerables\\\/\"},\"wordCount\":221,\"image\":{\"@id\":\"https:\\\/\\\/mont-roig.cat\\\/es\\\/actualitat\\\/noticies\\\/nou-conveni-entre-lajuntament-de-mont-roig-del-camp-i-la-creu-roja-mont-roig-per-reforcar-latencio-a-les-families-vulnerables\\\/#primaryimage\"},\"thumbnailUrl\":\"https:\\\/\\\/mont-roig.cat\\\/wp-content\\\/uploads\\\/creu-roja.jpg\",\"articleSection\":[\"Ayuntamiento\",\"General\",\"Servicios sociales\"],\"inLanguage\":\"es\"},{\"@type\":\"WebPage\",\"@id\":\"https:\\\/\\\/mont-roig.cat\\\/es\\\/actualitat\\\/noticies\\\/nou-conveni-entre-lajuntament-de-mont-roig-del-camp-i-la-creu-roja-mont-roig-per-reforcar-latencio-a-les-families-vulnerables\\\/\",\"url\":\"https:\\\/\\\/mont-roig.cat\\\/es\\\/actualitat\\\/noticies\\\/nou-conveni-entre-lajuntament-de-mont-roig-del-camp-i-la-creu-roja-mont-roig-per-reforcar-latencio-a-les-families-vulnerables\\\/\",\"name\":\"Nou conveni entre l'Ajuntament de Mont-roig del Camp i la Creu Roja local per enfortir l'atenci\u00f3 a les fam\u00edlies vulnerables - Ajuntament de Mont-roig del Camp\",\"isPartOf\":{\"@id\":\"https:\\\/\\\/mont-roig.cat\\\/es\\\/#website\"},\"primaryImageOfPage\":{\"@id\":\"https:\\\/\\\/mont-roig.cat\\\/es\\\/actualitat\\\/noticies\\\/nou-conveni-entre-lajuntament-de-mont-roig-del-camp-i-la-creu-roja-mont-roig-per-reforcar-latencio-a-les-families-vulnerables\\\/#primaryimage\"},\"image\":{\"@id\":\"https:\\\/\\\/mont-roig.cat\\\/es\\\/actualitat\\\/noticies\\\/nou-conveni-entre-lajuntament-de-mont-roig-del-camp-i-la-creu-roja-mont-roig-per-reforcar-latencio-a-les-families-vulnerables\\\/#primaryimage\"},\"thumbnailUrl\":\"https:\\\/\\\/mont-roig.cat\\\/wp-content\\\/uploads\\\/creu-roja.jpg\",\"datePublished\":\"2025-06-30T11:20:05+00:00\",\"dateModified\":\"2025-08-13T09:46:08+00:00\",\"author\":{\"@id\":\"https:\\\/\\\/mont-roig.cat\\\/es\\\/#\\\/schema\\\/person\\\/1f73e7b5e6f9dd122e8a6f14f310ac5e\"},\"breadcrumb\":{\"@id\":\"https:\\\/\\\/mont-roig.cat\\\/es\\\/actualitat\\\/noticies\\\/nou-conveni-entre-lajuntament-de-mont-roig-del-camp-i-la-creu-roja-mont-roig-per-reforcar-latencio-a-les-families-vulnerables\\\/#breadcrumb\"},\"inLanguage\":\"es\",\"potentialAction\":[{\"@type\":\"ReadAction\",\"target\":[\"https:\\\/\\\/mont-roig.cat\\\/es\\\/actualitat\\\/noticies\\\/nou-conveni-entre-lajuntament-de-mont-roig-del-camp-i-la-creu-roja-mont-roig-per-reforcar-latencio-a-les-families-vulnerables\\\/\"]}]},{\"@type\":\"ImageObject\",\"inLanguage\":\"es\",\"@id\":\"https:\\\/\\\/mont-roig.cat\\\/es\\\/actualitat\\\/noticies\\\/nou-conveni-entre-lajuntament-de-mont-roig-del-camp-i-la-creu-roja-mont-roig-per-reforcar-latencio-a-les-families-vulnerables\\\/#primaryimage\",\"url\":\"https:\\\/\\\/mont-roig.cat\\\/wp-content\\\/uploads\\\/creu-roja.jpg\",\"contentUrl\":\"https:\\\/\\\/mont-roig.cat\\\/wp-content\\\/uploads\\\/creu-roja.jpg\",\"width\":1600,\"height\":1200},{\"@type\":\"BreadcrumbList\",\"@id\":\"https:\\\/\\\/mont-roig.cat\\\/es\\\/actualitat\\\/noticies\\\/nou-conveni-entre-lajuntament-de-mont-roig-del-camp-i-la-creu-roja-mont-roig-per-reforcar-latencio-a-les-families-vulnerables\\\/#breadcrumb\",\"itemListElement\":[{\"@type\":\"ListItem\",\"position\":1,\"name\":\"Inici\",\"item\":\"https:\\\/\\\/mont-roig.cat\\\/es\\\/pagina-de-inicio\\\/\"},{\"@type\":\"ListItem\",\"position\":2,\"name\":\"Nou conveni entre l&#8217;Ajuntament de Mont-roig del Camp i la Creu Roja local per enfortir l&#8217;atenci\u00f3 a les fam\u00edlies vulnerables\"}]},{\"@type\":\"WebSite\",\"@id\":\"https:\\\/\\\/mont-roig.cat\\\/es\\\/#website\",\"url\":\"https:\\\/\\\/mont-roig.cat\\\/es\\\/\",\"name\":\"Ajuntament de Mont-roig del Camp\",\"description\":\"Tota la informaci\u00f3 sobre la instituci\u00f3, els seus \u00f2rgans de govern, actualitat, serveis i molt m\u00e9s.\",\"potentialAction\":[{\"@type\":\"SearchAction\",\"target\":{\"@type\":\"EntryPoint\",\"urlTemplate\":\"https:\\\/\\\/mont-roig.cat\\\/es\\\/?s={search_term_string}\"},\"query-input\":{\"@type\":\"PropertyValueSpecification\",\"valueRequired\":true,\"valueName\":\"search_term_string\"}}],\"inLanguage\":\"es\"},{\"@type\":\"Person\",\"@id\":\"https:\\\/\\\/mont-roig.cat\\\/es\\\/#\\\/schema\\\/person\\\/1f73e7b5e6f9dd122e8a6f14f310ac5e\",\"name\":\"comunicacio\",\"image\":{\"@type\":\"ImageObject\",\"inLanguage\":\"es\",\"@id\":\"https:\\\/\\\/secure.gravatar.com\\\/avatar\\\/98944333e7a877670a64f8d10f0cb680ab2c9ebc4efc43945ef004b52b5ad28c?s=96&d=mm&r=g\",\"url\":\"https:\\\/\\\/secure.gravatar.com\\\/avatar\\\/98944333e7a877670a64f8d10f0cb680ab2c9ebc4efc43945ef004b52b5ad28c?s=96&d=mm&r=g\",\"contentUrl\":\"https:\\\/\\\/secure.gravatar.com\\\/avatar\\\/98944333e7a877670a64f8d10f0cb680ab2c9ebc4efc43945ef004b52b5ad28c?s=96&d=mm&r=g\",\"caption\":\"comunicacio\"},\"url\":\"https:\\\/\\\/mont-roig.cat\\\/es\\\/actualitat\\\/noticies\\\/author\\\/comunicacio\\\/\"}]}<\/script>\n<!-- \/ Yoast SEO plugin. -->","yoast_head_json":{"title":"Nou conveni entre l'Ajuntament de Mont-roig del Camp i la Creu Roja local per enfortir l'atenci\u00f3 a les fam\u00edlies vulnerables - Ajuntament de Mont-roig del Camp","robots":{"index":"index","follow":"follow","max-snippet":"max-snippet:-1","max-image-preview":"max-image-preview:large","max-video-preview":"max-video-preview:-1"},"canonical":"https:\/\/mont-roig.cat\/es\/actualitat\/noticies\/nou-conveni-entre-lajuntament-de-mont-roig-del-camp-i-la-creu-roja-mont-roig-per-reforcar-latencio-a-les-families-vulnerables\/","og_locale":"es_ES","og_type":"article","og_title":"Nou conveni entre l'Ajuntament de Mont-roig del Camp i la Creu Roja local per enfortir l'atenci\u00f3 a les fam\u00edlies vulnerables - Ajuntament de Mont-roig del Camp","og_description":"[vc_row][vc_column][vc_column_text css=&#8221;&#8221;] El consistori destina aquest any 100.000 euros, un increment significatiu respecte als anys anteriors. L&#8217;Ajuntament de Mont-roig del Camp destinar\u00e0 aquest any 100.000 euros a l&#8217;Assemblea Local de la Creu Roja, mitjan\u00e7ant un nou conveni de col\u00b7laboraci\u00f3 que suposa un increment significatiu respecte als anys anteriors. Aquesta aportaci\u00f3 permetr\u00e0 enfortir les accions socials [&hellip;]","og_url":"https:\/\/mont-roig.cat\/es\/actualitat\/noticies\/nou-conveni-entre-lajuntament-de-mont-roig-del-camp-i-la-creu-roja-mont-roig-per-reforcar-latencio-a-les-families-vulnerables\/","og_site_name":"Ajuntament de Mont-roig del Camp","article_published_time":"2025-06-30T11:20:05+00:00","article_modified_time":"2025-08-13T09:46:08+00:00","og_image":[{"width":1600,"height":1200,"url":"https:\/\/mont-roig.cat\/wp-content\/uploads\/creu-roja.jpg","type":"image\/jpeg"}],"author":"comunicacio","twitter_card":"summary_large_image","twitter_misc":{"Escrito por":"comunicacio","Tiempo de lectura":"2 minutos"},"schema":{"@context":"https:\/\/schema.org","@graph":[{"@type":"Article","@id":"https:\/\/mont-roig.cat\/es\/actualitat\/noticies\/nou-conveni-entre-lajuntament-de-mont-roig-del-camp-i-la-creu-roja-mont-roig-per-reforcar-latencio-a-les-families-vulnerables\/#article","isPartOf":{"@id":"https:\/\/mont-roig.cat\/es\/actualitat\/noticies\/nou-conveni-entre-lajuntament-de-mont-roig-del-camp-i-la-creu-roja-mont-roig-per-reforcar-latencio-a-les-families-vulnerables\/"},"author":{"name":"comunicacio","@id":"https:\/\/mont-roig.cat\/es\/#\/schema\/person\/1f73e7b5e6f9dd122e8a6f14f310ac5e"},"headline":"Nou conveni entre l&#8217;Ajuntament de Mont-roig del Camp i la Creu Roja local per enfortir l&#8217;atenci\u00f3 a les fam\u00edlies vulnerables","datePublished":"2025-06-30T11:20:05+00:00","dateModified":"2025-08-13T09:46:08+00:00","mainEntityOfPage":{"@id":"https:\/\/mont-roig.cat\/es\/actualitat\/noticies\/nou-conveni-entre-lajuntament-de-mont-roig-del-camp-i-la-creu-roja-mont-roig-per-reforcar-latencio-a-les-families-vulnerables\/"},"wordCount":221,"image":{"@id":"https:\/\/mont-roig.cat\/es\/actualitat\/noticies\/nou-conveni-entre-lajuntament-de-mont-roig-del-camp-i-la-creu-roja-mont-roig-per-reforcar-latencio-a-les-families-vulnerables\/#primaryimage"},"thumbnailUrl":"https:\/\/mont-roig.cat\/wp-content\/uploads\/creu-roja.jpg","articleSection":["Ayuntamiento","General","Servicios sociales"],"inLanguage":"es"},{"@type":"WebPage","@id":"https:\/\/mont-roig.cat\/es\/actualitat\/noticies\/nou-conveni-entre-lajuntament-de-mont-roig-del-camp-i-la-creu-roja-mont-roig-per-reforcar-latencio-a-les-families-vulnerables\/","url":"https:\/\/mont-roig.cat\/es\/actualitat\/noticies\/nou-conveni-entre-lajuntament-de-mont-roig-del-camp-i-la-creu-roja-mont-roig-per-reforcar-latencio-a-les-families-vulnerables\/","name":"Nou conveni entre l'Ajuntament de Mont-roig del Camp i la Creu Roja local per enfortir l'atenci\u00f3 a les fam\u00edlies vulnerables - Ajuntament de Mont-roig del Camp","isPartOf":{"@id":"https:\/\/mont-roig.cat\/es\/#website"},"primaryImageOfPage":{"@id":"https:\/\/mont-roig.cat\/es\/actualitat\/noticies\/nou-conveni-entre-lajuntament-de-mont-roig-del-camp-i-la-creu-roja-mont-roig-per-reforcar-latencio-a-les-families-vulnerables\/#primaryimage"},"image":{"@id":"https:\/\/mont-roig.cat\/es\/actualitat\/noticies\/nou-conveni-entre-lajuntament-de-mont-roig-del-camp-i-la-creu-roja-mont-roig-per-reforcar-latencio-a-les-families-vulnerables\/#primaryimage"},"thumbnailUrl":"https:\/\/mont-roig.cat\/wp-content\/uploads\/creu-roja.jpg","datePublished":"2025-06-30T11:20:05+00:00","dateModified":"2025-08-13T09:46:08+00:00","author":{"@id":"https:\/\/mont-roig.cat\/es\/#\/schema\/person\/1f73e7b5e6f9dd122e8a6f14f310ac5e"},"breadcrumb":{"@id":"https:\/\/mont-roig.cat\/es\/actualitat\/noticies\/nou-conveni-entre-lajuntament-de-mont-roig-del-camp-i-la-creu-roja-mont-roig-per-reforcar-latencio-a-les-families-vulnerables\/#breadcrumb"},"inLanguage":"es","potentialAction":[{"@type":"ReadAction","target":["https:\/\/mont-roig.cat\/es\/actualitat\/noticies\/nou-conveni-entre-lajuntament-de-mont-roig-del-camp-i-la-creu-roja-mont-roig-per-reforcar-latencio-a-les-families-vulnerables\/"]}]},{"@type":"ImageObject","inLanguage":"es","@id":"https:\/\/mont-roig.cat\/es\/actualitat\/noticies\/nou-conveni-entre-lajuntament-de-mont-roig-del-camp-i-la-creu-roja-mont-roig-per-reforcar-latencio-a-les-families-vulnerables\/#primaryimage","url":"https:\/\/mont-roig.cat\/wp-content\/uploads\/creu-roja.jpg","contentUrl":"https:\/\/mont-roig.cat\/wp-content\/uploads\/creu-roja.jpg","width":1600,"height":1200},{"@type":"BreadcrumbList","@id":"https:\/\/mont-roig.cat\/es\/actualitat\/noticies\/nou-conveni-entre-lajuntament-de-mont-roig-del-camp-i-la-creu-roja-mont-roig-per-reforcar-latencio-a-les-families-vulnerables\/#breadcrumb","itemListElement":[{"@type":"ListItem","position":1,"name":"Inici","item":"https:\/\/mont-roig.cat\/es\/pagina-de-inicio\/"},{"@type":"ListItem","position":2,"name":"Nou conveni entre l&#8217;Ajuntament de Mont-roig del Camp i la Creu Roja local per enfortir l&#8217;atenci\u00f3 a les fam\u00edlies vulnerables"}]},{"@type":"WebSite","@id":"https:\/\/mont-roig.cat\/es\/#website","url":"https:\/\/mont-roig.cat\/es\/","name":"Ajuntament de Mont-roig del Camp","description":"Tota la informaci\u00f3 sobre la instituci\u00f3, els seus \u00f2rgans de govern, actualitat, serveis i molt m\u00e9s.","potentialAction":[{"@type":"SearchAction","target":{"@type":"EntryPoint","urlTemplate":"https:\/\/mont-roig.cat\/es\/?s={search_term_string}"},"query-input":{"@type":"PropertyValueSpecification","valueRequired":true,"valueName":"search_term_string"}}],"inLanguage":"es"},{"@type":"Person","@id":"https:\/\/mont-roig.cat\/es\/#\/schema\/person\/1f73e7b5e6f9dd122e8a6f14f310ac5e","name":"comunicacio","image":{"@type":"ImageObject","inLanguage":"es","@id":"https:\/\/secure.gravatar.com\/avatar\/98944333e7a877670a64f8d10f0cb680ab2c9ebc4efc43945ef004b52b5ad28c?s=96&d=mm&r=g","url":"https:\/\/secure.gravatar.com\/avatar\/98944333e7a877670a64f8d10f0cb680ab2c9ebc4efc43945ef004b52b5ad28c?s=96&d=mm&r=g","contentUrl":"https:\/\/secure.gravatar.com\/avatar\/98944333e7a877670a64f8d10f0cb680ab2c9ebc4efc43945ef004b52b5ad28c?s=96&d=mm&r=g","caption":"comunicacio"},"url":"https:\/\/mont-roig.cat\/es\/actualitat\/noticies\/author\/comunicacio\/"}]}},"_links":{"self":[{"href":"https:\/\/mont-roig.cat\/es\/wp-json\/wp\/v2\/posts\/84383","targetHints":{"allow":["GET"]}}],"collection":[{"href":"https:\/\/mont-roig.cat\/es\/wp-json\/wp\/v2\/posts"}],"about":[{"href":"https:\/\/mont-roig.cat\/es\/wp-json\/wp\/v2\/types\/post"}],"author":[{"embeddable":true,"href":"https:\/\/mont-roig.cat\/es\/wp-json\/wp\/v2\/users\/13"}],"replies":[{"embeddable":true,"href":"https:\/\/mont-roig.cat\/es\/wp-json\/wp\/v2\/comments?post=84383"}],"version-history":[{"count":3,"href":"https:\/\/mont-roig.cat\/es\/wp-json\/wp\/v2\/posts\/84383\/revisions"}],"predecessor-version":[{"id":85035,"href":"https:\/\/mont-roig.cat\/es\/wp-json\/wp\/v2\/posts\/84383\/revisions\/85035"}],"wp:featuredmedia":[{"embeddable":true,"href":"https:\/\/mont-roig.cat\/es\/wp-json\/wp\/v2\/media\/84371"}],"wp:attachment":[{"href":"https:\/\/mont-roig.cat\/es\/wp-json\/wp\/v2\/media?parent=84383"}],"wp:term":[{"taxonomy":"category","embeddable":true,"href":"https:\/\/mont-roig.cat\/es\/wp-json\/wp\/v2\/categories?post=84383"},{"taxonomy":"post_tag","embeddable":true,"href":"https:\/\/mont-roig.cat\/es\/wp-json\/wp\/v2\/tags?post=84383"}],"curies":[{"name":"wp","href":"https:\/\/api.w.org\/{rel}","templated":true}]}}