{"id":84420,"date":"2025-07-01T14:37:02","date_gmt":"2025-07-01T12:37:02","guid":{"rendered":"https:\/\/mont-roig.cat\/actualitat\/noticies\/lajuntament-de-mont-roig-del-camp-impulsa-un-servei-de-canguratge-gratuit-els-dissabtes-de-lestiu\/"},"modified":"2026-03-25T10:59:26","modified_gmt":"2026-03-25T09:59:26","slug":"el-ayuntamiento-de-mont-roig-del-camp-impulsa-un-servicio-de-canguro-gratuito-los-sabados-de-verano","status":"publish","type":"post","link":"https:\/\/mont-roig.cat\/es\/actualitat\/noticies\/el-ayuntamiento-de-mont-roig-del-camp-impulsa-un-servicio-de-canguro-gratuito-los-sabados-de-verano\/","title":{"rendered":"El Ayuntamiento de Mont-roig del Camp impulsa un servicio de canguro gratuito los s\u00e1bados de verano"},"content":{"rendered":"<ul>\n<li data-start=\"205\" data-end=\"391\"><strong><a href=\"https:\/\/mont-roig.cat\/wp-content\/uploads\/CANGURATGE-LOGOS.jpg\"><img loading=\"lazy\" decoding=\"async\" class=\"alignright wp-image-90395\" src=\"https:\/\/mont-roig.cat\/wp-content\/uploads\/CANGURATGE-LOGOS-354x500.jpg\" alt=\"\" width=\"212\" height=\"300\" \/><\/a>El proyecto, dirigido a ni\u00f1os y ni\u00f1as de 4 a 11 a\u00f1os, se enmarca dentro del programa Temps x Cures y se ofrecer\u00e1 todos los s\u00e1bados de julio y agosto en Mont-roig del Camp y Miami Platja.<\/strong><\/li>\n<\/ul>\n<p data-start=\"393\" data-end=\"722\">El Ayuntamiento de Mont-roig del Camp pondr\u00e1 en marcha este verano un servicio de canguro gratuito para familias con ni\u00f1os y ni\u00f1as de entre 4 y 11 a\u00f1os. Esta iniciativa forma parte del programa Temps x Cures, impulsado y financiado por la Generalitat de Catalunya junto con el Plan Corresponsables del Ministerio de Igualdad, con el objetivo de facilitar la conciliaci\u00f3n familiar y laboral.<\/p>\n<p data-start=\"724\" data-end=\"1114\">El servicio se llevar\u00e1 a cabo todos los s\u00e1bados de julio y agosto, en horario de 10:00 h a 13:00 h, y se repartir\u00e1 entre dos espacios municipales: el Centre Polivalent de Miami Platja y el Centre Obert de Mont-roig del Camp. En cada centro se ofrecen 10 plazas por sesi\u00f3n, con actividades dinamizadas y un espacio libre de juegos adaptado a las necesidades e intereses de los ni\u00f1os y ni\u00f1as.<\/p>\n<p data-start=\"1116\" data-end=\"1320\">Esta propuesta busca promover espacios de calidad para los m\u00e1s peque\u00f1os y, al mismo tiempo, ofrecer apoyo a las familias durante la \u00e9poca estival, cuando a menudo aumentan las dificultades para conciliar.<\/p>\n<p data-start=\"1322\" data-end=\"1409\">Las inscripciones ya est\u00e1n abiertas y se pueden realizar a trav\u00e9s del siguiente enlace: <a href=\"https:\/\/www.eventbrite.com\/cc\/servei-de-canguratge-mont-roig-del-camp-i-miami-4428703\" target=\"_blank\" rel=\"noopener\">https:\/\/www.eventbrite.com\/cc\/servei-de-canguratge-mont-roig-del-camp-i-miami-4428703<\/a><\/p>\n<p>&nbsp;<\/p>\n","protected":false},"excerpt":{"rendered":"<p>El proyecto, dirigido a ni\u00f1os y ni\u00f1as de 4 a 11 a\u00f1os, se enmarca dentro del programa Temps x Cures y se ofrecer\u00e1 todos los s\u00e1bados de julio y agosto en Mont-roig del Camp y Miami Platja. El Ayuntamiento de Mont-roig del Camp pondr\u00e1 en marcha este verano un servicio de canguro gratuito para familias [&hellip;]<\/p>\n","protected":false},"author":13,"featured_media":84413,"comment_status":"closed","ping_status":"closed","sticky":false,"template":"","format":"standard","meta":{"inline_featured_image":false,"_monsterinsights_skip_tracking":false,"_monsterinsights_sitenote_active":false,"_monsterinsights_sitenote_note":"","_monsterinsights_sitenote_category":0,"footnotes":""},"categories":[98,114],"tags":[],"class_list":["post-84420","post","type-post","status-publish","format-standard","has-post-thumbnail","hentry","category-ayuntamiento","category-servicios-sociales"],"yoast_head":"<!-- This site is optimized with the Yoast SEO plugin v27.4 - https:\/\/yoast.com\/product\/yoast-seo-wordpress\/ -->\n<title>El Ayuntamiento de Mont-roig del Camp impulsa un servicio de canguro gratuito los s\u00e1bados de verano - Ajuntament de Mont-roig del Camp<\/title>\n<meta name=\"robots\" content=\"index, follow, max-snippet:-1, max-image-preview:large, max-video-preview:-1\" \/>\n<link rel=\"canonical\" href=\"https:\/\/mont-roig.cat\/es\/actualitat\/noticies\/el-ayuntamiento-de-mont-roig-del-camp-impulsa-un-servicio-de-canguro-gratuito-los-sabados-de-verano\/\" \/>\n<meta property=\"og:locale\" content=\"es_ES\" \/>\n<meta property=\"og:type\" content=\"article\" \/>\n<meta property=\"og:title\" content=\"El Ayuntamiento de Mont-roig del Camp impulsa un servicio de canguro gratuito los s\u00e1bados de verano - Ajuntament de Mont-roig del Camp\" \/>\n<meta property=\"og:description\" content=\"El proyecto, dirigido a ni\u00f1os y ni\u00f1as de 4 a 11 a\u00f1os, se enmarca dentro del programa Temps x Cures y se ofrecer\u00e1 todos los s\u00e1bados de julio y agosto en Mont-roig del Camp y Miami Platja. El Ayuntamiento de Mont-roig del Camp pondr\u00e1 en marcha este verano un servicio de canguro gratuito para familias [&hellip;]\" \/>\n<meta property=\"og:url\" content=\"https:\/\/mont-roig.cat\/es\/actualitat\/noticies\/el-ayuntamiento-de-mont-roig-del-camp-impulsa-un-servicio-de-canguro-gratuito-los-sabados-de-verano\/\" \/>\n<meta property=\"og:site_name\" content=\"Ajuntament de Mont-roig del Camp\" \/>\n<meta property=\"article:published_time\" content=\"2025-07-01T12:37:02+00:00\" \/>\n<meta property=\"article:modified_time\" content=\"2026-03-25T09:59:26+00:00\" \/>\n<meta property=\"og:image\" content=\"https:\/\/mont-roig.cat\/wp-content\/uploads\/MM_TXC_CANGURATGE_meta.png\" \/>\n\t<meta property=\"og:image:width\" content=\"1200\" \/>\n\t<meta property=\"og:image:height\" content=\"630\" \/>\n\t<meta property=\"og:image:type\" content=\"image\/png\" \/>\n<meta name=\"author\" content=\"comunicacio\" \/>\n<meta name=\"twitter:card\" content=\"summary_large_image\" \/>\n<meta name=\"twitter:label1\" content=\"Escrito por\" \/>\n\t<meta name=\"twitter:data1\" content=\"comunicacio\" \/>\n\t<meta name=\"twitter:label2\" content=\"Tiempo de lectura\" \/>\n\t<meta name=\"twitter:data2\" content=\"2 minutos\" \/>\n<script type=\"application\/ld+json\" class=\"yoast-schema-graph\">{\"@context\":\"https:\\\/\\\/schema.org\",\"@graph\":[{\"@type\":\"Article\",\"@id\":\"https:\\\/\\\/mont-roig.cat\\\/es\\\/actualitat\\\/noticies\\\/el-ayuntamiento-de-mont-roig-del-camp-impulsa-un-servicio-de-canguro-gratuito-los-sabados-de-verano\\\/#article\",\"isPartOf\":{\"@id\":\"https:\\\/\\\/mont-roig.cat\\\/es\\\/actualitat\\\/noticies\\\/el-ayuntamiento-de-mont-roig-del-camp-impulsa-un-servicio-de-canguro-gratuito-los-sabados-de-verano\\\/\"},\"author\":{\"name\":\"comunicacio\",\"@id\":\"https:\\\/\\\/mont-roig.cat\\\/es\\\/#\\\/schema\\\/person\\\/1f73e7b5e6f9dd122e8a6f14f310ac5e\"},\"headline\":\"El Ayuntamiento de Mont-roig del Camp impulsa un servicio de canguro gratuito los s\u00e1bados de verano\",\"datePublished\":\"2025-07-01T12:37:02+00:00\",\"dateModified\":\"2026-03-25T09:59:26+00:00\",\"mainEntityOfPage\":{\"@id\":\"https:\\\/\\\/mont-roig.cat\\\/es\\\/actualitat\\\/noticies\\\/el-ayuntamiento-de-mont-roig-del-camp-impulsa-un-servicio-de-canguro-gratuito-los-sabados-de-verano\\\/\"},\"wordCount\":251,\"image\":{\"@id\":\"https:\\\/\\\/mont-roig.cat\\\/es\\\/actualitat\\\/noticies\\\/el-ayuntamiento-de-mont-roig-del-camp-impulsa-un-servicio-de-canguro-gratuito-los-sabados-de-verano\\\/#primaryimage\"},\"thumbnailUrl\":\"https:\\\/\\\/mont-roig.cat\\\/wp-content\\\/uploads\\\/MM_TXC_CANGURATGE_meta.png\",\"articleSection\":[\"Ayuntamiento\",\"Servicios sociales\"],\"inLanguage\":\"es\"},{\"@type\":\"WebPage\",\"@id\":\"https:\\\/\\\/mont-roig.cat\\\/es\\\/actualitat\\\/noticies\\\/el-ayuntamiento-de-mont-roig-del-camp-impulsa-un-servicio-de-canguro-gratuito-los-sabados-de-verano\\\/\",\"url\":\"https:\\\/\\\/mont-roig.cat\\\/es\\\/actualitat\\\/noticies\\\/el-ayuntamiento-de-mont-roig-del-camp-impulsa-un-servicio-de-canguro-gratuito-los-sabados-de-verano\\\/\",\"name\":\"El Ayuntamiento de Mont-roig del Camp impulsa un servicio de canguro gratuito los s\u00e1bados de verano - Ajuntament de Mont-roig del Camp\",\"isPartOf\":{\"@id\":\"https:\\\/\\\/mont-roig.cat\\\/es\\\/#website\"},\"primaryImageOfPage\":{\"@id\":\"https:\\\/\\\/mont-roig.cat\\\/es\\\/actualitat\\\/noticies\\\/el-ayuntamiento-de-mont-roig-del-camp-impulsa-un-servicio-de-canguro-gratuito-los-sabados-de-verano\\\/#primaryimage\"},\"image\":{\"@id\":\"https:\\\/\\\/mont-roig.cat\\\/es\\\/actualitat\\\/noticies\\\/el-ayuntamiento-de-mont-roig-del-camp-impulsa-un-servicio-de-canguro-gratuito-los-sabados-de-verano\\\/#primaryimage\"},\"thumbnailUrl\":\"https:\\\/\\\/mont-roig.cat\\\/wp-content\\\/uploads\\\/MM_TXC_CANGURATGE_meta.png\",\"datePublished\":\"2025-07-01T12:37:02+00:00\",\"dateModified\":\"2026-03-25T09:59:26+00:00\",\"author\":{\"@id\":\"https:\\\/\\\/mont-roig.cat\\\/es\\\/#\\\/schema\\\/person\\\/1f73e7b5e6f9dd122e8a6f14f310ac5e\"},\"breadcrumb\":{\"@id\":\"https:\\\/\\\/mont-roig.cat\\\/es\\\/actualitat\\\/noticies\\\/el-ayuntamiento-de-mont-roig-del-camp-impulsa-un-servicio-de-canguro-gratuito-los-sabados-de-verano\\\/#breadcrumb\"},\"inLanguage\":\"es\",\"potentialAction\":[{\"@type\":\"ReadAction\",\"target\":[\"https:\\\/\\\/mont-roig.cat\\\/es\\\/actualitat\\\/noticies\\\/el-ayuntamiento-de-mont-roig-del-camp-impulsa-un-servicio-de-canguro-gratuito-los-sabados-de-verano\\\/\"]}]},{\"@type\":\"ImageObject\",\"inLanguage\":\"es\",\"@id\":\"https:\\\/\\\/mont-roig.cat\\\/es\\\/actualitat\\\/noticies\\\/el-ayuntamiento-de-mont-roig-del-camp-impulsa-un-servicio-de-canguro-gratuito-los-sabados-de-verano\\\/#primaryimage\",\"url\":\"https:\\\/\\\/mont-roig.cat\\\/wp-content\\\/uploads\\\/MM_TXC_CANGURATGE_meta.png\",\"contentUrl\":\"https:\\\/\\\/mont-roig.cat\\\/wp-content\\\/uploads\\\/MM_TXC_CANGURATGE_meta.png\",\"width\":1200,\"height\":630},{\"@type\":\"BreadcrumbList\",\"@id\":\"https:\\\/\\\/mont-roig.cat\\\/es\\\/actualitat\\\/noticies\\\/el-ayuntamiento-de-mont-roig-del-camp-impulsa-un-servicio-de-canguro-gratuito-los-sabados-de-verano\\\/#breadcrumb\",\"itemListElement\":[{\"@type\":\"ListItem\",\"position\":1,\"name\":\"Inici\",\"item\":\"https:\\\/\\\/mont-roig.cat\\\/es\\\/pagina-de-inicio\\\/\"},{\"@type\":\"ListItem\",\"position\":2,\"name\":\"El Ayuntamiento de Mont-roig del Camp impulsa un servicio de canguro gratuito los s\u00e1bados de verano\"}]},{\"@type\":\"WebSite\",\"@id\":\"https:\\\/\\\/mont-roig.cat\\\/es\\\/#website\",\"url\":\"https:\\\/\\\/mont-roig.cat\\\/es\\\/\",\"name\":\"Ajuntament de Mont-roig del Camp\",\"description\":\"Tota la informaci\u00f3 sobre la instituci\u00f3, els seus \u00f2rgans de govern, actualitat, serveis i molt m\u00e9s.\",\"potentialAction\":[{\"@type\":\"SearchAction\",\"target\":{\"@type\":\"EntryPoint\",\"urlTemplate\":\"https:\\\/\\\/mont-roig.cat\\\/es\\\/?s={search_term_string}\"},\"query-input\":{\"@type\":\"PropertyValueSpecification\",\"valueRequired\":true,\"valueName\":\"search_term_string\"}}],\"inLanguage\":\"es\"},{\"@type\":\"Person\",\"@id\":\"https:\\\/\\\/mont-roig.cat\\\/es\\\/#\\\/schema\\\/person\\\/1f73e7b5e6f9dd122e8a6f14f310ac5e\",\"name\":\"comunicacio\",\"image\":{\"@type\":\"ImageObject\",\"inLanguage\":\"es\",\"@id\":\"https:\\\/\\\/secure.gravatar.com\\\/avatar\\\/98944333e7a877670a64f8d10f0cb680ab2c9ebc4efc43945ef004b52b5ad28c?s=96&d=mm&r=g\",\"url\":\"https:\\\/\\\/secure.gravatar.com\\\/avatar\\\/98944333e7a877670a64f8d10f0cb680ab2c9ebc4efc43945ef004b52b5ad28c?s=96&d=mm&r=g\",\"contentUrl\":\"https:\\\/\\\/secure.gravatar.com\\\/avatar\\\/98944333e7a877670a64f8d10f0cb680ab2c9ebc4efc43945ef004b52b5ad28c?s=96&d=mm&r=g\",\"caption\":\"comunicacio\"},\"url\":\"https:\\\/\\\/mont-roig.cat\\\/es\\\/actualitat\\\/noticies\\\/author\\\/comunicacio\\\/\"}]}<\/script>\n<!-- \/ Yoast SEO plugin. -->","yoast_head_json":{"title":"El Ayuntamiento de Mont-roig del Camp impulsa un servicio de canguro gratuito los s\u00e1bados de verano - Ajuntament de Mont-roig del Camp","robots":{"index":"index","follow":"follow","max-snippet":"max-snippet:-1","max-image-preview":"max-image-preview:large","max-video-preview":"max-video-preview:-1"},"canonical":"https:\/\/mont-roig.cat\/es\/actualitat\/noticies\/el-ayuntamiento-de-mont-roig-del-camp-impulsa-un-servicio-de-canguro-gratuito-los-sabados-de-verano\/","og_locale":"es_ES","og_type":"article","og_title":"El Ayuntamiento de Mont-roig del Camp impulsa un servicio de canguro gratuito los s\u00e1bados de verano - Ajuntament de Mont-roig del Camp","og_description":"El proyecto, dirigido a ni\u00f1os y ni\u00f1as de 4 a 11 a\u00f1os, se enmarca dentro del programa Temps x Cures y se ofrecer\u00e1 todos los s\u00e1bados de julio y agosto en Mont-roig del Camp y Miami Platja. El Ayuntamiento de Mont-roig del Camp pondr\u00e1 en marcha este verano un servicio de canguro gratuito para familias [&hellip;]","og_url":"https:\/\/mont-roig.cat\/es\/actualitat\/noticies\/el-ayuntamiento-de-mont-roig-del-camp-impulsa-un-servicio-de-canguro-gratuito-los-sabados-de-verano\/","og_site_name":"Ajuntament de Mont-roig del Camp","article_published_time":"2025-07-01T12:37:02+00:00","article_modified_time":"2026-03-25T09:59:26+00:00","og_image":[{"width":1200,"height":630,"url":"https:\/\/mont-roig.cat\/wp-content\/uploads\/MM_TXC_CANGURATGE_meta.png","type":"image\/png"}],"author":"comunicacio","twitter_card":"summary_large_image","twitter_misc":{"Escrito por":"comunicacio","Tiempo de lectura":"2 minutos"},"schema":{"@context":"https:\/\/schema.org","@graph":[{"@type":"Article","@id":"https:\/\/mont-roig.cat\/es\/actualitat\/noticies\/el-ayuntamiento-de-mont-roig-del-camp-impulsa-un-servicio-de-canguro-gratuito-los-sabados-de-verano\/#article","isPartOf":{"@id":"https:\/\/mont-roig.cat\/es\/actualitat\/noticies\/el-ayuntamiento-de-mont-roig-del-camp-impulsa-un-servicio-de-canguro-gratuito-los-sabados-de-verano\/"},"author":{"name":"comunicacio","@id":"https:\/\/mont-roig.cat\/es\/#\/schema\/person\/1f73e7b5e6f9dd122e8a6f14f310ac5e"},"headline":"El Ayuntamiento de Mont-roig del Camp impulsa un servicio de canguro gratuito los s\u00e1bados de verano","datePublished":"2025-07-01T12:37:02+00:00","dateModified":"2026-03-25T09:59:26+00:00","mainEntityOfPage":{"@id":"https:\/\/mont-roig.cat\/es\/actualitat\/noticies\/el-ayuntamiento-de-mont-roig-del-camp-impulsa-un-servicio-de-canguro-gratuito-los-sabados-de-verano\/"},"wordCount":251,"image":{"@id":"https:\/\/mont-roig.cat\/es\/actualitat\/noticies\/el-ayuntamiento-de-mont-roig-del-camp-impulsa-un-servicio-de-canguro-gratuito-los-sabados-de-verano\/#primaryimage"},"thumbnailUrl":"https:\/\/mont-roig.cat\/wp-content\/uploads\/MM_TXC_CANGURATGE_meta.png","articleSection":["Ayuntamiento","Servicios sociales"],"inLanguage":"es"},{"@type":"WebPage","@id":"https:\/\/mont-roig.cat\/es\/actualitat\/noticies\/el-ayuntamiento-de-mont-roig-del-camp-impulsa-un-servicio-de-canguro-gratuito-los-sabados-de-verano\/","url":"https:\/\/mont-roig.cat\/es\/actualitat\/noticies\/el-ayuntamiento-de-mont-roig-del-camp-impulsa-un-servicio-de-canguro-gratuito-los-sabados-de-verano\/","name":"El Ayuntamiento de Mont-roig del Camp impulsa un servicio de canguro gratuito los s\u00e1bados de verano - Ajuntament de Mont-roig del Camp","isPartOf":{"@id":"https:\/\/mont-roig.cat\/es\/#website"},"primaryImageOfPage":{"@id":"https:\/\/mont-roig.cat\/es\/actualitat\/noticies\/el-ayuntamiento-de-mont-roig-del-camp-impulsa-un-servicio-de-canguro-gratuito-los-sabados-de-verano\/#primaryimage"},"image":{"@id":"https:\/\/mont-roig.cat\/es\/actualitat\/noticies\/el-ayuntamiento-de-mont-roig-del-camp-impulsa-un-servicio-de-canguro-gratuito-los-sabados-de-verano\/#primaryimage"},"thumbnailUrl":"https:\/\/mont-roig.cat\/wp-content\/uploads\/MM_TXC_CANGURATGE_meta.png","datePublished":"2025-07-01T12:37:02+00:00","dateModified":"2026-03-25T09:59:26+00:00","author":{"@id":"https:\/\/mont-roig.cat\/es\/#\/schema\/person\/1f73e7b5e6f9dd122e8a6f14f310ac5e"},"breadcrumb":{"@id":"https:\/\/mont-roig.cat\/es\/actualitat\/noticies\/el-ayuntamiento-de-mont-roig-del-camp-impulsa-un-servicio-de-canguro-gratuito-los-sabados-de-verano\/#breadcrumb"},"inLanguage":"es","potentialAction":[{"@type":"ReadAction","target":["https:\/\/mont-roig.cat\/es\/actualitat\/noticies\/el-ayuntamiento-de-mont-roig-del-camp-impulsa-un-servicio-de-canguro-gratuito-los-sabados-de-verano\/"]}]},{"@type":"ImageObject","inLanguage":"es","@id":"https:\/\/mont-roig.cat\/es\/actualitat\/noticies\/el-ayuntamiento-de-mont-roig-del-camp-impulsa-un-servicio-de-canguro-gratuito-los-sabados-de-verano\/#primaryimage","url":"https:\/\/mont-roig.cat\/wp-content\/uploads\/MM_TXC_CANGURATGE_meta.png","contentUrl":"https:\/\/mont-roig.cat\/wp-content\/uploads\/MM_TXC_CANGURATGE_meta.png","width":1200,"height":630},{"@type":"BreadcrumbList","@id":"https:\/\/mont-roig.cat\/es\/actualitat\/noticies\/el-ayuntamiento-de-mont-roig-del-camp-impulsa-un-servicio-de-canguro-gratuito-los-sabados-de-verano\/#breadcrumb","itemListElement":[{"@type":"ListItem","position":1,"name":"Inici","item":"https:\/\/mont-roig.cat\/es\/pagina-de-inicio\/"},{"@type":"ListItem","position":2,"name":"El Ayuntamiento de Mont-roig del Camp impulsa un servicio de canguro gratuito los s\u00e1bados de verano"}]},{"@type":"WebSite","@id":"https:\/\/mont-roig.cat\/es\/#website","url":"https:\/\/mont-roig.cat\/es\/","name":"Ajuntament de Mont-roig del Camp","description":"Tota la informaci\u00f3 sobre la instituci\u00f3, els seus \u00f2rgans de govern, actualitat, serveis i molt m\u00e9s.","potentialAction":[{"@type":"SearchAction","target":{"@type":"EntryPoint","urlTemplate":"https:\/\/mont-roig.cat\/es\/?s={search_term_string}"},"query-input":{"@type":"PropertyValueSpecification","valueRequired":true,"valueName":"search_term_string"}}],"inLanguage":"es"},{"@type":"Person","@id":"https:\/\/mont-roig.cat\/es\/#\/schema\/person\/1f73e7b5e6f9dd122e8a6f14f310ac5e","name":"comunicacio","image":{"@type":"ImageObject","inLanguage":"es","@id":"https:\/\/secure.gravatar.com\/avatar\/98944333e7a877670a64f8d10f0cb680ab2c9ebc4efc43945ef004b52b5ad28c?s=96&d=mm&r=g","url":"https:\/\/secure.gravatar.com\/avatar\/98944333e7a877670a64f8d10f0cb680ab2c9ebc4efc43945ef004b52b5ad28c?s=96&d=mm&r=g","contentUrl":"https:\/\/secure.gravatar.com\/avatar\/98944333e7a877670a64f8d10f0cb680ab2c9ebc4efc43945ef004b52b5ad28c?s=96&d=mm&r=g","caption":"comunicacio"},"url":"https:\/\/mont-roig.cat\/es\/actualitat\/noticies\/author\/comunicacio\/"}]}},"_links":{"self":[{"href":"https:\/\/mont-roig.cat\/es\/wp-json\/wp\/v2\/posts\/84420","targetHints":{"allow":["GET"]}}],"collection":[{"href":"https:\/\/mont-roig.cat\/es\/wp-json\/wp\/v2\/posts"}],"about":[{"href":"https:\/\/mont-roig.cat\/es\/wp-json\/wp\/v2\/types\/post"}],"author":[{"embeddable":true,"href":"https:\/\/mont-roig.cat\/es\/wp-json\/wp\/v2\/users\/13"}],"replies":[{"embeddable":true,"href":"https:\/\/mont-roig.cat\/es\/wp-json\/wp\/v2\/comments?post=84420"}],"version-history":[{"count":5,"href":"https:\/\/mont-roig.cat\/es\/wp-json\/wp\/v2\/posts\/84420\/revisions"}],"predecessor-version":[{"id":90398,"href":"https:\/\/mont-roig.cat\/es\/wp-json\/wp\/v2\/posts\/84420\/revisions\/90398"}],"wp:featuredmedia":[{"embeddable":true,"href":"https:\/\/mont-roig.cat\/es\/wp-json\/wp\/v2\/media\/84413"}],"wp:attachment":[{"href":"https:\/\/mont-roig.cat\/es\/wp-json\/wp\/v2\/media?parent=84420"}],"wp:term":[{"taxonomy":"category","embeddable":true,"href":"https:\/\/mont-roig.cat\/es\/wp-json\/wp\/v2\/categories?post=84420"},{"taxonomy":"post_tag","embeddable":true,"href":"https:\/\/mont-roig.cat\/es\/wp-json\/wp\/v2\/tags?post=84420"}],"curies":[{"name":"wp","href":"https:\/\/api.w.org\/{rel}","templated":true}]}}