{"id":84448,"date":"2025-07-04T12:45:39","date_gmt":"2025-07-04T10:45:39","guid":{"rendered":"https:\/\/mont-roig.cat\/?p=84448"},"modified":"2025-07-04T12:45:39","modified_gmt":"2025-07-04T10:45:39","slug":"mont-roig-del-camp-vuelve-a-acoger-el-fin-de-semana-diatonico-con-conciertos-en-la-ermita-de-la-mare-de-deu-de-la-roca-y-el-peiro","status":"publish","type":"post","link":"https:\/\/mont-roig.cat\/es\/actualitat\/noticies\/mont-roig-del-camp-vuelve-a-acoger-el-fin-de-semana-diatonico-con-conciertos-en-la-ermita-de-la-mare-de-deu-de-la-roca-y-el-peiro\/","title":{"rendered":"Mont-roig del Camp vuelve a acoger el Fin de Semana Diat\u00f3nico con conciertos en la Ermita de la Mare de D\u00e9u de la Roca y el Peir\u00f3"},"content":{"rendered":"<p><a href=\"https:\/\/mont-roig.cat\/wp-content\/uploads\/WhatsApp-Image-2025-07-04-at-11.43.40.jpeg\"><img loading=\"lazy\" decoding=\"async\" class=\"alignright wp-image-84439\" src=\"https:\/\/mont-roig.cat\/wp-content\/uploads\/WhatsApp-Image-2025-07-04-at-11.43.40-359x500.jpeg\" alt=\"\" width=\"250\" height=\"348\" srcset=\"https:\/\/mont-roig.cat\/wp-content\/uploads\/WhatsApp-Image-2025-07-04-at-11.43.40-359x500.jpeg 359w, https:\/\/mont-roig.cat\/wp-content\/uploads\/WhatsApp-Image-2025-07-04-at-11.43.40-735x1024.jpeg 735w, https:\/\/mont-roig.cat\/wp-content\/uploads\/WhatsApp-Image-2025-07-04-at-11.43.40-768x1070.jpeg 768w, https:\/\/mont-roig.cat\/wp-content\/uploads\/WhatsApp-Image-2025-07-04-at-11.43.40.jpeg 975w\" sizes=\"auto, (max-width: 250px) 100vw, 250px\" \/><\/a>El Fin de Semana Diat\u00f3nico, un festival que este a\u00f1o celebra su 18\u00aa edici\u00f3n, vuelve del 17 al 20 de julio, con conciertos en Mont-roig del Camp, Reus, Colldejou y Cambrils. La m\u00fasica tradicional y el acorde\u00f3n diat\u00f3nico ser\u00e1n protagonistas, especialmente en la Ermita de la Mare de D\u00e9u de la Roca y el Peir\u00f3, los d\u00edas 19 y 20 de julio.<\/p>\n<p>El s\u00e1bado 19 de julio, la Ermita de la Mare de D\u00e9u de la Roca ser\u00e1 el escenario de un concierto especial, a las 22 h, con <strong>La Diat\u00f2nica<\/strong>, una representaci\u00f3n de acordeonistas de todo los Pa\u00edses Catalanes que este a\u00f1o celebran su 20 aniversario. A las 22:30 h, seguir\u00e1 la actuaci\u00f3n del reconocido acordeonista finland\u00e9s <strong>Markku Lepist\u00f6<\/strong>, que llevar\u00e1 hasta Mont-roig la riqueza sonora de su pa\u00eds con un estilo refinado e innovador.<\/p>\n<p>Al d\u00eda siguiente, domingo 20 de julio a las 12:30 h, la <strong>Ermita del Peir\u00f3<\/strong> ser\u00e1 el punto de encuentro del concierto vermut con Folk y Mancha, formaci\u00f3n de la Conca de Tremp que ofrecer\u00e1 una propuesta festiva y bailable llena de melod\u00edas populares.<\/p>\n<p>El festival, fundado por el acordeonista Guillem Anguera, sigue combinando m\u00fasica de ra\u00edz con propuestas de todo el mundo, manteniendo la calidad y la proximidad como sello de identidad. Adem\u00e1s de Mont-roig del Camp, el Fin de Semana Diat\u00f3nico har\u00e1 parada en <strong>Reus, Colldejou y Cambrils<\/strong>, con la siguiente programaci\u00f3n:<\/p>\n<ul>\n<li><strong>Jueves 17 de julio<\/strong> (20 h, Plaza de la Patacada \/ Reus):<br \/>\n<em>Magari<\/em> \u2013 Ball Folk del Pirineo<\/li>\n<li><strong>Viernes 18 de julio<\/strong>\u00a0(22:30 h, \u00c0rea de lleure \/ Colldejou):<br \/>\n<em>Carles Belda &amp; Arnau Berenguer<\/em> \u2013 Diat\u00f3nico y guitarra desde el Vall\u00e8s<\/li>\n<li><strong>Domingo 20 de julio<\/strong>\u00a0(20 h, Parc del Pescador \/ Cambrils):<br \/>\n<em>MarduiX<\/em> \u2013 Concierto de canci\u00f3n popular en la Fiesta de la Mare de D\u00e9u del Carme<\/li>\n<\/ul>\n\n\t\t<style type=\"text\/css\">\n\t\t\t#gallery-1 {\n\t\t\t\tmargin: auto;\n\t\t\t}\n\t\t\t#gallery-1 .gallery-item {\n\t\t\t\tfloat: left;\n\t\t\t\tmargin-top: 10px;\n\t\t\t\ttext-align: center;\n\t\t\t\twidth: 33%;\n\t\t\t}\n\t\t\t#gallery-1 img {\n\t\t\t\tborder: 2px solid #cfcfcf;\n\t\t\t}\n\t\t\t#gallery-1 .gallery-caption {\n\t\t\t\tmargin-left: 0;\n\t\t\t}\n\t\t\t\/* see gallery_shortcode() in wp-includes\/media.php *\/\n\t\t<\/style>\n\t\t<div id='gallery-1' class='gallery galleryid-84448 gallery-columns-3 gallery-size-thumbnail'><dl class='gallery-item'>\n\t\t\t<dt class='gallery-icon portrait'>\n\t\t\t\t<a href='https:\/\/mont-roig.cat\/es\/?attachment_id=84441'><img loading=\"lazy\" decoding=\"async\" width=\"50\" height=\"50\" src=\"https:\/\/mont-roig.cat\/wp-content\/uploads\/Diatonic-Mont-roig-50x50.jpeg\" class=\"attachment-thumbnail size-thumbnail\" alt=\"\" srcset=\"https:\/\/mont-roig.cat\/wp-content\/uploads\/Diatonic-Mont-roig-50x50.jpeg 50w, https:\/\/mont-roig.cat\/wp-content\/uploads\/Diatonic-Mont-roig-560x560.jpeg 560w, https:\/\/mont-roig.cat\/wp-content\/uploads\/Diatonic-Mont-roig-367x367.jpeg 367w, https:\/\/mont-roig.cat\/wp-content\/uploads\/Diatonic-Mont-roig-450x450.jpeg 450w, https:\/\/mont-roig.cat\/wp-content\/uploads\/Diatonic-Mont-roig-85x85.jpeg 85w, https:\/\/mont-roig.cat\/wp-content\/uploads\/Diatonic-Mont-roig-45x45.jpeg 45w\" sizes=\"auto, (max-width: 50px) 100vw, 50px\" \/><\/a>\n\t\t\t<\/dt><\/dl><dl class='gallery-item'>\n\t\t\t<dt class='gallery-icon portrait'>\n\t\t\t\t<a href='https:\/\/mont-roig.cat\/es\/?attachment_id=84443'><img loading=\"lazy\" decoding=\"async\" width=\"50\" height=\"50\" src=\"https:\/\/mont-roig.cat\/wp-content\/uploads\/Diatonic-Mont-roig-20-50x50.jpeg\" class=\"attachment-thumbnail size-thumbnail\" alt=\"\" srcset=\"https:\/\/mont-roig.cat\/wp-content\/uploads\/Diatonic-Mont-roig-20-50x50.jpeg 50w, https:\/\/mont-roig.cat\/wp-content\/uploads\/Diatonic-Mont-roig-20-560x560.jpeg 560w, https:\/\/mont-roig.cat\/wp-content\/uploads\/Diatonic-Mont-roig-20-367x367.jpeg 367w, https:\/\/mont-roig.cat\/wp-content\/uploads\/Diatonic-Mont-roig-20-450x450.jpeg 450w, https:\/\/mont-roig.cat\/wp-content\/uploads\/Diatonic-Mont-roig-20-85x85.jpeg 85w, https:\/\/mont-roig.cat\/wp-content\/uploads\/Diatonic-Mont-roig-20-45x45.jpeg 45w\" sizes=\"auto, (max-width: 50px) 100vw, 50px\" \/><\/a>\n\t\t\t<\/dt><\/dl>\n\t\t\t<br style='clear: both' \/>\n\t\t<\/div>\n\n","protected":false},"excerpt":{"rendered":"<p>El Fin de Semana Diat\u00f3nico, un festival que este a\u00f1o celebra su 18\u00aa edici\u00f3n, vuelve del 17 al 20 de julio, con conciertos en Mont-roig del Camp, Reus, Colldejou y Cambrils. La m\u00fasica tradicional y el acorde\u00f3n diat\u00f3nico ser\u00e1n protagonistas, especialmente en la Ermita de la Mare de D\u00e9u de la Roca y el Peir\u00f3, [&hellip;]<\/p>\n","protected":false},"author":13,"featured_media":84439,"comment_status":"closed","ping_status":"closed","sticky":false,"template":"","format":"standard","meta":{"inline_featured_image":false,"_monsterinsights_skip_tracking":false,"_monsterinsights_sitenote_active":false,"_monsterinsights_sitenote_note":"","_monsterinsights_sitenote_category":0,"footnotes":""},"categories":[98,101,105],"tags":[],"class_list":["post-84448","post","type-post","status-publish","format-standard","has-post-thumbnail","hentry","category-ayuntamiento","category-cultura-es","category-fiestas"],"yoast_head":"<!-- This site is optimized with the Yoast SEO plugin v27.4 - https:\/\/yoast.com\/product\/yoast-seo-wordpress\/ -->\n<title>Mont-roig del Camp vuelve a acoger el Fin de Semana Diat\u00f3nico con conciertos en la Ermita de la Mare de D\u00e9u de la Roca y el Peir\u00f3 - Ajuntament de Mont-roig del Camp<\/title>\n<meta name=\"robots\" content=\"index, follow, max-snippet:-1, max-image-preview:large, max-video-preview:-1\" \/>\n<link rel=\"canonical\" href=\"https:\/\/mont-roig.cat\/es\/actualitat\/noticies\/mont-roig-del-camp-vuelve-a-acoger-el-fin-de-semana-diatonico-con-conciertos-en-la-ermita-de-la-mare-de-deu-de-la-roca-y-el-peiro\/\" \/>\n<meta property=\"og:locale\" content=\"es_ES\" \/>\n<meta property=\"og:type\" content=\"article\" \/>\n<meta property=\"og:title\" content=\"Mont-roig del Camp vuelve a acoger el Fin de Semana Diat\u00f3nico con conciertos en la Ermita de la Mare de D\u00e9u de la Roca y el Peir\u00f3 - Ajuntament de Mont-roig del Camp\" \/>\n<meta property=\"og:description\" content=\"El Fin de Semana Diat\u00f3nico, un festival que este a\u00f1o celebra su 18\u00aa edici\u00f3n, vuelve del 17 al 20 de julio, con conciertos en Mont-roig del Camp, Reus, Colldejou y Cambrils. La m\u00fasica tradicional y el acorde\u00f3n diat\u00f3nico ser\u00e1n protagonistas, especialmente en la Ermita de la Mare de D\u00e9u de la Roca y el Peir\u00f3, [&hellip;]\" \/>\n<meta property=\"og:url\" content=\"https:\/\/mont-roig.cat\/es\/actualitat\/noticies\/mont-roig-del-camp-vuelve-a-acoger-el-fin-de-semana-diatonico-con-conciertos-en-la-ermita-de-la-mare-de-deu-de-la-roca-y-el-peiro\/\" \/>\n<meta property=\"og:site_name\" content=\"Ajuntament de Mont-roig del Camp\" \/>\n<meta property=\"article:published_time\" content=\"2025-07-04T10:45:39+00:00\" \/>\n<meta property=\"og:image\" content=\"https:\/\/mont-roig.cat\/wp-content\/uploads\/WhatsApp-Image-2025-07-04-at-11.43.40.jpeg\" \/>\n\t<meta property=\"og:image:width\" content=\"975\" \/>\n\t<meta property=\"og:image:height\" content=\"1359\" \/>\n\t<meta property=\"og:image:type\" content=\"image\/jpeg\" \/>\n<meta name=\"author\" content=\"comunicacio\" \/>\n<meta name=\"twitter:card\" content=\"summary_large_image\" \/>\n<meta name=\"twitter:label1\" content=\"Escrito por\" \/>\n\t<meta name=\"twitter:data1\" content=\"comunicacio\" \/>\n\t<meta name=\"twitter:label2\" content=\"Tiempo de lectura\" \/>\n\t<meta name=\"twitter:data2\" content=\"3 minutos\" \/>\n<script type=\"application\/ld+json\" class=\"yoast-schema-graph\">{\"@context\":\"https:\\\/\\\/schema.org\",\"@graph\":[{\"@type\":\"Article\",\"@id\":\"https:\\\/\\\/mont-roig.cat\\\/es\\\/actualitat\\\/noticies\\\/mont-roig-del-camp-vuelve-a-acoger-el-fin-de-semana-diatonico-con-conciertos-en-la-ermita-de-la-mare-de-deu-de-la-roca-y-el-peiro\\\/#article\",\"isPartOf\":{\"@id\":\"https:\\\/\\\/mont-roig.cat\\\/es\\\/actualitat\\\/noticies\\\/mont-roig-del-camp-vuelve-a-acoger-el-fin-de-semana-diatonico-con-conciertos-en-la-ermita-de-la-mare-de-deu-de-la-roca-y-el-peiro\\\/\"},\"author\":{\"name\":\"comunicacio\",\"@id\":\"https:\\\/\\\/mont-roig.cat\\\/es\\\/#\\\/schema\\\/person\\\/1f73e7b5e6f9dd122e8a6f14f310ac5e\"},\"headline\":\"Mont-roig del Camp vuelve a acoger el Fin de Semana Diat\u00f3nico con conciertos en la Ermita de la Mare de D\u00e9u de la Roca y el Peir\u00f3\",\"datePublished\":\"2025-07-04T10:45:39+00:00\",\"mainEntityOfPage\":{\"@id\":\"https:\\\/\\\/mont-roig.cat\\\/es\\\/actualitat\\\/noticies\\\/mont-roig-del-camp-vuelve-a-acoger-el-fin-de-semana-diatonico-con-conciertos-en-la-ermita-de-la-mare-de-deu-de-la-roca-y-el-peiro\\\/\"},\"wordCount\":336,\"image\":{\"@id\":\"https:\\\/\\\/mont-roig.cat\\\/es\\\/actualitat\\\/noticies\\\/mont-roig-del-camp-vuelve-a-acoger-el-fin-de-semana-diatonico-con-conciertos-en-la-ermita-de-la-mare-de-deu-de-la-roca-y-el-peiro\\\/#primaryimage\"},\"thumbnailUrl\":\"https:\\\/\\\/mont-roig.cat\\\/wp-content\\\/uploads\\\/WhatsApp-Image-2025-07-04-at-11.43.40.jpeg\",\"articleSection\":[\"Ayuntamiento\",\"Cultura\",\"Festes\"],\"inLanguage\":\"es\"},{\"@type\":\"WebPage\",\"@id\":\"https:\\\/\\\/mont-roig.cat\\\/es\\\/actualitat\\\/noticies\\\/mont-roig-del-camp-vuelve-a-acoger-el-fin-de-semana-diatonico-con-conciertos-en-la-ermita-de-la-mare-de-deu-de-la-roca-y-el-peiro\\\/\",\"url\":\"https:\\\/\\\/mont-roig.cat\\\/es\\\/actualitat\\\/noticies\\\/mont-roig-del-camp-vuelve-a-acoger-el-fin-de-semana-diatonico-con-conciertos-en-la-ermita-de-la-mare-de-deu-de-la-roca-y-el-peiro\\\/\",\"name\":\"Mont-roig del Camp vuelve a acoger el Fin de Semana Diat\u00f3nico con conciertos en la Ermita de la Mare de D\u00e9u de la Roca y el Peir\u00f3 - Ajuntament de Mont-roig del Camp\",\"isPartOf\":{\"@id\":\"https:\\\/\\\/mont-roig.cat\\\/es\\\/#website\"},\"primaryImageOfPage\":{\"@id\":\"https:\\\/\\\/mont-roig.cat\\\/es\\\/actualitat\\\/noticies\\\/mont-roig-del-camp-vuelve-a-acoger-el-fin-de-semana-diatonico-con-conciertos-en-la-ermita-de-la-mare-de-deu-de-la-roca-y-el-peiro\\\/#primaryimage\"},\"image\":{\"@id\":\"https:\\\/\\\/mont-roig.cat\\\/es\\\/actualitat\\\/noticies\\\/mont-roig-del-camp-vuelve-a-acoger-el-fin-de-semana-diatonico-con-conciertos-en-la-ermita-de-la-mare-de-deu-de-la-roca-y-el-peiro\\\/#primaryimage\"},\"thumbnailUrl\":\"https:\\\/\\\/mont-roig.cat\\\/wp-content\\\/uploads\\\/WhatsApp-Image-2025-07-04-at-11.43.40.jpeg\",\"datePublished\":\"2025-07-04T10:45:39+00:00\",\"author\":{\"@id\":\"https:\\\/\\\/mont-roig.cat\\\/es\\\/#\\\/schema\\\/person\\\/1f73e7b5e6f9dd122e8a6f14f310ac5e\"},\"breadcrumb\":{\"@id\":\"https:\\\/\\\/mont-roig.cat\\\/es\\\/actualitat\\\/noticies\\\/mont-roig-del-camp-vuelve-a-acoger-el-fin-de-semana-diatonico-con-conciertos-en-la-ermita-de-la-mare-de-deu-de-la-roca-y-el-peiro\\\/#breadcrumb\"},\"inLanguage\":\"es\",\"potentialAction\":[{\"@type\":\"ReadAction\",\"target\":[\"https:\\\/\\\/mont-roig.cat\\\/es\\\/actualitat\\\/noticies\\\/mont-roig-del-camp-vuelve-a-acoger-el-fin-de-semana-diatonico-con-conciertos-en-la-ermita-de-la-mare-de-deu-de-la-roca-y-el-peiro\\\/\"]}]},{\"@type\":\"ImageObject\",\"inLanguage\":\"es\",\"@id\":\"https:\\\/\\\/mont-roig.cat\\\/es\\\/actualitat\\\/noticies\\\/mont-roig-del-camp-vuelve-a-acoger-el-fin-de-semana-diatonico-con-conciertos-en-la-ermita-de-la-mare-de-deu-de-la-roca-y-el-peiro\\\/#primaryimage\",\"url\":\"https:\\\/\\\/mont-roig.cat\\\/wp-content\\\/uploads\\\/WhatsApp-Image-2025-07-04-at-11.43.40.jpeg\",\"contentUrl\":\"https:\\\/\\\/mont-roig.cat\\\/wp-content\\\/uploads\\\/WhatsApp-Image-2025-07-04-at-11.43.40.jpeg\",\"width\":975,\"height\":1359},{\"@type\":\"BreadcrumbList\",\"@id\":\"https:\\\/\\\/mont-roig.cat\\\/es\\\/actualitat\\\/noticies\\\/mont-roig-del-camp-vuelve-a-acoger-el-fin-de-semana-diatonico-con-conciertos-en-la-ermita-de-la-mare-de-deu-de-la-roca-y-el-peiro\\\/#breadcrumb\",\"itemListElement\":[{\"@type\":\"ListItem\",\"position\":1,\"name\":\"Inici\",\"item\":\"https:\\\/\\\/mont-roig.cat\\\/es\\\/pagina-de-inicio\\\/\"},{\"@type\":\"ListItem\",\"position\":2,\"name\":\"Mont-roig del Camp vuelve a acoger el Fin de Semana Diat\u00f3nico con conciertos en la Ermita de la Mare de D\u00e9u de la Roca y el Peir\u00f3\"}]},{\"@type\":\"WebSite\",\"@id\":\"https:\\\/\\\/mont-roig.cat\\\/es\\\/#website\",\"url\":\"https:\\\/\\\/mont-roig.cat\\\/es\\\/\",\"name\":\"Ajuntament de Mont-roig del Camp\",\"description\":\"Tota la informaci\u00f3 sobre la instituci\u00f3, els seus \u00f2rgans de govern, actualitat, serveis i molt m\u00e9s.\",\"potentialAction\":[{\"@type\":\"SearchAction\",\"target\":{\"@type\":\"EntryPoint\",\"urlTemplate\":\"https:\\\/\\\/mont-roig.cat\\\/es\\\/?s={search_term_string}\"},\"query-input\":{\"@type\":\"PropertyValueSpecification\",\"valueRequired\":true,\"valueName\":\"search_term_string\"}}],\"inLanguage\":\"es\"},{\"@type\":\"Person\",\"@id\":\"https:\\\/\\\/mont-roig.cat\\\/es\\\/#\\\/schema\\\/person\\\/1f73e7b5e6f9dd122e8a6f14f310ac5e\",\"name\":\"comunicacio\",\"image\":{\"@type\":\"ImageObject\",\"inLanguage\":\"es\",\"@id\":\"https:\\\/\\\/secure.gravatar.com\\\/avatar\\\/98944333e7a877670a64f8d10f0cb680ab2c9ebc4efc43945ef004b52b5ad28c?s=96&d=mm&r=g\",\"url\":\"https:\\\/\\\/secure.gravatar.com\\\/avatar\\\/98944333e7a877670a64f8d10f0cb680ab2c9ebc4efc43945ef004b52b5ad28c?s=96&d=mm&r=g\",\"contentUrl\":\"https:\\\/\\\/secure.gravatar.com\\\/avatar\\\/98944333e7a877670a64f8d10f0cb680ab2c9ebc4efc43945ef004b52b5ad28c?s=96&d=mm&r=g\",\"caption\":\"comunicacio\"},\"url\":\"https:\\\/\\\/mont-roig.cat\\\/es\\\/actualitat\\\/noticies\\\/author\\\/comunicacio\\\/\"}]}<\/script>\n<!-- \/ Yoast SEO plugin. -->","yoast_head_json":{"title":"Mont-roig del Camp vuelve a acoger el Fin de Semana Diat\u00f3nico con conciertos en la Ermita de la Mare de D\u00e9u de la Roca y el Peir\u00f3 - Ajuntament de Mont-roig del Camp","robots":{"index":"index","follow":"follow","max-snippet":"max-snippet:-1","max-image-preview":"max-image-preview:large","max-video-preview":"max-video-preview:-1"},"canonical":"https:\/\/mont-roig.cat\/es\/actualitat\/noticies\/mont-roig-del-camp-vuelve-a-acoger-el-fin-de-semana-diatonico-con-conciertos-en-la-ermita-de-la-mare-de-deu-de-la-roca-y-el-peiro\/","og_locale":"es_ES","og_type":"article","og_title":"Mont-roig del Camp vuelve a acoger el Fin de Semana Diat\u00f3nico con conciertos en la Ermita de la Mare de D\u00e9u de la Roca y el Peir\u00f3 - Ajuntament de Mont-roig del Camp","og_description":"El Fin de Semana Diat\u00f3nico, un festival que este a\u00f1o celebra su 18\u00aa edici\u00f3n, vuelve del 17 al 20 de julio, con conciertos en Mont-roig del Camp, Reus, Colldejou y Cambrils. La m\u00fasica tradicional y el acorde\u00f3n diat\u00f3nico ser\u00e1n protagonistas, especialmente en la Ermita de la Mare de D\u00e9u de la Roca y el Peir\u00f3, [&hellip;]","og_url":"https:\/\/mont-roig.cat\/es\/actualitat\/noticies\/mont-roig-del-camp-vuelve-a-acoger-el-fin-de-semana-diatonico-con-conciertos-en-la-ermita-de-la-mare-de-deu-de-la-roca-y-el-peiro\/","og_site_name":"Ajuntament de Mont-roig del Camp","article_published_time":"2025-07-04T10:45:39+00:00","og_image":[{"width":975,"height":1359,"url":"https:\/\/mont-roig.cat\/wp-content\/uploads\/WhatsApp-Image-2025-07-04-at-11.43.40.jpeg","type":"image\/jpeg"}],"author":"comunicacio","twitter_card":"summary_large_image","twitter_misc":{"Escrito por":"comunicacio","Tiempo de lectura":"3 minutos"},"schema":{"@context":"https:\/\/schema.org","@graph":[{"@type":"Article","@id":"https:\/\/mont-roig.cat\/es\/actualitat\/noticies\/mont-roig-del-camp-vuelve-a-acoger-el-fin-de-semana-diatonico-con-conciertos-en-la-ermita-de-la-mare-de-deu-de-la-roca-y-el-peiro\/#article","isPartOf":{"@id":"https:\/\/mont-roig.cat\/es\/actualitat\/noticies\/mont-roig-del-camp-vuelve-a-acoger-el-fin-de-semana-diatonico-con-conciertos-en-la-ermita-de-la-mare-de-deu-de-la-roca-y-el-peiro\/"},"author":{"name":"comunicacio","@id":"https:\/\/mont-roig.cat\/es\/#\/schema\/person\/1f73e7b5e6f9dd122e8a6f14f310ac5e"},"headline":"Mont-roig del Camp vuelve a acoger el Fin de Semana Diat\u00f3nico con conciertos en la Ermita de la Mare de D\u00e9u de la Roca y el Peir\u00f3","datePublished":"2025-07-04T10:45:39+00:00","mainEntityOfPage":{"@id":"https:\/\/mont-roig.cat\/es\/actualitat\/noticies\/mont-roig-del-camp-vuelve-a-acoger-el-fin-de-semana-diatonico-con-conciertos-en-la-ermita-de-la-mare-de-deu-de-la-roca-y-el-peiro\/"},"wordCount":336,"image":{"@id":"https:\/\/mont-roig.cat\/es\/actualitat\/noticies\/mont-roig-del-camp-vuelve-a-acoger-el-fin-de-semana-diatonico-con-conciertos-en-la-ermita-de-la-mare-de-deu-de-la-roca-y-el-peiro\/#primaryimage"},"thumbnailUrl":"https:\/\/mont-roig.cat\/wp-content\/uploads\/WhatsApp-Image-2025-07-04-at-11.43.40.jpeg","articleSection":["Ayuntamiento","Cultura","Festes"],"inLanguage":"es"},{"@type":"WebPage","@id":"https:\/\/mont-roig.cat\/es\/actualitat\/noticies\/mont-roig-del-camp-vuelve-a-acoger-el-fin-de-semana-diatonico-con-conciertos-en-la-ermita-de-la-mare-de-deu-de-la-roca-y-el-peiro\/","url":"https:\/\/mont-roig.cat\/es\/actualitat\/noticies\/mont-roig-del-camp-vuelve-a-acoger-el-fin-de-semana-diatonico-con-conciertos-en-la-ermita-de-la-mare-de-deu-de-la-roca-y-el-peiro\/","name":"Mont-roig del Camp vuelve a acoger el Fin de Semana Diat\u00f3nico con conciertos en la Ermita de la Mare de D\u00e9u de la Roca y el Peir\u00f3 - Ajuntament de Mont-roig del Camp","isPartOf":{"@id":"https:\/\/mont-roig.cat\/es\/#website"},"primaryImageOfPage":{"@id":"https:\/\/mont-roig.cat\/es\/actualitat\/noticies\/mont-roig-del-camp-vuelve-a-acoger-el-fin-de-semana-diatonico-con-conciertos-en-la-ermita-de-la-mare-de-deu-de-la-roca-y-el-peiro\/#primaryimage"},"image":{"@id":"https:\/\/mont-roig.cat\/es\/actualitat\/noticies\/mont-roig-del-camp-vuelve-a-acoger-el-fin-de-semana-diatonico-con-conciertos-en-la-ermita-de-la-mare-de-deu-de-la-roca-y-el-peiro\/#primaryimage"},"thumbnailUrl":"https:\/\/mont-roig.cat\/wp-content\/uploads\/WhatsApp-Image-2025-07-04-at-11.43.40.jpeg","datePublished":"2025-07-04T10:45:39+00:00","author":{"@id":"https:\/\/mont-roig.cat\/es\/#\/schema\/person\/1f73e7b5e6f9dd122e8a6f14f310ac5e"},"breadcrumb":{"@id":"https:\/\/mont-roig.cat\/es\/actualitat\/noticies\/mont-roig-del-camp-vuelve-a-acoger-el-fin-de-semana-diatonico-con-conciertos-en-la-ermita-de-la-mare-de-deu-de-la-roca-y-el-peiro\/#breadcrumb"},"inLanguage":"es","potentialAction":[{"@type":"ReadAction","target":["https:\/\/mont-roig.cat\/es\/actualitat\/noticies\/mont-roig-del-camp-vuelve-a-acoger-el-fin-de-semana-diatonico-con-conciertos-en-la-ermita-de-la-mare-de-deu-de-la-roca-y-el-peiro\/"]}]},{"@type":"ImageObject","inLanguage":"es","@id":"https:\/\/mont-roig.cat\/es\/actualitat\/noticies\/mont-roig-del-camp-vuelve-a-acoger-el-fin-de-semana-diatonico-con-conciertos-en-la-ermita-de-la-mare-de-deu-de-la-roca-y-el-peiro\/#primaryimage","url":"https:\/\/mont-roig.cat\/wp-content\/uploads\/WhatsApp-Image-2025-07-04-at-11.43.40.jpeg","contentUrl":"https:\/\/mont-roig.cat\/wp-content\/uploads\/WhatsApp-Image-2025-07-04-at-11.43.40.jpeg","width":975,"height":1359},{"@type":"BreadcrumbList","@id":"https:\/\/mont-roig.cat\/es\/actualitat\/noticies\/mont-roig-del-camp-vuelve-a-acoger-el-fin-de-semana-diatonico-con-conciertos-en-la-ermita-de-la-mare-de-deu-de-la-roca-y-el-peiro\/#breadcrumb","itemListElement":[{"@type":"ListItem","position":1,"name":"Inici","item":"https:\/\/mont-roig.cat\/es\/pagina-de-inicio\/"},{"@type":"ListItem","position":2,"name":"Mont-roig del Camp vuelve a acoger el Fin de Semana Diat\u00f3nico con conciertos en la Ermita de la Mare de D\u00e9u de la Roca y el Peir\u00f3"}]},{"@type":"WebSite","@id":"https:\/\/mont-roig.cat\/es\/#website","url":"https:\/\/mont-roig.cat\/es\/","name":"Ajuntament de Mont-roig del Camp","description":"Tota la informaci\u00f3 sobre la instituci\u00f3, els seus \u00f2rgans de govern, actualitat, serveis i molt m\u00e9s.","potentialAction":[{"@type":"SearchAction","target":{"@type":"EntryPoint","urlTemplate":"https:\/\/mont-roig.cat\/es\/?s={search_term_string}"},"query-input":{"@type":"PropertyValueSpecification","valueRequired":true,"valueName":"search_term_string"}}],"inLanguage":"es"},{"@type":"Person","@id":"https:\/\/mont-roig.cat\/es\/#\/schema\/person\/1f73e7b5e6f9dd122e8a6f14f310ac5e","name":"comunicacio","image":{"@type":"ImageObject","inLanguage":"es","@id":"https:\/\/secure.gravatar.com\/avatar\/98944333e7a877670a64f8d10f0cb680ab2c9ebc4efc43945ef004b52b5ad28c?s=96&d=mm&r=g","url":"https:\/\/secure.gravatar.com\/avatar\/98944333e7a877670a64f8d10f0cb680ab2c9ebc4efc43945ef004b52b5ad28c?s=96&d=mm&r=g","contentUrl":"https:\/\/secure.gravatar.com\/avatar\/98944333e7a877670a64f8d10f0cb680ab2c9ebc4efc43945ef004b52b5ad28c?s=96&d=mm&r=g","caption":"comunicacio"},"url":"https:\/\/mont-roig.cat\/es\/actualitat\/noticies\/author\/comunicacio\/"}]}},"_links":{"self":[{"href":"https:\/\/mont-roig.cat\/es\/wp-json\/wp\/v2\/posts\/84448","targetHints":{"allow":["GET"]}}],"collection":[{"href":"https:\/\/mont-roig.cat\/es\/wp-json\/wp\/v2\/posts"}],"about":[{"href":"https:\/\/mont-roig.cat\/es\/wp-json\/wp\/v2\/types\/post"}],"author":[{"embeddable":true,"href":"https:\/\/mont-roig.cat\/es\/wp-json\/wp\/v2\/users\/13"}],"replies":[{"embeddable":true,"href":"https:\/\/mont-roig.cat\/es\/wp-json\/wp\/v2\/comments?post=84448"}],"version-history":[{"count":1,"href":"https:\/\/mont-roig.cat\/es\/wp-json\/wp\/v2\/posts\/84448\/revisions"}],"predecessor-version":[{"id":84449,"href":"https:\/\/mont-roig.cat\/es\/wp-json\/wp\/v2\/posts\/84448\/revisions\/84449"}],"wp:featuredmedia":[{"embeddable":true,"href":"https:\/\/mont-roig.cat\/es\/wp-json\/wp\/v2\/media\/84439"}],"wp:attachment":[{"href":"https:\/\/mont-roig.cat\/es\/wp-json\/wp\/v2\/media?parent=84448"}],"wp:term":[{"taxonomy":"category","embeddable":true,"href":"https:\/\/mont-roig.cat\/es\/wp-json\/wp\/v2\/categories?post=84448"},{"taxonomy":"post_tag","embeddable":true,"href":"https:\/\/mont-roig.cat\/es\/wp-json\/wp\/v2\/tags?post=84448"}],"curies":[{"name":"wp","href":"https:\/\/api.w.org\/{rel}","templated":true}]}}